{"id":45921,"date":"2021-10-04T12:15:04","date_gmt":"2021-10-04T12:15:04","guid":{"rendered":"https:\/\/elregionalvm.com.ar\/noticias-villa-maria\/?p=45921"},"modified":"2021-10-04T12:18:01","modified_gmt":"2021-10-04T12:18:01","slug":"conmocion-en-silvio-pellico-policia-mato-a-su-pareja-y-se-suicido","status":"publish","type":"post","link":"https:\/\/elregionalvm.com.ar\/noticias-villa-maria\/conmocion-en-silvio-pellico-policia-mato-a-su-pareja-y-se-suicido\/","title":{"rendered":"Conmoci\u00f3n en Silvio Pellico: polic\u00eda mat\u00f3 a su pareja y se suicid\u00f3"},"content":{"rendered":"\n<p>Un hecho sobresale entre las novedades policiales y tiene que ver con la regi\u00f3n. En la madrugada de este lunes, a las 03:00 aproximadamente, personal policial del destacamento Silvio Pellico se constituy\u00f3 en calle Intendente N\u00e9stor Conrero s\/n\u00b0 y cuando entraron a la vivienda, en el comedor de la misma encontraron el cuerpo sin vida de un efectivo policial y junto a \u00e9l su arma reglamentaria.<\/p>\n\n\n\n<p>El efectivo, ostentaba la jerarqu\u00eda de Sargento Primero, un hombre de 35 a\u00f1os, que prestaba servicio en la comisar\u00eda de La Playosa. En el mismo lugar, tambi\u00e9n estaba el cuerpo sin vida de su pareja una mujer de 34 a\u00f1os de edad.<\/p>\n\n\n\n<p>Por tal motivo, se solicit\u00f3 la presencia de la se\u00f1ora fiscal de turno Dra. Silvia Maldonado con su secretario, personal de polic\u00eda cient\u00edfica y superioridad policial de la Departamental San Mart\u00edn.<\/p>\n","protected":false},"excerpt":{"rendered":"<p>Un hecho sobresale entre las novedades policiales y tiene que ver con la regi\u00f3n. En la madrugada de este lunes, a las 03:00 aproximadamente, personal policial del destacamento Silvio Pellico se constituy\u00f3 en calle Intendente N\u00e9stor Conrero s\/n\u00b0 y cuando entraron a la vivienda, en el comedor de la misma encontraron el cuerpo sin vida [&hellip;]<\/p>\n","protected":false},"author":4,"featured_media":23967,"comment_status":"open","ping_status":"open","sticky":false,"template":"","format":"standard","meta":{"site-sidebar-layout":"default","site-content-layout":"default","ast-site-content-layout":"default","site-content-style":"default","site-sidebar-style":"default","ast-global-header-display":"","ast-banner-title-visibility":"","ast-main-header-display":"","ast-hfb-above-header-display":"","ast-hfb-below-header-display":"","ast-hfb-mobile-header-display":"","site-post-title":"","ast-breadcrumbs-content":"","ast-featured-img":"","footer-sml-layout":"","ast-disable-related-posts":"","theme-transparent-header-meta":"default","adv-header-id-meta":"","stick-header-meta":"","header-above-stick-meta":"","header-main-stick-meta":"","header-below-stick-meta":"","astra-migrate-meta-layouts":"default","ast-page-background-enabled":"default","ast-page-background-meta":{"desktop":{"background-color":"","background-image":"","background-repeat":"repeat","background-position":"center center","background-size":"auto","background-attachment":"scroll","background-type":"","background-media":"","overlay-type":"","overlay-color":"","overlay-opacity":"","overlay-gradient":""},"tablet":{"background-color":"","background-image":"","background-repeat":"repeat","background-position":"center center","background-size":"auto","background-attachment":"scroll","background-type":"","background-media":"","overlay-type":"","overlay-color":"","overlay-opacity":"","overlay-gradient":""},"mobile":{"background-color":"","background-image":"","background-repeat":"repeat","background-position":"center center","background-size":"auto","background-attachment":"scroll","background-type":"","background-media":"","overlay-type":"","overlay-color":"","overlay-opacity":"","overlay-gradient":""}},"ast-content-background-meta":{"desktop":{"background-color":"var(--ast-global-color-5)","background-image":"","background-repeat":"repeat","background-position":"center center","background-size":"auto","background-attachment":"scroll","background-type":"","background-media":"","overlay-type":"","overlay-color":"","overlay-opacity":"","overlay-gradient":""},"tablet":{"background-color":"var(--ast-global-color-5)","background-image":"","background-repeat":"repeat","background-position":"center center","background-size":"auto","background-attachment":"scroll","background-type":"","background-media":"","overlay-type":"","overlay-color":"","overlay-opacity":"","overlay-gradient":""},"mobile":{"background-color":"var(--ast-global-color-5)","background-image":"","background-repeat":"repeat","background-position":"center center","background-size":"auto","background-attachment":"scroll","background-type":"","background-media":"","overlay-type":"","overlay-color":"","overlay-opacity":"","overlay-gradient":""}},"_jetpack_memberships_contains_paid_content":false,"_joinchat":[],"footnotes":""},"categories":[2234],"tags":[1232,97,353,741,11111,1056,2642],"class_list":["post-45921","post","type-post","status-publish","format-standard","has-post-thumbnail","hentry","category-policiales","tag-destacado","tag-femicidio","tag-policia","tag-policiales","tag-silvia-maldonado","tag-silvio-pellico","tag-suicidio"],"yoast_head":"<!-- This site is optimized with the Yoast SEO plugin v26.8 - https:\/\/yoast.com\/product\/yoast-seo-wordpress\/ -->\n<title>Conmoci\u00f3n en Silvio Pellico: polic\u00eda mat\u00f3 a su pareja y se suicid\u00f3 - El Regional<\/title>\n<meta name=\"robots\" content=\"index, follow, max-snippet:-1, max-image-preview:large, max-video-preview:-1\" \/>\n<link rel=\"canonical\" href=\"http:\/\/elregionalvm.com.ar\/noticias-villa-maria\/conmocion-en-silvio-pellico-policia-mato-a-su-pareja-y-se-suicido\/\" \/>\n<meta property=\"og:locale\" content=\"es_ES\" \/>\n<meta property=\"og:type\" content=\"article\" \/>\n<meta property=\"og:title\" content=\"Conmoci\u00f3n en Silvio Pellico: polic\u00eda mat\u00f3 a su pareja y se suicid\u00f3 - El Regional\" \/>\n<meta property=\"og:description\" content=\"Un hecho sobresale entre las novedades policiales y tiene que ver con la regi\u00f3n. En la madrugada de este lunes, a las 03:00 aproximadamente, personal policial del destacamento Silvio Pellico se constituy\u00f3 en calle Intendente N\u00e9stor Conrero s\/n\u00b0 y cuando entraron a la vivienda, en el comedor de la misma encontraron el cuerpo sin vida [&hellip;]\" \/>\n<meta property=\"og:url\" content=\"http:\/\/elregionalvm.com.ar\/noticias-villa-maria\/conmocion-en-silvio-pellico-policia-mato-a-su-pareja-y-se-suicido\/\" \/>\n<meta property=\"og:site_name\" content=\"El Regional\" \/>\n<meta property=\"article:publisher\" content=\"https:\/\/www.facebook.com\/elregionalvm\" \/>\n<meta property=\"article:published_time\" content=\"2021-10-04T12:15:04+00:00\" \/>\n<meta property=\"article:modified_time\" content=\"2021-10-04T12:18:01+00:00\" \/>\n<meta property=\"og:image\" content=\"http:\/\/elregionalvm.com.ar\/noticias-villa-maria\/wp-content\/uploads\/2020\/09\/patrullero-policial.jpg\" \/>\n\t<meta property=\"og:image:width\" content=\"1024\" \/>\n\t<meta property=\"og:image:height\" content=\"680\" \/>\n\t<meta property=\"og:image:type\" content=\"image\/jpeg\" \/>\n<meta name=\"author\" content=\"Contenidos El Regional\" \/>\n<meta name=\"twitter:card\" content=\"summary_large_image\" \/>\n<meta name=\"twitter:creator\" content=\"@elregionalvm1\" \/>\n<meta name=\"twitter:site\" content=\"@elregionalvm1\" \/>\n<meta name=\"twitter:label1\" content=\"Escrito por\" \/>\n\t<meta name=\"twitter:data1\" content=\"Contenidos El Regional\" \/>\n\t<meta name=\"twitter:label2\" content=\"Tiempo de lectura\" \/>\n\t<meta name=\"twitter:data2\" content=\"1 minuto\" \/>\n<script type=\"application\/ld+json\" class=\"yoast-schema-graph\">{\"@context\":\"https:\/\/schema.org\",\"@graph\":[{\"@type\":\"Article\",\"@id\":\"http:\/\/elregionalvm.com.ar\/noticias-villa-maria\/conmocion-en-silvio-pellico-policia-mato-a-su-pareja-y-se-suicido\/#article\",\"isPartOf\":{\"@id\":\"http:\/\/elregionalvm.com.ar\/noticias-villa-maria\/conmocion-en-silvio-pellico-policia-mato-a-su-pareja-y-se-suicido\/\"},\"author\":{\"name\":\"Contenidos El Regional\",\"@id\":\"http:\/\/elregionalvm.com.ar\/noticias-villa-maria\/#\/schema\/person\/a0fb9c422317faca23d50163151bc354\"},\"headline\":\"Conmoci\u00f3n en Silvio Pellico: polic\u00eda mat\u00f3 a su pareja y se suicid\u00f3\",\"datePublished\":\"2021-10-04T12:15:04+00:00\",\"dateModified\":\"2021-10-04T12:18:01+00:00\",\"mainEntityOfPage\":{\"@id\":\"http:\/\/elregionalvm.com.ar\/noticias-villa-maria\/conmocion-en-silvio-pellico-policia-mato-a-su-pareja-y-se-suicido\/\"},\"wordCount\":162,\"commentCount\":0,\"image\":{\"@id\":\"http:\/\/elregionalvm.com.ar\/noticias-villa-maria\/conmocion-en-silvio-pellico-policia-mato-a-su-pareja-y-se-suicido\/#primaryimage\"},\"thumbnailUrl\":\"https:\/\/i0.wp.com\/elregionalvm.com.ar\/noticias-villa-maria\/wp-content\/uploads\/2020\/09\/patrullero-policial.jpg?fit=1024%2C680&ssl=1\",\"keywords\":[\"destacado\",\"femicidio\",\"polic\u00eda\",\"Policiales\",\"Silvia Maldonado\",\"Silvio Pellico\",\"Suicidio\"],\"articleSection\":[\"Policiales\"],\"inLanguage\":\"es\",\"potentialAction\":[{\"@type\":\"CommentAction\",\"name\":\"Comment\",\"target\":[\"http:\/\/elregionalvm.com.ar\/noticias-villa-maria\/conmocion-en-silvio-pellico-policia-mato-a-su-pareja-y-se-suicido\/#respond\"]}]},{\"@type\":\"WebPage\",\"@id\":\"http:\/\/elregionalvm.com.ar\/noticias-villa-maria\/conmocion-en-silvio-pellico-policia-mato-a-su-pareja-y-se-suicido\/\",\"url\":\"http:\/\/elregionalvm.com.ar\/noticias-villa-maria\/conmocion-en-silvio-pellico-policia-mato-a-su-pareja-y-se-suicido\/\",\"name\":\"Conmoci\u00f3n en Silvio Pellico: polic\u00eda mat\u00f3 a su pareja y se suicid\u00f3 - El Regional\",\"isPartOf\":{\"@id\":\"http:\/\/elregionalvm.com.ar\/noticias-villa-maria\/#website\"},\"primaryImageOfPage\":{\"@id\":\"http:\/\/elregionalvm.com.ar\/noticias-villa-maria\/conmocion-en-silvio-pellico-policia-mato-a-su-pareja-y-se-suicido\/#primaryimage\"},\"image\":{\"@id\":\"http:\/\/elregionalvm.com.ar\/noticias-villa-maria\/conmocion-en-silvio-pellico-policia-mato-a-su-pareja-y-se-suicido\/#primaryimage\"},\"thumbnailUrl\":\"https:\/\/i0.wp.com\/elregionalvm.com.ar\/noticias-villa-maria\/wp-content\/uploads\/2020\/09\/patrullero-policial.jpg?fit=1024%2C680&ssl=1\",\"datePublished\":\"2021-10-04T12:15:04+00:00\",\"dateModified\":\"2021-10-04T12:18:01+00:00\",\"author\":{\"@id\":\"http:\/\/elregionalvm.com.ar\/noticias-villa-maria\/#\/schema\/person\/a0fb9c422317faca23d50163151bc354\"},\"breadcrumb\":{\"@id\":\"http:\/\/elregionalvm.com.ar\/noticias-villa-maria\/conmocion-en-silvio-pellico-policia-mato-a-su-pareja-y-se-suicido\/#breadcrumb\"},\"inLanguage\":\"es\",\"potentialAction\":[{\"@type\":\"ReadAction\",\"target\":[\"http:\/\/elregionalvm.com.ar\/noticias-villa-maria\/conmocion-en-silvio-pellico-policia-mato-a-su-pareja-y-se-suicido\/\"]}]},{\"@type\":\"ImageObject\",\"inLanguage\":\"es\",\"@id\":\"http:\/\/elregionalvm.com.ar\/noticias-villa-maria\/conmocion-en-silvio-pellico-policia-mato-a-su-pareja-y-se-suicido\/#primaryimage\",\"url\":\"https:\/\/i0.wp.com\/elregionalvm.com.ar\/noticias-villa-maria\/wp-content\/uploads\/2020\/09\/patrullero-policial.jpg?fit=1024%2C680&ssl=1\",\"contentUrl\":\"https:\/\/i0.wp.com\/elregionalvm.com.ar\/noticias-villa-maria\/wp-content\/uploads\/2020\/09\/patrullero-policial.jpg?fit=1024%2C680&ssl=1\",\"width\":1024,\"height\":680},{\"@type\":\"BreadcrumbList\",\"@id\":\"http:\/\/elregionalvm.com.ar\/noticias-villa-maria\/conmocion-en-silvio-pellico-policia-mato-a-su-pareja-y-se-suicido\/#breadcrumb\",\"itemListElement\":[{\"@type\":\"ListItem\",\"position\":1,\"name\":\"Portada\",\"item\":\"https:\/\/elregionalvm.com.ar\/noticias-villa-maria\/\"},{\"@type\":\"ListItem\",\"position\":2,\"name\":\"Conmoci\u00f3n en Silvio Pellico: polic\u00eda mat\u00f3 a su pareja y se suicid\u00f3\"}]},{\"@type\":\"WebSite\",\"@id\":\"http:\/\/elregionalvm.com.ar\/noticias-villa-maria\/#website\",\"url\":\"http:\/\/elregionalvm.com.ar\/noticias-villa-maria\/\",\"name\":\"El Regional\",\"description\":\"Mucho m\u00e1s que informaci\u00f3n\",\"potentialAction\":[{\"@type\":\"SearchAction\",\"target\":{\"@type\":\"EntryPoint\",\"urlTemplate\":\"http:\/\/elregionalvm.com.ar\/noticias-villa-maria\/?s={search_term_string}\"},\"query-input\":{\"@type\":\"PropertyValueSpecification\",\"valueRequired\":true,\"valueName\":\"search_term_string\"}}],\"inLanguage\":\"es\"},{\"@type\":\"Person\",\"@id\":\"http:\/\/elregionalvm.com.ar\/noticias-villa-maria\/#\/schema\/person\/a0fb9c422317faca23d50163151bc354\",\"name\":\"Contenidos El Regional\",\"image\":{\"@type\":\"ImageObject\",\"inLanguage\":\"es\",\"@id\":\"http:\/\/elregionalvm.com.ar\/noticias-villa-maria\/#\/schema\/person\/image\/\",\"url\":\"https:\/\/secure.gravatar.com\/avatar\/265b27cb2209af7bb3a1318f03305787d7981a5cc6e6cd08fe5a4ecdf99d4b48?s=96&d=mm&r=g\",\"contentUrl\":\"https:\/\/secure.gravatar.com\/avatar\/265b27cb2209af7bb3a1318f03305787d7981a5cc6e6cd08fe5a4ecdf99d4b48?s=96&d=mm&r=g\",\"caption\":\"Contenidos El Regional\"},\"url\":\"https:\/\/elregionalvm.com.ar\/noticias-villa-maria\/author\/contenido\/\"}]}<\/script>\n<!-- \/ Yoast SEO plugin. -->","yoast_head_json":{"title":"Conmoci\u00f3n en Silvio Pellico: polic\u00eda mat\u00f3 a su pareja y se suicid\u00f3 - El Regional","robots":{"index":"index","follow":"follow","max-snippet":"max-snippet:-1","max-image-preview":"max-image-preview:large","max-video-preview":"max-video-preview:-1"},"canonical":"http:\/\/elregionalvm.com.ar\/noticias-villa-maria\/conmocion-en-silvio-pellico-policia-mato-a-su-pareja-y-se-suicido\/","og_locale":"es_ES","og_type":"article","og_title":"Conmoci\u00f3n en Silvio Pellico: polic\u00eda mat\u00f3 a su pareja y se suicid\u00f3 - El Regional","og_description":"Un hecho sobresale entre las novedades policiales y tiene que ver con la regi\u00f3n. En la madrugada de este lunes, a las 03:00 aproximadamente, personal policial del destacamento Silvio Pellico se constituy\u00f3 en calle Intendente N\u00e9stor Conrero s\/n\u00b0 y cuando entraron a la vivienda, en el comedor de la misma encontraron el cuerpo sin vida [&hellip;]","og_url":"http:\/\/elregionalvm.com.ar\/noticias-villa-maria\/conmocion-en-silvio-pellico-policia-mato-a-su-pareja-y-se-suicido\/","og_site_name":"El Regional","article_publisher":"https:\/\/www.facebook.com\/elregionalvm","article_published_time":"2021-10-04T12:15:04+00:00","article_modified_time":"2021-10-04T12:18:01+00:00","og_image":[{"width":1024,"height":680,"url":"http:\/\/elregionalvm.com.ar\/noticias-villa-maria\/wp-content\/uploads\/2020\/09\/patrullero-policial.jpg","type":"image\/jpeg"}],"author":"Contenidos El Regional","twitter_card":"summary_large_image","twitter_creator":"@elregionalvm1","twitter_site":"@elregionalvm1","twitter_misc":{"Escrito por":"Contenidos El Regional","Tiempo de lectura":"1 minuto"},"schema":{"@context":"https:\/\/schema.org","@graph":[{"@type":"Article","@id":"http:\/\/elregionalvm.com.ar\/noticias-villa-maria\/conmocion-en-silvio-pellico-policia-mato-a-su-pareja-y-se-suicido\/#article","isPartOf":{"@id":"http:\/\/elregionalvm.com.ar\/noticias-villa-maria\/conmocion-en-silvio-pellico-policia-mato-a-su-pareja-y-se-suicido\/"},"author":{"name":"Contenidos El Regional","@id":"http:\/\/elregionalvm.com.ar\/noticias-villa-maria\/#\/schema\/person\/a0fb9c422317faca23d50163151bc354"},"headline":"Conmoci\u00f3n en Silvio Pellico: polic\u00eda mat\u00f3 a su pareja y se suicid\u00f3","datePublished":"2021-10-04T12:15:04+00:00","dateModified":"2021-10-04T12:18:01+00:00","mainEntityOfPage":{"@id":"http:\/\/elregionalvm.com.ar\/noticias-villa-maria\/conmocion-en-silvio-pellico-policia-mato-a-su-pareja-y-se-suicido\/"},"wordCount":162,"commentCount":0,"image":{"@id":"http:\/\/elregionalvm.com.ar\/noticias-villa-maria\/conmocion-en-silvio-pellico-policia-mato-a-su-pareja-y-se-suicido\/#primaryimage"},"thumbnailUrl":"https:\/\/i0.wp.com\/elregionalvm.com.ar\/noticias-villa-maria\/wp-content\/uploads\/2020\/09\/patrullero-policial.jpg?fit=1024%2C680&ssl=1","keywords":["destacado","femicidio","polic\u00eda","Policiales","Silvia Maldonado","Silvio Pellico","Suicidio"],"articleSection":["Policiales"],"inLanguage":"es","potentialAction":[{"@type":"CommentAction","name":"Comment","target":["http:\/\/elregionalvm.com.ar\/noticias-villa-maria\/conmocion-en-silvio-pellico-policia-mato-a-su-pareja-y-se-suicido\/#respond"]}]},{"@type":"WebPage","@id":"http:\/\/elregionalvm.com.ar\/noticias-villa-maria\/conmocion-en-silvio-pellico-policia-mato-a-su-pareja-y-se-suicido\/","url":"http:\/\/elregionalvm.com.ar\/noticias-villa-maria\/conmocion-en-silvio-pellico-policia-mato-a-su-pareja-y-se-suicido\/","name":"Conmoci\u00f3n en Silvio Pellico: polic\u00eda mat\u00f3 a su pareja y se suicid\u00f3 - El Regional","isPartOf":{"@id":"http:\/\/elregionalvm.com.ar\/noticias-villa-maria\/#website"},"primaryImageOfPage":{"@id":"http:\/\/elregionalvm.com.ar\/noticias-villa-maria\/conmocion-en-silvio-pellico-policia-mato-a-su-pareja-y-se-suicido\/#primaryimage"},"image":{"@id":"http:\/\/elregionalvm.com.ar\/noticias-villa-maria\/conmocion-en-silvio-pellico-policia-mato-a-su-pareja-y-se-suicido\/#primaryimage"},"thumbnailUrl":"https:\/\/i0.wp.com\/elregionalvm.com.ar\/noticias-villa-maria\/wp-content\/uploads\/2020\/09\/patrullero-policial.jpg?fit=1024%2C680&ssl=1","datePublished":"2021-10-04T12:15:04+00:00","dateModified":"2021-10-04T12:18:01+00:00","author":{"@id":"http:\/\/elregionalvm.com.ar\/noticias-villa-maria\/#\/schema\/person\/a0fb9c422317faca23d50163151bc354"},"breadcrumb":{"@id":"http:\/\/elregionalvm.com.ar\/noticias-villa-maria\/conmocion-en-silvio-pellico-policia-mato-a-su-pareja-y-se-suicido\/#breadcrumb"},"inLanguage":"es","potentialAction":[{"@type":"ReadAction","target":["http:\/\/elregionalvm.com.ar\/noticias-villa-maria\/conmocion-en-silvio-pellico-policia-mato-a-su-pareja-y-se-suicido\/"]}]},{"@type":"ImageObject","inLanguage":"es","@id":"http:\/\/elregionalvm.com.ar\/noticias-villa-maria\/conmocion-en-silvio-pellico-policia-mato-a-su-pareja-y-se-suicido\/#primaryimage","url":"https:\/\/i0.wp.com\/elregionalvm.com.ar\/noticias-villa-maria\/wp-content\/uploads\/2020\/09\/patrullero-policial.jpg?fit=1024%2C680&ssl=1","contentUrl":"https:\/\/i0.wp.com\/elregionalvm.com.ar\/noticias-villa-maria\/wp-content\/uploads\/2020\/09\/patrullero-policial.jpg?fit=1024%2C680&ssl=1","width":1024,"height":680},{"@type":"BreadcrumbList","@id":"http:\/\/elregionalvm.com.ar\/noticias-villa-maria\/conmocion-en-silvio-pellico-policia-mato-a-su-pareja-y-se-suicido\/#breadcrumb","itemListElement":[{"@type":"ListItem","position":1,"name":"Portada","item":"https:\/\/elregionalvm.com.ar\/noticias-villa-maria\/"},{"@type":"ListItem","position":2,"name":"Conmoci\u00f3n en Silvio Pellico: polic\u00eda mat\u00f3 a su pareja y se suicid\u00f3"}]},{"@type":"WebSite","@id":"http:\/\/elregionalvm.com.ar\/noticias-villa-maria\/#website","url":"http:\/\/elregionalvm.com.ar\/noticias-villa-maria\/","name":"El Regional","description":"Mucho m\u00e1s que informaci\u00f3n","potentialAction":[{"@type":"SearchAction","target":{"@type":"EntryPoint","urlTemplate":"http:\/\/elregionalvm.com.ar\/noticias-villa-maria\/?s={search_term_string}"},"query-input":{"@type":"PropertyValueSpecification","valueRequired":true,"valueName":"search_term_string"}}],"inLanguage":"es"},{"@type":"Person","@id":"http:\/\/elregionalvm.com.ar\/noticias-villa-maria\/#\/schema\/person\/a0fb9c422317faca23d50163151bc354","name":"Contenidos El Regional","image":{"@type":"ImageObject","inLanguage":"es","@id":"http:\/\/elregionalvm.com.ar\/noticias-villa-maria\/#\/schema\/person\/image\/","url":"https:\/\/secure.gravatar.com\/avatar\/265b27cb2209af7bb3a1318f03305787d7981a5cc6e6cd08fe5a4ecdf99d4b48?s=96&d=mm&r=g","contentUrl":"https:\/\/secure.gravatar.com\/avatar\/265b27cb2209af7bb3a1318f03305787d7981a5cc6e6cd08fe5a4ecdf99d4b48?s=96&d=mm&r=g","caption":"Contenidos El Regional"},"url":"https:\/\/elregionalvm.com.ar\/noticias-villa-maria\/author\/contenido\/"}]}},"jetpack_featured_media_url":"https:\/\/i0.wp.com\/elregionalvm.com.ar\/noticias-villa-maria\/wp-content\/uploads\/2020\/09\/patrullero-policial.jpg?fit=1024%2C680&ssl=1","jetpack_sharing_enabled":true,"_links":{"self":[{"href":"https:\/\/elregionalvm.com.ar\/noticias-villa-maria\/wp-json\/wp\/v2\/posts\/45921","targetHints":{"allow":["GET"]}}],"collection":[{"href":"https:\/\/elregionalvm.com.ar\/noticias-villa-maria\/wp-json\/wp\/v2\/posts"}],"about":[{"href":"https:\/\/elregionalvm.com.ar\/noticias-villa-maria\/wp-json\/wp\/v2\/types\/post"}],"author":[{"embeddable":true,"href":"https:\/\/elregionalvm.com.ar\/noticias-villa-maria\/wp-json\/wp\/v2\/users\/4"}],"replies":[{"embeddable":true,"href":"https:\/\/elregionalvm.com.ar\/noticias-villa-maria\/wp-json\/wp\/v2\/comments?post=45921"}],"version-history":[{"count":1,"href":"https:\/\/elregionalvm.com.ar\/noticias-villa-maria\/wp-json\/wp\/v2\/posts\/45921\/revisions"}],"predecessor-version":[{"id":45922,"href":"https:\/\/elregionalvm.com.ar\/noticias-villa-maria\/wp-json\/wp\/v2\/posts\/45921\/revisions\/45922"}],"wp:featuredmedia":[{"embeddable":true,"href":"https:\/\/elregionalvm.com.ar\/noticias-villa-maria\/wp-json\/wp\/v2\/media\/23967"}],"wp:attachment":[{"href":"https:\/\/elregionalvm.com.ar\/noticias-villa-maria\/wp-json\/wp\/v2\/media?parent=45921"}],"wp:term":[{"taxonomy":"category","embeddable":true,"href":"https:\/\/elregionalvm.com.ar\/noticias-villa-maria\/wp-json\/wp\/v2\/categories?post=45921"},{"taxonomy":"post_tag","embeddable":true,"href":"https:\/\/elregionalvm.com.ar\/noticias-villa-maria\/wp-json\/wp\/v2\/tags?post=45921"}],"curies":[{"name":"wp","href":"https:\/\/api.w.org\/{rel}","templated":true}]}}