{"id":45923,"date":"2021-10-04T13:55:12","date_gmt":"2021-10-04T13:55:12","guid":{"rendered":"https:\/\/elregionalvm.com.ar\/noticias-villa-maria\/?p=45923"},"modified":"2021-10-04T13:55:15","modified_gmt":"2021-10-04T13:55:15","slug":"terrible-choque-en-villa-nueva-gravisimas-lesiones-para-un-padre-y-su-hijito","status":"publish","type":"post","link":"https:\/\/elregionalvm.com.ar\/noticias-villa-maria\/terrible-choque-en-villa-nueva-gravisimas-lesiones-para-un-padre-y-su-hijito\/","title":{"rendered":"Terrible choque en Villa Nueva: grav\u00edsimas lesiones para un padre y su hijito"},"content":{"rendered":"\n<p>Esta ma\u00f1ana, a las 6:30, personal policial de Villa Nueva, acudi\u00f3 a la Ruta Provincial N\u00b0 2, a 100 metros de la Av. Pichona, por motivos que se establecer\u00e1n, un Fiat 128, de color rojo, conducido por un joven de 23 a\u00f1os, choc\u00f3 violentamente contra un \u00e1rbol de la banquina derecha, cuando iba de sentido oeste a este, acompa\u00f1ado por su hijo de 4 a\u00f1os.<\/p>\n\n\n\n<p>Ambos debieron ser trasladados al Hospital Pasteur por la Unidad 107 de Villa Nueva. Desde el Hospital, los facultativos reportaron que el hombre tiene lesiones graves con su vida en riesgo, ya que presenta un traumatismo de cr\u00e1neo grave, con p\u00e9rdida de conocimiento y est\u00e1 con asistencia respiratoria mec\u00e1nica y una lesi\u00f3n de abdomen cerrado con lesi\u00f3n en el ri\u00f1\u00f3n derecho. El peque\u00f1o result\u00f3 con sus dos piernas fracturadas, a la altura de los f\u00e9mures.<\/p>\n\n\n\n<figure class=\"wp-block-gallery columns-2 is-cropped wp-block-gallery-1 is-layout-flex wp-block-gallery-is-layout-flex\"><ul class=\"blocks-gallery-grid\"><li class=\"blocks-gallery-item\"><figure><img data-recalc-dims=\"1\" fetchpriority=\"high\" decoding=\"async\" width=\"1024\" height=\"461\" src=\"https:\/\/i0.wp.com\/elregionalvm.com.ar\/noticias-villa-maria\/wp-content\/uploads\/2021\/10\/WhatsApp-Image-2021-10-04-at-10.18.47.jpeg?resize=1024%2C461&#038;ssl=1\" alt=\"\" data-id=\"45925\" data-full-url=\"https:\/\/elregionalvm.com.ar\/noticias-villa-maria\/wp-content\/uploads\/2021\/10\/WhatsApp-Image-2021-10-04-at-10.18.47.jpeg\" data-link=\"https:\/\/elregionalvm.com.ar\/noticias-villa-maria\/?attachment_id=45925\" class=\"wp-image-45925\" srcset=\"https:\/\/i0.wp.com\/elregionalvm.com.ar\/noticias-villa-maria\/wp-content\/uploads\/2021\/10\/WhatsApp-Image-2021-10-04-at-10.18.47.jpeg?resize=1024%2C461&amp;ssl=1 1024w, https:\/\/i0.wp.com\/elregionalvm.com.ar\/noticias-villa-maria\/wp-content\/uploads\/2021\/10\/WhatsApp-Image-2021-10-04-at-10.18.47.jpeg?resize=300%2C135&amp;ssl=1 300w, https:\/\/i0.wp.com\/elregionalvm.com.ar\/noticias-villa-maria\/wp-content\/uploads\/2021\/10\/WhatsApp-Image-2021-10-04-at-10.18.47.jpeg?resize=768%2C346&amp;ssl=1 768w, https:\/\/i0.wp.com\/elregionalvm.com.ar\/noticias-villa-maria\/wp-content\/uploads\/2021\/10\/WhatsApp-Image-2021-10-04-at-10.18.47.jpeg?resize=1536%2C691&amp;ssl=1 1536w, https:\/\/i0.wp.com\/elregionalvm.com.ar\/noticias-villa-maria\/wp-content\/uploads\/2021\/10\/WhatsApp-Image-2021-10-04-at-10.18.47.jpeg?w=1600&amp;ssl=1 1600w\" sizes=\"(max-width: 1000px) 100vw, 1000px\" \/><\/figure><\/li><li class=\"blocks-gallery-item\"><figure><img data-recalc-dims=\"1\" decoding=\"async\" width=\"1024\" height=\"461\" src=\"https:\/\/i0.wp.com\/elregionalvm.com.ar\/noticias-villa-maria\/wp-content\/uploads\/2021\/10\/WhatsApp-Image-2021-10-04-at-10.18.46-1.jpeg?resize=1024%2C461&#038;ssl=1\" alt=\"\" data-id=\"45926\" data-full-url=\"https:\/\/elregionalvm.com.ar\/noticias-villa-maria\/wp-content\/uploads\/2021\/10\/WhatsApp-Image-2021-10-04-at-10.18.46-1.jpeg\" data-link=\"https:\/\/elregionalvm.com.ar\/noticias-villa-maria\/?attachment_id=45926\" class=\"wp-image-45926\" srcset=\"https:\/\/i0.wp.com\/elregionalvm.com.ar\/noticias-villa-maria\/wp-content\/uploads\/2021\/10\/WhatsApp-Image-2021-10-04-at-10.18.46-1.jpeg?resize=1024%2C461&amp;ssl=1 1024w, https:\/\/i0.wp.com\/elregionalvm.com.ar\/noticias-villa-maria\/wp-content\/uploads\/2021\/10\/WhatsApp-Image-2021-10-04-at-10.18.46-1.jpeg?resize=300%2C135&amp;ssl=1 300w, https:\/\/i0.wp.com\/elregionalvm.com.ar\/noticias-villa-maria\/wp-content\/uploads\/2021\/10\/WhatsApp-Image-2021-10-04-at-10.18.46-1.jpeg?resize=768%2C346&amp;ssl=1 768w, https:\/\/i0.wp.com\/elregionalvm.com.ar\/noticias-villa-maria\/wp-content\/uploads\/2021\/10\/WhatsApp-Image-2021-10-04-at-10.18.46-1.jpeg?resize=1536%2C691&amp;ssl=1 1536w, https:\/\/i0.wp.com\/elregionalvm.com.ar\/noticias-villa-maria\/wp-content\/uploads\/2021\/10\/WhatsApp-Image-2021-10-04-at-10.18.46-1.jpeg?w=1600&amp;ssl=1 1600w\" sizes=\"(max-width: 1000px) 100vw, 1000px\" \/><\/figure><\/li><\/ul><\/figure>\n","protected":false},"excerpt":{"rendered":"<p>Esta ma\u00f1ana, a las 6:30, personal policial de Villa Nueva, acudi\u00f3 a la Ruta Provincial N\u00b0 2, a 100 metros de la Av. Pichona, por motivos que se establecer\u00e1n, un Fiat 128, de color rojo, conducido por un joven de 23 a\u00f1os, choc\u00f3 violentamente contra un \u00e1rbol de la banquina derecha, cuando iba de sentido [&hellip;]<\/p>\n","protected":false},"author":4,"featured_media":45924,"comment_status":"open","ping_status":"open","sticky":false,"template":"","format":"standard","meta":{"site-sidebar-layout":"default","site-content-layout":"default","ast-site-content-layout":"default","site-content-style":"default","site-sidebar-style":"default","ast-global-header-display":"","ast-banner-title-visibility":"","ast-main-header-display":"","ast-hfb-above-header-display":"","ast-hfb-below-header-display":"","ast-hfb-mobile-header-display":"","site-post-title":"","ast-breadcrumbs-content":"","ast-featured-img":"","footer-sml-layout":"","ast-disable-related-posts":"","theme-transparent-header-meta":"default","adv-header-id-meta":"","stick-header-meta":"","header-above-stick-meta":"","header-main-stick-meta":"","header-below-stick-meta":"","astra-migrate-meta-layouts":"default","ast-page-background-enabled":"default","ast-page-background-meta":{"desktop":{"background-color":"","background-image":"","background-repeat":"repeat","background-position":"center center","background-size":"auto","background-attachment":"scroll","background-type":"","background-media":"","overlay-type":"","overlay-color":"","overlay-opacity":"","overlay-gradient":""},"tablet":{"background-color":"","background-image":"","background-repeat":"repeat","background-position":"center center","background-size":"auto","background-attachment":"scroll","background-type":"","background-media":"","overlay-type":"","overlay-color":"","overlay-opacity":"","overlay-gradient":""},"mobile":{"background-color":"","background-image":"","background-repeat":"repeat","background-position":"center center","background-size":"auto","background-attachment":"scroll","background-type":"","background-media":"","overlay-type":"","overlay-color":"","overlay-opacity":"","overlay-gradient":""}},"ast-content-background-meta":{"desktop":{"background-color":"var(--ast-global-color-5)","background-image":"","background-repeat":"repeat","background-position":"center center","background-size":"auto","background-attachment":"scroll","background-type":"","background-media":"","overlay-type":"","overlay-color":"","overlay-opacity":"","overlay-gradient":""},"tablet":{"background-color":"var(--ast-global-color-5)","background-image":"","background-repeat":"repeat","background-position":"center center","background-size":"auto","background-attachment":"scroll","background-type":"","background-media":"","overlay-type":"","overlay-color":"","overlay-opacity":"","overlay-gradient":""},"mobile":{"background-color":"var(--ast-global-color-5)","background-image":"","background-repeat":"repeat","background-position":"center center","background-size":"auto","background-attachment":"scroll","background-type":"","background-media":"","overlay-type":"","overlay-color":"","overlay-opacity":"","overlay-gradient":""}},"_jetpack_memberships_contains_paid_content":false,"_joinchat":[],"footnotes":""},"categories":[1408],"tags":[11460,1232,11461,11462,11463,232],"class_list":["post-45923","post","type-post","status-publish","format-standard","has-post-thumbnail","hentry","category-villa-nueva","tag-accidente-grave","tag-destacado","tag-fiat-128","tag-padre-e-hijo","tag-riesgo-de-vida","tag-villa-nueva"],"yoast_head":"<!-- This site is optimized with the Yoast SEO plugin v26.8 - https:\/\/yoast.com\/product\/yoast-seo-wordpress\/ -->\n<title>Terrible choque en Villa Nueva: grav\u00edsimas lesiones para un padre y su hijito - El Regional<\/title>\n<meta name=\"robots\" content=\"index, follow, max-snippet:-1, max-image-preview:large, max-video-preview:-1\" \/>\n<link rel=\"canonical\" href=\"http:\/\/elregionalvm.com.ar\/noticias-villa-maria\/terrible-choque-en-villa-nueva-gravisimas-lesiones-para-un-padre-y-su-hijito\/\" \/>\n<meta property=\"og:locale\" content=\"es_ES\" \/>\n<meta property=\"og:type\" content=\"article\" \/>\n<meta property=\"og:title\" content=\"Terrible choque en Villa Nueva: grav\u00edsimas lesiones para un padre y su hijito - El Regional\" \/>\n<meta property=\"og:description\" content=\"Esta ma\u00f1ana, a las 6:30, personal policial de Villa Nueva, acudi\u00f3 a la Ruta Provincial N\u00b0 2, a 100 metros de la Av. Pichona, por motivos que se establecer\u00e1n, un Fiat 128, de color rojo, conducido por un joven de 23 a\u00f1os, choc\u00f3 violentamente contra un \u00e1rbol de la banquina derecha, cuando iba de sentido [&hellip;]\" \/>\n<meta property=\"og:url\" content=\"http:\/\/elregionalvm.com.ar\/noticias-villa-maria\/terrible-choque-en-villa-nueva-gravisimas-lesiones-para-un-padre-y-su-hijito\/\" \/>\n<meta property=\"og:site_name\" content=\"El Regional\" \/>\n<meta property=\"article:publisher\" content=\"https:\/\/www.facebook.com\/elregionalvm\" \/>\n<meta property=\"article:published_time\" content=\"2021-10-04T13:55:12+00:00\" \/>\n<meta property=\"article:modified_time\" content=\"2021-10-04T13:55:15+00:00\" \/>\n<meta property=\"og:image\" content=\"http:\/\/elregionalvm.com.ar\/noticias-villa-maria\/wp-content\/uploads\/2021\/10\/WhatsApp-Image-2021-10-04-at-10.18.46.jpeg\" \/>\n\t<meta property=\"og:image:width\" content=\"1015\" \/>\n\t<meta property=\"og:image:height\" content=\"462\" \/>\n\t<meta property=\"og:image:type\" content=\"image\/jpeg\" \/>\n<meta name=\"author\" content=\"Contenidos El Regional\" \/>\n<meta name=\"twitter:card\" content=\"summary_large_image\" \/>\n<meta name=\"twitter:creator\" content=\"@elregionalvm1\" \/>\n<meta name=\"twitter:site\" content=\"@elregionalvm1\" \/>\n<meta name=\"twitter:label1\" content=\"Escrito por\" \/>\n\t<meta name=\"twitter:data1\" content=\"Contenidos El Regional\" \/>\n\t<meta name=\"twitter:label2\" content=\"Tiempo de lectura\" \/>\n\t<meta name=\"twitter:data2\" content=\"2 minutos\" \/>\n<script type=\"application\/ld+json\" class=\"yoast-schema-graph\">{\"@context\":\"https:\/\/schema.org\",\"@graph\":[{\"@type\":\"Article\",\"@id\":\"http:\/\/elregionalvm.com.ar\/noticias-villa-maria\/terrible-choque-en-villa-nueva-gravisimas-lesiones-para-un-padre-y-su-hijito\/#article\",\"isPartOf\":{\"@id\":\"http:\/\/elregionalvm.com.ar\/noticias-villa-maria\/terrible-choque-en-villa-nueva-gravisimas-lesiones-para-un-padre-y-su-hijito\/\"},\"author\":{\"name\":\"Contenidos El Regional\",\"@id\":\"http:\/\/elregionalvm.com.ar\/noticias-villa-maria\/#\/schema\/person\/a0fb9c422317faca23d50163151bc354\"},\"headline\":\"Terrible choque en Villa Nueva: grav\u00edsimas lesiones para un padre y su hijito\",\"datePublished\":\"2021-10-04T13:55:12+00:00\",\"dateModified\":\"2021-10-04T13:55:15+00:00\",\"mainEntityOfPage\":{\"@id\":\"http:\/\/elregionalvm.com.ar\/noticias-villa-maria\/terrible-choque-en-villa-nueva-gravisimas-lesiones-para-un-padre-y-su-hijito\/\"},\"wordCount\":160,\"commentCount\":0,\"image\":{\"@id\":\"http:\/\/elregionalvm.com.ar\/noticias-villa-maria\/terrible-choque-en-villa-nueva-gravisimas-lesiones-para-un-padre-y-su-hijito\/#primaryimage\"},\"thumbnailUrl\":\"https:\/\/i0.wp.com\/elregionalvm.com.ar\/noticias-villa-maria\/wp-content\/uploads\/2021\/10\/WhatsApp-Image-2021-10-04-at-10.18.46.jpeg?fit=1015%2C462&ssl=1\",\"keywords\":[\"accidente grave\",\"destacado\",\"Fiat 128\",\"padre e hijo\",\"riesgo de vida\",\"VILLA NUEVA\"],\"articleSection\":[\"Villa Nueva\"],\"inLanguage\":\"es\",\"potentialAction\":[{\"@type\":\"CommentAction\",\"name\":\"Comment\",\"target\":[\"http:\/\/elregionalvm.com.ar\/noticias-villa-maria\/terrible-choque-en-villa-nueva-gravisimas-lesiones-para-un-padre-y-su-hijito\/#respond\"]}]},{\"@type\":\"WebPage\",\"@id\":\"http:\/\/elregionalvm.com.ar\/noticias-villa-maria\/terrible-choque-en-villa-nueva-gravisimas-lesiones-para-un-padre-y-su-hijito\/\",\"url\":\"http:\/\/elregionalvm.com.ar\/noticias-villa-maria\/terrible-choque-en-villa-nueva-gravisimas-lesiones-para-un-padre-y-su-hijito\/\",\"name\":\"Terrible choque en Villa Nueva: grav\u00edsimas lesiones para un padre y su hijito - El Regional\",\"isPartOf\":{\"@id\":\"http:\/\/elregionalvm.com.ar\/noticias-villa-maria\/#website\"},\"primaryImageOfPage\":{\"@id\":\"http:\/\/elregionalvm.com.ar\/noticias-villa-maria\/terrible-choque-en-villa-nueva-gravisimas-lesiones-para-un-padre-y-su-hijito\/#primaryimage\"},\"image\":{\"@id\":\"http:\/\/elregionalvm.com.ar\/noticias-villa-maria\/terrible-choque-en-villa-nueva-gravisimas-lesiones-para-un-padre-y-su-hijito\/#primaryimage\"},\"thumbnailUrl\":\"https:\/\/i0.wp.com\/elregionalvm.com.ar\/noticias-villa-maria\/wp-content\/uploads\/2021\/10\/WhatsApp-Image-2021-10-04-at-10.18.46.jpeg?fit=1015%2C462&ssl=1\",\"datePublished\":\"2021-10-04T13:55:12+00:00\",\"dateModified\":\"2021-10-04T13:55:15+00:00\",\"author\":{\"@id\":\"http:\/\/elregionalvm.com.ar\/noticias-villa-maria\/#\/schema\/person\/a0fb9c422317faca23d50163151bc354\"},\"breadcrumb\":{\"@id\":\"http:\/\/elregionalvm.com.ar\/noticias-villa-maria\/terrible-choque-en-villa-nueva-gravisimas-lesiones-para-un-padre-y-su-hijito\/#breadcrumb\"},\"inLanguage\":\"es\",\"potentialAction\":[{\"@type\":\"ReadAction\",\"target\":[\"http:\/\/elregionalvm.com.ar\/noticias-villa-maria\/terrible-choque-en-villa-nueva-gravisimas-lesiones-para-un-padre-y-su-hijito\/\"]}]},{\"@type\":\"ImageObject\",\"inLanguage\":\"es\",\"@id\":\"http:\/\/elregionalvm.com.ar\/noticias-villa-maria\/terrible-choque-en-villa-nueva-gravisimas-lesiones-para-un-padre-y-su-hijito\/#primaryimage\",\"url\":\"https:\/\/i0.wp.com\/elregionalvm.com.ar\/noticias-villa-maria\/wp-content\/uploads\/2021\/10\/WhatsApp-Image-2021-10-04-at-10.18.46.jpeg?fit=1015%2C462&ssl=1\",\"contentUrl\":\"https:\/\/i0.wp.com\/elregionalvm.com.ar\/noticias-villa-maria\/wp-content\/uploads\/2021\/10\/WhatsApp-Image-2021-10-04-at-10.18.46.jpeg?fit=1015%2C462&ssl=1\",\"width\":1015,\"height\":462},{\"@type\":\"BreadcrumbList\",\"@id\":\"http:\/\/elregionalvm.com.ar\/noticias-villa-maria\/terrible-choque-en-villa-nueva-gravisimas-lesiones-para-un-padre-y-su-hijito\/#breadcrumb\",\"itemListElement\":[{\"@type\":\"ListItem\",\"position\":1,\"name\":\"Portada\",\"item\":\"https:\/\/elregionalvm.com.ar\/noticias-villa-maria\/\"},{\"@type\":\"ListItem\",\"position\":2,\"name\":\"Terrible choque en Villa Nueva: grav\u00edsimas lesiones para un padre y su hijito\"}]},{\"@type\":\"WebSite\",\"@id\":\"http:\/\/elregionalvm.com.ar\/noticias-villa-maria\/#website\",\"url\":\"http:\/\/elregionalvm.com.ar\/noticias-villa-maria\/\",\"name\":\"El Regional\",\"description\":\"Mucho m\u00e1s que informaci\u00f3n\",\"potentialAction\":[{\"@type\":\"SearchAction\",\"target\":{\"@type\":\"EntryPoint\",\"urlTemplate\":\"http:\/\/elregionalvm.com.ar\/noticias-villa-maria\/?s={search_term_string}\"},\"query-input\":{\"@type\":\"PropertyValueSpecification\",\"valueRequired\":true,\"valueName\":\"search_term_string\"}}],\"inLanguage\":\"es\"},{\"@type\":\"Person\",\"@id\":\"http:\/\/elregionalvm.com.ar\/noticias-villa-maria\/#\/schema\/person\/a0fb9c422317faca23d50163151bc354\",\"name\":\"Contenidos El Regional\",\"image\":{\"@type\":\"ImageObject\",\"inLanguage\":\"es\",\"@id\":\"http:\/\/elregionalvm.com.ar\/noticias-villa-maria\/#\/schema\/person\/image\/\",\"url\":\"https:\/\/secure.gravatar.com\/avatar\/265b27cb2209af7bb3a1318f03305787d7981a5cc6e6cd08fe5a4ecdf99d4b48?s=96&d=mm&r=g\",\"contentUrl\":\"https:\/\/secure.gravatar.com\/avatar\/265b27cb2209af7bb3a1318f03305787d7981a5cc6e6cd08fe5a4ecdf99d4b48?s=96&d=mm&r=g\",\"caption\":\"Contenidos El Regional\"},\"url\":\"https:\/\/elregionalvm.com.ar\/noticias-villa-maria\/author\/contenido\/\"}]}<\/script>\n<!-- \/ Yoast SEO plugin. -->","yoast_head_json":{"title":"Terrible choque en Villa Nueva: grav\u00edsimas lesiones para un padre y su hijito - El Regional","robots":{"index":"index","follow":"follow","max-snippet":"max-snippet:-1","max-image-preview":"max-image-preview:large","max-video-preview":"max-video-preview:-1"},"canonical":"http:\/\/elregionalvm.com.ar\/noticias-villa-maria\/terrible-choque-en-villa-nueva-gravisimas-lesiones-para-un-padre-y-su-hijito\/","og_locale":"es_ES","og_type":"article","og_title":"Terrible choque en Villa Nueva: grav\u00edsimas lesiones para un padre y su hijito - El Regional","og_description":"Esta ma\u00f1ana, a las 6:30, personal policial de Villa Nueva, acudi\u00f3 a la Ruta Provincial N\u00b0 2, a 100 metros de la Av. Pichona, por motivos que se establecer\u00e1n, un Fiat 128, de color rojo, conducido por un joven de 23 a\u00f1os, choc\u00f3 violentamente contra un \u00e1rbol de la banquina derecha, cuando iba de sentido [&hellip;]","og_url":"http:\/\/elregionalvm.com.ar\/noticias-villa-maria\/terrible-choque-en-villa-nueva-gravisimas-lesiones-para-un-padre-y-su-hijito\/","og_site_name":"El Regional","article_publisher":"https:\/\/www.facebook.com\/elregionalvm","article_published_time":"2021-10-04T13:55:12+00:00","article_modified_time":"2021-10-04T13:55:15+00:00","og_image":[{"width":1015,"height":462,"url":"http:\/\/elregionalvm.com.ar\/noticias-villa-maria\/wp-content\/uploads\/2021\/10\/WhatsApp-Image-2021-10-04-at-10.18.46.jpeg","type":"image\/jpeg"}],"author":"Contenidos El Regional","twitter_card":"summary_large_image","twitter_creator":"@elregionalvm1","twitter_site":"@elregionalvm1","twitter_misc":{"Escrito por":"Contenidos El Regional","Tiempo de lectura":"2 minutos"},"schema":{"@context":"https:\/\/schema.org","@graph":[{"@type":"Article","@id":"http:\/\/elregionalvm.com.ar\/noticias-villa-maria\/terrible-choque-en-villa-nueva-gravisimas-lesiones-para-un-padre-y-su-hijito\/#article","isPartOf":{"@id":"http:\/\/elregionalvm.com.ar\/noticias-villa-maria\/terrible-choque-en-villa-nueva-gravisimas-lesiones-para-un-padre-y-su-hijito\/"},"author":{"name":"Contenidos El Regional","@id":"http:\/\/elregionalvm.com.ar\/noticias-villa-maria\/#\/schema\/person\/a0fb9c422317faca23d50163151bc354"},"headline":"Terrible choque en Villa Nueva: grav\u00edsimas lesiones para un padre y su hijito","datePublished":"2021-10-04T13:55:12+00:00","dateModified":"2021-10-04T13:55:15+00:00","mainEntityOfPage":{"@id":"http:\/\/elregionalvm.com.ar\/noticias-villa-maria\/terrible-choque-en-villa-nueva-gravisimas-lesiones-para-un-padre-y-su-hijito\/"},"wordCount":160,"commentCount":0,"image":{"@id":"http:\/\/elregionalvm.com.ar\/noticias-villa-maria\/terrible-choque-en-villa-nueva-gravisimas-lesiones-para-un-padre-y-su-hijito\/#primaryimage"},"thumbnailUrl":"https:\/\/i0.wp.com\/elregionalvm.com.ar\/noticias-villa-maria\/wp-content\/uploads\/2021\/10\/WhatsApp-Image-2021-10-04-at-10.18.46.jpeg?fit=1015%2C462&ssl=1","keywords":["accidente grave","destacado","Fiat 128","padre e hijo","riesgo de vida","VILLA NUEVA"],"articleSection":["Villa Nueva"],"inLanguage":"es","potentialAction":[{"@type":"CommentAction","name":"Comment","target":["http:\/\/elregionalvm.com.ar\/noticias-villa-maria\/terrible-choque-en-villa-nueva-gravisimas-lesiones-para-un-padre-y-su-hijito\/#respond"]}]},{"@type":"WebPage","@id":"http:\/\/elregionalvm.com.ar\/noticias-villa-maria\/terrible-choque-en-villa-nueva-gravisimas-lesiones-para-un-padre-y-su-hijito\/","url":"http:\/\/elregionalvm.com.ar\/noticias-villa-maria\/terrible-choque-en-villa-nueva-gravisimas-lesiones-para-un-padre-y-su-hijito\/","name":"Terrible choque en Villa Nueva: grav\u00edsimas lesiones para un padre y su hijito - El Regional","isPartOf":{"@id":"http:\/\/elregionalvm.com.ar\/noticias-villa-maria\/#website"},"primaryImageOfPage":{"@id":"http:\/\/elregionalvm.com.ar\/noticias-villa-maria\/terrible-choque-en-villa-nueva-gravisimas-lesiones-para-un-padre-y-su-hijito\/#primaryimage"},"image":{"@id":"http:\/\/elregionalvm.com.ar\/noticias-villa-maria\/terrible-choque-en-villa-nueva-gravisimas-lesiones-para-un-padre-y-su-hijito\/#primaryimage"},"thumbnailUrl":"https:\/\/i0.wp.com\/elregionalvm.com.ar\/noticias-villa-maria\/wp-content\/uploads\/2021\/10\/WhatsApp-Image-2021-10-04-at-10.18.46.jpeg?fit=1015%2C462&ssl=1","datePublished":"2021-10-04T13:55:12+00:00","dateModified":"2021-10-04T13:55:15+00:00","author":{"@id":"http:\/\/elregionalvm.com.ar\/noticias-villa-maria\/#\/schema\/person\/a0fb9c422317faca23d50163151bc354"},"breadcrumb":{"@id":"http:\/\/elregionalvm.com.ar\/noticias-villa-maria\/terrible-choque-en-villa-nueva-gravisimas-lesiones-para-un-padre-y-su-hijito\/#breadcrumb"},"inLanguage":"es","potentialAction":[{"@type":"ReadAction","target":["http:\/\/elregionalvm.com.ar\/noticias-villa-maria\/terrible-choque-en-villa-nueva-gravisimas-lesiones-para-un-padre-y-su-hijito\/"]}]},{"@type":"ImageObject","inLanguage":"es","@id":"http:\/\/elregionalvm.com.ar\/noticias-villa-maria\/terrible-choque-en-villa-nueva-gravisimas-lesiones-para-un-padre-y-su-hijito\/#primaryimage","url":"https:\/\/i0.wp.com\/elregionalvm.com.ar\/noticias-villa-maria\/wp-content\/uploads\/2021\/10\/WhatsApp-Image-2021-10-04-at-10.18.46.jpeg?fit=1015%2C462&ssl=1","contentUrl":"https:\/\/i0.wp.com\/elregionalvm.com.ar\/noticias-villa-maria\/wp-content\/uploads\/2021\/10\/WhatsApp-Image-2021-10-04-at-10.18.46.jpeg?fit=1015%2C462&ssl=1","width":1015,"height":462},{"@type":"BreadcrumbList","@id":"http:\/\/elregionalvm.com.ar\/noticias-villa-maria\/terrible-choque-en-villa-nueva-gravisimas-lesiones-para-un-padre-y-su-hijito\/#breadcrumb","itemListElement":[{"@type":"ListItem","position":1,"name":"Portada","item":"https:\/\/elregionalvm.com.ar\/noticias-villa-maria\/"},{"@type":"ListItem","position":2,"name":"Terrible choque en Villa Nueva: grav\u00edsimas lesiones para un padre y su hijito"}]},{"@type":"WebSite","@id":"http:\/\/elregionalvm.com.ar\/noticias-villa-maria\/#website","url":"http:\/\/elregionalvm.com.ar\/noticias-villa-maria\/","name":"El Regional","description":"Mucho m\u00e1s que informaci\u00f3n","potentialAction":[{"@type":"SearchAction","target":{"@type":"EntryPoint","urlTemplate":"http:\/\/elregionalvm.com.ar\/noticias-villa-maria\/?s={search_term_string}"},"query-input":{"@type":"PropertyValueSpecification","valueRequired":true,"valueName":"search_term_string"}}],"inLanguage":"es"},{"@type":"Person","@id":"http:\/\/elregionalvm.com.ar\/noticias-villa-maria\/#\/schema\/person\/a0fb9c422317faca23d50163151bc354","name":"Contenidos El Regional","image":{"@type":"ImageObject","inLanguage":"es","@id":"http:\/\/elregionalvm.com.ar\/noticias-villa-maria\/#\/schema\/person\/image\/","url":"https:\/\/secure.gravatar.com\/avatar\/265b27cb2209af7bb3a1318f03305787d7981a5cc6e6cd08fe5a4ecdf99d4b48?s=96&d=mm&r=g","contentUrl":"https:\/\/secure.gravatar.com\/avatar\/265b27cb2209af7bb3a1318f03305787d7981a5cc6e6cd08fe5a4ecdf99d4b48?s=96&d=mm&r=g","caption":"Contenidos El Regional"},"url":"https:\/\/elregionalvm.com.ar\/noticias-villa-maria\/author\/contenido\/"}]}},"jetpack_featured_media_url":"https:\/\/i0.wp.com\/elregionalvm.com.ar\/noticias-villa-maria\/wp-content\/uploads\/2021\/10\/WhatsApp-Image-2021-10-04-at-10.18.46.jpeg?fit=1015%2C462&ssl=1","jetpack_sharing_enabled":true,"_links":{"self":[{"href":"https:\/\/elregionalvm.com.ar\/noticias-villa-maria\/wp-json\/wp\/v2\/posts\/45923","targetHints":{"allow":["GET"]}}],"collection":[{"href":"https:\/\/elregionalvm.com.ar\/noticias-villa-maria\/wp-json\/wp\/v2\/posts"}],"about":[{"href":"https:\/\/elregionalvm.com.ar\/noticias-villa-maria\/wp-json\/wp\/v2\/types\/post"}],"author":[{"embeddable":true,"href":"https:\/\/elregionalvm.com.ar\/noticias-villa-maria\/wp-json\/wp\/v2\/users\/4"}],"replies":[{"embeddable":true,"href":"https:\/\/elregionalvm.com.ar\/noticias-villa-maria\/wp-json\/wp\/v2\/comments?post=45923"}],"version-history":[{"count":1,"href":"https:\/\/elregionalvm.com.ar\/noticias-villa-maria\/wp-json\/wp\/v2\/posts\/45923\/revisions"}],"predecessor-version":[{"id":45927,"href":"https:\/\/elregionalvm.com.ar\/noticias-villa-maria\/wp-json\/wp\/v2\/posts\/45923\/revisions\/45927"}],"wp:featuredmedia":[{"embeddable":true,"href":"https:\/\/elregionalvm.com.ar\/noticias-villa-maria\/wp-json\/wp\/v2\/media\/45924"}],"wp:attachment":[{"href":"https:\/\/elregionalvm.com.ar\/noticias-villa-maria\/wp-json\/wp\/v2\/media?parent=45923"}],"wp:term":[{"taxonomy":"category","embeddable":true,"href":"https:\/\/elregionalvm.com.ar\/noticias-villa-maria\/wp-json\/wp\/v2\/categories?post=45923"},{"taxonomy":"post_tag","embeddable":true,"href":"https:\/\/elregionalvm.com.ar\/noticias-villa-maria\/wp-json\/wp\/v2\/tags?post=45923"}],"curies":[{"name":"wp","href":"https:\/\/api.w.org\/{rel}","templated":true}]}}