{"id":45931,"date":"2021-10-04T20:03:15","date_gmt":"2021-10-04T20:03:15","guid":{"rendered":"https:\/\/elregionalvm.com.ar\/noticias-villa-maria\/?p=45931"},"modified":"2021-10-04T20:03:16","modified_gmt":"2021-10-04T20:03:16","slug":"paseo-de-las-provincias-y-feria-de-artesanos-en-villa-nueva","status":"publish","type":"post","link":"https:\/\/elregionalvm.com.ar\/noticias-villa-maria\/paseo-de-las-provincias-y-feria-de-artesanos-en-villa-nueva\/","title":{"rendered":"Paseo de las Provincias y Feria de Artesanos en Villa Nueva"},"content":{"rendered":"\n<p>En el marco de los festejos por el 195 Aniversario de la ciudad, el pr\u00f3ximo jueves se inaugurar\u00e1 el Paseo de las Provincias en el sector de los m\u00e1stiles de la plaza Capit\u00e1n de los Andes.<\/p>\n\n\n\n<p>Villa Nueva est\u00e1 en el centro geogr\u00e1fico de nuestro pa\u00eds y alberga entre su poblaci\u00f3n una gran cantidad de habitantes de otras provincias que han elegido esta tierra para formar sus familias y radicarse. Y que ya son villanovenses por adopci\u00f3n.<\/p>\n\n\n\n<p>En este sentido es que pretende reconocer a estos vecinos.\u00a0 Y adem\u00e1s en virtud de la importancia educativa que tiene para la ciudad contar con un sitio especialmente definido para homenajear a las provincias argentinas, y que adem\u00e1s tenga una finalidad educativa, ya que las escuelas podr\u00e1n trabajar sobre el origen de cada s\u00edmbolo provincial es que se crea este Paseo. De esta manera se le asignar\u00e1 a cada una de las provincias un m\u00e1stil, dejando las restantes para la Bandera Argentina y Villa Nueva.<\/p>\n\n\n\n<p><strong>La Plaza Capit\u00e1n de los Andes recibir\u00e1 la segunda edici\u00f3n de la Feria de Artesanos \u00abPaso de Ferreira\u00bb<\/strong><\/p>\n\n\n\n<p>El pr\u00f3ximo s\u00e1bado 9 de Octubre se llevar\u00e1 a cabo la segunda edici\u00f3n de la Feria de Artesanos \u00abPaso de Ferreira\u00bb que contar\u00e1 adem\u00e1s con espect\u00e1culos y show de artistas locales.&nbsp; Esta actividad organizada en conjunto por la Secretar\u00eda de Relaciones Institucionales del Municipio y la Secretar\u00eda de Cultura y Educaci\u00f3n se enmarca dentro de los festejos por el 195 Aniversario de la ciudad.<\/p>\n\n\n\n<p>M\u00e1s de 40 artesanos estar\u00e1n en la explanada de nuestra plaza ofreciendo a los presentes: productos realizados en madera, hierro, cer\u00e1mica, decoraci\u00f3n, bijouterie, tejido, trabajo en crochet, cactus, suculentas, comidas t\u00edpicas y mucho m\u00e1s.<\/p>\n\n\n\n<p>Las actividades comenzar\u00e1n a partir de las 10:00 hs y se extender\u00e1n hasta pasadas las 21:00 horas.&nbsp; Por la tarde los presentes podr\u00e1n disfrutar de una show musical a cargo de artistas locales y la presencia adem\u00e1s ballet de danzas folcl\u00f3ricas.<\/p>\n\n\n\n<p>Cabe recordar que en su primera edici\u00f3n se presentaron m\u00e1s de 40 artesanos con una nutrida concurrencia de p\u00fablico e importante venta. &nbsp;<\/p>\n\n\n\n<p><strong>Los artesanos que deseen ser parte de la feria pueden comunicarse al 0353-154118205 (hay tiempo hasta el martes 5 del corrientes) \u00a0<\/strong><\/p>\n","protected":false},"excerpt":{"rendered":"<p>En el marco de los festejos por el 195 Aniversario de la ciudad, el pr\u00f3ximo jueves se inaugurar\u00e1 el Paseo de las Provincias en el sector de los m\u00e1stiles de la plaza Capit\u00e1n de los Andes. Villa Nueva est\u00e1 en el centro geogr\u00e1fico de nuestro pa\u00eds y alberga entre su poblaci\u00f3n una gran cantidad de [&hellip;]<\/p>\n","protected":false},"author":4,"featured_media":27409,"comment_status":"open","ping_status":"open","sticky":false,"template":"","format":"standard","meta":{"site-sidebar-layout":"default","site-content-layout":"default","ast-site-content-layout":"default","site-content-style":"default","site-sidebar-style":"default","ast-global-header-display":"","ast-banner-title-visibility":"","ast-main-header-display":"","ast-hfb-above-header-display":"","ast-hfb-below-header-display":"","ast-hfb-mobile-header-display":"","site-post-title":"","ast-breadcrumbs-content":"","ast-featured-img":"","footer-sml-layout":"","ast-disable-related-posts":"","theme-transparent-header-meta":"default","adv-header-id-meta":"","stick-header-meta":"","header-above-stick-meta":"","header-main-stick-meta":"","header-below-stick-meta":"","astra-migrate-meta-layouts":"default","ast-page-background-enabled":"default","ast-page-background-meta":{"desktop":{"background-color":"","background-image":"","background-repeat":"repeat","background-position":"center center","background-size":"auto","background-attachment":"scroll","background-type":"","background-media":"","overlay-type":"","overlay-color":"","overlay-opacity":"","overlay-gradient":""},"tablet":{"background-color":"","background-image":"","background-repeat":"repeat","background-position":"center center","background-size":"auto","background-attachment":"scroll","background-type":"","background-media":"","overlay-type":"","overlay-color":"","overlay-opacity":"","overlay-gradient":""},"mobile":{"background-color":"","background-image":"","background-repeat":"repeat","background-position":"center center","background-size":"auto","background-attachment":"scroll","background-type":"","background-media":"","overlay-type":"","overlay-color":"","overlay-opacity":"","overlay-gradient":""}},"ast-content-background-meta":{"desktop":{"background-color":"var(--ast-global-color-5)","background-image":"","background-repeat":"repeat","background-position":"center center","background-size":"auto","background-attachment":"scroll","background-type":"","background-media":"","overlay-type":"","overlay-color":"","overlay-opacity":"","overlay-gradient":""},"tablet":{"background-color":"var(--ast-global-color-5)","background-image":"","background-repeat":"repeat","background-position":"center center","background-size":"auto","background-attachment":"scroll","background-type":"","background-media":"","overlay-type":"","overlay-color":"","overlay-opacity":"","overlay-gradient":""},"mobile":{"background-color":"var(--ast-global-color-5)","background-image":"","background-repeat":"repeat","background-position":"center center","background-size":"auto","background-attachment":"scroll","background-type":"","background-media":"","overlay-type":"","overlay-color":"","overlay-opacity":"","overlay-gradient":""}},"_jetpack_memberships_contains_paid_content":false,"_joinchat":[],"footnotes":""},"categories":[1],"tags":[1232,11466,11465,232],"class_list":["post-45931","post","type-post","status-publish","format-standard","has-post-thumbnail","hentry","category-sin-categoria","tag-destacado","tag-feria-de-artesanos","tag-paseo-de-las-provincias","tag-villa-nueva"],"yoast_head":"<!-- This site is optimized with the Yoast SEO plugin v26.8 - https:\/\/yoast.com\/product\/yoast-seo-wordpress\/ -->\n<title>Paseo de las Provincias y Feria de Artesanos en Villa Nueva - El Regional<\/title>\n<meta name=\"robots\" content=\"index, follow, max-snippet:-1, max-image-preview:large, max-video-preview:-1\" \/>\n<link rel=\"canonical\" href=\"http:\/\/elregionalvm.com.ar\/noticias-villa-maria\/paseo-de-las-provincias-y-feria-de-artesanos-en-villa-nueva\/\" \/>\n<meta property=\"og:locale\" content=\"es_ES\" \/>\n<meta property=\"og:type\" content=\"article\" \/>\n<meta property=\"og:title\" content=\"Paseo de las Provincias y Feria de Artesanos en Villa Nueva - El Regional\" \/>\n<meta property=\"og:description\" content=\"En el marco de los festejos por el 195 Aniversario de la ciudad, el pr\u00f3ximo jueves se inaugurar\u00e1 el Paseo de las Provincias en el sector de los m\u00e1stiles de la plaza Capit\u00e1n de los Andes. Villa Nueva est\u00e1 en el centro geogr\u00e1fico de nuestro pa\u00eds y alberga entre su poblaci\u00f3n una gran cantidad de [&hellip;]\" \/>\n<meta property=\"og:url\" content=\"http:\/\/elregionalvm.com.ar\/noticias-villa-maria\/paseo-de-las-provincias-y-feria-de-artesanos-en-villa-nueva\/\" \/>\n<meta property=\"og:site_name\" content=\"El Regional\" \/>\n<meta property=\"article:publisher\" content=\"https:\/\/www.facebook.com\/elregionalvm\" \/>\n<meta property=\"article:published_time\" content=\"2021-10-04T20:03:15+00:00\" \/>\n<meta property=\"article:modified_time\" content=\"2021-10-04T20:03:16+00:00\" \/>\n<meta property=\"og:image\" content=\"http:\/\/elregionalvm.com.ar\/noticias-villa-maria\/wp-content\/uploads\/2020\/11\/villa-nueva-cartel.jpg\" \/>\n\t<meta property=\"og:image:width\" content=\"512\" \/>\n\t<meta property=\"og:image:height\" content=\"229\" \/>\n\t<meta property=\"og:image:type\" content=\"image\/jpeg\" \/>\n<meta name=\"author\" content=\"Contenidos El Regional\" \/>\n<meta name=\"twitter:card\" content=\"summary_large_image\" \/>\n<meta name=\"twitter:creator\" content=\"@elregionalvm1\" \/>\n<meta name=\"twitter:site\" content=\"@elregionalvm1\" \/>\n<meta name=\"twitter:label1\" content=\"Escrito por\" \/>\n\t<meta name=\"twitter:data1\" content=\"Contenidos El Regional\" \/>\n\t<meta name=\"twitter:label2\" content=\"Tiempo de lectura\" \/>\n\t<meta name=\"twitter:data2\" content=\"2 minutos\" \/>\n<script type=\"application\/ld+json\" class=\"yoast-schema-graph\">{\"@context\":\"https:\/\/schema.org\",\"@graph\":[{\"@type\":\"Article\",\"@id\":\"http:\/\/elregionalvm.com.ar\/noticias-villa-maria\/paseo-de-las-provincias-y-feria-de-artesanos-en-villa-nueva\/#article\",\"isPartOf\":{\"@id\":\"http:\/\/elregionalvm.com.ar\/noticias-villa-maria\/paseo-de-las-provincias-y-feria-de-artesanos-en-villa-nueva\/\"},\"author\":{\"name\":\"Contenidos El Regional\",\"@id\":\"http:\/\/elregionalvm.com.ar\/noticias-villa-maria\/#\/schema\/person\/a0fb9c422317faca23d50163151bc354\"},\"headline\":\"Paseo de las Provincias y Feria de Artesanos en Villa Nueva\",\"datePublished\":\"2021-10-04T20:03:15+00:00\",\"dateModified\":\"2021-10-04T20:03:16+00:00\",\"mainEntityOfPage\":{\"@id\":\"http:\/\/elregionalvm.com.ar\/noticias-villa-maria\/paseo-de-las-provincias-y-feria-de-artesanos-en-villa-nueva\/\"},\"wordCount\":404,\"commentCount\":0,\"image\":{\"@id\":\"http:\/\/elregionalvm.com.ar\/noticias-villa-maria\/paseo-de-las-provincias-y-feria-de-artesanos-en-villa-nueva\/#primaryimage\"},\"thumbnailUrl\":\"https:\/\/i0.wp.com\/elregionalvm.com.ar\/noticias-villa-maria\/wp-content\/uploads\/2020\/11\/villa-nueva-cartel.jpg?fit=512%2C229&ssl=1\",\"keywords\":[\"destacado\",\"Feria de Artesanos\",\"Paseo de las Provincias\",\"VILLA NUEVA\"],\"inLanguage\":\"es\",\"potentialAction\":[{\"@type\":\"CommentAction\",\"name\":\"Comment\",\"target\":[\"http:\/\/elregionalvm.com.ar\/noticias-villa-maria\/paseo-de-las-provincias-y-feria-de-artesanos-en-villa-nueva\/#respond\"]}]},{\"@type\":\"WebPage\",\"@id\":\"http:\/\/elregionalvm.com.ar\/noticias-villa-maria\/paseo-de-las-provincias-y-feria-de-artesanos-en-villa-nueva\/\",\"url\":\"http:\/\/elregionalvm.com.ar\/noticias-villa-maria\/paseo-de-las-provincias-y-feria-de-artesanos-en-villa-nueva\/\",\"name\":\"Paseo de las Provincias y Feria de Artesanos en Villa Nueva - El Regional\",\"isPartOf\":{\"@id\":\"http:\/\/elregionalvm.com.ar\/noticias-villa-maria\/#website\"},\"primaryImageOfPage\":{\"@id\":\"http:\/\/elregionalvm.com.ar\/noticias-villa-maria\/paseo-de-las-provincias-y-feria-de-artesanos-en-villa-nueva\/#primaryimage\"},\"image\":{\"@id\":\"http:\/\/elregionalvm.com.ar\/noticias-villa-maria\/paseo-de-las-provincias-y-feria-de-artesanos-en-villa-nueva\/#primaryimage\"},\"thumbnailUrl\":\"https:\/\/i0.wp.com\/elregionalvm.com.ar\/noticias-villa-maria\/wp-content\/uploads\/2020\/11\/villa-nueva-cartel.jpg?fit=512%2C229&ssl=1\",\"datePublished\":\"2021-10-04T20:03:15+00:00\",\"dateModified\":\"2021-10-04T20:03:16+00:00\",\"author\":{\"@id\":\"http:\/\/elregionalvm.com.ar\/noticias-villa-maria\/#\/schema\/person\/a0fb9c422317faca23d50163151bc354\"},\"breadcrumb\":{\"@id\":\"http:\/\/elregionalvm.com.ar\/noticias-villa-maria\/paseo-de-las-provincias-y-feria-de-artesanos-en-villa-nueva\/#breadcrumb\"},\"inLanguage\":\"es\",\"potentialAction\":[{\"@type\":\"ReadAction\",\"target\":[\"http:\/\/elregionalvm.com.ar\/noticias-villa-maria\/paseo-de-las-provincias-y-feria-de-artesanos-en-villa-nueva\/\"]}]},{\"@type\":\"ImageObject\",\"inLanguage\":\"es\",\"@id\":\"http:\/\/elregionalvm.com.ar\/noticias-villa-maria\/paseo-de-las-provincias-y-feria-de-artesanos-en-villa-nueva\/#primaryimage\",\"url\":\"https:\/\/i0.wp.com\/elregionalvm.com.ar\/noticias-villa-maria\/wp-content\/uploads\/2020\/11\/villa-nueva-cartel.jpg?fit=512%2C229&ssl=1\",\"contentUrl\":\"https:\/\/i0.wp.com\/elregionalvm.com.ar\/noticias-villa-maria\/wp-content\/uploads\/2020\/11\/villa-nueva-cartel.jpg?fit=512%2C229&ssl=1\",\"width\":512,\"height\":229},{\"@type\":\"BreadcrumbList\",\"@id\":\"http:\/\/elregionalvm.com.ar\/noticias-villa-maria\/paseo-de-las-provincias-y-feria-de-artesanos-en-villa-nueva\/#breadcrumb\",\"itemListElement\":[{\"@type\":\"ListItem\",\"position\":1,\"name\":\"Portada\",\"item\":\"https:\/\/elregionalvm.com.ar\/noticias-villa-maria\/\"},{\"@type\":\"ListItem\",\"position\":2,\"name\":\"Paseo de las Provincias y Feria de Artesanos en Villa Nueva\"}]},{\"@type\":\"WebSite\",\"@id\":\"http:\/\/elregionalvm.com.ar\/noticias-villa-maria\/#website\",\"url\":\"http:\/\/elregionalvm.com.ar\/noticias-villa-maria\/\",\"name\":\"El Regional\",\"description\":\"Mucho m\u00e1s que informaci\u00f3n\",\"potentialAction\":[{\"@type\":\"SearchAction\",\"target\":{\"@type\":\"EntryPoint\",\"urlTemplate\":\"http:\/\/elregionalvm.com.ar\/noticias-villa-maria\/?s={search_term_string}\"},\"query-input\":{\"@type\":\"PropertyValueSpecification\",\"valueRequired\":true,\"valueName\":\"search_term_string\"}}],\"inLanguage\":\"es\"},{\"@type\":\"Person\",\"@id\":\"http:\/\/elregionalvm.com.ar\/noticias-villa-maria\/#\/schema\/person\/a0fb9c422317faca23d50163151bc354\",\"name\":\"Contenidos El Regional\",\"image\":{\"@type\":\"ImageObject\",\"inLanguage\":\"es\",\"@id\":\"http:\/\/elregionalvm.com.ar\/noticias-villa-maria\/#\/schema\/person\/image\/\",\"url\":\"https:\/\/secure.gravatar.com\/avatar\/265b27cb2209af7bb3a1318f03305787d7981a5cc6e6cd08fe5a4ecdf99d4b48?s=96&d=mm&r=g\",\"contentUrl\":\"https:\/\/secure.gravatar.com\/avatar\/265b27cb2209af7bb3a1318f03305787d7981a5cc6e6cd08fe5a4ecdf99d4b48?s=96&d=mm&r=g\",\"caption\":\"Contenidos El Regional\"},\"url\":\"https:\/\/elregionalvm.com.ar\/noticias-villa-maria\/author\/contenido\/\"}]}<\/script>\n<!-- \/ Yoast SEO plugin. -->","yoast_head_json":{"title":"Paseo de las Provincias y Feria de Artesanos en Villa Nueva - El Regional","robots":{"index":"index","follow":"follow","max-snippet":"max-snippet:-1","max-image-preview":"max-image-preview:large","max-video-preview":"max-video-preview:-1"},"canonical":"http:\/\/elregionalvm.com.ar\/noticias-villa-maria\/paseo-de-las-provincias-y-feria-de-artesanos-en-villa-nueva\/","og_locale":"es_ES","og_type":"article","og_title":"Paseo de las Provincias y Feria de Artesanos en Villa Nueva - El Regional","og_description":"En el marco de los festejos por el 195 Aniversario de la ciudad, el pr\u00f3ximo jueves se inaugurar\u00e1 el Paseo de las Provincias en el sector de los m\u00e1stiles de la plaza Capit\u00e1n de los Andes. Villa Nueva est\u00e1 en el centro geogr\u00e1fico de nuestro pa\u00eds y alberga entre su poblaci\u00f3n una gran cantidad de [&hellip;]","og_url":"http:\/\/elregionalvm.com.ar\/noticias-villa-maria\/paseo-de-las-provincias-y-feria-de-artesanos-en-villa-nueva\/","og_site_name":"El Regional","article_publisher":"https:\/\/www.facebook.com\/elregionalvm","article_published_time":"2021-10-04T20:03:15+00:00","article_modified_time":"2021-10-04T20:03:16+00:00","og_image":[{"width":512,"height":229,"url":"http:\/\/elregionalvm.com.ar\/noticias-villa-maria\/wp-content\/uploads\/2020\/11\/villa-nueva-cartel.jpg","type":"image\/jpeg"}],"author":"Contenidos El Regional","twitter_card":"summary_large_image","twitter_creator":"@elregionalvm1","twitter_site":"@elregionalvm1","twitter_misc":{"Escrito por":"Contenidos El Regional","Tiempo de lectura":"2 minutos"},"schema":{"@context":"https:\/\/schema.org","@graph":[{"@type":"Article","@id":"http:\/\/elregionalvm.com.ar\/noticias-villa-maria\/paseo-de-las-provincias-y-feria-de-artesanos-en-villa-nueva\/#article","isPartOf":{"@id":"http:\/\/elregionalvm.com.ar\/noticias-villa-maria\/paseo-de-las-provincias-y-feria-de-artesanos-en-villa-nueva\/"},"author":{"name":"Contenidos El Regional","@id":"http:\/\/elregionalvm.com.ar\/noticias-villa-maria\/#\/schema\/person\/a0fb9c422317faca23d50163151bc354"},"headline":"Paseo de las Provincias y Feria de Artesanos en Villa Nueva","datePublished":"2021-10-04T20:03:15+00:00","dateModified":"2021-10-04T20:03:16+00:00","mainEntityOfPage":{"@id":"http:\/\/elregionalvm.com.ar\/noticias-villa-maria\/paseo-de-las-provincias-y-feria-de-artesanos-en-villa-nueva\/"},"wordCount":404,"commentCount":0,"image":{"@id":"http:\/\/elregionalvm.com.ar\/noticias-villa-maria\/paseo-de-las-provincias-y-feria-de-artesanos-en-villa-nueva\/#primaryimage"},"thumbnailUrl":"https:\/\/i0.wp.com\/elregionalvm.com.ar\/noticias-villa-maria\/wp-content\/uploads\/2020\/11\/villa-nueva-cartel.jpg?fit=512%2C229&ssl=1","keywords":["destacado","Feria de Artesanos","Paseo de las Provincias","VILLA NUEVA"],"inLanguage":"es","potentialAction":[{"@type":"CommentAction","name":"Comment","target":["http:\/\/elregionalvm.com.ar\/noticias-villa-maria\/paseo-de-las-provincias-y-feria-de-artesanos-en-villa-nueva\/#respond"]}]},{"@type":"WebPage","@id":"http:\/\/elregionalvm.com.ar\/noticias-villa-maria\/paseo-de-las-provincias-y-feria-de-artesanos-en-villa-nueva\/","url":"http:\/\/elregionalvm.com.ar\/noticias-villa-maria\/paseo-de-las-provincias-y-feria-de-artesanos-en-villa-nueva\/","name":"Paseo de las Provincias y Feria de Artesanos en Villa Nueva - El Regional","isPartOf":{"@id":"http:\/\/elregionalvm.com.ar\/noticias-villa-maria\/#website"},"primaryImageOfPage":{"@id":"http:\/\/elregionalvm.com.ar\/noticias-villa-maria\/paseo-de-las-provincias-y-feria-de-artesanos-en-villa-nueva\/#primaryimage"},"image":{"@id":"http:\/\/elregionalvm.com.ar\/noticias-villa-maria\/paseo-de-las-provincias-y-feria-de-artesanos-en-villa-nueva\/#primaryimage"},"thumbnailUrl":"https:\/\/i0.wp.com\/elregionalvm.com.ar\/noticias-villa-maria\/wp-content\/uploads\/2020\/11\/villa-nueva-cartel.jpg?fit=512%2C229&ssl=1","datePublished":"2021-10-04T20:03:15+00:00","dateModified":"2021-10-04T20:03:16+00:00","author":{"@id":"http:\/\/elregionalvm.com.ar\/noticias-villa-maria\/#\/schema\/person\/a0fb9c422317faca23d50163151bc354"},"breadcrumb":{"@id":"http:\/\/elregionalvm.com.ar\/noticias-villa-maria\/paseo-de-las-provincias-y-feria-de-artesanos-en-villa-nueva\/#breadcrumb"},"inLanguage":"es","potentialAction":[{"@type":"ReadAction","target":["http:\/\/elregionalvm.com.ar\/noticias-villa-maria\/paseo-de-las-provincias-y-feria-de-artesanos-en-villa-nueva\/"]}]},{"@type":"ImageObject","inLanguage":"es","@id":"http:\/\/elregionalvm.com.ar\/noticias-villa-maria\/paseo-de-las-provincias-y-feria-de-artesanos-en-villa-nueva\/#primaryimage","url":"https:\/\/i0.wp.com\/elregionalvm.com.ar\/noticias-villa-maria\/wp-content\/uploads\/2020\/11\/villa-nueva-cartel.jpg?fit=512%2C229&ssl=1","contentUrl":"https:\/\/i0.wp.com\/elregionalvm.com.ar\/noticias-villa-maria\/wp-content\/uploads\/2020\/11\/villa-nueva-cartel.jpg?fit=512%2C229&ssl=1","width":512,"height":229},{"@type":"BreadcrumbList","@id":"http:\/\/elregionalvm.com.ar\/noticias-villa-maria\/paseo-de-las-provincias-y-feria-de-artesanos-en-villa-nueva\/#breadcrumb","itemListElement":[{"@type":"ListItem","position":1,"name":"Portada","item":"https:\/\/elregionalvm.com.ar\/noticias-villa-maria\/"},{"@type":"ListItem","position":2,"name":"Paseo de las Provincias y Feria de Artesanos en Villa Nueva"}]},{"@type":"WebSite","@id":"http:\/\/elregionalvm.com.ar\/noticias-villa-maria\/#website","url":"http:\/\/elregionalvm.com.ar\/noticias-villa-maria\/","name":"El Regional","description":"Mucho m\u00e1s que informaci\u00f3n","potentialAction":[{"@type":"SearchAction","target":{"@type":"EntryPoint","urlTemplate":"http:\/\/elregionalvm.com.ar\/noticias-villa-maria\/?s={search_term_string}"},"query-input":{"@type":"PropertyValueSpecification","valueRequired":true,"valueName":"search_term_string"}}],"inLanguage":"es"},{"@type":"Person","@id":"http:\/\/elregionalvm.com.ar\/noticias-villa-maria\/#\/schema\/person\/a0fb9c422317faca23d50163151bc354","name":"Contenidos El Regional","image":{"@type":"ImageObject","inLanguage":"es","@id":"http:\/\/elregionalvm.com.ar\/noticias-villa-maria\/#\/schema\/person\/image\/","url":"https:\/\/secure.gravatar.com\/avatar\/265b27cb2209af7bb3a1318f03305787d7981a5cc6e6cd08fe5a4ecdf99d4b48?s=96&d=mm&r=g","contentUrl":"https:\/\/secure.gravatar.com\/avatar\/265b27cb2209af7bb3a1318f03305787d7981a5cc6e6cd08fe5a4ecdf99d4b48?s=96&d=mm&r=g","caption":"Contenidos El Regional"},"url":"https:\/\/elregionalvm.com.ar\/noticias-villa-maria\/author\/contenido\/"}]}},"jetpack_featured_media_url":"https:\/\/i0.wp.com\/elregionalvm.com.ar\/noticias-villa-maria\/wp-content\/uploads\/2020\/11\/villa-nueva-cartel.jpg?fit=512%2C229&ssl=1","jetpack_sharing_enabled":true,"_links":{"self":[{"href":"https:\/\/elregionalvm.com.ar\/noticias-villa-maria\/wp-json\/wp\/v2\/posts\/45931","targetHints":{"allow":["GET"]}}],"collection":[{"href":"https:\/\/elregionalvm.com.ar\/noticias-villa-maria\/wp-json\/wp\/v2\/posts"}],"about":[{"href":"https:\/\/elregionalvm.com.ar\/noticias-villa-maria\/wp-json\/wp\/v2\/types\/post"}],"author":[{"embeddable":true,"href":"https:\/\/elregionalvm.com.ar\/noticias-villa-maria\/wp-json\/wp\/v2\/users\/4"}],"replies":[{"embeddable":true,"href":"https:\/\/elregionalvm.com.ar\/noticias-villa-maria\/wp-json\/wp\/v2\/comments?post=45931"}],"version-history":[{"count":1,"href":"https:\/\/elregionalvm.com.ar\/noticias-villa-maria\/wp-json\/wp\/v2\/posts\/45931\/revisions"}],"predecessor-version":[{"id":45932,"href":"https:\/\/elregionalvm.com.ar\/noticias-villa-maria\/wp-json\/wp\/v2\/posts\/45931\/revisions\/45932"}],"wp:featuredmedia":[{"embeddable":true,"href":"https:\/\/elregionalvm.com.ar\/noticias-villa-maria\/wp-json\/wp\/v2\/media\/27409"}],"wp:attachment":[{"href":"https:\/\/elregionalvm.com.ar\/noticias-villa-maria\/wp-json\/wp\/v2\/media?parent=45931"}],"wp:term":[{"taxonomy":"category","embeddable":true,"href":"https:\/\/elregionalvm.com.ar\/noticias-villa-maria\/wp-json\/wp\/v2\/categories?post=45931"},{"taxonomy":"post_tag","embeddable":true,"href":"https:\/\/elregionalvm.com.ar\/noticias-villa-maria\/wp-json\/wp\/v2\/tags?post=45931"}],"curies":[{"name":"wp","href":"https:\/\/api.w.org\/{rel}","templated":true}]}}