{"id":45933,"date":"2021-10-04T20:11:16","date_gmt":"2021-10-04T20:11:16","guid":{"rendered":"https:\/\/elregionalvm.com.ar\/noticias-villa-maria\/?p=45933"},"modified":"2021-10-04T20:11:18","modified_gmt":"2021-10-04T20:11:18","slug":"feria-de-arte-cordoba-vendieron-38-obras-de-artistas-locales","status":"publish","type":"post","link":"https:\/\/elregionalvm.com.ar\/noticias-villa-maria\/feria-de-arte-cordoba-vendieron-38-obras-de-artistas-locales\/","title":{"rendered":"Feria de Arte C\u00f3rdoba: vendieron 38 obras de artistas locales"},"content":{"rendered":"\n<p>La edici\u00f3n local de la Feria de Arte C\u00f3rdoba 2021 \u201cPaisaje: Producci\u00f3n y Fantas\u00eda\u201d permiti\u00f3 que 23 artistas locales pudieran exponer sus trabajos formando parte de la propuesta \u201cTopograf\u00edas Amigas\u201d, y pudieran comercializar sus obras. En total se vendieron 38 obras durante el evento que se instal\u00f3 en el Centro Cultural Comunitario Leonardo Favio durante cinco d\u00edas y cont\u00f3 con el apoyo de numerosas instituciones.<\/p>\n\n\n\n<p>Entre quienes adquirieron las obras visuales, se cuentan vecinos particulares pero tambi\u00e9n entidades y organismos de la ciudad, tal como la Asociaci\u00f3n de Empresarios Regi\u00f3n Centro Argentino (AERCA), que realiz\u00f3 un compromiso de compra previo y, de esta manera, adquiri\u00f3 tres obras.<\/p>\n\n\n\n<p>El municipio, por su parte, hizo lo propio con otras siete obras, de las cuales algunas tendr\u00e1n ingreso en la colecci\u00f3n del Museo Municipal de Bellas Artes Fernando Bonfiglioli, mientras que las restantes ser\u00e1n entregadas al \u00e1rea de Protocolo del municipio.<\/p>\n\n\n\n<p>De esta manera, del total de 38 obras adquiridas durante el evento, 28 fueron compradas por vecinos interesados en incorporar a sus lugares de residencia o trabajo un objeto de arte.<\/p>\n\n\n\n<p>Villa Mar\u00eda particip\u00f3 de la Feria como municipio adherido a la Red de Gesti\u00f3n P\u00fablica, junto a otras localidades del interior de la provincia, y fue una de las sedes que m\u00e1s ventas concret\u00f3. De igual manera, se proyecta una nueva edici\u00f3n para el mes de diciembre.<\/p>\n\n\n\n<p>Por \u00faltimo, vale recordar a los 23 artistas locales que participaron de la Feria: Calderon Cec\u00e9; Chialvo, Romina; Dealbera, Melanie; Elia, Maria Eugenia; Felipe, Gonzalo Facundo; Fornes, Milton; Figueroa, Judith; Lopez, Natalia; Luna, Valeria; Manfredi, Gabriela; Monge, Milagros; Orso, Cecilia; Pe\u00f1a, Gaston; Peppino, Virginia; Podest\u00e1, Coqui; Rizzo, Juan; Rossi, Rosana; Ruiz Moreno, Malena; Schuck, Nicolas; Tesan, Ana Laura; Toscano, Erica; Villarreal, Luciana; y Goupillaut, Cristina.<\/p>\n","protected":false},"excerpt":{"rendered":"<p>La edici\u00f3n local de la Feria de Arte C\u00f3rdoba 2021 \u201cPaisaje: Producci\u00f3n y Fantas\u00eda\u201d permiti\u00f3 que 23 artistas locales pudieran exponer sus trabajos formando parte de la propuesta \u201cTopograf\u00edas Amigas\u201d, y pudieran comercializar sus obras. En total se vendieron 38 obras durante el evento que se instal\u00f3 en el Centro Cultural Comunitario Leonardo Favio durante [&hellip;]<\/p>\n","protected":false},"author":4,"featured_media":45934,"comment_status":"open","ping_status":"open","sticky":false,"template":"","format":"standard","meta":{"site-sidebar-layout":"default","site-content-layout":"default","ast-site-content-layout":"default","site-content-style":"default","site-sidebar-style":"default","ast-global-header-display":"","ast-banner-title-visibility":"","ast-main-header-display":"","ast-hfb-above-header-display":"","ast-hfb-below-header-display":"","ast-hfb-mobile-header-display":"","site-post-title":"","ast-breadcrumbs-content":"","ast-featured-img":"","footer-sml-layout":"","ast-disable-related-posts":"","theme-transparent-header-meta":"default","adv-header-id-meta":"","stick-header-meta":"","header-above-stick-meta":"","header-main-stick-meta":"","header-below-stick-meta":"","astra-migrate-meta-layouts":"default","ast-page-background-enabled":"default","ast-page-background-meta":{"desktop":{"background-color":"","background-image":"","background-repeat":"repeat","background-position":"center center","background-size":"auto","background-attachment":"scroll","background-type":"","background-media":"","overlay-type":"","overlay-color":"","overlay-opacity":"","overlay-gradient":""},"tablet":{"background-color":"","background-image":"","background-repeat":"repeat","background-position":"center center","background-size":"auto","background-attachment":"scroll","background-type":"","background-media":"","overlay-type":"","overlay-color":"","overlay-opacity":"","overlay-gradient":""},"mobile":{"background-color":"","background-image":"","background-repeat":"repeat","background-position":"center center","background-size":"auto","background-attachment":"scroll","background-type":"","background-media":"","overlay-type":"","overlay-color":"","overlay-opacity":"","overlay-gradient":""}},"ast-content-background-meta":{"desktop":{"background-color":"var(--ast-global-color-5)","background-image":"","background-repeat":"repeat","background-position":"center center","background-size":"auto","background-attachment":"scroll","background-type":"","background-media":"","overlay-type":"","overlay-color":"","overlay-opacity":"","overlay-gradient":""},"tablet":{"background-color":"var(--ast-global-color-5)","background-image":"","background-repeat":"repeat","background-position":"center center","background-size":"auto","background-attachment":"scroll","background-type":"","background-media":"","overlay-type":"","overlay-color":"","overlay-opacity":"","overlay-gradient":""},"mobile":{"background-color":"var(--ast-global-color-5)","background-image":"","background-repeat":"repeat","background-position":"center center","background-size":"auto","background-attachment":"scroll","background-type":"","background-media":"","overlay-type":"","overlay-color":"","overlay-opacity":"","overlay-gradient":""}},"_jetpack_memberships_contains_paid_content":false,"_joinchat":[],"footnotes":""},"categories":[2],"tags":[11468,4704,1232,11467,9073,11469],"class_list":["post-45933","post","type-post","status-publish","format-standard","has-post-thumbnail","hentry","category-villa-maria","tag-38-obras","tag-artistas-villamarienses","tag-destacado","tag-feria-de-arte-cordoba","tag-museo-bonfiglioli","tag-vendidas"],"yoast_head":"<!-- This site is optimized with the Yoast SEO plugin v26.8 - https:\/\/yoast.com\/product\/yoast-seo-wordpress\/ -->\n<title>Feria de Arte C\u00f3rdoba: vendieron 38 obras de artistas locales - El Regional<\/title>\n<meta name=\"robots\" content=\"index, follow, max-snippet:-1, max-image-preview:large, max-video-preview:-1\" \/>\n<link rel=\"canonical\" href=\"http:\/\/elregionalvm.com.ar\/noticias-villa-maria\/feria-de-arte-cordoba-vendieron-38-obras-de-artistas-locales\/\" \/>\n<meta property=\"og:locale\" content=\"es_ES\" \/>\n<meta property=\"og:type\" content=\"article\" \/>\n<meta property=\"og:title\" content=\"Feria de Arte C\u00f3rdoba: vendieron 38 obras de artistas locales - El Regional\" \/>\n<meta property=\"og:description\" content=\"La edici\u00f3n local de la Feria de Arte C\u00f3rdoba 2021 \u201cPaisaje: Producci\u00f3n y Fantas\u00eda\u201d permiti\u00f3 que 23 artistas locales pudieran exponer sus trabajos formando parte de la propuesta \u201cTopograf\u00edas Amigas\u201d, y pudieran comercializar sus obras. En total se vendieron 38 obras durante el evento que se instal\u00f3 en el Centro Cultural Comunitario Leonardo Favio durante [&hellip;]\" \/>\n<meta property=\"og:url\" content=\"http:\/\/elregionalvm.com.ar\/noticias-villa-maria\/feria-de-arte-cordoba-vendieron-38-obras-de-artistas-locales\/\" \/>\n<meta property=\"og:site_name\" content=\"El Regional\" \/>\n<meta property=\"article:publisher\" content=\"https:\/\/www.facebook.com\/elregionalvm\" \/>\n<meta property=\"article:published_time\" content=\"2021-10-04T20:11:16+00:00\" \/>\n<meta property=\"article:modified_time\" content=\"2021-10-04T20:11:18+00:00\" \/>\n<meta property=\"og:image\" content=\"http:\/\/elregionalvm.com.ar\/noticias-villa-maria\/wp-content\/uploads\/2021\/10\/Feria-de-Arte.jpg\" \/>\n\t<meta property=\"og:image:width\" content=\"1280\" \/>\n\t<meta property=\"og:image:height\" content=\"853\" \/>\n\t<meta property=\"og:image:type\" content=\"image\/jpeg\" \/>\n<meta name=\"author\" content=\"Contenidos El Regional\" \/>\n<meta name=\"twitter:card\" content=\"summary_large_image\" \/>\n<meta name=\"twitter:creator\" content=\"@elregionalvm1\" \/>\n<meta name=\"twitter:site\" content=\"@elregionalvm1\" \/>\n<meta name=\"twitter:label1\" content=\"Escrito por\" \/>\n\t<meta name=\"twitter:data1\" content=\"Contenidos El Regional\" \/>\n\t<meta name=\"twitter:label2\" content=\"Tiempo de lectura\" \/>\n\t<meta name=\"twitter:data2\" content=\"2 minutos\" \/>\n<script type=\"application\/ld+json\" class=\"yoast-schema-graph\">{\"@context\":\"https:\/\/schema.org\",\"@graph\":[{\"@type\":\"Article\",\"@id\":\"http:\/\/elregionalvm.com.ar\/noticias-villa-maria\/feria-de-arte-cordoba-vendieron-38-obras-de-artistas-locales\/#article\",\"isPartOf\":{\"@id\":\"http:\/\/elregionalvm.com.ar\/noticias-villa-maria\/feria-de-arte-cordoba-vendieron-38-obras-de-artistas-locales\/\"},\"author\":{\"name\":\"Contenidos El Regional\",\"@id\":\"http:\/\/elregionalvm.com.ar\/noticias-villa-maria\/#\/schema\/person\/a0fb9c422317faca23d50163151bc354\"},\"headline\":\"Feria de Arte C\u00f3rdoba: vendieron 38 obras de artistas locales\",\"datePublished\":\"2021-10-04T20:11:16+00:00\",\"dateModified\":\"2021-10-04T20:11:18+00:00\",\"mainEntityOfPage\":{\"@id\":\"http:\/\/elregionalvm.com.ar\/noticias-villa-maria\/feria-de-arte-cordoba-vendieron-38-obras-de-artistas-locales\/\"},\"wordCount\":313,\"commentCount\":0,\"image\":{\"@id\":\"http:\/\/elregionalvm.com.ar\/noticias-villa-maria\/feria-de-arte-cordoba-vendieron-38-obras-de-artistas-locales\/#primaryimage\"},\"thumbnailUrl\":\"https:\/\/i0.wp.com\/elregionalvm.com.ar\/noticias-villa-maria\/wp-content\/uploads\/2021\/10\/Feria-de-Arte.jpg?fit=1280%2C853&ssl=1\",\"keywords\":[\"38 obras\",\"artistas villamarienses\",\"destacado\",\"Feria de Arte C\u00f3rdoba\",\"Museo Bonfiglioli\",\"vendidas\"],\"articleSection\":[\"Villa Mar\u00eda\"],\"inLanguage\":\"es\",\"potentialAction\":[{\"@type\":\"CommentAction\",\"name\":\"Comment\",\"target\":[\"http:\/\/elregionalvm.com.ar\/noticias-villa-maria\/feria-de-arte-cordoba-vendieron-38-obras-de-artistas-locales\/#respond\"]}]},{\"@type\":\"WebPage\",\"@id\":\"http:\/\/elregionalvm.com.ar\/noticias-villa-maria\/feria-de-arte-cordoba-vendieron-38-obras-de-artistas-locales\/\",\"url\":\"http:\/\/elregionalvm.com.ar\/noticias-villa-maria\/feria-de-arte-cordoba-vendieron-38-obras-de-artistas-locales\/\",\"name\":\"Feria de Arte C\u00f3rdoba: vendieron 38 obras de artistas locales - El Regional\",\"isPartOf\":{\"@id\":\"http:\/\/elregionalvm.com.ar\/noticias-villa-maria\/#website\"},\"primaryImageOfPage\":{\"@id\":\"http:\/\/elregionalvm.com.ar\/noticias-villa-maria\/feria-de-arte-cordoba-vendieron-38-obras-de-artistas-locales\/#primaryimage\"},\"image\":{\"@id\":\"http:\/\/elregionalvm.com.ar\/noticias-villa-maria\/feria-de-arte-cordoba-vendieron-38-obras-de-artistas-locales\/#primaryimage\"},\"thumbnailUrl\":\"https:\/\/i0.wp.com\/elregionalvm.com.ar\/noticias-villa-maria\/wp-content\/uploads\/2021\/10\/Feria-de-Arte.jpg?fit=1280%2C853&ssl=1\",\"datePublished\":\"2021-10-04T20:11:16+00:00\",\"dateModified\":\"2021-10-04T20:11:18+00:00\",\"author\":{\"@id\":\"http:\/\/elregionalvm.com.ar\/noticias-villa-maria\/#\/schema\/person\/a0fb9c422317faca23d50163151bc354\"},\"breadcrumb\":{\"@id\":\"http:\/\/elregionalvm.com.ar\/noticias-villa-maria\/feria-de-arte-cordoba-vendieron-38-obras-de-artistas-locales\/#breadcrumb\"},\"inLanguage\":\"es\",\"potentialAction\":[{\"@type\":\"ReadAction\",\"target\":[\"http:\/\/elregionalvm.com.ar\/noticias-villa-maria\/feria-de-arte-cordoba-vendieron-38-obras-de-artistas-locales\/\"]}]},{\"@type\":\"ImageObject\",\"inLanguage\":\"es\",\"@id\":\"http:\/\/elregionalvm.com.ar\/noticias-villa-maria\/feria-de-arte-cordoba-vendieron-38-obras-de-artistas-locales\/#primaryimage\",\"url\":\"https:\/\/i0.wp.com\/elregionalvm.com.ar\/noticias-villa-maria\/wp-content\/uploads\/2021\/10\/Feria-de-Arte.jpg?fit=1280%2C853&ssl=1\",\"contentUrl\":\"https:\/\/i0.wp.com\/elregionalvm.com.ar\/noticias-villa-maria\/wp-content\/uploads\/2021\/10\/Feria-de-Arte.jpg?fit=1280%2C853&ssl=1\",\"width\":1280,\"height\":853},{\"@type\":\"BreadcrumbList\",\"@id\":\"http:\/\/elregionalvm.com.ar\/noticias-villa-maria\/feria-de-arte-cordoba-vendieron-38-obras-de-artistas-locales\/#breadcrumb\",\"itemListElement\":[{\"@type\":\"ListItem\",\"position\":1,\"name\":\"Portada\",\"item\":\"https:\/\/elregionalvm.com.ar\/noticias-villa-maria\/\"},{\"@type\":\"ListItem\",\"position\":2,\"name\":\"Feria de Arte C\u00f3rdoba: vendieron 38 obras de artistas locales\"}]},{\"@type\":\"WebSite\",\"@id\":\"http:\/\/elregionalvm.com.ar\/noticias-villa-maria\/#website\",\"url\":\"http:\/\/elregionalvm.com.ar\/noticias-villa-maria\/\",\"name\":\"El Regional\",\"description\":\"Mucho m\u00e1s que informaci\u00f3n\",\"potentialAction\":[{\"@type\":\"SearchAction\",\"target\":{\"@type\":\"EntryPoint\",\"urlTemplate\":\"http:\/\/elregionalvm.com.ar\/noticias-villa-maria\/?s={search_term_string}\"},\"query-input\":{\"@type\":\"PropertyValueSpecification\",\"valueRequired\":true,\"valueName\":\"search_term_string\"}}],\"inLanguage\":\"es\"},{\"@type\":\"Person\",\"@id\":\"http:\/\/elregionalvm.com.ar\/noticias-villa-maria\/#\/schema\/person\/a0fb9c422317faca23d50163151bc354\",\"name\":\"Contenidos El Regional\",\"image\":{\"@type\":\"ImageObject\",\"inLanguage\":\"es\",\"@id\":\"http:\/\/elregionalvm.com.ar\/noticias-villa-maria\/#\/schema\/person\/image\/\",\"url\":\"https:\/\/secure.gravatar.com\/avatar\/265b27cb2209af7bb3a1318f03305787d7981a5cc6e6cd08fe5a4ecdf99d4b48?s=96&d=mm&r=g\",\"contentUrl\":\"https:\/\/secure.gravatar.com\/avatar\/265b27cb2209af7bb3a1318f03305787d7981a5cc6e6cd08fe5a4ecdf99d4b48?s=96&d=mm&r=g\",\"caption\":\"Contenidos El Regional\"},\"url\":\"https:\/\/elregionalvm.com.ar\/noticias-villa-maria\/author\/contenido\/\"}]}<\/script>\n<!-- \/ Yoast SEO plugin. -->","yoast_head_json":{"title":"Feria de Arte C\u00f3rdoba: vendieron 38 obras de artistas locales - El Regional","robots":{"index":"index","follow":"follow","max-snippet":"max-snippet:-1","max-image-preview":"max-image-preview:large","max-video-preview":"max-video-preview:-1"},"canonical":"http:\/\/elregionalvm.com.ar\/noticias-villa-maria\/feria-de-arte-cordoba-vendieron-38-obras-de-artistas-locales\/","og_locale":"es_ES","og_type":"article","og_title":"Feria de Arte C\u00f3rdoba: vendieron 38 obras de artistas locales - El Regional","og_description":"La edici\u00f3n local de la Feria de Arte C\u00f3rdoba 2021 \u201cPaisaje: Producci\u00f3n y Fantas\u00eda\u201d permiti\u00f3 que 23 artistas locales pudieran exponer sus trabajos formando parte de la propuesta \u201cTopograf\u00edas Amigas\u201d, y pudieran comercializar sus obras. En total se vendieron 38 obras durante el evento que se instal\u00f3 en el Centro Cultural Comunitario Leonardo Favio durante [&hellip;]","og_url":"http:\/\/elregionalvm.com.ar\/noticias-villa-maria\/feria-de-arte-cordoba-vendieron-38-obras-de-artistas-locales\/","og_site_name":"El Regional","article_publisher":"https:\/\/www.facebook.com\/elregionalvm","article_published_time":"2021-10-04T20:11:16+00:00","article_modified_time":"2021-10-04T20:11:18+00:00","og_image":[{"width":1280,"height":853,"url":"http:\/\/elregionalvm.com.ar\/noticias-villa-maria\/wp-content\/uploads\/2021\/10\/Feria-de-Arte.jpg","type":"image\/jpeg"}],"author":"Contenidos El Regional","twitter_card":"summary_large_image","twitter_creator":"@elregionalvm1","twitter_site":"@elregionalvm1","twitter_misc":{"Escrito por":"Contenidos El Regional","Tiempo de lectura":"2 minutos"},"schema":{"@context":"https:\/\/schema.org","@graph":[{"@type":"Article","@id":"http:\/\/elregionalvm.com.ar\/noticias-villa-maria\/feria-de-arte-cordoba-vendieron-38-obras-de-artistas-locales\/#article","isPartOf":{"@id":"http:\/\/elregionalvm.com.ar\/noticias-villa-maria\/feria-de-arte-cordoba-vendieron-38-obras-de-artistas-locales\/"},"author":{"name":"Contenidos El Regional","@id":"http:\/\/elregionalvm.com.ar\/noticias-villa-maria\/#\/schema\/person\/a0fb9c422317faca23d50163151bc354"},"headline":"Feria de Arte C\u00f3rdoba: vendieron 38 obras de artistas locales","datePublished":"2021-10-04T20:11:16+00:00","dateModified":"2021-10-04T20:11:18+00:00","mainEntityOfPage":{"@id":"http:\/\/elregionalvm.com.ar\/noticias-villa-maria\/feria-de-arte-cordoba-vendieron-38-obras-de-artistas-locales\/"},"wordCount":313,"commentCount":0,"image":{"@id":"http:\/\/elregionalvm.com.ar\/noticias-villa-maria\/feria-de-arte-cordoba-vendieron-38-obras-de-artistas-locales\/#primaryimage"},"thumbnailUrl":"https:\/\/i0.wp.com\/elregionalvm.com.ar\/noticias-villa-maria\/wp-content\/uploads\/2021\/10\/Feria-de-Arte.jpg?fit=1280%2C853&ssl=1","keywords":["38 obras","artistas villamarienses","destacado","Feria de Arte C\u00f3rdoba","Museo Bonfiglioli","vendidas"],"articleSection":["Villa Mar\u00eda"],"inLanguage":"es","potentialAction":[{"@type":"CommentAction","name":"Comment","target":["http:\/\/elregionalvm.com.ar\/noticias-villa-maria\/feria-de-arte-cordoba-vendieron-38-obras-de-artistas-locales\/#respond"]}]},{"@type":"WebPage","@id":"http:\/\/elregionalvm.com.ar\/noticias-villa-maria\/feria-de-arte-cordoba-vendieron-38-obras-de-artistas-locales\/","url":"http:\/\/elregionalvm.com.ar\/noticias-villa-maria\/feria-de-arte-cordoba-vendieron-38-obras-de-artistas-locales\/","name":"Feria de Arte C\u00f3rdoba: vendieron 38 obras de artistas locales - El Regional","isPartOf":{"@id":"http:\/\/elregionalvm.com.ar\/noticias-villa-maria\/#website"},"primaryImageOfPage":{"@id":"http:\/\/elregionalvm.com.ar\/noticias-villa-maria\/feria-de-arte-cordoba-vendieron-38-obras-de-artistas-locales\/#primaryimage"},"image":{"@id":"http:\/\/elregionalvm.com.ar\/noticias-villa-maria\/feria-de-arte-cordoba-vendieron-38-obras-de-artistas-locales\/#primaryimage"},"thumbnailUrl":"https:\/\/i0.wp.com\/elregionalvm.com.ar\/noticias-villa-maria\/wp-content\/uploads\/2021\/10\/Feria-de-Arte.jpg?fit=1280%2C853&ssl=1","datePublished":"2021-10-04T20:11:16+00:00","dateModified":"2021-10-04T20:11:18+00:00","author":{"@id":"http:\/\/elregionalvm.com.ar\/noticias-villa-maria\/#\/schema\/person\/a0fb9c422317faca23d50163151bc354"},"breadcrumb":{"@id":"http:\/\/elregionalvm.com.ar\/noticias-villa-maria\/feria-de-arte-cordoba-vendieron-38-obras-de-artistas-locales\/#breadcrumb"},"inLanguage":"es","potentialAction":[{"@type":"ReadAction","target":["http:\/\/elregionalvm.com.ar\/noticias-villa-maria\/feria-de-arte-cordoba-vendieron-38-obras-de-artistas-locales\/"]}]},{"@type":"ImageObject","inLanguage":"es","@id":"http:\/\/elregionalvm.com.ar\/noticias-villa-maria\/feria-de-arte-cordoba-vendieron-38-obras-de-artistas-locales\/#primaryimage","url":"https:\/\/i0.wp.com\/elregionalvm.com.ar\/noticias-villa-maria\/wp-content\/uploads\/2021\/10\/Feria-de-Arte.jpg?fit=1280%2C853&ssl=1","contentUrl":"https:\/\/i0.wp.com\/elregionalvm.com.ar\/noticias-villa-maria\/wp-content\/uploads\/2021\/10\/Feria-de-Arte.jpg?fit=1280%2C853&ssl=1","width":1280,"height":853},{"@type":"BreadcrumbList","@id":"http:\/\/elregionalvm.com.ar\/noticias-villa-maria\/feria-de-arte-cordoba-vendieron-38-obras-de-artistas-locales\/#breadcrumb","itemListElement":[{"@type":"ListItem","position":1,"name":"Portada","item":"https:\/\/elregionalvm.com.ar\/noticias-villa-maria\/"},{"@type":"ListItem","position":2,"name":"Feria de Arte C\u00f3rdoba: vendieron 38 obras de artistas locales"}]},{"@type":"WebSite","@id":"http:\/\/elregionalvm.com.ar\/noticias-villa-maria\/#website","url":"http:\/\/elregionalvm.com.ar\/noticias-villa-maria\/","name":"El Regional","description":"Mucho m\u00e1s que informaci\u00f3n","potentialAction":[{"@type":"SearchAction","target":{"@type":"EntryPoint","urlTemplate":"http:\/\/elregionalvm.com.ar\/noticias-villa-maria\/?s={search_term_string}"},"query-input":{"@type":"PropertyValueSpecification","valueRequired":true,"valueName":"search_term_string"}}],"inLanguage":"es"},{"@type":"Person","@id":"http:\/\/elregionalvm.com.ar\/noticias-villa-maria\/#\/schema\/person\/a0fb9c422317faca23d50163151bc354","name":"Contenidos El Regional","image":{"@type":"ImageObject","inLanguage":"es","@id":"http:\/\/elregionalvm.com.ar\/noticias-villa-maria\/#\/schema\/person\/image\/","url":"https:\/\/secure.gravatar.com\/avatar\/265b27cb2209af7bb3a1318f03305787d7981a5cc6e6cd08fe5a4ecdf99d4b48?s=96&d=mm&r=g","contentUrl":"https:\/\/secure.gravatar.com\/avatar\/265b27cb2209af7bb3a1318f03305787d7981a5cc6e6cd08fe5a4ecdf99d4b48?s=96&d=mm&r=g","caption":"Contenidos El Regional"},"url":"https:\/\/elregionalvm.com.ar\/noticias-villa-maria\/author\/contenido\/"}]}},"jetpack_featured_media_url":"https:\/\/i0.wp.com\/elregionalvm.com.ar\/noticias-villa-maria\/wp-content\/uploads\/2021\/10\/Feria-de-Arte.jpg?fit=1280%2C853&ssl=1","jetpack_sharing_enabled":true,"_links":{"self":[{"href":"https:\/\/elregionalvm.com.ar\/noticias-villa-maria\/wp-json\/wp\/v2\/posts\/45933","targetHints":{"allow":["GET"]}}],"collection":[{"href":"https:\/\/elregionalvm.com.ar\/noticias-villa-maria\/wp-json\/wp\/v2\/posts"}],"about":[{"href":"https:\/\/elregionalvm.com.ar\/noticias-villa-maria\/wp-json\/wp\/v2\/types\/post"}],"author":[{"embeddable":true,"href":"https:\/\/elregionalvm.com.ar\/noticias-villa-maria\/wp-json\/wp\/v2\/users\/4"}],"replies":[{"embeddable":true,"href":"https:\/\/elregionalvm.com.ar\/noticias-villa-maria\/wp-json\/wp\/v2\/comments?post=45933"}],"version-history":[{"count":1,"href":"https:\/\/elregionalvm.com.ar\/noticias-villa-maria\/wp-json\/wp\/v2\/posts\/45933\/revisions"}],"predecessor-version":[{"id":45935,"href":"https:\/\/elregionalvm.com.ar\/noticias-villa-maria\/wp-json\/wp\/v2\/posts\/45933\/revisions\/45935"}],"wp:featuredmedia":[{"embeddable":true,"href":"https:\/\/elregionalvm.com.ar\/noticias-villa-maria\/wp-json\/wp\/v2\/media\/45934"}],"wp:attachment":[{"href":"https:\/\/elregionalvm.com.ar\/noticias-villa-maria\/wp-json\/wp\/v2\/media?parent=45933"}],"wp:term":[{"taxonomy":"category","embeddable":true,"href":"https:\/\/elregionalvm.com.ar\/noticias-villa-maria\/wp-json\/wp\/v2\/categories?post=45933"},{"taxonomy":"post_tag","embeddable":true,"href":"https:\/\/elregionalvm.com.ar\/noticias-villa-maria\/wp-json\/wp\/v2\/tags?post=45933"}],"curies":[{"name":"wp","href":"https:\/\/api.w.org\/{rel}","templated":true}]}}