{"id":46404,"date":"2021-10-13T17:37:41","date_gmt":"2021-10-13T17:37:41","guid":{"rendered":"https:\/\/elregionalvm.com.ar\/noticias-villa-maria\/?p=46404"},"modified":"2021-10-16T03:13:37","modified_gmt":"2021-10-16T03:13:37","slug":"desbocados-e-irresponsables-de-anibal-a-espert-y-milei-las-atrocidades-verbales-de-nuestros-politicos","status":"publish","type":"post","link":"https:\/\/elregionalvm.com.ar\/noticias-villa-maria\/desbocados-e-irresponsables-de-anibal-a-espert-y-milei-las-atrocidades-verbales-de-nuestros-politicos\/","title":{"rendered":"[Desbocados e irresponsables] De An\u00edbal a Espert y Milei, las atrocidades verbales de nuestros pol\u00edticos"},"content":{"rendered":"\n<p><\/p>\n\n\n\n<p><strong>Los exabruptos nunca pasan de moda. Es m\u00e1s, se multiplican. Se propagan al ritmo de la precariedad institucional y de la intolerancia y la irresponsabilidad de nuestros dirigentes pol\u00edticos y de toda clase. Pero, tambi\u00e9n bajo el paraguas de la naturalizaci\u00f3n que hacemos como sociedad de esos deslices verbales que nos alejan cada vez m\u00e1s de una convivencia democr\u00e1tica sin vicios.<\/strong><\/p>\n\n\n\n<p><\/p>\n\n\n\n<p><strong>Escribe: Germ\u00e1n Giacchero<\/strong><\/p>\n\n\n\n<p><\/p>\n\n\n\n<p>An\u00edbal Fern\u00e1ndez lo niega, ahora. Pero el tono amenazante al borde de lo filomafioso anula toda posibilidad de defensa id\u00f3nea o justificada del tuit donde le insisti\u00f3 al humorista Nik que sab\u00eda a qu\u00e9 colegio iban sus hijas. Con otras palabras, claro, pero con la advertencia como inquietante tel\u00f3n de fondo.<\/p>\n\n\n\n<p>No, no lo dijo para hacer una joda. Tampoco fue un mensaje ingenuo, insulso, que no quiere decir lo que en verdad dice, como quieren hacer creer muchos fans, propensos a justificar lo injustificable cuando el ca\u00eddo en desgracia es de los suyos, pero los primeros dispuestos a incinerar en la hoguera al boc\u00f3n que forma parte de la otra trinchera.<\/p>\n\n\n\n<p>Es un irresponsable. Si una cr\u00edtica de un personaje p\u00fablico hacia el gobierno nacional, de las tantas que se realizan cada d\u00eda, desata la furia del propio ministro de Seguridad, que deber\u00eda velar por la protecci\u00f3n de cada argentino, \u00bfqu\u00e9 queda para el resto de los compatriotas an\u00f3nimos, con escasa o nula visibilidad medi\u00e1tica y con menores posibilidades de defenderse de un acto o ataque semejante?<\/p>\n\n\n\n<p>Decir que fue solo una torpeza de un funcionario que lleva el sello de hablar a boca de jarro, o que result\u00f3 un comentario \u201cmuy desafortunado\u201d, al decir del jefe de Gabinete, es de alguna manera minimizar la problem\u00e1tica que se replica entre funcionarios y dirigentes de toda clase, ideolog\u00eda o color partidario.&nbsp;<\/p>\n\n\n\n<p>Los integrantes de nuestra dirigencia, o buena parte de ellos al menos, poseen doctorados en exabruptos y acumulan posgrados en metidas de pata discursivas. Algunas m\u00e1s espont\u00e1neas, dichas sin pensar, producto de un rapto de furia, odio o de un arrebato irracional; otras, con clara intencionalidad de provocar da\u00f1o, miedo o dolor.<\/p>\n\n\n\n<p><\/p>\n\n\n\n<figure class=\"wp-block-image size-large is-resized\"><img data-recalc-dims=\"1\" fetchpriority=\"high\" decoding=\"async\" src=\"https:\/\/i0.wp.com\/elregionalvm.com.ar\/noticias-villa-maria\/wp-content\/uploads\/2021\/10\/Anibal-Fernandez-Nik.jpg?resize=879%2C493&#038;ssl=1\" alt=\"\" class=\"wp-image-46408\" width=\"879\" height=\"493\" srcset=\"https:\/\/i0.wp.com\/elregionalvm.com.ar\/noticias-villa-maria\/wp-content\/uploads\/2021\/10\/Anibal-Fernandez-Nik.jpg?resize=1024%2C575&amp;ssl=1 1024w, https:\/\/i0.wp.com\/elregionalvm.com.ar\/noticias-villa-maria\/wp-content\/uploads\/2021\/10\/Anibal-Fernandez-Nik.jpg?resize=300%2C169&amp;ssl=1 300w, https:\/\/i0.wp.com\/elregionalvm.com.ar\/noticias-villa-maria\/wp-content\/uploads\/2021\/10\/Anibal-Fernandez-Nik.jpg?resize=768%2C431&amp;ssl=1 768w, https:\/\/i0.wp.com\/elregionalvm.com.ar\/noticias-villa-maria\/wp-content\/uploads\/2021\/10\/Anibal-Fernandez-Nik.jpg?w=1200&amp;ssl=1 1200w\" sizes=\"(max-width: 879px) 100vw, 879px\" \/><figcaption><em>El dibujante Nik asegur\u00f3 sentirse amenazado por la m\u00e1s reciente perlita discursiva de An\u00edbal Fern\u00e1ndez. <\/em><\/figcaption><\/figure>\n\n\n\n<p><\/p>\n\n\n\n<p><strong>Jetones &amp; jetonas<\/strong><\/p>\n\n\n\n<p>El ministro de bigotes prominentes no es el \u00fanico desbocado, por supuesto. Hay un largo listado de atrocidades verbales acumuladas a lo largo de la historia pol\u00edtica de nuestro pa\u00eds. En los \u00faltimos a\u00f1os se replican como sismos imprevisibles, que llegan de un momento a otro. &nbsp;<\/p>\n\n\n\n<p>La mayor\u00eda de estos personajes jetones ocupan altos cargos, ostentan alguna cuota de poder o reconocimiento social, y su coeficiente intelectual aparenta responder a los m\u00e1s altos est\u00e1ndares, aunque estas cualidades no se condigan con el padecimiento de una incontinencia verbal cong\u00e9nita que desata una catarata de agravios, insultos o ataques ling\u00fc\u00edsticos.<\/p>\n\n\n\n<p>Los exabruptos no son privativos de un hemisferio ideol\u00f3gico en particular. Tampoco son patrimonio cultural exclusivo del kirchnerismo o del peronismo, si bien ofrecen algunos buenos exponentes de esta disciplina. Oficialismo y oposici\u00f3n se cruzan al ritmo de estas incorrecciones del lenguaje y se acusan entre s\u00ed por utilizarlos. <\/p>\n\n\n\n<p>El agravante es la existencia de un \u00abbando\u00bb de turno (oficialismo u oposici\u00f3n, seg\u00fan el caso) que siempre intenta obtener una ventaja a su favor, ofreciendo interesadas muestras de apoyo a la v\u00edctima de las lenguas desenfrenadas y lanzando una contraofensiva contra los agresores de ocasi\u00f3n. La indignaci\u00f3n es selectiva en todos los casos: si es un adversario quien se desboca, cargan contra \u00e9l; si es de los suyos, lo minimizan, miran para otro lado o guardan silencio. <\/p>\n\n\n\n<p><\/p>\n\n\n\n<figure class=\"wp-block-pullquote\"><blockquote><p>Esta lamentable pr\u00e1ctica cotidiana entre nuestros dirigentes es la peor pedagog\u00eda para construir ciudadan\u00eda, participaci\u00f3n y una sociedad menos violenta.<\/p><\/blockquote><\/figure>\n\n\n\n<p><\/p>\n\n\n\n<p>Esta peligrosa tendencia viene desde hace rato, la pedagog\u00eda del exabrupto hace escuela. El lenguaje grosero, la guarangada discursiva, el ataque verbal sin sentido se han transformado en h\u00e1bitos comunes entre nuestra clase dirigente. Pero tambi\u00e9n ha hecho met\u00e1stasis en hogares, calles y colegios.<\/p>\n\n\n\n<p><\/p>\n\n\n\n<figure class=\"wp-block-image size-large\"><img data-recalc-dims=\"1\" decoding=\"async\" width=\"1024\" height=\"576\" src=\"https:\/\/i0.wp.com\/elregionalvm.com.ar\/noticias-villa-maria\/wp-content\/uploads\/2021\/10\/Jose-Luis-Espert-1024x576.jpg?resize=1024%2C576&#038;ssl=1\" alt=\"\" class=\"wp-image-46409\" srcset=\"https:\/\/i0.wp.com\/elregionalvm.com.ar\/noticias-villa-maria\/wp-content\/uploads\/2021\/10\/Jose-Luis-Espert.jpg?resize=1024%2C576&amp;ssl=1 1024w, https:\/\/i0.wp.com\/elregionalvm.com.ar\/noticias-villa-maria\/wp-content\/uploads\/2021\/10\/Jose-Luis-Espert.jpg?resize=300%2C169&amp;ssl=1 300w, https:\/\/i0.wp.com\/elregionalvm.com.ar\/noticias-villa-maria\/wp-content\/uploads\/2021\/10\/Jose-Luis-Espert.jpg?resize=768%2C432&amp;ssl=1 768w, https:\/\/i0.wp.com\/elregionalvm.com.ar\/noticias-villa-maria\/wp-content\/uploads\/2021\/10\/Jose-Luis-Espert.jpg?w=1200&amp;ssl=1 1200w\" sizes=\"(max-width: 1000px) 100vw, 1000px\" \/><figcaption><em>Sin palabras. Espert calific\u00f3 a los kirchneristas como \u00absimios drogados\u00bb. <\/em><\/figcaption><\/figure>\n\n\n\n<p><\/p>\n\n\n\n<p><strong>M\u00e1s malos ejemplos<\/strong><\/p>\n\n\n\n<p>Con la pedagog\u00eda del exabrupto, de la violencia simb\u00f3lica y concreta, del mal ejemplo, no vamos a aprender nada. Nadie puede justificarlo, haya argumentos m\u00e1s v\u00e1lidos o no para sostenerlo.<\/p>\n\n\n\n<p>Pero, c\u00f3mo justificar a Jos\u00e9 Luis Espert con su m\u00e1s reciente delicadeza discursiva en formato de tuit. El candidato a diputado nacional por Avanza Libertad, asegur\u00f3 que los \u201cseres humanos normales celebran el D\u00eda de la Raza\u201d, en relaci\u00f3n con la conmemoraci\u00f3n del \u201cD\u00eda del Respeto a la Diversidad Cultural\u201d el 12 de octubre.<\/p>\n\n\n\n<p>Por si fuera poco, descerraj\u00f3: \u201cY eso no tiene nada de racista. Los simios drogados kirchneristas, no sabemos qu\u00e9 engendro ling\u00fc\u00edstico festejar\u00e1n\u201d. Intolerante, discriminatorio y racista, es poco decir para calificar esta brutalidad discursiva.<\/p>\n\n\n\n<p>Uno de sus aliados en el ala derecha de la pol\u00edtica criolla, Javier Milei, es una usina generadora de insultos e improperios de toda clase. Uno de los m\u00e1s recientes dardos venenosos tuvo como destinatario a Horacio Rodr\u00edguez Larreta, el alter ego de Mauricio Macri en Cambiemos y tambi\u00e9n quien le disputa poder en ese espacio.<\/p>\n\n\n\n<p>No solo lo tild\u00f3 de \u201cgusano asqueroso arrastrado\u201d y le dedic\u00f3 la sutileza adjetiva de \u201cpelado asqueroso de mierda\u00bb. Tambi\u00e9n le dedic\u00f3, haciendo gala de una malintencionada ensalada rusa ideol\u00f3gica, la frase: \u201cComo el zurdo de mierda que sos, a un liberal no le pod\u00e9s ni lustrar los zapatos sorete, te puedo aplastar a\u00fan en silla de ruedas, a ver si lo entend\u00e9s\u00bb.<\/p>\n\n\n\n<p>\u00bfCapisce, lector?<\/p>\n\n\n\n<p><\/p>\n\n\n\n<figure class=\"wp-block-image size-large\"><img data-recalc-dims=\"1\" decoding=\"async\" width=\"1024\" height=\"576\" src=\"https:\/\/i0.wp.com\/elregionalvm.com.ar\/noticias-villa-maria\/wp-content\/uploads\/2021\/10\/Javier-Milei.jpg?resize=1024%2C576&#038;ssl=1\" alt=\"\" class=\"wp-image-46410\" srcset=\"https:\/\/i0.wp.com\/elregionalvm.com.ar\/noticias-villa-maria\/wp-content\/uploads\/2021\/10\/Javier-Milei.jpg?resize=1024%2C576&amp;ssl=1 1024w, https:\/\/i0.wp.com\/elregionalvm.com.ar\/noticias-villa-maria\/wp-content\/uploads\/2021\/10\/Javier-Milei.jpg?resize=300%2C169&amp;ssl=1 300w, https:\/\/i0.wp.com\/elregionalvm.com.ar\/noticias-villa-maria\/wp-content\/uploads\/2021\/10\/Javier-Milei.jpg?resize=768%2C432&amp;ssl=1 768w, https:\/\/i0.wp.com\/elregionalvm.com.ar\/noticias-villa-maria\/wp-content\/uploads\/2021\/10\/Javier-Milei.jpg?w=1200&amp;ssl=1 1200w\" sizes=\"(max-width: 1000px) 100vw, 1000px\" \/><figcaption><em>Milei acumula varios exabruptos en su haber. Uno de los \u00faltimos fue para Horacio Rodr\u00edguez Larreta. <\/em><\/figcaption><\/figure>\n\n\n\n<p><\/p>\n\n\n\n<p><strong>Pasos peligrosos<\/strong><\/p>\n\n\n\n<p>El exabrupto muchas veces es minimizado, justificado como algo anecd\u00f3tico, que dio para la risotada y nada m\u00e1s. Eso tambi\u00e9n es lo peligroso. De la intolerancia al autoritarismo no hay m\u00e1s que un solo paso.<\/p>\n\n\n\n<p>Las disculpas, si es que llegan, se escudan bajo esas tres palabras. Fue un exabrupto. Un insulto, una salida de cadena o una frase desubicada producto de un rapto de locura, incontinencia verbal, ira desbordante, intolerancia ideol\u00f3gica, adversidad pol\u00edtica, impotencia, bronca acumulada o la raz\u00f3n que fuere.<\/p>\n\n\n\n<p>Con el agravante que se reproduce millones de veces a trav\u00e9s de los medios y por lo general solo trasciende esa frase desbordada y nada se sabe de los efectos, de sus consecuencias, pero van quedando en el inconsciente colectivo.<\/p>\n\n\n\n<p><\/p>\n\n\n\n<figure class=\"wp-block-pullquote\"><blockquote><p>Aceptar cualquier exabrupto, que la agresi\u00f3n verbal se convierta en una cuesti\u00f3n de rutina, es el primer paso para admitir mayores niveles de violencia que quedar\u00e1n enquistados en nuestra vida cotidiana.<\/p><\/blockquote><\/figure>\n\n\n\n<p><\/p>\n\n\n\n<p>Ni siquiera se puede pensar que es un camino alentador para construir mejor ciudadan\u00eda y mayor institucionalidad en un pa\u00eds donde la calidad de sus actos ciudadanos y la fortaleza de sus instituciones no siempre se han caracterizado por su solidez.<\/p>\n\n\n\n<p>De ah\u00ed al escrache, al ataque f\u00edsico, a la violencia expl\u00edcita, al atentado contra la vida humana, no habr\u00e1 m\u00e1s que un solo paso.<\/p>\n\n\n\n<p>Y, como alguna vez lo advertimos, estamos muy cerca de darlo.<\/p>\n","protected":false},"excerpt":{"rendered":"<p>Los exabruptos nunca pasan de moda. Es m\u00e1s, se multiplican. Se propagan al ritmo de la precariedad institucional y de la intolerancia y la irresponsabilidad de nuestros dirigentes pol\u00edticos y de toda clase. Pero, tambi\u00e9n bajo el paraguas de la naturalizaci\u00f3n que hacemos como sociedad de esos deslices verbales que nos alejan cada vez m\u00e1s [&hellip;]<\/p>\n","protected":false},"author":6,"featured_media":46537,"comment_status":"open","ping_status":"open","sticky":false,"template":"","format":"standard","meta":{"site-sidebar-layout":"default","site-content-layout":"default","ast-site-content-layout":"default","site-content-style":"default","site-sidebar-style":"default","ast-global-header-display":"","ast-banner-title-visibility":"","ast-main-header-display":"","ast-hfb-above-header-display":"","ast-hfb-below-header-display":"","ast-hfb-mobile-header-display":"","site-post-title":"","ast-breadcrumbs-content":"","ast-featured-img":"","footer-sml-layout":"","ast-disable-related-posts":"","theme-transparent-header-meta":"default","adv-header-id-meta":"","stick-header-meta":"","header-above-stick-meta":"","header-main-stick-meta":"","header-below-stick-meta":"","astra-migrate-meta-layouts":"default","ast-page-background-enabled":"default","ast-page-background-meta":{"desktop":{"background-color":"","background-image":"","background-repeat":"repeat","background-position":"center center","background-size":"auto","background-attachment":"scroll","background-type":"","background-media":"","overlay-type":"","overlay-color":"","overlay-opacity":"","overlay-gradient":""},"tablet":{"background-color":"","background-image":"","background-repeat":"repeat","background-position":"center center","background-size":"auto","background-attachment":"scroll","background-type":"","background-media":"","overlay-type":"","overlay-color":"","overlay-opacity":"","overlay-gradient":""},"mobile":{"background-color":"","background-image":"","background-repeat":"repeat","background-position":"center center","background-size":"auto","background-attachment":"scroll","background-type":"","background-media":"","overlay-type":"","overlay-color":"","overlay-opacity":"","overlay-gradient":""}},"ast-content-background-meta":{"desktop":{"background-color":"var(--ast-global-color-5)","background-image":"","background-repeat":"repeat","background-position":"center center","background-size":"auto","background-attachment":"scroll","background-type":"","background-media":"","overlay-type":"","overlay-color":"","overlay-opacity":"","overlay-gradient":""},"tablet":{"background-color":"var(--ast-global-color-5)","background-image":"","background-repeat":"repeat","background-position":"center center","background-size":"auto","background-attachment":"scroll","background-type":"","background-media":"","overlay-type":"","overlay-color":"","overlay-opacity":"","overlay-gradient":""},"mobile":{"background-color":"var(--ast-global-color-5)","background-image":"","background-repeat":"repeat","background-position":"center center","background-size":"auto","background-attachment":"scroll","background-type":"","background-media":"","overlay-type":"","overlay-color":"","overlay-opacity":"","overlay-gradient":""}},"_jetpack_memberships_contains_paid_content":false,"_joinchat":[],"footnotes":""},"categories":[365,3557],"tags":[11598,11597,11600,2106,6610,11601,1129,5053,5054,58,11599,519,1380],"class_list":["post-46404","post","type-post","status-publish","format-standard","has-post-thumbnail","hentry","category-opinion","category-tercera","tag-agresion-verbal","tag-anibal-fernandez","tag-discurso-politico","tag-exabrupto","tag-horacio-larreta","tag-intolerancia","tag-irresponsabilidad","tag-javier-milei","tag-jose-luis-espert","tag-kirchnerismo","tag-nik","tag-politica","tag-politicos"],"yoast_head":"<!-- This site is optimized with the Yoast SEO plugin v26.8 - https:\/\/yoast.com\/product\/yoast-seo-wordpress\/ -->\n<title>[Desbocados e irresponsables] De An\u00edbal a Espert y Milei, las atrocidades verbales de nuestros pol\u00edticos - El Regional<\/title>\n<meta name=\"description\" content=\"Los exabruptos nunca pasan de moda. Es m\u00e1s, se multiplican al ritmo de la precariedad institucional y de la intolerancia pol\u00edtica.\" \/>\n<meta name=\"robots\" content=\"index, follow, max-snippet:-1, max-image-preview:large, max-video-preview:-1\" \/>\n<link rel=\"canonical\" href=\"http:\/\/elregionalvm.com.ar\/noticias-villa-maria\/desbocados-e-irresponsables-de-anibal-a-espert-y-milei-las-atrocidades-verbales-de-nuestros-politicos\/\" \/>\n<meta property=\"og:locale\" content=\"es_ES\" \/>\n<meta property=\"og:type\" content=\"article\" \/>\n<meta property=\"og:title\" content=\"[Desbocados e irresponsables] De An\u00edbal a Espert y Milei, las atrocidades verbales de nuestros pol\u00edticos - El Regional\" \/>\n<meta property=\"og:description\" content=\"Los exabruptos nunca pasan de moda. Es m\u00e1s, se multiplican al ritmo de la precariedad institucional y de la intolerancia pol\u00edtica.\" \/>\n<meta property=\"og:url\" content=\"http:\/\/elregionalvm.com.ar\/noticias-villa-maria\/desbocados-e-irresponsables-de-anibal-a-espert-y-milei-las-atrocidades-verbales-de-nuestros-politicos\/\" \/>\n<meta property=\"og:site_name\" content=\"El Regional\" \/>\n<meta property=\"article:publisher\" content=\"https:\/\/www.facebook.com\/elregionalvm\" \/>\n<meta property=\"article:published_time\" content=\"2021-10-13T17:37:41+00:00\" \/>\n<meta property=\"article:modified_time\" content=\"2021-10-16T03:13:37+00:00\" \/>\n<meta property=\"og:image\" content=\"http:\/\/elregionalvm.com.ar\/noticias-villa-maria\/wp-content\/uploads\/2021\/10\/Anibal-Fernandez-Espert-Milei-juntos.jpg\" \/>\n\t<meta property=\"og:image:width\" content=\"1116\" \/>\n\t<meta property=\"og:image:height\" content=\"628\" \/>\n\t<meta property=\"og:image:type\" content=\"image\/jpeg\" \/>\n<meta name=\"author\" content=\"Germ\u00e1n Giacchero\" \/>\n<meta name=\"twitter:card\" content=\"summary_large_image\" \/>\n<meta name=\"twitter:creator\" content=\"@elregionalvm1\" \/>\n<meta name=\"twitter:site\" content=\"@elregionalvm1\" \/>\n<meta name=\"twitter:label1\" content=\"Escrito por\" \/>\n\t<meta name=\"twitter:data1\" content=\"Germ\u00e1n Giacchero\" \/>\n\t<meta name=\"twitter:label2\" content=\"Tiempo de lectura\" \/>\n\t<meta name=\"twitter:data2\" content=\"6 minutos\" \/>\n<script type=\"application\/ld+json\" class=\"yoast-schema-graph\">{\"@context\":\"https:\/\/schema.org\",\"@graph\":[{\"@type\":\"Article\",\"@id\":\"http:\/\/elregionalvm.com.ar\/noticias-villa-maria\/desbocados-e-irresponsables-de-anibal-a-espert-y-milei-las-atrocidades-verbales-de-nuestros-politicos\/#article\",\"isPartOf\":{\"@id\":\"http:\/\/elregionalvm.com.ar\/noticias-villa-maria\/desbocados-e-irresponsables-de-anibal-a-espert-y-milei-las-atrocidades-verbales-de-nuestros-politicos\/\"},\"author\":{\"name\":\"Germ\u00e1n Giacchero\",\"@id\":\"http:\/\/elregionalvm.com.ar\/noticias-villa-maria\/#\/schema\/person\/d5e4b04966154131701e52c45d3efec9\"},\"headline\":\"[Desbocados e irresponsables] De An\u00edbal a Espert y Milei, las atrocidades verbales de nuestros pol\u00edticos\",\"datePublished\":\"2021-10-13T17:37:41+00:00\",\"dateModified\":\"2021-10-16T03:13:37+00:00\",\"mainEntityOfPage\":{\"@id\":\"http:\/\/elregionalvm.com.ar\/noticias-villa-maria\/desbocados-e-irresponsables-de-anibal-a-espert-y-milei-las-atrocidades-verbales-de-nuestros-politicos\/\"},\"wordCount\":1262,\"commentCount\":1,\"image\":{\"@id\":\"http:\/\/elregionalvm.com.ar\/noticias-villa-maria\/desbocados-e-irresponsables-de-anibal-a-espert-y-milei-las-atrocidades-verbales-de-nuestros-politicos\/#primaryimage\"},\"thumbnailUrl\":\"https:\/\/i0.wp.com\/elregionalvm.com.ar\/noticias-villa-maria\/wp-content\/uploads\/2021\/10\/Anibal-Fernandez-Espert-Milei-juntos.jpg?fit=1116%2C628&ssl=1\",\"keywords\":[\"Agresi\u00f3n verbal\",\"An\u00edbal Fern\u00e1ndez\",\"discurso pol\u00edtico\",\"Exabrupto\",\"Horacio Larreta\",\"intolerancia\",\"irresponsabilidad\",\"Javier Milei\",\"Jos\u00e9 Luis Espert\",\"kirchnerismo\",\"Nik\",\"Pol\u00edtica\",\"pol\u00edticos\"],\"articleSection\":[\"Opini\u00f3n\",\"tercera\"],\"inLanguage\":\"es\",\"potentialAction\":[{\"@type\":\"CommentAction\",\"name\":\"Comment\",\"target\":[\"http:\/\/elregionalvm.com.ar\/noticias-villa-maria\/desbocados-e-irresponsables-de-anibal-a-espert-y-milei-las-atrocidades-verbales-de-nuestros-politicos\/#respond\"]}]},{\"@type\":\"WebPage\",\"@id\":\"http:\/\/elregionalvm.com.ar\/noticias-villa-maria\/desbocados-e-irresponsables-de-anibal-a-espert-y-milei-las-atrocidades-verbales-de-nuestros-politicos\/\",\"url\":\"http:\/\/elregionalvm.com.ar\/noticias-villa-maria\/desbocados-e-irresponsables-de-anibal-a-espert-y-milei-las-atrocidades-verbales-de-nuestros-politicos\/\",\"name\":\"[Desbocados e irresponsables] De An\u00edbal a Espert y Milei, las atrocidades verbales de nuestros pol\u00edticos - El Regional\",\"isPartOf\":{\"@id\":\"http:\/\/elregionalvm.com.ar\/noticias-villa-maria\/#website\"},\"primaryImageOfPage\":{\"@id\":\"http:\/\/elregionalvm.com.ar\/noticias-villa-maria\/desbocados-e-irresponsables-de-anibal-a-espert-y-milei-las-atrocidades-verbales-de-nuestros-politicos\/#primaryimage\"},\"image\":{\"@id\":\"http:\/\/elregionalvm.com.ar\/noticias-villa-maria\/desbocados-e-irresponsables-de-anibal-a-espert-y-milei-las-atrocidades-verbales-de-nuestros-politicos\/#primaryimage\"},\"thumbnailUrl\":\"https:\/\/i0.wp.com\/elregionalvm.com.ar\/noticias-villa-maria\/wp-content\/uploads\/2021\/10\/Anibal-Fernandez-Espert-Milei-juntos.jpg?fit=1116%2C628&ssl=1\",\"datePublished\":\"2021-10-13T17:37:41+00:00\",\"dateModified\":\"2021-10-16T03:13:37+00:00\",\"author\":{\"@id\":\"http:\/\/elregionalvm.com.ar\/noticias-villa-maria\/#\/schema\/person\/d5e4b04966154131701e52c45d3efec9\"},\"description\":\"Los exabruptos nunca pasan de moda. Es m\u00e1s, se multiplican al ritmo de la precariedad institucional y de la intolerancia pol\u00edtica.\",\"breadcrumb\":{\"@id\":\"http:\/\/elregionalvm.com.ar\/noticias-villa-maria\/desbocados-e-irresponsables-de-anibal-a-espert-y-milei-las-atrocidades-verbales-de-nuestros-politicos\/#breadcrumb\"},\"inLanguage\":\"es\",\"potentialAction\":[{\"@type\":\"ReadAction\",\"target\":[\"http:\/\/elregionalvm.com.ar\/noticias-villa-maria\/desbocados-e-irresponsables-de-anibal-a-espert-y-milei-las-atrocidades-verbales-de-nuestros-politicos\/\"]}]},{\"@type\":\"ImageObject\",\"inLanguage\":\"es\",\"@id\":\"http:\/\/elregionalvm.com.ar\/noticias-villa-maria\/desbocados-e-irresponsables-de-anibal-a-espert-y-milei-las-atrocidades-verbales-de-nuestros-politicos\/#primaryimage\",\"url\":\"https:\/\/i0.wp.com\/elregionalvm.com.ar\/noticias-villa-maria\/wp-content\/uploads\/2021\/10\/Anibal-Fernandez-Espert-Milei-juntos.jpg?fit=1116%2C628&ssl=1\",\"contentUrl\":\"https:\/\/i0.wp.com\/elregionalvm.com.ar\/noticias-villa-maria\/wp-content\/uploads\/2021\/10\/Anibal-Fernandez-Espert-Milei-juntos.jpg?fit=1116%2C628&ssl=1\",\"width\":1116,\"height\":628},{\"@type\":\"BreadcrumbList\",\"@id\":\"http:\/\/elregionalvm.com.ar\/noticias-villa-maria\/desbocados-e-irresponsables-de-anibal-a-espert-y-milei-las-atrocidades-verbales-de-nuestros-politicos\/#breadcrumb\",\"itemListElement\":[{\"@type\":\"ListItem\",\"position\":1,\"name\":\"Portada\",\"item\":\"https:\/\/elregionalvm.com.ar\/noticias-villa-maria\/\"},{\"@type\":\"ListItem\",\"position\":2,\"name\":\"[Desbocados e irresponsables] De An\u00edbal a Espert y Milei, las atrocidades verbales de nuestros pol\u00edticos\"}]},{\"@type\":\"WebSite\",\"@id\":\"http:\/\/elregionalvm.com.ar\/noticias-villa-maria\/#website\",\"url\":\"http:\/\/elregionalvm.com.ar\/noticias-villa-maria\/\",\"name\":\"El Regional\",\"description\":\"Mucho m\u00e1s que informaci\u00f3n\",\"potentialAction\":[{\"@type\":\"SearchAction\",\"target\":{\"@type\":\"EntryPoint\",\"urlTemplate\":\"http:\/\/elregionalvm.com.ar\/noticias-villa-maria\/?s={search_term_string}\"},\"query-input\":{\"@type\":\"PropertyValueSpecification\",\"valueRequired\":true,\"valueName\":\"search_term_string\"}}],\"inLanguage\":\"es\"},{\"@type\":\"Person\",\"@id\":\"http:\/\/elregionalvm.com.ar\/noticias-villa-maria\/#\/schema\/person\/d5e4b04966154131701e52c45d3efec9\",\"name\":\"Germ\u00e1n Giacchero\",\"image\":{\"@type\":\"ImageObject\",\"inLanguage\":\"es\",\"@id\":\"http:\/\/elregionalvm.com.ar\/noticias-villa-maria\/#\/schema\/person\/image\/\",\"url\":\"https:\/\/secure.gravatar.com\/avatar\/fda163ba5ef0307ee5be9846e10f83b6e83d0cfb260d3b2464830318894c6b04?s=96&d=mm&r=g\",\"contentUrl\":\"https:\/\/secure.gravatar.com\/avatar\/fda163ba5ef0307ee5be9846e10f83b6e83d0cfb260d3b2464830318894c6b04?s=96&d=mm&r=g\",\"caption\":\"Germ\u00e1n Giacchero\"},\"url\":\"https:\/\/elregionalvm.com.ar\/noticias-villa-maria\/author\/germangiacchero\/\"}]}<\/script>\n<!-- \/ Yoast SEO plugin. -->","yoast_head_json":{"title":"[Desbocados e irresponsables] De An\u00edbal a Espert y Milei, las atrocidades verbales de nuestros pol\u00edticos - El Regional","description":"Los exabruptos nunca pasan de moda. Es m\u00e1s, se multiplican al ritmo de la precariedad institucional y de la intolerancia pol\u00edtica.","robots":{"index":"index","follow":"follow","max-snippet":"max-snippet:-1","max-image-preview":"max-image-preview:large","max-video-preview":"max-video-preview:-1"},"canonical":"http:\/\/elregionalvm.com.ar\/noticias-villa-maria\/desbocados-e-irresponsables-de-anibal-a-espert-y-milei-las-atrocidades-verbales-de-nuestros-politicos\/","og_locale":"es_ES","og_type":"article","og_title":"[Desbocados e irresponsables] De An\u00edbal a Espert y Milei, las atrocidades verbales de nuestros pol\u00edticos - El Regional","og_description":"Los exabruptos nunca pasan de moda. Es m\u00e1s, se multiplican al ritmo de la precariedad institucional y de la intolerancia pol\u00edtica.","og_url":"http:\/\/elregionalvm.com.ar\/noticias-villa-maria\/desbocados-e-irresponsables-de-anibal-a-espert-y-milei-las-atrocidades-verbales-de-nuestros-politicos\/","og_site_name":"El Regional","article_publisher":"https:\/\/www.facebook.com\/elregionalvm","article_published_time":"2021-10-13T17:37:41+00:00","article_modified_time":"2021-10-16T03:13:37+00:00","og_image":[{"width":1116,"height":628,"url":"http:\/\/elregionalvm.com.ar\/noticias-villa-maria\/wp-content\/uploads\/2021\/10\/Anibal-Fernandez-Espert-Milei-juntos.jpg","type":"image\/jpeg"}],"author":"Germ\u00e1n Giacchero","twitter_card":"summary_large_image","twitter_creator":"@elregionalvm1","twitter_site":"@elregionalvm1","twitter_misc":{"Escrito por":"Germ\u00e1n Giacchero","Tiempo de lectura":"6 minutos"},"schema":{"@context":"https:\/\/schema.org","@graph":[{"@type":"Article","@id":"http:\/\/elregionalvm.com.ar\/noticias-villa-maria\/desbocados-e-irresponsables-de-anibal-a-espert-y-milei-las-atrocidades-verbales-de-nuestros-politicos\/#article","isPartOf":{"@id":"http:\/\/elregionalvm.com.ar\/noticias-villa-maria\/desbocados-e-irresponsables-de-anibal-a-espert-y-milei-las-atrocidades-verbales-de-nuestros-politicos\/"},"author":{"name":"Germ\u00e1n Giacchero","@id":"http:\/\/elregionalvm.com.ar\/noticias-villa-maria\/#\/schema\/person\/d5e4b04966154131701e52c45d3efec9"},"headline":"[Desbocados e irresponsables] De An\u00edbal a Espert y Milei, las atrocidades verbales de nuestros pol\u00edticos","datePublished":"2021-10-13T17:37:41+00:00","dateModified":"2021-10-16T03:13:37+00:00","mainEntityOfPage":{"@id":"http:\/\/elregionalvm.com.ar\/noticias-villa-maria\/desbocados-e-irresponsables-de-anibal-a-espert-y-milei-las-atrocidades-verbales-de-nuestros-politicos\/"},"wordCount":1262,"commentCount":1,"image":{"@id":"http:\/\/elregionalvm.com.ar\/noticias-villa-maria\/desbocados-e-irresponsables-de-anibal-a-espert-y-milei-las-atrocidades-verbales-de-nuestros-politicos\/#primaryimage"},"thumbnailUrl":"https:\/\/i0.wp.com\/elregionalvm.com.ar\/noticias-villa-maria\/wp-content\/uploads\/2021\/10\/Anibal-Fernandez-Espert-Milei-juntos.jpg?fit=1116%2C628&ssl=1","keywords":["Agresi\u00f3n verbal","An\u00edbal Fern\u00e1ndez","discurso pol\u00edtico","Exabrupto","Horacio Larreta","intolerancia","irresponsabilidad","Javier Milei","Jos\u00e9 Luis Espert","kirchnerismo","Nik","Pol\u00edtica","pol\u00edticos"],"articleSection":["Opini\u00f3n","tercera"],"inLanguage":"es","potentialAction":[{"@type":"CommentAction","name":"Comment","target":["http:\/\/elregionalvm.com.ar\/noticias-villa-maria\/desbocados-e-irresponsables-de-anibal-a-espert-y-milei-las-atrocidades-verbales-de-nuestros-politicos\/#respond"]}]},{"@type":"WebPage","@id":"http:\/\/elregionalvm.com.ar\/noticias-villa-maria\/desbocados-e-irresponsables-de-anibal-a-espert-y-milei-las-atrocidades-verbales-de-nuestros-politicos\/","url":"http:\/\/elregionalvm.com.ar\/noticias-villa-maria\/desbocados-e-irresponsables-de-anibal-a-espert-y-milei-las-atrocidades-verbales-de-nuestros-politicos\/","name":"[Desbocados e irresponsables] De An\u00edbal a Espert y Milei, las atrocidades verbales de nuestros pol\u00edticos - El Regional","isPartOf":{"@id":"http:\/\/elregionalvm.com.ar\/noticias-villa-maria\/#website"},"primaryImageOfPage":{"@id":"http:\/\/elregionalvm.com.ar\/noticias-villa-maria\/desbocados-e-irresponsables-de-anibal-a-espert-y-milei-las-atrocidades-verbales-de-nuestros-politicos\/#primaryimage"},"image":{"@id":"http:\/\/elregionalvm.com.ar\/noticias-villa-maria\/desbocados-e-irresponsables-de-anibal-a-espert-y-milei-las-atrocidades-verbales-de-nuestros-politicos\/#primaryimage"},"thumbnailUrl":"https:\/\/i0.wp.com\/elregionalvm.com.ar\/noticias-villa-maria\/wp-content\/uploads\/2021\/10\/Anibal-Fernandez-Espert-Milei-juntos.jpg?fit=1116%2C628&ssl=1","datePublished":"2021-10-13T17:37:41+00:00","dateModified":"2021-10-16T03:13:37+00:00","author":{"@id":"http:\/\/elregionalvm.com.ar\/noticias-villa-maria\/#\/schema\/person\/d5e4b04966154131701e52c45d3efec9"},"description":"Los exabruptos nunca pasan de moda. Es m\u00e1s, se multiplican al ritmo de la precariedad institucional y de la intolerancia pol\u00edtica.","breadcrumb":{"@id":"http:\/\/elregionalvm.com.ar\/noticias-villa-maria\/desbocados-e-irresponsables-de-anibal-a-espert-y-milei-las-atrocidades-verbales-de-nuestros-politicos\/#breadcrumb"},"inLanguage":"es","potentialAction":[{"@type":"ReadAction","target":["http:\/\/elregionalvm.com.ar\/noticias-villa-maria\/desbocados-e-irresponsables-de-anibal-a-espert-y-milei-las-atrocidades-verbales-de-nuestros-politicos\/"]}]},{"@type":"ImageObject","inLanguage":"es","@id":"http:\/\/elregionalvm.com.ar\/noticias-villa-maria\/desbocados-e-irresponsables-de-anibal-a-espert-y-milei-las-atrocidades-verbales-de-nuestros-politicos\/#primaryimage","url":"https:\/\/i0.wp.com\/elregionalvm.com.ar\/noticias-villa-maria\/wp-content\/uploads\/2021\/10\/Anibal-Fernandez-Espert-Milei-juntos.jpg?fit=1116%2C628&ssl=1","contentUrl":"https:\/\/i0.wp.com\/elregionalvm.com.ar\/noticias-villa-maria\/wp-content\/uploads\/2021\/10\/Anibal-Fernandez-Espert-Milei-juntos.jpg?fit=1116%2C628&ssl=1","width":1116,"height":628},{"@type":"BreadcrumbList","@id":"http:\/\/elregionalvm.com.ar\/noticias-villa-maria\/desbocados-e-irresponsables-de-anibal-a-espert-y-milei-las-atrocidades-verbales-de-nuestros-politicos\/#breadcrumb","itemListElement":[{"@type":"ListItem","position":1,"name":"Portada","item":"https:\/\/elregionalvm.com.ar\/noticias-villa-maria\/"},{"@type":"ListItem","position":2,"name":"[Desbocados e irresponsables] De An\u00edbal a Espert y Milei, las atrocidades verbales de nuestros pol\u00edticos"}]},{"@type":"WebSite","@id":"http:\/\/elregionalvm.com.ar\/noticias-villa-maria\/#website","url":"http:\/\/elregionalvm.com.ar\/noticias-villa-maria\/","name":"El Regional","description":"Mucho m\u00e1s que informaci\u00f3n","potentialAction":[{"@type":"SearchAction","target":{"@type":"EntryPoint","urlTemplate":"http:\/\/elregionalvm.com.ar\/noticias-villa-maria\/?s={search_term_string}"},"query-input":{"@type":"PropertyValueSpecification","valueRequired":true,"valueName":"search_term_string"}}],"inLanguage":"es"},{"@type":"Person","@id":"http:\/\/elregionalvm.com.ar\/noticias-villa-maria\/#\/schema\/person\/d5e4b04966154131701e52c45d3efec9","name":"Germ\u00e1n Giacchero","image":{"@type":"ImageObject","inLanguage":"es","@id":"http:\/\/elregionalvm.com.ar\/noticias-villa-maria\/#\/schema\/person\/image\/","url":"https:\/\/secure.gravatar.com\/avatar\/fda163ba5ef0307ee5be9846e10f83b6e83d0cfb260d3b2464830318894c6b04?s=96&d=mm&r=g","contentUrl":"https:\/\/secure.gravatar.com\/avatar\/fda163ba5ef0307ee5be9846e10f83b6e83d0cfb260d3b2464830318894c6b04?s=96&d=mm&r=g","caption":"Germ\u00e1n Giacchero"},"url":"https:\/\/elregionalvm.com.ar\/noticias-villa-maria\/author\/germangiacchero\/"}]}},"jetpack_featured_media_url":"https:\/\/i0.wp.com\/elregionalvm.com.ar\/noticias-villa-maria\/wp-content\/uploads\/2021\/10\/Anibal-Fernandez-Espert-Milei-juntos.jpg?fit=1116%2C628&ssl=1","jetpack_sharing_enabled":true,"_links":{"self":[{"href":"https:\/\/elregionalvm.com.ar\/noticias-villa-maria\/wp-json\/wp\/v2\/posts\/46404","targetHints":{"allow":["GET"]}}],"collection":[{"href":"https:\/\/elregionalvm.com.ar\/noticias-villa-maria\/wp-json\/wp\/v2\/posts"}],"about":[{"href":"https:\/\/elregionalvm.com.ar\/noticias-villa-maria\/wp-json\/wp\/v2\/types\/post"}],"author":[{"embeddable":true,"href":"https:\/\/elregionalvm.com.ar\/noticias-villa-maria\/wp-json\/wp\/v2\/users\/6"}],"replies":[{"embeddable":true,"href":"https:\/\/elregionalvm.com.ar\/noticias-villa-maria\/wp-json\/wp\/v2\/comments?post=46404"}],"version-history":[{"count":5,"href":"https:\/\/elregionalvm.com.ar\/noticias-villa-maria\/wp-json\/wp\/v2\/posts\/46404\/revisions"}],"predecessor-version":[{"id":46433,"href":"https:\/\/elregionalvm.com.ar\/noticias-villa-maria\/wp-json\/wp\/v2\/posts\/46404\/revisions\/46433"}],"wp:featuredmedia":[{"embeddable":true,"href":"https:\/\/elregionalvm.com.ar\/noticias-villa-maria\/wp-json\/wp\/v2\/media\/46537"}],"wp:attachment":[{"href":"https:\/\/elregionalvm.com.ar\/noticias-villa-maria\/wp-json\/wp\/v2\/media?parent=46404"}],"wp:term":[{"taxonomy":"category","embeddable":true,"href":"https:\/\/elregionalvm.com.ar\/noticias-villa-maria\/wp-json\/wp\/v2\/categories?post=46404"},{"taxonomy":"post_tag","embeddable":true,"href":"https:\/\/elregionalvm.com.ar\/noticias-villa-maria\/wp-json\/wp\/v2\/tags?post=46404"}],"curies":[{"name":"wp","href":"https:\/\/api.w.org\/{rel}","templated":true}]}}