{"id":46428,"date":"2021-10-13T21:38:50","date_gmt":"2021-10-13T21:38:50","guid":{"rendered":"https:\/\/elregionalvm.com.ar\/noticias-villa-maria\/?p=46428"},"modified":"2021-10-16T03:13:09","modified_gmt":"2021-10-16T03:13:09","slug":"opinion-la-pobreza-y-una-argentina-que-duele","status":"publish","type":"post","link":"https:\/\/elregionalvm.com.ar\/noticias-villa-maria\/opinion-la-pobreza-y-una-argentina-que-duele\/","title":{"rendered":"[Opini\u00f3n] La pobreza y una Argentina que duele"},"content":{"rendered":"\n<p><\/p>\n\n\n\n<p><strong>Escribe: Cristina Pablos<\/strong><\/p>\n\n\n\n<p><\/p>\n\n\n\n<p>Al marginado no le importa la democracia ni seguir a un puntero. Quiere TRABAJAR. Hay gente que, aun con empleo, sigue siendo pobre. El peronismo ya dej\u00f3 de ser \u201cel abanderado de los humildes\u201d. Los pobres buscan otras orientaciones, especialmente los j\u00f3venes, buscan algo distinto; la esperanza, que parecen haberla encontrado en Milei, por ejemplo; hay una marcada diferencia a la hora de votar, ya el pan y circo no alcanza.<\/p>\n\n\n\n<p>Aun en regiones pr\u00f3speras la pobreza crece junto a la inflaci\u00f3n. Hay 18,8 millones de pobres, 2,5 millones m\u00e1s que hace dos a\u00f1os. Desde que asumi\u00f3 este gobierno \u201cnac &amp; pop\u201d se produjeron 164 pobres m\u00e1s por hora, se suman a los que ven\u00edan del gobierno anterior. 1.970 millones de chicos no comen todos los d\u00edas.<\/p>\n\n\n\n<p><\/p>\n\n\n\n<p><\/p>\n\n\n\n<figure class=\"wp-block-image size-full\"><img data-recalc-dims=\"1\" fetchpriority=\"high\" decoding=\"async\" width=\"1000\" height=\"562\" src=\"https:\/\/i0.wp.com\/elregionalvm.com.ar\/noticias-villa-maria\/wp-content\/uploads\/2021\/07\/comedor-escolar-comida-pobreza.jpg?resize=1000%2C562&#038;ssl=1\" alt=\"\" class=\"wp-image-41375\" srcset=\"https:\/\/i0.wp.com\/elregionalvm.com.ar\/noticias-villa-maria\/wp-content\/uploads\/2021\/07\/comedor-escolar-comida-pobreza.jpg?w=1000&amp;ssl=1 1000w, https:\/\/i0.wp.com\/elregionalvm.com.ar\/noticias-villa-maria\/wp-content\/uploads\/2021\/07\/comedor-escolar-comida-pobreza.jpg?resize=300%2C169&amp;ssl=1 300w, https:\/\/i0.wp.com\/elregionalvm.com.ar\/noticias-villa-maria\/wp-content\/uploads\/2021\/07\/comedor-escolar-comida-pobreza.jpg?resize=768%2C432&amp;ssl=1 768w\" sizes=\"(max-width: 1000px) 100vw, 1000px\" \/><\/figure>\n\n\n\n<p><\/p>\n\n\n\n<p>La pobreza promedio desde el comienzo de la democracia es de 35% y la inflaci\u00f3n del 70%. Muy atr\u00e1s quedaron los sue\u00f1os de Alfons\u00edn de que \u201ccon la democracia se come, se cura y se educa\u201d. Argentina es el pa\u00eds m\u00e1s pobre de Am\u00e9rica Latina, despu\u00e9s de Venezuela que tiene el 97% de pobreza.<\/p>\n\n\n\n<p>Una familia tipo, en Argentina, necesita, hoy, $65.000 mensuales para no ser pobre y $29.000 para no ser indigente; estos guarismos pueden elevarse en pocos d\u00edas.<\/p>\n\n\n\n<p>El n\u00famero general de la pobreza, seg\u00fan el Indec es de 40,6% en el pa\u00eds, en Tucum\u00e1n es de 46%, en Santiago del Estero 50%, en C\u00f3rdoba 46% y 50% en Concordia (E. R\u00edos), la ciudad m\u00e1s pobre del pa\u00eds. La pobreza infantil es de 54,3%.<\/p>\n\n\n\n<p>Hay 3.100 millones de personas que comen salteado y 22% sin agua potable. \u00bfSer\u00e1 por eso que Capitanich se emocion\u00f3, en Chaco, cuando inaugur\u00f3 una canilla de la que sale agua salada?<\/p>\n\n\n\n<p><\/p>\n\n\n\n<figure class=\"wp-block-pullquote\"><blockquote><p>Se necesitar\u00e1n 30 a\u00f1os, sin ning\u00fan traspi\u00e9, para bajar la pobreza al 10% en un pa\u00eds donde hay 5 millones de empleados privados y 7,5 millones de empleados p\u00fablicos, y hay 23.500 millones de personas que cobran planes sociales.<\/p><\/blockquote><\/figure>\n\n\n\n<p><\/p>\n\n\n\n<p>Para revertir el resultado adverso de las PASO, en noviembre, el gobierno tom\u00f3 varias medidas: abri\u00f3 la exportaci\u00f3n de carne a China\u2026 solo para unos pocos amigos, ha fijado una jubilaci\u00f3n anticipada para los que no trabajan, haciendo peligrar la caja de Anses. As\u00ed no creo que salgamos del pantano.<\/p>\n\n\n\n<p>Hacen falta inversiones para generar trabajo y para ello se necesita: 1) seguridad econ\u00f3mica y 2) seguridad jur\u00eddica. No se soluciona imprimiendo 52 billetes de $1.000 por segundo.<\/p>\n\n\n\n<p>\u00bfC\u00f3mo no se van a ir 100 personas por d\u00eda del pa\u00eds? Si ac\u00e1 no se vislumbra un futuro medianamente seguro.<\/p>\n\n\n\n<p>Para rematarla, un diputado juje\u00f1o del Frente de Todos propone \u00a1nacionalizar los dep\u00f3sitos bancarios! Volver al pasado.<\/p>\n\n\n\n<p>Tiene raz\u00f3n el nuevo Jefe de Gabinete, Juan Manzur, cuando pide \u201cQue Dios nos ayude\u201d. Dios, al que tiene que ayudar es al pobre pueblo argentino, porque los que mandan tienen bastantes reservas monetarias como pasar la crisis.<\/p>\n\n\n\n<p>Realmente\u2026<\/p>\n\n\n\n<p>\u00a1C\u00f3mo dueles, Argentina!<\/p>\n","protected":false},"excerpt":{"rendered":"<p>Escribe: Cristina Pablos Al marginado no le importa la democracia ni seguir a un puntero. Quiere TRABAJAR. Hay gente que, aun con empleo, sigue siendo pobre. El peronismo ya dej\u00f3 de ser \u201cel abanderado de los humildes\u201d. Los pobres buscan otras orientaciones, especialmente los j\u00f3venes, buscan algo distinto; la esperanza, que parecen haberla encontrado en [&hellip;]<\/p>\n","protected":false},"author":4,"featured_media":46430,"comment_status":"open","ping_status":"open","sticky":false,"template":"","format":"standard","meta":{"site-sidebar-layout":"default","site-content-layout":"default","ast-site-content-layout":"default","site-content-style":"default","site-sidebar-style":"default","ast-global-header-display":"","ast-banner-title-visibility":"","ast-main-header-display":"","ast-hfb-above-header-display":"","ast-hfb-below-header-display":"","ast-hfb-mobile-header-display":"","site-post-title":"","ast-breadcrumbs-content":"","ast-featured-img":"","footer-sml-layout":"","ast-disable-related-posts":"","theme-transparent-header-meta":"default","adv-header-id-meta":"","stick-header-meta":"","header-above-stick-meta":"","header-main-stick-meta":"","header-below-stick-meta":"","astra-migrate-meta-layouts":"default","ast-page-background-enabled":"default","ast-page-background-meta":{"desktop":{"background-color":"","background-image":"","background-repeat":"repeat","background-position":"center center","background-size":"auto","background-attachment":"scroll","background-type":"","background-media":"","overlay-type":"","overlay-color":"","overlay-opacity":"","overlay-gradient":""},"tablet":{"background-color":"","background-image":"","background-repeat":"repeat","background-position":"center center","background-size":"auto","background-attachment":"scroll","background-type":"","background-media":"","overlay-type":"","overlay-color":"","overlay-opacity":"","overlay-gradient":""},"mobile":{"background-color":"","background-image":"","background-repeat":"repeat","background-position":"center center","background-size":"auto","background-attachment":"scroll","background-type":"","background-media":"","overlay-type":"","overlay-color":"","overlay-opacity":"","overlay-gradient":""}},"ast-content-background-meta":{"desktop":{"background-color":"var(--ast-global-color-5)","background-image":"","background-repeat":"repeat","background-position":"center center","background-size":"auto","background-attachment":"scroll","background-type":"","background-media":"","overlay-type":"","overlay-color":"","overlay-opacity":"","overlay-gradient":""},"tablet":{"background-color":"var(--ast-global-color-5)","background-image":"","background-repeat":"repeat","background-position":"center center","background-size":"auto","background-attachment":"scroll","background-type":"","background-media":"","overlay-type":"","overlay-color":"","overlay-opacity":"","overlay-gradient":""},"mobile":{"background-color":"var(--ast-global-color-5)","background-image":"","background-repeat":"repeat","background-position":"center center","background-size":"auto","background-attachment":"scroll","background-type":"","background-media":"","overlay-type":"","overlay-color":"","overlay-opacity":"","overlay-gradient":""}},"_jetpack_memberships_contains_paid_content":false,"_joinchat":[],"footnotes":""},"categories":[365,3557],"tags":[415,424,3768,6269,1846,2467,10223,609,126],"class_list":["post-46428","post","type-post","status-publish","format-standard","has-post-thumbnail","hentry","category-opinion","category-tercera","tag-argentina","tag-cristina-pablos","tag-dios","tag-empleo","tag-indigencia","tag-inflacion","tag-planes-sociales","tag-pobreza","tag-trabajo"],"yoast_head":"<!-- This site is optimized with the Yoast SEO plugin v26.8 - https:\/\/yoast.com\/product\/yoast-seo-wordpress\/ -->\n<title>[Opini\u00f3n] La pobreza y una Argentina que duele - El Regional<\/title>\n<meta name=\"description\" content=\"Una familia tipo necesita, hoy, $65.000 mensuales para no ser pobre y $29.000 para no ser indigente. Y estos guarismos crecen cada d\u00eda.\" \/>\n<meta name=\"robots\" content=\"index, follow, max-snippet:-1, max-image-preview:large, max-video-preview:-1\" \/>\n<link rel=\"canonical\" href=\"http:\/\/elregionalvm.com.ar\/noticias-villa-maria\/opinion-la-pobreza-y-una-argentina-que-duele\/\" \/>\n<meta property=\"og:locale\" content=\"es_ES\" \/>\n<meta property=\"og:type\" content=\"article\" \/>\n<meta property=\"og:title\" content=\"[Opini\u00f3n] La pobreza y una Argentina que duele - El Regional\" \/>\n<meta property=\"og:description\" content=\"Una familia tipo necesita, hoy, $65.000 mensuales para no ser pobre y $29.000 para no ser indigente. Y estos guarismos crecen cada d\u00eda.\" \/>\n<meta property=\"og:url\" content=\"http:\/\/elregionalvm.com.ar\/noticias-villa-maria\/opinion-la-pobreza-y-una-argentina-que-duele\/\" \/>\n<meta property=\"og:site_name\" content=\"El Regional\" \/>\n<meta property=\"article:publisher\" content=\"https:\/\/www.facebook.com\/elregionalvm\" \/>\n<meta property=\"article:published_time\" content=\"2021-10-13T21:38:50+00:00\" \/>\n<meta property=\"article:modified_time\" content=\"2021-10-16T03:13:09+00:00\" \/>\n<meta property=\"og:image\" content=\"http:\/\/elregionalvm.com.ar\/noticias-villa-maria\/wp-content\/uploads\/2021\/10\/pobreza-argentina.jpg\" \/>\n\t<meta property=\"og:image:width\" content=\"1200\" \/>\n\t<meta property=\"og:image:height\" content=\"791\" \/>\n\t<meta property=\"og:image:type\" content=\"image\/jpeg\" \/>\n<meta name=\"author\" content=\"Contenidos El Regional\" \/>\n<meta name=\"twitter:card\" content=\"summary_large_image\" \/>\n<meta name=\"twitter:creator\" content=\"@elregionalvm1\" \/>\n<meta name=\"twitter:site\" content=\"@elregionalvm1\" \/>\n<meta name=\"twitter:label1\" content=\"Escrito por\" \/>\n\t<meta name=\"twitter:data1\" content=\"Contenidos El Regional\" \/>\n\t<meta name=\"twitter:label2\" content=\"Tiempo de lectura\" \/>\n\t<meta name=\"twitter:data2\" content=\"3 minutos\" \/>\n<script type=\"application\/ld+json\" class=\"yoast-schema-graph\">{\"@context\":\"https:\/\/schema.org\",\"@graph\":[{\"@type\":\"Article\",\"@id\":\"http:\/\/elregionalvm.com.ar\/noticias-villa-maria\/opinion-la-pobreza-y-una-argentina-que-duele\/#article\",\"isPartOf\":{\"@id\":\"http:\/\/elregionalvm.com.ar\/noticias-villa-maria\/opinion-la-pobreza-y-una-argentina-que-duele\/\"},\"author\":{\"name\":\"Contenidos El Regional\",\"@id\":\"http:\/\/elregionalvm.com.ar\/noticias-villa-maria\/#\/schema\/person\/a0fb9c422317faca23d50163151bc354\"},\"headline\":\"[Opini\u00f3n] La pobreza y una Argentina que duele\",\"datePublished\":\"2021-10-13T21:38:50+00:00\",\"dateModified\":\"2021-10-16T03:13:09+00:00\",\"mainEntityOfPage\":{\"@id\":\"http:\/\/elregionalvm.com.ar\/noticias-villa-maria\/opinion-la-pobreza-y-una-argentina-que-duele\/\"},\"wordCount\":508,\"commentCount\":0,\"image\":{\"@id\":\"http:\/\/elregionalvm.com.ar\/noticias-villa-maria\/opinion-la-pobreza-y-una-argentina-que-duele\/#primaryimage\"},\"thumbnailUrl\":\"https:\/\/i0.wp.com\/elregionalvm.com.ar\/noticias-villa-maria\/wp-content\/uploads\/2021\/10\/pobreza-argentina.jpg?fit=1200%2C791&ssl=1\",\"keywords\":[\"Argentina\",\"Cristina Pablos\",\"Dios\",\"Empleo\",\"indigencia\",\"Inflaci\u00f3n\",\"planes sociales\",\"Pobreza\",\"trabajo\"],\"articleSection\":[\"Opini\u00f3n\",\"tercera\"],\"inLanguage\":\"es\",\"potentialAction\":[{\"@type\":\"CommentAction\",\"name\":\"Comment\",\"target\":[\"http:\/\/elregionalvm.com.ar\/noticias-villa-maria\/opinion-la-pobreza-y-una-argentina-que-duele\/#respond\"]}]},{\"@type\":\"WebPage\",\"@id\":\"http:\/\/elregionalvm.com.ar\/noticias-villa-maria\/opinion-la-pobreza-y-una-argentina-que-duele\/\",\"url\":\"http:\/\/elregionalvm.com.ar\/noticias-villa-maria\/opinion-la-pobreza-y-una-argentina-que-duele\/\",\"name\":\"[Opini\u00f3n] La pobreza y una Argentina que duele - El Regional\",\"isPartOf\":{\"@id\":\"http:\/\/elregionalvm.com.ar\/noticias-villa-maria\/#website\"},\"primaryImageOfPage\":{\"@id\":\"http:\/\/elregionalvm.com.ar\/noticias-villa-maria\/opinion-la-pobreza-y-una-argentina-que-duele\/#primaryimage\"},\"image\":{\"@id\":\"http:\/\/elregionalvm.com.ar\/noticias-villa-maria\/opinion-la-pobreza-y-una-argentina-que-duele\/#primaryimage\"},\"thumbnailUrl\":\"https:\/\/i0.wp.com\/elregionalvm.com.ar\/noticias-villa-maria\/wp-content\/uploads\/2021\/10\/pobreza-argentina.jpg?fit=1200%2C791&ssl=1\",\"datePublished\":\"2021-10-13T21:38:50+00:00\",\"dateModified\":\"2021-10-16T03:13:09+00:00\",\"author\":{\"@id\":\"http:\/\/elregionalvm.com.ar\/noticias-villa-maria\/#\/schema\/person\/a0fb9c422317faca23d50163151bc354\"},\"description\":\"Una familia tipo necesita, hoy, $65.000 mensuales para no ser pobre y $29.000 para no ser indigente. Y estos guarismos crecen cada d\u00eda.\",\"breadcrumb\":{\"@id\":\"http:\/\/elregionalvm.com.ar\/noticias-villa-maria\/opinion-la-pobreza-y-una-argentina-que-duele\/#breadcrumb\"},\"inLanguage\":\"es\",\"potentialAction\":[{\"@type\":\"ReadAction\",\"target\":[\"http:\/\/elregionalvm.com.ar\/noticias-villa-maria\/opinion-la-pobreza-y-una-argentina-que-duele\/\"]}]},{\"@type\":\"ImageObject\",\"inLanguage\":\"es\",\"@id\":\"http:\/\/elregionalvm.com.ar\/noticias-villa-maria\/opinion-la-pobreza-y-una-argentina-que-duele\/#primaryimage\",\"url\":\"https:\/\/i0.wp.com\/elregionalvm.com.ar\/noticias-villa-maria\/wp-content\/uploads\/2021\/10\/pobreza-argentina.jpg?fit=1200%2C791&ssl=1\",\"contentUrl\":\"https:\/\/i0.wp.com\/elregionalvm.com.ar\/noticias-villa-maria\/wp-content\/uploads\/2021\/10\/pobreza-argentina.jpg?fit=1200%2C791&ssl=1\",\"width\":1200,\"height\":791},{\"@type\":\"BreadcrumbList\",\"@id\":\"http:\/\/elregionalvm.com.ar\/noticias-villa-maria\/opinion-la-pobreza-y-una-argentina-que-duele\/#breadcrumb\",\"itemListElement\":[{\"@type\":\"ListItem\",\"position\":1,\"name\":\"Portada\",\"item\":\"https:\/\/elregionalvm.com.ar\/noticias-villa-maria\/\"},{\"@type\":\"ListItem\",\"position\":2,\"name\":\"[Opini\u00f3n] La pobreza y una Argentina que duele\"}]},{\"@type\":\"WebSite\",\"@id\":\"http:\/\/elregionalvm.com.ar\/noticias-villa-maria\/#website\",\"url\":\"http:\/\/elregionalvm.com.ar\/noticias-villa-maria\/\",\"name\":\"El Regional\",\"description\":\"Mucho m\u00e1s que informaci\u00f3n\",\"potentialAction\":[{\"@type\":\"SearchAction\",\"target\":{\"@type\":\"EntryPoint\",\"urlTemplate\":\"http:\/\/elregionalvm.com.ar\/noticias-villa-maria\/?s={search_term_string}\"},\"query-input\":{\"@type\":\"PropertyValueSpecification\",\"valueRequired\":true,\"valueName\":\"search_term_string\"}}],\"inLanguage\":\"es\"},{\"@type\":\"Person\",\"@id\":\"http:\/\/elregionalvm.com.ar\/noticias-villa-maria\/#\/schema\/person\/a0fb9c422317faca23d50163151bc354\",\"name\":\"Contenidos El Regional\",\"image\":{\"@type\":\"ImageObject\",\"inLanguage\":\"es\",\"@id\":\"http:\/\/elregionalvm.com.ar\/noticias-villa-maria\/#\/schema\/person\/image\/\",\"url\":\"https:\/\/secure.gravatar.com\/avatar\/265b27cb2209af7bb3a1318f03305787d7981a5cc6e6cd08fe5a4ecdf99d4b48?s=96&d=mm&r=g\",\"contentUrl\":\"https:\/\/secure.gravatar.com\/avatar\/265b27cb2209af7bb3a1318f03305787d7981a5cc6e6cd08fe5a4ecdf99d4b48?s=96&d=mm&r=g\",\"caption\":\"Contenidos El Regional\"},\"url\":\"https:\/\/elregionalvm.com.ar\/noticias-villa-maria\/author\/contenido\/\"}]}<\/script>\n<!-- \/ Yoast SEO plugin. -->","yoast_head_json":{"title":"[Opini\u00f3n] La pobreza y una Argentina que duele - El Regional","description":"Una familia tipo necesita, hoy, $65.000 mensuales para no ser pobre y $29.000 para no ser indigente. Y estos guarismos crecen cada d\u00eda.","robots":{"index":"index","follow":"follow","max-snippet":"max-snippet:-1","max-image-preview":"max-image-preview:large","max-video-preview":"max-video-preview:-1"},"canonical":"http:\/\/elregionalvm.com.ar\/noticias-villa-maria\/opinion-la-pobreza-y-una-argentina-que-duele\/","og_locale":"es_ES","og_type":"article","og_title":"[Opini\u00f3n] La pobreza y una Argentina que duele - El Regional","og_description":"Una familia tipo necesita, hoy, $65.000 mensuales para no ser pobre y $29.000 para no ser indigente. Y estos guarismos crecen cada d\u00eda.","og_url":"http:\/\/elregionalvm.com.ar\/noticias-villa-maria\/opinion-la-pobreza-y-una-argentina-que-duele\/","og_site_name":"El Regional","article_publisher":"https:\/\/www.facebook.com\/elregionalvm","article_published_time":"2021-10-13T21:38:50+00:00","article_modified_time":"2021-10-16T03:13:09+00:00","og_image":[{"width":1200,"height":791,"url":"http:\/\/elregionalvm.com.ar\/noticias-villa-maria\/wp-content\/uploads\/2021\/10\/pobreza-argentina.jpg","type":"image\/jpeg"}],"author":"Contenidos El Regional","twitter_card":"summary_large_image","twitter_creator":"@elregionalvm1","twitter_site":"@elregionalvm1","twitter_misc":{"Escrito por":"Contenidos El Regional","Tiempo de lectura":"3 minutos"},"schema":{"@context":"https:\/\/schema.org","@graph":[{"@type":"Article","@id":"http:\/\/elregionalvm.com.ar\/noticias-villa-maria\/opinion-la-pobreza-y-una-argentina-que-duele\/#article","isPartOf":{"@id":"http:\/\/elregionalvm.com.ar\/noticias-villa-maria\/opinion-la-pobreza-y-una-argentina-que-duele\/"},"author":{"name":"Contenidos El Regional","@id":"http:\/\/elregionalvm.com.ar\/noticias-villa-maria\/#\/schema\/person\/a0fb9c422317faca23d50163151bc354"},"headline":"[Opini\u00f3n] La pobreza y una Argentina que duele","datePublished":"2021-10-13T21:38:50+00:00","dateModified":"2021-10-16T03:13:09+00:00","mainEntityOfPage":{"@id":"http:\/\/elregionalvm.com.ar\/noticias-villa-maria\/opinion-la-pobreza-y-una-argentina-que-duele\/"},"wordCount":508,"commentCount":0,"image":{"@id":"http:\/\/elregionalvm.com.ar\/noticias-villa-maria\/opinion-la-pobreza-y-una-argentina-que-duele\/#primaryimage"},"thumbnailUrl":"https:\/\/i0.wp.com\/elregionalvm.com.ar\/noticias-villa-maria\/wp-content\/uploads\/2021\/10\/pobreza-argentina.jpg?fit=1200%2C791&ssl=1","keywords":["Argentina","Cristina Pablos","Dios","Empleo","indigencia","Inflaci\u00f3n","planes sociales","Pobreza","trabajo"],"articleSection":["Opini\u00f3n","tercera"],"inLanguage":"es","potentialAction":[{"@type":"CommentAction","name":"Comment","target":["http:\/\/elregionalvm.com.ar\/noticias-villa-maria\/opinion-la-pobreza-y-una-argentina-que-duele\/#respond"]}]},{"@type":"WebPage","@id":"http:\/\/elregionalvm.com.ar\/noticias-villa-maria\/opinion-la-pobreza-y-una-argentina-que-duele\/","url":"http:\/\/elregionalvm.com.ar\/noticias-villa-maria\/opinion-la-pobreza-y-una-argentina-que-duele\/","name":"[Opini\u00f3n] La pobreza y una Argentina que duele - El Regional","isPartOf":{"@id":"http:\/\/elregionalvm.com.ar\/noticias-villa-maria\/#website"},"primaryImageOfPage":{"@id":"http:\/\/elregionalvm.com.ar\/noticias-villa-maria\/opinion-la-pobreza-y-una-argentina-que-duele\/#primaryimage"},"image":{"@id":"http:\/\/elregionalvm.com.ar\/noticias-villa-maria\/opinion-la-pobreza-y-una-argentina-que-duele\/#primaryimage"},"thumbnailUrl":"https:\/\/i0.wp.com\/elregionalvm.com.ar\/noticias-villa-maria\/wp-content\/uploads\/2021\/10\/pobreza-argentina.jpg?fit=1200%2C791&ssl=1","datePublished":"2021-10-13T21:38:50+00:00","dateModified":"2021-10-16T03:13:09+00:00","author":{"@id":"http:\/\/elregionalvm.com.ar\/noticias-villa-maria\/#\/schema\/person\/a0fb9c422317faca23d50163151bc354"},"description":"Una familia tipo necesita, hoy, $65.000 mensuales para no ser pobre y $29.000 para no ser indigente. Y estos guarismos crecen cada d\u00eda.","breadcrumb":{"@id":"http:\/\/elregionalvm.com.ar\/noticias-villa-maria\/opinion-la-pobreza-y-una-argentina-que-duele\/#breadcrumb"},"inLanguage":"es","potentialAction":[{"@type":"ReadAction","target":["http:\/\/elregionalvm.com.ar\/noticias-villa-maria\/opinion-la-pobreza-y-una-argentina-que-duele\/"]}]},{"@type":"ImageObject","inLanguage":"es","@id":"http:\/\/elregionalvm.com.ar\/noticias-villa-maria\/opinion-la-pobreza-y-una-argentina-que-duele\/#primaryimage","url":"https:\/\/i0.wp.com\/elregionalvm.com.ar\/noticias-villa-maria\/wp-content\/uploads\/2021\/10\/pobreza-argentina.jpg?fit=1200%2C791&ssl=1","contentUrl":"https:\/\/i0.wp.com\/elregionalvm.com.ar\/noticias-villa-maria\/wp-content\/uploads\/2021\/10\/pobreza-argentina.jpg?fit=1200%2C791&ssl=1","width":1200,"height":791},{"@type":"BreadcrumbList","@id":"http:\/\/elregionalvm.com.ar\/noticias-villa-maria\/opinion-la-pobreza-y-una-argentina-que-duele\/#breadcrumb","itemListElement":[{"@type":"ListItem","position":1,"name":"Portada","item":"https:\/\/elregionalvm.com.ar\/noticias-villa-maria\/"},{"@type":"ListItem","position":2,"name":"[Opini\u00f3n] La pobreza y una Argentina que duele"}]},{"@type":"WebSite","@id":"http:\/\/elregionalvm.com.ar\/noticias-villa-maria\/#website","url":"http:\/\/elregionalvm.com.ar\/noticias-villa-maria\/","name":"El Regional","description":"Mucho m\u00e1s que informaci\u00f3n","potentialAction":[{"@type":"SearchAction","target":{"@type":"EntryPoint","urlTemplate":"http:\/\/elregionalvm.com.ar\/noticias-villa-maria\/?s={search_term_string}"},"query-input":{"@type":"PropertyValueSpecification","valueRequired":true,"valueName":"search_term_string"}}],"inLanguage":"es"},{"@type":"Person","@id":"http:\/\/elregionalvm.com.ar\/noticias-villa-maria\/#\/schema\/person\/a0fb9c422317faca23d50163151bc354","name":"Contenidos El Regional","image":{"@type":"ImageObject","inLanguage":"es","@id":"http:\/\/elregionalvm.com.ar\/noticias-villa-maria\/#\/schema\/person\/image\/","url":"https:\/\/secure.gravatar.com\/avatar\/265b27cb2209af7bb3a1318f03305787d7981a5cc6e6cd08fe5a4ecdf99d4b48?s=96&d=mm&r=g","contentUrl":"https:\/\/secure.gravatar.com\/avatar\/265b27cb2209af7bb3a1318f03305787d7981a5cc6e6cd08fe5a4ecdf99d4b48?s=96&d=mm&r=g","caption":"Contenidos El Regional"},"url":"https:\/\/elregionalvm.com.ar\/noticias-villa-maria\/author\/contenido\/"}]}},"jetpack_featured_media_url":"https:\/\/i0.wp.com\/elregionalvm.com.ar\/noticias-villa-maria\/wp-content\/uploads\/2021\/10\/pobreza-argentina.jpg?fit=1200%2C791&ssl=1","jetpack_sharing_enabled":true,"_links":{"self":[{"href":"https:\/\/elregionalvm.com.ar\/noticias-villa-maria\/wp-json\/wp\/v2\/posts\/46428","targetHints":{"allow":["GET"]}}],"collection":[{"href":"https:\/\/elregionalvm.com.ar\/noticias-villa-maria\/wp-json\/wp\/v2\/posts"}],"about":[{"href":"https:\/\/elregionalvm.com.ar\/noticias-villa-maria\/wp-json\/wp\/v2\/types\/post"}],"author":[{"embeddable":true,"href":"https:\/\/elregionalvm.com.ar\/noticias-villa-maria\/wp-json\/wp\/v2\/users\/4"}],"replies":[{"embeddable":true,"href":"https:\/\/elregionalvm.com.ar\/noticias-villa-maria\/wp-json\/wp\/v2\/comments?post=46428"}],"version-history":[{"count":1,"href":"https:\/\/elregionalvm.com.ar\/noticias-villa-maria\/wp-json\/wp\/v2\/posts\/46428\/revisions"}],"predecessor-version":[{"id":46431,"href":"https:\/\/elregionalvm.com.ar\/noticias-villa-maria\/wp-json\/wp\/v2\/posts\/46428\/revisions\/46431"}],"wp:featuredmedia":[{"embeddable":true,"href":"https:\/\/elregionalvm.com.ar\/noticias-villa-maria\/wp-json\/wp\/v2\/media\/46430"}],"wp:attachment":[{"href":"https:\/\/elregionalvm.com.ar\/noticias-villa-maria\/wp-json\/wp\/v2\/media?parent=46428"}],"wp:term":[{"taxonomy":"category","embeddable":true,"href":"https:\/\/elregionalvm.com.ar\/noticias-villa-maria\/wp-json\/wp\/v2\/categories?post=46428"},{"taxonomy":"post_tag","embeddable":true,"href":"https:\/\/elregionalvm.com.ar\/noticias-villa-maria\/wp-json\/wp\/v2\/tags?post=46428"}],"curies":[{"name":"wp","href":"https:\/\/api.w.org\/{rel}","templated":true}]}}