{"id":46442,"date":"2021-10-13T23:18:03","date_gmt":"2021-10-13T23:18:03","guid":{"rendered":"https:\/\/elregionalvm.com.ar\/noticias-villa-maria\/?p=46442"},"modified":"2021-10-13T23:18:04","modified_gmt":"2021-10-13T23:18:04","slug":"municerca-4-el-viernes-habra-gestiones-de-anses-pami","status":"publish","type":"post","link":"https:\/\/elregionalvm.com.ar\/noticias-villa-maria\/municerca-4-el-viernes-habra-gestiones-de-anses-pami\/","title":{"rendered":"MuniCerca 4: el viernes habr\u00e1 gestiones de ANS\u00c9S, PAMI"},"content":{"rendered":"\n<p>En el marco del trabajo territorial que el municipio desarrolla a trav\u00e9s de la cartera de Inclusi\u00f3n Social y Territorio, el pr\u00f3ximo viernes tendr\u00e1 lugar un operativo con la participaci\u00f3n de las delegaciones de PAMI y ANSES y de la Aditor\u00eda General. <strong>La actividad es impulsada por el MuniCerca 4, y tendr\u00e1 lugar en su sede de V\u00e9lez Sarsfield e Italia, desde las 9 y hasta las 13 horas.<\/strong><\/p>\n\n\n\n<p>Ser\u00e1 la oportunidad para que vecinos de barrios Roque S\u00e1enz Pe\u00f1a, La Calera, G\u00fcemes y Almirante Brown, puedan realizar diferentes tr\u00e1mites vinculados a \u00e1reas de ANSES y PAMI, adem\u00e1s de aquellos relacionados con la actividad de la Auditor\u00eda General.<\/p>\n\n\n\n<p><strong>Algunos de los tr\u00e1mites que se podr\u00e1n realizar son, con respecto a la obra social de jubilados, medicamentos, internaci\u00f3n domiciliaria, solicitud de traslados, anteojos, m\u00e9dicos de cabecera medicamentos especiales y oncolog\u00eda, entre otros. Y en cuanto a ANSES, jubilaci\u00f3n, pensi\u00f3n, reajustes de beneficios previsionales, poderes, AUH, consultas de cr\u00e9ditos, entre otros.<\/strong><\/p>\n\n\n\n<p>La delegaci\u00f3n de la Auditor\u00eda General, en tanto, brindar\u00e1 asesoramiento y atender\u00e1 reclamos por tarifas, bancos, autoplanes, alquileres, estafas, telefon\u00eda celular y fija, y mutuales, solo por nombrar algunos.<\/p>\n","protected":false},"excerpt":{"rendered":"<p>En el marco del trabajo territorial que el municipio desarrolla a trav\u00e9s de la cartera de Inclusi\u00f3n Social y Territorio, el pr\u00f3ximo viernes tendr\u00e1 lugar un operativo con la participaci\u00f3n de las delegaciones de PAMI y ANSES y de la Aditor\u00eda General. La actividad es impulsada por el MuniCerca 4, y tendr\u00e1 lugar en su [&hellip;]<\/p>\n","protected":false},"author":4,"featured_media":46443,"comment_status":"open","ping_status":"open","sticky":false,"template":"","format":"standard","meta":{"site-sidebar-layout":"default","site-content-layout":"default","ast-site-content-layout":"default","site-content-style":"default","site-sidebar-style":"default","ast-global-header-display":"","ast-banner-title-visibility":"","ast-main-header-display":"","ast-hfb-above-header-display":"","ast-hfb-below-header-display":"","ast-hfb-mobile-header-display":"","site-post-title":"","ast-breadcrumbs-content":"","ast-featured-img":"","footer-sml-layout":"","ast-disable-related-posts":"","theme-transparent-header-meta":"default","adv-header-id-meta":"","stick-header-meta":"","header-above-stick-meta":"","header-main-stick-meta":"","header-below-stick-meta":"","astra-migrate-meta-layouts":"default","ast-page-background-enabled":"default","ast-page-background-meta":{"desktop":{"background-color":"","background-image":"","background-repeat":"repeat","background-position":"center center","background-size":"auto","background-attachment":"scroll","background-type":"","background-media":"","overlay-type":"","overlay-color":"","overlay-opacity":"","overlay-gradient":""},"tablet":{"background-color":"","background-image":"","background-repeat":"repeat","background-position":"center center","background-size":"auto","background-attachment":"scroll","background-type":"","background-media":"","overlay-type":"","overlay-color":"","overlay-opacity":"","overlay-gradient":""},"mobile":{"background-color":"","background-image":"","background-repeat":"repeat","background-position":"center center","background-size":"auto","background-attachment":"scroll","background-type":"","background-media":"","overlay-type":"","overlay-color":"","overlay-opacity":"","overlay-gradient":""}},"ast-content-background-meta":{"desktop":{"background-color":"var(--ast-global-color-5)","background-image":"","background-repeat":"repeat","background-position":"center center","background-size":"auto","background-attachment":"scroll","background-type":"","background-media":"","overlay-type":"","overlay-color":"","overlay-opacity":"","overlay-gradient":""},"tablet":{"background-color":"var(--ast-global-color-5)","background-image":"","background-repeat":"repeat","background-position":"center center","background-size":"auto","background-attachment":"scroll","background-type":"","background-media":"","overlay-type":"","overlay-color":"","overlay-opacity":"","overlay-gradient":""},"mobile":{"background-color":"var(--ast-global-color-5)","background-image":"","background-repeat":"repeat","background-position":"center center","background-size":"auto","background-attachment":"scroll","background-type":"","background-media":"","overlay-type":"","overlay-color":"","overlay-opacity":"","overlay-gradient":""}},"_jetpack_memberships_contains_paid_content":false,"_joinchat":[],"footnotes":""},"categories":[2],"tags":[10631,2791,1232,3396,11611,497,2248],"class_list":["post-46442","post","type-post","status-publish","format-standard","has-post-thumbnail","hentry","category-villa-maria","tag-anses-2","tag-auditoria-general","tag-destacado","tag-gestiones","tag-municerca-4","tag-pami","tag-villa-maria-2"],"yoast_head":"<!-- This site is optimized with the Yoast SEO plugin v26.8 - https:\/\/yoast.com\/product\/yoast-seo-wordpress\/ -->\n<title>MuniCerca 4: el viernes habr\u00e1 gestiones de ANS\u00c9S, PAMI - El Regional<\/title>\n<meta name=\"robots\" content=\"index, follow, max-snippet:-1, max-image-preview:large, max-video-preview:-1\" \/>\n<link rel=\"canonical\" href=\"http:\/\/elregionalvm.com.ar\/noticias-villa-maria\/municerca-4-el-viernes-habra-gestiones-de-anses-pami\/\" \/>\n<meta property=\"og:locale\" content=\"es_ES\" \/>\n<meta property=\"og:type\" content=\"article\" \/>\n<meta property=\"og:title\" content=\"MuniCerca 4: el viernes habr\u00e1 gestiones de ANS\u00c9S, PAMI - El Regional\" \/>\n<meta property=\"og:description\" content=\"En el marco del trabajo territorial que el municipio desarrolla a trav\u00e9s de la cartera de Inclusi\u00f3n Social y Territorio, el pr\u00f3ximo viernes tendr\u00e1 lugar un operativo con la participaci\u00f3n de las delegaciones de PAMI y ANSES y de la Aditor\u00eda General. La actividad es impulsada por el MuniCerca 4, y tendr\u00e1 lugar en su [&hellip;]\" \/>\n<meta property=\"og:url\" content=\"http:\/\/elregionalvm.com.ar\/noticias-villa-maria\/municerca-4-el-viernes-habra-gestiones-de-anses-pami\/\" \/>\n<meta property=\"og:site_name\" content=\"El Regional\" \/>\n<meta property=\"article:publisher\" content=\"https:\/\/www.facebook.com\/elregionalvm\" \/>\n<meta property=\"article:published_time\" content=\"2021-10-13T23:18:03+00:00\" \/>\n<meta property=\"article:modified_time\" content=\"2021-10-13T23:18:04+00:00\" \/>\n<meta property=\"og:image\" content=\"http:\/\/elregionalvm.com.ar\/noticias-villa-maria\/wp-content\/uploads\/2021\/10\/Anses-Pami.jpg\" \/>\n\t<meta property=\"og:image:width\" content=\"512\" \/>\n\t<meta property=\"og:image:height\" content=\"307\" \/>\n\t<meta property=\"og:image:type\" content=\"image\/jpeg\" \/>\n<meta name=\"author\" content=\"Contenidos El Regional\" \/>\n<meta name=\"twitter:card\" content=\"summary_large_image\" \/>\n<meta name=\"twitter:creator\" content=\"@elregionalvm1\" \/>\n<meta name=\"twitter:site\" content=\"@elregionalvm1\" \/>\n<meta name=\"twitter:label1\" content=\"Escrito por\" \/>\n\t<meta name=\"twitter:data1\" content=\"Contenidos El Regional\" \/>\n\t<meta name=\"twitter:label2\" content=\"Tiempo de lectura\" \/>\n\t<meta name=\"twitter:data2\" content=\"1 minuto\" \/>\n<script type=\"application\/ld+json\" class=\"yoast-schema-graph\">{\"@context\":\"https:\/\/schema.org\",\"@graph\":[{\"@type\":\"Article\",\"@id\":\"http:\/\/elregionalvm.com.ar\/noticias-villa-maria\/municerca-4-el-viernes-habra-gestiones-de-anses-pami\/#article\",\"isPartOf\":{\"@id\":\"http:\/\/elregionalvm.com.ar\/noticias-villa-maria\/municerca-4-el-viernes-habra-gestiones-de-anses-pami\/\"},\"author\":{\"name\":\"Contenidos El Regional\",\"@id\":\"http:\/\/elregionalvm.com.ar\/noticias-villa-maria\/#\/schema\/person\/a0fb9c422317faca23d50163151bc354\"},\"headline\":\"MuniCerca 4: el viernes habr\u00e1 gestiones de ANS\u00c9S, PAMI\",\"datePublished\":\"2021-10-13T23:18:03+00:00\",\"dateModified\":\"2021-10-13T23:18:04+00:00\",\"mainEntityOfPage\":{\"@id\":\"http:\/\/elregionalvm.com.ar\/noticias-villa-maria\/municerca-4-el-viernes-habra-gestiones-de-anses-pami\/\"},\"wordCount\":217,\"commentCount\":0,\"image\":{\"@id\":\"http:\/\/elregionalvm.com.ar\/noticias-villa-maria\/municerca-4-el-viernes-habra-gestiones-de-anses-pami\/#primaryimage\"},\"thumbnailUrl\":\"https:\/\/i0.wp.com\/elregionalvm.com.ar\/noticias-villa-maria\/wp-content\/uploads\/2021\/10\/Anses-Pami.jpg?fit=512%2C307&ssl=1\",\"keywords\":[\"Ans\u00e9s\",\"Auditor\u00eda General\",\"destacado\",\"gestiones\",\"MuniCerca 4\",\"Pami\",\"Villa Mar\u00eda\"],\"articleSection\":[\"Villa Mar\u00eda\"],\"inLanguage\":\"es\",\"potentialAction\":[{\"@type\":\"CommentAction\",\"name\":\"Comment\",\"target\":[\"http:\/\/elregionalvm.com.ar\/noticias-villa-maria\/municerca-4-el-viernes-habra-gestiones-de-anses-pami\/#respond\"]}]},{\"@type\":\"WebPage\",\"@id\":\"http:\/\/elregionalvm.com.ar\/noticias-villa-maria\/municerca-4-el-viernes-habra-gestiones-de-anses-pami\/\",\"url\":\"http:\/\/elregionalvm.com.ar\/noticias-villa-maria\/municerca-4-el-viernes-habra-gestiones-de-anses-pami\/\",\"name\":\"MuniCerca 4: el viernes habr\u00e1 gestiones de ANS\u00c9S, PAMI - El Regional\",\"isPartOf\":{\"@id\":\"http:\/\/elregionalvm.com.ar\/noticias-villa-maria\/#website\"},\"primaryImageOfPage\":{\"@id\":\"http:\/\/elregionalvm.com.ar\/noticias-villa-maria\/municerca-4-el-viernes-habra-gestiones-de-anses-pami\/#primaryimage\"},\"image\":{\"@id\":\"http:\/\/elregionalvm.com.ar\/noticias-villa-maria\/municerca-4-el-viernes-habra-gestiones-de-anses-pami\/#primaryimage\"},\"thumbnailUrl\":\"https:\/\/i0.wp.com\/elregionalvm.com.ar\/noticias-villa-maria\/wp-content\/uploads\/2021\/10\/Anses-Pami.jpg?fit=512%2C307&ssl=1\",\"datePublished\":\"2021-10-13T23:18:03+00:00\",\"dateModified\":\"2021-10-13T23:18:04+00:00\",\"author\":{\"@id\":\"http:\/\/elregionalvm.com.ar\/noticias-villa-maria\/#\/schema\/person\/a0fb9c422317faca23d50163151bc354\"},\"breadcrumb\":{\"@id\":\"http:\/\/elregionalvm.com.ar\/noticias-villa-maria\/municerca-4-el-viernes-habra-gestiones-de-anses-pami\/#breadcrumb\"},\"inLanguage\":\"es\",\"potentialAction\":[{\"@type\":\"ReadAction\",\"target\":[\"http:\/\/elregionalvm.com.ar\/noticias-villa-maria\/municerca-4-el-viernes-habra-gestiones-de-anses-pami\/\"]}]},{\"@type\":\"ImageObject\",\"inLanguage\":\"es\",\"@id\":\"http:\/\/elregionalvm.com.ar\/noticias-villa-maria\/municerca-4-el-viernes-habra-gestiones-de-anses-pami\/#primaryimage\",\"url\":\"https:\/\/i0.wp.com\/elregionalvm.com.ar\/noticias-villa-maria\/wp-content\/uploads\/2021\/10\/Anses-Pami.jpg?fit=512%2C307&ssl=1\",\"contentUrl\":\"https:\/\/i0.wp.com\/elregionalvm.com.ar\/noticias-villa-maria\/wp-content\/uploads\/2021\/10\/Anses-Pami.jpg?fit=512%2C307&ssl=1\",\"width\":512,\"height\":307},{\"@type\":\"BreadcrumbList\",\"@id\":\"http:\/\/elregionalvm.com.ar\/noticias-villa-maria\/municerca-4-el-viernes-habra-gestiones-de-anses-pami\/#breadcrumb\",\"itemListElement\":[{\"@type\":\"ListItem\",\"position\":1,\"name\":\"Portada\",\"item\":\"https:\/\/elregionalvm.com.ar\/noticias-villa-maria\/\"},{\"@type\":\"ListItem\",\"position\":2,\"name\":\"MuniCerca 4: el viernes habr\u00e1 gestiones de ANS\u00c9S, PAMI\"}]},{\"@type\":\"WebSite\",\"@id\":\"http:\/\/elregionalvm.com.ar\/noticias-villa-maria\/#website\",\"url\":\"http:\/\/elregionalvm.com.ar\/noticias-villa-maria\/\",\"name\":\"El Regional\",\"description\":\"Mucho m\u00e1s que informaci\u00f3n\",\"potentialAction\":[{\"@type\":\"SearchAction\",\"target\":{\"@type\":\"EntryPoint\",\"urlTemplate\":\"http:\/\/elregionalvm.com.ar\/noticias-villa-maria\/?s={search_term_string}\"},\"query-input\":{\"@type\":\"PropertyValueSpecification\",\"valueRequired\":true,\"valueName\":\"search_term_string\"}}],\"inLanguage\":\"es\"},{\"@type\":\"Person\",\"@id\":\"http:\/\/elregionalvm.com.ar\/noticias-villa-maria\/#\/schema\/person\/a0fb9c422317faca23d50163151bc354\",\"name\":\"Contenidos El Regional\",\"image\":{\"@type\":\"ImageObject\",\"inLanguage\":\"es\",\"@id\":\"http:\/\/elregionalvm.com.ar\/noticias-villa-maria\/#\/schema\/person\/image\/\",\"url\":\"https:\/\/secure.gravatar.com\/avatar\/265b27cb2209af7bb3a1318f03305787d7981a5cc6e6cd08fe5a4ecdf99d4b48?s=96&d=mm&r=g\",\"contentUrl\":\"https:\/\/secure.gravatar.com\/avatar\/265b27cb2209af7bb3a1318f03305787d7981a5cc6e6cd08fe5a4ecdf99d4b48?s=96&d=mm&r=g\",\"caption\":\"Contenidos El Regional\"},\"url\":\"https:\/\/elregionalvm.com.ar\/noticias-villa-maria\/author\/contenido\/\"}]}<\/script>\n<!-- \/ Yoast SEO plugin. -->","yoast_head_json":{"title":"MuniCerca 4: el viernes habr\u00e1 gestiones de ANS\u00c9S, PAMI - El Regional","robots":{"index":"index","follow":"follow","max-snippet":"max-snippet:-1","max-image-preview":"max-image-preview:large","max-video-preview":"max-video-preview:-1"},"canonical":"http:\/\/elregionalvm.com.ar\/noticias-villa-maria\/municerca-4-el-viernes-habra-gestiones-de-anses-pami\/","og_locale":"es_ES","og_type":"article","og_title":"MuniCerca 4: el viernes habr\u00e1 gestiones de ANS\u00c9S, PAMI - El Regional","og_description":"En el marco del trabajo territorial que el municipio desarrolla a trav\u00e9s de la cartera de Inclusi\u00f3n Social y Territorio, el pr\u00f3ximo viernes tendr\u00e1 lugar un operativo con la participaci\u00f3n de las delegaciones de PAMI y ANSES y de la Aditor\u00eda General. La actividad es impulsada por el MuniCerca 4, y tendr\u00e1 lugar en su [&hellip;]","og_url":"http:\/\/elregionalvm.com.ar\/noticias-villa-maria\/municerca-4-el-viernes-habra-gestiones-de-anses-pami\/","og_site_name":"El Regional","article_publisher":"https:\/\/www.facebook.com\/elregionalvm","article_published_time":"2021-10-13T23:18:03+00:00","article_modified_time":"2021-10-13T23:18:04+00:00","og_image":[{"width":512,"height":307,"url":"http:\/\/elregionalvm.com.ar\/noticias-villa-maria\/wp-content\/uploads\/2021\/10\/Anses-Pami.jpg","type":"image\/jpeg"}],"author":"Contenidos El Regional","twitter_card":"summary_large_image","twitter_creator":"@elregionalvm1","twitter_site":"@elregionalvm1","twitter_misc":{"Escrito por":"Contenidos El Regional","Tiempo de lectura":"1 minuto"},"schema":{"@context":"https:\/\/schema.org","@graph":[{"@type":"Article","@id":"http:\/\/elregionalvm.com.ar\/noticias-villa-maria\/municerca-4-el-viernes-habra-gestiones-de-anses-pami\/#article","isPartOf":{"@id":"http:\/\/elregionalvm.com.ar\/noticias-villa-maria\/municerca-4-el-viernes-habra-gestiones-de-anses-pami\/"},"author":{"name":"Contenidos El Regional","@id":"http:\/\/elregionalvm.com.ar\/noticias-villa-maria\/#\/schema\/person\/a0fb9c422317faca23d50163151bc354"},"headline":"MuniCerca 4: el viernes habr\u00e1 gestiones de ANS\u00c9S, PAMI","datePublished":"2021-10-13T23:18:03+00:00","dateModified":"2021-10-13T23:18:04+00:00","mainEntityOfPage":{"@id":"http:\/\/elregionalvm.com.ar\/noticias-villa-maria\/municerca-4-el-viernes-habra-gestiones-de-anses-pami\/"},"wordCount":217,"commentCount":0,"image":{"@id":"http:\/\/elregionalvm.com.ar\/noticias-villa-maria\/municerca-4-el-viernes-habra-gestiones-de-anses-pami\/#primaryimage"},"thumbnailUrl":"https:\/\/i0.wp.com\/elregionalvm.com.ar\/noticias-villa-maria\/wp-content\/uploads\/2021\/10\/Anses-Pami.jpg?fit=512%2C307&ssl=1","keywords":["Ans\u00e9s","Auditor\u00eda General","destacado","gestiones","MuniCerca 4","Pami","Villa Mar\u00eda"],"articleSection":["Villa Mar\u00eda"],"inLanguage":"es","potentialAction":[{"@type":"CommentAction","name":"Comment","target":["http:\/\/elregionalvm.com.ar\/noticias-villa-maria\/municerca-4-el-viernes-habra-gestiones-de-anses-pami\/#respond"]}]},{"@type":"WebPage","@id":"http:\/\/elregionalvm.com.ar\/noticias-villa-maria\/municerca-4-el-viernes-habra-gestiones-de-anses-pami\/","url":"http:\/\/elregionalvm.com.ar\/noticias-villa-maria\/municerca-4-el-viernes-habra-gestiones-de-anses-pami\/","name":"MuniCerca 4: el viernes habr\u00e1 gestiones de ANS\u00c9S, PAMI - El Regional","isPartOf":{"@id":"http:\/\/elregionalvm.com.ar\/noticias-villa-maria\/#website"},"primaryImageOfPage":{"@id":"http:\/\/elregionalvm.com.ar\/noticias-villa-maria\/municerca-4-el-viernes-habra-gestiones-de-anses-pami\/#primaryimage"},"image":{"@id":"http:\/\/elregionalvm.com.ar\/noticias-villa-maria\/municerca-4-el-viernes-habra-gestiones-de-anses-pami\/#primaryimage"},"thumbnailUrl":"https:\/\/i0.wp.com\/elregionalvm.com.ar\/noticias-villa-maria\/wp-content\/uploads\/2021\/10\/Anses-Pami.jpg?fit=512%2C307&ssl=1","datePublished":"2021-10-13T23:18:03+00:00","dateModified":"2021-10-13T23:18:04+00:00","author":{"@id":"http:\/\/elregionalvm.com.ar\/noticias-villa-maria\/#\/schema\/person\/a0fb9c422317faca23d50163151bc354"},"breadcrumb":{"@id":"http:\/\/elregionalvm.com.ar\/noticias-villa-maria\/municerca-4-el-viernes-habra-gestiones-de-anses-pami\/#breadcrumb"},"inLanguage":"es","potentialAction":[{"@type":"ReadAction","target":["http:\/\/elregionalvm.com.ar\/noticias-villa-maria\/municerca-4-el-viernes-habra-gestiones-de-anses-pami\/"]}]},{"@type":"ImageObject","inLanguage":"es","@id":"http:\/\/elregionalvm.com.ar\/noticias-villa-maria\/municerca-4-el-viernes-habra-gestiones-de-anses-pami\/#primaryimage","url":"https:\/\/i0.wp.com\/elregionalvm.com.ar\/noticias-villa-maria\/wp-content\/uploads\/2021\/10\/Anses-Pami.jpg?fit=512%2C307&ssl=1","contentUrl":"https:\/\/i0.wp.com\/elregionalvm.com.ar\/noticias-villa-maria\/wp-content\/uploads\/2021\/10\/Anses-Pami.jpg?fit=512%2C307&ssl=1","width":512,"height":307},{"@type":"BreadcrumbList","@id":"http:\/\/elregionalvm.com.ar\/noticias-villa-maria\/municerca-4-el-viernes-habra-gestiones-de-anses-pami\/#breadcrumb","itemListElement":[{"@type":"ListItem","position":1,"name":"Portada","item":"https:\/\/elregionalvm.com.ar\/noticias-villa-maria\/"},{"@type":"ListItem","position":2,"name":"MuniCerca 4: el viernes habr\u00e1 gestiones de ANS\u00c9S, PAMI"}]},{"@type":"WebSite","@id":"http:\/\/elregionalvm.com.ar\/noticias-villa-maria\/#website","url":"http:\/\/elregionalvm.com.ar\/noticias-villa-maria\/","name":"El Regional","description":"Mucho m\u00e1s que informaci\u00f3n","potentialAction":[{"@type":"SearchAction","target":{"@type":"EntryPoint","urlTemplate":"http:\/\/elregionalvm.com.ar\/noticias-villa-maria\/?s={search_term_string}"},"query-input":{"@type":"PropertyValueSpecification","valueRequired":true,"valueName":"search_term_string"}}],"inLanguage":"es"},{"@type":"Person","@id":"http:\/\/elregionalvm.com.ar\/noticias-villa-maria\/#\/schema\/person\/a0fb9c422317faca23d50163151bc354","name":"Contenidos El Regional","image":{"@type":"ImageObject","inLanguage":"es","@id":"http:\/\/elregionalvm.com.ar\/noticias-villa-maria\/#\/schema\/person\/image\/","url":"https:\/\/secure.gravatar.com\/avatar\/265b27cb2209af7bb3a1318f03305787d7981a5cc6e6cd08fe5a4ecdf99d4b48?s=96&d=mm&r=g","contentUrl":"https:\/\/secure.gravatar.com\/avatar\/265b27cb2209af7bb3a1318f03305787d7981a5cc6e6cd08fe5a4ecdf99d4b48?s=96&d=mm&r=g","caption":"Contenidos El Regional"},"url":"https:\/\/elregionalvm.com.ar\/noticias-villa-maria\/author\/contenido\/"}]}},"jetpack_featured_media_url":"https:\/\/i0.wp.com\/elregionalvm.com.ar\/noticias-villa-maria\/wp-content\/uploads\/2021\/10\/Anses-Pami.jpg?fit=512%2C307&ssl=1","jetpack_sharing_enabled":true,"_links":{"self":[{"href":"https:\/\/elregionalvm.com.ar\/noticias-villa-maria\/wp-json\/wp\/v2\/posts\/46442","targetHints":{"allow":["GET"]}}],"collection":[{"href":"https:\/\/elregionalvm.com.ar\/noticias-villa-maria\/wp-json\/wp\/v2\/posts"}],"about":[{"href":"https:\/\/elregionalvm.com.ar\/noticias-villa-maria\/wp-json\/wp\/v2\/types\/post"}],"author":[{"embeddable":true,"href":"https:\/\/elregionalvm.com.ar\/noticias-villa-maria\/wp-json\/wp\/v2\/users\/4"}],"replies":[{"embeddable":true,"href":"https:\/\/elregionalvm.com.ar\/noticias-villa-maria\/wp-json\/wp\/v2\/comments?post=46442"}],"version-history":[{"count":1,"href":"https:\/\/elregionalvm.com.ar\/noticias-villa-maria\/wp-json\/wp\/v2\/posts\/46442\/revisions"}],"predecessor-version":[{"id":46444,"href":"https:\/\/elregionalvm.com.ar\/noticias-villa-maria\/wp-json\/wp\/v2\/posts\/46442\/revisions\/46444"}],"wp:featuredmedia":[{"embeddable":true,"href":"https:\/\/elregionalvm.com.ar\/noticias-villa-maria\/wp-json\/wp\/v2\/media\/46443"}],"wp:attachment":[{"href":"https:\/\/elregionalvm.com.ar\/noticias-villa-maria\/wp-json\/wp\/v2\/media?parent=46442"}],"wp:term":[{"taxonomy":"category","embeddable":true,"href":"https:\/\/elregionalvm.com.ar\/noticias-villa-maria\/wp-json\/wp\/v2\/categories?post=46442"},{"taxonomy":"post_tag","embeddable":true,"href":"https:\/\/elregionalvm.com.ar\/noticias-villa-maria\/wp-json\/wp\/v2\/tags?post=46442"}],"curies":[{"name":"wp","href":"https:\/\/api.w.org\/{rel}","templated":true}]}}