{"id":46449,"date":"2021-10-14T00:07:43","date_gmt":"2021-10-14T00:07:43","guid":{"rendered":"https:\/\/elregionalvm.com.ar\/noticias-villa-maria\/?p=46449"},"modified":"2021-10-14T00:07:47","modified_gmt":"2021-10-14T00:07:47","slug":"la-provincia-entrego-insumos-y-aportes-en-localidades-del-departamento-san-martin","status":"publish","type":"post","link":"https:\/\/elregionalvm.com.ar\/noticias-villa-maria\/la-provincia-entrego-insumos-y-aportes-en-localidades-del-departamento-san-martin\/","title":{"rendered":"La Provincia entreg\u00f3 insumos y aportes en localidades del Departamento San Mart\u00edn"},"content":{"rendered":"\n<p>Los ministros de Gobierno, Facundo Torres y de Industria, Comercio y Miner\u00eda, Eduardo Accastello, presidieron el acto de entrega de Ec\u00f3grafos, Kits Ginecol\u00f3gicos, Kits APS y aportes del Fondo Complementario de Obras de Infraestructura para Municipios, Comunas y Comunidades Regionales \u2013FOCOM-, a diferentes destinos, a localidades del departamento General San Mart\u00edn.<\/p>\n\n\n\n<p>El evento tuvo lugar en la tarde de este mi\u00e9rcoles, en el Centro C\u00edvico de la ciudad de Villa Mar\u00eda, con la presencia de los Intendentes de Arroyo Algod\u00f3n, Arroyo Cabral, Luca, La Palestina y Ausonia; y las Intendentas de La Playosa, T\u00edo Pujio y Silvio Pellico.<\/p>\n\n\n\n<p>Se entregaron:<\/p>\n\n\n\n<p><br>&#8211;<strong> Arroyo Cabral<\/strong>: Un Ec\u00f3grafo.<br>&#8211;<strong>La Playosa<\/strong>: Un Ec\u00f3grafo y un Kit Ginecol\u00f3gico y<br>&#8211;<strong>Luca<\/strong>: Un Kit Ginecol\u00f3gico<br>&#8211;<strong>Arroyo Algod\u00f3n<\/strong>: Un Kit Ginecol\u00f3gico<br>&#8211;<strong>La Palestina<\/strong>: Un Ec\u00f3grafo<br>&#8211;<strong>Silvio Pellico<\/strong>: FOCOM por 1.500.000 pesos destinada a para obras de electricidad<br>&#8211;<strong>T\u00edo Pujio<\/strong>: FOCOM por 2.000.000 de pesos para la adquisici\u00f3n de una unidad de traslado<br>&#8211;<strong>Ausonia<\/strong>: Un Ec\u00f3grafo .y entrega de la documentaci\u00f3n de la extensi\u00f3n del Ejido Municipal.<\/p>\n\n\n\n<figure class=\"wp-block-image size-large\"><img data-recalc-dims=\"1\" fetchpriority=\"high\" decoding=\"async\" width=\"1024\" height=\"576\" src=\"https:\/\/i0.wp.com\/elregionalvm.com.ar\/noticias-villa-maria\/wp-content\/uploads\/2021\/10\/WhatsApp-Image-2021-10-13-at-19.31.29-1-1.jpeg?resize=1024%2C576&#038;ssl=1\" alt=\"\" class=\"wp-image-46452\" srcset=\"https:\/\/i0.wp.com\/elregionalvm.com.ar\/noticias-villa-maria\/wp-content\/uploads\/2021\/10\/WhatsApp-Image-2021-10-13-at-19.31.29-1-1.jpeg?resize=1024%2C576&amp;ssl=1 1024w, https:\/\/i0.wp.com\/elregionalvm.com.ar\/noticias-villa-maria\/wp-content\/uploads\/2021\/10\/WhatsApp-Image-2021-10-13-at-19.31.29-1-1.jpeg?resize=300%2C169&amp;ssl=1 300w, https:\/\/i0.wp.com\/elregionalvm.com.ar\/noticias-villa-maria\/wp-content\/uploads\/2021\/10\/WhatsApp-Image-2021-10-13-at-19.31.29-1-1.jpeg?resize=768%2C432&amp;ssl=1 768w, https:\/\/i0.wp.com\/elregionalvm.com.ar\/noticias-villa-maria\/wp-content\/uploads\/2021\/10\/WhatsApp-Image-2021-10-13-at-19.31.29-1-1.jpeg?w=1280&amp;ssl=1 1280w\" sizes=\"(max-width: 1000px) 100vw, 1000px\" \/><\/figure>\n\n\n\n<p>El ministro de Gobierno expres\u00f3: \u201cPara m\u00ed es un orgullo estar hoy con ustedes acompa\u00f1\u00e1ndolos en representaci\u00f3n del Gobierno de la Provincia, en el marco de todas estas soluciones que hoy acercamos al departamento San Mart\u00edn, siempre de manera profundamente federal trabajando con cada gobierno local para beneficiar a todos los cordobeses vivan donde vivan\u201d.<\/p>\n\n\n\n<p>Al hacer uso de la palabra, el ministro Eduardo Accastello celebr\u00f3 la entrega de estas ayudas que vuelven a cada comunidad e indic\u00f3 que c\u00f3mo dice el gobernador Schiaretti \u201cen C\u00f3rdoba trabajamos para que todos los pueblos tengan un fuerte desarrollo, sin diferencias\u201d.<\/p>\n\n\n\n<p>\u201cAqu\u00ed est\u00e1n los intendentes de las localidades del departamento San Mart\u00edn con quienes tenemos proyectos que se van a ir concretando en los pr\u00f3ximos meses, no s\u00f3lo en materia de obras sino tambi\u00e9n de servicios\u201d, dijo Accastello y destac\u00f3 la creaci\u00f3n y habilitaci\u00f3n de Parques Industriales, la pavimentaci\u00f3n de la ruta de acceso a Silvio Pellico, y los aportes a los establecimientos escolares.<\/p>\n\n\n\n<p>Posteriormente, ambos Ministros se dirigieron a la localidad de Etruria a fin de hacer entrega de un Kit APS y FOCOM por 2.000.000 de pesos para obras cord\u00f3n cuneta y adoquinado.<\/p>\n\n\n\n<p>Y, finalmente, en Pasco, ambos funcionarios entregaron FOCOM por 2.000.000 de pesos para compra de un veh\u00edculo para la prestaci\u00f3n de servicios y 700.000 pesos del Fondo Permanente y, tambi\u00e9n, un kit APS.<\/p>\n","protected":false},"excerpt":{"rendered":"<p>Los ministros de Gobierno, Facundo Torres y de Industria, Comercio y Miner\u00eda, Eduardo Accastello, presidieron el acto de entrega de Ec\u00f3grafos, Kits Ginecol\u00f3gicos, Kits APS y aportes del Fondo Complementario de Obras de Infraestructura para Municipios, Comunas y Comunidades Regionales \u2013FOCOM-, a diferentes destinos, a localidades del departamento General San Mart\u00edn. El evento tuvo lugar [&hellip;]<\/p>\n","protected":false},"author":4,"featured_media":46451,"comment_status":"open","ping_status":"open","sticky":false,"template":"","format":"standard","meta":{"site-sidebar-layout":"default","site-content-layout":"default","ast-site-content-layout":"default","site-content-style":"default","site-sidebar-style":"default","ast-global-header-display":"","ast-banner-title-visibility":"","ast-main-header-display":"","ast-hfb-above-header-display":"","ast-hfb-below-header-display":"","ast-hfb-mobile-header-display":"","site-post-title":"","ast-breadcrumbs-content":"","ast-featured-img":"","footer-sml-layout":"","ast-disable-related-posts":"","theme-transparent-header-meta":"default","adv-header-id-meta":"","stick-header-meta":"","header-above-stick-meta":"","header-main-stick-meta":"","header-below-stick-meta":"","astra-migrate-meta-layouts":"default","ast-page-background-enabled":"default","ast-page-background-meta":{"desktop":{"background-color":"","background-image":"","background-repeat":"repeat","background-position":"center center","background-size":"auto","background-attachment":"scroll","background-type":"","background-media":"","overlay-type":"","overlay-color":"","overlay-opacity":"","overlay-gradient":""},"tablet":{"background-color":"","background-image":"","background-repeat":"repeat","background-position":"center center","background-size":"auto","background-attachment":"scroll","background-type":"","background-media":"","overlay-type":"","overlay-color":"","overlay-opacity":"","overlay-gradient":""},"mobile":{"background-color":"","background-image":"","background-repeat":"repeat","background-position":"center center","background-size":"auto","background-attachment":"scroll","background-type":"","background-media":"","overlay-type":"","overlay-color":"","overlay-opacity":"","overlay-gradient":""}},"ast-content-background-meta":{"desktop":{"background-color":"var(--ast-global-color-5)","background-image":"","background-repeat":"repeat","background-position":"center center","background-size":"auto","background-attachment":"scroll","background-type":"","background-media":"","overlay-type":"","overlay-color":"","overlay-opacity":"","overlay-gradient":""},"tablet":{"background-color":"var(--ast-global-color-5)","background-image":"","background-repeat":"repeat","background-position":"center center","background-size":"auto","background-attachment":"scroll","background-type":"","background-media":"","overlay-type":"","overlay-color":"","overlay-opacity":"","overlay-gradient":""},"mobile":{"background-color":"var(--ast-global-color-5)","background-image":"","background-repeat":"repeat","background-position":"center center","background-size":"auto","background-attachment":"scroll","background-type":"","background-media":"","overlay-type":"","overlay-color":"","overlay-opacity":"","overlay-gradient":""}},"_jetpack_memberships_contains_paid_content":false,"_joinchat":[],"footnotes":""},"categories":[2091],"tags":[11613,1417,1232,2038,11614,3040,11612,11615],"class_list":["post-46449","post","type-post","status-publish","format-standard","has-post-thumbnail","hentry","category-region","tag-aportes-focom","tag-departamento-general-san-martin","tag-destacado","tag-eduardo-accastello","tag-facundo-torres","tag-gobierno-de-cordoba","tag-insumos-de-salud","tag-localidades"],"yoast_head":"<!-- This site is optimized with the Yoast SEO plugin v26.8 - https:\/\/yoast.com\/product\/yoast-seo-wordpress\/ -->\n<title>La Provincia entreg\u00f3 insumos y aportes en localidades del Departamento San Mart\u00edn - El Regional<\/title>\n<meta name=\"robots\" content=\"index, follow, max-snippet:-1, max-image-preview:large, max-video-preview:-1\" \/>\n<link rel=\"canonical\" href=\"http:\/\/elregionalvm.com.ar\/noticias-villa-maria\/la-provincia-entrego-insumos-y-aportes-en-localidades-del-departamento-san-martin\/\" \/>\n<meta property=\"og:locale\" content=\"es_ES\" \/>\n<meta property=\"og:type\" content=\"article\" \/>\n<meta property=\"og:title\" content=\"La Provincia entreg\u00f3 insumos y aportes en localidades del Departamento San Mart\u00edn - El Regional\" \/>\n<meta property=\"og:description\" content=\"Los ministros de Gobierno, Facundo Torres y de Industria, Comercio y Miner\u00eda, Eduardo Accastello, presidieron el acto de entrega de Ec\u00f3grafos, Kits Ginecol\u00f3gicos, Kits APS y aportes del Fondo Complementario de Obras de Infraestructura para Municipios, Comunas y Comunidades Regionales \u2013FOCOM-, a diferentes destinos, a localidades del departamento General San Mart\u00edn. El evento tuvo lugar [&hellip;]\" \/>\n<meta property=\"og:url\" content=\"http:\/\/elregionalvm.com.ar\/noticias-villa-maria\/la-provincia-entrego-insumos-y-aportes-en-localidades-del-departamento-san-martin\/\" \/>\n<meta property=\"og:site_name\" content=\"El Regional\" \/>\n<meta property=\"article:publisher\" content=\"https:\/\/www.facebook.com\/elregionalvm\" \/>\n<meta property=\"article:published_time\" content=\"2021-10-14T00:07:43+00:00\" \/>\n<meta property=\"article:modified_time\" content=\"2021-10-14T00:07:47+00:00\" \/>\n<meta property=\"og:image\" content=\"http:\/\/elregionalvm.com.ar\/noticias-villa-maria\/wp-content\/uploads\/2021\/10\/WhatsApp-Image-2021-10-13-at-19.31.29-1.jpeg\" \/>\n\t<meta property=\"og:image:width\" content=\"1280\" \/>\n\t<meta property=\"og:image:height\" content=\"720\" \/>\n\t<meta property=\"og:image:type\" content=\"image\/jpeg\" \/>\n<meta name=\"author\" content=\"Contenidos El Regional\" \/>\n<meta name=\"twitter:card\" content=\"summary_large_image\" \/>\n<meta name=\"twitter:creator\" content=\"@elregionalvm1\" \/>\n<meta name=\"twitter:site\" content=\"@elregionalvm1\" \/>\n<meta name=\"twitter:label1\" content=\"Escrito por\" \/>\n\t<meta name=\"twitter:data1\" content=\"Contenidos El Regional\" \/>\n\t<meta name=\"twitter:label2\" content=\"Tiempo de lectura\" \/>\n\t<meta name=\"twitter:data2\" content=\"2 minutos\" \/>\n<script type=\"application\/ld+json\" class=\"yoast-schema-graph\">{\"@context\":\"https:\/\/schema.org\",\"@graph\":[{\"@type\":\"Article\",\"@id\":\"http:\/\/elregionalvm.com.ar\/noticias-villa-maria\/la-provincia-entrego-insumos-y-aportes-en-localidades-del-departamento-san-martin\/#article\",\"isPartOf\":{\"@id\":\"http:\/\/elregionalvm.com.ar\/noticias-villa-maria\/la-provincia-entrego-insumos-y-aportes-en-localidades-del-departamento-san-martin\/\"},\"author\":{\"name\":\"Contenidos El Regional\",\"@id\":\"http:\/\/elregionalvm.com.ar\/noticias-villa-maria\/#\/schema\/person\/a0fb9c422317faca23d50163151bc354\"},\"headline\":\"La Provincia entreg\u00f3 insumos y aportes en localidades del Departamento San Mart\u00edn\",\"datePublished\":\"2021-10-14T00:07:43+00:00\",\"dateModified\":\"2021-10-14T00:07:47+00:00\",\"mainEntityOfPage\":{\"@id\":\"http:\/\/elregionalvm.com.ar\/noticias-villa-maria\/la-provincia-entrego-insumos-y-aportes-en-localidades-del-departamento-san-martin\/\"},\"wordCount\":433,\"commentCount\":0,\"image\":{\"@id\":\"http:\/\/elregionalvm.com.ar\/noticias-villa-maria\/la-provincia-entrego-insumos-y-aportes-en-localidades-del-departamento-san-martin\/#primaryimage\"},\"thumbnailUrl\":\"https:\/\/i0.wp.com\/elregionalvm.com.ar\/noticias-villa-maria\/wp-content\/uploads\/2021\/10\/WhatsApp-Image-2021-10-13-at-19.31.29-1.jpeg?fit=1280%2C720&ssl=1\",\"keywords\":[\"aportes FOCOM\",\"Departamento General San Mart\u00edn\",\"destacado\",\"Eduardo Accastello\",\"Facundo Torres\",\"Gobierno de C\u00f3rdoba\",\"\u00ednsumos de salud\",\"localidades\"],\"articleSection\":[\"Regi\u00f3n\"],\"inLanguage\":\"es\",\"potentialAction\":[{\"@type\":\"CommentAction\",\"name\":\"Comment\",\"target\":[\"http:\/\/elregionalvm.com.ar\/noticias-villa-maria\/la-provincia-entrego-insumos-y-aportes-en-localidades-del-departamento-san-martin\/#respond\"]}]},{\"@type\":\"WebPage\",\"@id\":\"http:\/\/elregionalvm.com.ar\/noticias-villa-maria\/la-provincia-entrego-insumos-y-aportes-en-localidades-del-departamento-san-martin\/\",\"url\":\"http:\/\/elregionalvm.com.ar\/noticias-villa-maria\/la-provincia-entrego-insumos-y-aportes-en-localidades-del-departamento-san-martin\/\",\"name\":\"La Provincia entreg\u00f3 insumos y aportes en localidades del Departamento San Mart\u00edn - El Regional\",\"isPartOf\":{\"@id\":\"http:\/\/elregionalvm.com.ar\/noticias-villa-maria\/#website\"},\"primaryImageOfPage\":{\"@id\":\"http:\/\/elregionalvm.com.ar\/noticias-villa-maria\/la-provincia-entrego-insumos-y-aportes-en-localidades-del-departamento-san-martin\/#primaryimage\"},\"image\":{\"@id\":\"http:\/\/elregionalvm.com.ar\/noticias-villa-maria\/la-provincia-entrego-insumos-y-aportes-en-localidades-del-departamento-san-martin\/#primaryimage\"},\"thumbnailUrl\":\"https:\/\/i0.wp.com\/elregionalvm.com.ar\/noticias-villa-maria\/wp-content\/uploads\/2021\/10\/WhatsApp-Image-2021-10-13-at-19.31.29-1.jpeg?fit=1280%2C720&ssl=1\",\"datePublished\":\"2021-10-14T00:07:43+00:00\",\"dateModified\":\"2021-10-14T00:07:47+00:00\",\"author\":{\"@id\":\"http:\/\/elregionalvm.com.ar\/noticias-villa-maria\/#\/schema\/person\/a0fb9c422317faca23d50163151bc354\"},\"breadcrumb\":{\"@id\":\"http:\/\/elregionalvm.com.ar\/noticias-villa-maria\/la-provincia-entrego-insumos-y-aportes-en-localidades-del-departamento-san-martin\/#breadcrumb\"},\"inLanguage\":\"es\",\"potentialAction\":[{\"@type\":\"ReadAction\",\"target\":[\"http:\/\/elregionalvm.com.ar\/noticias-villa-maria\/la-provincia-entrego-insumos-y-aportes-en-localidades-del-departamento-san-martin\/\"]}]},{\"@type\":\"ImageObject\",\"inLanguage\":\"es\",\"@id\":\"http:\/\/elregionalvm.com.ar\/noticias-villa-maria\/la-provincia-entrego-insumos-y-aportes-en-localidades-del-departamento-san-martin\/#primaryimage\",\"url\":\"https:\/\/i0.wp.com\/elregionalvm.com.ar\/noticias-villa-maria\/wp-content\/uploads\/2021\/10\/WhatsApp-Image-2021-10-13-at-19.31.29-1.jpeg?fit=1280%2C720&ssl=1\",\"contentUrl\":\"https:\/\/i0.wp.com\/elregionalvm.com.ar\/noticias-villa-maria\/wp-content\/uploads\/2021\/10\/WhatsApp-Image-2021-10-13-at-19.31.29-1.jpeg?fit=1280%2C720&ssl=1\",\"width\":1280,\"height\":720},{\"@type\":\"BreadcrumbList\",\"@id\":\"http:\/\/elregionalvm.com.ar\/noticias-villa-maria\/la-provincia-entrego-insumos-y-aportes-en-localidades-del-departamento-san-martin\/#breadcrumb\",\"itemListElement\":[{\"@type\":\"ListItem\",\"position\":1,\"name\":\"Portada\",\"item\":\"https:\/\/elregionalvm.com.ar\/noticias-villa-maria\/\"},{\"@type\":\"ListItem\",\"position\":2,\"name\":\"La Provincia entreg\u00f3 insumos y aportes en localidades del Departamento San Mart\u00edn\"}]},{\"@type\":\"WebSite\",\"@id\":\"http:\/\/elregionalvm.com.ar\/noticias-villa-maria\/#website\",\"url\":\"http:\/\/elregionalvm.com.ar\/noticias-villa-maria\/\",\"name\":\"El Regional\",\"description\":\"Mucho m\u00e1s que informaci\u00f3n\",\"potentialAction\":[{\"@type\":\"SearchAction\",\"target\":{\"@type\":\"EntryPoint\",\"urlTemplate\":\"http:\/\/elregionalvm.com.ar\/noticias-villa-maria\/?s={search_term_string}\"},\"query-input\":{\"@type\":\"PropertyValueSpecification\",\"valueRequired\":true,\"valueName\":\"search_term_string\"}}],\"inLanguage\":\"es\"},{\"@type\":\"Person\",\"@id\":\"http:\/\/elregionalvm.com.ar\/noticias-villa-maria\/#\/schema\/person\/a0fb9c422317faca23d50163151bc354\",\"name\":\"Contenidos El Regional\",\"image\":{\"@type\":\"ImageObject\",\"inLanguage\":\"es\",\"@id\":\"http:\/\/elregionalvm.com.ar\/noticias-villa-maria\/#\/schema\/person\/image\/\",\"url\":\"https:\/\/secure.gravatar.com\/avatar\/265b27cb2209af7bb3a1318f03305787d7981a5cc6e6cd08fe5a4ecdf99d4b48?s=96&d=mm&r=g\",\"contentUrl\":\"https:\/\/secure.gravatar.com\/avatar\/265b27cb2209af7bb3a1318f03305787d7981a5cc6e6cd08fe5a4ecdf99d4b48?s=96&d=mm&r=g\",\"caption\":\"Contenidos El Regional\"},\"url\":\"https:\/\/elregionalvm.com.ar\/noticias-villa-maria\/author\/contenido\/\"}]}<\/script>\n<!-- \/ Yoast SEO plugin. -->","yoast_head_json":{"title":"La Provincia entreg\u00f3 insumos y aportes en localidades del Departamento San Mart\u00edn - El Regional","robots":{"index":"index","follow":"follow","max-snippet":"max-snippet:-1","max-image-preview":"max-image-preview:large","max-video-preview":"max-video-preview:-1"},"canonical":"http:\/\/elregionalvm.com.ar\/noticias-villa-maria\/la-provincia-entrego-insumos-y-aportes-en-localidades-del-departamento-san-martin\/","og_locale":"es_ES","og_type":"article","og_title":"La Provincia entreg\u00f3 insumos y aportes en localidades del Departamento San Mart\u00edn - El Regional","og_description":"Los ministros de Gobierno, Facundo Torres y de Industria, Comercio y Miner\u00eda, Eduardo Accastello, presidieron el acto de entrega de Ec\u00f3grafos, Kits Ginecol\u00f3gicos, Kits APS y aportes del Fondo Complementario de Obras de Infraestructura para Municipios, Comunas y Comunidades Regionales \u2013FOCOM-, a diferentes destinos, a localidades del departamento General San Mart\u00edn. El evento tuvo lugar [&hellip;]","og_url":"http:\/\/elregionalvm.com.ar\/noticias-villa-maria\/la-provincia-entrego-insumos-y-aportes-en-localidades-del-departamento-san-martin\/","og_site_name":"El Regional","article_publisher":"https:\/\/www.facebook.com\/elregionalvm","article_published_time":"2021-10-14T00:07:43+00:00","article_modified_time":"2021-10-14T00:07:47+00:00","og_image":[{"width":1280,"height":720,"url":"http:\/\/elregionalvm.com.ar\/noticias-villa-maria\/wp-content\/uploads\/2021\/10\/WhatsApp-Image-2021-10-13-at-19.31.29-1.jpeg","type":"image\/jpeg"}],"author":"Contenidos El Regional","twitter_card":"summary_large_image","twitter_creator":"@elregionalvm1","twitter_site":"@elregionalvm1","twitter_misc":{"Escrito por":"Contenidos El Regional","Tiempo de lectura":"2 minutos"},"schema":{"@context":"https:\/\/schema.org","@graph":[{"@type":"Article","@id":"http:\/\/elregionalvm.com.ar\/noticias-villa-maria\/la-provincia-entrego-insumos-y-aportes-en-localidades-del-departamento-san-martin\/#article","isPartOf":{"@id":"http:\/\/elregionalvm.com.ar\/noticias-villa-maria\/la-provincia-entrego-insumos-y-aportes-en-localidades-del-departamento-san-martin\/"},"author":{"name":"Contenidos El Regional","@id":"http:\/\/elregionalvm.com.ar\/noticias-villa-maria\/#\/schema\/person\/a0fb9c422317faca23d50163151bc354"},"headline":"La Provincia entreg\u00f3 insumos y aportes en localidades del Departamento San Mart\u00edn","datePublished":"2021-10-14T00:07:43+00:00","dateModified":"2021-10-14T00:07:47+00:00","mainEntityOfPage":{"@id":"http:\/\/elregionalvm.com.ar\/noticias-villa-maria\/la-provincia-entrego-insumos-y-aportes-en-localidades-del-departamento-san-martin\/"},"wordCount":433,"commentCount":0,"image":{"@id":"http:\/\/elregionalvm.com.ar\/noticias-villa-maria\/la-provincia-entrego-insumos-y-aportes-en-localidades-del-departamento-san-martin\/#primaryimage"},"thumbnailUrl":"https:\/\/i0.wp.com\/elregionalvm.com.ar\/noticias-villa-maria\/wp-content\/uploads\/2021\/10\/WhatsApp-Image-2021-10-13-at-19.31.29-1.jpeg?fit=1280%2C720&ssl=1","keywords":["aportes FOCOM","Departamento General San Mart\u00edn","destacado","Eduardo Accastello","Facundo Torres","Gobierno de C\u00f3rdoba","\u00ednsumos de salud","localidades"],"articleSection":["Regi\u00f3n"],"inLanguage":"es","potentialAction":[{"@type":"CommentAction","name":"Comment","target":["http:\/\/elregionalvm.com.ar\/noticias-villa-maria\/la-provincia-entrego-insumos-y-aportes-en-localidades-del-departamento-san-martin\/#respond"]}]},{"@type":"WebPage","@id":"http:\/\/elregionalvm.com.ar\/noticias-villa-maria\/la-provincia-entrego-insumos-y-aportes-en-localidades-del-departamento-san-martin\/","url":"http:\/\/elregionalvm.com.ar\/noticias-villa-maria\/la-provincia-entrego-insumos-y-aportes-en-localidades-del-departamento-san-martin\/","name":"La Provincia entreg\u00f3 insumos y aportes en localidades del Departamento San Mart\u00edn - El Regional","isPartOf":{"@id":"http:\/\/elregionalvm.com.ar\/noticias-villa-maria\/#website"},"primaryImageOfPage":{"@id":"http:\/\/elregionalvm.com.ar\/noticias-villa-maria\/la-provincia-entrego-insumos-y-aportes-en-localidades-del-departamento-san-martin\/#primaryimage"},"image":{"@id":"http:\/\/elregionalvm.com.ar\/noticias-villa-maria\/la-provincia-entrego-insumos-y-aportes-en-localidades-del-departamento-san-martin\/#primaryimage"},"thumbnailUrl":"https:\/\/i0.wp.com\/elregionalvm.com.ar\/noticias-villa-maria\/wp-content\/uploads\/2021\/10\/WhatsApp-Image-2021-10-13-at-19.31.29-1.jpeg?fit=1280%2C720&ssl=1","datePublished":"2021-10-14T00:07:43+00:00","dateModified":"2021-10-14T00:07:47+00:00","author":{"@id":"http:\/\/elregionalvm.com.ar\/noticias-villa-maria\/#\/schema\/person\/a0fb9c422317faca23d50163151bc354"},"breadcrumb":{"@id":"http:\/\/elregionalvm.com.ar\/noticias-villa-maria\/la-provincia-entrego-insumos-y-aportes-en-localidades-del-departamento-san-martin\/#breadcrumb"},"inLanguage":"es","potentialAction":[{"@type":"ReadAction","target":["http:\/\/elregionalvm.com.ar\/noticias-villa-maria\/la-provincia-entrego-insumos-y-aportes-en-localidades-del-departamento-san-martin\/"]}]},{"@type":"ImageObject","inLanguage":"es","@id":"http:\/\/elregionalvm.com.ar\/noticias-villa-maria\/la-provincia-entrego-insumos-y-aportes-en-localidades-del-departamento-san-martin\/#primaryimage","url":"https:\/\/i0.wp.com\/elregionalvm.com.ar\/noticias-villa-maria\/wp-content\/uploads\/2021\/10\/WhatsApp-Image-2021-10-13-at-19.31.29-1.jpeg?fit=1280%2C720&ssl=1","contentUrl":"https:\/\/i0.wp.com\/elregionalvm.com.ar\/noticias-villa-maria\/wp-content\/uploads\/2021\/10\/WhatsApp-Image-2021-10-13-at-19.31.29-1.jpeg?fit=1280%2C720&ssl=1","width":1280,"height":720},{"@type":"BreadcrumbList","@id":"http:\/\/elregionalvm.com.ar\/noticias-villa-maria\/la-provincia-entrego-insumos-y-aportes-en-localidades-del-departamento-san-martin\/#breadcrumb","itemListElement":[{"@type":"ListItem","position":1,"name":"Portada","item":"https:\/\/elregionalvm.com.ar\/noticias-villa-maria\/"},{"@type":"ListItem","position":2,"name":"La Provincia entreg\u00f3 insumos y aportes en localidades del Departamento San Mart\u00edn"}]},{"@type":"WebSite","@id":"http:\/\/elregionalvm.com.ar\/noticias-villa-maria\/#website","url":"http:\/\/elregionalvm.com.ar\/noticias-villa-maria\/","name":"El Regional","description":"Mucho m\u00e1s que informaci\u00f3n","potentialAction":[{"@type":"SearchAction","target":{"@type":"EntryPoint","urlTemplate":"http:\/\/elregionalvm.com.ar\/noticias-villa-maria\/?s={search_term_string}"},"query-input":{"@type":"PropertyValueSpecification","valueRequired":true,"valueName":"search_term_string"}}],"inLanguage":"es"},{"@type":"Person","@id":"http:\/\/elregionalvm.com.ar\/noticias-villa-maria\/#\/schema\/person\/a0fb9c422317faca23d50163151bc354","name":"Contenidos El Regional","image":{"@type":"ImageObject","inLanguage":"es","@id":"http:\/\/elregionalvm.com.ar\/noticias-villa-maria\/#\/schema\/person\/image\/","url":"https:\/\/secure.gravatar.com\/avatar\/265b27cb2209af7bb3a1318f03305787d7981a5cc6e6cd08fe5a4ecdf99d4b48?s=96&d=mm&r=g","contentUrl":"https:\/\/secure.gravatar.com\/avatar\/265b27cb2209af7bb3a1318f03305787d7981a5cc6e6cd08fe5a4ecdf99d4b48?s=96&d=mm&r=g","caption":"Contenidos El Regional"},"url":"https:\/\/elregionalvm.com.ar\/noticias-villa-maria\/author\/contenido\/"}]}},"jetpack_featured_media_url":"https:\/\/i0.wp.com\/elregionalvm.com.ar\/noticias-villa-maria\/wp-content\/uploads\/2021\/10\/WhatsApp-Image-2021-10-13-at-19.31.29-1.jpeg?fit=1280%2C720&ssl=1","jetpack_sharing_enabled":true,"_links":{"self":[{"href":"https:\/\/elregionalvm.com.ar\/noticias-villa-maria\/wp-json\/wp\/v2\/posts\/46449","targetHints":{"allow":["GET"]}}],"collection":[{"href":"https:\/\/elregionalvm.com.ar\/noticias-villa-maria\/wp-json\/wp\/v2\/posts"}],"about":[{"href":"https:\/\/elregionalvm.com.ar\/noticias-villa-maria\/wp-json\/wp\/v2\/types\/post"}],"author":[{"embeddable":true,"href":"https:\/\/elregionalvm.com.ar\/noticias-villa-maria\/wp-json\/wp\/v2\/users\/4"}],"replies":[{"embeddable":true,"href":"https:\/\/elregionalvm.com.ar\/noticias-villa-maria\/wp-json\/wp\/v2\/comments?post=46449"}],"version-history":[{"count":1,"href":"https:\/\/elregionalvm.com.ar\/noticias-villa-maria\/wp-json\/wp\/v2\/posts\/46449\/revisions"}],"predecessor-version":[{"id":46453,"href":"https:\/\/elregionalvm.com.ar\/noticias-villa-maria\/wp-json\/wp\/v2\/posts\/46449\/revisions\/46453"}],"wp:featuredmedia":[{"embeddable":true,"href":"https:\/\/elregionalvm.com.ar\/noticias-villa-maria\/wp-json\/wp\/v2\/media\/46451"}],"wp:attachment":[{"href":"https:\/\/elregionalvm.com.ar\/noticias-villa-maria\/wp-json\/wp\/v2\/media?parent=46449"}],"wp:term":[{"taxonomy":"category","embeddable":true,"href":"https:\/\/elregionalvm.com.ar\/noticias-villa-maria\/wp-json\/wp\/v2\/categories?post=46449"},{"taxonomy":"post_tag","embeddable":true,"href":"https:\/\/elregionalvm.com.ar\/noticias-villa-maria\/wp-json\/wp\/v2\/tags?post=46449"}],"curies":[{"name":"wp","href":"https:\/\/api.w.org\/{rel}","templated":true}]}}