{"id":46459,"date":"2021-10-14T01:36:13","date_gmt":"2021-10-14T01:36:13","guid":{"rendered":"https:\/\/elregionalvm.com.ar\/noticias-villa-maria\/?p=46459"},"modified":"2021-10-14T01:36:14","modified_gmt":"2021-10-14T01:36:14","slug":"proyectos-para-erradicar-la-violencia-de-genero","status":"publish","type":"post","link":"https:\/\/elregionalvm.com.ar\/noticias-villa-maria\/proyectos-para-erradicar-la-violencia-de-genero\/","title":{"rendered":"Proyectos para erradicar la violencia de g\u00e9nero"},"content":{"rendered":"\n<p>El intendente, Pablo Rosso, recibi\u00f3 durante la jornada de hoy a la directora del Centro de Intercambio y Servicios Cono Sur Argentina (CISCSA), Ana Fal\u00fa, junto a quien encabez\u00f3 una mesa de trabajo con motivo de continuar llevando adelante en la ciudad el proyecto Somos Territorios. En este marco, la reconocida feminista brind\u00f3 detalles sobre la implementaci\u00f3n de la iniciativa a nivel local con el objetivo de erradicar la violencia contra las mujeres en los espacios p\u00fablicos.<\/p>\n\n\n\n<p>En este sentido, durante el encuentro del que participaron funcionarios municipales de las diversas \u00e1reas y secretar\u00edas, fueron presentados los avances del diagn\u00f3stico que la ONG viene llevando adelante en Villa Mar\u00eda, como as\u00ed tambi\u00e9n en las ciudades de R\u00edo Cuarto y Cruz del Eje. De este modo, el proyecto propone generar articulaciones entre actores pol\u00edticos y sociales para disminuir la violencia contra mujeres y diversidades en los espacios p\u00fablicos de la provincia.<\/p>\n\n\n\n<p>Al respecto, el mandatario local se\u00f1al\u00f3: \u201cEs una gran satisfacci\u00f3n poder formar parte como Gobierno local de este tipo de debates y mesas de trabajo, entendiendo no s\u00f3lo la importancia que estos encuentros tienen para nuestra ciudad, sino para toda la regi\u00f3n\u201d. \u201cSomos una localidad con gran incidencia, y abordar estas tem\u00e1ticas es parte de nuestro compromiso y de la nueva agenda que llevamos adelante\u201d, asegur\u00f3 Rosso.<\/p>\n\n\n\n<div class=\"wp-block-image\"><figure class=\"aligncenter size-large is-resized\"><img data-recalc-dims=\"1\" fetchpriority=\"high\" decoding=\"async\" src=\"https:\/\/i0.wp.com\/elregionalvm.com.ar\/noticias-villa-maria\/wp-content\/uploads\/2021\/10\/WhatsApp-Image-2021-10-13-at-14.34.10.jpeg?resize=504%2C335&#038;ssl=1\" alt=\"\" class=\"wp-image-46461\" width=\"504\" height=\"335\" srcset=\"https:\/\/i0.wp.com\/elregionalvm.com.ar\/noticias-villa-maria\/wp-content\/uploads\/2021\/10\/WhatsApp-Image-2021-10-13-at-14.34.10.jpeg?resize=1024%2C682&amp;ssl=1 1024w, https:\/\/i0.wp.com\/elregionalvm.com.ar\/noticias-villa-maria\/wp-content\/uploads\/2021\/10\/WhatsApp-Image-2021-10-13-at-14.34.10.jpeg?resize=300%2C200&amp;ssl=1 300w, https:\/\/i0.wp.com\/elregionalvm.com.ar\/noticias-villa-maria\/wp-content\/uploads\/2021\/10\/WhatsApp-Image-2021-10-13-at-14.34.10.jpeg?resize=768%2C512&amp;ssl=1 768w, https:\/\/i0.wp.com\/elregionalvm.com.ar\/noticias-villa-maria\/wp-content\/uploads\/2021\/10\/WhatsApp-Image-2021-10-13-at-14.34.10.jpeg?w=1280&amp;ssl=1 1280w\" sizes=\"(max-width: 504px) 100vw, 504px\" \/><\/figure><\/div>\n\n\n\n<p>Por su parte, Fal\u00fa destac\u00f3: \u201cEstamos muy agradecidas por la voluntad y el compromiso pol\u00edtico del municipio, porque hablar de la inclusi\u00f3n de las mujeres es tambi\u00e9n parte de la democracia\u201d. Y luego, a\u00f1adi\u00f3: \u201cEs muy importante poder conocer la realidad de todas las mujeres para as\u00ed poder ajustar pol\u00edticas y crear planes de acci\u00f3n que contemplen sus demandas y necesidades\u201d.<\/p>\n\n\n\n<p>Al mismo tiempo, integrantes de la organizaci\u00f3n dieron a conocer el modo en que es desarrollado el proyecto, mediante el abordaje de las dimensiones pol\u00edtica, material y simb\u00f3lica. De esta manera, la labor es llevada a cabo a trav\u00e9s de la creaci\u00f3n de campa\u00f1as de sensibilizaci\u00f3n, producci\u00f3n, sistematizaci\u00f3n y difusi\u00f3n de conocimientos, y la construcci\u00f3n de planes de acci\u00f3n locales para la prevenci\u00f3n de violencias en espacios p\u00fablicos.<\/p>\n\n\n\n<p>Cabe destacar que el proyecto prev\u00e9 continuar siendo implementando a nivel local durante el pr\u00f3ximo a\u00f1o, contando con la ejecuci\u00f3n a cargo del \u00e1rea de Coordinaci\u00f3n de G\u00e9neros y Diversidades del municipio, delegada de generar los procesos necesarios para el cumplimiento de los objetivos propuestos en la ciudad.<\/p>\n\n\n\n<p>Del encuentro, tambi\u00e9n participaron la secretaria de Inclusi\u00f3n Social y Territorio, Celeste Curetti, y el titular de la cartera de Ambiente, Obras y Servicios P\u00fablicos, Omar Regueira. Adem\u00e1s, acompa\u00f1aron el subsecretario de Relaciones Institucionales y Vinculaci\u00f3n Comunitaria, Otto Wester, y la coordinadora de G\u00e9nero y Diversidades, Melina Mosquera, junto a dem\u00e1s funcionarios del municipio y representantes de la Universidad Nacional de Villa Mar\u00eda (UNVM).<\/p>\n","protected":false},"excerpt":{"rendered":"<p>El intendente, Pablo Rosso, recibi\u00f3 durante la jornada de hoy a la directora del Centro de Intercambio y Servicios Cono Sur Argentina (CISCSA), Ana Fal\u00fa, junto a quien encabez\u00f3 una mesa de trabajo con motivo de continuar llevando adelante en la ciudad el proyecto Somos Territorios. En este marco, la reconocida feminista brind\u00f3 detalles sobre [&hellip;]<\/p>\n","protected":false},"author":4,"featured_media":46460,"comment_status":"open","ping_status":"open","sticky":false,"template":"","format":"standard","meta":{"site-sidebar-layout":"default","site-content-layout":"default","ast-site-content-layout":"default","site-content-style":"default","site-sidebar-style":"default","ast-global-header-display":"","ast-banner-title-visibility":"","ast-main-header-display":"","ast-hfb-above-header-display":"","ast-hfb-below-header-display":"","ast-hfb-mobile-header-display":"","site-post-title":"","ast-breadcrumbs-content":"","ast-featured-img":"","footer-sml-layout":"","ast-disable-related-posts":"","theme-transparent-header-meta":"default","adv-header-id-meta":"","stick-header-meta":"","header-above-stick-meta":"","header-main-stick-meta":"","header-below-stick-meta":"","astra-migrate-meta-layouts":"default","ast-page-background-enabled":"default","ast-page-background-meta":{"desktop":{"background-color":"","background-image":"","background-repeat":"repeat","background-position":"center center","background-size":"auto","background-attachment":"scroll","background-type":"","background-media":"","overlay-type":"","overlay-color":"","overlay-opacity":"","overlay-gradient":""},"tablet":{"background-color":"","background-image":"","background-repeat":"repeat","background-position":"center center","background-size":"auto","background-attachment":"scroll","background-type":"","background-media":"","overlay-type":"","overlay-color":"","overlay-opacity":"","overlay-gradient":""},"mobile":{"background-color":"","background-image":"","background-repeat":"repeat","background-position":"center center","background-size":"auto","background-attachment":"scroll","background-type":"","background-media":"","overlay-type":"","overlay-color":"","overlay-opacity":"","overlay-gradient":""}},"ast-content-background-meta":{"desktop":{"background-color":"var(--ast-global-color-5)","background-image":"","background-repeat":"repeat","background-position":"center center","background-size":"auto","background-attachment":"scroll","background-type":"","background-media":"","overlay-type":"","overlay-color":"","overlay-opacity":"","overlay-gradient":""},"tablet":{"background-color":"var(--ast-global-color-5)","background-image":"","background-repeat":"repeat","background-position":"center center","background-size":"auto","background-attachment":"scroll","background-type":"","background-media":"","overlay-type":"","overlay-color":"","overlay-opacity":"","overlay-gradient":""},"mobile":{"background-color":"var(--ast-global-color-5)","background-image":"","background-repeat":"repeat","background-position":"center center","background-size":"auto","background-attachment":"scroll","background-type":"","background-media":"","overlay-type":"","overlay-color":"","overlay-opacity":"","overlay-gradient":""}},"_jetpack_memberships_contains_paid_content":false,"_joinchat":[],"footnotes":""},"categories":[5],"tags":[11618,11617,2138,3321,11619,157],"class_list":["post-46459","post","type-post","status-publish","format-standard","has-post-thumbnail","hentry","category-sociedad","tag-ana-falu","tag-ciscsa","tag-erradicacion","tag-proyectos","tag-reconocida-feminista","tag-violencia-de-genero"],"yoast_head":"<!-- This site is optimized with the Yoast SEO plugin v26.8 - https:\/\/yoast.com\/product\/yoast-seo-wordpress\/ -->\n<title>Proyectos para erradicar la violencia de g\u00e9nero - El Regional<\/title>\n<meta name=\"robots\" content=\"index, follow, max-snippet:-1, max-image-preview:large, max-video-preview:-1\" \/>\n<link rel=\"canonical\" href=\"http:\/\/elregionalvm.com.ar\/noticias-villa-maria\/proyectos-para-erradicar-la-violencia-de-genero\/\" \/>\n<meta property=\"og:locale\" content=\"es_ES\" \/>\n<meta property=\"og:type\" content=\"article\" \/>\n<meta property=\"og:title\" content=\"Proyectos para erradicar la violencia de g\u00e9nero - El Regional\" \/>\n<meta property=\"og:description\" content=\"El intendente, Pablo Rosso, recibi\u00f3 durante la jornada de hoy a la directora del Centro de Intercambio y Servicios Cono Sur Argentina (CISCSA), Ana Fal\u00fa, junto a quien encabez\u00f3 una mesa de trabajo con motivo de continuar llevando adelante en la ciudad el proyecto Somos Territorios. En este marco, la reconocida feminista brind\u00f3 detalles sobre [&hellip;]\" \/>\n<meta property=\"og:url\" content=\"http:\/\/elregionalvm.com.ar\/noticias-villa-maria\/proyectos-para-erradicar-la-violencia-de-genero\/\" \/>\n<meta property=\"og:site_name\" content=\"El Regional\" \/>\n<meta property=\"article:publisher\" content=\"https:\/\/www.facebook.com\/elregionalvm\" \/>\n<meta property=\"article:published_time\" content=\"2021-10-14T01:36:13+00:00\" \/>\n<meta property=\"article:modified_time\" content=\"2021-10-14T01:36:14+00:00\" \/>\n<meta property=\"og:image\" content=\"http:\/\/elregionalvm.com.ar\/noticias-villa-maria\/wp-content\/uploads\/2021\/10\/WhatsApp-Image-2021-10-13-at-14.34.11.jpeg\" \/>\n\t<meta property=\"og:image:width\" content=\"1280\" \/>\n\t<meta property=\"og:image:height\" content=\"853\" \/>\n\t<meta property=\"og:image:type\" content=\"image\/jpeg\" \/>\n<meta name=\"author\" content=\"Contenidos El Regional\" \/>\n<meta name=\"twitter:card\" content=\"summary_large_image\" \/>\n<meta name=\"twitter:creator\" content=\"@elregionalvm1\" \/>\n<meta name=\"twitter:site\" content=\"@elregionalvm1\" \/>\n<meta name=\"twitter:label1\" content=\"Escrito por\" \/>\n\t<meta name=\"twitter:data1\" content=\"Contenidos El Regional\" \/>\n\t<meta name=\"twitter:label2\" content=\"Tiempo de lectura\" \/>\n\t<meta name=\"twitter:data2\" content=\"3 minutos\" \/>\n<script type=\"application\/ld+json\" class=\"yoast-schema-graph\">{\"@context\":\"https:\/\/schema.org\",\"@graph\":[{\"@type\":\"Article\",\"@id\":\"http:\/\/elregionalvm.com.ar\/noticias-villa-maria\/proyectos-para-erradicar-la-violencia-de-genero\/#article\",\"isPartOf\":{\"@id\":\"http:\/\/elregionalvm.com.ar\/noticias-villa-maria\/proyectos-para-erradicar-la-violencia-de-genero\/\"},\"author\":{\"name\":\"Contenidos El Regional\",\"@id\":\"http:\/\/elregionalvm.com.ar\/noticias-villa-maria\/#\/schema\/person\/a0fb9c422317faca23d50163151bc354\"},\"headline\":\"Proyectos para erradicar la violencia de g\u00e9nero\",\"datePublished\":\"2021-10-14T01:36:13+00:00\",\"dateModified\":\"2021-10-14T01:36:14+00:00\",\"mainEntityOfPage\":{\"@id\":\"http:\/\/elregionalvm.com.ar\/noticias-villa-maria\/proyectos-para-erradicar-la-violencia-de-genero\/\"},\"wordCount\":514,\"commentCount\":0,\"image\":{\"@id\":\"http:\/\/elregionalvm.com.ar\/noticias-villa-maria\/proyectos-para-erradicar-la-violencia-de-genero\/#primaryimage\"},\"thumbnailUrl\":\"https:\/\/i0.wp.com\/elregionalvm.com.ar\/noticias-villa-maria\/wp-content\/uploads\/2021\/10\/WhatsApp-Image-2021-10-13-at-14.34.11.jpeg?fit=1280%2C853&ssl=1\",\"keywords\":[\"Ana Fal\u00fa\",\"CISCSA\",\"erradicaci\u00f3n\",\"Proyectos\",\"reconocida feminista\",\"violencia de g\u00e9nero\"],\"articleSection\":[\"Sociedad\"],\"inLanguage\":\"es\",\"potentialAction\":[{\"@type\":\"CommentAction\",\"name\":\"Comment\",\"target\":[\"http:\/\/elregionalvm.com.ar\/noticias-villa-maria\/proyectos-para-erradicar-la-violencia-de-genero\/#respond\"]}]},{\"@type\":\"WebPage\",\"@id\":\"http:\/\/elregionalvm.com.ar\/noticias-villa-maria\/proyectos-para-erradicar-la-violencia-de-genero\/\",\"url\":\"http:\/\/elregionalvm.com.ar\/noticias-villa-maria\/proyectos-para-erradicar-la-violencia-de-genero\/\",\"name\":\"Proyectos para erradicar la violencia de g\u00e9nero - El Regional\",\"isPartOf\":{\"@id\":\"http:\/\/elregionalvm.com.ar\/noticias-villa-maria\/#website\"},\"primaryImageOfPage\":{\"@id\":\"http:\/\/elregionalvm.com.ar\/noticias-villa-maria\/proyectos-para-erradicar-la-violencia-de-genero\/#primaryimage\"},\"image\":{\"@id\":\"http:\/\/elregionalvm.com.ar\/noticias-villa-maria\/proyectos-para-erradicar-la-violencia-de-genero\/#primaryimage\"},\"thumbnailUrl\":\"https:\/\/i0.wp.com\/elregionalvm.com.ar\/noticias-villa-maria\/wp-content\/uploads\/2021\/10\/WhatsApp-Image-2021-10-13-at-14.34.11.jpeg?fit=1280%2C853&ssl=1\",\"datePublished\":\"2021-10-14T01:36:13+00:00\",\"dateModified\":\"2021-10-14T01:36:14+00:00\",\"author\":{\"@id\":\"http:\/\/elregionalvm.com.ar\/noticias-villa-maria\/#\/schema\/person\/a0fb9c422317faca23d50163151bc354\"},\"breadcrumb\":{\"@id\":\"http:\/\/elregionalvm.com.ar\/noticias-villa-maria\/proyectos-para-erradicar-la-violencia-de-genero\/#breadcrumb\"},\"inLanguage\":\"es\",\"potentialAction\":[{\"@type\":\"ReadAction\",\"target\":[\"http:\/\/elregionalvm.com.ar\/noticias-villa-maria\/proyectos-para-erradicar-la-violencia-de-genero\/\"]}]},{\"@type\":\"ImageObject\",\"inLanguage\":\"es\",\"@id\":\"http:\/\/elregionalvm.com.ar\/noticias-villa-maria\/proyectos-para-erradicar-la-violencia-de-genero\/#primaryimage\",\"url\":\"https:\/\/i0.wp.com\/elregionalvm.com.ar\/noticias-villa-maria\/wp-content\/uploads\/2021\/10\/WhatsApp-Image-2021-10-13-at-14.34.11.jpeg?fit=1280%2C853&ssl=1\",\"contentUrl\":\"https:\/\/i0.wp.com\/elregionalvm.com.ar\/noticias-villa-maria\/wp-content\/uploads\/2021\/10\/WhatsApp-Image-2021-10-13-at-14.34.11.jpeg?fit=1280%2C853&ssl=1\",\"width\":1280,\"height\":853},{\"@type\":\"BreadcrumbList\",\"@id\":\"http:\/\/elregionalvm.com.ar\/noticias-villa-maria\/proyectos-para-erradicar-la-violencia-de-genero\/#breadcrumb\",\"itemListElement\":[{\"@type\":\"ListItem\",\"position\":1,\"name\":\"Portada\",\"item\":\"https:\/\/elregionalvm.com.ar\/noticias-villa-maria\/\"},{\"@type\":\"ListItem\",\"position\":2,\"name\":\"Proyectos para erradicar la violencia de g\u00e9nero\"}]},{\"@type\":\"WebSite\",\"@id\":\"http:\/\/elregionalvm.com.ar\/noticias-villa-maria\/#website\",\"url\":\"http:\/\/elregionalvm.com.ar\/noticias-villa-maria\/\",\"name\":\"El Regional\",\"description\":\"Mucho m\u00e1s que informaci\u00f3n\",\"potentialAction\":[{\"@type\":\"SearchAction\",\"target\":{\"@type\":\"EntryPoint\",\"urlTemplate\":\"http:\/\/elregionalvm.com.ar\/noticias-villa-maria\/?s={search_term_string}\"},\"query-input\":{\"@type\":\"PropertyValueSpecification\",\"valueRequired\":true,\"valueName\":\"search_term_string\"}}],\"inLanguage\":\"es\"},{\"@type\":\"Person\",\"@id\":\"http:\/\/elregionalvm.com.ar\/noticias-villa-maria\/#\/schema\/person\/a0fb9c422317faca23d50163151bc354\",\"name\":\"Contenidos El Regional\",\"image\":{\"@type\":\"ImageObject\",\"inLanguage\":\"es\",\"@id\":\"http:\/\/elregionalvm.com.ar\/noticias-villa-maria\/#\/schema\/person\/image\/\",\"url\":\"https:\/\/secure.gravatar.com\/avatar\/265b27cb2209af7bb3a1318f03305787d7981a5cc6e6cd08fe5a4ecdf99d4b48?s=96&d=mm&r=g\",\"contentUrl\":\"https:\/\/secure.gravatar.com\/avatar\/265b27cb2209af7bb3a1318f03305787d7981a5cc6e6cd08fe5a4ecdf99d4b48?s=96&d=mm&r=g\",\"caption\":\"Contenidos El Regional\"},\"url\":\"https:\/\/elregionalvm.com.ar\/noticias-villa-maria\/author\/contenido\/\"}]}<\/script>\n<!-- \/ Yoast SEO plugin. -->","yoast_head_json":{"title":"Proyectos para erradicar la violencia de g\u00e9nero - El Regional","robots":{"index":"index","follow":"follow","max-snippet":"max-snippet:-1","max-image-preview":"max-image-preview:large","max-video-preview":"max-video-preview:-1"},"canonical":"http:\/\/elregionalvm.com.ar\/noticias-villa-maria\/proyectos-para-erradicar-la-violencia-de-genero\/","og_locale":"es_ES","og_type":"article","og_title":"Proyectos para erradicar la violencia de g\u00e9nero - El Regional","og_description":"El intendente, Pablo Rosso, recibi\u00f3 durante la jornada de hoy a la directora del Centro de Intercambio y Servicios Cono Sur Argentina (CISCSA), Ana Fal\u00fa, junto a quien encabez\u00f3 una mesa de trabajo con motivo de continuar llevando adelante en la ciudad el proyecto Somos Territorios. En este marco, la reconocida feminista brind\u00f3 detalles sobre [&hellip;]","og_url":"http:\/\/elregionalvm.com.ar\/noticias-villa-maria\/proyectos-para-erradicar-la-violencia-de-genero\/","og_site_name":"El Regional","article_publisher":"https:\/\/www.facebook.com\/elregionalvm","article_published_time":"2021-10-14T01:36:13+00:00","article_modified_time":"2021-10-14T01:36:14+00:00","og_image":[{"width":1280,"height":853,"url":"http:\/\/elregionalvm.com.ar\/noticias-villa-maria\/wp-content\/uploads\/2021\/10\/WhatsApp-Image-2021-10-13-at-14.34.11.jpeg","type":"image\/jpeg"}],"author":"Contenidos El Regional","twitter_card":"summary_large_image","twitter_creator":"@elregionalvm1","twitter_site":"@elregionalvm1","twitter_misc":{"Escrito por":"Contenidos El Regional","Tiempo de lectura":"3 minutos"},"schema":{"@context":"https:\/\/schema.org","@graph":[{"@type":"Article","@id":"http:\/\/elregionalvm.com.ar\/noticias-villa-maria\/proyectos-para-erradicar-la-violencia-de-genero\/#article","isPartOf":{"@id":"http:\/\/elregionalvm.com.ar\/noticias-villa-maria\/proyectos-para-erradicar-la-violencia-de-genero\/"},"author":{"name":"Contenidos El Regional","@id":"http:\/\/elregionalvm.com.ar\/noticias-villa-maria\/#\/schema\/person\/a0fb9c422317faca23d50163151bc354"},"headline":"Proyectos para erradicar la violencia de g\u00e9nero","datePublished":"2021-10-14T01:36:13+00:00","dateModified":"2021-10-14T01:36:14+00:00","mainEntityOfPage":{"@id":"http:\/\/elregionalvm.com.ar\/noticias-villa-maria\/proyectos-para-erradicar-la-violencia-de-genero\/"},"wordCount":514,"commentCount":0,"image":{"@id":"http:\/\/elregionalvm.com.ar\/noticias-villa-maria\/proyectos-para-erradicar-la-violencia-de-genero\/#primaryimage"},"thumbnailUrl":"https:\/\/i0.wp.com\/elregionalvm.com.ar\/noticias-villa-maria\/wp-content\/uploads\/2021\/10\/WhatsApp-Image-2021-10-13-at-14.34.11.jpeg?fit=1280%2C853&ssl=1","keywords":["Ana Fal\u00fa","CISCSA","erradicaci\u00f3n","Proyectos","reconocida feminista","violencia de g\u00e9nero"],"articleSection":["Sociedad"],"inLanguage":"es","potentialAction":[{"@type":"CommentAction","name":"Comment","target":["http:\/\/elregionalvm.com.ar\/noticias-villa-maria\/proyectos-para-erradicar-la-violencia-de-genero\/#respond"]}]},{"@type":"WebPage","@id":"http:\/\/elregionalvm.com.ar\/noticias-villa-maria\/proyectos-para-erradicar-la-violencia-de-genero\/","url":"http:\/\/elregionalvm.com.ar\/noticias-villa-maria\/proyectos-para-erradicar-la-violencia-de-genero\/","name":"Proyectos para erradicar la violencia de g\u00e9nero - El Regional","isPartOf":{"@id":"http:\/\/elregionalvm.com.ar\/noticias-villa-maria\/#website"},"primaryImageOfPage":{"@id":"http:\/\/elregionalvm.com.ar\/noticias-villa-maria\/proyectos-para-erradicar-la-violencia-de-genero\/#primaryimage"},"image":{"@id":"http:\/\/elregionalvm.com.ar\/noticias-villa-maria\/proyectos-para-erradicar-la-violencia-de-genero\/#primaryimage"},"thumbnailUrl":"https:\/\/i0.wp.com\/elregionalvm.com.ar\/noticias-villa-maria\/wp-content\/uploads\/2021\/10\/WhatsApp-Image-2021-10-13-at-14.34.11.jpeg?fit=1280%2C853&ssl=1","datePublished":"2021-10-14T01:36:13+00:00","dateModified":"2021-10-14T01:36:14+00:00","author":{"@id":"http:\/\/elregionalvm.com.ar\/noticias-villa-maria\/#\/schema\/person\/a0fb9c422317faca23d50163151bc354"},"breadcrumb":{"@id":"http:\/\/elregionalvm.com.ar\/noticias-villa-maria\/proyectos-para-erradicar-la-violencia-de-genero\/#breadcrumb"},"inLanguage":"es","potentialAction":[{"@type":"ReadAction","target":["http:\/\/elregionalvm.com.ar\/noticias-villa-maria\/proyectos-para-erradicar-la-violencia-de-genero\/"]}]},{"@type":"ImageObject","inLanguage":"es","@id":"http:\/\/elregionalvm.com.ar\/noticias-villa-maria\/proyectos-para-erradicar-la-violencia-de-genero\/#primaryimage","url":"https:\/\/i0.wp.com\/elregionalvm.com.ar\/noticias-villa-maria\/wp-content\/uploads\/2021\/10\/WhatsApp-Image-2021-10-13-at-14.34.11.jpeg?fit=1280%2C853&ssl=1","contentUrl":"https:\/\/i0.wp.com\/elregionalvm.com.ar\/noticias-villa-maria\/wp-content\/uploads\/2021\/10\/WhatsApp-Image-2021-10-13-at-14.34.11.jpeg?fit=1280%2C853&ssl=1","width":1280,"height":853},{"@type":"BreadcrumbList","@id":"http:\/\/elregionalvm.com.ar\/noticias-villa-maria\/proyectos-para-erradicar-la-violencia-de-genero\/#breadcrumb","itemListElement":[{"@type":"ListItem","position":1,"name":"Portada","item":"https:\/\/elregionalvm.com.ar\/noticias-villa-maria\/"},{"@type":"ListItem","position":2,"name":"Proyectos para erradicar la violencia de g\u00e9nero"}]},{"@type":"WebSite","@id":"http:\/\/elregionalvm.com.ar\/noticias-villa-maria\/#website","url":"http:\/\/elregionalvm.com.ar\/noticias-villa-maria\/","name":"El Regional","description":"Mucho m\u00e1s que informaci\u00f3n","potentialAction":[{"@type":"SearchAction","target":{"@type":"EntryPoint","urlTemplate":"http:\/\/elregionalvm.com.ar\/noticias-villa-maria\/?s={search_term_string}"},"query-input":{"@type":"PropertyValueSpecification","valueRequired":true,"valueName":"search_term_string"}}],"inLanguage":"es"},{"@type":"Person","@id":"http:\/\/elregionalvm.com.ar\/noticias-villa-maria\/#\/schema\/person\/a0fb9c422317faca23d50163151bc354","name":"Contenidos El Regional","image":{"@type":"ImageObject","inLanguage":"es","@id":"http:\/\/elregionalvm.com.ar\/noticias-villa-maria\/#\/schema\/person\/image\/","url":"https:\/\/secure.gravatar.com\/avatar\/265b27cb2209af7bb3a1318f03305787d7981a5cc6e6cd08fe5a4ecdf99d4b48?s=96&d=mm&r=g","contentUrl":"https:\/\/secure.gravatar.com\/avatar\/265b27cb2209af7bb3a1318f03305787d7981a5cc6e6cd08fe5a4ecdf99d4b48?s=96&d=mm&r=g","caption":"Contenidos El Regional"},"url":"https:\/\/elregionalvm.com.ar\/noticias-villa-maria\/author\/contenido\/"}]}},"jetpack_featured_media_url":"https:\/\/i0.wp.com\/elregionalvm.com.ar\/noticias-villa-maria\/wp-content\/uploads\/2021\/10\/WhatsApp-Image-2021-10-13-at-14.34.11.jpeg?fit=1280%2C853&ssl=1","jetpack_sharing_enabled":true,"_links":{"self":[{"href":"https:\/\/elregionalvm.com.ar\/noticias-villa-maria\/wp-json\/wp\/v2\/posts\/46459","targetHints":{"allow":["GET"]}}],"collection":[{"href":"https:\/\/elregionalvm.com.ar\/noticias-villa-maria\/wp-json\/wp\/v2\/posts"}],"about":[{"href":"https:\/\/elregionalvm.com.ar\/noticias-villa-maria\/wp-json\/wp\/v2\/types\/post"}],"author":[{"embeddable":true,"href":"https:\/\/elregionalvm.com.ar\/noticias-villa-maria\/wp-json\/wp\/v2\/users\/4"}],"replies":[{"embeddable":true,"href":"https:\/\/elregionalvm.com.ar\/noticias-villa-maria\/wp-json\/wp\/v2\/comments?post=46459"}],"version-history":[{"count":1,"href":"https:\/\/elregionalvm.com.ar\/noticias-villa-maria\/wp-json\/wp\/v2\/posts\/46459\/revisions"}],"predecessor-version":[{"id":46462,"href":"https:\/\/elregionalvm.com.ar\/noticias-villa-maria\/wp-json\/wp\/v2\/posts\/46459\/revisions\/46462"}],"wp:featuredmedia":[{"embeddable":true,"href":"https:\/\/elregionalvm.com.ar\/noticias-villa-maria\/wp-json\/wp\/v2\/media\/46460"}],"wp:attachment":[{"href":"https:\/\/elregionalvm.com.ar\/noticias-villa-maria\/wp-json\/wp\/v2\/media?parent=46459"}],"wp:term":[{"taxonomy":"category","embeddable":true,"href":"https:\/\/elregionalvm.com.ar\/noticias-villa-maria\/wp-json\/wp\/v2\/categories?post=46459"},{"taxonomy":"post_tag","embeddable":true,"href":"https:\/\/elregionalvm.com.ar\/noticias-villa-maria\/wp-json\/wp\/v2\/tags?post=46459"}],"curies":[{"name":"wp","href":"https:\/\/api.w.org\/{rel}","templated":true}]}}