{"id":46466,"date":"2021-10-14T01:54:31","date_gmt":"2021-10-14T01:54:31","guid":{"rendered":"https:\/\/elregionalvm.com.ar\/noticias-villa-maria\/?p=46466"},"modified":"2021-10-14T01:54:33","modified_gmt":"2021-10-14T01:54:33","slug":"presentaron-el-libro-villa-nueva-investiga-en-cordoba","status":"publish","type":"post","link":"https:\/\/elregionalvm.com.ar\/noticias-villa-maria\/presentaron-el-libro-villa-nueva-investiga-en-cordoba\/","title":{"rendered":"Presentaron el libro Villa Nueva Investiga en C\u00f3rdoba"},"content":{"rendered":"\n<p>La secretaria de Educaci\u00f3n y Cultura, Marcela Unzueta, el subsecretario de Relaciones Institucionales y Pol\u00edticas Sociales, Franco Graglia y el Director de Patrimonio Hist\u00f3rico, Luciano Pereyra, participaron del acto de presentaci\u00f3n del libro que compila las dos primeras ediciones de las jornadas Villa Nueva Investiga, organizadas por el Municipio.<\/p>\n\n\n\n<p>La actividad, organizada por la Agencia C\u00f3rdoba Cultura, responsable de la impresi\u00f3n del trabajo, se realiz\u00f3 en la ex Legislatura provincial -actual sede de la Agencia- y la encabez\u00f3 su titular, Nora Bedano, junto al arquitecto, Carlos del Campo, responsable de la impresi\u00f3n de los libros.<\/p>\n\n\n\n<div class=\"wp-block-image\"><figure class=\"aligncenter size-large is-resized\"><img data-recalc-dims=\"1\" fetchpriority=\"high\" decoding=\"async\" src=\"https:\/\/i0.wp.com\/elregionalvm.com.ar\/noticias-villa-maria\/wp-content\/uploads\/2021\/10\/WhatsApp-Image-2021-10-13-at-09.08.02.jpeg?resize=484%2C645&#038;ssl=1\" alt=\"\" class=\"wp-image-46468\" width=\"484\" height=\"645\" srcset=\"https:\/\/i0.wp.com\/elregionalvm.com.ar\/noticias-villa-maria\/wp-content\/uploads\/2021\/10\/WhatsApp-Image-2021-10-13-at-09.08.02.jpeg?resize=768%2C1024&amp;ssl=1 768w, https:\/\/i0.wp.com\/elregionalvm.com.ar\/noticias-villa-maria\/wp-content\/uploads\/2021\/10\/WhatsApp-Image-2021-10-13-at-09.08.02.jpeg?resize=225%2C300&amp;ssl=1 225w, https:\/\/i0.wp.com\/elregionalvm.com.ar\/noticias-villa-maria\/wp-content\/uploads\/2021\/10\/WhatsApp-Image-2021-10-13-at-09.08.02.jpeg?resize=1152%2C1536&amp;ssl=1 1152w, https:\/\/i0.wp.com\/elregionalvm.com.ar\/noticias-villa-maria\/wp-content\/uploads\/2021\/10\/WhatsApp-Image-2021-10-13-at-09.08.02.jpeg?w=1200&amp;ssl=1 1200w\" sizes=\"(max-width: 484px) 100vw, 484px\" \/><\/figure><\/div>\n","protected":false},"excerpt":{"rendered":"<p>La secretaria de Educaci\u00f3n y Cultura, Marcela Unzueta, el subsecretario de Relaciones Institucionales y Pol\u00edticas Sociales, Franco Graglia y el Director de Patrimonio Hist\u00f3rico, Luciano Pereyra, participaron del acto de presentaci\u00f3n del libro que compila las dos primeras ediciones de las jornadas Villa Nueva Investiga, organizadas por el Municipio. La actividad, organizada por la Agencia [&hellip;]<\/p>\n","protected":false},"author":4,"featured_media":46467,"comment_status":"open","ping_status":"open","sticky":false,"template":"","format":"standard","meta":{"site-sidebar-layout":"default","site-content-layout":"default","ast-site-content-layout":"default","site-content-style":"default","site-sidebar-style":"default","ast-global-header-display":"","ast-banner-title-visibility":"","ast-main-header-display":"","ast-hfb-above-header-display":"","ast-hfb-below-header-display":"","ast-hfb-mobile-header-display":"","site-post-title":"","ast-breadcrumbs-content":"","ast-featured-img":"","footer-sml-layout":"","ast-disable-related-posts":"","theme-transparent-header-meta":"default","adv-header-id-meta":"","stick-header-meta":"","header-above-stick-meta":"","header-main-stick-meta":"","header-below-stick-meta":"","astra-migrate-meta-layouts":"default","ast-page-background-enabled":"default","ast-page-background-meta":{"desktop":{"background-color":"","background-image":"","background-repeat":"repeat","background-position":"center center","background-size":"auto","background-attachment":"scroll","background-type":"","background-media":"","overlay-type":"","overlay-color":"","overlay-opacity":"","overlay-gradient":""},"tablet":{"background-color":"","background-image":"","background-repeat":"repeat","background-position":"center center","background-size":"auto","background-attachment":"scroll","background-type":"","background-media":"","overlay-type":"","overlay-color":"","overlay-opacity":"","overlay-gradient":""},"mobile":{"background-color":"","background-image":"","background-repeat":"repeat","background-position":"center center","background-size":"auto","background-attachment":"scroll","background-type":"","background-media":"","overlay-type":"","overlay-color":"","overlay-opacity":"","overlay-gradient":""}},"ast-content-background-meta":{"desktop":{"background-color":"var(--ast-global-color-5)","background-image":"","background-repeat":"repeat","background-position":"center center","background-size":"auto","background-attachment":"scroll","background-type":"","background-media":"","overlay-type":"","overlay-color":"","overlay-opacity":"","overlay-gradient":""},"tablet":{"background-color":"var(--ast-global-color-5)","background-image":"","background-repeat":"repeat","background-position":"center center","background-size":"auto","background-attachment":"scroll","background-type":"","background-media":"","overlay-type":"","overlay-color":"","overlay-opacity":"","overlay-gradient":""},"mobile":{"background-color":"var(--ast-global-color-5)","background-image":"","background-repeat":"repeat","background-position":"center center","background-size":"auto","background-attachment":"scroll","background-type":"","background-media":"","overlay-type":"","overlay-color":"","overlay-opacity":"","overlay-gradient":""}},"_jetpack_memberships_contains_paid_content":false,"_joinchat":[],"footnotes":""},"categories":[1408],"tags":[322,1424,11622,232,11092],"class_list":["post-46466","post","type-post","status-publish","format-standard","has-post-thumbnail","hentry","category-villa-nueva","tag-cordoba","tag-libro","tag-presentacion-libro","tag-villa-nueva","tag-villa-nueva-investiga"],"yoast_head":"<!-- This site is optimized with the Yoast SEO plugin v26.8 - https:\/\/yoast.com\/product\/yoast-seo-wordpress\/ -->\n<title>Presentaron el libro Villa Nueva Investiga en C\u00f3rdoba - El Regional<\/title>\n<meta name=\"robots\" content=\"index, follow, max-snippet:-1, max-image-preview:large, max-video-preview:-1\" \/>\n<link rel=\"canonical\" href=\"http:\/\/elregionalvm.com.ar\/noticias-villa-maria\/presentaron-el-libro-villa-nueva-investiga-en-cordoba\/\" \/>\n<meta property=\"og:locale\" content=\"es_ES\" \/>\n<meta property=\"og:type\" content=\"article\" \/>\n<meta property=\"og:title\" content=\"Presentaron el libro Villa Nueva Investiga en C\u00f3rdoba - El Regional\" \/>\n<meta property=\"og:description\" content=\"La secretaria de Educaci\u00f3n y Cultura, Marcela Unzueta, el subsecretario de Relaciones Institucionales y Pol\u00edticas Sociales, Franco Graglia y el Director de Patrimonio Hist\u00f3rico, Luciano Pereyra, participaron del acto de presentaci\u00f3n del libro que compila las dos primeras ediciones de las jornadas Villa Nueva Investiga, organizadas por el Municipio. La actividad, organizada por la Agencia [&hellip;]\" \/>\n<meta property=\"og:url\" content=\"http:\/\/elregionalvm.com.ar\/noticias-villa-maria\/presentaron-el-libro-villa-nueva-investiga-en-cordoba\/\" \/>\n<meta property=\"og:site_name\" content=\"El Regional\" \/>\n<meta property=\"article:publisher\" content=\"https:\/\/www.facebook.com\/elregionalvm\" \/>\n<meta property=\"article:published_time\" content=\"2021-10-14T01:54:31+00:00\" \/>\n<meta property=\"article:modified_time\" content=\"2021-10-14T01:54:33+00:00\" \/>\n<meta property=\"og:image\" content=\"http:\/\/elregionalvm.com.ar\/noticias-villa-maria\/wp-content\/uploads\/2021\/10\/WhatsApp-Image-2021-10-13-at-09.08.01.jpeg\" \/>\n\t<meta property=\"og:image:width\" content=\"1600\" \/>\n\t<meta property=\"og:image:height\" content=\"1200\" \/>\n\t<meta property=\"og:image:type\" content=\"image\/jpeg\" \/>\n<meta name=\"author\" content=\"Contenidos El Regional\" \/>\n<meta name=\"twitter:card\" content=\"summary_large_image\" \/>\n<meta name=\"twitter:creator\" content=\"@elregionalvm1\" \/>\n<meta name=\"twitter:site\" content=\"@elregionalvm1\" \/>\n<meta name=\"twitter:label1\" content=\"Escrito por\" \/>\n\t<meta name=\"twitter:data1\" content=\"Contenidos El Regional\" \/>\n\t<meta name=\"twitter:label2\" content=\"Tiempo de lectura\" \/>\n\t<meta name=\"twitter:data2\" content=\"1 minuto\" \/>\n<script type=\"application\/ld+json\" class=\"yoast-schema-graph\">{\"@context\":\"https:\/\/schema.org\",\"@graph\":[{\"@type\":\"Article\",\"@id\":\"http:\/\/elregionalvm.com.ar\/noticias-villa-maria\/presentaron-el-libro-villa-nueva-investiga-en-cordoba\/#article\",\"isPartOf\":{\"@id\":\"http:\/\/elregionalvm.com.ar\/noticias-villa-maria\/presentaron-el-libro-villa-nueva-investiga-en-cordoba\/\"},\"author\":{\"name\":\"Contenidos El Regional\",\"@id\":\"http:\/\/elregionalvm.com.ar\/noticias-villa-maria\/#\/schema\/person\/a0fb9c422317faca23d50163151bc354\"},\"headline\":\"Presentaron el libro Villa Nueva Investiga en C\u00f3rdoba\",\"datePublished\":\"2021-10-14T01:54:31+00:00\",\"dateModified\":\"2021-10-14T01:54:33+00:00\",\"mainEntityOfPage\":{\"@id\":\"http:\/\/elregionalvm.com.ar\/noticias-villa-maria\/presentaron-el-libro-villa-nueva-investiga-en-cordoba\/\"},\"wordCount\":111,\"commentCount\":0,\"image\":{\"@id\":\"http:\/\/elregionalvm.com.ar\/noticias-villa-maria\/presentaron-el-libro-villa-nueva-investiga-en-cordoba\/#primaryimage\"},\"thumbnailUrl\":\"https:\/\/i0.wp.com\/elregionalvm.com.ar\/noticias-villa-maria\/wp-content\/uploads\/2021\/10\/WhatsApp-Image-2021-10-13-at-09.08.01.jpeg?fit=1600%2C1200&ssl=1\",\"keywords\":[\"c\u00f3rdoba\",\"Libro\",\"presentaci\u00f3n libro\",\"VILLA NUEVA\",\"Villa Nueva Investiga\"],\"articleSection\":[\"Villa Nueva\"],\"inLanguage\":\"es\",\"potentialAction\":[{\"@type\":\"CommentAction\",\"name\":\"Comment\",\"target\":[\"http:\/\/elregionalvm.com.ar\/noticias-villa-maria\/presentaron-el-libro-villa-nueva-investiga-en-cordoba\/#respond\"]}]},{\"@type\":\"WebPage\",\"@id\":\"http:\/\/elregionalvm.com.ar\/noticias-villa-maria\/presentaron-el-libro-villa-nueva-investiga-en-cordoba\/\",\"url\":\"http:\/\/elregionalvm.com.ar\/noticias-villa-maria\/presentaron-el-libro-villa-nueva-investiga-en-cordoba\/\",\"name\":\"Presentaron el libro Villa Nueva Investiga en C\u00f3rdoba - El Regional\",\"isPartOf\":{\"@id\":\"http:\/\/elregionalvm.com.ar\/noticias-villa-maria\/#website\"},\"primaryImageOfPage\":{\"@id\":\"http:\/\/elregionalvm.com.ar\/noticias-villa-maria\/presentaron-el-libro-villa-nueva-investiga-en-cordoba\/#primaryimage\"},\"image\":{\"@id\":\"http:\/\/elregionalvm.com.ar\/noticias-villa-maria\/presentaron-el-libro-villa-nueva-investiga-en-cordoba\/#primaryimage\"},\"thumbnailUrl\":\"https:\/\/i0.wp.com\/elregionalvm.com.ar\/noticias-villa-maria\/wp-content\/uploads\/2021\/10\/WhatsApp-Image-2021-10-13-at-09.08.01.jpeg?fit=1600%2C1200&ssl=1\",\"datePublished\":\"2021-10-14T01:54:31+00:00\",\"dateModified\":\"2021-10-14T01:54:33+00:00\",\"author\":{\"@id\":\"http:\/\/elregionalvm.com.ar\/noticias-villa-maria\/#\/schema\/person\/a0fb9c422317faca23d50163151bc354\"},\"breadcrumb\":{\"@id\":\"http:\/\/elregionalvm.com.ar\/noticias-villa-maria\/presentaron-el-libro-villa-nueva-investiga-en-cordoba\/#breadcrumb\"},\"inLanguage\":\"es\",\"potentialAction\":[{\"@type\":\"ReadAction\",\"target\":[\"http:\/\/elregionalvm.com.ar\/noticias-villa-maria\/presentaron-el-libro-villa-nueva-investiga-en-cordoba\/\"]}]},{\"@type\":\"ImageObject\",\"inLanguage\":\"es\",\"@id\":\"http:\/\/elregionalvm.com.ar\/noticias-villa-maria\/presentaron-el-libro-villa-nueva-investiga-en-cordoba\/#primaryimage\",\"url\":\"https:\/\/i0.wp.com\/elregionalvm.com.ar\/noticias-villa-maria\/wp-content\/uploads\/2021\/10\/WhatsApp-Image-2021-10-13-at-09.08.01.jpeg?fit=1600%2C1200&ssl=1\",\"contentUrl\":\"https:\/\/i0.wp.com\/elregionalvm.com.ar\/noticias-villa-maria\/wp-content\/uploads\/2021\/10\/WhatsApp-Image-2021-10-13-at-09.08.01.jpeg?fit=1600%2C1200&ssl=1\",\"width\":1600,\"height\":1200},{\"@type\":\"BreadcrumbList\",\"@id\":\"http:\/\/elregionalvm.com.ar\/noticias-villa-maria\/presentaron-el-libro-villa-nueva-investiga-en-cordoba\/#breadcrumb\",\"itemListElement\":[{\"@type\":\"ListItem\",\"position\":1,\"name\":\"Portada\",\"item\":\"https:\/\/elregionalvm.com.ar\/noticias-villa-maria\/\"},{\"@type\":\"ListItem\",\"position\":2,\"name\":\"Presentaron el libro Villa Nueva Investiga en C\u00f3rdoba\"}]},{\"@type\":\"WebSite\",\"@id\":\"http:\/\/elregionalvm.com.ar\/noticias-villa-maria\/#website\",\"url\":\"http:\/\/elregionalvm.com.ar\/noticias-villa-maria\/\",\"name\":\"El Regional\",\"description\":\"Mucho m\u00e1s que informaci\u00f3n\",\"potentialAction\":[{\"@type\":\"SearchAction\",\"target\":{\"@type\":\"EntryPoint\",\"urlTemplate\":\"http:\/\/elregionalvm.com.ar\/noticias-villa-maria\/?s={search_term_string}\"},\"query-input\":{\"@type\":\"PropertyValueSpecification\",\"valueRequired\":true,\"valueName\":\"search_term_string\"}}],\"inLanguage\":\"es\"},{\"@type\":\"Person\",\"@id\":\"http:\/\/elregionalvm.com.ar\/noticias-villa-maria\/#\/schema\/person\/a0fb9c422317faca23d50163151bc354\",\"name\":\"Contenidos El Regional\",\"image\":{\"@type\":\"ImageObject\",\"inLanguage\":\"es\",\"@id\":\"http:\/\/elregionalvm.com.ar\/noticias-villa-maria\/#\/schema\/person\/image\/\",\"url\":\"https:\/\/secure.gravatar.com\/avatar\/265b27cb2209af7bb3a1318f03305787d7981a5cc6e6cd08fe5a4ecdf99d4b48?s=96&d=mm&r=g\",\"contentUrl\":\"https:\/\/secure.gravatar.com\/avatar\/265b27cb2209af7bb3a1318f03305787d7981a5cc6e6cd08fe5a4ecdf99d4b48?s=96&d=mm&r=g\",\"caption\":\"Contenidos El Regional\"},\"url\":\"https:\/\/elregionalvm.com.ar\/noticias-villa-maria\/author\/contenido\/\"}]}<\/script>\n<!-- \/ Yoast SEO plugin. -->","yoast_head_json":{"title":"Presentaron el libro Villa Nueva Investiga en C\u00f3rdoba - El Regional","robots":{"index":"index","follow":"follow","max-snippet":"max-snippet:-1","max-image-preview":"max-image-preview:large","max-video-preview":"max-video-preview:-1"},"canonical":"http:\/\/elregionalvm.com.ar\/noticias-villa-maria\/presentaron-el-libro-villa-nueva-investiga-en-cordoba\/","og_locale":"es_ES","og_type":"article","og_title":"Presentaron el libro Villa Nueva Investiga en C\u00f3rdoba - El Regional","og_description":"La secretaria de Educaci\u00f3n y Cultura, Marcela Unzueta, el subsecretario de Relaciones Institucionales y Pol\u00edticas Sociales, Franco Graglia y el Director de Patrimonio Hist\u00f3rico, Luciano Pereyra, participaron del acto de presentaci\u00f3n del libro que compila las dos primeras ediciones de las jornadas Villa Nueva Investiga, organizadas por el Municipio. La actividad, organizada por la Agencia [&hellip;]","og_url":"http:\/\/elregionalvm.com.ar\/noticias-villa-maria\/presentaron-el-libro-villa-nueva-investiga-en-cordoba\/","og_site_name":"El Regional","article_publisher":"https:\/\/www.facebook.com\/elregionalvm","article_published_time":"2021-10-14T01:54:31+00:00","article_modified_time":"2021-10-14T01:54:33+00:00","og_image":[{"width":1600,"height":1200,"url":"http:\/\/elregionalvm.com.ar\/noticias-villa-maria\/wp-content\/uploads\/2021\/10\/WhatsApp-Image-2021-10-13-at-09.08.01.jpeg","type":"image\/jpeg"}],"author":"Contenidos El Regional","twitter_card":"summary_large_image","twitter_creator":"@elregionalvm1","twitter_site":"@elregionalvm1","twitter_misc":{"Escrito por":"Contenidos El Regional","Tiempo de lectura":"1 minuto"},"schema":{"@context":"https:\/\/schema.org","@graph":[{"@type":"Article","@id":"http:\/\/elregionalvm.com.ar\/noticias-villa-maria\/presentaron-el-libro-villa-nueva-investiga-en-cordoba\/#article","isPartOf":{"@id":"http:\/\/elregionalvm.com.ar\/noticias-villa-maria\/presentaron-el-libro-villa-nueva-investiga-en-cordoba\/"},"author":{"name":"Contenidos El Regional","@id":"http:\/\/elregionalvm.com.ar\/noticias-villa-maria\/#\/schema\/person\/a0fb9c422317faca23d50163151bc354"},"headline":"Presentaron el libro Villa Nueva Investiga en C\u00f3rdoba","datePublished":"2021-10-14T01:54:31+00:00","dateModified":"2021-10-14T01:54:33+00:00","mainEntityOfPage":{"@id":"http:\/\/elregionalvm.com.ar\/noticias-villa-maria\/presentaron-el-libro-villa-nueva-investiga-en-cordoba\/"},"wordCount":111,"commentCount":0,"image":{"@id":"http:\/\/elregionalvm.com.ar\/noticias-villa-maria\/presentaron-el-libro-villa-nueva-investiga-en-cordoba\/#primaryimage"},"thumbnailUrl":"https:\/\/i0.wp.com\/elregionalvm.com.ar\/noticias-villa-maria\/wp-content\/uploads\/2021\/10\/WhatsApp-Image-2021-10-13-at-09.08.01.jpeg?fit=1600%2C1200&ssl=1","keywords":["c\u00f3rdoba","Libro","presentaci\u00f3n libro","VILLA NUEVA","Villa Nueva Investiga"],"articleSection":["Villa Nueva"],"inLanguage":"es","potentialAction":[{"@type":"CommentAction","name":"Comment","target":["http:\/\/elregionalvm.com.ar\/noticias-villa-maria\/presentaron-el-libro-villa-nueva-investiga-en-cordoba\/#respond"]}]},{"@type":"WebPage","@id":"http:\/\/elregionalvm.com.ar\/noticias-villa-maria\/presentaron-el-libro-villa-nueva-investiga-en-cordoba\/","url":"http:\/\/elregionalvm.com.ar\/noticias-villa-maria\/presentaron-el-libro-villa-nueva-investiga-en-cordoba\/","name":"Presentaron el libro Villa Nueva Investiga en C\u00f3rdoba - El Regional","isPartOf":{"@id":"http:\/\/elregionalvm.com.ar\/noticias-villa-maria\/#website"},"primaryImageOfPage":{"@id":"http:\/\/elregionalvm.com.ar\/noticias-villa-maria\/presentaron-el-libro-villa-nueva-investiga-en-cordoba\/#primaryimage"},"image":{"@id":"http:\/\/elregionalvm.com.ar\/noticias-villa-maria\/presentaron-el-libro-villa-nueva-investiga-en-cordoba\/#primaryimage"},"thumbnailUrl":"https:\/\/i0.wp.com\/elregionalvm.com.ar\/noticias-villa-maria\/wp-content\/uploads\/2021\/10\/WhatsApp-Image-2021-10-13-at-09.08.01.jpeg?fit=1600%2C1200&ssl=1","datePublished":"2021-10-14T01:54:31+00:00","dateModified":"2021-10-14T01:54:33+00:00","author":{"@id":"http:\/\/elregionalvm.com.ar\/noticias-villa-maria\/#\/schema\/person\/a0fb9c422317faca23d50163151bc354"},"breadcrumb":{"@id":"http:\/\/elregionalvm.com.ar\/noticias-villa-maria\/presentaron-el-libro-villa-nueva-investiga-en-cordoba\/#breadcrumb"},"inLanguage":"es","potentialAction":[{"@type":"ReadAction","target":["http:\/\/elregionalvm.com.ar\/noticias-villa-maria\/presentaron-el-libro-villa-nueva-investiga-en-cordoba\/"]}]},{"@type":"ImageObject","inLanguage":"es","@id":"http:\/\/elregionalvm.com.ar\/noticias-villa-maria\/presentaron-el-libro-villa-nueva-investiga-en-cordoba\/#primaryimage","url":"https:\/\/i0.wp.com\/elregionalvm.com.ar\/noticias-villa-maria\/wp-content\/uploads\/2021\/10\/WhatsApp-Image-2021-10-13-at-09.08.01.jpeg?fit=1600%2C1200&ssl=1","contentUrl":"https:\/\/i0.wp.com\/elregionalvm.com.ar\/noticias-villa-maria\/wp-content\/uploads\/2021\/10\/WhatsApp-Image-2021-10-13-at-09.08.01.jpeg?fit=1600%2C1200&ssl=1","width":1600,"height":1200},{"@type":"BreadcrumbList","@id":"http:\/\/elregionalvm.com.ar\/noticias-villa-maria\/presentaron-el-libro-villa-nueva-investiga-en-cordoba\/#breadcrumb","itemListElement":[{"@type":"ListItem","position":1,"name":"Portada","item":"https:\/\/elregionalvm.com.ar\/noticias-villa-maria\/"},{"@type":"ListItem","position":2,"name":"Presentaron el libro Villa Nueva Investiga en C\u00f3rdoba"}]},{"@type":"WebSite","@id":"http:\/\/elregionalvm.com.ar\/noticias-villa-maria\/#website","url":"http:\/\/elregionalvm.com.ar\/noticias-villa-maria\/","name":"El Regional","description":"Mucho m\u00e1s que informaci\u00f3n","potentialAction":[{"@type":"SearchAction","target":{"@type":"EntryPoint","urlTemplate":"http:\/\/elregionalvm.com.ar\/noticias-villa-maria\/?s={search_term_string}"},"query-input":{"@type":"PropertyValueSpecification","valueRequired":true,"valueName":"search_term_string"}}],"inLanguage":"es"},{"@type":"Person","@id":"http:\/\/elregionalvm.com.ar\/noticias-villa-maria\/#\/schema\/person\/a0fb9c422317faca23d50163151bc354","name":"Contenidos El Regional","image":{"@type":"ImageObject","inLanguage":"es","@id":"http:\/\/elregionalvm.com.ar\/noticias-villa-maria\/#\/schema\/person\/image\/","url":"https:\/\/secure.gravatar.com\/avatar\/265b27cb2209af7bb3a1318f03305787d7981a5cc6e6cd08fe5a4ecdf99d4b48?s=96&d=mm&r=g","contentUrl":"https:\/\/secure.gravatar.com\/avatar\/265b27cb2209af7bb3a1318f03305787d7981a5cc6e6cd08fe5a4ecdf99d4b48?s=96&d=mm&r=g","caption":"Contenidos El Regional"},"url":"https:\/\/elregionalvm.com.ar\/noticias-villa-maria\/author\/contenido\/"}]}},"jetpack_featured_media_url":"https:\/\/i0.wp.com\/elregionalvm.com.ar\/noticias-villa-maria\/wp-content\/uploads\/2021\/10\/WhatsApp-Image-2021-10-13-at-09.08.01.jpeg?fit=1600%2C1200&ssl=1","jetpack_sharing_enabled":true,"_links":{"self":[{"href":"https:\/\/elregionalvm.com.ar\/noticias-villa-maria\/wp-json\/wp\/v2\/posts\/46466","targetHints":{"allow":["GET"]}}],"collection":[{"href":"https:\/\/elregionalvm.com.ar\/noticias-villa-maria\/wp-json\/wp\/v2\/posts"}],"about":[{"href":"https:\/\/elregionalvm.com.ar\/noticias-villa-maria\/wp-json\/wp\/v2\/types\/post"}],"author":[{"embeddable":true,"href":"https:\/\/elregionalvm.com.ar\/noticias-villa-maria\/wp-json\/wp\/v2\/users\/4"}],"replies":[{"embeddable":true,"href":"https:\/\/elregionalvm.com.ar\/noticias-villa-maria\/wp-json\/wp\/v2\/comments?post=46466"}],"version-history":[{"count":1,"href":"https:\/\/elregionalvm.com.ar\/noticias-villa-maria\/wp-json\/wp\/v2\/posts\/46466\/revisions"}],"predecessor-version":[{"id":46469,"href":"https:\/\/elregionalvm.com.ar\/noticias-villa-maria\/wp-json\/wp\/v2\/posts\/46466\/revisions\/46469"}],"wp:featuredmedia":[{"embeddable":true,"href":"https:\/\/elregionalvm.com.ar\/noticias-villa-maria\/wp-json\/wp\/v2\/media\/46467"}],"wp:attachment":[{"href":"https:\/\/elregionalvm.com.ar\/noticias-villa-maria\/wp-json\/wp\/v2\/media?parent=46466"}],"wp:term":[{"taxonomy":"category","embeddable":true,"href":"https:\/\/elregionalvm.com.ar\/noticias-villa-maria\/wp-json\/wp\/v2\/categories?post=46466"},{"taxonomy":"post_tag","embeddable":true,"href":"https:\/\/elregionalvm.com.ar\/noticias-villa-maria\/wp-json\/wp\/v2\/tags?post=46466"}],"curies":[{"name":"wp","href":"https:\/\/api.w.org\/{rel}","templated":true}]}}