{"id":46488,"date":"2021-10-14T17:45:09","date_gmt":"2021-10-14T17:45:09","guid":{"rendered":"https:\/\/elregionalvm.com.ar\/noticias-villa-maria\/?p=46488"},"modified":"2021-10-20T03:45:03","modified_gmt":"2021-10-20T03:45:03","slug":"gill-y-accastello-guerra-fria-en-el-concejo-deliberante-viviendas-plaza-y-licencia","status":"publish","type":"post","link":"https:\/\/elregionalvm.com.ar\/noticias-villa-maria\/gill-y-accastello-guerra-fria-en-el-concejo-deliberante-viviendas-plaza-y-licencia\/","title":{"rendered":"Gill y Accastello, guerra fr\u00eda en el Concejo Deliberante: Viviendas, plaza y licencia"},"content":{"rendered":"\n<p><\/p>\n\n\n\n<p><strong>Escribe: Germ\u00e1n Giacchero<\/strong><\/p>\n\n\n\n<p><\/p>\n\n\n\n<p>La vieja casona de Pereyra y Dom\u00ednguez se ha convertido en el epicentro de la actividad s\u00edsmica interna que sacude al peronismo villamariense.<\/p>\n\n\n\n<p>El Concejo Deliberante, que presenta un clima enrarecido seg\u00fan algunos de quienes transitan por ese lugar, ocupa el centro de la escena de la batalla partidaria que desarrollan en tiempos de campa\u00f1a electoral las huestes del gillismo y el accastellismo.<\/p>\n\n\n\n<p>Si bien hubo algunas se\u00f1ales previas cuando los dos concejales del bloque escindido Somos votaron en disidencia algunos proyectos enviados al recinto por el oficialismo, el endurecimiento de la postura se observa en los \u00faltimos d\u00edas. Asomaron, as\u00ed, como ejercicios de entrenamiento para lo que vendr\u00eda despu\u00e9s.<\/p>\n\n\n\n<p>Daniel L\u00f3pez y Juan Carlos Cladera, los delfines de Eduardo Accastello en el cuerpo legislativo, no acompa\u00f1aron algunas iniciativas, aunque siempre levantaron la mano para otorgar o extender la licencia como intendente de Mart\u00edn Gill para ocupar el codiciado sill\u00f3n principal de la Secretar\u00eda de Obras P\u00fablicas de la Naci\u00f3n.<\/p>\n\n\n\n<p>Hasta ahora. Al menos as\u00ed parece, si esos ediles no repiten lo de anta\u00f1o cuando advert\u00edan la posibilidad de votar en contra de la licencia y luego decid\u00edan en contrario.<\/p>\n\n\n\n<p><\/p>\n\n\n\n<figure class=\"wp-block-image size-large\"><img data-recalc-dims=\"1\" fetchpriority=\"high\" decoding=\"async\" width=\"1024\" height=\"768\" src=\"https:\/\/i0.wp.com\/elregionalvm.com.ar\/noticias-villa-maria\/wp-content\/uploads\/2020\/08\/Cladera-y-L%C3%B3pez-concejales.jpg?resize=1024%2C768&#038;ssl=1\" alt=\"\" class=\"wp-image-21303\" srcset=\"https:\/\/i0.wp.com\/elregionalvm.com.ar\/noticias-villa-maria\/wp-content\/uploads\/2020\/08\/Cladera-y-L%C3%B3pez-concejales.jpg?resize=1024%2C768&amp;ssl=1 1024w, https:\/\/i0.wp.com\/elregionalvm.com.ar\/noticias-villa-maria\/wp-content\/uploads\/2020\/08\/Cladera-y-L%C3%B3pez-concejales.jpg?resize=300%2C225&amp;ssl=1 300w, https:\/\/i0.wp.com\/elregionalvm.com.ar\/noticias-villa-maria\/wp-content\/uploads\/2020\/08\/Cladera-y-L%C3%B3pez-concejales.jpg?resize=768%2C576&amp;ssl=1 768w, https:\/\/i0.wp.com\/elregionalvm.com.ar\/noticias-villa-maria\/wp-content\/uploads\/2020\/08\/Cladera-y-L%C3%B3pez-concejales.jpg?w=1032&amp;ssl=1 1032w\" sizes=\"(max-width: 1000px) 100vw, 1000px\" \/><figcaption><em>Cladera y L\u00f3pez, los alfiles de Accastello en el Concejo Deliberante. <\/em><\/figcaption><\/figure>\n\n\n\n<p><\/p>\n\n\n\n<p><\/p>\n\n\n\n<p>Aunque falta poco m\u00e1s de dos meses para un posible nuevo pedido de pr\u00f3rroga de la licencia de Gill, ya anticiparon que no acompa\u00f1ar\u00e1n la iniciativa.<\/p>\n\n\n\n<p>\u201cLa \u00faltima licencia otorgada al intendente fue por la funci\u00f3n en el cargo nacional, y hoy se encuentra en plena tarea como candidato a diputado nacional. Es decir, pidi\u00f3 la pr\u00f3rroga para ser funcionario y en la pr\u00e1ctica es candidato, desvirtuando absolutamente lo realizado en el Concejo Deliberante, raz\u00f3n por la cual es inadmisible prorrogar esta situaci\u00f3n\u201d, indicaron en un comunicado difundido en la noche del mi\u00e9rcoles.<\/p>\n\n\n\n<p>\u201cEs fundamental que se cumpla con la funci\u00f3n por la cual fue elegido, caso contrario los vecinos merecen elegir a su intendente\u201d, remarcaron. Un pedido de elecciones que va en sinton\u00eda con el reclamo del radicalismo, el PRO y otras fuerzas pol\u00edticas. Que vuelva a la oficina m\u00e1s importante del Palacio Municipal o renuncie para continuar en su cargo nacional y convoque a un acto electoral para seleccionar a su sucesor.<\/p>\n\n\n\n<p>Con la negativa permanente del bloque opositor Vamos Villa Mar\u00eda a avalar cualquier cuesti\u00f3n vinculada con la licencia, los dos votos de Somos fueron el as en la manga de Accastello para negociar espacios y opciones de poder. Dos votos sumamente necesarios para lograr la mayor\u00eda y extender la licencia casi de manera autom\u00e1tica.<\/p>\n\n\n\n<p>Sin dudas, se trata de la madre de todas las batallas, pero no es el \u00fanico frente abierto. Claro que estar\u00e1 condicionada al resultado electoral de las legislativas del 14 de noviembre, en cierta forma algo previsible si se replican los resultados del 12 de septiembre.<\/p>\n\n\n\n<p>Para sacar conclusiones, lo mejor es aguardar el d\u00eda despu\u00e9s y los pasos posteriores de ambas fuerzas en puja. Aunque ya se ha lanzado dardos incendiarios, antes del final de diciembre, cuando vence la m\u00e1s reciente postergaci\u00f3n de la licencia, hay un gran muro por escalar.<\/p>\n\n\n\n<p><\/p>\n\n\n\n<figure class=\"wp-block-image size-full\"><img data-recalc-dims=\"1\" decoding=\"async\" width=\"914\" height=\"591\" src=\"https:\/\/i0.wp.com\/elregionalvm.com.ar\/noticias-villa-maria\/wp-content\/uploads\/2020\/12\/concejo-deliberante-villamariense.png?resize=914%2C591&#038;ssl=1\" alt=\"\" class=\"wp-image-28618\" srcset=\"https:\/\/i0.wp.com\/elregionalvm.com.ar\/noticias-villa-maria\/wp-content\/uploads\/2020\/12\/concejo-deliberante-villamariense.png?w=914&amp;ssl=1 914w, https:\/\/i0.wp.com\/elregionalvm.com.ar\/noticias-villa-maria\/wp-content\/uploads\/2020\/12\/concejo-deliberante-villamariense.png?resize=300%2C194&amp;ssl=1 300w, https:\/\/i0.wp.com\/elregionalvm.com.ar\/noticias-villa-maria\/wp-content\/uploads\/2020\/12\/concejo-deliberante-villamariense.png?resize=768%2C497&amp;ssl=1 768w\" sizes=\"(max-width: 914px) 100vw, 914px\" \/><figcaption><em>Las batallas internas del peronismo tambi\u00e9n se libran en el cuerpo legislativo de la ciudad. <\/em><\/figcaption><\/figure>\n\n\n\n<p><\/p>\n\n\n\n<p><\/p>\n\n\n\n<p><strong>Pol\u00edtica habitacional<\/strong><\/p>\n\n\n\n<p>Esta guerra fr\u00eda entre los dirigentes m\u00e1s reconocidos en Villa Mar\u00eda en los \u00faltimos a\u00f1os tiene otro eje de disputa en el proyecto para transferir a un fondo fiduciario el estacionamiento ubicado en un costado de la Terminal de \u00d3mnibus con la finalidad de construir 72 departamentos por medio del plan Procrear.<\/p>\n\n\n\n<p>La propuesta ya fue aprobada en primera lectura con el acompa\u00f1amiento de la tradicional oposici\u00f3n, que no ahorr\u00f3 cr\u00edticas, pero igual levant\u00f3 la mano. Con lo que al oficialismo no le fue necesario el respaldo del accastellismo.<\/p>\n\n\n\n<p>Pero, es una se\u00f1al pol\u00edtica. La negativa vino acompa\u00f1ada con un tiro por elevaci\u00f3n a la pol\u00edtica habitacional del Ejecutivo municipal. \u201cBajo ninguna circunstancia nos oponemos a la construcci\u00f3n de viviendas sociales, todo lo contrario; creemos que una de las falencias de la administraci\u00f3n actual es la falta de una pol\u00edtica habitacional\u201d, declar\u00f3 L\u00f3pez.<\/p>\n\n\n\n<p>\u201cQueremos que se defina una pol\u00edtica habitacional seria, con viviendas dignas y no con barriadas de techos de pl\u00e1stico que se incrementan en tanto y en cuanto no abordemos esta problem\u00e1tica con el compromiso y la seriedad que exige\u201d, dispar\u00f3 el edil.<\/p>\n\n\n\n<p>Justificaron tambi\u00e9n el voto en contra frente a lo que consideran \u201cuna pr\u00e1ctica habitual y sistem\u00e1tica del Ejecutivo, no remitir la informaci\u00f3n en tiempo y forma para el an\u00e1lisis de los temas planteados, menoscabando los mecanismos institucionales de responsabilidad y transparencia\u201d.<\/p>\n\n\n\n<p>\u201cHemos decidido no avanzar hasta contar con un informe detallado del proyecto\u201d, insistieron.<\/p>\n\n\n\n<p><strong>El cerramiento de la plaza<\/strong><\/p>\n\n\n\n<p>Por otro lado, el propio presidente del cuerpo, Carlos De Falco, luego de hacer p\u00fablico su apoyo a los candidatos del gobernador Juan Schiaretti en la contienda legislativa nacional, manifest\u00f3 p\u00fablicamente su desacuerdo con el cerco perimetral de la Plaza Centenario, que se encuentra en obras.<\/p>\n\n\n\n<p>En declaraciones period\u00edsticas, indic\u00f3 que le pidi\u00f3 al intendente interino Pablo Rosso que se retire ese cerramiento, al que calific\u00f3 como \u00abadefesio\u00bb, bajo los argumentos de contaminaci\u00f3n visual con consecuencias para la salud humana y que resulta perjudicial para los comerciantes de la zona c\u00e9ntrica.<\/p>\n\n\n\n<p>Otro fuego de artificio que se suma a la intensa pirotecnia partidaria en \u00e9poca preelectoral. <\/p>\n\n\n\n<p>Y eso que a\u00fan falta para las fiestas de fin de a\u00f1o.<\/p>\n","protected":false},"excerpt":{"rendered":"<p>Escribe: Germ\u00e1n Giacchero La vieja casona de Pereyra y Dom\u00ednguez se ha convertido en el epicentro de la actividad s\u00edsmica interna que sacude al peronismo villamariense. El Concejo Deliberante, que presenta un clima enrarecido seg\u00fan algunos de quienes transitan por ese lugar, ocupa el centro de la escena de la batalla partidaria que desarrollan en [&hellip;]<\/p>\n","protected":false},"author":6,"featured_media":43343,"comment_status":"open","ping_status":"open","sticky":false,"template":"","format":"standard","meta":{"site-sidebar-layout":"default","site-content-layout":"default","ast-site-content-layout":"default","site-content-style":"default","site-sidebar-style":"default","ast-global-header-display":"","ast-banner-title-visibility":"","ast-main-header-display":"","ast-hfb-above-header-display":"","ast-hfb-below-header-display":"","ast-hfb-mobile-header-display":"","site-post-title":"","ast-breadcrumbs-content":"","ast-featured-img":"","footer-sml-layout":"","ast-disable-related-posts":"","theme-transparent-header-meta":"default","adv-header-id-meta":"","stick-header-meta":"","header-above-stick-meta":"","header-main-stick-meta":"","header-below-stick-meta":"","astra-migrate-meta-layouts":"default","ast-page-background-enabled":"default","ast-page-background-meta":{"desktop":{"background-color":"","background-image":"","background-repeat":"repeat","background-position":"center center","background-size":"auto","background-attachment":"scroll","background-type":"","background-media":"","overlay-type":"","overlay-color":"","overlay-opacity":"","overlay-gradient":""},"tablet":{"background-color":"","background-image":"","background-repeat":"repeat","background-position":"center center","background-size":"auto","background-attachment":"scroll","background-type":"","background-media":"","overlay-type":"","overlay-color":"","overlay-opacity":"","overlay-gradient":""},"mobile":{"background-color":"","background-image":"","background-repeat":"repeat","background-position":"center center","background-size":"auto","background-attachment":"scroll","background-type":"","background-media":"","overlay-type":"","overlay-color":"","overlay-opacity":"","overlay-gradient":""}},"ast-content-background-meta":{"desktop":{"background-color":"var(--ast-global-color-5)","background-image":"","background-repeat":"repeat","background-position":"center center","background-size":"auto","background-attachment":"scroll","background-type":"","background-media":"","overlay-type":"","overlay-color":"","overlay-opacity":"","overlay-gradient":""},"tablet":{"background-color":"var(--ast-global-color-5)","background-image":"","background-repeat":"repeat","background-position":"center center","background-size":"auto","background-attachment":"scroll","background-type":"","background-media":"","overlay-type":"","overlay-color":"","overlay-opacity":"","overlay-gradient":""},"mobile":{"background-color":"var(--ast-global-color-5)","background-image":"","background-repeat":"repeat","background-position":"center center","background-size":"auto","background-attachment":"scroll","background-type":"","background-media":"","overlay-type":"","overlay-color":"","overlay-opacity":"","overlay-gradient":""}},"_jetpack_memberships_contains_paid_content":false,"_joinchat":[],"footnotes":""},"categories":[2089,3557],"tags":[1597,6666,2038,268,2945,6665,5751,1831,1125,199,2782,2465],"class_list":["post-46488","post","type-post","status-publish","format-standard","has-post-thumbnail","hentry","category-politica","category-tercera","tag-concejo-deliberante","tag-daniel-lopez","tag-eduardo-accastello","tag-elecciones","tag-guerra-fria","tag-juan-carlos-cladera","tag-legislativas","tag-licencia-de-gill","tag-martin-gill","tag-plaza-centenario","tag-somos-villa-maria","tag-viviendas"],"yoast_head":"<!-- This site is optimized with the Yoast SEO plugin v26.8 - https:\/\/yoast.com\/product\/yoast-seo-wordpress\/ -->\n<title>Gill y Accastello, guerra fr\u00eda en el Concejo Deliberante: Viviendas, plaza y licencia - El Regional<\/title>\n<meta name=\"description\" content=\"La vieja casona de Pereyra y Dom\u00ednguez se ha convertido en el epicentro de la actividad s\u00edsmica interna que sacude al peronismo local.\" \/>\n<meta name=\"robots\" content=\"index, follow, max-snippet:-1, max-image-preview:large, max-video-preview:-1\" \/>\n<link rel=\"canonical\" href=\"http:\/\/elregionalvm.com.ar\/noticias-villa-maria\/gill-y-accastello-guerra-fria-en-el-concejo-deliberante-viviendas-plaza-y-licencia\/\" \/>\n<meta property=\"og:locale\" content=\"es_ES\" \/>\n<meta property=\"og:type\" content=\"article\" \/>\n<meta property=\"og:title\" content=\"Gill y Accastello, guerra fr\u00eda en el Concejo Deliberante: Viviendas, plaza y licencia - El Regional\" \/>\n<meta property=\"og:description\" content=\"La vieja casona de Pereyra y Dom\u00ednguez se ha convertido en el epicentro de la actividad s\u00edsmica interna que sacude al peronismo local.\" \/>\n<meta property=\"og:url\" content=\"http:\/\/elregionalvm.com.ar\/noticias-villa-maria\/gill-y-accastello-guerra-fria-en-el-concejo-deliberante-viviendas-plaza-y-licencia\/\" \/>\n<meta property=\"og:site_name\" content=\"El Regional\" \/>\n<meta property=\"article:publisher\" content=\"https:\/\/www.facebook.com\/elregionalvm\" \/>\n<meta property=\"article:published_time\" content=\"2021-10-14T17:45:09+00:00\" \/>\n<meta property=\"article:modified_time\" content=\"2021-10-20T03:45:03+00:00\" \/>\n<meta property=\"og:image\" content=\"http:\/\/elregionalvm.com.ar\/noticias-villa-maria\/wp-content\/uploads\/2021\/08\/Gill-y-Accastello.jpeg\" \/>\n\t<meta property=\"og:image:width\" content=\"900\" \/>\n\t<meta property=\"og:image:height\" content=\"650\" \/>\n\t<meta property=\"og:image:type\" content=\"image\/jpeg\" \/>\n<meta name=\"author\" content=\"Germ\u00e1n Giacchero\" \/>\n<meta name=\"twitter:card\" content=\"summary_large_image\" \/>\n<meta name=\"twitter:creator\" content=\"@elregionalvm1\" \/>\n<meta name=\"twitter:site\" content=\"@elregionalvm1\" \/>\n<meta name=\"twitter:label1\" content=\"Escrito por\" \/>\n\t<meta name=\"twitter:data1\" content=\"Germ\u00e1n Giacchero\" \/>\n\t<meta name=\"twitter:label2\" content=\"Tiempo de lectura\" \/>\n\t<meta name=\"twitter:data2\" content=\"5 minutos\" \/>\n<script type=\"application\/ld+json\" class=\"yoast-schema-graph\">{\"@context\":\"https:\/\/schema.org\",\"@graph\":[{\"@type\":\"Article\",\"@id\":\"http:\/\/elregionalvm.com.ar\/noticias-villa-maria\/gill-y-accastello-guerra-fria-en-el-concejo-deliberante-viviendas-plaza-y-licencia\/#article\",\"isPartOf\":{\"@id\":\"http:\/\/elregionalvm.com.ar\/noticias-villa-maria\/gill-y-accastello-guerra-fria-en-el-concejo-deliberante-viviendas-plaza-y-licencia\/\"},\"author\":{\"name\":\"Germ\u00e1n Giacchero\",\"@id\":\"http:\/\/elregionalvm.com.ar\/noticias-villa-maria\/#\/schema\/person\/d5e4b04966154131701e52c45d3efec9\"},\"headline\":\"Gill y Accastello, guerra fr\u00eda en el Concejo Deliberante: Viviendas, plaza y licencia\",\"datePublished\":\"2021-10-14T17:45:09+00:00\",\"dateModified\":\"2021-10-20T03:45:03+00:00\",\"mainEntityOfPage\":{\"@id\":\"http:\/\/elregionalvm.com.ar\/noticias-villa-maria\/gill-y-accastello-guerra-fria-en-el-concejo-deliberante-viviendas-plaza-y-licencia\/\"},\"wordCount\":979,\"commentCount\":1,\"image\":{\"@id\":\"http:\/\/elregionalvm.com.ar\/noticias-villa-maria\/gill-y-accastello-guerra-fria-en-el-concejo-deliberante-viviendas-plaza-y-licencia\/#primaryimage\"},\"thumbnailUrl\":\"https:\/\/i0.wp.com\/elregionalvm.com.ar\/noticias-villa-maria\/wp-content\/uploads\/2021\/08\/Gill-y-Accastello.jpeg?fit=900%2C650&ssl=1\",\"keywords\":[\"Concejo Deliberante\",\"Daniel L\u00f3pez\",\"Eduardo Accastello\",\"elecciones\",\"Guerra Fr\u00eda\",\"Juan Carlos Cladera\",\"Legislativas\",\"licencia de Gill\",\"mart\u00edn gill\",\"plaza centenario\",\"Somos Villa Mar\u00eda\",\"Viviendas\"],\"articleSection\":[\"Pol\u00edtica\",\"tercera\"],\"inLanguage\":\"es\",\"potentialAction\":[{\"@type\":\"CommentAction\",\"name\":\"Comment\",\"target\":[\"http:\/\/elregionalvm.com.ar\/noticias-villa-maria\/gill-y-accastello-guerra-fria-en-el-concejo-deliberante-viviendas-plaza-y-licencia\/#respond\"]}]},{\"@type\":\"WebPage\",\"@id\":\"http:\/\/elregionalvm.com.ar\/noticias-villa-maria\/gill-y-accastello-guerra-fria-en-el-concejo-deliberante-viviendas-plaza-y-licencia\/\",\"url\":\"http:\/\/elregionalvm.com.ar\/noticias-villa-maria\/gill-y-accastello-guerra-fria-en-el-concejo-deliberante-viviendas-plaza-y-licencia\/\",\"name\":\"Gill y Accastello, guerra fr\u00eda en el Concejo Deliberante: Viviendas, plaza y licencia - El Regional\",\"isPartOf\":{\"@id\":\"http:\/\/elregionalvm.com.ar\/noticias-villa-maria\/#website\"},\"primaryImageOfPage\":{\"@id\":\"http:\/\/elregionalvm.com.ar\/noticias-villa-maria\/gill-y-accastello-guerra-fria-en-el-concejo-deliberante-viviendas-plaza-y-licencia\/#primaryimage\"},\"image\":{\"@id\":\"http:\/\/elregionalvm.com.ar\/noticias-villa-maria\/gill-y-accastello-guerra-fria-en-el-concejo-deliberante-viviendas-plaza-y-licencia\/#primaryimage\"},\"thumbnailUrl\":\"https:\/\/i0.wp.com\/elregionalvm.com.ar\/noticias-villa-maria\/wp-content\/uploads\/2021\/08\/Gill-y-Accastello.jpeg?fit=900%2C650&ssl=1\",\"datePublished\":\"2021-10-14T17:45:09+00:00\",\"dateModified\":\"2021-10-20T03:45:03+00:00\",\"author\":{\"@id\":\"http:\/\/elregionalvm.com.ar\/noticias-villa-maria\/#\/schema\/person\/d5e4b04966154131701e52c45d3efec9\"},\"description\":\"La vieja casona de Pereyra y Dom\u00ednguez se ha convertido en el epicentro de la actividad s\u00edsmica interna que sacude al peronismo local.\",\"breadcrumb\":{\"@id\":\"http:\/\/elregionalvm.com.ar\/noticias-villa-maria\/gill-y-accastello-guerra-fria-en-el-concejo-deliberante-viviendas-plaza-y-licencia\/#breadcrumb\"},\"inLanguage\":\"es\",\"potentialAction\":[{\"@type\":\"ReadAction\",\"target\":[\"http:\/\/elregionalvm.com.ar\/noticias-villa-maria\/gill-y-accastello-guerra-fria-en-el-concejo-deliberante-viviendas-plaza-y-licencia\/\"]}]},{\"@type\":\"ImageObject\",\"inLanguage\":\"es\",\"@id\":\"http:\/\/elregionalvm.com.ar\/noticias-villa-maria\/gill-y-accastello-guerra-fria-en-el-concejo-deliberante-viviendas-plaza-y-licencia\/#primaryimage\",\"url\":\"https:\/\/i0.wp.com\/elregionalvm.com.ar\/noticias-villa-maria\/wp-content\/uploads\/2021\/08\/Gill-y-Accastello.jpeg?fit=900%2C650&ssl=1\",\"contentUrl\":\"https:\/\/i0.wp.com\/elregionalvm.com.ar\/noticias-villa-maria\/wp-content\/uploads\/2021\/08\/Gill-y-Accastello.jpeg?fit=900%2C650&ssl=1\",\"width\":900,\"height\":650},{\"@type\":\"BreadcrumbList\",\"@id\":\"http:\/\/elregionalvm.com.ar\/noticias-villa-maria\/gill-y-accastello-guerra-fria-en-el-concejo-deliberante-viviendas-plaza-y-licencia\/#breadcrumb\",\"itemListElement\":[{\"@type\":\"ListItem\",\"position\":1,\"name\":\"Portada\",\"item\":\"https:\/\/elregionalvm.com.ar\/noticias-villa-maria\/\"},{\"@type\":\"ListItem\",\"position\":2,\"name\":\"Gill y Accastello, guerra fr\u00eda en el Concejo Deliberante: Viviendas, plaza y licencia\"}]},{\"@type\":\"WebSite\",\"@id\":\"http:\/\/elregionalvm.com.ar\/noticias-villa-maria\/#website\",\"url\":\"http:\/\/elregionalvm.com.ar\/noticias-villa-maria\/\",\"name\":\"El Regional\",\"description\":\"Mucho m\u00e1s que informaci\u00f3n\",\"potentialAction\":[{\"@type\":\"SearchAction\",\"target\":{\"@type\":\"EntryPoint\",\"urlTemplate\":\"http:\/\/elregionalvm.com.ar\/noticias-villa-maria\/?s={search_term_string}\"},\"query-input\":{\"@type\":\"PropertyValueSpecification\",\"valueRequired\":true,\"valueName\":\"search_term_string\"}}],\"inLanguage\":\"es\"},{\"@type\":\"Person\",\"@id\":\"http:\/\/elregionalvm.com.ar\/noticias-villa-maria\/#\/schema\/person\/d5e4b04966154131701e52c45d3efec9\",\"name\":\"Germ\u00e1n Giacchero\",\"image\":{\"@type\":\"ImageObject\",\"inLanguage\":\"es\",\"@id\":\"http:\/\/elregionalvm.com.ar\/noticias-villa-maria\/#\/schema\/person\/image\/\",\"url\":\"https:\/\/secure.gravatar.com\/avatar\/fda163ba5ef0307ee5be9846e10f83b6e83d0cfb260d3b2464830318894c6b04?s=96&d=mm&r=g\",\"contentUrl\":\"https:\/\/secure.gravatar.com\/avatar\/fda163ba5ef0307ee5be9846e10f83b6e83d0cfb260d3b2464830318894c6b04?s=96&d=mm&r=g\",\"caption\":\"Germ\u00e1n Giacchero\"},\"url\":\"https:\/\/elregionalvm.com.ar\/noticias-villa-maria\/author\/germangiacchero\/\"}]}<\/script>\n<!-- \/ Yoast SEO plugin. -->","yoast_head_json":{"title":"Gill y Accastello, guerra fr\u00eda en el Concejo Deliberante: Viviendas, plaza y licencia - El Regional","description":"La vieja casona de Pereyra y Dom\u00ednguez se ha convertido en el epicentro de la actividad s\u00edsmica interna que sacude al peronismo local.","robots":{"index":"index","follow":"follow","max-snippet":"max-snippet:-1","max-image-preview":"max-image-preview:large","max-video-preview":"max-video-preview:-1"},"canonical":"http:\/\/elregionalvm.com.ar\/noticias-villa-maria\/gill-y-accastello-guerra-fria-en-el-concejo-deliberante-viviendas-plaza-y-licencia\/","og_locale":"es_ES","og_type":"article","og_title":"Gill y Accastello, guerra fr\u00eda en el Concejo Deliberante: Viviendas, plaza y licencia - El Regional","og_description":"La vieja casona de Pereyra y Dom\u00ednguez se ha convertido en el epicentro de la actividad s\u00edsmica interna que sacude al peronismo local.","og_url":"http:\/\/elregionalvm.com.ar\/noticias-villa-maria\/gill-y-accastello-guerra-fria-en-el-concejo-deliberante-viviendas-plaza-y-licencia\/","og_site_name":"El Regional","article_publisher":"https:\/\/www.facebook.com\/elregionalvm","article_published_time":"2021-10-14T17:45:09+00:00","article_modified_time":"2021-10-20T03:45:03+00:00","og_image":[{"width":900,"height":650,"url":"http:\/\/elregionalvm.com.ar\/noticias-villa-maria\/wp-content\/uploads\/2021\/08\/Gill-y-Accastello.jpeg","type":"image\/jpeg"}],"author":"Germ\u00e1n Giacchero","twitter_card":"summary_large_image","twitter_creator":"@elregionalvm1","twitter_site":"@elregionalvm1","twitter_misc":{"Escrito por":"Germ\u00e1n Giacchero","Tiempo de lectura":"5 minutos"},"schema":{"@context":"https:\/\/schema.org","@graph":[{"@type":"Article","@id":"http:\/\/elregionalvm.com.ar\/noticias-villa-maria\/gill-y-accastello-guerra-fria-en-el-concejo-deliberante-viviendas-plaza-y-licencia\/#article","isPartOf":{"@id":"http:\/\/elregionalvm.com.ar\/noticias-villa-maria\/gill-y-accastello-guerra-fria-en-el-concejo-deliberante-viviendas-plaza-y-licencia\/"},"author":{"name":"Germ\u00e1n Giacchero","@id":"http:\/\/elregionalvm.com.ar\/noticias-villa-maria\/#\/schema\/person\/d5e4b04966154131701e52c45d3efec9"},"headline":"Gill y Accastello, guerra fr\u00eda en el Concejo Deliberante: Viviendas, plaza y licencia","datePublished":"2021-10-14T17:45:09+00:00","dateModified":"2021-10-20T03:45:03+00:00","mainEntityOfPage":{"@id":"http:\/\/elregionalvm.com.ar\/noticias-villa-maria\/gill-y-accastello-guerra-fria-en-el-concejo-deliberante-viviendas-plaza-y-licencia\/"},"wordCount":979,"commentCount":1,"image":{"@id":"http:\/\/elregionalvm.com.ar\/noticias-villa-maria\/gill-y-accastello-guerra-fria-en-el-concejo-deliberante-viviendas-plaza-y-licencia\/#primaryimage"},"thumbnailUrl":"https:\/\/i0.wp.com\/elregionalvm.com.ar\/noticias-villa-maria\/wp-content\/uploads\/2021\/08\/Gill-y-Accastello.jpeg?fit=900%2C650&ssl=1","keywords":["Concejo Deliberante","Daniel L\u00f3pez","Eduardo Accastello","elecciones","Guerra Fr\u00eda","Juan Carlos Cladera","Legislativas","licencia de Gill","mart\u00edn gill","plaza centenario","Somos Villa Mar\u00eda","Viviendas"],"articleSection":["Pol\u00edtica","tercera"],"inLanguage":"es","potentialAction":[{"@type":"CommentAction","name":"Comment","target":["http:\/\/elregionalvm.com.ar\/noticias-villa-maria\/gill-y-accastello-guerra-fria-en-el-concejo-deliberante-viviendas-plaza-y-licencia\/#respond"]}]},{"@type":"WebPage","@id":"http:\/\/elregionalvm.com.ar\/noticias-villa-maria\/gill-y-accastello-guerra-fria-en-el-concejo-deliberante-viviendas-plaza-y-licencia\/","url":"http:\/\/elregionalvm.com.ar\/noticias-villa-maria\/gill-y-accastello-guerra-fria-en-el-concejo-deliberante-viviendas-plaza-y-licencia\/","name":"Gill y Accastello, guerra fr\u00eda en el Concejo Deliberante: Viviendas, plaza y licencia - El Regional","isPartOf":{"@id":"http:\/\/elregionalvm.com.ar\/noticias-villa-maria\/#website"},"primaryImageOfPage":{"@id":"http:\/\/elregionalvm.com.ar\/noticias-villa-maria\/gill-y-accastello-guerra-fria-en-el-concejo-deliberante-viviendas-plaza-y-licencia\/#primaryimage"},"image":{"@id":"http:\/\/elregionalvm.com.ar\/noticias-villa-maria\/gill-y-accastello-guerra-fria-en-el-concejo-deliberante-viviendas-plaza-y-licencia\/#primaryimage"},"thumbnailUrl":"https:\/\/i0.wp.com\/elregionalvm.com.ar\/noticias-villa-maria\/wp-content\/uploads\/2021\/08\/Gill-y-Accastello.jpeg?fit=900%2C650&ssl=1","datePublished":"2021-10-14T17:45:09+00:00","dateModified":"2021-10-20T03:45:03+00:00","author":{"@id":"http:\/\/elregionalvm.com.ar\/noticias-villa-maria\/#\/schema\/person\/d5e4b04966154131701e52c45d3efec9"},"description":"La vieja casona de Pereyra y Dom\u00ednguez se ha convertido en el epicentro de la actividad s\u00edsmica interna que sacude al peronismo local.","breadcrumb":{"@id":"http:\/\/elregionalvm.com.ar\/noticias-villa-maria\/gill-y-accastello-guerra-fria-en-el-concejo-deliberante-viviendas-plaza-y-licencia\/#breadcrumb"},"inLanguage":"es","potentialAction":[{"@type":"ReadAction","target":["http:\/\/elregionalvm.com.ar\/noticias-villa-maria\/gill-y-accastello-guerra-fria-en-el-concejo-deliberante-viviendas-plaza-y-licencia\/"]}]},{"@type":"ImageObject","inLanguage":"es","@id":"http:\/\/elregionalvm.com.ar\/noticias-villa-maria\/gill-y-accastello-guerra-fria-en-el-concejo-deliberante-viviendas-plaza-y-licencia\/#primaryimage","url":"https:\/\/i0.wp.com\/elregionalvm.com.ar\/noticias-villa-maria\/wp-content\/uploads\/2021\/08\/Gill-y-Accastello.jpeg?fit=900%2C650&ssl=1","contentUrl":"https:\/\/i0.wp.com\/elregionalvm.com.ar\/noticias-villa-maria\/wp-content\/uploads\/2021\/08\/Gill-y-Accastello.jpeg?fit=900%2C650&ssl=1","width":900,"height":650},{"@type":"BreadcrumbList","@id":"http:\/\/elregionalvm.com.ar\/noticias-villa-maria\/gill-y-accastello-guerra-fria-en-el-concejo-deliberante-viviendas-plaza-y-licencia\/#breadcrumb","itemListElement":[{"@type":"ListItem","position":1,"name":"Portada","item":"https:\/\/elregionalvm.com.ar\/noticias-villa-maria\/"},{"@type":"ListItem","position":2,"name":"Gill y Accastello, guerra fr\u00eda en el Concejo Deliberante: Viviendas, plaza y licencia"}]},{"@type":"WebSite","@id":"http:\/\/elregionalvm.com.ar\/noticias-villa-maria\/#website","url":"http:\/\/elregionalvm.com.ar\/noticias-villa-maria\/","name":"El Regional","description":"Mucho m\u00e1s que informaci\u00f3n","potentialAction":[{"@type":"SearchAction","target":{"@type":"EntryPoint","urlTemplate":"http:\/\/elregionalvm.com.ar\/noticias-villa-maria\/?s={search_term_string}"},"query-input":{"@type":"PropertyValueSpecification","valueRequired":true,"valueName":"search_term_string"}}],"inLanguage":"es"},{"@type":"Person","@id":"http:\/\/elregionalvm.com.ar\/noticias-villa-maria\/#\/schema\/person\/d5e4b04966154131701e52c45d3efec9","name":"Germ\u00e1n Giacchero","image":{"@type":"ImageObject","inLanguage":"es","@id":"http:\/\/elregionalvm.com.ar\/noticias-villa-maria\/#\/schema\/person\/image\/","url":"https:\/\/secure.gravatar.com\/avatar\/fda163ba5ef0307ee5be9846e10f83b6e83d0cfb260d3b2464830318894c6b04?s=96&d=mm&r=g","contentUrl":"https:\/\/secure.gravatar.com\/avatar\/fda163ba5ef0307ee5be9846e10f83b6e83d0cfb260d3b2464830318894c6b04?s=96&d=mm&r=g","caption":"Germ\u00e1n Giacchero"},"url":"https:\/\/elregionalvm.com.ar\/noticias-villa-maria\/author\/germangiacchero\/"}]}},"jetpack_featured_media_url":"https:\/\/i0.wp.com\/elregionalvm.com.ar\/noticias-villa-maria\/wp-content\/uploads\/2021\/08\/Gill-y-Accastello.jpeg?fit=900%2C650&ssl=1","jetpack_sharing_enabled":true,"_links":{"self":[{"href":"https:\/\/elregionalvm.com.ar\/noticias-villa-maria\/wp-json\/wp\/v2\/posts\/46488","targetHints":{"allow":["GET"]}}],"collection":[{"href":"https:\/\/elregionalvm.com.ar\/noticias-villa-maria\/wp-json\/wp\/v2\/posts"}],"about":[{"href":"https:\/\/elregionalvm.com.ar\/noticias-villa-maria\/wp-json\/wp\/v2\/types\/post"}],"author":[{"embeddable":true,"href":"https:\/\/elregionalvm.com.ar\/noticias-villa-maria\/wp-json\/wp\/v2\/users\/6"}],"replies":[{"embeddable":true,"href":"https:\/\/elregionalvm.com.ar\/noticias-villa-maria\/wp-json\/wp\/v2\/comments?post=46488"}],"version-history":[{"count":3,"href":"https:\/\/elregionalvm.com.ar\/noticias-villa-maria\/wp-json\/wp\/v2\/posts\/46488\/revisions"}],"predecessor-version":[{"id":46491,"href":"https:\/\/elregionalvm.com.ar\/noticias-villa-maria\/wp-json\/wp\/v2\/posts\/46488\/revisions\/46491"}],"wp:featuredmedia":[{"embeddable":true,"href":"https:\/\/elregionalvm.com.ar\/noticias-villa-maria\/wp-json\/wp\/v2\/media\/43343"}],"wp:attachment":[{"href":"https:\/\/elregionalvm.com.ar\/noticias-villa-maria\/wp-json\/wp\/v2\/media?parent=46488"}],"wp:term":[{"taxonomy":"category","embeddable":true,"href":"https:\/\/elregionalvm.com.ar\/noticias-villa-maria\/wp-json\/wp\/v2\/categories?post=46488"},{"taxonomy":"post_tag","embeddable":true,"href":"https:\/\/elregionalvm.com.ar\/noticias-villa-maria\/wp-json\/wp\/v2\/tags?post=46488"}],"curies":[{"name":"wp","href":"https:\/\/api.w.org\/{rel}","templated":true}]}}