{"id":46515,"date":"2021-10-14T23:24:54","date_gmt":"2021-10-14T23:24:54","guid":{"rendered":"https:\/\/elregionalvm.com.ar\/noticias-villa-maria\/?p=46515"},"modified":"2021-10-14T23:24:55","modified_gmt":"2021-10-14T23:24:55","slug":"gill-en-cordoba-tenemos-en-marcha-460-obras","status":"publish","type":"post","link":"https:\/\/elregionalvm.com.ar\/noticias-villa-maria\/gill-en-cordoba-tenemos-en-marcha-460-obras\/","title":{"rendered":"Gill: \u201cEn C\u00f3rdoba tenemos en marcha 460 obras\u00bb"},"content":{"rendered":"\n<p>El secretario de Obras P\u00fablicas de la Naci\u00f3n, Mart\u00edn Gill, destac\u00f3 este jueves que en la provincia de C\u00f3rdoba se est\u00e1n realizando 460 obras, durante una recorrida por las localidades de R\u00edo Segundo, La Puerta, La Para, Brinkmann y Las Arrias, donde supervis\u00f3 los avances de distintos proyectos que se llevan adelante desde la gesti\u00f3n nacional.<\/p>\n\n\n\n<p>\u201cNo hay un antecedente de una cantidad de obras tan importante y es una decisi\u00f3n del presidente de llegar a cada rinc\u00f3n del pa\u00eds\u201d, subray\u00f3 y dijo que \u201cla reconstrucci\u00f3n de Argentina requiere reactivar las obras que generan trabajo en la regi\u00f3n\u201d, remarc\u00f3 en R\u00edo Segundo tras recorrer la costanera local. \u201cEl r\u00edo ha sido una marca distintiva, es una de las traves\u00edas m\u00e1s lindas en la provincia y por eso trabajamos para rejerarquizarla, que no solo sirva para la gente de R\u00edo Segundo sino para toda la regi\u00f3n que viene\u201d.<\/p>\n\n\n\n<p>\u201cEste proyecto va a permitir cumplir un sue\u00f1o para mejorar todo el recorrido y que sea un espacio de encuentro para la etapa que viene\u201d, remarc\u00f3 durante la visita que realiz\u00f3 junto al intendente Dar\u00edo Chesta.<\/p>\n\n\n\n<p>En La Puerta, junto al intendente Fernando Brasca, recorrieron obras que fueron pavimentadas con adoquinado y en donde se construyeron d\u00e1rsenas. \u201cEstamos con varios proyectos avanzados para la concreci\u00f3n de la ciclov\u00eda y todas las v\u00edas de conectividad hasta la Escuela Agrot\u00e9cnica y en la construcci\u00f3n de un centro deportivo\u201d, anunci\u00f3 el Secretario.<\/p>\n\n\n\n<div class=\"wp-block-image\"><figure class=\"aligncenter size-large is-resized\"><img data-recalc-dims=\"1\" fetchpriority=\"high\" decoding=\"async\" src=\"https:\/\/i0.wp.com\/elregionalvm.com.ar\/noticias-villa-maria\/wp-content\/uploads\/2021\/10\/WhatsApp-Image-2021-10-14-at-17.44.10-1.jpeg?resize=513%2C341&#038;ssl=1\" alt=\"\" class=\"wp-image-46517\" width=\"513\" height=\"341\" srcset=\"https:\/\/i0.wp.com\/elregionalvm.com.ar\/noticias-villa-maria\/wp-content\/uploads\/2021\/10\/WhatsApp-Image-2021-10-14-at-17.44.10-1.jpeg?resize=1024%2C682&amp;ssl=1 1024w, https:\/\/i0.wp.com\/elregionalvm.com.ar\/noticias-villa-maria\/wp-content\/uploads\/2021\/10\/WhatsApp-Image-2021-10-14-at-17.44.10-1.jpeg?resize=300%2C200&amp;ssl=1 300w, https:\/\/i0.wp.com\/elregionalvm.com.ar\/noticias-villa-maria\/wp-content\/uploads\/2021\/10\/WhatsApp-Image-2021-10-14-at-17.44.10-1.jpeg?resize=768%2C512&amp;ssl=1 768w, https:\/\/i0.wp.com\/elregionalvm.com.ar\/noticias-villa-maria\/wp-content\/uploads\/2021\/10\/WhatsApp-Image-2021-10-14-at-17.44.10-1.jpeg?w=1280&amp;ssl=1 1280w\" sizes=\"(max-width: 513px) 100vw, 513px\" \/><\/figure><\/div>\n\n\n\n<p>Brasca destac\u00f3 el acompa\u00f1amiento del Gobierno Nacional y la presencia de Gill, por estar permanentemente trabajando con los municipios. \u201cTienen 2500 municipios de Argentina que atender pero siempre nos recibe en su escritorio y se hace un lugar para los intendentes\u201d, se\u00f1al\u00f3.<\/p>\n\n\n\n<p>Luego, en La Para, junto al intendente Carlos Guzm\u00e1n observaron los trabajos que est\u00e1n en marcha para poner en valor la plaza central y el avance del cord\u00f3n cuneta. All\u00ed, Gill anunci\u00f3 tambi\u00e9n que se construir\u00e1 un Centro de Desarrollo Infantil, un espacio multiuso y la renovaci\u00f3n por led de todo el alumbrado p\u00fablico.<\/p>\n\n\n\n<p>Por \u00faltimo, Gill visit\u00f3 Brinckmann donde firm\u00f3 un convenio para la culminaci\u00f3n de la obra del hospital dentro de la red de infraestructura sanitaria del Gobierno nacional por un monto superior a los 37 millones de pesos.<\/p>\n\n\n\n<p>\u201cEl gobierno decidi\u00f3 construir una agenda que mira hacia adelante, porque la Argentina que viene no es la de los enfrentamientos sino una que construya un pa\u00eds distinto\u201d, concluy\u00f3 Gill.<\/p>\n\n\n\n<div class=\"wp-block-image\"><figure class=\"aligncenter size-large is-resized\"><img data-recalc-dims=\"1\" decoding=\"async\" src=\"https:\/\/i0.wp.com\/elregionalvm.com.ar\/noticias-villa-maria\/wp-content\/uploads\/2021\/10\/WhatsApp-Image-2021-10-14-at-17.44.11.jpeg?resize=498%2C332&#038;ssl=1\" alt=\"\" class=\"wp-image-46518\" width=\"498\" height=\"332\" srcset=\"https:\/\/i0.wp.com\/elregionalvm.com.ar\/noticias-villa-maria\/wp-content\/uploads\/2021\/10\/WhatsApp-Image-2021-10-14-at-17.44.11.jpeg?resize=1024%2C683&amp;ssl=1 1024w, https:\/\/i0.wp.com\/elregionalvm.com.ar\/noticias-villa-maria\/wp-content\/uploads\/2021\/10\/WhatsApp-Image-2021-10-14-at-17.44.11.jpeg?resize=300%2C200&amp;ssl=1 300w, https:\/\/i0.wp.com\/elregionalvm.com.ar\/noticias-villa-maria\/wp-content\/uploads\/2021\/10\/WhatsApp-Image-2021-10-14-at-17.44.11.jpeg?resize=768%2C512&amp;ssl=1 768w, https:\/\/i0.wp.com\/elregionalvm.com.ar\/noticias-villa-maria\/wp-content\/uploads\/2021\/10\/WhatsApp-Image-2021-10-14-at-17.44.11.jpeg?resize=1536%2C1024&amp;ssl=1 1536w, https:\/\/i0.wp.com\/elregionalvm.com.ar\/noticias-villa-maria\/wp-content\/uploads\/2021\/10\/WhatsApp-Image-2021-10-14-at-17.44.11.jpeg?w=1599&amp;ssl=1 1599w\" sizes=\"(max-width: 498px) 100vw, 498px\" \/><\/figure><\/div>\n","protected":false},"excerpt":{"rendered":"<p>El secretario de Obras P\u00fablicas de la Naci\u00f3n, Mart\u00edn Gill, destac\u00f3 este jueves que en la provincia de C\u00f3rdoba se est\u00e1n realizando 460 obras, durante una recorrida por las localidades de R\u00edo Segundo, La Puerta, La Para, Brinkmann y Las Arrias, donde supervis\u00f3 los avances de distintos proyectos que se llevan adelante desde la gesti\u00f3n [&hellip;]<\/p>\n","protected":false},"author":4,"featured_media":46516,"comment_status":"open","ping_status":"open","sticky":false,"template":"","format":"standard","meta":{"site-sidebar-layout":"default","site-content-layout":"default","ast-site-content-layout":"default","site-content-style":"default","site-sidebar-style":"default","ast-global-header-display":"","ast-banner-title-visibility":"","ast-main-header-display":"","ast-hfb-above-header-display":"","ast-hfb-below-header-display":"","ast-hfb-mobile-header-display":"","site-post-title":"","ast-breadcrumbs-content":"","ast-featured-img":"","footer-sml-layout":"","ast-disable-related-posts":"","theme-transparent-header-meta":"default","adv-header-id-meta":"","stick-header-meta":"","header-above-stick-meta":"","header-main-stick-meta":"","header-below-stick-meta":"","astra-migrate-meta-layouts":"default","ast-page-background-enabled":"default","ast-page-background-meta":{"desktop":{"background-color":"","background-image":"","background-repeat":"repeat","background-position":"center center","background-size":"auto","background-attachment":"scroll","background-type":"","background-media":"","overlay-type":"","overlay-color":"","overlay-opacity":"","overlay-gradient":""},"tablet":{"background-color":"","background-image":"","background-repeat":"repeat","background-position":"center center","background-size":"auto","background-attachment":"scroll","background-type":"","background-media":"","overlay-type":"","overlay-color":"","overlay-opacity":"","overlay-gradient":""},"mobile":{"background-color":"","background-image":"","background-repeat":"repeat","background-position":"center center","background-size":"auto","background-attachment":"scroll","background-type":"","background-media":"","overlay-type":"","overlay-color":"","overlay-opacity":"","overlay-gradient":""}},"ast-content-background-meta":{"desktop":{"background-color":"var(--ast-global-color-5)","background-image":"","background-repeat":"repeat","background-position":"center center","background-size":"auto","background-attachment":"scroll","background-type":"","background-media":"","overlay-type":"","overlay-color":"","overlay-opacity":"","overlay-gradient":""},"tablet":{"background-color":"var(--ast-global-color-5)","background-image":"","background-repeat":"repeat","background-position":"center center","background-size":"auto","background-attachment":"scroll","background-type":"","background-media":"","overlay-type":"","overlay-color":"","overlay-opacity":"","overlay-gradient":""},"mobile":{"background-color":"var(--ast-global-color-5)","background-image":"","background-repeat":"repeat","background-position":"center center","background-size":"auto","background-attachment":"scroll","background-type":"","background-media":"","overlay-type":"","overlay-color":"","overlay-opacity":"","overlay-gradient":""}},"_jetpack_memberships_contains_paid_content":false,"_joinchat":[],"footnotes":""},"categories":[2091],"tags":[11636,1232,11638,11637,2824,2403,5452],"class_list":["post-46515","post","type-post","status-publish","format-standard","has-post-thumbnail","hentry","category-region","tag-460-obras-en-marcha","tag-destacado","tag-gestion-nacional","tag-localidades-del-interior","tag-martin-gill-2","tag-provincia-de-cordoba","tag-recorrida"],"yoast_head":"<!-- This site is optimized with the Yoast SEO plugin v26.8 - https:\/\/yoast.com\/product\/yoast-seo-wordpress\/ -->\n<title>Gill: \u201cEn C\u00f3rdoba tenemos en marcha 460 obras&quot; - El Regional<\/title>\n<meta name=\"robots\" content=\"index, follow, max-snippet:-1, max-image-preview:large, max-video-preview:-1\" \/>\n<link rel=\"canonical\" href=\"http:\/\/elregionalvm.com.ar\/noticias-villa-maria\/gill-en-cordoba-tenemos-en-marcha-460-obras\/\" \/>\n<meta property=\"og:locale\" content=\"es_ES\" \/>\n<meta property=\"og:type\" content=\"article\" \/>\n<meta property=\"og:title\" content=\"Gill: \u201cEn C\u00f3rdoba tenemos en marcha 460 obras&quot; - El Regional\" \/>\n<meta property=\"og:description\" content=\"El secretario de Obras P\u00fablicas de la Naci\u00f3n, Mart\u00edn Gill, destac\u00f3 este jueves que en la provincia de C\u00f3rdoba se est\u00e1n realizando 460 obras, durante una recorrida por las localidades de R\u00edo Segundo, La Puerta, La Para, Brinkmann y Las Arrias, donde supervis\u00f3 los avances de distintos proyectos que se llevan adelante desde la gesti\u00f3n [&hellip;]\" \/>\n<meta property=\"og:url\" content=\"http:\/\/elregionalvm.com.ar\/noticias-villa-maria\/gill-en-cordoba-tenemos-en-marcha-460-obras\/\" \/>\n<meta property=\"og:site_name\" content=\"El Regional\" \/>\n<meta property=\"article:publisher\" content=\"https:\/\/www.facebook.com\/elregionalvm\" \/>\n<meta property=\"article:published_time\" content=\"2021-10-14T23:24:54+00:00\" \/>\n<meta property=\"article:modified_time\" content=\"2021-10-14T23:24:55+00:00\" \/>\n<meta property=\"og:image\" content=\"http:\/\/elregionalvm.com.ar\/noticias-villa-maria\/wp-content\/uploads\/2021\/10\/WhatsApp-Image-2021-10-14-at-17.44.10.jpeg\" \/>\n\t<meta property=\"og:image:width\" content=\"1599\" \/>\n\t<meta property=\"og:image:height\" content=\"1066\" \/>\n\t<meta property=\"og:image:type\" content=\"image\/jpeg\" \/>\n<meta name=\"author\" content=\"Contenidos El Regional\" \/>\n<meta name=\"twitter:card\" content=\"summary_large_image\" \/>\n<meta name=\"twitter:creator\" content=\"@elregionalvm1\" \/>\n<meta name=\"twitter:site\" content=\"@elregionalvm1\" \/>\n<meta name=\"twitter:label1\" content=\"Escrito por\" \/>\n\t<meta name=\"twitter:data1\" content=\"Contenidos El Regional\" \/>\n\t<meta name=\"twitter:label2\" content=\"Tiempo de lectura\" \/>\n\t<meta name=\"twitter:data2\" content=\"3 minutos\" \/>\n<script type=\"application\/ld+json\" class=\"yoast-schema-graph\">{\"@context\":\"https:\/\/schema.org\",\"@graph\":[{\"@type\":\"Article\",\"@id\":\"http:\/\/elregionalvm.com.ar\/noticias-villa-maria\/gill-en-cordoba-tenemos-en-marcha-460-obras\/#article\",\"isPartOf\":{\"@id\":\"http:\/\/elregionalvm.com.ar\/noticias-villa-maria\/gill-en-cordoba-tenemos-en-marcha-460-obras\/\"},\"author\":{\"name\":\"Contenidos El Regional\",\"@id\":\"http:\/\/elregionalvm.com.ar\/noticias-villa-maria\/#\/schema\/person\/a0fb9c422317faca23d50163151bc354\"},\"headline\":\"Gill: \u201cEn C\u00f3rdoba tenemos en marcha 460 obras\u00bb\",\"datePublished\":\"2021-10-14T23:24:54+00:00\",\"dateModified\":\"2021-10-14T23:24:55+00:00\",\"mainEntityOfPage\":{\"@id\":\"http:\/\/elregionalvm.com.ar\/noticias-villa-maria\/gill-en-cordoba-tenemos-en-marcha-460-obras\/\"},\"wordCount\":440,\"commentCount\":0,\"image\":{\"@id\":\"http:\/\/elregionalvm.com.ar\/noticias-villa-maria\/gill-en-cordoba-tenemos-en-marcha-460-obras\/#primaryimage\"},\"thumbnailUrl\":\"https:\/\/i0.wp.com\/elregionalvm.com.ar\/noticias-villa-maria\/wp-content\/uploads\/2021\/10\/WhatsApp-Image-2021-10-14-at-17.44.10.jpeg?fit=1599%2C1066&ssl=1\",\"keywords\":[\"460 obras en marcha\",\"destacado\",\"gesti\u00f3n nacional\",\"localidades del interior\",\"Martin Gill\",\"Provincia de C\u00f3rdoba\",\"recorrida\"],\"articleSection\":[\"Regi\u00f3n\"],\"inLanguage\":\"es\",\"potentialAction\":[{\"@type\":\"CommentAction\",\"name\":\"Comment\",\"target\":[\"http:\/\/elregionalvm.com.ar\/noticias-villa-maria\/gill-en-cordoba-tenemos-en-marcha-460-obras\/#respond\"]}]},{\"@type\":\"WebPage\",\"@id\":\"http:\/\/elregionalvm.com.ar\/noticias-villa-maria\/gill-en-cordoba-tenemos-en-marcha-460-obras\/\",\"url\":\"http:\/\/elregionalvm.com.ar\/noticias-villa-maria\/gill-en-cordoba-tenemos-en-marcha-460-obras\/\",\"name\":\"Gill: \u201cEn C\u00f3rdoba tenemos en marcha 460 obras\\\" - El Regional\",\"isPartOf\":{\"@id\":\"http:\/\/elregionalvm.com.ar\/noticias-villa-maria\/#website\"},\"primaryImageOfPage\":{\"@id\":\"http:\/\/elregionalvm.com.ar\/noticias-villa-maria\/gill-en-cordoba-tenemos-en-marcha-460-obras\/#primaryimage\"},\"image\":{\"@id\":\"http:\/\/elregionalvm.com.ar\/noticias-villa-maria\/gill-en-cordoba-tenemos-en-marcha-460-obras\/#primaryimage\"},\"thumbnailUrl\":\"https:\/\/i0.wp.com\/elregionalvm.com.ar\/noticias-villa-maria\/wp-content\/uploads\/2021\/10\/WhatsApp-Image-2021-10-14-at-17.44.10.jpeg?fit=1599%2C1066&ssl=1\",\"datePublished\":\"2021-10-14T23:24:54+00:00\",\"dateModified\":\"2021-10-14T23:24:55+00:00\",\"author\":{\"@id\":\"http:\/\/elregionalvm.com.ar\/noticias-villa-maria\/#\/schema\/person\/a0fb9c422317faca23d50163151bc354\"},\"breadcrumb\":{\"@id\":\"http:\/\/elregionalvm.com.ar\/noticias-villa-maria\/gill-en-cordoba-tenemos-en-marcha-460-obras\/#breadcrumb\"},\"inLanguage\":\"es\",\"potentialAction\":[{\"@type\":\"ReadAction\",\"target\":[\"http:\/\/elregionalvm.com.ar\/noticias-villa-maria\/gill-en-cordoba-tenemos-en-marcha-460-obras\/\"]}]},{\"@type\":\"ImageObject\",\"inLanguage\":\"es\",\"@id\":\"http:\/\/elregionalvm.com.ar\/noticias-villa-maria\/gill-en-cordoba-tenemos-en-marcha-460-obras\/#primaryimage\",\"url\":\"https:\/\/i0.wp.com\/elregionalvm.com.ar\/noticias-villa-maria\/wp-content\/uploads\/2021\/10\/WhatsApp-Image-2021-10-14-at-17.44.10.jpeg?fit=1599%2C1066&ssl=1\",\"contentUrl\":\"https:\/\/i0.wp.com\/elregionalvm.com.ar\/noticias-villa-maria\/wp-content\/uploads\/2021\/10\/WhatsApp-Image-2021-10-14-at-17.44.10.jpeg?fit=1599%2C1066&ssl=1\",\"width\":1599,\"height\":1066},{\"@type\":\"BreadcrumbList\",\"@id\":\"http:\/\/elregionalvm.com.ar\/noticias-villa-maria\/gill-en-cordoba-tenemos-en-marcha-460-obras\/#breadcrumb\",\"itemListElement\":[{\"@type\":\"ListItem\",\"position\":1,\"name\":\"Portada\",\"item\":\"https:\/\/elregionalvm.com.ar\/noticias-villa-maria\/\"},{\"@type\":\"ListItem\",\"position\":2,\"name\":\"Gill: \u201cEn C\u00f3rdoba tenemos en marcha 460 obras&#8221;\"}]},{\"@type\":\"WebSite\",\"@id\":\"http:\/\/elregionalvm.com.ar\/noticias-villa-maria\/#website\",\"url\":\"http:\/\/elregionalvm.com.ar\/noticias-villa-maria\/\",\"name\":\"El Regional\",\"description\":\"Mucho m\u00e1s que informaci\u00f3n\",\"potentialAction\":[{\"@type\":\"SearchAction\",\"target\":{\"@type\":\"EntryPoint\",\"urlTemplate\":\"http:\/\/elregionalvm.com.ar\/noticias-villa-maria\/?s={search_term_string}\"},\"query-input\":{\"@type\":\"PropertyValueSpecification\",\"valueRequired\":true,\"valueName\":\"search_term_string\"}}],\"inLanguage\":\"es\"},{\"@type\":\"Person\",\"@id\":\"http:\/\/elregionalvm.com.ar\/noticias-villa-maria\/#\/schema\/person\/a0fb9c422317faca23d50163151bc354\",\"name\":\"Contenidos El Regional\",\"image\":{\"@type\":\"ImageObject\",\"inLanguage\":\"es\",\"@id\":\"http:\/\/elregionalvm.com.ar\/noticias-villa-maria\/#\/schema\/person\/image\/\",\"url\":\"https:\/\/secure.gravatar.com\/avatar\/265b27cb2209af7bb3a1318f03305787d7981a5cc6e6cd08fe5a4ecdf99d4b48?s=96&d=mm&r=g\",\"contentUrl\":\"https:\/\/secure.gravatar.com\/avatar\/265b27cb2209af7bb3a1318f03305787d7981a5cc6e6cd08fe5a4ecdf99d4b48?s=96&d=mm&r=g\",\"caption\":\"Contenidos El Regional\"},\"url\":\"https:\/\/elregionalvm.com.ar\/noticias-villa-maria\/author\/contenido\/\"}]}<\/script>\n<!-- \/ Yoast SEO plugin. -->","yoast_head_json":{"title":"Gill: \u201cEn C\u00f3rdoba tenemos en marcha 460 obras\" - El Regional","robots":{"index":"index","follow":"follow","max-snippet":"max-snippet:-1","max-image-preview":"max-image-preview:large","max-video-preview":"max-video-preview:-1"},"canonical":"http:\/\/elregionalvm.com.ar\/noticias-villa-maria\/gill-en-cordoba-tenemos-en-marcha-460-obras\/","og_locale":"es_ES","og_type":"article","og_title":"Gill: \u201cEn C\u00f3rdoba tenemos en marcha 460 obras\" - El Regional","og_description":"El secretario de Obras P\u00fablicas de la Naci\u00f3n, Mart\u00edn Gill, destac\u00f3 este jueves que en la provincia de C\u00f3rdoba se est\u00e1n realizando 460 obras, durante una recorrida por las localidades de R\u00edo Segundo, La Puerta, La Para, Brinkmann y Las Arrias, donde supervis\u00f3 los avances de distintos proyectos que se llevan adelante desde la gesti\u00f3n [&hellip;]","og_url":"http:\/\/elregionalvm.com.ar\/noticias-villa-maria\/gill-en-cordoba-tenemos-en-marcha-460-obras\/","og_site_name":"El Regional","article_publisher":"https:\/\/www.facebook.com\/elregionalvm","article_published_time":"2021-10-14T23:24:54+00:00","article_modified_time":"2021-10-14T23:24:55+00:00","og_image":[{"width":1599,"height":1066,"url":"http:\/\/elregionalvm.com.ar\/noticias-villa-maria\/wp-content\/uploads\/2021\/10\/WhatsApp-Image-2021-10-14-at-17.44.10.jpeg","type":"image\/jpeg"}],"author":"Contenidos El Regional","twitter_card":"summary_large_image","twitter_creator":"@elregionalvm1","twitter_site":"@elregionalvm1","twitter_misc":{"Escrito por":"Contenidos El Regional","Tiempo de lectura":"3 minutos"},"schema":{"@context":"https:\/\/schema.org","@graph":[{"@type":"Article","@id":"http:\/\/elregionalvm.com.ar\/noticias-villa-maria\/gill-en-cordoba-tenemos-en-marcha-460-obras\/#article","isPartOf":{"@id":"http:\/\/elregionalvm.com.ar\/noticias-villa-maria\/gill-en-cordoba-tenemos-en-marcha-460-obras\/"},"author":{"name":"Contenidos El Regional","@id":"http:\/\/elregionalvm.com.ar\/noticias-villa-maria\/#\/schema\/person\/a0fb9c422317faca23d50163151bc354"},"headline":"Gill: \u201cEn C\u00f3rdoba tenemos en marcha 460 obras\u00bb","datePublished":"2021-10-14T23:24:54+00:00","dateModified":"2021-10-14T23:24:55+00:00","mainEntityOfPage":{"@id":"http:\/\/elregionalvm.com.ar\/noticias-villa-maria\/gill-en-cordoba-tenemos-en-marcha-460-obras\/"},"wordCount":440,"commentCount":0,"image":{"@id":"http:\/\/elregionalvm.com.ar\/noticias-villa-maria\/gill-en-cordoba-tenemos-en-marcha-460-obras\/#primaryimage"},"thumbnailUrl":"https:\/\/i0.wp.com\/elregionalvm.com.ar\/noticias-villa-maria\/wp-content\/uploads\/2021\/10\/WhatsApp-Image-2021-10-14-at-17.44.10.jpeg?fit=1599%2C1066&ssl=1","keywords":["460 obras en marcha","destacado","gesti\u00f3n nacional","localidades del interior","Martin Gill","Provincia de C\u00f3rdoba","recorrida"],"articleSection":["Regi\u00f3n"],"inLanguage":"es","potentialAction":[{"@type":"CommentAction","name":"Comment","target":["http:\/\/elregionalvm.com.ar\/noticias-villa-maria\/gill-en-cordoba-tenemos-en-marcha-460-obras\/#respond"]}]},{"@type":"WebPage","@id":"http:\/\/elregionalvm.com.ar\/noticias-villa-maria\/gill-en-cordoba-tenemos-en-marcha-460-obras\/","url":"http:\/\/elregionalvm.com.ar\/noticias-villa-maria\/gill-en-cordoba-tenemos-en-marcha-460-obras\/","name":"Gill: \u201cEn C\u00f3rdoba tenemos en marcha 460 obras\" - El Regional","isPartOf":{"@id":"http:\/\/elregionalvm.com.ar\/noticias-villa-maria\/#website"},"primaryImageOfPage":{"@id":"http:\/\/elregionalvm.com.ar\/noticias-villa-maria\/gill-en-cordoba-tenemos-en-marcha-460-obras\/#primaryimage"},"image":{"@id":"http:\/\/elregionalvm.com.ar\/noticias-villa-maria\/gill-en-cordoba-tenemos-en-marcha-460-obras\/#primaryimage"},"thumbnailUrl":"https:\/\/i0.wp.com\/elregionalvm.com.ar\/noticias-villa-maria\/wp-content\/uploads\/2021\/10\/WhatsApp-Image-2021-10-14-at-17.44.10.jpeg?fit=1599%2C1066&ssl=1","datePublished":"2021-10-14T23:24:54+00:00","dateModified":"2021-10-14T23:24:55+00:00","author":{"@id":"http:\/\/elregionalvm.com.ar\/noticias-villa-maria\/#\/schema\/person\/a0fb9c422317faca23d50163151bc354"},"breadcrumb":{"@id":"http:\/\/elregionalvm.com.ar\/noticias-villa-maria\/gill-en-cordoba-tenemos-en-marcha-460-obras\/#breadcrumb"},"inLanguage":"es","potentialAction":[{"@type":"ReadAction","target":["http:\/\/elregionalvm.com.ar\/noticias-villa-maria\/gill-en-cordoba-tenemos-en-marcha-460-obras\/"]}]},{"@type":"ImageObject","inLanguage":"es","@id":"http:\/\/elregionalvm.com.ar\/noticias-villa-maria\/gill-en-cordoba-tenemos-en-marcha-460-obras\/#primaryimage","url":"https:\/\/i0.wp.com\/elregionalvm.com.ar\/noticias-villa-maria\/wp-content\/uploads\/2021\/10\/WhatsApp-Image-2021-10-14-at-17.44.10.jpeg?fit=1599%2C1066&ssl=1","contentUrl":"https:\/\/i0.wp.com\/elregionalvm.com.ar\/noticias-villa-maria\/wp-content\/uploads\/2021\/10\/WhatsApp-Image-2021-10-14-at-17.44.10.jpeg?fit=1599%2C1066&ssl=1","width":1599,"height":1066},{"@type":"BreadcrumbList","@id":"http:\/\/elregionalvm.com.ar\/noticias-villa-maria\/gill-en-cordoba-tenemos-en-marcha-460-obras\/#breadcrumb","itemListElement":[{"@type":"ListItem","position":1,"name":"Portada","item":"https:\/\/elregionalvm.com.ar\/noticias-villa-maria\/"},{"@type":"ListItem","position":2,"name":"Gill: \u201cEn C\u00f3rdoba tenemos en marcha 460 obras&#8221;"}]},{"@type":"WebSite","@id":"http:\/\/elregionalvm.com.ar\/noticias-villa-maria\/#website","url":"http:\/\/elregionalvm.com.ar\/noticias-villa-maria\/","name":"El Regional","description":"Mucho m\u00e1s que informaci\u00f3n","potentialAction":[{"@type":"SearchAction","target":{"@type":"EntryPoint","urlTemplate":"http:\/\/elregionalvm.com.ar\/noticias-villa-maria\/?s={search_term_string}"},"query-input":{"@type":"PropertyValueSpecification","valueRequired":true,"valueName":"search_term_string"}}],"inLanguage":"es"},{"@type":"Person","@id":"http:\/\/elregionalvm.com.ar\/noticias-villa-maria\/#\/schema\/person\/a0fb9c422317faca23d50163151bc354","name":"Contenidos El Regional","image":{"@type":"ImageObject","inLanguage":"es","@id":"http:\/\/elregionalvm.com.ar\/noticias-villa-maria\/#\/schema\/person\/image\/","url":"https:\/\/secure.gravatar.com\/avatar\/265b27cb2209af7bb3a1318f03305787d7981a5cc6e6cd08fe5a4ecdf99d4b48?s=96&d=mm&r=g","contentUrl":"https:\/\/secure.gravatar.com\/avatar\/265b27cb2209af7bb3a1318f03305787d7981a5cc6e6cd08fe5a4ecdf99d4b48?s=96&d=mm&r=g","caption":"Contenidos El Regional"},"url":"https:\/\/elregionalvm.com.ar\/noticias-villa-maria\/author\/contenido\/"}]}},"jetpack_featured_media_url":"https:\/\/i0.wp.com\/elregionalvm.com.ar\/noticias-villa-maria\/wp-content\/uploads\/2021\/10\/WhatsApp-Image-2021-10-14-at-17.44.10.jpeg?fit=1599%2C1066&ssl=1","jetpack_sharing_enabled":true,"_links":{"self":[{"href":"https:\/\/elregionalvm.com.ar\/noticias-villa-maria\/wp-json\/wp\/v2\/posts\/46515","targetHints":{"allow":["GET"]}}],"collection":[{"href":"https:\/\/elregionalvm.com.ar\/noticias-villa-maria\/wp-json\/wp\/v2\/posts"}],"about":[{"href":"https:\/\/elregionalvm.com.ar\/noticias-villa-maria\/wp-json\/wp\/v2\/types\/post"}],"author":[{"embeddable":true,"href":"https:\/\/elregionalvm.com.ar\/noticias-villa-maria\/wp-json\/wp\/v2\/users\/4"}],"replies":[{"embeddable":true,"href":"https:\/\/elregionalvm.com.ar\/noticias-villa-maria\/wp-json\/wp\/v2\/comments?post=46515"}],"version-history":[{"count":1,"href":"https:\/\/elregionalvm.com.ar\/noticias-villa-maria\/wp-json\/wp\/v2\/posts\/46515\/revisions"}],"predecessor-version":[{"id":46519,"href":"https:\/\/elregionalvm.com.ar\/noticias-villa-maria\/wp-json\/wp\/v2\/posts\/46515\/revisions\/46519"}],"wp:featuredmedia":[{"embeddable":true,"href":"https:\/\/elregionalvm.com.ar\/noticias-villa-maria\/wp-json\/wp\/v2\/media\/46516"}],"wp:attachment":[{"href":"https:\/\/elregionalvm.com.ar\/noticias-villa-maria\/wp-json\/wp\/v2\/media?parent=46515"}],"wp:term":[{"taxonomy":"category","embeddable":true,"href":"https:\/\/elregionalvm.com.ar\/noticias-villa-maria\/wp-json\/wp\/v2\/categories?post=46515"},{"taxonomy":"post_tag","embeddable":true,"href":"https:\/\/elregionalvm.com.ar\/noticias-villa-maria\/wp-json\/wp\/v2\/tags?post=46515"}],"curies":[{"name":"wp","href":"https:\/\/api.w.org\/{rel}","templated":true}]}}