{"id":46524,"date":"2021-10-14T23:59:28","date_gmt":"2021-10-14T23:59:28","guid":{"rendered":"https:\/\/elregionalvm.com.ar\/noticias-villa-maria\/?p=46524"},"modified":"2021-10-15T00:18:49","modified_gmt":"2021-10-15T00:18:49","slug":"schiaretti-inaugurara-etapa-de-la-circunvalacion-villanovense","status":"publish","type":"post","link":"https:\/\/elregionalvm.com.ar\/noticias-villa-maria\/schiaretti-inaugurara-etapa-de-la-circunvalacion-villanovense\/","title":{"rendered":"Schiaretti inaugurar\u00e1 etapa de la circunvalaci\u00f3n villanovense"},"content":{"rendered":"\n<p>Este viernes, con la presencia del gobernador Juan Schiaretti, a la hora 10.00 se inaugurar\u00e1 la primera etapa de la circunvalaci\u00f3n villanovense, realizada con aportes de la Provincia de C\u00f3rdoba. <\/p>\n\n\n\n<p>La obra vial encarada por la Provincia demand\u00f3 una inversi\u00f3n de 700 millones de pesos, y contempl\u00f3 la construcci\u00f3n de un desv\u00edo de tr\u00e1nsito pesado entre la Ruta Provincial 2 y la Ruta Provincial 4, en el arco sudoeste de Villa Nueva, sobre una traza completamente nueva de siete kil\u00f3metros de longitud.<\/p>\n\n\n\n<p>Adem\u00e1s, el gobernador Juan Schiaretti junto al ministro de Agricultura y Ganader\u00eda, Sergio Busso, y su par de Seguridad, Alfonso Mosquera, entrega aportes del Programa de Buenas Pr\u00e1cticas Agropecuarias y veh\u00edculos de la Patrulla Rural<\/p>\n\n\n\n<p><strong>Villa Nueva contenta<\/strong><\/p>\n\n\n\n<p>Se trata de una obra muy esperada por los villanovenses y vecinos de la regi\u00f3n que permitir\u00e1 quitar el tr\u00e1nsito pesado del centro de Villa Nueva. Luego de muchos a\u00f1os de espera y gestiones del municipio, la obra es una realidad para todos. <\/p>\n\n\n\n<p>Para los interesados en asistir al acto, el ingreso ser\u00e1 por Ruta 4.<\/p>\n\n\n\n<p>Natalio Graglia y su hermano Franco recorrieron la obra y realizaron el siguiente video de la obra:<\/p>\n\n\n\n<figure class=\"wp-block-video\"><video controls src=\"https:\/\/elregionalvm.com.ar\/noticias-villa-maria\/wp-content\/uploads\/2021\/10\/WhatsApp-Video-2021-10-14-at-16.30.56.mp4\"><\/video><\/figure>\n","protected":false},"excerpt":{"rendered":"<p>Este viernes, con la presencia del gobernador Juan Schiaretti, a la hora 10.00 se inaugurar\u00e1 la primera etapa de la circunvalaci\u00f3n villanovense, realizada con aportes de la Provincia de C\u00f3rdoba. La obra vial encarada por la Provincia demand\u00f3 una inversi\u00f3n de 700 millones de pesos, y contempl\u00f3 la construcci\u00f3n de un desv\u00edo de tr\u00e1nsito pesado [&hellip;]<\/p>\n","protected":false},"author":4,"featured_media":45176,"comment_status":"open","ping_status":"open","sticky":false,"template":"","format":"standard","meta":{"site-sidebar-layout":"default","site-content-layout":"default","ast-site-content-layout":"default","site-content-style":"default","site-sidebar-style":"default","ast-global-header-display":"","ast-banner-title-visibility":"","ast-main-header-display":"","ast-hfb-above-header-display":"","ast-hfb-below-header-display":"","ast-hfb-mobile-header-display":"","site-post-title":"","ast-breadcrumbs-content":"","ast-featured-img":"","footer-sml-layout":"","ast-disable-related-posts":"","theme-transparent-header-meta":"default","adv-header-id-meta":"","stick-header-meta":"","header-above-stick-meta":"","header-main-stick-meta":"","header-below-stick-meta":"","astra-migrate-meta-layouts":"default","ast-page-background-enabled":"default","ast-page-background-meta":{"desktop":{"background-color":"","background-image":"","background-repeat":"repeat","background-position":"center center","background-size":"auto","background-attachment":"scroll","background-type":"","background-media":"","overlay-type":"","overlay-color":"","overlay-opacity":"","overlay-gradient":""},"tablet":{"background-color":"","background-image":"","background-repeat":"repeat","background-position":"center center","background-size":"auto","background-attachment":"scroll","background-type":"","background-media":"","overlay-type":"","overlay-color":"","overlay-opacity":"","overlay-gradient":""},"mobile":{"background-color":"","background-image":"","background-repeat":"repeat","background-position":"center center","background-size":"auto","background-attachment":"scroll","background-type":"","background-media":"","overlay-type":"","overlay-color":"","overlay-opacity":"","overlay-gradient":""}},"ast-content-background-meta":{"desktop":{"background-color":"var(--ast-global-color-5)","background-image":"","background-repeat":"repeat","background-position":"center center","background-size":"auto","background-attachment":"scroll","background-type":"","background-media":"","overlay-type":"","overlay-color":"","overlay-opacity":"","overlay-gradient":""},"tablet":{"background-color":"var(--ast-global-color-5)","background-image":"","background-repeat":"repeat","background-position":"center center","background-size":"auto","background-attachment":"scroll","background-type":"","background-media":"","overlay-type":"","overlay-color":"","overlay-opacity":"","overlay-gradient":""},"mobile":{"background-color":"var(--ast-global-color-5)","background-image":"","background-repeat":"repeat","background-position":"center center","background-size":"auto","background-attachment":"scroll","background-type":"","background-media":"","overlay-type":"","overlay-color":"","overlay-opacity":"","overlay-gradient":""}},"_jetpack_memberships_contains_paid_content":false,"_joinchat":[],"footnotes":""},"categories":[1408],"tags":[11641,1232,651,3232,3058,11643,11642],"class_list":["post-46524","post","type-post","status-publish","format-standard","has-post-thumbnail","hentry","category-villa-nueva","tag-circunvalacion-villanovense","tag-destacado","tag-graglia","tag-inauguracion","tag-juan-schiaretti","tag-primera-etapa","tag-viernes-15-de-octubre-de-2021"],"yoast_head":"<!-- This site is optimized with the Yoast SEO plugin v26.8 - https:\/\/yoast.com\/product\/yoast-seo-wordpress\/ -->\n<title>Schiaretti inaugurar\u00e1 etapa de la circunvalaci\u00f3n villanovense - El Regional<\/title>\n<meta name=\"robots\" content=\"index, follow, max-snippet:-1, max-image-preview:large, max-video-preview:-1\" \/>\n<link rel=\"canonical\" href=\"http:\/\/elregionalvm.com.ar\/noticias-villa-maria\/schiaretti-inaugurara-etapa-de-la-circunvalacion-villanovense\/\" \/>\n<meta property=\"og:locale\" content=\"es_ES\" \/>\n<meta property=\"og:type\" content=\"article\" \/>\n<meta property=\"og:title\" content=\"Schiaretti inaugurar\u00e1 etapa de la circunvalaci\u00f3n villanovense - El Regional\" \/>\n<meta property=\"og:description\" content=\"Este viernes, con la presencia del gobernador Juan Schiaretti, a la hora 10.00 se inaugurar\u00e1 la primera etapa de la circunvalaci\u00f3n villanovense, realizada con aportes de la Provincia de C\u00f3rdoba. La obra vial encarada por la Provincia demand\u00f3 una inversi\u00f3n de 700 millones de pesos, y contempl\u00f3 la construcci\u00f3n de un desv\u00edo de tr\u00e1nsito pesado [&hellip;]\" \/>\n<meta property=\"og:url\" content=\"http:\/\/elregionalvm.com.ar\/noticias-villa-maria\/schiaretti-inaugurara-etapa-de-la-circunvalacion-villanovense\/\" \/>\n<meta property=\"og:site_name\" content=\"El Regional\" \/>\n<meta property=\"article:publisher\" content=\"https:\/\/www.facebook.com\/elregionalvm\" \/>\n<meta property=\"article:published_time\" content=\"2021-10-14T23:59:28+00:00\" \/>\n<meta property=\"article:modified_time\" content=\"2021-10-15T00:18:49+00:00\" \/>\n<meta property=\"og:image\" content=\"http:\/\/elregionalvm.com.ar\/noticias-villa-maria\/wp-content\/uploads\/2021\/09\/ROTONDA-VILLA-NUEVA-2-Y-4.png\" \/>\n\t<meta property=\"og:image:width\" content=\"923\" \/>\n\t<meta property=\"og:image:height\" content=\"432\" \/>\n\t<meta property=\"og:image:type\" content=\"image\/png\" \/>\n<meta name=\"author\" content=\"Contenidos El Regional\" \/>\n<meta name=\"twitter:card\" content=\"summary_large_image\" \/>\n<meta name=\"twitter:creator\" content=\"@elregionalvm1\" \/>\n<meta name=\"twitter:site\" content=\"@elregionalvm1\" \/>\n<meta name=\"twitter:label1\" content=\"Escrito por\" \/>\n\t<meta name=\"twitter:data1\" content=\"Contenidos El Regional\" \/>\n\t<meta name=\"twitter:label2\" content=\"Tiempo de lectura\" \/>\n\t<meta name=\"twitter:data2\" content=\"1 minuto\" \/>\n<script type=\"application\/ld+json\" class=\"yoast-schema-graph\">{\"@context\":\"https:\/\/schema.org\",\"@graph\":[{\"@type\":\"Article\",\"@id\":\"http:\/\/elregionalvm.com.ar\/noticias-villa-maria\/schiaretti-inaugurara-etapa-de-la-circunvalacion-villanovense\/#article\",\"isPartOf\":{\"@id\":\"http:\/\/elregionalvm.com.ar\/noticias-villa-maria\/schiaretti-inaugurara-etapa-de-la-circunvalacion-villanovense\/\"},\"author\":{\"name\":\"Contenidos El Regional\",\"@id\":\"http:\/\/elregionalvm.com.ar\/noticias-villa-maria\/#\/schema\/person\/a0fb9c422317faca23d50163151bc354\"},\"headline\":\"Schiaretti inaugurar\u00e1 etapa de la circunvalaci\u00f3n villanovense\",\"datePublished\":\"2021-10-14T23:59:28+00:00\",\"dateModified\":\"2021-10-15T00:18:49+00:00\",\"mainEntityOfPage\":{\"@id\":\"http:\/\/elregionalvm.com.ar\/noticias-villa-maria\/schiaretti-inaugurara-etapa-de-la-circunvalacion-villanovense\/\"},\"wordCount\":210,\"commentCount\":0,\"image\":{\"@id\":\"http:\/\/elregionalvm.com.ar\/noticias-villa-maria\/schiaretti-inaugurara-etapa-de-la-circunvalacion-villanovense\/#primaryimage\"},\"thumbnailUrl\":\"https:\/\/i0.wp.com\/elregionalvm.com.ar\/noticias-villa-maria\/wp-content\/uploads\/2021\/09\/ROTONDA-VILLA-NUEVA-2-Y-4.png?fit=923%2C432&ssl=1\",\"keywords\":[\"circunvalaci\u00f3n villanovense\",\"destacado\",\"Graglia\",\"inauguraci\u00f3n\",\"Juan Schiaretti\",\"primera etapa\",\"viernes 15 de octubre de 2021\"],\"articleSection\":[\"Villa Nueva\"],\"inLanguage\":\"es\",\"potentialAction\":[{\"@type\":\"CommentAction\",\"name\":\"Comment\",\"target\":[\"http:\/\/elregionalvm.com.ar\/noticias-villa-maria\/schiaretti-inaugurara-etapa-de-la-circunvalacion-villanovense\/#respond\"]}]},{\"@type\":\"WebPage\",\"@id\":\"http:\/\/elregionalvm.com.ar\/noticias-villa-maria\/schiaretti-inaugurara-etapa-de-la-circunvalacion-villanovense\/\",\"url\":\"http:\/\/elregionalvm.com.ar\/noticias-villa-maria\/schiaretti-inaugurara-etapa-de-la-circunvalacion-villanovense\/\",\"name\":\"Schiaretti inaugurar\u00e1 etapa de la circunvalaci\u00f3n villanovense - El Regional\",\"isPartOf\":{\"@id\":\"http:\/\/elregionalvm.com.ar\/noticias-villa-maria\/#website\"},\"primaryImageOfPage\":{\"@id\":\"http:\/\/elregionalvm.com.ar\/noticias-villa-maria\/schiaretti-inaugurara-etapa-de-la-circunvalacion-villanovense\/#primaryimage\"},\"image\":{\"@id\":\"http:\/\/elregionalvm.com.ar\/noticias-villa-maria\/schiaretti-inaugurara-etapa-de-la-circunvalacion-villanovense\/#primaryimage\"},\"thumbnailUrl\":\"https:\/\/i0.wp.com\/elregionalvm.com.ar\/noticias-villa-maria\/wp-content\/uploads\/2021\/09\/ROTONDA-VILLA-NUEVA-2-Y-4.png?fit=923%2C432&ssl=1\",\"datePublished\":\"2021-10-14T23:59:28+00:00\",\"dateModified\":\"2021-10-15T00:18:49+00:00\",\"author\":{\"@id\":\"http:\/\/elregionalvm.com.ar\/noticias-villa-maria\/#\/schema\/person\/a0fb9c422317faca23d50163151bc354\"},\"breadcrumb\":{\"@id\":\"http:\/\/elregionalvm.com.ar\/noticias-villa-maria\/schiaretti-inaugurara-etapa-de-la-circunvalacion-villanovense\/#breadcrumb\"},\"inLanguage\":\"es\",\"potentialAction\":[{\"@type\":\"ReadAction\",\"target\":[\"http:\/\/elregionalvm.com.ar\/noticias-villa-maria\/schiaretti-inaugurara-etapa-de-la-circunvalacion-villanovense\/\"]}]},{\"@type\":\"ImageObject\",\"inLanguage\":\"es\",\"@id\":\"http:\/\/elregionalvm.com.ar\/noticias-villa-maria\/schiaretti-inaugurara-etapa-de-la-circunvalacion-villanovense\/#primaryimage\",\"url\":\"https:\/\/i0.wp.com\/elregionalvm.com.ar\/noticias-villa-maria\/wp-content\/uploads\/2021\/09\/ROTONDA-VILLA-NUEVA-2-Y-4.png?fit=923%2C432&ssl=1\",\"contentUrl\":\"https:\/\/i0.wp.com\/elregionalvm.com.ar\/noticias-villa-maria\/wp-content\/uploads\/2021\/09\/ROTONDA-VILLA-NUEVA-2-Y-4.png?fit=923%2C432&ssl=1\",\"width\":923,\"height\":432},{\"@type\":\"BreadcrumbList\",\"@id\":\"http:\/\/elregionalvm.com.ar\/noticias-villa-maria\/schiaretti-inaugurara-etapa-de-la-circunvalacion-villanovense\/#breadcrumb\",\"itemListElement\":[{\"@type\":\"ListItem\",\"position\":1,\"name\":\"Portada\",\"item\":\"https:\/\/elregionalvm.com.ar\/noticias-villa-maria\/\"},{\"@type\":\"ListItem\",\"position\":2,\"name\":\"Schiaretti inaugurar\u00e1 etapa de la circunvalaci\u00f3n villanovense\"}]},{\"@type\":\"WebSite\",\"@id\":\"http:\/\/elregionalvm.com.ar\/noticias-villa-maria\/#website\",\"url\":\"http:\/\/elregionalvm.com.ar\/noticias-villa-maria\/\",\"name\":\"El Regional\",\"description\":\"Mucho m\u00e1s que informaci\u00f3n\",\"potentialAction\":[{\"@type\":\"SearchAction\",\"target\":{\"@type\":\"EntryPoint\",\"urlTemplate\":\"http:\/\/elregionalvm.com.ar\/noticias-villa-maria\/?s={search_term_string}\"},\"query-input\":{\"@type\":\"PropertyValueSpecification\",\"valueRequired\":true,\"valueName\":\"search_term_string\"}}],\"inLanguage\":\"es\"},{\"@type\":\"Person\",\"@id\":\"http:\/\/elregionalvm.com.ar\/noticias-villa-maria\/#\/schema\/person\/a0fb9c422317faca23d50163151bc354\",\"name\":\"Contenidos El Regional\",\"image\":{\"@type\":\"ImageObject\",\"inLanguage\":\"es\",\"@id\":\"http:\/\/elregionalvm.com.ar\/noticias-villa-maria\/#\/schema\/person\/image\/\",\"url\":\"https:\/\/secure.gravatar.com\/avatar\/265b27cb2209af7bb3a1318f03305787d7981a5cc6e6cd08fe5a4ecdf99d4b48?s=96&d=mm&r=g\",\"contentUrl\":\"https:\/\/secure.gravatar.com\/avatar\/265b27cb2209af7bb3a1318f03305787d7981a5cc6e6cd08fe5a4ecdf99d4b48?s=96&d=mm&r=g\",\"caption\":\"Contenidos El Regional\"},\"url\":\"https:\/\/elregionalvm.com.ar\/noticias-villa-maria\/author\/contenido\/\"}]}<\/script>\n<!-- \/ Yoast SEO plugin. -->","yoast_head_json":{"title":"Schiaretti inaugurar\u00e1 etapa de la circunvalaci\u00f3n villanovense - El Regional","robots":{"index":"index","follow":"follow","max-snippet":"max-snippet:-1","max-image-preview":"max-image-preview:large","max-video-preview":"max-video-preview:-1"},"canonical":"http:\/\/elregionalvm.com.ar\/noticias-villa-maria\/schiaretti-inaugurara-etapa-de-la-circunvalacion-villanovense\/","og_locale":"es_ES","og_type":"article","og_title":"Schiaretti inaugurar\u00e1 etapa de la circunvalaci\u00f3n villanovense - El Regional","og_description":"Este viernes, con la presencia del gobernador Juan Schiaretti, a la hora 10.00 se inaugurar\u00e1 la primera etapa de la circunvalaci\u00f3n villanovense, realizada con aportes de la Provincia de C\u00f3rdoba. La obra vial encarada por la Provincia demand\u00f3 una inversi\u00f3n de 700 millones de pesos, y contempl\u00f3 la construcci\u00f3n de un desv\u00edo de tr\u00e1nsito pesado [&hellip;]","og_url":"http:\/\/elregionalvm.com.ar\/noticias-villa-maria\/schiaretti-inaugurara-etapa-de-la-circunvalacion-villanovense\/","og_site_name":"El Regional","article_publisher":"https:\/\/www.facebook.com\/elregionalvm","article_published_time":"2021-10-14T23:59:28+00:00","article_modified_time":"2021-10-15T00:18:49+00:00","og_image":[{"width":923,"height":432,"url":"http:\/\/elregionalvm.com.ar\/noticias-villa-maria\/wp-content\/uploads\/2021\/09\/ROTONDA-VILLA-NUEVA-2-Y-4.png","type":"image\/png"}],"author":"Contenidos El Regional","twitter_card":"summary_large_image","twitter_creator":"@elregionalvm1","twitter_site":"@elregionalvm1","twitter_misc":{"Escrito por":"Contenidos El Regional","Tiempo de lectura":"1 minuto"},"schema":{"@context":"https:\/\/schema.org","@graph":[{"@type":"Article","@id":"http:\/\/elregionalvm.com.ar\/noticias-villa-maria\/schiaretti-inaugurara-etapa-de-la-circunvalacion-villanovense\/#article","isPartOf":{"@id":"http:\/\/elregionalvm.com.ar\/noticias-villa-maria\/schiaretti-inaugurara-etapa-de-la-circunvalacion-villanovense\/"},"author":{"name":"Contenidos El Regional","@id":"http:\/\/elregionalvm.com.ar\/noticias-villa-maria\/#\/schema\/person\/a0fb9c422317faca23d50163151bc354"},"headline":"Schiaretti inaugurar\u00e1 etapa de la circunvalaci\u00f3n villanovense","datePublished":"2021-10-14T23:59:28+00:00","dateModified":"2021-10-15T00:18:49+00:00","mainEntityOfPage":{"@id":"http:\/\/elregionalvm.com.ar\/noticias-villa-maria\/schiaretti-inaugurara-etapa-de-la-circunvalacion-villanovense\/"},"wordCount":210,"commentCount":0,"image":{"@id":"http:\/\/elregionalvm.com.ar\/noticias-villa-maria\/schiaretti-inaugurara-etapa-de-la-circunvalacion-villanovense\/#primaryimage"},"thumbnailUrl":"https:\/\/i0.wp.com\/elregionalvm.com.ar\/noticias-villa-maria\/wp-content\/uploads\/2021\/09\/ROTONDA-VILLA-NUEVA-2-Y-4.png?fit=923%2C432&ssl=1","keywords":["circunvalaci\u00f3n villanovense","destacado","Graglia","inauguraci\u00f3n","Juan Schiaretti","primera etapa","viernes 15 de octubre de 2021"],"articleSection":["Villa Nueva"],"inLanguage":"es","potentialAction":[{"@type":"CommentAction","name":"Comment","target":["http:\/\/elregionalvm.com.ar\/noticias-villa-maria\/schiaretti-inaugurara-etapa-de-la-circunvalacion-villanovense\/#respond"]}]},{"@type":"WebPage","@id":"http:\/\/elregionalvm.com.ar\/noticias-villa-maria\/schiaretti-inaugurara-etapa-de-la-circunvalacion-villanovense\/","url":"http:\/\/elregionalvm.com.ar\/noticias-villa-maria\/schiaretti-inaugurara-etapa-de-la-circunvalacion-villanovense\/","name":"Schiaretti inaugurar\u00e1 etapa de la circunvalaci\u00f3n villanovense - El Regional","isPartOf":{"@id":"http:\/\/elregionalvm.com.ar\/noticias-villa-maria\/#website"},"primaryImageOfPage":{"@id":"http:\/\/elregionalvm.com.ar\/noticias-villa-maria\/schiaretti-inaugurara-etapa-de-la-circunvalacion-villanovense\/#primaryimage"},"image":{"@id":"http:\/\/elregionalvm.com.ar\/noticias-villa-maria\/schiaretti-inaugurara-etapa-de-la-circunvalacion-villanovense\/#primaryimage"},"thumbnailUrl":"https:\/\/i0.wp.com\/elregionalvm.com.ar\/noticias-villa-maria\/wp-content\/uploads\/2021\/09\/ROTONDA-VILLA-NUEVA-2-Y-4.png?fit=923%2C432&ssl=1","datePublished":"2021-10-14T23:59:28+00:00","dateModified":"2021-10-15T00:18:49+00:00","author":{"@id":"http:\/\/elregionalvm.com.ar\/noticias-villa-maria\/#\/schema\/person\/a0fb9c422317faca23d50163151bc354"},"breadcrumb":{"@id":"http:\/\/elregionalvm.com.ar\/noticias-villa-maria\/schiaretti-inaugurara-etapa-de-la-circunvalacion-villanovense\/#breadcrumb"},"inLanguage":"es","potentialAction":[{"@type":"ReadAction","target":["http:\/\/elregionalvm.com.ar\/noticias-villa-maria\/schiaretti-inaugurara-etapa-de-la-circunvalacion-villanovense\/"]}]},{"@type":"ImageObject","inLanguage":"es","@id":"http:\/\/elregionalvm.com.ar\/noticias-villa-maria\/schiaretti-inaugurara-etapa-de-la-circunvalacion-villanovense\/#primaryimage","url":"https:\/\/i0.wp.com\/elregionalvm.com.ar\/noticias-villa-maria\/wp-content\/uploads\/2021\/09\/ROTONDA-VILLA-NUEVA-2-Y-4.png?fit=923%2C432&ssl=1","contentUrl":"https:\/\/i0.wp.com\/elregionalvm.com.ar\/noticias-villa-maria\/wp-content\/uploads\/2021\/09\/ROTONDA-VILLA-NUEVA-2-Y-4.png?fit=923%2C432&ssl=1","width":923,"height":432},{"@type":"BreadcrumbList","@id":"http:\/\/elregionalvm.com.ar\/noticias-villa-maria\/schiaretti-inaugurara-etapa-de-la-circunvalacion-villanovense\/#breadcrumb","itemListElement":[{"@type":"ListItem","position":1,"name":"Portada","item":"https:\/\/elregionalvm.com.ar\/noticias-villa-maria\/"},{"@type":"ListItem","position":2,"name":"Schiaretti inaugurar\u00e1 etapa de la circunvalaci\u00f3n villanovense"}]},{"@type":"WebSite","@id":"http:\/\/elregionalvm.com.ar\/noticias-villa-maria\/#website","url":"http:\/\/elregionalvm.com.ar\/noticias-villa-maria\/","name":"El Regional","description":"Mucho m\u00e1s que informaci\u00f3n","potentialAction":[{"@type":"SearchAction","target":{"@type":"EntryPoint","urlTemplate":"http:\/\/elregionalvm.com.ar\/noticias-villa-maria\/?s={search_term_string}"},"query-input":{"@type":"PropertyValueSpecification","valueRequired":true,"valueName":"search_term_string"}}],"inLanguage":"es"},{"@type":"Person","@id":"http:\/\/elregionalvm.com.ar\/noticias-villa-maria\/#\/schema\/person\/a0fb9c422317faca23d50163151bc354","name":"Contenidos El Regional","image":{"@type":"ImageObject","inLanguage":"es","@id":"http:\/\/elregionalvm.com.ar\/noticias-villa-maria\/#\/schema\/person\/image\/","url":"https:\/\/secure.gravatar.com\/avatar\/265b27cb2209af7bb3a1318f03305787d7981a5cc6e6cd08fe5a4ecdf99d4b48?s=96&d=mm&r=g","contentUrl":"https:\/\/secure.gravatar.com\/avatar\/265b27cb2209af7bb3a1318f03305787d7981a5cc6e6cd08fe5a4ecdf99d4b48?s=96&d=mm&r=g","caption":"Contenidos El Regional"},"url":"https:\/\/elregionalvm.com.ar\/noticias-villa-maria\/author\/contenido\/"}]}},"jetpack_featured_media_url":"https:\/\/i0.wp.com\/elregionalvm.com.ar\/noticias-villa-maria\/wp-content\/uploads\/2021\/09\/ROTONDA-VILLA-NUEVA-2-Y-4.png?fit=923%2C432&ssl=1","jetpack_sharing_enabled":true,"_links":{"self":[{"href":"https:\/\/elregionalvm.com.ar\/noticias-villa-maria\/wp-json\/wp\/v2\/posts\/46524","targetHints":{"allow":["GET"]}}],"collection":[{"href":"https:\/\/elregionalvm.com.ar\/noticias-villa-maria\/wp-json\/wp\/v2\/posts"}],"about":[{"href":"https:\/\/elregionalvm.com.ar\/noticias-villa-maria\/wp-json\/wp\/v2\/types\/post"}],"author":[{"embeddable":true,"href":"https:\/\/elregionalvm.com.ar\/noticias-villa-maria\/wp-json\/wp\/v2\/users\/4"}],"replies":[{"embeddable":true,"href":"https:\/\/elregionalvm.com.ar\/noticias-villa-maria\/wp-json\/wp\/v2\/comments?post=46524"}],"version-history":[{"count":2,"href":"https:\/\/elregionalvm.com.ar\/noticias-villa-maria\/wp-json\/wp\/v2\/posts\/46524\/revisions"}],"predecessor-version":[{"id":46530,"href":"https:\/\/elregionalvm.com.ar\/noticias-villa-maria\/wp-json\/wp\/v2\/posts\/46524\/revisions\/46530"}],"wp:featuredmedia":[{"embeddable":true,"href":"https:\/\/elregionalvm.com.ar\/noticias-villa-maria\/wp-json\/wp\/v2\/media\/45176"}],"wp:attachment":[{"href":"https:\/\/elregionalvm.com.ar\/noticias-villa-maria\/wp-json\/wp\/v2\/media?parent=46524"}],"wp:term":[{"taxonomy":"category","embeddable":true,"href":"https:\/\/elregionalvm.com.ar\/noticias-villa-maria\/wp-json\/wp\/v2\/categories?post=46524"},{"taxonomy":"post_tag","embeddable":true,"href":"https:\/\/elregionalvm.com.ar\/noticias-villa-maria\/wp-json\/wp\/v2\/tags?post=46524"}],"curies":[{"name":"wp","href":"https:\/\/api.w.org\/{rel}","templated":true}]}}