{"id":47133,"date":"2021-10-26T02:34:05","date_gmt":"2021-10-26T02:34:05","guid":{"rendered":"https:\/\/elregionalvm.com.ar\/noticias-villa-maria\/?p=47133"},"modified":"2021-10-27T00:37:44","modified_gmt":"2021-10-27T00:37:44","slug":"carta-de-lectores-cuando-el-seguro-del-auto-te-deja-en-la-calle","status":"publish","type":"post","link":"https:\/\/elregionalvm.com.ar\/noticias-villa-maria\/carta-de-lectores-cuando-el-seguro-del-auto-te-deja-en-la-calle\/","title":{"rendered":"[Carta de lectores] Cuando el seguro del auto te deja&#8230; en la calle"},"content":{"rendered":"\n<p><\/p>\n\n\n\n<p><strong>Una lectora nos envi\u00f3 esta carta donde denuncia la inacci\u00f3n y la falta de respuestas del seguro automotor que ten\u00eda contratado para su veh\u00edculo.<\/strong><\/p>\n\n\n\n<p><\/p>\n\n\n\n<p>\u201cLamentablemente he tenido una experiencia muy mala el domingo pasado con el seguro San Crist\u00f3bal, al que estoy adherida hace casi tres a\u00f1os.<\/p>\n\n\n\n<p>Era el d\u00eda de la madre, viaj\u00e9 desde R\u00edo Ceballos, donde vivo temporalmente, a la ciudad de Villa Mar\u00eda, para estar con mi familia.<\/p>\n\n\n\n<p>Al entrar a la ciudad, en la ruta pesada, dej\u00f3 de traccionar mi auto en el primer sem\u00e1foro d\u00f3nde me detuve.<\/p>\n\n\n\n<p>El motor encend\u00eda correctamente, pero no traccionaba.<\/p>\n\n\n\n<p>En medio de la ruta pesada, sola, una persona mayor, 72 a\u00f1os, qued\u00e9 varada, hasta que un familiar me fue a buscar.<\/p>\n\n\n\n<p>\u00bfUstedes qu\u00e9 opinan de c\u00f3mo me sent\u00ed cuando no logr\u00e9 que ning\u00fan tel\u00e9fono del seguro, ni tampoco&nbsp;por la web, me atendieran?<\/p>\n\n\n\n<p>Tuve que dejar el auto en un lugar inseguro. En toda la tarde, pues segu\u00ed insistiendo, y mis familiares tambi\u00e9n, no logramos comunicarnos.<\/p>\n\n\n\n<p>Se hac\u00eda la noche.<\/p>\n\n\n\n<p>Me descompuse y se me subi\u00f3 la tensi\u00f3n por el stress que me causaron.<\/p>\n\n\n\n<p>Al final, ped\u00ed la gr\u00faa del servicio de Volkswagen, que me respondi\u00f3 de inmediato y a las 20.30 horas fueron a buscar mi veh\u00edculo. Mi auto est\u00e1 en garant\u00eda.<\/p>\n\n\n\n<p>Pero el tema es que lo tuve que dejar en el concesionario Veneranda, a 200 km. de d\u00f3nde vivo, porque ellos trasladan \u00fanicamente al m\u00e1s cercano.<\/p>\n\n\n\n<p>Todav\u00eda hoy no lo tengo, y luego deber\u00e9 ir a buscarlo.<\/p>\n\n\n\n<p>Segu\u00ed insistiendo y a las nueve de la noche, me atendi\u00f3 un \u00abSr.\u00bb, por llamarlo as\u00ed, del seguro, que me dijo que los feriados no atend\u00edan&#8230; Que me comunicara a las 8 del&nbsp;lunes. \u00a1Que, por supuesto, fue mentira, porque no vinieron nunca, ni me atendieron jam\u00e1s!<\/p>\n\n\n\n<p>Ahora yo me pregunt\u00f3: \u00bfEs justo lo que me hicieron?<\/p>\n\n\n\n<p>Pago todos los meses, le\u00ed lo que me correspond\u00eda, y estoy tan indignada, porque me desampararon, que voy hacer una presentaci\u00f3n por da\u00f1os y perjuicios a la compa\u00f1\u00eda.<\/p>\n\n\n\n<p>Tuve que volverme en coche de l\u00ednea, cansada, estresada, y me enferm\u00e9 toda la semana.&nbsp;<\/p>\n\n\n\n<p>\u00bfQuieren saber algo m\u00e1s?&nbsp;<\/p>\n\n\n\n<p>Voy a cambiar de C\u00eda.<\/p>\n\n\n\n<p>Fue un abandono de persona.<\/p>\n\n\n\n<p>Lamentablemente, solo yo s\u00e9 lo que me hicieron pasar\u201d.<\/p>\n\n\n\n<p><\/p>\n\n\n\n<p><strong>Ana Mar\u00eda Di Bert<\/strong><\/p>\n\n\n\n<p><strong>DNI 6.130.437<\/strong><\/p>\n","protected":false},"excerpt":{"rendered":"<p>Una lectora nos envi\u00f3 esta carta donde denuncia la inacci\u00f3n y la falta de respuestas del seguro automotor que ten\u00eda contratado para su veh\u00edculo. \u201cLamentablemente he tenido una experiencia muy mala el domingo pasado con el seguro San Crist\u00f3bal, al que estoy adherida hace casi tres a\u00f1os. Era el d\u00eda de la madre, viaj\u00e9 desde [&hellip;]<\/p>\n","protected":false},"author":4,"featured_media":47136,"comment_status":"open","ping_status":"open","sticky":false,"template":"","format":"standard","meta":{"site-sidebar-layout":"default","site-content-layout":"default","ast-site-content-layout":"default","site-content-style":"default","site-sidebar-style":"default","ast-global-header-display":"","ast-banner-title-visibility":"","ast-main-header-display":"","ast-hfb-above-header-display":"","ast-hfb-below-header-display":"","ast-hfb-mobile-header-display":"","site-post-title":"","ast-breadcrumbs-content":"","ast-featured-img":"","footer-sml-layout":"","ast-disable-related-posts":"","theme-transparent-header-meta":"default","adv-header-id-meta":"","stick-header-meta":"","header-above-stick-meta":"","header-main-stick-meta":"","header-below-stick-meta":"","astra-migrate-meta-layouts":"default","ast-page-background-enabled":"default","ast-page-background-meta":{"desktop":{"background-color":"","background-image":"","background-repeat":"repeat","background-position":"center center","background-size":"auto","background-attachment":"scroll","background-type":"","background-media":"","overlay-type":"","overlay-color":"","overlay-opacity":"","overlay-gradient":""},"tablet":{"background-color":"","background-image":"","background-repeat":"repeat","background-position":"center center","background-size":"auto","background-attachment":"scroll","background-type":"","background-media":"","overlay-type":"","overlay-color":"","overlay-opacity":"","overlay-gradient":""},"mobile":{"background-color":"","background-image":"","background-repeat":"repeat","background-position":"center center","background-size":"auto","background-attachment":"scroll","background-type":"","background-media":"","overlay-type":"","overlay-color":"","overlay-opacity":"","overlay-gradient":""}},"ast-content-background-meta":{"desktop":{"background-color":"var(--ast-global-color-5)","background-image":"","background-repeat":"repeat","background-position":"center center","background-size":"auto","background-attachment":"scroll","background-type":"","background-media":"","overlay-type":"","overlay-color":"","overlay-opacity":"","overlay-gradient":""},"tablet":{"background-color":"var(--ast-global-color-5)","background-image":"","background-repeat":"repeat","background-position":"center center","background-size":"auto","background-attachment":"scroll","background-type":"","background-media":"","overlay-type":"","overlay-color":"","overlay-opacity":"","overlay-gradient":""},"mobile":{"background-color":"var(--ast-global-color-5)","background-image":"","background-repeat":"repeat","background-position":"center center","background-size":"auto","background-attachment":"scroll","background-type":"","background-media":"","overlay-type":"","overlay-color":"","overlay-opacity":"","overlay-gradient":""}},"_jetpack_memberships_contains_paid_content":false,"_joinchat":[],"footnotes":""},"categories":[365,3557],"tags":[6620,1661,11856,11855,11854,534],"class_list":["post-47133","post","type-post","status-publish","format-standard","has-post-thumbnail","hentry","category-opinion","category-tercera","tag-carta-de-lectores","tag-denuncia","tag-grua","tag-inaccion","tag-seguro-automotor","tag-villa-maria"],"yoast_head":"<!-- This site is optimized with the Yoast SEO plugin v26.8 - https:\/\/yoast.com\/product\/yoast-seo-wordpress\/ -->\n<title>[Carta de lectores] Cuando el seguro del auto te deja... en la calle - El Regional<\/title>\n<meta name=\"description\" content=\"\u201cLamentablemente he tenido una experiencia muy mala el domingo pasado con el seguro San Crist\u00f3bal, al que estoy adherida hace casi tres a\u00f1os&quot;\" \/>\n<meta name=\"robots\" content=\"index, follow, max-snippet:-1, max-image-preview:large, max-video-preview:-1\" \/>\n<link rel=\"canonical\" href=\"http:\/\/elregionalvm.com.ar\/noticias-villa-maria\/carta-de-lectores-cuando-el-seguro-del-auto-te-deja-en-la-calle\/\" \/>\n<meta property=\"og:locale\" content=\"es_ES\" \/>\n<meta property=\"og:type\" content=\"article\" \/>\n<meta property=\"og:title\" content=\"[Carta de lectores] Cuando el seguro del auto te deja... en la calle - El Regional\" \/>\n<meta property=\"og:description\" content=\"\u201cLamentablemente he tenido una experiencia muy mala el domingo pasado con el seguro San Crist\u00f3bal, al que estoy adherida hace casi tres a\u00f1os&quot;\" \/>\n<meta property=\"og:url\" content=\"http:\/\/elregionalvm.com.ar\/noticias-villa-maria\/carta-de-lectores-cuando-el-seguro-del-auto-te-deja-en-la-calle\/\" \/>\n<meta property=\"og:site_name\" content=\"El Regional\" \/>\n<meta property=\"article:publisher\" content=\"https:\/\/www.facebook.com\/elregionalvm\" \/>\n<meta property=\"article:published_time\" content=\"2021-10-26T02:34:05+00:00\" \/>\n<meta property=\"article:modified_time\" content=\"2021-10-27T00:37:44+00:00\" \/>\n<meta property=\"og:image\" content=\"http:\/\/elregionalvm.com.ar\/noticias-villa-maria\/wp-content\/uploads\/2021\/10\/Auto-seguros.jpg\" \/>\n\t<meta property=\"og:image:width\" content=\"800\" \/>\n\t<meta property=\"og:image:height\" content=\"600\" \/>\n\t<meta property=\"og:image:type\" content=\"image\/jpeg\" \/>\n<meta name=\"author\" content=\"Contenidos El Regional\" \/>\n<meta name=\"twitter:card\" content=\"summary_large_image\" \/>\n<meta name=\"twitter:creator\" content=\"@elregionalvm1\" \/>\n<meta name=\"twitter:site\" content=\"@elregionalvm1\" \/>\n<meta name=\"twitter:label1\" content=\"Escrito por\" \/>\n\t<meta name=\"twitter:data1\" content=\"Contenidos El Regional\" \/>\n\t<meta name=\"twitter:label2\" content=\"Tiempo de lectura\" \/>\n\t<meta name=\"twitter:data2\" content=\"2 minutos\" \/>\n<script type=\"application\/ld+json\" class=\"yoast-schema-graph\">{\"@context\":\"https:\/\/schema.org\",\"@graph\":[{\"@type\":\"Article\",\"@id\":\"http:\/\/elregionalvm.com.ar\/noticias-villa-maria\/carta-de-lectores-cuando-el-seguro-del-auto-te-deja-en-la-calle\/#article\",\"isPartOf\":{\"@id\":\"http:\/\/elregionalvm.com.ar\/noticias-villa-maria\/carta-de-lectores-cuando-el-seguro-del-auto-te-deja-en-la-calle\/\"},\"author\":{\"name\":\"Contenidos El Regional\",\"@id\":\"http:\/\/elregionalvm.com.ar\/noticias-villa-maria\/#\/schema\/person\/a0fb9c422317faca23d50163151bc354\"},\"headline\":\"[Carta de lectores] Cuando el seguro del auto te deja&#8230; en la calle\",\"datePublished\":\"2021-10-26T02:34:05+00:00\",\"dateModified\":\"2021-10-27T00:37:44+00:00\",\"mainEntityOfPage\":{\"@id\":\"http:\/\/elregionalvm.com.ar\/noticias-villa-maria\/carta-de-lectores-cuando-el-seguro-del-auto-te-deja-en-la-calle\/\"},\"wordCount\":425,\"commentCount\":0,\"image\":{\"@id\":\"http:\/\/elregionalvm.com.ar\/noticias-villa-maria\/carta-de-lectores-cuando-el-seguro-del-auto-te-deja-en-la-calle\/#primaryimage\"},\"thumbnailUrl\":\"https:\/\/i0.wp.com\/elregionalvm.com.ar\/noticias-villa-maria\/wp-content\/uploads\/2021\/10\/Auto-seguros.jpg?fit=800%2C600&ssl=1\",\"keywords\":[\"Carta de lectores\",\"denuncia\",\"gr\u00faa\",\"inacci\u00f3n\",\"Seguro automotor\",\"villa maria\"],\"articleSection\":[\"Opini\u00f3n\",\"tercera\"],\"inLanguage\":\"es\",\"potentialAction\":[{\"@type\":\"CommentAction\",\"name\":\"Comment\",\"target\":[\"http:\/\/elregionalvm.com.ar\/noticias-villa-maria\/carta-de-lectores-cuando-el-seguro-del-auto-te-deja-en-la-calle\/#respond\"]}]},{\"@type\":\"WebPage\",\"@id\":\"http:\/\/elregionalvm.com.ar\/noticias-villa-maria\/carta-de-lectores-cuando-el-seguro-del-auto-te-deja-en-la-calle\/\",\"url\":\"http:\/\/elregionalvm.com.ar\/noticias-villa-maria\/carta-de-lectores-cuando-el-seguro-del-auto-te-deja-en-la-calle\/\",\"name\":\"[Carta de lectores] Cuando el seguro del auto te deja... en la calle - El Regional\",\"isPartOf\":{\"@id\":\"http:\/\/elregionalvm.com.ar\/noticias-villa-maria\/#website\"},\"primaryImageOfPage\":{\"@id\":\"http:\/\/elregionalvm.com.ar\/noticias-villa-maria\/carta-de-lectores-cuando-el-seguro-del-auto-te-deja-en-la-calle\/#primaryimage\"},\"image\":{\"@id\":\"http:\/\/elregionalvm.com.ar\/noticias-villa-maria\/carta-de-lectores-cuando-el-seguro-del-auto-te-deja-en-la-calle\/#primaryimage\"},\"thumbnailUrl\":\"https:\/\/i0.wp.com\/elregionalvm.com.ar\/noticias-villa-maria\/wp-content\/uploads\/2021\/10\/Auto-seguros.jpg?fit=800%2C600&ssl=1\",\"datePublished\":\"2021-10-26T02:34:05+00:00\",\"dateModified\":\"2021-10-27T00:37:44+00:00\",\"author\":{\"@id\":\"http:\/\/elregionalvm.com.ar\/noticias-villa-maria\/#\/schema\/person\/a0fb9c422317faca23d50163151bc354\"},\"description\":\"\u201cLamentablemente he tenido una experiencia muy mala el domingo pasado con el seguro San Crist\u00f3bal, al que estoy adherida hace casi tres a\u00f1os\\\"\",\"breadcrumb\":{\"@id\":\"http:\/\/elregionalvm.com.ar\/noticias-villa-maria\/carta-de-lectores-cuando-el-seguro-del-auto-te-deja-en-la-calle\/#breadcrumb\"},\"inLanguage\":\"es\",\"potentialAction\":[{\"@type\":\"ReadAction\",\"target\":[\"http:\/\/elregionalvm.com.ar\/noticias-villa-maria\/carta-de-lectores-cuando-el-seguro-del-auto-te-deja-en-la-calle\/\"]}]},{\"@type\":\"ImageObject\",\"inLanguage\":\"es\",\"@id\":\"http:\/\/elregionalvm.com.ar\/noticias-villa-maria\/carta-de-lectores-cuando-el-seguro-del-auto-te-deja-en-la-calle\/#primaryimage\",\"url\":\"https:\/\/i0.wp.com\/elregionalvm.com.ar\/noticias-villa-maria\/wp-content\/uploads\/2021\/10\/Auto-seguros.jpg?fit=800%2C600&ssl=1\",\"contentUrl\":\"https:\/\/i0.wp.com\/elregionalvm.com.ar\/noticias-villa-maria\/wp-content\/uploads\/2021\/10\/Auto-seguros.jpg?fit=800%2C600&ssl=1\",\"width\":800,\"height\":600},{\"@type\":\"BreadcrumbList\",\"@id\":\"http:\/\/elregionalvm.com.ar\/noticias-villa-maria\/carta-de-lectores-cuando-el-seguro-del-auto-te-deja-en-la-calle\/#breadcrumb\",\"itemListElement\":[{\"@type\":\"ListItem\",\"position\":1,\"name\":\"Portada\",\"item\":\"https:\/\/elregionalvm.com.ar\/noticias-villa-maria\/\"},{\"@type\":\"ListItem\",\"position\":2,\"name\":\"[Carta de lectores] Cuando el seguro del auto te deja&#8230; en la calle\"}]},{\"@type\":\"WebSite\",\"@id\":\"http:\/\/elregionalvm.com.ar\/noticias-villa-maria\/#website\",\"url\":\"http:\/\/elregionalvm.com.ar\/noticias-villa-maria\/\",\"name\":\"El Regional\",\"description\":\"Mucho m\u00e1s que informaci\u00f3n\",\"potentialAction\":[{\"@type\":\"SearchAction\",\"target\":{\"@type\":\"EntryPoint\",\"urlTemplate\":\"http:\/\/elregionalvm.com.ar\/noticias-villa-maria\/?s={search_term_string}\"},\"query-input\":{\"@type\":\"PropertyValueSpecification\",\"valueRequired\":true,\"valueName\":\"search_term_string\"}}],\"inLanguage\":\"es\"},{\"@type\":\"Person\",\"@id\":\"http:\/\/elregionalvm.com.ar\/noticias-villa-maria\/#\/schema\/person\/a0fb9c422317faca23d50163151bc354\",\"name\":\"Contenidos El Regional\",\"image\":{\"@type\":\"ImageObject\",\"inLanguage\":\"es\",\"@id\":\"http:\/\/elregionalvm.com.ar\/noticias-villa-maria\/#\/schema\/person\/image\/\",\"url\":\"https:\/\/secure.gravatar.com\/avatar\/265b27cb2209af7bb3a1318f03305787d7981a5cc6e6cd08fe5a4ecdf99d4b48?s=96&d=mm&r=g\",\"contentUrl\":\"https:\/\/secure.gravatar.com\/avatar\/265b27cb2209af7bb3a1318f03305787d7981a5cc6e6cd08fe5a4ecdf99d4b48?s=96&d=mm&r=g\",\"caption\":\"Contenidos El Regional\"},\"url\":\"https:\/\/elregionalvm.com.ar\/noticias-villa-maria\/author\/contenido\/\"}]}<\/script>\n<!-- \/ Yoast SEO plugin. -->","yoast_head_json":{"title":"[Carta de lectores] Cuando el seguro del auto te deja... en la calle - El Regional","description":"\u201cLamentablemente he tenido una experiencia muy mala el domingo pasado con el seguro San Crist\u00f3bal, al que estoy adherida hace casi tres a\u00f1os\"","robots":{"index":"index","follow":"follow","max-snippet":"max-snippet:-1","max-image-preview":"max-image-preview:large","max-video-preview":"max-video-preview:-1"},"canonical":"http:\/\/elregionalvm.com.ar\/noticias-villa-maria\/carta-de-lectores-cuando-el-seguro-del-auto-te-deja-en-la-calle\/","og_locale":"es_ES","og_type":"article","og_title":"[Carta de lectores] Cuando el seguro del auto te deja... en la calle - El Regional","og_description":"\u201cLamentablemente he tenido una experiencia muy mala el domingo pasado con el seguro San Crist\u00f3bal, al que estoy adherida hace casi tres a\u00f1os\"","og_url":"http:\/\/elregionalvm.com.ar\/noticias-villa-maria\/carta-de-lectores-cuando-el-seguro-del-auto-te-deja-en-la-calle\/","og_site_name":"El Regional","article_publisher":"https:\/\/www.facebook.com\/elregionalvm","article_published_time":"2021-10-26T02:34:05+00:00","article_modified_time":"2021-10-27T00:37:44+00:00","og_image":[{"width":800,"height":600,"url":"http:\/\/elregionalvm.com.ar\/noticias-villa-maria\/wp-content\/uploads\/2021\/10\/Auto-seguros.jpg","type":"image\/jpeg"}],"author":"Contenidos El Regional","twitter_card":"summary_large_image","twitter_creator":"@elregionalvm1","twitter_site":"@elregionalvm1","twitter_misc":{"Escrito por":"Contenidos El Regional","Tiempo de lectura":"2 minutos"},"schema":{"@context":"https:\/\/schema.org","@graph":[{"@type":"Article","@id":"http:\/\/elregionalvm.com.ar\/noticias-villa-maria\/carta-de-lectores-cuando-el-seguro-del-auto-te-deja-en-la-calle\/#article","isPartOf":{"@id":"http:\/\/elregionalvm.com.ar\/noticias-villa-maria\/carta-de-lectores-cuando-el-seguro-del-auto-te-deja-en-la-calle\/"},"author":{"name":"Contenidos El Regional","@id":"http:\/\/elregionalvm.com.ar\/noticias-villa-maria\/#\/schema\/person\/a0fb9c422317faca23d50163151bc354"},"headline":"[Carta de lectores] Cuando el seguro del auto te deja&#8230; en la calle","datePublished":"2021-10-26T02:34:05+00:00","dateModified":"2021-10-27T00:37:44+00:00","mainEntityOfPage":{"@id":"http:\/\/elregionalvm.com.ar\/noticias-villa-maria\/carta-de-lectores-cuando-el-seguro-del-auto-te-deja-en-la-calle\/"},"wordCount":425,"commentCount":0,"image":{"@id":"http:\/\/elregionalvm.com.ar\/noticias-villa-maria\/carta-de-lectores-cuando-el-seguro-del-auto-te-deja-en-la-calle\/#primaryimage"},"thumbnailUrl":"https:\/\/i0.wp.com\/elregionalvm.com.ar\/noticias-villa-maria\/wp-content\/uploads\/2021\/10\/Auto-seguros.jpg?fit=800%2C600&ssl=1","keywords":["Carta de lectores","denuncia","gr\u00faa","inacci\u00f3n","Seguro automotor","villa maria"],"articleSection":["Opini\u00f3n","tercera"],"inLanguage":"es","potentialAction":[{"@type":"CommentAction","name":"Comment","target":["http:\/\/elregionalvm.com.ar\/noticias-villa-maria\/carta-de-lectores-cuando-el-seguro-del-auto-te-deja-en-la-calle\/#respond"]}]},{"@type":"WebPage","@id":"http:\/\/elregionalvm.com.ar\/noticias-villa-maria\/carta-de-lectores-cuando-el-seguro-del-auto-te-deja-en-la-calle\/","url":"http:\/\/elregionalvm.com.ar\/noticias-villa-maria\/carta-de-lectores-cuando-el-seguro-del-auto-te-deja-en-la-calle\/","name":"[Carta de lectores] Cuando el seguro del auto te deja... en la calle - El Regional","isPartOf":{"@id":"http:\/\/elregionalvm.com.ar\/noticias-villa-maria\/#website"},"primaryImageOfPage":{"@id":"http:\/\/elregionalvm.com.ar\/noticias-villa-maria\/carta-de-lectores-cuando-el-seguro-del-auto-te-deja-en-la-calle\/#primaryimage"},"image":{"@id":"http:\/\/elregionalvm.com.ar\/noticias-villa-maria\/carta-de-lectores-cuando-el-seguro-del-auto-te-deja-en-la-calle\/#primaryimage"},"thumbnailUrl":"https:\/\/i0.wp.com\/elregionalvm.com.ar\/noticias-villa-maria\/wp-content\/uploads\/2021\/10\/Auto-seguros.jpg?fit=800%2C600&ssl=1","datePublished":"2021-10-26T02:34:05+00:00","dateModified":"2021-10-27T00:37:44+00:00","author":{"@id":"http:\/\/elregionalvm.com.ar\/noticias-villa-maria\/#\/schema\/person\/a0fb9c422317faca23d50163151bc354"},"description":"\u201cLamentablemente he tenido una experiencia muy mala el domingo pasado con el seguro San Crist\u00f3bal, al que estoy adherida hace casi tres a\u00f1os\"","breadcrumb":{"@id":"http:\/\/elregionalvm.com.ar\/noticias-villa-maria\/carta-de-lectores-cuando-el-seguro-del-auto-te-deja-en-la-calle\/#breadcrumb"},"inLanguage":"es","potentialAction":[{"@type":"ReadAction","target":["http:\/\/elregionalvm.com.ar\/noticias-villa-maria\/carta-de-lectores-cuando-el-seguro-del-auto-te-deja-en-la-calle\/"]}]},{"@type":"ImageObject","inLanguage":"es","@id":"http:\/\/elregionalvm.com.ar\/noticias-villa-maria\/carta-de-lectores-cuando-el-seguro-del-auto-te-deja-en-la-calle\/#primaryimage","url":"https:\/\/i0.wp.com\/elregionalvm.com.ar\/noticias-villa-maria\/wp-content\/uploads\/2021\/10\/Auto-seguros.jpg?fit=800%2C600&ssl=1","contentUrl":"https:\/\/i0.wp.com\/elregionalvm.com.ar\/noticias-villa-maria\/wp-content\/uploads\/2021\/10\/Auto-seguros.jpg?fit=800%2C600&ssl=1","width":800,"height":600},{"@type":"BreadcrumbList","@id":"http:\/\/elregionalvm.com.ar\/noticias-villa-maria\/carta-de-lectores-cuando-el-seguro-del-auto-te-deja-en-la-calle\/#breadcrumb","itemListElement":[{"@type":"ListItem","position":1,"name":"Portada","item":"https:\/\/elregionalvm.com.ar\/noticias-villa-maria\/"},{"@type":"ListItem","position":2,"name":"[Carta de lectores] Cuando el seguro del auto te deja&#8230; en la calle"}]},{"@type":"WebSite","@id":"http:\/\/elregionalvm.com.ar\/noticias-villa-maria\/#website","url":"http:\/\/elregionalvm.com.ar\/noticias-villa-maria\/","name":"El Regional","description":"Mucho m\u00e1s que informaci\u00f3n","potentialAction":[{"@type":"SearchAction","target":{"@type":"EntryPoint","urlTemplate":"http:\/\/elregionalvm.com.ar\/noticias-villa-maria\/?s={search_term_string}"},"query-input":{"@type":"PropertyValueSpecification","valueRequired":true,"valueName":"search_term_string"}}],"inLanguage":"es"},{"@type":"Person","@id":"http:\/\/elregionalvm.com.ar\/noticias-villa-maria\/#\/schema\/person\/a0fb9c422317faca23d50163151bc354","name":"Contenidos El Regional","image":{"@type":"ImageObject","inLanguage":"es","@id":"http:\/\/elregionalvm.com.ar\/noticias-villa-maria\/#\/schema\/person\/image\/","url":"https:\/\/secure.gravatar.com\/avatar\/265b27cb2209af7bb3a1318f03305787d7981a5cc6e6cd08fe5a4ecdf99d4b48?s=96&d=mm&r=g","contentUrl":"https:\/\/secure.gravatar.com\/avatar\/265b27cb2209af7bb3a1318f03305787d7981a5cc6e6cd08fe5a4ecdf99d4b48?s=96&d=mm&r=g","caption":"Contenidos El Regional"},"url":"https:\/\/elregionalvm.com.ar\/noticias-villa-maria\/author\/contenido\/"}]}},"jetpack_featured_media_url":"https:\/\/i0.wp.com\/elregionalvm.com.ar\/noticias-villa-maria\/wp-content\/uploads\/2021\/10\/Auto-seguros.jpg?fit=800%2C600&ssl=1","jetpack_sharing_enabled":true,"_links":{"self":[{"href":"https:\/\/elregionalvm.com.ar\/noticias-villa-maria\/wp-json\/wp\/v2\/posts\/47133","targetHints":{"allow":["GET"]}}],"collection":[{"href":"https:\/\/elregionalvm.com.ar\/noticias-villa-maria\/wp-json\/wp\/v2\/posts"}],"about":[{"href":"https:\/\/elregionalvm.com.ar\/noticias-villa-maria\/wp-json\/wp\/v2\/types\/post"}],"author":[{"embeddable":true,"href":"https:\/\/elregionalvm.com.ar\/noticias-villa-maria\/wp-json\/wp\/v2\/users\/4"}],"replies":[{"embeddable":true,"href":"https:\/\/elregionalvm.com.ar\/noticias-villa-maria\/wp-json\/wp\/v2\/comments?post=47133"}],"version-history":[{"count":1,"href":"https:\/\/elregionalvm.com.ar\/noticias-villa-maria\/wp-json\/wp\/v2\/posts\/47133\/revisions"}],"predecessor-version":[{"id":47134,"href":"https:\/\/elregionalvm.com.ar\/noticias-villa-maria\/wp-json\/wp\/v2\/posts\/47133\/revisions\/47134"}],"wp:featuredmedia":[{"embeddable":true,"href":"https:\/\/elregionalvm.com.ar\/noticias-villa-maria\/wp-json\/wp\/v2\/media\/47136"}],"wp:attachment":[{"href":"https:\/\/elregionalvm.com.ar\/noticias-villa-maria\/wp-json\/wp\/v2\/media?parent=47133"}],"wp:term":[{"taxonomy":"category","embeddable":true,"href":"https:\/\/elregionalvm.com.ar\/noticias-villa-maria\/wp-json\/wp\/v2\/categories?post=47133"},{"taxonomy":"post_tag","embeddable":true,"href":"https:\/\/elregionalvm.com.ar\/noticias-villa-maria\/wp-json\/wp\/v2\/tags?post=47133"}],"curies":[{"name":"wp","href":"https:\/\/api.w.org\/{rel}","templated":true}]}}