{"id":47147,"date":"2021-10-26T03:43:53","date_gmt":"2021-10-26T03:43:53","guid":{"rendered":"https:\/\/elregionalvm.com.ar\/noticias-villa-maria\/?p=47147"},"modified":"2021-10-26T03:43:54","modified_gmt":"2021-10-26T03:43:54","slug":"julian-alvarez-el-goleador-que-es-profeta-en-su-tierra-calchin","status":"publish","type":"post","link":"https:\/\/elregionalvm.com.ar\/noticias-villa-maria\/julian-alvarez-el-goleador-que-es-profeta-en-su-tierra-calchin\/","title":{"rendered":"Juli\u00e1n \u00c1lvarez, el goleador que es profeta en su tierra, Calch\u00edn"},"content":{"rendered":"\n<p><\/p>\n\n\n\n<p>El goleador de River y la selecci\u00f3n argentina nacido hace 21 a\u00f1os en Calch\u00edn, la localidad de nuestra regi\u00f3n ubicada en el Departamento R\u00edo Segundo, recibi\u00f3 una muestra de reconocimiento de parte de su pueblo.<\/p>\n\n\n\n<p>El homenaje incluy\u00f3 la colocaci\u00f3n de carteles con la figura del mejor jugador de f\u00fatbol del momento en el pa\u00eds. Su presente en el club millonario es sobresaliente y busca afianzarse en el combinado albiceleste.<\/p>\n\n\n\n<p>La \u201cAra\u00f1ita\u201d, como lo hab\u00edan bautizado en su Calch\u00edn natal y que demuestra en los festejos de los goles convertidos, hizo su debut oficial con la camiseta de River el s\u00e1bado 27 de octubre de 2018.<\/p>\n\n\n\n<p>Este mi\u00e9rcoles, se cumplir\u00e1 tres a\u00f1os de esa jornada que marcar\u00eda para siempre la carrera del joven. Entre sus t\u00edtulos se destacan la Copa Libertadores de Am\u00e9rica en 2018 y la Copa Am\u00e9rica con Argentina meses atr\u00e1s.<\/p>\n\n\n\n<p>Con el transcurrir de los partidos se transform\u00f3 en una pieza fundamental del equipo de Marcelo Gallardo.<\/p>\n\n\n\n<p><\/p>\n\n\n\n<figure class=\"wp-block-image size-large\"><img data-recalc-dims=\"1\" fetchpriority=\"high\" decoding=\"async\" width=\"1024\" height=\"576\" src=\"https:\/\/i0.wp.com\/elregionalvm.com.ar\/noticias-villa-maria\/wp-content\/uploads\/2021\/10\/Cartel-julian-Alvarez-2.png?resize=1024%2C576&#038;ssl=1\" alt=\"\" class=\"wp-image-47150\" srcset=\"https:\/\/i0.wp.com\/elregionalvm.com.ar\/noticias-villa-maria\/wp-content\/uploads\/2021\/10\/Cartel-julian-Alvarez-2.png?resize=1024%2C576&amp;ssl=1 1024w, https:\/\/i0.wp.com\/elregionalvm.com.ar\/noticias-villa-maria\/wp-content\/uploads\/2021\/10\/Cartel-julian-Alvarez-2.png?resize=300%2C169&amp;ssl=1 300w, https:\/\/i0.wp.com\/elregionalvm.com.ar\/noticias-villa-maria\/wp-content\/uploads\/2021\/10\/Cartel-julian-Alvarez-2.png?resize=768%2C432&amp;ssl=1 768w, https:\/\/i0.wp.com\/elregionalvm.com.ar\/noticias-villa-maria\/wp-content\/uploads\/2021\/10\/Cartel-julian-Alvarez-2.png?w=1200&amp;ssl=1 1200w\" sizes=\"(max-width: 1000px) 100vw, 1000px\" \/><\/figure>\n\n\n\n<p><\/p>\n\n\n\n<p><\/p>\n\n\n\n<p><strong>Los carteles<\/strong><\/p>\n\n\n\n<p>A cada lado de la ruta provincial 13, en el acceso principal a su pueblo, la Municipalidad coloc\u00f3 dos grandes carteles para dar la bienvenida y recibir a los visitantes a \u00abla tierra de Juli\u00e1n \u00c1lvarez\u00bb.<\/p>\n\n\n\n<p>En uno de los carteles se puede observar im\u00e1genes de uno de los festejos de gol ic\u00f3nicos de Juli\u00e1n \u00c1lvarez e interpretando a Spiderman en honor a su apodo. Tambi\u00e9n puede observarse su foto con la Copa Am\u00e9rica.<\/p>\n\n\n\n<p>En el otro cartel figuran fotos de su visita a la localidad luego de consagrarse campe\u00f3n de la Libertadores que River obtuvo en Madrid al vencer a Boca el 9 de diciembre de 2018.<\/p>\n\n\n\n<p>Un merecido reconocimiento para este talentoso futbolista nacido y surgido en el f\u00fatbol amateur en los pagos de Calch\u00edn.<\/p>\n","protected":false},"excerpt":{"rendered":"<p>El goleador de River y la selecci\u00f3n argentina nacido hace 21 a\u00f1os en Calch\u00edn, la localidad de nuestra regi\u00f3n ubicada en el Departamento R\u00edo Segundo, recibi\u00f3 una muestra de reconocimiento de parte de su pueblo. El homenaje incluy\u00f3 la colocaci\u00f3n de carteles con la figura del mejor jugador de f\u00fatbol del momento en el pa\u00eds. [&hellip;]<\/p>\n","protected":false},"author":4,"featured_media":47149,"comment_status":"open","ping_status":"open","sticky":false,"template":"","format":"standard","meta":{"site-sidebar-layout":"default","site-content-layout":"default","ast-site-content-layout":"default","site-content-style":"default","site-sidebar-style":"default","ast-global-header-display":"","ast-banner-title-visibility":"","ast-main-header-display":"","ast-hfb-above-header-display":"","ast-hfb-below-header-display":"","ast-hfb-mobile-header-display":"","site-post-title":"","ast-breadcrumbs-content":"","ast-featured-img":"","footer-sml-layout":"","ast-disable-related-posts":"","theme-transparent-header-meta":"default","adv-header-id-meta":"","stick-header-meta":"","header-above-stick-meta":"","header-main-stick-meta":"","header-below-stick-meta":"","astra-migrate-meta-layouts":"default","ast-page-background-enabled":"default","ast-page-background-meta":{"desktop":{"background-color":"","background-image":"","background-repeat":"repeat","background-position":"center center","background-size":"auto","background-attachment":"scroll","background-type":"","background-media":"","overlay-type":"","overlay-color":"","overlay-opacity":"","overlay-gradient":""},"tablet":{"background-color":"","background-image":"","background-repeat":"repeat","background-position":"center center","background-size":"auto","background-attachment":"scroll","background-type":"","background-media":"","overlay-type":"","overlay-color":"","overlay-opacity":"","overlay-gradient":""},"mobile":{"background-color":"","background-image":"","background-repeat":"repeat","background-position":"center center","background-size":"auto","background-attachment":"scroll","background-type":"","background-media":"","overlay-type":"","overlay-color":"","overlay-opacity":"","overlay-gradient":""}},"ast-content-background-meta":{"desktop":{"background-color":"var(--ast-global-color-5)","background-image":"","background-repeat":"repeat","background-position":"center center","background-size":"auto","background-attachment":"scroll","background-type":"","background-media":"","overlay-type":"","overlay-color":"","overlay-opacity":"","overlay-gradient":""},"tablet":{"background-color":"var(--ast-global-color-5)","background-image":"","background-repeat":"repeat","background-position":"center center","background-size":"auto","background-attachment":"scroll","background-type":"","background-media":"","overlay-type":"","overlay-color":"","overlay-opacity":"","overlay-gradient":""},"mobile":{"background-color":"var(--ast-global-color-5)","background-image":"","background-repeat":"repeat","background-position":"center center","background-size":"auto","background-attachment":"scroll","background-type":"","background-media":"","overlay-type":"","overlay-color":"","overlay-opacity":"","overlay-gradient":""}},"_jetpack_memberships_contains_paid_content":false,"_joinchat":[],"footnotes":""},"categories":[2091],"tags":[11858,11857,149,11860,1232,340,1008,11861,4803,1188,11859],"class_list":["post-47147","post","type-post","status-publish","format-standard","has-post-thumbnail","hentry","category-region","tag-aranita","tag-calchin","tag-campeon","tag-cartel","tag-destacado","tag-futbol","tag-homenaje","tag-profeta","tag-reconocimiento","tag-river","tag-seleccion-nacional"],"yoast_head":"<!-- This site is optimized with the Yoast SEO plugin v26.8 - https:\/\/yoast.com\/product\/yoast-seo-wordpress\/ -->\n<title>Juli\u00e1n \u00c1lvarez, el goleador que es profeta en su tierra, Calch\u00edn - El Regional<\/title>\n<meta name=\"description\" content=\"El homenaje incluy\u00f3 la colocaci\u00f3n de carteles con la figura del mejor jugador de f\u00fatbol del momento en el pa\u00eds. Su presente es sobresaliente.\" \/>\n<meta name=\"robots\" content=\"index, follow, max-snippet:-1, max-image-preview:large, max-video-preview:-1\" \/>\n<link rel=\"canonical\" href=\"http:\/\/elregionalvm.com.ar\/noticias-villa-maria\/julian-alvarez-el-goleador-que-es-profeta-en-su-tierra-calchin\/\" \/>\n<meta property=\"og:locale\" content=\"es_ES\" \/>\n<meta property=\"og:type\" content=\"article\" \/>\n<meta property=\"og:title\" content=\"Juli\u00e1n \u00c1lvarez, el goleador que es profeta en su tierra, Calch\u00edn - El Regional\" \/>\n<meta property=\"og:description\" content=\"El homenaje incluy\u00f3 la colocaci\u00f3n de carteles con la figura del mejor jugador de f\u00fatbol del momento en el pa\u00eds. Su presente es sobresaliente.\" \/>\n<meta property=\"og:url\" content=\"http:\/\/elregionalvm.com.ar\/noticias-villa-maria\/julian-alvarez-el-goleador-que-es-profeta-en-su-tierra-calchin\/\" \/>\n<meta property=\"og:site_name\" content=\"El Regional\" \/>\n<meta property=\"article:publisher\" content=\"https:\/\/www.facebook.com\/elregionalvm\" \/>\n<meta property=\"article:published_time\" content=\"2021-10-26T03:43:53+00:00\" \/>\n<meta property=\"article:modified_time\" content=\"2021-10-26T03:43:54+00:00\" \/>\n<meta property=\"og:image\" content=\"http:\/\/elregionalvm.com.ar\/noticias-villa-maria\/wp-content\/uploads\/2021\/10\/Julian-Alvarez-cartel-1.jpg\" \/>\n\t<meta property=\"og:image:width\" content=\"862\" \/>\n\t<meta property=\"og:image:height\" content=\"649\" \/>\n\t<meta property=\"og:image:type\" content=\"image\/jpeg\" \/>\n<meta name=\"author\" content=\"Contenidos El Regional\" \/>\n<meta name=\"twitter:card\" content=\"summary_large_image\" \/>\n<meta name=\"twitter:creator\" content=\"@elregionalvm1\" \/>\n<meta name=\"twitter:site\" content=\"@elregionalvm1\" \/>\n<meta name=\"twitter:label1\" content=\"Escrito por\" \/>\n\t<meta name=\"twitter:data1\" content=\"Contenidos El Regional\" \/>\n\t<meta name=\"twitter:label2\" content=\"Tiempo de lectura\" \/>\n\t<meta name=\"twitter:data2\" content=\"2 minutos\" \/>\n<script type=\"application\/ld+json\" class=\"yoast-schema-graph\">{\"@context\":\"https:\/\/schema.org\",\"@graph\":[{\"@type\":\"Article\",\"@id\":\"http:\/\/elregionalvm.com.ar\/noticias-villa-maria\/julian-alvarez-el-goleador-que-es-profeta-en-su-tierra-calchin\/#article\",\"isPartOf\":{\"@id\":\"http:\/\/elregionalvm.com.ar\/noticias-villa-maria\/julian-alvarez-el-goleador-que-es-profeta-en-su-tierra-calchin\/\"},\"author\":{\"name\":\"Contenidos El Regional\",\"@id\":\"http:\/\/elregionalvm.com.ar\/noticias-villa-maria\/#\/schema\/person\/a0fb9c422317faca23d50163151bc354\"},\"headline\":\"Juli\u00e1n \u00c1lvarez, el goleador que es profeta en su tierra, Calch\u00edn\",\"datePublished\":\"2021-10-26T03:43:53+00:00\",\"dateModified\":\"2021-10-26T03:43:54+00:00\",\"mainEntityOfPage\":{\"@id\":\"http:\/\/elregionalvm.com.ar\/noticias-villa-maria\/julian-alvarez-el-goleador-que-es-profeta-en-su-tierra-calchin\/\"},\"wordCount\":323,\"commentCount\":0,\"image\":{\"@id\":\"http:\/\/elregionalvm.com.ar\/noticias-villa-maria\/julian-alvarez-el-goleador-que-es-profeta-en-su-tierra-calchin\/#primaryimage\"},\"thumbnailUrl\":\"https:\/\/i0.wp.com\/elregionalvm.com.ar\/noticias-villa-maria\/wp-content\/uploads\/2021\/10\/Julian-Alvarez-cartel-1.jpg?fit=862%2C649&ssl=1\",\"keywords\":[\"Ara\u00f1ita\",\"Calch\u00edn\",\"campe\u00f3n\",\"cartel\",\"destacado\",\"f\u00fatbol\",\"Homenaje\",\"profeta\",\"reconocimiento\",\"River\",\"selecci\u00f3n nacional\"],\"articleSection\":[\"Regi\u00f3n\"],\"inLanguage\":\"es\",\"potentialAction\":[{\"@type\":\"CommentAction\",\"name\":\"Comment\",\"target\":[\"http:\/\/elregionalvm.com.ar\/noticias-villa-maria\/julian-alvarez-el-goleador-que-es-profeta-en-su-tierra-calchin\/#respond\"]}]},{\"@type\":\"WebPage\",\"@id\":\"http:\/\/elregionalvm.com.ar\/noticias-villa-maria\/julian-alvarez-el-goleador-que-es-profeta-en-su-tierra-calchin\/\",\"url\":\"http:\/\/elregionalvm.com.ar\/noticias-villa-maria\/julian-alvarez-el-goleador-que-es-profeta-en-su-tierra-calchin\/\",\"name\":\"Juli\u00e1n \u00c1lvarez, el goleador que es profeta en su tierra, Calch\u00edn - El Regional\",\"isPartOf\":{\"@id\":\"http:\/\/elregionalvm.com.ar\/noticias-villa-maria\/#website\"},\"primaryImageOfPage\":{\"@id\":\"http:\/\/elregionalvm.com.ar\/noticias-villa-maria\/julian-alvarez-el-goleador-que-es-profeta-en-su-tierra-calchin\/#primaryimage\"},\"image\":{\"@id\":\"http:\/\/elregionalvm.com.ar\/noticias-villa-maria\/julian-alvarez-el-goleador-que-es-profeta-en-su-tierra-calchin\/#primaryimage\"},\"thumbnailUrl\":\"https:\/\/i0.wp.com\/elregionalvm.com.ar\/noticias-villa-maria\/wp-content\/uploads\/2021\/10\/Julian-Alvarez-cartel-1.jpg?fit=862%2C649&ssl=1\",\"datePublished\":\"2021-10-26T03:43:53+00:00\",\"dateModified\":\"2021-10-26T03:43:54+00:00\",\"author\":{\"@id\":\"http:\/\/elregionalvm.com.ar\/noticias-villa-maria\/#\/schema\/person\/a0fb9c422317faca23d50163151bc354\"},\"description\":\"El homenaje incluy\u00f3 la colocaci\u00f3n de carteles con la figura del mejor jugador de f\u00fatbol del momento en el pa\u00eds. Su presente es sobresaliente.\",\"breadcrumb\":{\"@id\":\"http:\/\/elregionalvm.com.ar\/noticias-villa-maria\/julian-alvarez-el-goleador-que-es-profeta-en-su-tierra-calchin\/#breadcrumb\"},\"inLanguage\":\"es\",\"potentialAction\":[{\"@type\":\"ReadAction\",\"target\":[\"http:\/\/elregionalvm.com.ar\/noticias-villa-maria\/julian-alvarez-el-goleador-que-es-profeta-en-su-tierra-calchin\/\"]}]},{\"@type\":\"ImageObject\",\"inLanguage\":\"es\",\"@id\":\"http:\/\/elregionalvm.com.ar\/noticias-villa-maria\/julian-alvarez-el-goleador-que-es-profeta-en-su-tierra-calchin\/#primaryimage\",\"url\":\"https:\/\/i0.wp.com\/elregionalvm.com.ar\/noticias-villa-maria\/wp-content\/uploads\/2021\/10\/Julian-Alvarez-cartel-1.jpg?fit=862%2C649&ssl=1\",\"contentUrl\":\"https:\/\/i0.wp.com\/elregionalvm.com.ar\/noticias-villa-maria\/wp-content\/uploads\/2021\/10\/Julian-Alvarez-cartel-1.jpg?fit=862%2C649&ssl=1\",\"width\":862,\"height\":649},{\"@type\":\"BreadcrumbList\",\"@id\":\"http:\/\/elregionalvm.com.ar\/noticias-villa-maria\/julian-alvarez-el-goleador-que-es-profeta-en-su-tierra-calchin\/#breadcrumb\",\"itemListElement\":[{\"@type\":\"ListItem\",\"position\":1,\"name\":\"Portada\",\"item\":\"https:\/\/elregionalvm.com.ar\/noticias-villa-maria\/\"},{\"@type\":\"ListItem\",\"position\":2,\"name\":\"Juli\u00e1n \u00c1lvarez, el goleador que es profeta en su tierra, Calch\u00edn\"}]},{\"@type\":\"WebSite\",\"@id\":\"http:\/\/elregionalvm.com.ar\/noticias-villa-maria\/#website\",\"url\":\"http:\/\/elregionalvm.com.ar\/noticias-villa-maria\/\",\"name\":\"El Regional\",\"description\":\"Mucho m\u00e1s que informaci\u00f3n\",\"potentialAction\":[{\"@type\":\"SearchAction\",\"target\":{\"@type\":\"EntryPoint\",\"urlTemplate\":\"http:\/\/elregionalvm.com.ar\/noticias-villa-maria\/?s={search_term_string}\"},\"query-input\":{\"@type\":\"PropertyValueSpecification\",\"valueRequired\":true,\"valueName\":\"search_term_string\"}}],\"inLanguage\":\"es\"},{\"@type\":\"Person\",\"@id\":\"http:\/\/elregionalvm.com.ar\/noticias-villa-maria\/#\/schema\/person\/a0fb9c422317faca23d50163151bc354\",\"name\":\"Contenidos El Regional\",\"image\":{\"@type\":\"ImageObject\",\"inLanguage\":\"es\",\"@id\":\"http:\/\/elregionalvm.com.ar\/noticias-villa-maria\/#\/schema\/person\/image\/\",\"url\":\"https:\/\/secure.gravatar.com\/avatar\/265b27cb2209af7bb3a1318f03305787d7981a5cc6e6cd08fe5a4ecdf99d4b48?s=96&d=mm&r=g\",\"contentUrl\":\"https:\/\/secure.gravatar.com\/avatar\/265b27cb2209af7bb3a1318f03305787d7981a5cc6e6cd08fe5a4ecdf99d4b48?s=96&d=mm&r=g\",\"caption\":\"Contenidos El Regional\"},\"url\":\"https:\/\/elregionalvm.com.ar\/noticias-villa-maria\/author\/contenido\/\"}]}<\/script>\n<!-- \/ Yoast SEO plugin. -->","yoast_head_json":{"title":"Juli\u00e1n \u00c1lvarez, el goleador que es profeta en su tierra, Calch\u00edn - El Regional","description":"El homenaje incluy\u00f3 la colocaci\u00f3n de carteles con la figura del mejor jugador de f\u00fatbol del momento en el pa\u00eds. Su presente es sobresaliente.","robots":{"index":"index","follow":"follow","max-snippet":"max-snippet:-1","max-image-preview":"max-image-preview:large","max-video-preview":"max-video-preview:-1"},"canonical":"http:\/\/elregionalvm.com.ar\/noticias-villa-maria\/julian-alvarez-el-goleador-que-es-profeta-en-su-tierra-calchin\/","og_locale":"es_ES","og_type":"article","og_title":"Juli\u00e1n \u00c1lvarez, el goleador que es profeta en su tierra, Calch\u00edn - El Regional","og_description":"El homenaje incluy\u00f3 la colocaci\u00f3n de carteles con la figura del mejor jugador de f\u00fatbol del momento en el pa\u00eds. Su presente es sobresaliente.","og_url":"http:\/\/elregionalvm.com.ar\/noticias-villa-maria\/julian-alvarez-el-goleador-que-es-profeta-en-su-tierra-calchin\/","og_site_name":"El Regional","article_publisher":"https:\/\/www.facebook.com\/elregionalvm","article_published_time":"2021-10-26T03:43:53+00:00","article_modified_time":"2021-10-26T03:43:54+00:00","og_image":[{"width":862,"height":649,"url":"http:\/\/elregionalvm.com.ar\/noticias-villa-maria\/wp-content\/uploads\/2021\/10\/Julian-Alvarez-cartel-1.jpg","type":"image\/jpeg"}],"author":"Contenidos El Regional","twitter_card":"summary_large_image","twitter_creator":"@elregionalvm1","twitter_site":"@elregionalvm1","twitter_misc":{"Escrito por":"Contenidos El Regional","Tiempo de lectura":"2 minutos"},"schema":{"@context":"https:\/\/schema.org","@graph":[{"@type":"Article","@id":"http:\/\/elregionalvm.com.ar\/noticias-villa-maria\/julian-alvarez-el-goleador-que-es-profeta-en-su-tierra-calchin\/#article","isPartOf":{"@id":"http:\/\/elregionalvm.com.ar\/noticias-villa-maria\/julian-alvarez-el-goleador-que-es-profeta-en-su-tierra-calchin\/"},"author":{"name":"Contenidos El Regional","@id":"http:\/\/elregionalvm.com.ar\/noticias-villa-maria\/#\/schema\/person\/a0fb9c422317faca23d50163151bc354"},"headline":"Juli\u00e1n \u00c1lvarez, el goleador que es profeta en su tierra, Calch\u00edn","datePublished":"2021-10-26T03:43:53+00:00","dateModified":"2021-10-26T03:43:54+00:00","mainEntityOfPage":{"@id":"http:\/\/elregionalvm.com.ar\/noticias-villa-maria\/julian-alvarez-el-goleador-que-es-profeta-en-su-tierra-calchin\/"},"wordCount":323,"commentCount":0,"image":{"@id":"http:\/\/elregionalvm.com.ar\/noticias-villa-maria\/julian-alvarez-el-goleador-que-es-profeta-en-su-tierra-calchin\/#primaryimage"},"thumbnailUrl":"https:\/\/i0.wp.com\/elregionalvm.com.ar\/noticias-villa-maria\/wp-content\/uploads\/2021\/10\/Julian-Alvarez-cartel-1.jpg?fit=862%2C649&ssl=1","keywords":["Ara\u00f1ita","Calch\u00edn","campe\u00f3n","cartel","destacado","f\u00fatbol","Homenaje","profeta","reconocimiento","River","selecci\u00f3n nacional"],"articleSection":["Regi\u00f3n"],"inLanguage":"es","potentialAction":[{"@type":"CommentAction","name":"Comment","target":["http:\/\/elregionalvm.com.ar\/noticias-villa-maria\/julian-alvarez-el-goleador-que-es-profeta-en-su-tierra-calchin\/#respond"]}]},{"@type":"WebPage","@id":"http:\/\/elregionalvm.com.ar\/noticias-villa-maria\/julian-alvarez-el-goleador-que-es-profeta-en-su-tierra-calchin\/","url":"http:\/\/elregionalvm.com.ar\/noticias-villa-maria\/julian-alvarez-el-goleador-que-es-profeta-en-su-tierra-calchin\/","name":"Juli\u00e1n \u00c1lvarez, el goleador que es profeta en su tierra, Calch\u00edn - El Regional","isPartOf":{"@id":"http:\/\/elregionalvm.com.ar\/noticias-villa-maria\/#website"},"primaryImageOfPage":{"@id":"http:\/\/elregionalvm.com.ar\/noticias-villa-maria\/julian-alvarez-el-goleador-que-es-profeta-en-su-tierra-calchin\/#primaryimage"},"image":{"@id":"http:\/\/elregionalvm.com.ar\/noticias-villa-maria\/julian-alvarez-el-goleador-que-es-profeta-en-su-tierra-calchin\/#primaryimage"},"thumbnailUrl":"https:\/\/i0.wp.com\/elregionalvm.com.ar\/noticias-villa-maria\/wp-content\/uploads\/2021\/10\/Julian-Alvarez-cartel-1.jpg?fit=862%2C649&ssl=1","datePublished":"2021-10-26T03:43:53+00:00","dateModified":"2021-10-26T03:43:54+00:00","author":{"@id":"http:\/\/elregionalvm.com.ar\/noticias-villa-maria\/#\/schema\/person\/a0fb9c422317faca23d50163151bc354"},"description":"El homenaje incluy\u00f3 la colocaci\u00f3n de carteles con la figura del mejor jugador de f\u00fatbol del momento en el pa\u00eds. Su presente es sobresaliente.","breadcrumb":{"@id":"http:\/\/elregionalvm.com.ar\/noticias-villa-maria\/julian-alvarez-el-goleador-que-es-profeta-en-su-tierra-calchin\/#breadcrumb"},"inLanguage":"es","potentialAction":[{"@type":"ReadAction","target":["http:\/\/elregionalvm.com.ar\/noticias-villa-maria\/julian-alvarez-el-goleador-que-es-profeta-en-su-tierra-calchin\/"]}]},{"@type":"ImageObject","inLanguage":"es","@id":"http:\/\/elregionalvm.com.ar\/noticias-villa-maria\/julian-alvarez-el-goleador-que-es-profeta-en-su-tierra-calchin\/#primaryimage","url":"https:\/\/i0.wp.com\/elregionalvm.com.ar\/noticias-villa-maria\/wp-content\/uploads\/2021\/10\/Julian-Alvarez-cartel-1.jpg?fit=862%2C649&ssl=1","contentUrl":"https:\/\/i0.wp.com\/elregionalvm.com.ar\/noticias-villa-maria\/wp-content\/uploads\/2021\/10\/Julian-Alvarez-cartel-1.jpg?fit=862%2C649&ssl=1","width":862,"height":649},{"@type":"BreadcrumbList","@id":"http:\/\/elregionalvm.com.ar\/noticias-villa-maria\/julian-alvarez-el-goleador-que-es-profeta-en-su-tierra-calchin\/#breadcrumb","itemListElement":[{"@type":"ListItem","position":1,"name":"Portada","item":"https:\/\/elregionalvm.com.ar\/noticias-villa-maria\/"},{"@type":"ListItem","position":2,"name":"Juli\u00e1n \u00c1lvarez, el goleador que es profeta en su tierra, Calch\u00edn"}]},{"@type":"WebSite","@id":"http:\/\/elregionalvm.com.ar\/noticias-villa-maria\/#website","url":"http:\/\/elregionalvm.com.ar\/noticias-villa-maria\/","name":"El Regional","description":"Mucho m\u00e1s que informaci\u00f3n","potentialAction":[{"@type":"SearchAction","target":{"@type":"EntryPoint","urlTemplate":"http:\/\/elregionalvm.com.ar\/noticias-villa-maria\/?s={search_term_string}"},"query-input":{"@type":"PropertyValueSpecification","valueRequired":true,"valueName":"search_term_string"}}],"inLanguage":"es"},{"@type":"Person","@id":"http:\/\/elregionalvm.com.ar\/noticias-villa-maria\/#\/schema\/person\/a0fb9c422317faca23d50163151bc354","name":"Contenidos El Regional","image":{"@type":"ImageObject","inLanguage":"es","@id":"http:\/\/elregionalvm.com.ar\/noticias-villa-maria\/#\/schema\/person\/image\/","url":"https:\/\/secure.gravatar.com\/avatar\/265b27cb2209af7bb3a1318f03305787d7981a5cc6e6cd08fe5a4ecdf99d4b48?s=96&d=mm&r=g","contentUrl":"https:\/\/secure.gravatar.com\/avatar\/265b27cb2209af7bb3a1318f03305787d7981a5cc6e6cd08fe5a4ecdf99d4b48?s=96&d=mm&r=g","caption":"Contenidos El Regional"},"url":"https:\/\/elregionalvm.com.ar\/noticias-villa-maria\/author\/contenido\/"}]}},"jetpack_featured_media_url":"https:\/\/i0.wp.com\/elregionalvm.com.ar\/noticias-villa-maria\/wp-content\/uploads\/2021\/10\/Julian-Alvarez-cartel-1.jpg?fit=862%2C649&ssl=1","jetpack_sharing_enabled":true,"_links":{"self":[{"href":"https:\/\/elregionalvm.com.ar\/noticias-villa-maria\/wp-json\/wp\/v2\/posts\/47147","targetHints":{"allow":["GET"]}}],"collection":[{"href":"https:\/\/elregionalvm.com.ar\/noticias-villa-maria\/wp-json\/wp\/v2\/posts"}],"about":[{"href":"https:\/\/elregionalvm.com.ar\/noticias-villa-maria\/wp-json\/wp\/v2\/types\/post"}],"author":[{"embeddable":true,"href":"https:\/\/elregionalvm.com.ar\/noticias-villa-maria\/wp-json\/wp\/v2\/users\/4"}],"replies":[{"embeddable":true,"href":"https:\/\/elregionalvm.com.ar\/noticias-villa-maria\/wp-json\/wp\/v2\/comments?post=47147"}],"version-history":[{"count":2,"href":"https:\/\/elregionalvm.com.ar\/noticias-villa-maria\/wp-json\/wp\/v2\/posts\/47147\/revisions"}],"predecessor-version":[{"id":47151,"href":"https:\/\/elregionalvm.com.ar\/noticias-villa-maria\/wp-json\/wp\/v2\/posts\/47147\/revisions\/47151"}],"wp:featuredmedia":[{"embeddable":true,"href":"https:\/\/elregionalvm.com.ar\/noticias-villa-maria\/wp-json\/wp\/v2\/media\/47149"}],"wp:attachment":[{"href":"https:\/\/elregionalvm.com.ar\/noticias-villa-maria\/wp-json\/wp\/v2\/media?parent=47147"}],"wp:term":[{"taxonomy":"category","embeddable":true,"href":"https:\/\/elregionalvm.com.ar\/noticias-villa-maria\/wp-json\/wp\/v2\/categories?post=47147"},{"taxonomy":"post_tag","embeddable":true,"href":"https:\/\/elregionalvm.com.ar\/noticias-villa-maria\/wp-json\/wp\/v2\/tags?post=47147"}],"curies":[{"name":"wp","href":"https:\/\/api.w.org\/{rel}","templated":true}]}}