{"id":47152,"date":"2021-10-26T03:53:53","date_gmt":"2021-10-26T03:53:53","guid":{"rendered":"https:\/\/elregionalvm.com.ar\/noticias-villa-maria\/?p=47152"},"modified":"2021-10-26T03:53:54","modified_gmt":"2021-10-26T03:53:54","slug":"a-un-ano-de-su-muerte-homenaje-al-medico-jorge-ranco","status":"publish","type":"post","link":"https:\/\/elregionalvm.com.ar\/noticias-villa-maria\/a-un-ano-de-su-muerte-homenaje-al-medico-jorge-ranco\/","title":{"rendered":"A un a\u00f1o de su muerte: Homenaje al m\u00e9dico Jorge Ranco"},"content":{"rendered":"\n<p><\/p>\n\n\n\n<p>El Hospital Pasteur realiz\u00f3 un homenaje al m\u00e9dico oftalm\u00f3logo Jorge Ranco con motivo de cumplirse el primer aniversario de su fallecimiento.<\/p>\n\n\n\n<p>El profesional, que desarroll\u00f3 una carrera de 28 a\u00f1os en el centro de salud provincial, perdi\u00f3 la vida a causa del covid.<\/p>\n\n\n\n<p>Directivos de la instituci\u00f3n encabezaron un acto donde participaron su esposa Liliana y sus hijas Jimena y Celeste, entre otros familiares, y se coloc\u00f3 una placa conmemorativa que recuerda su nombre.<\/p>\n\n\n\n<p><\/p>\n\n\n\n<figure class=\"wp-block-image size-large\"><img data-recalc-dims=\"1\" fetchpriority=\"high\" decoding=\"async\" width=\"1024\" height=\"485\" src=\"https:\/\/i0.wp.com\/elregionalvm.com.ar\/noticias-villa-maria\/wp-content\/uploads\/2021\/10\/WhatsApp-Image-2021-10-25-at-11.07.13-AM.jpeg?resize=1024%2C485&#038;ssl=1\" alt=\"\" class=\"wp-image-47154\" srcset=\"https:\/\/i0.wp.com\/elregionalvm.com.ar\/noticias-villa-maria\/wp-content\/uploads\/2021\/10\/WhatsApp-Image-2021-10-25-at-11.07.13-AM.jpeg?resize=1024%2C485&amp;ssl=1 1024w, https:\/\/i0.wp.com\/elregionalvm.com.ar\/noticias-villa-maria\/wp-content\/uploads\/2021\/10\/WhatsApp-Image-2021-10-25-at-11.07.13-AM.jpeg?resize=300%2C142&amp;ssl=1 300w, https:\/\/i0.wp.com\/elregionalvm.com.ar\/noticias-villa-maria\/wp-content\/uploads\/2021\/10\/WhatsApp-Image-2021-10-25-at-11.07.13-AM.jpeg?resize=768%2C364&amp;ssl=1 768w, https:\/\/i0.wp.com\/elregionalvm.com.ar\/noticias-villa-maria\/wp-content\/uploads\/2021\/10\/WhatsApp-Image-2021-10-25-at-11.07.13-AM.jpeg?resize=1536%2C728&amp;ssl=1 1536w, https:\/\/i0.wp.com\/elregionalvm.com.ar\/noticias-villa-maria\/wp-content\/uploads\/2021\/10\/WhatsApp-Image-2021-10-25-at-11.07.13-AM.jpeg?w=1600&amp;ssl=1 1600w\" sizes=\"(max-width: 1000px) 100vw, 1000px\" \/><\/figure>\n\n\n\n<p><\/p>\n\n\n\n<p><strong>Legado<\/strong><\/p>\n\n\n\n<p>\u201cLa de hoy es la primera de muchas placas que surgir\u00e1n de un reconocimiento genuino de todos quienes formamos parte del Pasteur. En el caso de Jorge es un emblema por la impronta y el contexto en el que nos dej\u00f3\u201d, remarc\u00f3 el director Sergio Arroyo que asistieron al reconocimiento.<\/p>\n\n\n\n<p>\u201cEl sector donde hoy se coloc\u00f3 la placa conmemorativa es una iniciativa para homenajear a compa\u00f1eras y compa\u00f1eros que dejaron un legado en nuestro hospital. Queremos instalar sus nombres para que toda la comunidad conozca la labor que marc\u00f3 una huella no s\u00f3lo entre sus pares del hospital sino tambi\u00e9n en una inmensa comunidad que recibe nuestros servicios diariamente\u201d.<\/p>\n\n\n\n<p>La familia por su parte destac\u00f3 el gesto como \u201cenorme y de gran contenido espiritual\u201d. \u201cEs un mimo al alma de Jorge y de todos quienes lo quer\u00edamos\u201d, expresaron.<\/p>\n","protected":false},"excerpt":{"rendered":"<p>El Hospital Pasteur realiz\u00f3 un homenaje al m\u00e9dico oftalm\u00f3logo Jorge Ranco con motivo de cumplirse el primer aniversario de su fallecimiento. El profesional, que desarroll\u00f3 una carrera de 28 a\u00f1os en el centro de salud provincial, perdi\u00f3 la vida a causa del covid. Directivos de la instituci\u00f3n encabezaron un acto donde participaron su esposa Liliana [&hellip;]<\/p>\n","protected":false},"author":4,"featured_media":47153,"comment_status":"open","ping_status":"open","sticky":false,"template":"","format":"standard","meta":{"site-sidebar-layout":"default","site-content-layout":"default","ast-site-content-layout":"default","site-content-style":"default","site-sidebar-style":"default","ast-global-header-display":"","ast-banner-title-visibility":"","ast-main-header-display":"","ast-hfb-above-header-display":"","ast-hfb-below-header-display":"","ast-hfb-mobile-header-display":"","site-post-title":"","ast-breadcrumbs-content":"","ast-featured-img":"","footer-sml-layout":"","ast-disable-related-posts":"","theme-transparent-header-meta":"default","adv-header-id-meta":"","stick-header-meta":"","header-above-stick-meta":"","header-main-stick-meta":"","header-below-stick-meta":"","astra-migrate-meta-layouts":"default","ast-page-background-enabled":"default","ast-page-background-meta":{"desktop":{"background-color":"","background-image":"","background-repeat":"repeat","background-position":"center center","background-size":"auto","background-attachment":"scroll","background-type":"","background-media":"","overlay-type":"","overlay-color":"","overlay-opacity":"","overlay-gradient":""},"tablet":{"background-color":"","background-image":"","background-repeat":"repeat","background-position":"center center","background-size":"auto","background-attachment":"scroll","background-type":"","background-media":"","overlay-type":"","overlay-color":"","overlay-opacity":"","overlay-gradient":""},"mobile":{"background-color":"","background-image":"","background-repeat":"repeat","background-position":"center center","background-size":"auto","background-attachment":"scroll","background-type":"","background-media":"","overlay-type":"","overlay-color":"","overlay-opacity":"","overlay-gradient":""}},"ast-content-background-meta":{"desktop":{"background-color":"var(--ast-global-color-5)","background-image":"","background-repeat":"repeat","background-position":"center center","background-size":"auto","background-attachment":"scroll","background-type":"","background-media":"","overlay-type":"","overlay-color":"","overlay-opacity":"","overlay-gradient":""},"tablet":{"background-color":"var(--ast-global-color-5)","background-image":"","background-repeat":"repeat","background-position":"center center","background-size":"auto","background-attachment":"scroll","background-type":"","background-media":"","overlay-type":"","overlay-color":"","overlay-opacity":"","overlay-gradient":""},"mobile":{"background-color":"var(--ast-global-color-5)","background-image":"","background-repeat":"repeat","background-position":"center center","background-size":"auto","background-attachment":"scroll","background-type":"","background-media":"","overlay-type":"","overlay-color":"","overlay-opacity":"","overlay-gradient":""}},"_jetpack_memberships_contains_paid_content":false,"_joinchat":[],"footnotes":""},"categories":[2],"tags":[1232,11862,1008,2130,4908,11863,3052],"class_list":["post-47152","post","type-post","status-publish","format-standard","has-post-thumbnail","hentry","category-villa-maria","tag-destacado","tag-familiares","tag-homenaje","tag-hospital-pasteur","tag-jorge-ranco","tag-placa-conmemorativa","tag-sergio-arroyo"],"yoast_head":"<!-- This site is optimized with the Yoast SEO plugin v26.8 - https:\/\/yoast.com\/product\/yoast-seo-wordpress\/ -->\n<title>A un a\u00f1o de su muerte: Homenaje al m\u00e9dico Jorge Ranco - El Regional<\/title>\n<meta name=\"description\" content=\"El Hospital Pasteur realiz\u00f3 un homenaje al m\u00e9dico oftalm\u00f3logo Jorge Ranco con motivo de cumplirse el primer aniversario de su fallecimiento.\" \/>\n<meta name=\"robots\" content=\"index, follow, max-snippet:-1, max-image-preview:large, max-video-preview:-1\" \/>\n<link rel=\"canonical\" href=\"http:\/\/elregionalvm.com.ar\/noticias-villa-maria\/a-un-ano-de-su-muerte-homenaje-al-medico-jorge-ranco\/\" \/>\n<meta property=\"og:locale\" content=\"es_ES\" \/>\n<meta property=\"og:type\" content=\"article\" \/>\n<meta property=\"og:title\" content=\"A un a\u00f1o de su muerte: Homenaje al m\u00e9dico Jorge Ranco - El Regional\" \/>\n<meta property=\"og:description\" content=\"El Hospital Pasteur realiz\u00f3 un homenaje al m\u00e9dico oftalm\u00f3logo Jorge Ranco con motivo de cumplirse el primer aniversario de su fallecimiento.\" \/>\n<meta property=\"og:url\" content=\"http:\/\/elregionalvm.com.ar\/noticias-villa-maria\/a-un-ano-de-su-muerte-homenaje-al-medico-jorge-ranco\/\" \/>\n<meta property=\"og:site_name\" content=\"El Regional\" \/>\n<meta property=\"article:publisher\" content=\"https:\/\/www.facebook.com\/elregionalvm\" \/>\n<meta property=\"article:published_time\" content=\"2021-10-26T03:53:53+00:00\" \/>\n<meta property=\"article:modified_time\" content=\"2021-10-26T03:53:54+00:00\" \/>\n<meta property=\"og:image\" content=\"http:\/\/elregionalvm.com.ar\/noticias-villa-maria\/wp-content\/uploads\/2021\/10\/WhatsApp-Image-2021-10-25-at-11.07.16-AM.jpeg\" \/>\n\t<meta property=\"og:image:width\" content=\"1600\" \/>\n\t<meta property=\"og:image:height\" content=\"758\" \/>\n\t<meta property=\"og:image:type\" content=\"image\/jpeg\" \/>\n<meta name=\"author\" content=\"Contenidos El Regional\" \/>\n<meta name=\"twitter:card\" content=\"summary_large_image\" \/>\n<meta name=\"twitter:creator\" content=\"@elregionalvm1\" \/>\n<meta name=\"twitter:site\" content=\"@elregionalvm1\" \/>\n<meta name=\"twitter:label1\" content=\"Escrito por\" \/>\n\t<meta name=\"twitter:data1\" content=\"Contenidos El Regional\" \/>\n\t<meta name=\"twitter:label2\" content=\"Tiempo de lectura\" \/>\n\t<meta name=\"twitter:data2\" content=\"2 minutos\" \/>\n<script type=\"application\/ld+json\" class=\"yoast-schema-graph\">{\"@context\":\"https:\/\/schema.org\",\"@graph\":[{\"@type\":\"Article\",\"@id\":\"http:\/\/elregionalvm.com.ar\/noticias-villa-maria\/a-un-ano-de-su-muerte-homenaje-al-medico-jorge-ranco\/#article\",\"isPartOf\":{\"@id\":\"http:\/\/elregionalvm.com.ar\/noticias-villa-maria\/a-un-ano-de-su-muerte-homenaje-al-medico-jorge-ranco\/\"},\"author\":{\"name\":\"Contenidos El Regional\",\"@id\":\"http:\/\/elregionalvm.com.ar\/noticias-villa-maria\/#\/schema\/person\/a0fb9c422317faca23d50163151bc354\"},\"headline\":\"A un a\u00f1o de su muerte: Homenaje al m\u00e9dico Jorge Ranco\",\"datePublished\":\"2021-10-26T03:53:53+00:00\",\"dateModified\":\"2021-10-26T03:53:54+00:00\",\"mainEntityOfPage\":{\"@id\":\"http:\/\/elregionalvm.com.ar\/noticias-villa-maria\/a-un-ano-de-su-muerte-homenaje-al-medico-jorge-ranco\/\"},\"wordCount\":235,\"commentCount\":0,\"image\":{\"@id\":\"http:\/\/elregionalvm.com.ar\/noticias-villa-maria\/a-un-ano-de-su-muerte-homenaje-al-medico-jorge-ranco\/#primaryimage\"},\"thumbnailUrl\":\"https:\/\/i0.wp.com\/elregionalvm.com.ar\/noticias-villa-maria\/wp-content\/uploads\/2021\/10\/WhatsApp-Image-2021-10-25-at-11.07.16-AM.jpeg?fit=1600%2C758&ssl=1\",\"keywords\":[\"destacado\",\"familiares\",\"Homenaje\",\"Hospital Pasteur\",\"Jorge Ranco\",\"placa conmemorativa\",\"Sergio Arroyo\"],\"articleSection\":[\"Villa Mar\u00eda\"],\"inLanguage\":\"es\",\"potentialAction\":[{\"@type\":\"CommentAction\",\"name\":\"Comment\",\"target\":[\"http:\/\/elregionalvm.com.ar\/noticias-villa-maria\/a-un-ano-de-su-muerte-homenaje-al-medico-jorge-ranco\/#respond\"]}]},{\"@type\":\"WebPage\",\"@id\":\"http:\/\/elregionalvm.com.ar\/noticias-villa-maria\/a-un-ano-de-su-muerte-homenaje-al-medico-jorge-ranco\/\",\"url\":\"http:\/\/elregionalvm.com.ar\/noticias-villa-maria\/a-un-ano-de-su-muerte-homenaje-al-medico-jorge-ranco\/\",\"name\":\"A un a\u00f1o de su muerte: Homenaje al m\u00e9dico Jorge Ranco - El Regional\",\"isPartOf\":{\"@id\":\"http:\/\/elregionalvm.com.ar\/noticias-villa-maria\/#website\"},\"primaryImageOfPage\":{\"@id\":\"http:\/\/elregionalvm.com.ar\/noticias-villa-maria\/a-un-ano-de-su-muerte-homenaje-al-medico-jorge-ranco\/#primaryimage\"},\"image\":{\"@id\":\"http:\/\/elregionalvm.com.ar\/noticias-villa-maria\/a-un-ano-de-su-muerte-homenaje-al-medico-jorge-ranco\/#primaryimage\"},\"thumbnailUrl\":\"https:\/\/i0.wp.com\/elregionalvm.com.ar\/noticias-villa-maria\/wp-content\/uploads\/2021\/10\/WhatsApp-Image-2021-10-25-at-11.07.16-AM.jpeg?fit=1600%2C758&ssl=1\",\"datePublished\":\"2021-10-26T03:53:53+00:00\",\"dateModified\":\"2021-10-26T03:53:54+00:00\",\"author\":{\"@id\":\"http:\/\/elregionalvm.com.ar\/noticias-villa-maria\/#\/schema\/person\/a0fb9c422317faca23d50163151bc354\"},\"description\":\"El Hospital Pasteur realiz\u00f3 un homenaje al m\u00e9dico oftalm\u00f3logo Jorge Ranco con motivo de cumplirse el primer aniversario de su fallecimiento.\",\"breadcrumb\":{\"@id\":\"http:\/\/elregionalvm.com.ar\/noticias-villa-maria\/a-un-ano-de-su-muerte-homenaje-al-medico-jorge-ranco\/#breadcrumb\"},\"inLanguage\":\"es\",\"potentialAction\":[{\"@type\":\"ReadAction\",\"target\":[\"http:\/\/elregionalvm.com.ar\/noticias-villa-maria\/a-un-ano-de-su-muerte-homenaje-al-medico-jorge-ranco\/\"]}]},{\"@type\":\"ImageObject\",\"inLanguage\":\"es\",\"@id\":\"http:\/\/elregionalvm.com.ar\/noticias-villa-maria\/a-un-ano-de-su-muerte-homenaje-al-medico-jorge-ranco\/#primaryimage\",\"url\":\"https:\/\/i0.wp.com\/elregionalvm.com.ar\/noticias-villa-maria\/wp-content\/uploads\/2021\/10\/WhatsApp-Image-2021-10-25-at-11.07.16-AM.jpeg?fit=1600%2C758&ssl=1\",\"contentUrl\":\"https:\/\/i0.wp.com\/elregionalvm.com.ar\/noticias-villa-maria\/wp-content\/uploads\/2021\/10\/WhatsApp-Image-2021-10-25-at-11.07.16-AM.jpeg?fit=1600%2C758&ssl=1\",\"width\":1600,\"height\":758},{\"@type\":\"BreadcrumbList\",\"@id\":\"http:\/\/elregionalvm.com.ar\/noticias-villa-maria\/a-un-ano-de-su-muerte-homenaje-al-medico-jorge-ranco\/#breadcrumb\",\"itemListElement\":[{\"@type\":\"ListItem\",\"position\":1,\"name\":\"Portada\",\"item\":\"https:\/\/elregionalvm.com.ar\/noticias-villa-maria\/\"},{\"@type\":\"ListItem\",\"position\":2,\"name\":\"A un a\u00f1o de su muerte: Homenaje al m\u00e9dico Jorge Ranco\"}]},{\"@type\":\"WebSite\",\"@id\":\"http:\/\/elregionalvm.com.ar\/noticias-villa-maria\/#website\",\"url\":\"http:\/\/elregionalvm.com.ar\/noticias-villa-maria\/\",\"name\":\"El Regional\",\"description\":\"Mucho m\u00e1s que informaci\u00f3n\",\"potentialAction\":[{\"@type\":\"SearchAction\",\"target\":{\"@type\":\"EntryPoint\",\"urlTemplate\":\"http:\/\/elregionalvm.com.ar\/noticias-villa-maria\/?s={search_term_string}\"},\"query-input\":{\"@type\":\"PropertyValueSpecification\",\"valueRequired\":true,\"valueName\":\"search_term_string\"}}],\"inLanguage\":\"es\"},{\"@type\":\"Person\",\"@id\":\"http:\/\/elregionalvm.com.ar\/noticias-villa-maria\/#\/schema\/person\/a0fb9c422317faca23d50163151bc354\",\"name\":\"Contenidos El Regional\",\"image\":{\"@type\":\"ImageObject\",\"inLanguage\":\"es\",\"@id\":\"http:\/\/elregionalvm.com.ar\/noticias-villa-maria\/#\/schema\/person\/image\/\",\"url\":\"https:\/\/secure.gravatar.com\/avatar\/265b27cb2209af7bb3a1318f03305787d7981a5cc6e6cd08fe5a4ecdf99d4b48?s=96&d=mm&r=g\",\"contentUrl\":\"https:\/\/secure.gravatar.com\/avatar\/265b27cb2209af7bb3a1318f03305787d7981a5cc6e6cd08fe5a4ecdf99d4b48?s=96&d=mm&r=g\",\"caption\":\"Contenidos El Regional\"},\"url\":\"https:\/\/elregionalvm.com.ar\/noticias-villa-maria\/author\/contenido\/\"}]}<\/script>\n<!-- \/ Yoast SEO plugin. -->","yoast_head_json":{"title":"A un a\u00f1o de su muerte: Homenaje al m\u00e9dico Jorge Ranco - El Regional","description":"El Hospital Pasteur realiz\u00f3 un homenaje al m\u00e9dico oftalm\u00f3logo Jorge Ranco con motivo de cumplirse el primer aniversario de su fallecimiento.","robots":{"index":"index","follow":"follow","max-snippet":"max-snippet:-1","max-image-preview":"max-image-preview:large","max-video-preview":"max-video-preview:-1"},"canonical":"http:\/\/elregionalvm.com.ar\/noticias-villa-maria\/a-un-ano-de-su-muerte-homenaje-al-medico-jorge-ranco\/","og_locale":"es_ES","og_type":"article","og_title":"A un a\u00f1o de su muerte: Homenaje al m\u00e9dico Jorge Ranco - El Regional","og_description":"El Hospital Pasteur realiz\u00f3 un homenaje al m\u00e9dico oftalm\u00f3logo Jorge Ranco con motivo de cumplirse el primer aniversario de su fallecimiento.","og_url":"http:\/\/elregionalvm.com.ar\/noticias-villa-maria\/a-un-ano-de-su-muerte-homenaje-al-medico-jorge-ranco\/","og_site_name":"El Regional","article_publisher":"https:\/\/www.facebook.com\/elregionalvm","article_published_time":"2021-10-26T03:53:53+00:00","article_modified_time":"2021-10-26T03:53:54+00:00","og_image":[{"width":1600,"height":758,"url":"http:\/\/elregionalvm.com.ar\/noticias-villa-maria\/wp-content\/uploads\/2021\/10\/WhatsApp-Image-2021-10-25-at-11.07.16-AM.jpeg","type":"image\/jpeg"}],"author":"Contenidos El Regional","twitter_card":"summary_large_image","twitter_creator":"@elregionalvm1","twitter_site":"@elregionalvm1","twitter_misc":{"Escrito por":"Contenidos El Regional","Tiempo de lectura":"2 minutos"},"schema":{"@context":"https:\/\/schema.org","@graph":[{"@type":"Article","@id":"http:\/\/elregionalvm.com.ar\/noticias-villa-maria\/a-un-ano-de-su-muerte-homenaje-al-medico-jorge-ranco\/#article","isPartOf":{"@id":"http:\/\/elregionalvm.com.ar\/noticias-villa-maria\/a-un-ano-de-su-muerte-homenaje-al-medico-jorge-ranco\/"},"author":{"name":"Contenidos El Regional","@id":"http:\/\/elregionalvm.com.ar\/noticias-villa-maria\/#\/schema\/person\/a0fb9c422317faca23d50163151bc354"},"headline":"A un a\u00f1o de su muerte: Homenaje al m\u00e9dico Jorge Ranco","datePublished":"2021-10-26T03:53:53+00:00","dateModified":"2021-10-26T03:53:54+00:00","mainEntityOfPage":{"@id":"http:\/\/elregionalvm.com.ar\/noticias-villa-maria\/a-un-ano-de-su-muerte-homenaje-al-medico-jorge-ranco\/"},"wordCount":235,"commentCount":0,"image":{"@id":"http:\/\/elregionalvm.com.ar\/noticias-villa-maria\/a-un-ano-de-su-muerte-homenaje-al-medico-jorge-ranco\/#primaryimage"},"thumbnailUrl":"https:\/\/i0.wp.com\/elregionalvm.com.ar\/noticias-villa-maria\/wp-content\/uploads\/2021\/10\/WhatsApp-Image-2021-10-25-at-11.07.16-AM.jpeg?fit=1600%2C758&ssl=1","keywords":["destacado","familiares","Homenaje","Hospital Pasteur","Jorge Ranco","placa conmemorativa","Sergio Arroyo"],"articleSection":["Villa Mar\u00eda"],"inLanguage":"es","potentialAction":[{"@type":"CommentAction","name":"Comment","target":["http:\/\/elregionalvm.com.ar\/noticias-villa-maria\/a-un-ano-de-su-muerte-homenaje-al-medico-jorge-ranco\/#respond"]}]},{"@type":"WebPage","@id":"http:\/\/elregionalvm.com.ar\/noticias-villa-maria\/a-un-ano-de-su-muerte-homenaje-al-medico-jorge-ranco\/","url":"http:\/\/elregionalvm.com.ar\/noticias-villa-maria\/a-un-ano-de-su-muerte-homenaje-al-medico-jorge-ranco\/","name":"A un a\u00f1o de su muerte: Homenaje al m\u00e9dico Jorge Ranco - El Regional","isPartOf":{"@id":"http:\/\/elregionalvm.com.ar\/noticias-villa-maria\/#website"},"primaryImageOfPage":{"@id":"http:\/\/elregionalvm.com.ar\/noticias-villa-maria\/a-un-ano-de-su-muerte-homenaje-al-medico-jorge-ranco\/#primaryimage"},"image":{"@id":"http:\/\/elregionalvm.com.ar\/noticias-villa-maria\/a-un-ano-de-su-muerte-homenaje-al-medico-jorge-ranco\/#primaryimage"},"thumbnailUrl":"https:\/\/i0.wp.com\/elregionalvm.com.ar\/noticias-villa-maria\/wp-content\/uploads\/2021\/10\/WhatsApp-Image-2021-10-25-at-11.07.16-AM.jpeg?fit=1600%2C758&ssl=1","datePublished":"2021-10-26T03:53:53+00:00","dateModified":"2021-10-26T03:53:54+00:00","author":{"@id":"http:\/\/elregionalvm.com.ar\/noticias-villa-maria\/#\/schema\/person\/a0fb9c422317faca23d50163151bc354"},"description":"El Hospital Pasteur realiz\u00f3 un homenaje al m\u00e9dico oftalm\u00f3logo Jorge Ranco con motivo de cumplirse el primer aniversario de su fallecimiento.","breadcrumb":{"@id":"http:\/\/elregionalvm.com.ar\/noticias-villa-maria\/a-un-ano-de-su-muerte-homenaje-al-medico-jorge-ranco\/#breadcrumb"},"inLanguage":"es","potentialAction":[{"@type":"ReadAction","target":["http:\/\/elregionalvm.com.ar\/noticias-villa-maria\/a-un-ano-de-su-muerte-homenaje-al-medico-jorge-ranco\/"]}]},{"@type":"ImageObject","inLanguage":"es","@id":"http:\/\/elregionalvm.com.ar\/noticias-villa-maria\/a-un-ano-de-su-muerte-homenaje-al-medico-jorge-ranco\/#primaryimage","url":"https:\/\/i0.wp.com\/elregionalvm.com.ar\/noticias-villa-maria\/wp-content\/uploads\/2021\/10\/WhatsApp-Image-2021-10-25-at-11.07.16-AM.jpeg?fit=1600%2C758&ssl=1","contentUrl":"https:\/\/i0.wp.com\/elregionalvm.com.ar\/noticias-villa-maria\/wp-content\/uploads\/2021\/10\/WhatsApp-Image-2021-10-25-at-11.07.16-AM.jpeg?fit=1600%2C758&ssl=1","width":1600,"height":758},{"@type":"BreadcrumbList","@id":"http:\/\/elregionalvm.com.ar\/noticias-villa-maria\/a-un-ano-de-su-muerte-homenaje-al-medico-jorge-ranco\/#breadcrumb","itemListElement":[{"@type":"ListItem","position":1,"name":"Portada","item":"https:\/\/elregionalvm.com.ar\/noticias-villa-maria\/"},{"@type":"ListItem","position":2,"name":"A un a\u00f1o de su muerte: Homenaje al m\u00e9dico Jorge Ranco"}]},{"@type":"WebSite","@id":"http:\/\/elregionalvm.com.ar\/noticias-villa-maria\/#website","url":"http:\/\/elregionalvm.com.ar\/noticias-villa-maria\/","name":"El Regional","description":"Mucho m\u00e1s que informaci\u00f3n","potentialAction":[{"@type":"SearchAction","target":{"@type":"EntryPoint","urlTemplate":"http:\/\/elregionalvm.com.ar\/noticias-villa-maria\/?s={search_term_string}"},"query-input":{"@type":"PropertyValueSpecification","valueRequired":true,"valueName":"search_term_string"}}],"inLanguage":"es"},{"@type":"Person","@id":"http:\/\/elregionalvm.com.ar\/noticias-villa-maria\/#\/schema\/person\/a0fb9c422317faca23d50163151bc354","name":"Contenidos El Regional","image":{"@type":"ImageObject","inLanguage":"es","@id":"http:\/\/elregionalvm.com.ar\/noticias-villa-maria\/#\/schema\/person\/image\/","url":"https:\/\/secure.gravatar.com\/avatar\/265b27cb2209af7bb3a1318f03305787d7981a5cc6e6cd08fe5a4ecdf99d4b48?s=96&d=mm&r=g","contentUrl":"https:\/\/secure.gravatar.com\/avatar\/265b27cb2209af7bb3a1318f03305787d7981a5cc6e6cd08fe5a4ecdf99d4b48?s=96&d=mm&r=g","caption":"Contenidos El Regional"},"url":"https:\/\/elregionalvm.com.ar\/noticias-villa-maria\/author\/contenido\/"}]}},"jetpack_featured_media_url":"https:\/\/i0.wp.com\/elregionalvm.com.ar\/noticias-villa-maria\/wp-content\/uploads\/2021\/10\/WhatsApp-Image-2021-10-25-at-11.07.16-AM.jpeg?fit=1600%2C758&ssl=1","jetpack_sharing_enabled":true,"_links":{"self":[{"href":"https:\/\/elregionalvm.com.ar\/noticias-villa-maria\/wp-json\/wp\/v2\/posts\/47152","targetHints":{"allow":["GET"]}}],"collection":[{"href":"https:\/\/elregionalvm.com.ar\/noticias-villa-maria\/wp-json\/wp\/v2\/posts"}],"about":[{"href":"https:\/\/elregionalvm.com.ar\/noticias-villa-maria\/wp-json\/wp\/v2\/types\/post"}],"author":[{"embeddable":true,"href":"https:\/\/elregionalvm.com.ar\/noticias-villa-maria\/wp-json\/wp\/v2\/users\/4"}],"replies":[{"embeddable":true,"href":"https:\/\/elregionalvm.com.ar\/noticias-villa-maria\/wp-json\/wp\/v2\/comments?post=47152"}],"version-history":[{"count":1,"href":"https:\/\/elregionalvm.com.ar\/noticias-villa-maria\/wp-json\/wp\/v2\/posts\/47152\/revisions"}],"predecessor-version":[{"id":47155,"href":"https:\/\/elregionalvm.com.ar\/noticias-villa-maria\/wp-json\/wp\/v2\/posts\/47152\/revisions\/47155"}],"wp:featuredmedia":[{"embeddable":true,"href":"https:\/\/elregionalvm.com.ar\/noticias-villa-maria\/wp-json\/wp\/v2\/media\/47153"}],"wp:attachment":[{"href":"https:\/\/elregionalvm.com.ar\/noticias-villa-maria\/wp-json\/wp\/v2\/media?parent=47152"}],"wp:term":[{"taxonomy":"category","embeddable":true,"href":"https:\/\/elregionalvm.com.ar\/noticias-villa-maria\/wp-json\/wp\/v2\/categories?post=47152"},{"taxonomy":"post_tag","embeddable":true,"href":"https:\/\/elregionalvm.com.ar\/noticias-villa-maria\/wp-json\/wp\/v2\/tags?post=47152"}],"curies":[{"name":"wp","href":"https:\/\/api.w.org\/{rel}","templated":true}]}}