{"id":47159,"date":"2021-10-26T11:04:45","date_gmt":"2021-10-26T11:04:45","guid":{"rendered":"https:\/\/elregionalvm.com.ar\/noticias-villa-maria\/?p=47159"},"modified":"2021-10-27T00:37:18","modified_gmt":"2021-10-27T00:37:18","slug":"historia-el-extrano-reptil-de-yucat","status":"publish","type":"post","link":"https:\/\/elregionalvm.com.ar\/noticias-villa-maria\/historia-el-extrano-reptil-de-yucat\/","title":{"rendered":"[Historia] El extra\u00f1o reptil de Yucat"},"content":{"rendered":"\n<h3 class=\"wp-block-heading\">Las denominaban \u201cTufas\u201d y las trajeron de la selva amaz\u00f3nica.<br>Era un galgo bayo, cruza. Siempre detr\u00e1s del caballo de don Jer\u00f3nimo. Casi mordi\u00e9ndole las patas de Bolita, as\u00ed se llamaba el veterano alaz\u00e1n. En los campos de Yucat, hab\u00eda lagunas y enormes barrancones. Ninguna casa en las cercan\u00edas de los mismos. Sol\u00edan largar el vacuno seco (vacas que no hab\u00edan parido). M\u00e1s de una vez contaban que se ve\u00edan leones (pumas), zorros y\u2026 Al galgo le faltaba una oreja. Los ojos del bicho aterraban.<\/h3>\n\n\n\n<p><\/p>\n\n\n\n<p><strong>Alguien lo denomin\u00f3 \u201cmedia oreja\u201d y as\u00ed qued\u00f3 en el tiempo.<\/strong><\/p>\n\n\n\n<p>Tres sin raza integraban el grupo. Siempre volv\u00edan con alguna liebre. La soledad espantaba. Algunos teros o gaviotas cosquillaban el silencio. El r\u00edo estar\u00eda a legua, legua y media del campo de Valdemar\u00edn. Las lagunas eran por los sesenta una constante. De vez en cuando desde la chacra de Jer\u00f3nimo se organizaba alguna excursi\u00f3n de pesca de dientudos o algunos bagres. Gran cantidad de tortugas de aguas andaban a las anchas. Zorros colorados. Nadie los molestaba. Iguanas verdes de distintos tama\u00f1os. El Media oreja y el \u201crengo\u201d, un cuzco con antepasados de terrier, no perdonaban a la hora de clavar los colmillos. Todo se repet\u00eda seg\u00fan Jer\u00f3nimo. <\/p>\n\n\n\n<p>Todo hasta que una ma\u00f1ana apareci\u00f3 una enorme iguana negra. Metro medio de largo y ancha. Extremadamente ancha. Con una cabeza extra\u00f1a, de casco redondeado y cortona de hocico. Los ojos como un fuego negro. Dientes grandes y afilados. El lomo lleno de puntas rojas como clavos en la fragua. El bolita dio un salto hacia atr\u00e1s apoy\u00e1ndose en sus patas posteriores. Los cuzcos encararon.<strong> El primer coletazo vol\u00f3 por los aires al rengo cuyo grito retumb\u00f3 en las barrancas. <\/strong><\/p>\n\n\n\n<p>Toda la lucha del \u201cmedia oreja\u201d fue en vano. Encarnizado no aflojaba. El extra\u00f1o bicho lanzaba un granizdo como el de un cisne agonizante. Jer\u00f3nimo carg\u00f3 la 16 y comprendi\u00f3 que no pod\u00eda tirar. Pondr\u00eda municiones en algunos de sus acompa\u00f1antes. De las fauces del enorme lagarto soltaban un l\u00edquido blancuzco y oloriento. Dos de los canes comenzaron a revolcarse entre los yuyos. Algo les hab\u00eda entrado en los ojos que se pusieron rojos inmediatamente. Gem\u00edan. En un recule del media oreja vieron como esa sombra negra corr\u00eda levantando las patas hacia la laguna. La perdieron. Jer\u00f3nimo sac\u00f3 debajo de la carona un trapo. Lo mojo y con eso lav\u00f3 los ojos de los averiados. El Media Oreja no paraba de jadear. <\/p>\n\n\n\n<div class=\"wp-block-image\"><figure class=\"aligncenter size-full\"><img data-recalc-dims=\"1\" fetchpriority=\"high\" decoding=\"async\" width=\"650\" height=\"314\" src=\"https:\/\/i0.wp.com\/elregionalvm.com.ar\/noticias-villa-maria\/wp-content\/uploads\/2021\/10\/villafiusa.jpg?resize=650%2C314&#038;ssl=1\" alt=\"\" class=\"wp-image-47164\" srcset=\"https:\/\/i0.wp.com\/elregionalvm.com.ar\/noticias-villa-maria\/wp-content\/uploads\/2021\/10\/villafiusa.jpg?w=650&amp;ssl=1 650w, https:\/\/i0.wp.com\/elregionalvm.com.ar\/noticias-villa-maria\/wp-content\/uploads\/2021\/10\/villafiusa.jpg?resize=300%2C145&amp;ssl=1 300w\" sizes=\"(max-width: 650px) 100vw, 650px\" \/><\/figure><\/div>\n\n\n\n<p>Perd\u00eda sangre de una pata. Cerca del mediod\u00eda emprendieron el regreso. Los de ojos desorbitados se guiaban por el olor y los ruidos. Al llegar meti\u00f3 a todos a la pileta de agua de las vacas. El Bolita no era el mismo. Excitado. Como con miedo. Y el Media Oreja, bicho de mil combates, se ech\u00f3 a la sombra y el coraz\u00f3n parec\u00eda estallarle. Ni tom\u00f3 agua. Jer\u00f3nimo le coment\u00f3 a Talo, quien ten\u00eda la responsabilidad de la siembra del campo, lo sucedido. Escuch\u00f3 atentamente y solo atin\u00f3 a preguntar el tama\u00f1o de la iguana. Oy\u00f3 la respuesta y murmur\u00f3: \u201cEs pichona todav\u00eda\u2026 cre\u00edan que ya no quedaban m\u00e1s. Hace mucho tiempo o\u00ed de ellas, le dec\u00edan algo as\u00ed como \u00b4Tufas\u201d\u201d. Se persign\u00f3.<\/p>\n\n\n\n<p><\/p>\n\n\n\n<p><strong>Volvieron a hablar del tema a la noche. Talo conocedor las historias de lugar, de Yucat y Villa Fiusa, se acerc\u00f3 al sol de noche y se zambull\u00f3 en lo que se hablaba de las iguanas negras. Aterradores bichos. Feroces. La leyenda dej\u00f3 varias supuestas vivencias\u2026<\/strong><\/p>\n\n\n\n<p>Juan L\u00f3pez Fiusa era un portugu\u00e9s que llevaba mulas y caballos a Per\u00fa. Logr\u00f3 muchas riquezas. Adquiri\u00f3 enormes extensiones de tierra. Donde hoy se encuentra la Iglesia de la Merced en Yucat, era territorio que \u00e9l don\u00f3 a la orden de los Mercedarios. Se habla de m\u00e1s de 30 mil hect\u00e1reas. Cuentan que primero, en un viaje a Per\u00fa, se trajo una yunta de \u201cTufas\u201d, as\u00ed la denominaban los indios amaz\u00f3nicas que ten\u00edan pavura a ese bicho de cuero rugoso, absolutamente negro, y en la l\u00ednea de la espina dorsal todas puntas como clavos. Los com\u00edan. Se mov\u00edan en grupos. <\/p>\n\n\n\n<p><strong>D\u00edcese de una especie milenaria, carn\u00edvora y que desde un orificio debajo de la nariz lanzaban un l\u00edquido casi mortal. L\u00f3pez Fiusa que no le tem\u00eda a nada las fue criando. Y llegan a decir que las Tufas sent\u00edan placer en matar nativos de aquella selva.<\/strong><\/p>\n\n\n\n<p>De paso para estos territorios trajo a varias. Algunas fueron muertas a lanzazos y otras se desparramaron por la zona. Hac\u00eda mucho que por dicho territorio no aparec\u00edan. Los antiguos habitantes sosten\u00edan que eran los guardianes del diablo y que hay pinturas que as\u00ed lo muestran. \u201cTemibles animales\u201d.<\/p>\n\n\n\n<div class=\"wp-block-image\"><figure class=\"aligncenter size-full\"><img data-recalc-dims=\"1\" decoding=\"async\" width=\"500\" height=\"333\" src=\"https:\/\/i0.wp.com\/elregionalvm.com.ar\/noticias-villa-maria\/wp-content\/uploads\/2021\/10\/fauna-del-amazonas.jpg?resize=500%2C333&#038;ssl=1\" alt=\"\" class=\"wp-image-47165\" srcset=\"https:\/\/i0.wp.com\/elregionalvm.com.ar\/noticias-villa-maria\/wp-content\/uploads\/2021\/10\/fauna-del-amazonas.jpg?w=500&amp;ssl=1 500w, https:\/\/i0.wp.com\/elregionalvm.com.ar\/noticias-villa-maria\/wp-content\/uploads\/2021\/10\/fauna-del-amazonas.jpg?resize=300%2C200&amp;ssl=1 300w\" sizes=\"(max-width: 500px) 100vw, 500px\" \/><\/figure><\/div>\n\n\n\n<p>Durante a\u00f1os sol\u00eda verse en las aguas del tercero algunas de ellas. O en los caminos. Todo formaba parte del olvido y los estigmas. Todo hab\u00eda quedado en el olvido. Hay que persignarse y rezar cuando aparecen. Llevan la mala suerte sobre su lomo. Frase que se traslad\u00f3 por a\u00f1os.<\/p>\n\n\n\n<p>Ni el media oreja ni el rengo quisieron seguir m\u00e1s a Jer\u00f3nimo cuando se iba para los barrancones. El \u201cbolita\u201d se espantaba. Jer\u00f3nimo nunca m\u00e1s abri\u00f3 la tranquera para ir a esos lugares.<\/p>\n\n\n\n<p>El trigo estaba espectacular. Iba a ser una muy buena cosecha. Podr\u00edan pagar las sequ\u00edas arrastradas. Esa noche, no saben c\u00f3mo, la tormenta se form\u00f3 en minutos. La franja no fue muy ancha. El campo de Jer\u00f3nimo y parte del vecino, no qued\u00f3 con un grano de trigo. Perdieron todo por la pedrea. R\u00e1pidamente el cielo estaba blanco de estrellas.<\/p>\n\n\n\n<p>Algunos lugare\u00f1os afirman que en verano muy de vez en cuando suelen aparecer las tufas\u2026 solo que nadie las quiere mirar.<\/p>\n\n\n\n<p><\/p>\n","protected":false},"excerpt":{"rendered":"<p>Las denominaban \u201cTufas\u201d y las trajeron de la selva amaz\u00f3nica.Era un galgo bayo, cruza. Siempre detr\u00e1s del caballo de don Jer\u00f3nimo. Casi mordi\u00e9ndole las patas de Bolita, as\u00ed se llamaba el veterano alaz\u00e1n. En los campos de Yucat, hab\u00eda lagunas y enormes barrancones. Ninguna casa en las cercan\u00edas de los mismos. Sol\u00edan largar el vacuno [&hellip;]<\/p>\n","protected":false},"author":5,"featured_media":47162,"comment_status":"open","ping_status":"open","sticky":false,"template":"","format":"standard","meta":{"site-sidebar-layout":"default","site-content-layout":"default","ast-site-content-layout":"default","site-content-style":"default","site-sidebar-style":"default","ast-global-header-display":"","ast-banner-title-visibility":"","ast-main-header-display":"","ast-hfb-above-header-display":"","ast-hfb-below-header-display":"","ast-hfb-mobile-header-display":"","site-post-title":"","ast-breadcrumbs-content":"","ast-featured-img":"","footer-sml-layout":"","ast-disable-related-posts":"","theme-transparent-header-meta":"default","adv-header-id-meta":"","stick-header-meta":"","header-above-stick-meta":"","header-main-stick-meta":"","header-below-stick-meta":"","astra-migrate-meta-layouts":"default","ast-page-background-enabled":"default","ast-page-background-meta":{"desktop":{"background-color":"","background-image":"","background-repeat":"repeat","background-position":"center center","background-size":"auto","background-attachment":"scroll","background-type":"","background-media":"","overlay-type":"","overlay-color":"","overlay-opacity":"","overlay-gradient":""},"tablet":{"background-color":"","background-image":"","background-repeat":"repeat","background-position":"center center","background-size":"auto","background-attachment":"scroll","background-type":"","background-media":"","overlay-type":"","overlay-color":"","overlay-opacity":"","overlay-gradient":""},"mobile":{"background-color":"","background-image":"","background-repeat":"repeat","background-position":"center center","background-size":"auto","background-attachment":"scroll","background-type":"","background-media":"","overlay-type":"","overlay-color":"","overlay-opacity":"","overlay-gradient":""}},"ast-content-background-meta":{"desktop":{"background-color":"var(--ast-global-color-5)","background-image":"","background-repeat":"repeat","background-position":"center center","background-size":"auto","background-attachment":"scroll","background-type":"","background-media":"","overlay-type":"","overlay-color":"","overlay-opacity":"","overlay-gradient":""},"tablet":{"background-color":"var(--ast-global-color-5)","background-image":"","background-repeat":"repeat","background-position":"center center","background-size":"auto","background-attachment":"scroll","background-type":"","background-media":"","overlay-type":"","overlay-color":"","overlay-opacity":"","overlay-gradient":""},"mobile":{"background-color":"var(--ast-global-color-5)","background-image":"","background-repeat":"repeat","background-position":"center center","background-size":"auto","background-attachment":"scroll","background-type":"","background-media":"","overlay-type":"","overlay-color":"","overlay-opacity":"","overlay-gradient":""}},"_jetpack_memberships_contains_paid_content":false,"_joinchat":[],"footnotes":""},"categories":[2098,3557],"tags":[],"class_list":["post-47159","post","type-post","status-publish","format-standard","has-post-thumbnail","hentry","category-historias","category-tercera"],"yoast_head":"<!-- This site is optimized with the Yoast SEO plugin v26.8 - https:\/\/yoast.com\/product\/yoast-seo-wordpress\/ -->\n<title>[Historia] El extra\u00f1o reptil de Yucat - El Regional<\/title>\n<meta name=\"robots\" content=\"index, follow, max-snippet:-1, max-image-preview:large, max-video-preview:-1\" \/>\n<link rel=\"canonical\" href=\"http:\/\/elregionalvm.com.ar\/noticias-villa-maria\/historia-el-extrano-reptil-de-yucat\/\" \/>\n<meta property=\"og:locale\" content=\"es_ES\" \/>\n<meta property=\"og:type\" content=\"article\" \/>\n<meta property=\"og:title\" content=\"[Historia] El extra\u00f1o reptil de Yucat - El Regional\" \/>\n<meta property=\"og:description\" content=\"Las denominaban \u201cTufas\u201d y las trajeron de la selva amaz\u00f3nica.Era un galgo bayo, cruza. Siempre detr\u00e1s del caballo de don Jer\u00f3nimo. Casi mordi\u00e9ndole las patas de Bolita, as\u00ed se llamaba el veterano alaz\u00e1n. En los campos de Yucat, hab\u00eda lagunas y enormes barrancones. Ninguna casa en las cercan\u00edas de los mismos. Sol\u00edan largar el vacuno [&hellip;]\" \/>\n<meta property=\"og:url\" content=\"http:\/\/elregionalvm.com.ar\/noticias-villa-maria\/historia-el-extrano-reptil-de-yucat\/\" \/>\n<meta property=\"og:site_name\" content=\"El Regional\" \/>\n<meta property=\"article:publisher\" content=\"https:\/\/www.facebook.com\/elregionalvm\" \/>\n<meta property=\"article:published_time\" content=\"2021-10-26T11:04:45+00:00\" \/>\n<meta property=\"article:modified_time\" content=\"2021-10-27T00:37:18+00:00\" \/>\n<meta property=\"og:image\" content=\"http:\/\/elregionalvm.com.ar\/noticias-villa-maria\/wp-content\/uploads\/2021\/10\/iguana.jpeg\" \/>\n\t<meta property=\"og:image:width\" content=\"850\" \/>\n\t<meta property=\"og:image:height\" content=\"415\" \/>\n\t<meta property=\"og:image:type\" content=\"image\/jpeg\" \/>\n<meta name=\"author\" content=\"Miguel Andreis\" \/>\n<meta name=\"twitter:card\" content=\"summary_large_image\" \/>\n<meta name=\"twitter:creator\" content=\"@elregionalvm1\" \/>\n<meta name=\"twitter:site\" content=\"@elregionalvm1\" \/>\n<meta name=\"twitter:label1\" content=\"Escrito por\" \/>\n\t<meta name=\"twitter:data1\" content=\"Miguel Andreis\" \/>\n\t<meta name=\"twitter:label2\" content=\"Tiempo de lectura\" \/>\n\t<meta name=\"twitter:data2\" content=\"5 minutos\" \/>\n<script type=\"application\/ld+json\" class=\"yoast-schema-graph\">{\"@context\":\"https:\/\/schema.org\",\"@graph\":[{\"@type\":\"Article\",\"@id\":\"http:\/\/elregionalvm.com.ar\/noticias-villa-maria\/historia-el-extrano-reptil-de-yucat\/#article\",\"isPartOf\":{\"@id\":\"http:\/\/elregionalvm.com.ar\/noticias-villa-maria\/historia-el-extrano-reptil-de-yucat\/\"},\"author\":{\"name\":\"Miguel Andreis\",\"@id\":\"http:\/\/elregionalvm.com.ar\/noticias-villa-maria\/#\/schema\/person\/df5ff3f005acf29788aed9cb359f1193\"},\"headline\":\"[Historia] El extra\u00f1o reptil de Yucat\",\"datePublished\":\"2021-10-26T11:04:45+00:00\",\"dateModified\":\"2021-10-27T00:37:18+00:00\",\"mainEntityOfPage\":{\"@id\":\"http:\/\/elregionalvm.com.ar\/noticias-villa-maria\/historia-el-extrano-reptil-de-yucat\/\"},\"wordCount\":1015,\"commentCount\":0,\"image\":{\"@id\":\"http:\/\/elregionalvm.com.ar\/noticias-villa-maria\/historia-el-extrano-reptil-de-yucat\/#primaryimage\"},\"thumbnailUrl\":\"https:\/\/i0.wp.com\/elregionalvm.com.ar\/noticias-villa-maria\/wp-content\/uploads\/2021\/10\/iguana.jpeg?fit=850%2C415&ssl=1\",\"articleSection\":[\"Historias\",\"tercera\"],\"inLanguage\":\"es\",\"potentialAction\":[{\"@type\":\"CommentAction\",\"name\":\"Comment\",\"target\":[\"http:\/\/elregionalvm.com.ar\/noticias-villa-maria\/historia-el-extrano-reptil-de-yucat\/#respond\"]}]},{\"@type\":\"WebPage\",\"@id\":\"http:\/\/elregionalvm.com.ar\/noticias-villa-maria\/historia-el-extrano-reptil-de-yucat\/\",\"url\":\"http:\/\/elregionalvm.com.ar\/noticias-villa-maria\/historia-el-extrano-reptil-de-yucat\/\",\"name\":\"[Historia] El extra\u00f1o reptil de Yucat - El Regional\",\"isPartOf\":{\"@id\":\"http:\/\/elregionalvm.com.ar\/noticias-villa-maria\/#website\"},\"primaryImageOfPage\":{\"@id\":\"http:\/\/elregionalvm.com.ar\/noticias-villa-maria\/historia-el-extrano-reptil-de-yucat\/#primaryimage\"},\"image\":{\"@id\":\"http:\/\/elregionalvm.com.ar\/noticias-villa-maria\/historia-el-extrano-reptil-de-yucat\/#primaryimage\"},\"thumbnailUrl\":\"https:\/\/i0.wp.com\/elregionalvm.com.ar\/noticias-villa-maria\/wp-content\/uploads\/2021\/10\/iguana.jpeg?fit=850%2C415&ssl=1\",\"datePublished\":\"2021-10-26T11:04:45+00:00\",\"dateModified\":\"2021-10-27T00:37:18+00:00\",\"author\":{\"@id\":\"http:\/\/elregionalvm.com.ar\/noticias-villa-maria\/#\/schema\/person\/df5ff3f005acf29788aed9cb359f1193\"},\"breadcrumb\":{\"@id\":\"http:\/\/elregionalvm.com.ar\/noticias-villa-maria\/historia-el-extrano-reptil-de-yucat\/#breadcrumb\"},\"inLanguage\":\"es\",\"potentialAction\":[{\"@type\":\"ReadAction\",\"target\":[\"http:\/\/elregionalvm.com.ar\/noticias-villa-maria\/historia-el-extrano-reptil-de-yucat\/\"]}]},{\"@type\":\"ImageObject\",\"inLanguage\":\"es\",\"@id\":\"http:\/\/elregionalvm.com.ar\/noticias-villa-maria\/historia-el-extrano-reptil-de-yucat\/#primaryimage\",\"url\":\"https:\/\/i0.wp.com\/elregionalvm.com.ar\/noticias-villa-maria\/wp-content\/uploads\/2021\/10\/iguana.jpeg?fit=850%2C415&ssl=1\",\"contentUrl\":\"https:\/\/i0.wp.com\/elregionalvm.com.ar\/noticias-villa-maria\/wp-content\/uploads\/2021\/10\/iguana.jpeg?fit=850%2C415&ssl=1\",\"width\":850,\"height\":415},{\"@type\":\"BreadcrumbList\",\"@id\":\"http:\/\/elregionalvm.com.ar\/noticias-villa-maria\/historia-el-extrano-reptil-de-yucat\/#breadcrumb\",\"itemListElement\":[{\"@type\":\"ListItem\",\"position\":1,\"name\":\"Portada\",\"item\":\"https:\/\/elregionalvm.com.ar\/noticias-villa-maria\/\"},{\"@type\":\"ListItem\",\"position\":2,\"name\":\"[Historia] El extra\u00f1o reptil de Yucat\"}]},{\"@type\":\"WebSite\",\"@id\":\"http:\/\/elregionalvm.com.ar\/noticias-villa-maria\/#website\",\"url\":\"http:\/\/elregionalvm.com.ar\/noticias-villa-maria\/\",\"name\":\"El Regional\",\"description\":\"Mucho m\u00e1s que informaci\u00f3n\",\"potentialAction\":[{\"@type\":\"SearchAction\",\"target\":{\"@type\":\"EntryPoint\",\"urlTemplate\":\"http:\/\/elregionalvm.com.ar\/noticias-villa-maria\/?s={search_term_string}\"},\"query-input\":{\"@type\":\"PropertyValueSpecification\",\"valueRequired\":true,\"valueName\":\"search_term_string\"}}],\"inLanguage\":\"es\"},{\"@type\":\"Person\",\"@id\":\"http:\/\/elregionalvm.com.ar\/noticias-villa-maria\/#\/schema\/person\/df5ff3f005acf29788aed9cb359f1193\",\"name\":\"Miguel Andreis\",\"image\":{\"@type\":\"ImageObject\",\"inLanguage\":\"es\",\"@id\":\"http:\/\/elregionalvm.com.ar\/noticias-villa-maria\/#\/schema\/person\/image\/\",\"url\":\"https:\/\/secure.gravatar.com\/avatar\/c643381cd03da38327c6407e6886e7182d881f2ecf94a7902ca262c41f9d8884?s=96&d=mm&r=g\",\"contentUrl\":\"https:\/\/secure.gravatar.com\/avatar\/c643381cd03da38327c6407e6886e7182d881f2ecf94a7902ca262c41f9d8884?s=96&d=mm&r=g\",\"caption\":\"Miguel Andreis\"},\"url\":\"https:\/\/elregionalvm.com.ar\/noticias-villa-maria\/author\/miguelandreis\/\"}]}<\/script>\n<!-- \/ Yoast SEO plugin. -->","yoast_head_json":{"title":"[Historia] El extra\u00f1o reptil de Yucat - El Regional","robots":{"index":"index","follow":"follow","max-snippet":"max-snippet:-1","max-image-preview":"max-image-preview:large","max-video-preview":"max-video-preview:-1"},"canonical":"http:\/\/elregionalvm.com.ar\/noticias-villa-maria\/historia-el-extrano-reptil-de-yucat\/","og_locale":"es_ES","og_type":"article","og_title":"[Historia] El extra\u00f1o reptil de Yucat - El Regional","og_description":"Las denominaban \u201cTufas\u201d y las trajeron de la selva amaz\u00f3nica.Era un galgo bayo, cruza. Siempre detr\u00e1s del caballo de don Jer\u00f3nimo. Casi mordi\u00e9ndole las patas de Bolita, as\u00ed se llamaba el veterano alaz\u00e1n. En los campos de Yucat, hab\u00eda lagunas y enormes barrancones. Ninguna casa en las cercan\u00edas de los mismos. Sol\u00edan largar el vacuno [&hellip;]","og_url":"http:\/\/elregionalvm.com.ar\/noticias-villa-maria\/historia-el-extrano-reptil-de-yucat\/","og_site_name":"El Regional","article_publisher":"https:\/\/www.facebook.com\/elregionalvm","article_published_time":"2021-10-26T11:04:45+00:00","article_modified_time":"2021-10-27T00:37:18+00:00","og_image":[{"width":850,"height":415,"url":"http:\/\/elregionalvm.com.ar\/noticias-villa-maria\/wp-content\/uploads\/2021\/10\/iguana.jpeg","type":"image\/jpeg"}],"author":"Miguel Andreis","twitter_card":"summary_large_image","twitter_creator":"@elregionalvm1","twitter_site":"@elregionalvm1","twitter_misc":{"Escrito por":"Miguel Andreis","Tiempo de lectura":"5 minutos"},"schema":{"@context":"https:\/\/schema.org","@graph":[{"@type":"Article","@id":"http:\/\/elregionalvm.com.ar\/noticias-villa-maria\/historia-el-extrano-reptil-de-yucat\/#article","isPartOf":{"@id":"http:\/\/elregionalvm.com.ar\/noticias-villa-maria\/historia-el-extrano-reptil-de-yucat\/"},"author":{"name":"Miguel Andreis","@id":"http:\/\/elregionalvm.com.ar\/noticias-villa-maria\/#\/schema\/person\/df5ff3f005acf29788aed9cb359f1193"},"headline":"[Historia] El extra\u00f1o reptil de Yucat","datePublished":"2021-10-26T11:04:45+00:00","dateModified":"2021-10-27T00:37:18+00:00","mainEntityOfPage":{"@id":"http:\/\/elregionalvm.com.ar\/noticias-villa-maria\/historia-el-extrano-reptil-de-yucat\/"},"wordCount":1015,"commentCount":0,"image":{"@id":"http:\/\/elregionalvm.com.ar\/noticias-villa-maria\/historia-el-extrano-reptil-de-yucat\/#primaryimage"},"thumbnailUrl":"https:\/\/i0.wp.com\/elregionalvm.com.ar\/noticias-villa-maria\/wp-content\/uploads\/2021\/10\/iguana.jpeg?fit=850%2C415&ssl=1","articleSection":["Historias","tercera"],"inLanguage":"es","potentialAction":[{"@type":"CommentAction","name":"Comment","target":["http:\/\/elregionalvm.com.ar\/noticias-villa-maria\/historia-el-extrano-reptil-de-yucat\/#respond"]}]},{"@type":"WebPage","@id":"http:\/\/elregionalvm.com.ar\/noticias-villa-maria\/historia-el-extrano-reptil-de-yucat\/","url":"http:\/\/elregionalvm.com.ar\/noticias-villa-maria\/historia-el-extrano-reptil-de-yucat\/","name":"[Historia] El extra\u00f1o reptil de Yucat - El Regional","isPartOf":{"@id":"http:\/\/elregionalvm.com.ar\/noticias-villa-maria\/#website"},"primaryImageOfPage":{"@id":"http:\/\/elregionalvm.com.ar\/noticias-villa-maria\/historia-el-extrano-reptil-de-yucat\/#primaryimage"},"image":{"@id":"http:\/\/elregionalvm.com.ar\/noticias-villa-maria\/historia-el-extrano-reptil-de-yucat\/#primaryimage"},"thumbnailUrl":"https:\/\/i0.wp.com\/elregionalvm.com.ar\/noticias-villa-maria\/wp-content\/uploads\/2021\/10\/iguana.jpeg?fit=850%2C415&ssl=1","datePublished":"2021-10-26T11:04:45+00:00","dateModified":"2021-10-27T00:37:18+00:00","author":{"@id":"http:\/\/elregionalvm.com.ar\/noticias-villa-maria\/#\/schema\/person\/df5ff3f005acf29788aed9cb359f1193"},"breadcrumb":{"@id":"http:\/\/elregionalvm.com.ar\/noticias-villa-maria\/historia-el-extrano-reptil-de-yucat\/#breadcrumb"},"inLanguage":"es","potentialAction":[{"@type":"ReadAction","target":["http:\/\/elregionalvm.com.ar\/noticias-villa-maria\/historia-el-extrano-reptil-de-yucat\/"]}]},{"@type":"ImageObject","inLanguage":"es","@id":"http:\/\/elregionalvm.com.ar\/noticias-villa-maria\/historia-el-extrano-reptil-de-yucat\/#primaryimage","url":"https:\/\/i0.wp.com\/elregionalvm.com.ar\/noticias-villa-maria\/wp-content\/uploads\/2021\/10\/iguana.jpeg?fit=850%2C415&ssl=1","contentUrl":"https:\/\/i0.wp.com\/elregionalvm.com.ar\/noticias-villa-maria\/wp-content\/uploads\/2021\/10\/iguana.jpeg?fit=850%2C415&ssl=1","width":850,"height":415},{"@type":"BreadcrumbList","@id":"http:\/\/elregionalvm.com.ar\/noticias-villa-maria\/historia-el-extrano-reptil-de-yucat\/#breadcrumb","itemListElement":[{"@type":"ListItem","position":1,"name":"Portada","item":"https:\/\/elregionalvm.com.ar\/noticias-villa-maria\/"},{"@type":"ListItem","position":2,"name":"[Historia] El extra\u00f1o reptil de Yucat"}]},{"@type":"WebSite","@id":"http:\/\/elregionalvm.com.ar\/noticias-villa-maria\/#website","url":"http:\/\/elregionalvm.com.ar\/noticias-villa-maria\/","name":"El Regional","description":"Mucho m\u00e1s que informaci\u00f3n","potentialAction":[{"@type":"SearchAction","target":{"@type":"EntryPoint","urlTemplate":"http:\/\/elregionalvm.com.ar\/noticias-villa-maria\/?s={search_term_string}"},"query-input":{"@type":"PropertyValueSpecification","valueRequired":true,"valueName":"search_term_string"}}],"inLanguage":"es"},{"@type":"Person","@id":"http:\/\/elregionalvm.com.ar\/noticias-villa-maria\/#\/schema\/person\/df5ff3f005acf29788aed9cb359f1193","name":"Miguel Andreis","image":{"@type":"ImageObject","inLanguage":"es","@id":"http:\/\/elregionalvm.com.ar\/noticias-villa-maria\/#\/schema\/person\/image\/","url":"https:\/\/secure.gravatar.com\/avatar\/c643381cd03da38327c6407e6886e7182d881f2ecf94a7902ca262c41f9d8884?s=96&d=mm&r=g","contentUrl":"https:\/\/secure.gravatar.com\/avatar\/c643381cd03da38327c6407e6886e7182d881f2ecf94a7902ca262c41f9d8884?s=96&d=mm&r=g","caption":"Miguel Andreis"},"url":"https:\/\/elregionalvm.com.ar\/noticias-villa-maria\/author\/miguelandreis\/"}]}},"jetpack_featured_media_url":"https:\/\/i0.wp.com\/elregionalvm.com.ar\/noticias-villa-maria\/wp-content\/uploads\/2021\/10\/iguana.jpeg?fit=850%2C415&ssl=1","jetpack_sharing_enabled":true,"_links":{"self":[{"href":"https:\/\/elregionalvm.com.ar\/noticias-villa-maria\/wp-json\/wp\/v2\/posts\/47159","targetHints":{"allow":["GET"]}}],"collection":[{"href":"https:\/\/elregionalvm.com.ar\/noticias-villa-maria\/wp-json\/wp\/v2\/posts"}],"about":[{"href":"https:\/\/elregionalvm.com.ar\/noticias-villa-maria\/wp-json\/wp\/v2\/types\/post"}],"author":[{"embeddable":true,"href":"https:\/\/elregionalvm.com.ar\/noticias-villa-maria\/wp-json\/wp\/v2\/users\/5"}],"replies":[{"embeddable":true,"href":"https:\/\/elregionalvm.com.ar\/noticias-villa-maria\/wp-json\/wp\/v2\/comments?post=47159"}],"version-history":[{"count":5,"href":"https:\/\/elregionalvm.com.ar\/noticias-villa-maria\/wp-json\/wp\/v2\/posts\/47159\/revisions"}],"predecessor-version":[{"id":47178,"href":"https:\/\/elregionalvm.com.ar\/noticias-villa-maria\/wp-json\/wp\/v2\/posts\/47159\/revisions\/47178"}],"wp:featuredmedia":[{"embeddable":true,"href":"https:\/\/elregionalvm.com.ar\/noticias-villa-maria\/wp-json\/wp\/v2\/media\/47162"}],"wp:attachment":[{"href":"https:\/\/elregionalvm.com.ar\/noticias-villa-maria\/wp-json\/wp\/v2\/media?parent=47159"}],"wp:term":[{"taxonomy":"category","embeddable":true,"href":"https:\/\/elregionalvm.com.ar\/noticias-villa-maria\/wp-json\/wp\/v2\/categories?post=47159"},{"taxonomy":"post_tag","embeddable":true,"href":"https:\/\/elregionalvm.com.ar\/noticias-villa-maria\/wp-json\/wp\/v2\/tags?post=47159"}],"curies":[{"name":"wp","href":"https:\/\/api.w.org\/{rel}","templated":true}]}}