{"id":47179,"date":"2021-10-26T16:55:17","date_gmt":"2021-10-26T16:55:17","guid":{"rendered":"https:\/\/elregionalvm.com.ar\/noticias-villa-maria\/?p=47179"},"modified":"2021-10-28T12:45:21","modified_gmt":"2021-10-28T12:45:21","slug":"opinion-el-gobierno-en-modo-electoral","status":"publish","type":"post","link":"https:\/\/elregionalvm.com.ar\/noticias-villa-maria\/opinion-el-gobierno-en-modo-electoral\/","title":{"rendered":"[Opini\u00f3n] El Gobierno en modo electoral"},"content":{"rendered":"\n<p><\/p>\n\n\n\n<p><strong>Escribe: Cristina Pablos<\/strong><\/p>\n\n\n\n<p><\/p>\n\n\n\n<p>El gobierno nacional y sobre todo el de la provincia de Bs. As., invadidos por la desesperaci\u00f3n y el atropello, no saben ya qu\u00e9 m\u00e1s medidas tomar, aparte de los subsidios, para revertir el resultado de las PASO, el 14 de noviembre.<\/p>\n\n\n\n<p>Todo puro humo electoral y sarasa que, despu\u00e9s del 15, tendremos que pagar todos los argentinos, aun los que los votaron. Mientras el ministro Berni recorre los canales televisivos haciendo comentarios desfavorables sobre su propio gobierno, trat\u00e1ndolo de \u201ccachivache\u201d, el ministro An\u00edbal Fern\u00e1ndez se dedica a amedrentar a periodistas.<\/p>\n\n\n\n<p>Lo mismo hace CFK quien dijo que los ciudadanos merecemos mejores medios de comunicaci\u00f3n (Y s\u00ed, mejores que C5N y la TVP, seguro). En el mientras tanto, siguen los homicidios, a raz\u00f3n de 1 cada 9 horas. En setiembre hubo 700 piquetes diarios y 4423 en lo que va del 2021.<\/p>\n\n\n\n<p>El gobierno gasta $240.000 millones, el 0,5% del PBI, es decir, $4.000 millones diarios<\/p>\n\n\n\n<p>en asistencialismo. Kicillof prometi\u00f3 a los egresados de su provincia $30.000 para el viaje de egresados (un jubilado gana, por mes, $25.800), para escuelas p\u00fablicas y privadas.<\/p>\n\n\n\n<p>Hete aqu\u00ed que las escuelas p\u00fablicas no tuvieron pr\u00e1cticamente clases, por lo tanto, habr\u00e1 pocos egresados, ergo, les pagar\u00e1 el viaje a los estudiantes de escuelas privadas que s\u00ed se los pueden pagar por s\u00ed mismos y, adem\u00e1s no son, precisamente, sus votantes.<\/p>\n\n\n\n<p>\u00a1Hiciste el negocio de los pelones, Kicillof!, dir\u00eda mi viejo. Adem\u00e1s, regalar\u00e1 $15.000 a j\u00f3venes (y j\u00f3venas) de entre 18 y 25 a\u00f1os para la compra de libros y $5.000 para comprarse lo que quieran.<\/p>\n\n\n\n<p><\/p>\n\n\n\n<figure class=\"wp-block-pullquote\"><blockquote><p>Aun as\u00ed, Argentina tiene la mayor cantidad de pobres de la regi\u00f3n. Las jubilaciones cayeron un 7,4% y el salario m\u00ednimo es de 140 d\u00f3lares. Un d\u00eda muy ventoso, para desafiar al viento que \u201cni \u00e9l ni lo lluvia los paran\u201d (como si la naturaleza eligiera sus enemigos), inauguraron \u00a12 kil\u00f3metros! de ruta.<\/p><\/blockquote><\/figure>\n\n\n\n<p><\/p>\n\n\n\n<p><\/p>\n\n\n\n<figure class=\"wp-block-embed is-type-wp-embed is-provider-el-regional wp-block-embed-el-regional\"><div class=\"wp-block-embed__wrapper\">\n<blockquote class=\"wp-embedded-content\" data-secret=\"Copka03vFr\"><a href=\"https:\/\/elregionalvm.com.ar\/noticias-villa-maria\/opinion-la-pobreza-y-una-argentina-que-duele\/\">[Opini\u00f3n] La pobreza y una Argentina que duele<\/a><\/blockquote><iframe class=\"wp-embedded-content\" sandbox=\"allow-scripts\" security=\"restricted\" style=\"position: absolute; visibility: hidden;\" title=\"\u00ab[Opini\u00f3n] La pobreza y una Argentina que duele\u00bb \u2014 El Regional\" src=\"https:\/\/elregionalvm.com.ar\/noticias-villa-maria\/opinion-la-pobreza-y-una-argentina-que-duele\/embed\/#?secret=QPkB2ecdyF#?secret=Copka03vFr\" data-secret=\"Copka03vFr\" width=\"500\" height=\"282\" frameborder=\"0\" marginwidth=\"0\" marginheight=\"0\" scrolling=\"no\"><\/iframe>\n<\/div><\/figure>\n\n\n\n<p><\/p>\n\n\n\n<p>En Ensenada botaron un barco sin motores, ni h\u00e9lices ni tim\u00f3n. El ministro Felletti, digno alumno de Guillermo Moreno, congel\u00f3, por decreto, el precio de 1432 productos de la canasta familiar entre los que hab\u00eda: 96 bebidas alcoh\u00f3licas, 46 vinos, licores, cervezas, champagnes, cremas antiarrugas, preservativos, etc., sin acordar con los empresarios.<\/p>\n\n\n\n<p>La C\u00e1mara de Comercio anticip\u00f3 que habr\u00e1 desabastecimiento. Prometieron poner preso al que no cumpla, al mejor estilo 1952-1953 y los militantes y sindicalistas saldr\u00e1n a controlar.<\/p>\n\n\n\n<p>La vocera del gobierno, Gabriela Cerrutti, le aconsej\u00f3 al presidente un GPS. Muy interesantes los \u00a13 actos! por el D\u00eda de la Lealtad (\u00bfo deslealtad?) Peronista.<\/p>\n\n\n\n<p>Entre los que asistieron a alguno de ellos, no hab\u00eda l\u00edderes del gobierno, pero s\u00ed energ\u00famenos descerebrados que pisotearon las piedras con los nombres de los 116.000 fallecidos por Covid, en Plaza de Mayo, arrancando las fotos en un verdadero acto de profanaci\u00f3n y salvajismo.<\/p>\n\n\n\n<p>No escuch\u00e9 a ning\u00fan oficialista repudiar esto. Bueno, ah\u00ed tienen: esto es el Peronismo. Ni siquiera les import\u00f3 que en las piedras estuviese el nombre de alguno de los suyos.<\/p>\n\n\n\n<p>Ya veremos, despu\u00e9s del 14 de noviembre, cu\u00e1n \u201ccomprable\u201d es la voluntad de ciertos argentinos y si les qued\u00f3 algo de dignidad.<\/p>\n","protected":false},"excerpt":{"rendered":"<p>Escribe: Cristina Pablos El gobierno nacional y sobre todo el de la provincia de Bs. As., invadidos por la desesperaci\u00f3n y el atropello, no saben ya qu\u00e9 m\u00e1s medidas tomar, aparte de los subsidios, para revertir el resultado de las PASO, el 14 de noviembre. Todo puro humo electoral y sarasa que, despu\u00e9s del 15, [&hellip;]<\/p>\n","protected":false},"author":4,"featured_media":47182,"comment_status":"open","ping_status":"open","sticky":false,"template":"","format":"standard","meta":{"site-sidebar-layout":"default","site-content-layout":"default","ast-site-content-layout":"default","site-content-style":"default","site-sidebar-style":"default","ast-global-header-display":"","ast-banner-title-visibility":"","ast-main-header-display":"","ast-hfb-above-header-display":"","ast-hfb-below-header-display":"","ast-hfb-mobile-header-display":"","site-post-title":"","ast-breadcrumbs-content":"","ast-featured-img":"","footer-sml-layout":"","ast-disable-related-posts":"","theme-transparent-header-meta":"default","adv-header-id-meta":"","stick-header-meta":"","header-above-stick-meta":"","header-main-stick-meta":"","header-below-stick-meta":"","astra-migrate-meta-layouts":"default","ast-page-background-enabled":"default","ast-page-background-meta":{"desktop":{"background-color":"","background-image":"","background-repeat":"repeat","background-position":"center center","background-size":"auto","background-attachment":"scroll","background-type":"","background-media":"","overlay-type":"","overlay-color":"","overlay-opacity":"","overlay-gradient":""},"tablet":{"background-color":"","background-image":"","background-repeat":"repeat","background-position":"center center","background-size":"auto","background-attachment":"scroll","background-type":"","background-media":"","overlay-type":"","overlay-color":"","overlay-opacity":"","overlay-gradient":""},"mobile":{"background-color":"","background-image":"","background-repeat":"repeat","background-position":"center center","background-size":"auto","background-attachment":"scroll","background-type":"","background-media":"","overlay-type":"","overlay-color":"","overlay-opacity":"","overlay-gradient":""}},"ast-content-background-meta":{"desktop":{"background-color":"var(--ast-global-color-5)","background-image":"","background-repeat":"repeat","background-position":"center center","background-size":"auto","background-attachment":"scroll","background-type":"","background-media":"","overlay-type":"","overlay-color":"","overlay-opacity":"","overlay-gradient":""},"tablet":{"background-color":"var(--ast-global-color-5)","background-image":"","background-repeat":"repeat","background-position":"center center","background-size":"auto","background-attachment":"scroll","background-type":"","background-media":"","overlay-type":"","overlay-color":"","overlay-opacity":"","overlay-gradient":""},"mobile":{"background-color":"var(--ast-global-color-5)","background-image":"","background-repeat":"repeat","background-position":"center center","background-size":"auto","background-attachment":"scroll","background-type":"","background-media":"","overlay-type":"","overlay-color":"","overlay-opacity":"","overlay-gradient":""}},"_jetpack_memberships_contains_paid_content":false,"_joinchat":[],"footnotes":""},"categories":[365,3557],"tags":[1594,11597,8252,424,6878,3734,11864,500],"class_list":["post-47179","post","type-post","status-publish","format-standard","has-post-thumbnail","hentry","category-opinion","category-tercera","tag-alberto-fernandez","tag-anibal-fernandez","tag-axel-kicillof","tag-cristina-pablos","tag-elecciones-legislativas","tag-gobierno-nacional","tag-modo-electoral","tag-peronismo"],"yoast_head":"<!-- This site is optimized with the Yoast SEO plugin v26.8 - https:\/\/yoast.com\/product\/yoast-seo-wordpress\/ -->\n<title>[Opini\u00f3n] El Gobierno en modo electoral - El Regional<\/title>\n<meta name=\"description\" content=\"El gobierno nacional y el de la provincia de Bs. As., invadidos por la desesperaci\u00f3n y el atropello, no saben ya qu\u00e9 m\u00e1s medidas tomar.\" \/>\n<meta name=\"robots\" content=\"index, follow, max-snippet:-1, max-image-preview:large, max-video-preview:-1\" \/>\n<link rel=\"canonical\" href=\"http:\/\/elregionalvm.com.ar\/noticias-villa-maria\/opinion-el-gobierno-en-modo-electoral\/\" \/>\n<meta property=\"og:locale\" content=\"es_ES\" \/>\n<meta property=\"og:type\" content=\"article\" \/>\n<meta property=\"og:title\" content=\"[Opini\u00f3n] El Gobierno en modo electoral - El Regional\" \/>\n<meta property=\"og:description\" content=\"El gobierno nacional y el de la provincia de Bs. As., invadidos por la desesperaci\u00f3n y el atropello, no saben ya qu\u00e9 m\u00e1s medidas tomar.\" \/>\n<meta property=\"og:url\" content=\"http:\/\/elregionalvm.com.ar\/noticias-villa-maria\/opinion-el-gobierno-en-modo-electoral\/\" \/>\n<meta property=\"og:site_name\" content=\"El Regional\" \/>\n<meta property=\"article:publisher\" content=\"https:\/\/www.facebook.com\/elregionalvm\" \/>\n<meta property=\"article:published_time\" content=\"2021-10-26T16:55:17+00:00\" \/>\n<meta property=\"article:modified_time\" content=\"2021-10-28T12:45:21+00:00\" \/>\n<meta property=\"og:image\" content=\"http:\/\/elregionalvm.com.ar\/noticias-villa-maria\/wp-content\/uploads\/2021\/10\/alberto-axel-sonrisas-juntos.jpg\" \/>\n\t<meta property=\"og:image:width\" content=\"1140\" \/>\n\t<meta property=\"og:image:height\" content=\"760\" \/>\n\t<meta property=\"og:image:type\" content=\"image\/jpeg\" \/>\n<meta name=\"author\" content=\"Contenidos El Regional\" \/>\n<meta name=\"twitter:card\" content=\"summary_large_image\" \/>\n<meta name=\"twitter:creator\" content=\"@elregionalvm1\" \/>\n<meta name=\"twitter:site\" content=\"@elregionalvm1\" \/>\n<meta name=\"twitter:label1\" content=\"Escrito por\" \/>\n\t<meta name=\"twitter:data1\" content=\"Contenidos El Regional\" \/>\n\t<meta name=\"twitter:label2\" content=\"Tiempo de lectura\" \/>\n\t<meta name=\"twitter:data2\" content=\"3 minutos\" \/>\n<script type=\"application\/ld+json\" class=\"yoast-schema-graph\">{\"@context\":\"https:\/\/schema.org\",\"@graph\":[{\"@type\":\"Article\",\"@id\":\"http:\/\/elregionalvm.com.ar\/noticias-villa-maria\/opinion-el-gobierno-en-modo-electoral\/#article\",\"isPartOf\":{\"@id\":\"http:\/\/elregionalvm.com.ar\/noticias-villa-maria\/opinion-el-gobierno-en-modo-electoral\/\"},\"author\":{\"name\":\"Contenidos El Regional\",\"@id\":\"http:\/\/elregionalvm.com.ar\/noticias-villa-maria\/#\/schema\/person\/a0fb9c422317faca23d50163151bc354\"},\"headline\":\"[Opini\u00f3n] El Gobierno en modo electoral\",\"datePublished\":\"2021-10-26T16:55:17+00:00\",\"dateModified\":\"2021-10-28T12:45:21+00:00\",\"mainEntityOfPage\":{\"@id\":\"http:\/\/elregionalvm.com.ar\/noticias-villa-maria\/opinion-el-gobierno-en-modo-electoral\/\"},\"wordCount\":544,\"commentCount\":0,\"image\":{\"@id\":\"http:\/\/elregionalvm.com.ar\/noticias-villa-maria\/opinion-el-gobierno-en-modo-electoral\/#primaryimage\"},\"thumbnailUrl\":\"https:\/\/i0.wp.com\/elregionalvm.com.ar\/noticias-villa-maria\/wp-content\/uploads\/2021\/10\/alberto-axel-sonrisas-juntos.jpg?fit=1140%2C760&ssl=1\",\"keywords\":[\"Alberto Fern\u00e1ndez\",\"An\u00edbal Fern\u00e1ndez\",\"Axel Kicillof\",\"Cristina Pablos\",\"Elecciones legislativas\",\"Gobierno Nacional\",\"modo electoral\",\"Peronismo\"],\"articleSection\":[\"Opini\u00f3n\",\"tercera\"],\"inLanguage\":\"es\",\"potentialAction\":[{\"@type\":\"CommentAction\",\"name\":\"Comment\",\"target\":[\"http:\/\/elregionalvm.com.ar\/noticias-villa-maria\/opinion-el-gobierno-en-modo-electoral\/#respond\"]}]},{\"@type\":\"WebPage\",\"@id\":\"http:\/\/elregionalvm.com.ar\/noticias-villa-maria\/opinion-el-gobierno-en-modo-electoral\/\",\"url\":\"http:\/\/elregionalvm.com.ar\/noticias-villa-maria\/opinion-el-gobierno-en-modo-electoral\/\",\"name\":\"[Opini\u00f3n] El Gobierno en modo electoral - El Regional\",\"isPartOf\":{\"@id\":\"http:\/\/elregionalvm.com.ar\/noticias-villa-maria\/#website\"},\"primaryImageOfPage\":{\"@id\":\"http:\/\/elregionalvm.com.ar\/noticias-villa-maria\/opinion-el-gobierno-en-modo-electoral\/#primaryimage\"},\"image\":{\"@id\":\"http:\/\/elregionalvm.com.ar\/noticias-villa-maria\/opinion-el-gobierno-en-modo-electoral\/#primaryimage\"},\"thumbnailUrl\":\"https:\/\/i0.wp.com\/elregionalvm.com.ar\/noticias-villa-maria\/wp-content\/uploads\/2021\/10\/alberto-axel-sonrisas-juntos.jpg?fit=1140%2C760&ssl=1\",\"datePublished\":\"2021-10-26T16:55:17+00:00\",\"dateModified\":\"2021-10-28T12:45:21+00:00\",\"author\":{\"@id\":\"http:\/\/elregionalvm.com.ar\/noticias-villa-maria\/#\/schema\/person\/a0fb9c422317faca23d50163151bc354\"},\"description\":\"El gobierno nacional y el de la provincia de Bs. As., invadidos por la desesperaci\u00f3n y el atropello, no saben ya qu\u00e9 m\u00e1s medidas tomar.\",\"breadcrumb\":{\"@id\":\"http:\/\/elregionalvm.com.ar\/noticias-villa-maria\/opinion-el-gobierno-en-modo-electoral\/#breadcrumb\"},\"inLanguage\":\"es\",\"potentialAction\":[{\"@type\":\"ReadAction\",\"target\":[\"http:\/\/elregionalvm.com.ar\/noticias-villa-maria\/opinion-el-gobierno-en-modo-electoral\/\"]}]},{\"@type\":\"ImageObject\",\"inLanguage\":\"es\",\"@id\":\"http:\/\/elregionalvm.com.ar\/noticias-villa-maria\/opinion-el-gobierno-en-modo-electoral\/#primaryimage\",\"url\":\"https:\/\/i0.wp.com\/elregionalvm.com.ar\/noticias-villa-maria\/wp-content\/uploads\/2021\/10\/alberto-axel-sonrisas-juntos.jpg?fit=1140%2C760&ssl=1\",\"contentUrl\":\"https:\/\/i0.wp.com\/elregionalvm.com.ar\/noticias-villa-maria\/wp-content\/uploads\/2021\/10\/alberto-axel-sonrisas-juntos.jpg?fit=1140%2C760&ssl=1\",\"width\":1140,\"height\":760},{\"@type\":\"BreadcrumbList\",\"@id\":\"http:\/\/elregionalvm.com.ar\/noticias-villa-maria\/opinion-el-gobierno-en-modo-electoral\/#breadcrumb\",\"itemListElement\":[{\"@type\":\"ListItem\",\"position\":1,\"name\":\"Portada\",\"item\":\"https:\/\/elregionalvm.com.ar\/noticias-villa-maria\/\"},{\"@type\":\"ListItem\",\"position\":2,\"name\":\"[Opini\u00f3n] El Gobierno en modo electoral\"}]},{\"@type\":\"WebSite\",\"@id\":\"http:\/\/elregionalvm.com.ar\/noticias-villa-maria\/#website\",\"url\":\"http:\/\/elregionalvm.com.ar\/noticias-villa-maria\/\",\"name\":\"El Regional\",\"description\":\"Mucho m\u00e1s que informaci\u00f3n\",\"potentialAction\":[{\"@type\":\"SearchAction\",\"target\":{\"@type\":\"EntryPoint\",\"urlTemplate\":\"http:\/\/elregionalvm.com.ar\/noticias-villa-maria\/?s={search_term_string}\"},\"query-input\":{\"@type\":\"PropertyValueSpecification\",\"valueRequired\":true,\"valueName\":\"search_term_string\"}}],\"inLanguage\":\"es\"},{\"@type\":\"Person\",\"@id\":\"http:\/\/elregionalvm.com.ar\/noticias-villa-maria\/#\/schema\/person\/a0fb9c422317faca23d50163151bc354\",\"name\":\"Contenidos El Regional\",\"image\":{\"@type\":\"ImageObject\",\"inLanguage\":\"es\",\"@id\":\"http:\/\/elregionalvm.com.ar\/noticias-villa-maria\/#\/schema\/person\/image\/\",\"url\":\"https:\/\/secure.gravatar.com\/avatar\/265b27cb2209af7bb3a1318f03305787d7981a5cc6e6cd08fe5a4ecdf99d4b48?s=96&d=mm&r=g\",\"contentUrl\":\"https:\/\/secure.gravatar.com\/avatar\/265b27cb2209af7bb3a1318f03305787d7981a5cc6e6cd08fe5a4ecdf99d4b48?s=96&d=mm&r=g\",\"caption\":\"Contenidos El Regional\"},\"url\":\"https:\/\/elregionalvm.com.ar\/noticias-villa-maria\/author\/contenido\/\"}]}<\/script>\n<!-- \/ Yoast SEO plugin. -->","yoast_head_json":{"title":"[Opini\u00f3n] El Gobierno en modo electoral - El Regional","description":"El gobierno nacional y el de la provincia de Bs. As., invadidos por la desesperaci\u00f3n y el atropello, no saben ya qu\u00e9 m\u00e1s medidas tomar.","robots":{"index":"index","follow":"follow","max-snippet":"max-snippet:-1","max-image-preview":"max-image-preview:large","max-video-preview":"max-video-preview:-1"},"canonical":"http:\/\/elregionalvm.com.ar\/noticias-villa-maria\/opinion-el-gobierno-en-modo-electoral\/","og_locale":"es_ES","og_type":"article","og_title":"[Opini\u00f3n] El Gobierno en modo electoral - El Regional","og_description":"El gobierno nacional y el de la provincia de Bs. As., invadidos por la desesperaci\u00f3n y el atropello, no saben ya qu\u00e9 m\u00e1s medidas tomar.","og_url":"http:\/\/elregionalvm.com.ar\/noticias-villa-maria\/opinion-el-gobierno-en-modo-electoral\/","og_site_name":"El Regional","article_publisher":"https:\/\/www.facebook.com\/elregionalvm","article_published_time":"2021-10-26T16:55:17+00:00","article_modified_time":"2021-10-28T12:45:21+00:00","og_image":[{"width":1140,"height":760,"url":"http:\/\/elregionalvm.com.ar\/noticias-villa-maria\/wp-content\/uploads\/2021\/10\/alberto-axel-sonrisas-juntos.jpg","type":"image\/jpeg"}],"author":"Contenidos El Regional","twitter_card":"summary_large_image","twitter_creator":"@elregionalvm1","twitter_site":"@elregionalvm1","twitter_misc":{"Escrito por":"Contenidos El Regional","Tiempo de lectura":"3 minutos"},"schema":{"@context":"https:\/\/schema.org","@graph":[{"@type":"Article","@id":"http:\/\/elregionalvm.com.ar\/noticias-villa-maria\/opinion-el-gobierno-en-modo-electoral\/#article","isPartOf":{"@id":"http:\/\/elregionalvm.com.ar\/noticias-villa-maria\/opinion-el-gobierno-en-modo-electoral\/"},"author":{"name":"Contenidos El Regional","@id":"http:\/\/elregionalvm.com.ar\/noticias-villa-maria\/#\/schema\/person\/a0fb9c422317faca23d50163151bc354"},"headline":"[Opini\u00f3n] El Gobierno en modo electoral","datePublished":"2021-10-26T16:55:17+00:00","dateModified":"2021-10-28T12:45:21+00:00","mainEntityOfPage":{"@id":"http:\/\/elregionalvm.com.ar\/noticias-villa-maria\/opinion-el-gobierno-en-modo-electoral\/"},"wordCount":544,"commentCount":0,"image":{"@id":"http:\/\/elregionalvm.com.ar\/noticias-villa-maria\/opinion-el-gobierno-en-modo-electoral\/#primaryimage"},"thumbnailUrl":"https:\/\/i0.wp.com\/elregionalvm.com.ar\/noticias-villa-maria\/wp-content\/uploads\/2021\/10\/alberto-axel-sonrisas-juntos.jpg?fit=1140%2C760&ssl=1","keywords":["Alberto Fern\u00e1ndez","An\u00edbal Fern\u00e1ndez","Axel Kicillof","Cristina Pablos","Elecciones legislativas","Gobierno Nacional","modo electoral","Peronismo"],"articleSection":["Opini\u00f3n","tercera"],"inLanguage":"es","potentialAction":[{"@type":"CommentAction","name":"Comment","target":["http:\/\/elregionalvm.com.ar\/noticias-villa-maria\/opinion-el-gobierno-en-modo-electoral\/#respond"]}]},{"@type":"WebPage","@id":"http:\/\/elregionalvm.com.ar\/noticias-villa-maria\/opinion-el-gobierno-en-modo-electoral\/","url":"http:\/\/elregionalvm.com.ar\/noticias-villa-maria\/opinion-el-gobierno-en-modo-electoral\/","name":"[Opini\u00f3n] El Gobierno en modo electoral - El Regional","isPartOf":{"@id":"http:\/\/elregionalvm.com.ar\/noticias-villa-maria\/#website"},"primaryImageOfPage":{"@id":"http:\/\/elregionalvm.com.ar\/noticias-villa-maria\/opinion-el-gobierno-en-modo-electoral\/#primaryimage"},"image":{"@id":"http:\/\/elregionalvm.com.ar\/noticias-villa-maria\/opinion-el-gobierno-en-modo-electoral\/#primaryimage"},"thumbnailUrl":"https:\/\/i0.wp.com\/elregionalvm.com.ar\/noticias-villa-maria\/wp-content\/uploads\/2021\/10\/alberto-axel-sonrisas-juntos.jpg?fit=1140%2C760&ssl=1","datePublished":"2021-10-26T16:55:17+00:00","dateModified":"2021-10-28T12:45:21+00:00","author":{"@id":"http:\/\/elregionalvm.com.ar\/noticias-villa-maria\/#\/schema\/person\/a0fb9c422317faca23d50163151bc354"},"description":"El gobierno nacional y el de la provincia de Bs. As., invadidos por la desesperaci\u00f3n y el atropello, no saben ya qu\u00e9 m\u00e1s medidas tomar.","breadcrumb":{"@id":"http:\/\/elregionalvm.com.ar\/noticias-villa-maria\/opinion-el-gobierno-en-modo-electoral\/#breadcrumb"},"inLanguage":"es","potentialAction":[{"@type":"ReadAction","target":["http:\/\/elregionalvm.com.ar\/noticias-villa-maria\/opinion-el-gobierno-en-modo-electoral\/"]}]},{"@type":"ImageObject","inLanguage":"es","@id":"http:\/\/elregionalvm.com.ar\/noticias-villa-maria\/opinion-el-gobierno-en-modo-electoral\/#primaryimage","url":"https:\/\/i0.wp.com\/elregionalvm.com.ar\/noticias-villa-maria\/wp-content\/uploads\/2021\/10\/alberto-axel-sonrisas-juntos.jpg?fit=1140%2C760&ssl=1","contentUrl":"https:\/\/i0.wp.com\/elregionalvm.com.ar\/noticias-villa-maria\/wp-content\/uploads\/2021\/10\/alberto-axel-sonrisas-juntos.jpg?fit=1140%2C760&ssl=1","width":1140,"height":760},{"@type":"BreadcrumbList","@id":"http:\/\/elregionalvm.com.ar\/noticias-villa-maria\/opinion-el-gobierno-en-modo-electoral\/#breadcrumb","itemListElement":[{"@type":"ListItem","position":1,"name":"Portada","item":"https:\/\/elregionalvm.com.ar\/noticias-villa-maria\/"},{"@type":"ListItem","position":2,"name":"[Opini\u00f3n] El Gobierno en modo electoral"}]},{"@type":"WebSite","@id":"http:\/\/elregionalvm.com.ar\/noticias-villa-maria\/#website","url":"http:\/\/elregionalvm.com.ar\/noticias-villa-maria\/","name":"El Regional","description":"Mucho m\u00e1s que informaci\u00f3n","potentialAction":[{"@type":"SearchAction","target":{"@type":"EntryPoint","urlTemplate":"http:\/\/elregionalvm.com.ar\/noticias-villa-maria\/?s={search_term_string}"},"query-input":{"@type":"PropertyValueSpecification","valueRequired":true,"valueName":"search_term_string"}}],"inLanguage":"es"},{"@type":"Person","@id":"http:\/\/elregionalvm.com.ar\/noticias-villa-maria\/#\/schema\/person\/a0fb9c422317faca23d50163151bc354","name":"Contenidos El Regional","image":{"@type":"ImageObject","inLanguage":"es","@id":"http:\/\/elregionalvm.com.ar\/noticias-villa-maria\/#\/schema\/person\/image\/","url":"https:\/\/secure.gravatar.com\/avatar\/265b27cb2209af7bb3a1318f03305787d7981a5cc6e6cd08fe5a4ecdf99d4b48?s=96&d=mm&r=g","contentUrl":"https:\/\/secure.gravatar.com\/avatar\/265b27cb2209af7bb3a1318f03305787d7981a5cc6e6cd08fe5a4ecdf99d4b48?s=96&d=mm&r=g","caption":"Contenidos El Regional"},"url":"https:\/\/elregionalvm.com.ar\/noticias-villa-maria\/author\/contenido\/"}]}},"jetpack_featured_media_url":"https:\/\/i0.wp.com\/elregionalvm.com.ar\/noticias-villa-maria\/wp-content\/uploads\/2021\/10\/alberto-axel-sonrisas-juntos.jpg?fit=1140%2C760&ssl=1","jetpack_sharing_enabled":true,"_links":{"self":[{"href":"https:\/\/elregionalvm.com.ar\/noticias-villa-maria\/wp-json\/wp\/v2\/posts\/47179","targetHints":{"allow":["GET"]}}],"collection":[{"href":"https:\/\/elregionalvm.com.ar\/noticias-villa-maria\/wp-json\/wp\/v2\/posts"}],"about":[{"href":"https:\/\/elregionalvm.com.ar\/noticias-villa-maria\/wp-json\/wp\/v2\/types\/post"}],"author":[{"embeddable":true,"href":"https:\/\/elregionalvm.com.ar\/noticias-villa-maria\/wp-json\/wp\/v2\/users\/4"}],"replies":[{"embeddable":true,"href":"https:\/\/elregionalvm.com.ar\/noticias-villa-maria\/wp-json\/wp\/v2\/comments?post=47179"}],"version-history":[{"count":3,"href":"https:\/\/elregionalvm.com.ar\/noticias-villa-maria\/wp-json\/wp\/v2\/posts\/47179\/revisions"}],"predecessor-version":[{"id":47184,"href":"https:\/\/elregionalvm.com.ar\/noticias-villa-maria\/wp-json\/wp\/v2\/posts\/47179\/revisions\/47184"}],"wp:featuredmedia":[{"embeddable":true,"href":"https:\/\/elregionalvm.com.ar\/noticias-villa-maria\/wp-json\/wp\/v2\/media\/47182"}],"wp:attachment":[{"href":"https:\/\/elregionalvm.com.ar\/noticias-villa-maria\/wp-json\/wp\/v2\/media?parent=47179"}],"wp:term":[{"taxonomy":"category","embeddable":true,"href":"https:\/\/elregionalvm.com.ar\/noticias-villa-maria\/wp-json\/wp\/v2\/categories?post=47179"},{"taxonomy":"post_tag","embeddable":true,"href":"https:\/\/elregionalvm.com.ar\/noticias-villa-maria\/wp-json\/wp\/v2\/tags?post=47179"}],"curies":[{"name":"wp","href":"https:\/\/api.w.org\/{rel}","templated":true}]}}