{"id":47198,"date":"2021-10-26T21:07:56","date_gmt":"2021-10-26T21:07:56","guid":{"rendered":"https:\/\/elregionalvm.com.ar\/noticias-villa-maria\/?p=47198"},"modified":"2021-10-26T21:17:31","modified_gmt":"2021-10-26T21:17:31","slug":"se-quemaron-185-hectareas-de-rastrojo-y-trigo-en-pie","status":"publish","type":"post","link":"https:\/\/elregionalvm.com.ar\/noticias-villa-maria\/se-quemaron-185-hectareas-de-rastrojo-y-trigo-en-pie\/","title":{"rendered":"Se quemaron 185 hect\u00e1reas de rastrojo y trigo en pie"},"content":{"rendered":"\n<p>El Jefe de Bomberos Voluntarios de Villa Mar\u00eda, Gustavo Nicola, destac\u00f3 que a ra\u00edz del incendio desatado alrededor de las 14.00 de este martes, entre Villa Mar\u00eda y Arroyo Algod\u00f3n, se quemaron unas 185 hect\u00e1reas de rastrojo y trigo en pie. Se desconocen las causas del inicio del fuego.<\/p>\n\n\n\n<p>Esta vez nuestra zona no fue ajena a los incendios tan temibles, ya que nos encontramos en alerta m\u00e1xima como consecuencia de las altas temperaturas, viento y algo de sequ\u00eda en ciertos sectores.<\/p>\n\n\n\n<p>En nuestra regi\u00f3n debieron actuar unos 60 bomberos en total, tanto de nuestra ciudad, como T\u00edo Pujio, Arroyo Algod\u00f3n y Villa Nueva, con sus respectivas unidades de apoyo.<\/p>\n\n\n\n<p>Con el viento del norte, el olor a humo se siente en varios sectores de la ciudad de Villa Mar\u00eda a\u00fan; el calor es sofocante, ya que la m\u00e1xima lleg\u00f3 en la ciudad a 39,2 grados cent\u00edgrados, entre las 14.00 y las 16.00.<\/p>\n","protected":false},"excerpt":{"rendered":"<p>El Jefe de Bomberos Voluntarios de Villa Mar\u00eda, Gustavo Nicola, destac\u00f3 que a ra\u00edz del incendio desatado alrededor de las 14.00 de este martes, entre Villa Mar\u00eda y Arroyo Algod\u00f3n, se quemaron unas 185 hect\u00e1reas de rastrojo y trigo en pie. Se desconocen las causas del inicio del fuego. Esta vez nuestra zona no fue [&hellip;]<\/p>\n","protected":false},"author":4,"featured_media":47199,"comment_status":"open","ping_status":"open","sticky":false,"template":"","format":"standard","meta":{"site-sidebar-layout":"default","site-content-layout":"default","ast-site-content-layout":"default","site-content-style":"default","site-sidebar-style":"default","ast-global-header-display":"","ast-banner-title-visibility":"","ast-main-header-display":"","ast-hfb-above-header-display":"","ast-hfb-below-header-display":"","ast-hfb-mobile-header-display":"","site-post-title":"","ast-breadcrumbs-content":"","ast-featured-img":"","footer-sml-layout":"","ast-disable-related-posts":"","theme-transparent-header-meta":"default","adv-header-id-meta":"","stick-header-meta":"","header-above-stick-meta":"","header-main-stick-meta":"","header-below-stick-meta":"","astra-migrate-meta-layouts":"default","ast-page-background-enabled":"default","ast-page-background-meta":{"desktop":{"background-color":"","background-image":"","background-repeat":"repeat","background-position":"center center","background-size":"auto","background-attachment":"scroll","background-type":"","background-media":"","overlay-type":"","overlay-color":"","overlay-opacity":"","overlay-gradient":""},"tablet":{"background-color":"","background-image":"","background-repeat":"repeat","background-position":"center center","background-size":"auto","background-attachment":"scroll","background-type":"","background-media":"","overlay-type":"","overlay-color":"","overlay-opacity":"","overlay-gradient":""},"mobile":{"background-color":"","background-image":"","background-repeat":"repeat","background-position":"center center","background-size":"auto","background-attachment":"scroll","background-type":"","background-media":"","overlay-type":"","overlay-color":"","overlay-opacity":"","overlay-gradient":""}},"ast-content-background-meta":{"desktop":{"background-color":"var(--ast-global-color-5)","background-image":"","background-repeat":"repeat","background-position":"center center","background-size":"auto","background-attachment":"scroll","background-type":"","background-media":"","overlay-type":"","overlay-color":"","overlay-opacity":"","overlay-gradient":""},"tablet":{"background-color":"var(--ast-global-color-5)","background-image":"","background-repeat":"repeat","background-position":"center center","background-size":"auto","background-attachment":"scroll","background-type":"","background-media":"","overlay-type":"","overlay-color":"","overlay-opacity":"","overlay-gradient":""},"mobile":{"background-color":"var(--ast-global-color-5)","background-image":"","background-repeat":"repeat","background-position":"center center","background-size":"auto","background-attachment":"scroll","background-type":"","background-media":"","overlay-type":"","overlay-color":"","overlay-opacity":"","overlay-gradient":""}},"_jetpack_memberships_contains_paid_content":false,"_joinchat":[],"footnotes":""},"categories":[2],"tags":[128,1232,11871,11872,2248],"class_list":["post-47198","post","type-post","status-publish","format-standard","has-post-thumbnail","hentry","category-villa-maria","tag-arroyo-algodon","tag-destacado","tag-incendio-de-pastizales","tag-rastrojo-y-trigo-en-pie","tag-villa-maria-2"],"yoast_head":"<!-- This site is optimized with the Yoast SEO plugin v26.8 - https:\/\/yoast.com\/product\/yoast-seo-wordpress\/ -->\n<title>Se quemaron 185 hect\u00e1reas de rastrojo y trigo en pie - El Regional<\/title>\n<meta name=\"robots\" content=\"index, follow, max-snippet:-1, max-image-preview:large, max-video-preview:-1\" \/>\n<link rel=\"canonical\" href=\"http:\/\/elregionalvm.com.ar\/noticias-villa-maria\/se-quemaron-185-hectareas-de-rastrojo-y-trigo-en-pie\/\" \/>\n<meta property=\"og:locale\" content=\"es_ES\" \/>\n<meta property=\"og:type\" content=\"article\" \/>\n<meta property=\"og:title\" content=\"Se quemaron 185 hect\u00e1reas de rastrojo y trigo en pie - El Regional\" \/>\n<meta property=\"og:description\" content=\"El Jefe de Bomberos Voluntarios de Villa Mar\u00eda, Gustavo Nicola, destac\u00f3 que a ra\u00edz del incendio desatado alrededor de las 14.00 de este martes, entre Villa Mar\u00eda y Arroyo Algod\u00f3n, se quemaron unas 185 hect\u00e1reas de rastrojo y trigo en pie. Se desconocen las causas del inicio del fuego. Esta vez nuestra zona no fue [&hellip;]\" \/>\n<meta property=\"og:url\" content=\"http:\/\/elregionalvm.com.ar\/noticias-villa-maria\/se-quemaron-185-hectareas-de-rastrojo-y-trigo-en-pie\/\" \/>\n<meta property=\"og:site_name\" content=\"El Regional\" \/>\n<meta property=\"article:publisher\" content=\"https:\/\/www.facebook.com\/elregionalvm\" \/>\n<meta property=\"article:published_time\" content=\"2021-10-26T21:07:56+00:00\" \/>\n<meta property=\"article:modified_time\" content=\"2021-10-26T21:17:31+00:00\" \/>\n<meta property=\"og:image\" content=\"http:\/\/elregionalvm.com.ar\/noticias-villa-maria\/wp-content\/uploads\/2021\/10\/incendios.png\" \/>\n\t<meta property=\"og:image:width\" content=\"464\" \/>\n\t<meta property=\"og:image:height\" content=\"498\" \/>\n\t<meta property=\"og:image:type\" content=\"image\/png\" \/>\n<meta name=\"author\" content=\"Contenidos El Regional\" \/>\n<meta name=\"twitter:card\" content=\"summary_large_image\" \/>\n<meta name=\"twitter:creator\" content=\"@elregionalvm1\" \/>\n<meta name=\"twitter:site\" content=\"@elregionalvm1\" \/>\n<meta name=\"twitter:label1\" content=\"Escrito por\" \/>\n\t<meta name=\"twitter:data1\" content=\"Contenidos El Regional\" \/>\n\t<meta name=\"twitter:label2\" content=\"Tiempo de lectura\" \/>\n\t<meta name=\"twitter:data2\" content=\"1 minuto\" \/>\n<script type=\"application\/ld+json\" class=\"yoast-schema-graph\">{\"@context\":\"https:\/\/schema.org\",\"@graph\":[{\"@type\":\"Article\",\"@id\":\"http:\/\/elregionalvm.com.ar\/noticias-villa-maria\/se-quemaron-185-hectareas-de-rastrojo-y-trigo-en-pie\/#article\",\"isPartOf\":{\"@id\":\"http:\/\/elregionalvm.com.ar\/noticias-villa-maria\/se-quemaron-185-hectareas-de-rastrojo-y-trigo-en-pie\/\"},\"author\":{\"name\":\"Contenidos El Regional\",\"@id\":\"http:\/\/elregionalvm.com.ar\/noticias-villa-maria\/#\/schema\/person\/a0fb9c422317faca23d50163151bc354\"},\"headline\":\"Se quemaron 185 hect\u00e1reas de rastrojo y trigo en pie\",\"datePublished\":\"2021-10-26T21:07:56+00:00\",\"dateModified\":\"2021-10-26T21:17:31+00:00\",\"mainEntityOfPage\":{\"@id\":\"http:\/\/elregionalvm.com.ar\/noticias-villa-maria\/se-quemaron-185-hectareas-de-rastrojo-y-trigo-en-pie\/\"},\"wordCount\":171,\"commentCount\":0,\"image\":{\"@id\":\"http:\/\/elregionalvm.com.ar\/noticias-villa-maria\/se-quemaron-185-hectareas-de-rastrojo-y-trigo-en-pie\/#primaryimage\"},\"thumbnailUrl\":\"https:\/\/i0.wp.com\/elregionalvm.com.ar\/noticias-villa-maria\/wp-content\/uploads\/2021\/10\/incendios.png?fit=464%2C498&ssl=1\",\"keywords\":[\"Arroyo Algod\u00f3n\",\"destacado\",\"incendio de pastizales\",\"rastrojo y trigo en pie\",\"Villa Mar\u00eda\"],\"articleSection\":[\"Villa Mar\u00eda\"],\"inLanguage\":\"es\",\"potentialAction\":[{\"@type\":\"CommentAction\",\"name\":\"Comment\",\"target\":[\"http:\/\/elregionalvm.com.ar\/noticias-villa-maria\/se-quemaron-185-hectareas-de-rastrojo-y-trigo-en-pie\/#respond\"]}]},{\"@type\":\"WebPage\",\"@id\":\"http:\/\/elregionalvm.com.ar\/noticias-villa-maria\/se-quemaron-185-hectareas-de-rastrojo-y-trigo-en-pie\/\",\"url\":\"http:\/\/elregionalvm.com.ar\/noticias-villa-maria\/se-quemaron-185-hectareas-de-rastrojo-y-trigo-en-pie\/\",\"name\":\"Se quemaron 185 hect\u00e1reas de rastrojo y trigo en pie - El Regional\",\"isPartOf\":{\"@id\":\"http:\/\/elregionalvm.com.ar\/noticias-villa-maria\/#website\"},\"primaryImageOfPage\":{\"@id\":\"http:\/\/elregionalvm.com.ar\/noticias-villa-maria\/se-quemaron-185-hectareas-de-rastrojo-y-trigo-en-pie\/#primaryimage\"},\"image\":{\"@id\":\"http:\/\/elregionalvm.com.ar\/noticias-villa-maria\/se-quemaron-185-hectareas-de-rastrojo-y-trigo-en-pie\/#primaryimage\"},\"thumbnailUrl\":\"https:\/\/i0.wp.com\/elregionalvm.com.ar\/noticias-villa-maria\/wp-content\/uploads\/2021\/10\/incendios.png?fit=464%2C498&ssl=1\",\"datePublished\":\"2021-10-26T21:07:56+00:00\",\"dateModified\":\"2021-10-26T21:17:31+00:00\",\"author\":{\"@id\":\"http:\/\/elregionalvm.com.ar\/noticias-villa-maria\/#\/schema\/person\/a0fb9c422317faca23d50163151bc354\"},\"breadcrumb\":{\"@id\":\"http:\/\/elregionalvm.com.ar\/noticias-villa-maria\/se-quemaron-185-hectareas-de-rastrojo-y-trigo-en-pie\/#breadcrumb\"},\"inLanguage\":\"es\",\"potentialAction\":[{\"@type\":\"ReadAction\",\"target\":[\"http:\/\/elregionalvm.com.ar\/noticias-villa-maria\/se-quemaron-185-hectareas-de-rastrojo-y-trigo-en-pie\/\"]}]},{\"@type\":\"ImageObject\",\"inLanguage\":\"es\",\"@id\":\"http:\/\/elregionalvm.com.ar\/noticias-villa-maria\/se-quemaron-185-hectareas-de-rastrojo-y-trigo-en-pie\/#primaryimage\",\"url\":\"https:\/\/i0.wp.com\/elregionalvm.com.ar\/noticias-villa-maria\/wp-content\/uploads\/2021\/10\/incendios.png?fit=464%2C498&ssl=1\",\"contentUrl\":\"https:\/\/i0.wp.com\/elregionalvm.com.ar\/noticias-villa-maria\/wp-content\/uploads\/2021\/10\/incendios.png?fit=464%2C498&ssl=1\",\"width\":464,\"height\":498},{\"@type\":\"BreadcrumbList\",\"@id\":\"http:\/\/elregionalvm.com.ar\/noticias-villa-maria\/se-quemaron-185-hectareas-de-rastrojo-y-trigo-en-pie\/#breadcrumb\",\"itemListElement\":[{\"@type\":\"ListItem\",\"position\":1,\"name\":\"Portada\",\"item\":\"https:\/\/elregionalvm.com.ar\/noticias-villa-maria\/\"},{\"@type\":\"ListItem\",\"position\":2,\"name\":\"Se quemaron 185 hect\u00e1reas de rastrojo y trigo en pie\"}]},{\"@type\":\"WebSite\",\"@id\":\"http:\/\/elregionalvm.com.ar\/noticias-villa-maria\/#website\",\"url\":\"http:\/\/elregionalvm.com.ar\/noticias-villa-maria\/\",\"name\":\"El Regional\",\"description\":\"Mucho m\u00e1s que informaci\u00f3n\",\"potentialAction\":[{\"@type\":\"SearchAction\",\"target\":{\"@type\":\"EntryPoint\",\"urlTemplate\":\"http:\/\/elregionalvm.com.ar\/noticias-villa-maria\/?s={search_term_string}\"},\"query-input\":{\"@type\":\"PropertyValueSpecification\",\"valueRequired\":true,\"valueName\":\"search_term_string\"}}],\"inLanguage\":\"es\"},{\"@type\":\"Person\",\"@id\":\"http:\/\/elregionalvm.com.ar\/noticias-villa-maria\/#\/schema\/person\/a0fb9c422317faca23d50163151bc354\",\"name\":\"Contenidos El Regional\",\"image\":{\"@type\":\"ImageObject\",\"inLanguage\":\"es\",\"@id\":\"http:\/\/elregionalvm.com.ar\/noticias-villa-maria\/#\/schema\/person\/image\/\",\"url\":\"https:\/\/secure.gravatar.com\/avatar\/265b27cb2209af7bb3a1318f03305787d7981a5cc6e6cd08fe5a4ecdf99d4b48?s=96&d=mm&r=g\",\"contentUrl\":\"https:\/\/secure.gravatar.com\/avatar\/265b27cb2209af7bb3a1318f03305787d7981a5cc6e6cd08fe5a4ecdf99d4b48?s=96&d=mm&r=g\",\"caption\":\"Contenidos El Regional\"},\"url\":\"https:\/\/elregionalvm.com.ar\/noticias-villa-maria\/author\/contenido\/\"}]}<\/script>\n<!-- \/ Yoast SEO plugin. -->","yoast_head_json":{"title":"Se quemaron 185 hect\u00e1reas de rastrojo y trigo en pie - El Regional","robots":{"index":"index","follow":"follow","max-snippet":"max-snippet:-1","max-image-preview":"max-image-preview:large","max-video-preview":"max-video-preview:-1"},"canonical":"http:\/\/elregionalvm.com.ar\/noticias-villa-maria\/se-quemaron-185-hectareas-de-rastrojo-y-trigo-en-pie\/","og_locale":"es_ES","og_type":"article","og_title":"Se quemaron 185 hect\u00e1reas de rastrojo y trigo en pie - El Regional","og_description":"El Jefe de Bomberos Voluntarios de Villa Mar\u00eda, Gustavo Nicola, destac\u00f3 que a ra\u00edz del incendio desatado alrededor de las 14.00 de este martes, entre Villa Mar\u00eda y Arroyo Algod\u00f3n, se quemaron unas 185 hect\u00e1reas de rastrojo y trigo en pie. Se desconocen las causas del inicio del fuego. Esta vez nuestra zona no fue [&hellip;]","og_url":"http:\/\/elregionalvm.com.ar\/noticias-villa-maria\/se-quemaron-185-hectareas-de-rastrojo-y-trigo-en-pie\/","og_site_name":"El Regional","article_publisher":"https:\/\/www.facebook.com\/elregionalvm","article_published_time":"2021-10-26T21:07:56+00:00","article_modified_time":"2021-10-26T21:17:31+00:00","og_image":[{"width":464,"height":498,"url":"http:\/\/elregionalvm.com.ar\/noticias-villa-maria\/wp-content\/uploads\/2021\/10\/incendios.png","type":"image\/png"}],"author":"Contenidos El Regional","twitter_card":"summary_large_image","twitter_creator":"@elregionalvm1","twitter_site":"@elregionalvm1","twitter_misc":{"Escrito por":"Contenidos El Regional","Tiempo de lectura":"1 minuto"},"schema":{"@context":"https:\/\/schema.org","@graph":[{"@type":"Article","@id":"http:\/\/elregionalvm.com.ar\/noticias-villa-maria\/se-quemaron-185-hectareas-de-rastrojo-y-trigo-en-pie\/#article","isPartOf":{"@id":"http:\/\/elregionalvm.com.ar\/noticias-villa-maria\/se-quemaron-185-hectareas-de-rastrojo-y-trigo-en-pie\/"},"author":{"name":"Contenidos El Regional","@id":"http:\/\/elregionalvm.com.ar\/noticias-villa-maria\/#\/schema\/person\/a0fb9c422317faca23d50163151bc354"},"headline":"Se quemaron 185 hect\u00e1reas de rastrojo y trigo en pie","datePublished":"2021-10-26T21:07:56+00:00","dateModified":"2021-10-26T21:17:31+00:00","mainEntityOfPage":{"@id":"http:\/\/elregionalvm.com.ar\/noticias-villa-maria\/se-quemaron-185-hectareas-de-rastrojo-y-trigo-en-pie\/"},"wordCount":171,"commentCount":0,"image":{"@id":"http:\/\/elregionalvm.com.ar\/noticias-villa-maria\/se-quemaron-185-hectareas-de-rastrojo-y-trigo-en-pie\/#primaryimage"},"thumbnailUrl":"https:\/\/i0.wp.com\/elregionalvm.com.ar\/noticias-villa-maria\/wp-content\/uploads\/2021\/10\/incendios.png?fit=464%2C498&ssl=1","keywords":["Arroyo Algod\u00f3n","destacado","incendio de pastizales","rastrojo y trigo en pie","Villa Mar\u00eda"],"articleSection":["Villa Mar\u00eda"],"inLanguage":"es","potentialAction":[{"@type":"CommentAction","name":"Comment","target":["http:\/\/elregionalvm.com.ar\/noticias-villa-maria\/se-quemaron-185-hectareas-de-rastrojo-y-trigo-en-pie\/#respond"]}]},{"@type":"WebPage","@id":"http:\/\/elregionalvm.com.ar\/noticias-villa-maria\/se-quemaron-185-hectareas-de-rastrojo-y-trigo-en-pie\/","url":"http:\/\/elregionalvm.com.ar\/noticias-villa-maria\/se-quemaron-185-hectareas-de-rastrojo-y-trigo-en-pie\/","name":"Se quemaron 185 hect\u00e1reas de rastrojo y trigo en pie - El Regional","isPartOf":{"@id":"http:\/\/elregionalvm.com.ar\/noticias-villa-maria\/#website"},"primaryImageOfPage":{"@id":"http:\/\/elregionalvm.com.ar\/noticias-villa-maria\/se-quemaron-185-hectareas-de-rastrojo-y-trigo-en-pie\/#primaryimage"},"image":{"@id":"http:\/\/elregionalvm.com.ar\/noticias-villa-maria\/se-quemaron-185-hectareas-de-rastrojo-y-trigo-en-pie\/#primaryimage"},"thumbnailUrl":"https:\/\/i0.wp.com\/elregionalvm.com.ar\/noticias-villa-maria\/wp-content\/uploads\/2021\/10\/incendios.png?fit=464%2C498&ssl=1","datePublished":"2021-10-26T21:07:56+00:00","dateModified":"2021-10-26T21:17:31+00:00","author":{"@id":"http:\/\/elregionalvm.com.ar\/noticias-villa-maria\/#\/schema\/person\/a0fb9c422317faca23d50163151bc354"},"breadcrumb":{"@id":"http:\/\/elregionalvm.com.ar\/noticias-villa-maria\/se-quemaron-185-hectareas-de-rastrojo-y-trigo-en-pie\/#breadcrumb"},"inLanguage":"es","potentialAction":[{"@type":"ReadAction","target":["http:\/\/elregionalvm.com.ar\/noticias-villa-maria\/se-quemaron-185-hectareas-de-rastrojo-y-trigo-en-pie\/"]}]},{"@type":"ImageObject","inLanguage":"es","@id":"http:\/\/elregionalvm.com.ar\/noticias-villa-maria\/se-quemaron-185-hectareas-de-rastrojo-y-trigo-en-pie\/#primaryimage","url":"https:\/\/i0.wp.com\/elregionalvm.com.ar\/noticias-villa-maria\/wp-content\/uploads\/2021\/10\/incendios.png?fit=464%2C498&ssl=1","contentUrl":"https:\/\/i0.wp.com\/elregionalvm.com.ar\/noticias-villa-maria\/wp-content\/uploads\/2021\/10\/incendios.png?fit=464%2C498&ssl=1","width":464,"height":498},{"@type":"BreadcrumbList","@id":"http:\/\/elregionalvm.com.ar\/noticias-villa-maria\/se-quemaron-185-hectareas-de-rastrojo-y-trigo-en-pie\/#breadcrumb","itemListElement":[{"@type":"ListItem","position":1,"name":"Portada","item":"https:\/\/elregionalvm.com.ar\/noticias-villa-maria\/"},{"@type":"ListItem","position":2,"name":"Se quemaron 185 hect\u00e1reas de rastrojo y trigo en pie"}]},{"@type":"WebSite","@id":"http:\/\/elregionalvm.com.ar\/noticias-villa-maria\/#website","url":"http:\/\/elregionalvm.com.ar\/noticias-villa-maria\/","name":"El Regional","description":"Mucho m\u00e1s que informaci\u00f3n","potentialAction":[{"@type":"SearchAction","target":{"@type":"EntryPoint","urlTemplate":"http:\/\/elregionalvm.com.ar\/noticias-villa-maria\/?s={search_term_string}"},"query-input":{"@type":"PropertyValueSpecification","valueRequired":true,"valueName":"search_term_string"}}],"inLanguage":"es"},{"@type":"Person","@id":"http:\/\/elregionalvm.com.ar\/noticias-villa-maria\/#\/schema\/person\/a0fb9c422317faca23d50163151bc354","name":"Contenidos El Regional","image":{"@type":"ImageObject","inLanguage":"es","@id":"http:\/\/elregionalvm.com.ar\/noticias-villa-maria\/#\/schema\/person\/image\/","url":"https:\/\/secure.gravatar.com\/avatar\/265b27cb2209af7bb3a1318f03305787d7981a5cc6e6cd08fe5a4ecdf99d4b48?s=96&d=mm&r=g","contentUrl":"https:\/\/secure.gravatar.com\/avatar\/265b27cb2209af7bb3a1318f03305787d7981a5cc6e6cd08fe5a4ecdf99d4b48?s=96&d=mm&r=g","caption":"Contenidos El Regional"},"url":"https:\/\/elregionalvm.com.ar\/noticias-villa-maria\/author\/contenido\/"}]}},"jetpack_featured_media_url":"https:\/\/i0.wp.com\/elregionalvm.com.ar\/noticias-villa-maria\/wp-content\/uploads\/2021\/10\/incendios.png?fit=464%2C498&ssl=1","jetpack_sharing_enabled":true,"_links":{"self":[{"href":"https:\/\/elregionalvm.com.ar\/noticias-villa-maria\/wp-json\/wp\/v2\/posts\/47198","targetHints":{"allow":["GET"]}}],"collection":[{"href":"https:\/\/elregionalvm.com.ar\/noticias-villa-maria\/wp-json\/wp\/v2\/posts"}],"about":[{"href":"https:\/\/elregionalvm.com.ar\/noticias-villa-maria\/wp-json\/wp\/v2\/types\/post"}],"author":[{"embeddable":true,"href":"https:\/\/elregionalvm.com.ar\/noticias-villa-maria\/wp-json\/wp\/v2\/users\/4"}],"replies":[{"embeddable":true,"href":"https:\/\/elregionalvm.com.ar\/noticias-villa-maria\/wp-json\/wp\/v2\/comments?post=47198"}],"version-history":[{"count":3,"href":"https:\/\/elregionalvm.com.ar\/noticias-villa-maria\/wp-json\/wp\/v2\/posts\/47198\/revisions"}],"predecessor-version":[{"id":47204,"href":"https:\/\/elregionalvm.com.ar\/noticias-villa-maria\/wp-json\/wp\/v2\/posts\/47198\/revisions\/47204"}],"wp:featuredmedia":[{"embeddable":true,"href":"https:\/\/elregionalvm.com.ar\/noticias-villa-maria\/wp-json\/wp\/v2\/media\/47199"}],"wp:attachment":[{"href":"https:\/\/elregionalvm.com.ar\/noticias-villa-maria\/wp-json\/wp\/v2\/media?parent=47198"}],"wp:term":[{"taxonomy":"category","embeddable":true,"href":"https:\/\/elregionalvm.com.ar\/noticias-villa-maria\/wp-json\/wp\/v2\/categories?post=47198"},{"taxonomy":"post_tag","embeddable":true,"href":"https:\/\/elregionalvm.com.ar\/noticias-villa-maria\/wp-json\/wp\/v2\/tags?post=47198"}],"curies":[{"name":"wp","href":"https:\/\/api.w.org\/{rel}","templated":true}]}}