{"id":47218,"date":"2021-10-26T22:28:45","date_gmt":"2021-10-26T22:28:45","guid":{"rendered":"https:\/\/elregionalvm.com.ar\/noticias-villa-maria\/?p=47218"},"modified":"2021-10-26T22:28:46","modified_gmt":"2021-10-26T22:28:46","slug":"maquetismo-en-villa-nueva-rememorando-nuestra-historia","status":"publish","type":"post","link":"https:\/\/elregionalvm.com.ar\/noticias-villa-maria\/maquetismo-en-villa-nueva-rememorando-nuestra-historia\/","title":{"rendered":"Maquetismo en Villa Nueva: \u00abRememorando nuestra historia\u00bb"},"content":{"rendered":"\n<p>Las Salas Cuna municipales tendr\u00e1n este jueves una nueva edici\u00f3n de su certamen de maquetismo est\u00e1tico, \u201cRememorando nuestra historia\u201d, actividad a trav\u00e9s de la cual los chicos de las guarder\u00edas municipales representan distintos espacios de la ciudad, con maquetas elaboradas junto a sus familias.<br>La muestra de los trabajos, se realizar\u00e1 el jueves desde las 17.45hs en la Sala Astoria, en Marcos Ju\u00e1rez 570, con entradas libre y gratuita.<\/p>\n\n\n\n<div class=\"wp-block-image\"><figure class=\"aligncenter size-full is-resized\"><img data-recalc-dims=\"1\" fetchpriority=\"high\" decoding=\"async\" src=\"https:\/\/i0.wp.com\/elregionalvm.com.ar\/noticias-villa-maria\/wp-content\/uploads\/2021\/10\/WhatsApp-Image-2021-10-26-at-13.46.24.jpeg?resize=238%2C375&#038;ssl=1\" alt=\"\" class=\"wp-image-47219\" width=\"238\" height=\"375\" srcset=\"https:\/\/i0.wp.com\/elregionalvm.com.ar\/noticias-villa-maria\/wp-content\/uploads\/2021\/10\/WhatsApp-Image-2021-10-26-at-13.46.24.jpeg?w=545&amp;ssl=1 545w, https:\/\/i0.wp.com\/elregionalvm.com.ar\/noticias-villa-maria\/wp-content\/uploads\/2021\/10\/WhatsApp-Image-2021-10-26-at-13.46.24.jpeg?resize=190%2C300&amp;ssl=1 190w\" sizes=\"(max-width: 238px) 100vw, 238px\" \/><\/figure><\/div>\n\n\n\n<p><strong>El \u201cCirco de las emociones\u201d lleg\u00f3 a la<\/strong> <strong>Escuela Mitre<\/strong><\/p>\n\n\n\n<p>La direcci\u00f3n de Prevenci\u00f3n de Adicciones lleg\u00f3 a la Escuela Bartolom\u00e9 Mitre con su nueva propuesta l\u00fadica \u201cCirco de las Emociones\u201d, con el que trabajan junto a ni\u00f1os de la escuela en cuanto al manejo de las emociones, su abordaje y la importancia de comunicarlas.<br>La actividad se viene realizando en los distintos centros educativos de la ciudad con buen resultado entre los ni\u00f1os.<\/p>\n\n\n\n<p><strong>Contin\u00faa llev\u00e1ndose adelante la Campa\u00f1a \u201cSolo Papel\u201d<\/strong><\/p>\n\n\n\n<p>La Direcci\u00f3n de Ambiente del Municipio contin\u00faa llevando adelante la Campa\u00f1a \u201cSolo Papel\u201d, que busca recolectar papel blanco, papel de diario, revistas no plastificadas, papel de regalo, bolsas de cart\u00f3n, envoltorios de harina o az\u00facar, etc. que permitan luego ser reciclados.<br>En este sentido, todas aquellas personas o comercios que tengan residuos en papel, o aluminio, y que deseen aportarlos a la campa\u00f1a, pueden acercarse de lunes a viernes, de 8hs a 13hs a la oficina de Comercio e Industria, en De\u00e1n Funes y San Mart\u00edn.<\/p>\n","protected":false},"excerpt":{"rendered":"<p>Las Salas Cuna municipales tendr\u00e1n este jueves una nueva edici\u00f3n de su certamen de maquetismo est\u00e1tico, \u201cRememorando nuestra historia\u201d, actividad a trav\u00e9s de la cual los chicos de las guarder\u00edas municipales representan distintos espacios de la ciudad, con maquetas elaboradas junto a sus familias.La muestra de los trabajos, se realizar\u00e1 el jueves desde las 17.45hs [&hellip;]<\/p>\n","protected":false},"author":4,"featured_media":47220,"comment_status":"open","ping_status":"open","sticky":false,"template":"","format":"standard","meta":{"site-sidebar-layout":"default","site-content-layout":"default","ast-site-content-layout":"default","site-content-style":"default","site-sidebar-style":"default","ast-global-header-display":"","ast-banner-title-visibility":"","ast-main-header-display":"","ast-hfb-above-header-display":"","ast-hfb-below-header-display":"","ast-hfb-mobile-header-display":"","site-post-title":"","ast-breadcrumbs-content":"","ast-featured-img":"","footer-sml-layout":"","ast-disable-related-posts":"","theme-transparent-header-meta":"default","adv-header-id-meta":"","stick-header-meta":"","header-above-stick-meta":"","header-main-stick-meta":"","header-below-stick-meta":"","astra-migrate-meta-layouts":"default","ast-page-background-enabled":"default","ast-page-background-meta":{"desktop":{"background-color":"","background-image":"","background-repeat":"repeat","background-position":"center center","background-size":"auto","background-attachment":"scroll","background-type":"","background-media":"","overlay-type":"","overlay-color":"","overlay-opacity":"","overlay-gradient":""},"tablet":{"background-color":"","background-image":"","background-repeat":"repeat","background-position":"center center","background-size":"auto","background-attachment":"scroll","background-type":"","background-media":"","overlay-type":"","overlay-color":"","overlay-opacity":"","overlay-gradient":""},"mobile":{"background-color":"","background-image":"","background-repeat":"repeat","background-position":"center center","background-size":"auto","background-attachment":"scroll","background-type":"","background-media":"","overlay-type":"","overlay-color":"","overlay-opacity":"","overlay-gradient":""}},"ast-content-background-meta":{"desktop":{"background-color":"var(--ast-global-color-5)","background-image":"","background-repeat":"repeat","background-position":"center center","background-size":"auto","background-attachment":"scroll","background-type":"","background-media":"","overlay-type":"","overlay-color":"","overlay-opacity":"","overlay-gradient":""},"tablet":{"background-color":"var(--ast-global-color-5)","background-image":"","background-repeat":"repeat","background-position":"center center","background-size":"auto","background-attachment":"scroll","background-type":"","background-media":"","overlay-type":"","overlay-color":"","overlay-opacity":"","overlay-gradient":""},"mobile":{"background-color":"var(--ast-global-color-5)","background-image":"","background-repeat":"repeat","background-position":"center center","background-size":"auto","background-attachment":"scroll","background-type":"","background-media":"","overlay-type":"","overlay-color":"","overlay-opacity":"","overlay-gradient":""}},"_jetpack_memberships_contains_paid_content":false,"_joinchat":[],"footnotes":""},"categories":[1408],"tags":[11880,11879,5428,11877,11878,232],"class_list":["post-47218","post","type-post","status-publish","format-standard","has-post-thumbnail","hentry","category-villa-nueva","tag-campana-solo-papel","tag-circo-de-las-emociones","tag-escuela-mitre","tag-maquetismo","tag-rememorando-nuestra-historia","tag-villa-nueva"],"yoast_head":"<!-- This site is optimized with the Yoast SEO plugin v26.8 - https:\/\/yoast.com\/product\/yoast-seo-wordpress\/ -->\n<title>Maquetismo en Villa Nueva: &quot;Rememorando nuestra historia&quot; - El Regional<\/title>\n<meta name=\"robots\" content=\"index, follow, max-snippet:-1, max-image-preview:large, max-video-preview:-1\" \/>\n<link rel=\"canonical\" href=\"http:\/\/elregionalvm.com.ar\/noticias-villa-maria\/maquetismo-en-villa-nueva-rememorando-nuestra-historia\/\" \/>\n<meta property=\"og:locale\" content=\"es_ES\" \/>\n<meta property=\"og:type\" content=\"article\" \/>\n<meta property=\"og:title\" content=\"Maquetismo en Villa Nueva: &quot;Rememorando nuestra historia&quot; - El Regional\" \/>\n<meta property=\"og:description\" content=\"Las Salas Cuna municipales tendr\u00e1n este jueves una nueva edici\u00f3n de su certamen de maquetismo est\u00e1tico, \u201cRememorando nuestra historia\u201d, actividad a trav\u00e9s de la cual los chicos de las guarder\u00edas municipales representan distintos espacios de la ciudad, con maquetas elaboradas junto a sus familias.La muestra de los trabajos, se realizar\u00e1 el jueves desde las 17.45hs [&hellip;]\" \/>\n<meta property=\"og:url\" content=\"http:\/\/elregionalvm.com.ar\/noticias-villa-maria\/maquetismo-en-villa-nueva-rememorando-nuestra-historia\/\" \/>\n<meta property=\"og:site_name\" content=\"El Regional\" \/>\n<meta property=\"article:publisher\" content=\"https:\/\/www.facebook.com\/elregionalvm\" \/>\n<meta property=\"article:published_time\" content=\"2021-10-26T22:28:45+00:00\" \/>\n<meta property=\"article:modified_time\" content=\"2021-10-26T22:28:46+00:00\" \/>\n<meta property=\"og:image\" content=\"http:\/\/elregionalvm.com.ar\/noticias-villa-maria\/wp-content\/uploads\/2021\/10\/maquetas-villa-nueva.png\" \/>\n\t<meta property=\"og:image:width\" content=\"537\" \/>\n\t<meta property=\"og:image:height\" content=\"465\" \/>\n\t<meta property=\"og:image:type\" content=\"image\/png\" \/>\n<meta name=\"author\" content=\"Contenidos El Regional\" \/>\n<meta name=\"twitter:card\" content=\"summary_large_image\" \/>\n<meta name=\"twitter:creator\" content=\"@elregionalvm1\" \/>\n<meta name=\"twitter:site\" content=\"@elregionalvm1\" \/>\n<meta name=\"twitter:label1\" content=\"Escrito por\" \/>\n\t<meta name=\"twitter:data1\" content=\"Contenidos El Regional\" \/>\n\t<meta name=\"twitter:label2\" content=\"Tiempo de lectura\" \/>\n\t<meta name=\"twitter:data2\" content=\"2 minutos\" \/>\n<script type=\"application\/ld+json\" class=\"yoast-schema-graph\">{\"@context\":\"https:\/\/schema.org\",\"@graph\":[{\"@type\":\"Article\",\"@id\":\"http:\/\/elregionalvm.com.ar\/noticias-villa-maria\/maquetismo-en-villa-nueva-rememorando-nuestra-historia\/#article\",\"isPartOf\":{\"@id\":\"http:\/\/elregionalvm.com.ar\/noticias-villa-maria\/maquetismo-en-villa-nueva-rememorando-nuestra-historia\/\"},\"author\":{\"name\":\"Contenidos El Regional\",\"@id\":\"http:\/\/elregionalvm.com.ar\/noticias-villa-maria\/#\/schema\/person\/a0fb9c422317faca23d50163151bc354\"},\"headline\":\"Maquetismo en Villa Nueva: \u00abRememorando nuestra historia\u00bb\",\"datePublished\":\"2021-10-26T22:28:45+00:00\",\"dateModified\":\"2021-10-26T22:28:46+00:00\",\"mainEntityOfPage\":{\"@id\":\"http:\/\/elregionalvm.com.ar\/noticias-villa-maria\/maquetismo-en-villa-nueva-rememorando-nuestra-historia\/\"},\"wordCount\":264,\"commentCount\":0,\"image\":{\"@id\":\"http:\/\/elregionalvm.com.ar\/noticias-villa-maria\/maquetismo-en-villa-nueva-rememorando-nuestra-historia\/#primaryimage\"},\"thumbnailUrl\":\"https:\/\/i0.wp.com\/elregionalvm.com.ar\/noticias-villa-maria\/wp-content\/uploads\/2021\/10\/maquetas-villa-nueva.png?fit=537%2C465&ssl=1\",\"keywords\":[\"Campa\u00f1a Solo Papel\",\"Circo de las emociones\",\"Escuela Mitre\",\"maquetismo\",\"Rememorando nuestra historia\",\"VILLA NUEVA\"],\"articleSection\":[\"Villa Nueva\"],\"inLanguage\":\"es\",\"potentialAction\":[{\"@type\":\"CommentAction\",\"name\":\"Comment\",\"target\":[\"http:\/\/elregionalvm.com.ar\/noticias-villa-maria\/maquetismo-en-villa-nueva-rememorando-nuestra-historia\/#respond\"]}]},{\"@type\":\"WebPage\",\"@id\":\"http:\/\/elregionalvm.com.ar\/noticias-villa-maria\/maquetismo-en-villa-nueva-rememorando-nuestra-historia\/\",\"url\":\"http:\/\/elregionalvm.com.ar\/noticias-villa-maria\/maquetismo-en-villa-nueva-rememorando-nuestra-historia\/\",\"name\":\"Maquetismo en Villa Nueva: \\\"Rememorando nuestra historia\\\" - El Regional\",\"isPartOf\":{\"@id\":\"http:\/\/elregionalvm.com.ar\/noticias-villa-maria\/#website\"},\"primaryImageOfPage\":{\"@id\":\"http:\/\/elregionalvm.com.ar\/noticias-villa-maria\/maquetismo-en-villa-nueva-rememorando-nuestra-historia\/#primaryimage\"},\"image\":{\"@id\":\"http:\/\/elregionalvm.com.ar\/noticias-villa-maria\/maquetismo-en-villa-nueva-rememorando-nuestra-historia\/#primaryimage\"},\"thumbnailUrl\":\"https:\/\/i0.wp.com\/elregionalvm.com.ar\/noticias-villa-maria\/wp-content\/uploads\/2021\/10\/maquetas-villa-nueva.png?fit=537%2C465&ssl=1\",\"datePublished\":\"2021-10-26T22:28:45+00:00\",\"dateModified\":\"2021-10-26T22:28:46+00:00\",\"author\":{\"@id\":\"http:\/\/elregionalvm.com.ar\/noticias-villa-maria\/#\/schema\/person\/a0fb9c422317faca23d50163151bc354\"},\"breadcrumb\":{\"@id\":\"http:\/\/elregionalvm.com.ar\/noticias-villa-maria\/maquetismo-en-villa-nueva-rememorando-nuestra-historia\/#breadcrumb\"},\"inLanguage\":\"es\",\"potentialAction\":[{\"@type\":\"ReadAction\",\"target\":[\"http:\/\/elregionalvm.com.ar\/noticias-villa-maria\/maquetismo-en-villa-nueva-rememorando-nuestra-historia\/\"]}]},{\"@type\":\"ImageObject\",\"inLanguage\":\"es\",\"@id\":\"http:\/\/elregionalvm.com.ar\/noticias-villa-maria\/maquetismo-en-villa-nueva-rememorando-nuestra-historia\/#primaryimage\",\"url\":\"https:\/\/i0.wp.com\/elregionalvm.com.ar\/noticias-villa-maria\/wp-content\/uploads\/2021\/10\/maquetas-villa-nueva.png?fit=537%2C465&ssl=1\",\"contentUrl\":\"https:\/\/i0.wp.com\/elregionalvm.com.ar\/noticias-villa-maria\/wp-content\/uploads\/2021\/10\/maquetas-villa-nueva.png?fit=537%2C465&ssl=1\",\"width\":537,\"height\":465},{\"@type\":\"BreadcrumbList\",\"@id\":\"http:\/\/elregionalvm.com.ar\/noticias-villa-maria\/maquetismo-en-villa-nueva-rememorando-nuestra-historia\/#breadcrumb\",\"itemListElement\":[{\"@type\":\"ListItem\",\"position\":1,\"name\":\"Portada\",\"item\":\"https:\/\/elregionalvm.com.ar\/noticias-villa-maria\/\"},{\"@type\":\"ListItem\",\"position\":2,\"name\":\"Maquetismo en Villa Nueva: &#8220;Rememorando nuestra historia&#8221;\"}]},{\"@type\":\"WebSite\",\"@id\":\"http:\/\/elregionalvm.com.ar\/noticias-villa-maria\/#website\",\"url\":\"http:\/\/elregionalvm.com.ar\/noticias-villa-maria\/\",\"name\":\"El Regional\",\"description\":\"Mucho m\u00e1s que informaci\u00f3n\",\"potentialAction\":[{\"@type\":\"SearchAction\",\"target\":{\"@type\":\"EntryPoint\",\"urlTemplate\":\"http:\/\/elregionalvm.com.ar\/noticias-villa-maria\/?s={search_term_string}\"},\"query-input\":{\"@type\":\"PropertyValueSpecification\",\"valueRequired\":true,\"valueName\":\"search_term_string\"}}],\"inLanguage\":\"es\"},{\"@type\":\"Person\",\"@id\":\"http:\/\/elregionalvm.com.ar\/noticias-villa-maria\/#\/schema\/person\/a0fb9c422317faca23d50163151bc354\",\"name\":\"Contenidos El Regional\",\"image\":{\"@type\":\"ImageObject\",\"inLanguage\":\"es\",\"@id\":\"http:\/\/elregionalvm.com.ar\/noticias-villa-maria\/#\/schema\/person\/image\/\",\"url\":\"https:\/\/secure.gravatar.com\/avatar\/265b27cb2209af7bb3a1318f03305787d7981a5cc6e6cd08fe5a4ecdf99d4b48?s=96&d=mm&r=g\",\"contentUrl\":\"https:\/\/secure.gravatar.com\/avatar\/265b27cb2209af7bb3a1318f03305787d7981a5cc6e6cd08fe5a4ecdf99d4b48?s=96&d=mm&r=g\",\"caption\":\"Contenidos El Regional\"},\"url\":\"https:\/\/elregionalvm.com.ar\/noticias-villa-maria\/author\/contenido\/\"}]}<\/script>\n<!-- \/ Yoast SEO plugin. -->","yoast_head_json":{"title":"Maquetismo en Villa Nueva: \"Rememorando nuestra historia\" - El Regional","robots":{"index":"index","follow":"follow","max-snippet":"max-snippet:-1","max-image-preview":"max-image-preview:large","max-video-preview":"max-video-preview:-1"},"canonical":"http:\/\/elregionalvm.com.ar\/noticias-villa-maria\/maquetismo-en-villa-nueva-rememorando-nuestra-historia\/","og_locale":"es_ES","og_type":"article","og_title":"Maquetismo en Villa Nueva: \"Rememorando nuestra historia\" - El Regional","og_description":"Las Salas Cuna municipales tendr\u00e1n este jueves una nueva edici\u00f3n de su certamen de maquetismo est\u00e1tico, \u201cRememorando nuestra historia\u201d, actividad a trav\u00e9s de la cual los chicos de las guarder\u00edas municipales representan distintos espacios de la ciudad, con maquetas elaboradas junto a sus familias.La muestra de los trabajos, se realizar\u00e1 el jueves desde las 17.45hs [&hellip;]","og_url":"http:\/\/elregionalvm.com.ar\/noticias-villa-maria\/maquetismo-en-villa-nueva-rememorando-nuestra-historia\/","og_site_name":"El Regional","article_publisher":"https:\/\/www.facebook.com\/elregionalvm","article_published_time":"2021-10-26T22:28:45+00:00","article_modified_time":"2021-10-26T22:28:46+00:00","og_image":[{"width":537,"height":465,"url":"http:\/\/elregionalvm.com.ar\/noticias-villa-maria\/wp-content\/uploads\/2021\/10\/maquetas-villa-nueva.png","type":"image\/png"}],"author":"Contenidos El Regional","twitter_card":"summary_large_image","twitter_creator":"@elregionalvm1","twitter_site":"@elregionalvm1","twitter_misc":{"Escrito por":"Contenidos El Regional","Tiempo de lectura":"2 minutos"},"schema":{"@context":"https:\/\/schema.org","@graph":[{"@type":"Article","@id":"http:\/\/elregionalvm.com.ar\/noticias-villa-maria\/maquetismo-en-villa-nueva-rememorando-nuestra-historia\/#article","isPartOf":{"@id":"http:\/\/elregionalvm.com.ar\/noticias-villa-maria\/maquetismo-en-villa-nueva-rememorando-nuestra-historia\/"},"author":{"name":"Contenidos El Regional","@id":"http:\/\/elregionalvm.com.ar\/noticias-villa-maria\/#\/schema\/person\/a0fb9c422317faca23d50163151bc354"},"headline":"Maquetismo en Villa Nueva: \u00abRememorando nuestra historia\u00bb","datePublished":"2021-10-26T22:28:45+00:00","dateModified":"2021-10-26T22:28:46+00:00","mainEntityOfPage":{"@id":"http:\/\/elregionalvm.com.ar\/noticias-villa-maria\/maquetismo-en-villa-nueva-rememorando-nuestra-historia\/"},"wordCount":264,"commentCount":0,"image":{"@id":"http:\/\/elregionalvm.com.ar\/noticias-villa-maria\/maquetismo-en-villa-nueva-rememorando-nuestra-historia\/#primaryimage"},"thumbnailUrl":"https:\/\/i0.wp.com\/elregionalvm.com.ar\/noticias-villa-maria\/wp-content\/uploads\/2021\/10\/maquetas-villa-nueva.png?fit=537%2C465&ssl=1","keywords":["Campa\u00f1a Solo Papel","Circo de las emociones","Escuela Mitre","maquetismo","Rememorando nuestra historia","VILLA NUEVA"],"articleSection":["Villa Nueva"],"inLanguage":"es","potentialAction":[{"@type":"CommentAction","name":"Comment","target":["http:\/\/elregionalvm.com.ar\/noticias-villa-maria\/maquetismo-en-villa-nueva-rememorando-nuestra-historia\/#respond"]}]},{"@type":"WebPage","@id":"http:\/\/elregionalvm.com.ar\/noticias-villa-maria\/maquetismo-en-villa-nueva-rememorando-nuestra-historia\/","url":"http:\/\/elregionalvm.com.ar\/noticias-villa-maria\/maquetismo-en-villa-nueva-rememorando-nuestra-historia\/","name":"Maquetismo en Villa Nueva: \"Rememorando nuestra historia\" - El Regional","isPartOf":{"@id":"http:\/\/elregionalvm.com.ar\/noticias-villa-maria\/#website"},"primaryImageOfPage":{"@id":"http:\/\/elregionalvm.com.ar\/noticias-villa-maria\/maquetismo-en-villa-nueva-rememorando-nuestra-historia\/#primaryimage"},"image":{"@id":"http:\/\/elregionalvm.com.ar\/noticias-villa-maria\/maquetismo-en-villa-nueva-rememorando-nuestra-historia\/#primaryimage"},"thumbnailUrl":"https:\/\/i0.wp.com\/elregionalvm.com.ar\/noticias-villa-maria\/wp-content\/uploads\/2021\/10\/maquetas-villa-nueva.png?fit=537%2C465&ssl=1","datePublished":"2021-10-26T22:28:45+00:00","dateModified":"2021-10-26T22:28:46+00:00","author":{"@id":"http:\/\/elregionalvm.com.ar\/noticias-villa-maria\/#\/schema\/person\/a0fb9c422317faca23d50163151bc354"},"breadcrumb":{"@id":"http:\/\/elregionalvm.com.ar\/noticias-villa-maria\/maquetismo-en-villa-nueva-rememorando-nuestra-historia\/#breadcrumb"},"inLanguage":"es","potentialAction":[{"@type":"ReadAction","target":["http:\/\/elregionalvm.com.ar\/noticias-villa-maria\/maquetismo-en-villa-nueva-rememorando-nuestra-historia\/"]}]},{"@type":"ImageObject","inLanguage":"es","@id":"http:\/\/elregionalvm.com.ar\/noticias-villa-maria\/maquetismo-en-villa-nueva-rememorando-nuestra-historia\/#primaryimage","url":"https:\/\/i0.wp.com\/elregionalvm.com.ar\/noticias-villa-maria\/wp-content\/uploads\/2021\/10\/maquetas-villa-nueva.png?fit=537%2C465&ssl=1","contentUrl":"https:\/\/i0.wp.com\/elregionalvm.com.ar\/noticias-villa-maria\/wp-content\/uploads\/2021\/10\/maquetas-villa-nueva.png?fit=537%2C465&ssl=1","width":537,"height":465},{"@type":"BreadcrumbList","@id":"http:\/\/elregionalvm.com.ar\/noticias-villa-maria\/maquetismo-en-villa-nueva-rememorando-nuestra-historia\/#breadcrumb","itemListElement":[{"@type":"ListItem","position":1,"name":"Portada","item":"https:\/\/elregionalvm.com.ar\/noticias-villa-maria\/"},{"@type":"ListItem","position":2,"name":"Maquetismo en Villa Nueva: &#8220;Rememorando nuestra historia&#8221;"}]},{"@type":"WebSite","@id":"http:\/\/elregionalvm.com.ar\/noticias-villa-maria\/#website","url":"http:\/\/elregionalvm.com.ar\/noticias-villa-maria\/","name":"El Regional","description":"Mucho m\u00e1s que informaci\u00f3n","potentialAction":[{"@type":"SearchAction","target":{"@type":"EntryPoint","urlTemplate":"http:\/\/elregionalvm.com.ar\/noticias-villa-maria\/?s={search_term_string}"},"query-input":{"@type":"PropertyValueSpecification","valueRequired":true,"valueName":"search_term_string"}}],"inLanguage":"es"},{"@type":"Person","@id":"http:\/\/elregionalvm.com.ar\/noticias-villa-maria\/#\/schema\/person\/a0fb9c422317faca23d50163151bc354","name":"Contenidos El Regional","image":{"@type":"ImageObject","inLanguage":"es","@id":"http:\/\/elregionalvm.com.ar\/noticias-villa-maria\/#\/schema\/person\/image\/","url":"https:\/\/secure.gravatar.com\/avatar\/265b27cb2209af7bb3a1318f03305787d7981a5cc6e6cd08fe5a4ecdf99d4b48?s=96&d=mm&r=g","contentUrl":"https:\/\/secure.gravatar.com\/avatar\/265b27cb2209af7bb3a1318f03305787d7981a5cc6e6cd08fe5a4ecdf99d4b48?s=96&d=mm&r=g","caption":"Contenidos El Regional"},"url":"https:\/\/elregionalvm.com.ar\/noticias-villa-maria\/author\/contenido\/"}]}},"jetpack_featured_media_url":"https:\/\/i0.wp.com\/elregionalvm.com.ar\/noticias-villa-maria\/wp-content\/uploads\/2021\/10\/maquetas-villa-nueva.png?fit=537%2C465&ssl=1","jetpack_sharing_enabled":true,"_links":{"self":[{"href":"https:\/\/elregionalvm.com.ar\/noticias-villa-maria\/wp-json\/wp\/v2\/posts\/47218","targetHints":{"allow":["GET"]}}],"collection":[{"href":"https:\/\/elregionalvm.com.ar\/noticias-villa-maria\/wp-json\/wp\/v2\/posts"}],"about":[{"href":"https:\/\/elregionalvm.com.ar\/noticias-villa-maria\/wp-json\/wp\/v2\/types\/post"}],"author":[{"embeddable":true,"href":"https:\/\/elregionalvm.com.ar\/noticias-villa-maria\/wp-json\/wp\/v2\/users\/4"}],"replies":[{"embeddable":true,"href":"https:\/\/elregionalvm.com.ar\/noticias-villa-maria\/wp-json\/wp\/v2\/comments?post=47218"}],"version-history":[{"count":1,"href":"https:\/\/elregionalvm.com.ar\/noticias-villa-maria\/wp-json\/wp\/v2\/posts\/47218\/revisions"}],"predecessor-version":[{"id":47221,"href":"https:\/\/elregionalvm.com.ar\/noticias-villa-maria\/wp-json\/wp\/v2\/posts\/47218\/revisions\/47221"}],"wp:featuredmedia":[{"embeddable":true,"href":"https:\/\/elregionalvm.com.ar\/noticias-villa-maria\/wp-json\/wp\/v2\/media\/47220"}],"wp:attachment":[{"href":"https:\/\/elregionalvm.com.ar\/noticias-villa-maria\/wp-json\/wp\/v2\/media?parent=47218"}],"wp:term":[{"taxonomy":"category","embeddable":true,"href":"https:\/\/elregionalvm.com.ar\/noticias-villa-maria\/wp-json\/wp\/v2\/categories?post=47218"},{"taxonomy":"post_tag","embeddable":true,"href":"https:\/\/elregionalvm.com.ar\/noticias-villa-maria\/wp-json\/wp\/v2\/tags?post=47218"}],"curies":[{"name":"wp","href":"https:\/\/api.w.org\/{rel}","templated":true}]}}