{"id":47224,"date":"2021-10-26T22:58:23","date_gmt":"2021-10-26T22:58:23","guid":{"rendered":"https:\/\/elregionalvm.com.ar\/noticias-villa-maria\/?p=47224"},"modified":"2021-10-26T22:58:24","modified_gmt":"2021-10-26T22:58:24","slug":"repavimentaran-el-acceso-norte-de-la-ciudad","status":"publish","type":"post","link":"https:\/\/elregionalvm.com.ar\/noticias-villa-maria\/repavimentaran-el-acceso-norte-de-la-ciudad\/","title":{"rendered":"Repavimentar\u00e1n el acceso norte de la ciudad"},"content":{"rendered":"\n<p>El municipio llev\u00f3 adelante durante la ma\u00f1ana de hoy una reuni\u00f3n de trabajo junto a representantes de la firma Arrow S.RL, adjudicataria de la obra de repavimentaci\u00f3n de avenidas Alem, Larrabure, Sucre, De\u00e1n Funes e Independencia. El encuentro estuvo encabezado por el intendente, Pablo Rosso, en compa\u00f1\u00eda del presidente y vicepresidente del Instituto Municipal de Inversi\u00f3n (IMI), H\u00e9ctor Mu\u00f1oz y Danilo Baiocchi respectivamente, el secretario de Ambiente, Obras y Servicios P\u00fablicos, Omar Regueira, y Guillermo Villanueva en representaci\u00f3n de la empresa adjudicataria.<\/p>\n\n\n\n<p>En este marco, durante el acto que tuvo lugar en el Sal\u00f3n Blanco de la sede municipal, se procedi\u00f3 a efectuar la firma del contrato definitivo de la licitaci\u00f3n p\u00fablica 06\/2021, asignada a la empresa ganadora tras la deliberaci\u00f3n realizada por la comisi\u00f3n evaluadora del municipio. En este sentido, las partes avanzaron en la presentaci\u00f3n del proyecto ejecutivo, definici\u00f3n de criterios para la inminente intervenci\u00f3n, modalidad de trabajo y plazos de la obra.<\/p>\n\n\n\n<p>Al respecto, el mandatario local se\u00f1al\u00f3: \u201cProcedimos a la r\u00fabrica de un convenio de inicio de obra junto a la empresa local Arrow, tras firmar con la Delegaci\u00f3n C\u00f3rdoba de Vialidad Nacional los documentos correspondientes para la puesta en marcha de esta obra ligada a uno de nuestros accesos\u201d.<\/p>\n\n\n\n<p>En tanto, Rosso se\u00f1al\u00f3 que \u201cser\u00e1n intervenidas las arterias que se han visto deterioradas por la circulaci\u00f3n del tr\u00e1nsito pesado, mediante la ampliaci\u00f3n de carriles y recuperaci\u00f3n de veredas, accesos, se\u00f1al\u00e9tica, obras hidr\u00e1ulicas de captaci\u00f3n, arbolado e iluminaci\u00f3n\u201d. Adem\u00e1s, el intendente destac\u00f3: \u201cLa obra alcanzar\u00e1 labores sobre avenida Larrabure, que une circuitos sanitarios para el acceso al Sanatorio La Ca\u00f1ada como al Hospital Pasteur\u201d.<\/p>\n\n\n\n<p>Seguidamente, Mu\u00f1oz indic\u00f3: \u201cHoy realizamos el paso inicial y absolutamente necesario para que definitivamente la obra se ponga en marcha en un lapso menor a 30 d\u00edas\u201d. Y luego, a\u00f1adi\u00f3: \u201cSe trata de una intervenci\u00f3n muy importante, anhelada y esperada, que se complementa con la puesta en valor del Parque Pereira y Dom\u00ednguez\u201d.<\/p>\n\n\n\n<figure class=\"wp-block-image size-large\"><img data-recalc-dims=\"1\" fetchpriority=\"high\" decoding=\"async\" width=\"1024\" height=\"682\" src=\"https:\/\/i0.wp.com\/elregionalvm.com.ar\/noticias-villa-maria\/wp-content\/uploads\/2021\/10\/WhatsApp-Image-2021-10-26-at-14.13.07.jpeg?resize=1024%2C682&#038;ssl=1\" alt=\"\" class=\"wp-image-47226\" srcset=\"https:\/\/i0.wp.com\/elregionalvm.com.ar\/noticias-villa-maria\/wp-content\/uploads\/2021\/10\/WhatsApp-Image-2021-10-26-at-14.13.07.jpeg?resize=1024%2C682&amp;ssl=1 1024w, https:\/\/i0.wp.com\/elregionalvm.com.ar\/noticias-villa-maria\/wp-content\/uploads\/2021\/10\/WhatsApp-Image-2021-10-26-at-14.13.07.jpeg?resize=300%2C200&amp;ssl=1 300w, https:\/\/i0.wp.com\/elregionalvm.com.ar\/noticias-villa-maria\/wp-content\/uploads\/2021\/10\/WhatsApp-Image-2021-10-26-at-14.13.07.jpeg?resize=768%2C512&amp;ssl=1 768w, https:\/\/i0.wp.com\/elregionalvm.com.ar\/noticias-villa-maria\/wp-content\/uploads\/2021\/10\/WhatsApp-Image-2021-10-26-at-14.13.07.jpeg?w=1280&amp;ssl=1 1280w\" sizes=\"(max-width: 1000px) 100vw, 1000px\" \/><\/figure>\n\n\n\n<p>Al mismo tiempo, el titular del IMI expres\u00f3 que el presupuesto oficial de la repavimentaci\u00f3n de las avenidas alcanza los 243 millones de pesos, contando con el financiamiento del Gobierno nacional a trav\u00e9s de la gesti\u00f3n del municipio frente a Vialidad Nacional, que funciona bajo la \u00f3rbita de la cartera de Obras P\u00fablicas de la Naci\u00f3n, a cargo de Mart\u00edn Gill.<\/p>\n\n\n\n<p>Por su parte, Regueira resalt\u00f3 que \u201cse trata de una obra muy completa, tanto en infraestructura vial como peatonal\u201d. En este sentido, el funcionario indic\u00f3 que desde la cartera que gestiona, el municipio trabaja en la definici\u00f3n de cuestiones previas al inicio de las tareas de modo articulado con la Direcci\u00f3n Nacional de Vialidad.<\/p>\n\n\n\n<p>Finalmente, tom\u00f3 la palabra el representante de la empresa ganadora por licitaci\u00f3n, quien especific\u00f3 las cuestiones t\u00e9cnicas y organizativas sobre las que se trabaja para dar marcha a la intervenci\u00f3n. Entre las tareas, se destacan aquellas vinculadas al tr\u00e1nsito, acceso y movilidad durante el per\u00edodo en que se lleve a cabo la intervenci\u00f3n que prev\u00e9 su concreci\u00f3n en un plazo de 10 meses.<\/p>\n\n\n\n<p>En detalle, las labores ser\u00e1n efectuadas en las avenidas Larrabure y Alem hasta V\u00e9lez Sarsfield, al igual que en Sucre y De\u00e1n Funes e Independencia. All\u00ed, se repavimentar\u00e1 el tramo Larrabure hasta Alem con diversos arreglos, sum\u00e1ndose al tramo de avenidas Sucre-De\u00e1n Funes e Independencia el ensanchamiento de arterias para la construcci\u00f3n de dos carriles por mano.<\/p>\n\n\n\n<p>De esta manera, la obra financiada a trav\u00e9s del programa Redes Conexas de Vialidad Nacional, brindar\u00e1 una soluci\u00f3n integral al sector ya que se trata de avenidas de conectividad sustancial relacionadas con rutas nacionales como Ruta 9 y 158.<\/p>\n","protected":false},"excerpt":{"rendered":"<p>El municipio llev\u00f3 adelante durante la ma\u00f1ana de hoy una reuni\u00f3n de trabajo junto a representantes de la firma Arrow S.RL, adjudicataria de la obra de repavimentaci\u00f3n de avenidas Alem, Larrabure, Sucre, De\u00e1n Funes e Independencia. El encuentro estuvo encabezado por el intendente, Pablo Rosso, en compa\u00f1\u00eda del presidente y vicepresidente del Instituto Municipal de [&hellip;]<\/p>\n","protected":false},"author":4,"featured_media":47225,"comment_status":"open","ping_status":"open","sticky":false,"template":"","format":"standard","meta":{"site-sidebar-layout":"default","site-content-layout":"default","ast-site-content-layout":"default","site-content-style":"default","site-sidebar-style":"default","ast-global-header-display":"","ast-banner-title-visibility":"","ast-main-header-display":"","ast-hfb-above-header-display":"","ast-hfb-below-header-display":"","ast-hfb-mobile-header-display":"","site-post-title":"","ast-breadcrumbs-content":"","ast-featured-img":"","footer-sml-layout":"","ast-disable-related-posts":"","theme-transparent-header-meta":"default","adv-header-id-meta":"","stick-header-meta":"","header-above-stick-meta":"","header-main-stick-meta":"","header-below-stick-meta":"","astra-migrate-meta-layouts":"default","ast-page-background-enabled":"default","ast-page-background-meta":{"desktop":{"background-color":"","background-image":"","background-repeat":"repeat","background-position":"center center","background-size":"auto","background-attachment":"scroll","background-type":"","background-media":"","overlay-type":"","overlay-color":"","overlay-opacity":"","overlay-gradient":""},"tablet":{"background-color":"","background-image":"","background-repeat":"repeat","background-position":"center center","background-size":"auto","background-attachment":"scroll","background-type":"","background-media":"","overlay-type":"","overlay-color":"","overlay-opacity":"","overlay-gradient":""},"mobile":{"background-color":"","background-image":"","background-repeat":"repeat","background-position":"center center","background-size":"auto","background-attachment":"scroll","background-type":"","background-media":"","overlay-type":"","overlay-color":"","overlay-opacity":"","overlay-gradient":""}},"ast-content-background-meta":{"desktop":{"background-color":"var(--ast-global-color-5)","background-image":"","background-repeat":"repeat","background-position":"center center","background-size":"auto","background-attachment":"scroll","background-type":"","background-media":"","overlay-type":"","overlay-color":"","overlay-opacity":"","overlay-gradient":""},"tablet":{"background-color":"var(--ast-global-color-5)","background-image":"","background-repeat":"repeat","background-position":"center center","background-size":"auto","background-attachment":"scroll","background-type":"","background-media":"","overlay-type":"","overlay-color":"","overlay-opacity":"","overlay-gradient":""},"mobile":{"background-color":"var(--ast-global-color-5)","background-image":"","background-repeat":"repeat","background-position":"center center","background-size":"auto","background-attachment":"scroll","background-type":"","background-media":"","overlay-type":"","overlay-color":"","overlay-opacity":"","overlay-gradient":""}},"_jetpack_memberships_contains_paid_content":false,"_joinchat":[],"footnotes":""},"categories":[2],"tags":[11882,2620,11883,9781,11881,2474,4532],"class_list":["post-47224","post","type-post","status-publish","format-standard","has-post-thumbnail","hentry","category-villa-maria","tag-30-dias","tag-accesos","tag-arrow-srl","tag-fondos-nacionales","tag-inicio-de-obra","tag-municipalidad-de-villa-maria","tag-repavimentacion"],"yoast_head":"<!-- This site is optimized with the Yoast SEO plugin v26.8 - https:\/\/yoast.com\/product\/yoast-seo-wordpress\/ -->\n<title>Repavimentar\u00e1n el acceso norte de la ciudad - El Regional<\/title>\n<meta name=\"robots\" content=\"index, follow, max-snippet:-1, max-image-preview:large, max-video-preview:-1\" \/>\n<link rel=\"canonical\" href=\"http:\/\/elregionalvm.com.ar\/noticias-villa-maria\/repavimentaran-el-acceso-norte-de-la-ciudad\/\" \/>\n<meta property=\"og:locale\" content=\"es_ES\" \/>\n<meta property=\"og:type\" content=\"article\" \/>\n<meta property=\"og:title\" content=\"Repavimentar\u00e1n el acceso norte de la ciudad - El Regional\" \/>\n<meta property=\"og:description\" content=\"El municipio llev\u00f3 adelante durante la ma\u00f1ana de hoy una reuni\u00f3n de trabajo junto a representantes de la firma Arrow S.RL, adjudicataria de la obra de repavimentaci\u00f3n de avenidas Alem, Larrabure, Sucre, De\u00e1n Funes e Independencia. El encuentro estuvo encabezado por el intendente, Pablo Rosso, en compa\u00f1\u00eda del presidente y vicepresidente del Instituto Municipal de [&hellip;]\" \/>\n<meta property=\"og:url\" content=\"http:\/\/elregionalvm.com.ar\/noticias-villa-maria\/repavimentaran-el-acceso-norte-de-la-ciudad\/\" \/>\n<meta property=\"og:site_name\" content=\"El Regional\" \/>\n<meta property=\"article:publisher\" content=\"https:\/\/www.facebook.com\/elregionalvm\" \/>\n<meta property=\"article:published_time\" content=\"2021-10-26T22:58:23+00:00\" \/>\n<meta property=\"article:modified_time\" content=\"2021-10-26T22:58:24+00:00\" \/>\n<meta property=\"og:image\" content=\"http:\/\/elregionalvm.com.ar\/noticias-villa-maria\/wp-content\/uploads\/2021\/10\/WhatsApp-Image-2021-10-26-at-14.12.35.jpeg\" \/>\n\t<meta property=\"og:image:width\" content=\"1280\" \/>\n\t<meta property=\"og:image:height\" content=\"853\" \/>\n\t<meta property=\"og:image:type\" content=\"image\/jpeg\" \/>\n<meta name=\"author\" content=\"Contenidos El Regional\" \/>\n<meta name=\"twitter:card\" content=\"summary_large_image\" \/>\n<meta name=\"twitter:creator\" content=\"@elregionalvm1\" \/>\n<meta name=\"twitter:site\" content=\"@elregionalvm1\" \/>\n<meta name=\"twitter:label1\" content=\"Escrito por\" \/>\n\t<meta name=\"twitter:data1\" content=\"Contenidos El Regional\" \/>\n\t<meta name=\"twitter:label2\" content=\"Tiempo de lectura\" \/>\n\t<meta name=\"twitter:data2\" content=\"3 minutos\" \/>\n<script type=\"application\/ld+json\" class=\"yoast-schema-graph\">{\"@context\":\"https:\/\/schema.org\",\"@graph\":[{\"@type\":\"Article\",\"@id\":\"http:\/\/elregionalvm.com.ar\/noticias-villa-maria\/repavimentaran-el-acceso-norte-de-la-ciudad\/#article\",\"isPartOf\":{\"@id\":\"http:\/\/elregionalvm.com.ar\/noticias-villa-maria\/repavimentaran-el-acceso-norte-de-la-ciudad\/\"},\"author\":{\"name\":\"Contenidos El Regional\",\"@id\":\"http:\/\/elregionalvm.com.ar\/noticias-villa-maria\/#\/schema\/person\/a0fb9c422317faca23d50163151bc354\"},\"headline\":\"Repavimentar\u00e1n el acceso norte de la ciudad\",\"datePublished\":\"2021-10-26T22:58:23+00:00\",\"dateModified\":\"2021-10-26T22:58:24+00:00\",\"mainEntityOfPage\":{\"@id\":\"http:\/\/elregionalvm.com.ar\/noticias-villa-maria\/repavimentaran-el-acceso-norte-de-la-ciudad\/\"},\"wordCount\":661,\"commentCount\":0,\"image\":{\"@id\":\"http:\/\/elregionalvm.com.ar\/noticias-villa-maria\/repavimentaran-el-acceso-norte-de-la-ciudad\/#primaryimage\"},\"thumbnailUrl\":\"https:\/\/i0.wp.com\/elregionalvm.com.ar\/noticias-villa-maria\/wp-content\/uploads\/2021\/10\/WhatsApp-Image-2021-10-26-at-14.12.35.jpeg?fit=1280%2C853&ssl=1\",\"keywords\":[\"30 d\u00edas\",\"accesos\",\"Arrow SRL\",\"fondos nacionales\",\"inicio de obra\",\"Municipalidad de Villa Mar\u00eda\",\"repavimentaci\u00f3n\"],\"articleSection\":[\"Villa Mar\u00eda\"],\"inLanguage\":\"es\",\"potentialAction\":[{\"@type\":\"CommentAction\",\"name\":\"Comment\",\"target\":[\"http:\/\/elregionalvm.com.ar\/noticias-villa-maria\/repavimentaran-el-acceso-norte-de-la-ciudad\/#respond\"]}]},{\"@type\":\"WebPage\",\"@id\":\"http:\/\/elregionalvm.com.ar\/noticias-villa-maria\/repavimentaran-el-acceso-norte-de-la-ciudad\/\",\"url\":\"http:\/\/elregionalvm.com.ar\/noticias-villa-maria\/repavimentaran-el-acceso-norte-de-la-ciudad\/\",\"name\":\"Repavimentar\u00e1n el acceso norte de la ciudad - El Regional\",\"isPartOf\":{\"@id\":\"http:\/\/elregionalvm.com.ar\/noticias-villa-maria\/#website\"},\"primaryImageOfPage\":{\"@id\":\"http:\/\/elregionalvm.com.ar\/noticias-villa-maria\/repavimentaran-el-acceso-norte-de-la-ciudad\/#primaryimage\"},\"image\":{\"@id\":\"http:\/\/elregionalvm.com.ar\/noticias-villa-maria\/repavimentaran-el-acceso-norte-de-la-ciudad\/#primaryimage\"},\"thumbnailUrl\":\"https:\/\/i0.wp.com\/elregionalvm.com.ar\/noticias-villa-maria\/wp-content\/uploads\/2021\/10\/WhatsApp-Image-2021-10-26-at-14.12.35.jpeg?fit=1280%2C853&ssl=1\",\"datePublished\":\"2021-10-26T22:58:23+00:00\",\"dateModified\":\"2021-10-26T22:58:24+00:00\",\"author\":{\"@id\":\"http:\/\/elregionalvm.com.ar\/noticias-villa-maria\/#\/schema\/person\/a0fb9c422317faca23d50163151bc354\"},\"breadcrumb\":{\"@id\":\"http:\/\/elregionalvm.com.ar\/noticias-villa-maria\/repavimentaran-el-acceso-norte-de-la-ciudad\/#breadcrumb\"},\"inLanguage\":\"es\",\"potentialAction\":[{\"@type\":\"ReadAction\",\"target\":[\"http:\/\/elregionalvm.com.ar\/noticias-villa-maria\/repavimentaran-el-acceso-norte-de-la-ciudad\/\"]}]},{\"@type\":\"ImageObject\",\"inLanguage\":\"es\",\"@id\":\"http:\/\/elregionalvm.com.ar\/noticias-villa-maria\/repavimentaran-el-acceso-norte-de-la-ciudad\/#primaryimage\",\"url\":\"https:\/\/i0.wp.com\/elregionalvm.com.ar\/noticias-villa-maria\/wp-content\/uploads\/2021\/10\/WhatsApp-Image-2021-10-26-at-14.12.35.jpeg?fit=1280%2C853&ssl=1\",\"contentUrl\":\"https:\/\/i0.wp.com\/elregionalvm.com.ar\/noticias-villa-maria\/wp-content\/uploads\/2021\/10\/WhatsApp-Image-2021-10-26-at-14.12.35.jpeg?fit=1280%2C853&ssl=1\",\"width\":1280,\"height\":853},{\"@type\":\"BreadcrumbList\",\"@id\":\"http:\/\/elregionalvm.com.ar\/noticias-villa-maria\/repavimentaran-el-acceso-norte-de-la-ciudad\/#breadcrumb\",\"itemListElement\":[{\"@type\":\"ListItem\",\"position\":1,\"name\":\"Portada\",\"item\":\"https:\/\/elregionalvm.com.ar\/noticias-villa-maria\/\"},{\"@type\":\"ListItem\",\"position\":2,\"name\":\"Repavimentar\u00e1n el acceso norte de la ciudad\"}]},{\"@type\":\"WebSite\",\"@id\":\"http:\/\/elregionalvm.com.ar\/noticias-villa-maria\/#website\",\"url\":\"http:\/\/elregionalvm.com.ar\/noticias-villa-maria\/\",\"name\":\"El Regional\",\"description\":\"Mucho m\u00e1s que informaci\u00f3n\",\"potentialAction\":[{\"@type\":\"SearchAction\",\"target\":{\"@type\":\"EntryPoint\",\"urlTemplate\":\"http:\/\/elregionalvm.com.ar\/noticias-villa-maria\/?s={search_term_string}\"},\"query-input\":{\"@type\":\"PropertyValueSpecification\",\"valueRequired\":true,\"valueName\":\"search_term_string\"}}],\"inLanguage\":\"es\"},{\"@type\":\"Person\",\"@id\":\"http:\/\/elregionalvm.com.ar\/noticias-villa-maria\/#\/schema\/person\/a0fb9c422317faca23d50163151bc354\",\"name\":\"Contenidos El Regional\",\"image\":{\"@type\":\"ImageObject\",\"inLanguage\":\"es\",\"@id\":\"http:\/\/elregionalvm.com.ar\/noticias-villa-maria\/#\/schema\/person\/image\/\",\"url\":\"https:\/\/secure.gravatar.com\/avatar\/265b27cb2209af7bb3a1318f03305787d7981a5cc6e6cd08fe5a4ecdf99d4b48?s=96&d=mm&r=g\",\"contentUrl\":\"https:\/\/secure.gravatar.com\/avatar\/265b27cb2209af7bb3a1318f03305787d7981a5cc6e6cd08fe5a4ecdf99d4b48?s=96&d=mm&r=g\",\"caption\":\"Contenidos El Regional\"},\"url\":\"https:\/\/elregionalvm.com.ar\/noticias-villa-maria\/author\/contenido\/\"}]}<\/script>\n<!-- \/ Yoast SEO plugin. -->","yoast_head_json":{"title":"Repavimentar\u00e1n el acceso norte de la ciudad - El Regional","robots":{"index":"index","follow":"follow","max-snippet":"max-snippet:-1","max-image-preview":"max-image-preview:large","max-video-preview":"max-video-preview:-1"},"canonical":"http:\/\/elregionalvm.com.ar\/noticias-villa-maria\/repavimentaran-el-acceso-norte-de-la-ciudad\/","og_locale":"es_ES","og_type":"article","og_title":"Repavimentar\u00e1n el acceso norte de la ciudad - El Regional","og_description":"El municipio llev\u00f3 adelante durante la ma\u00f1ana de hoy una reuni\u00f3n de trabajo junto a representantes de la firma Arrow S.RL, adjudicataria de la obra de repavimentaci\u00f3n de avenidas Alem, Larrabure, Sucre, De\u00e1n Funes e Independencia. El encuentro estuvo encabezado por el intendente, Pablo Rosso, en compa\u00f1\u00eda del presidente y vicepresidente del Instituto Municipal de [&hellip;]","og_url":"http:\/\/elregionalvm.com.ar\/noticias-villa-maria\/repavimentaran-el-acceso-norte-de-la-ciudad\/","og_site_name":"El Regional","article_publisher":"https:\/\/www.facebook.com\/elregionalvm","article_published_time":"2021-10-26T22:58:23+00:00","article_modified_time":"2021-10-26T22:58:24+00:00","og_image":[{"width":1280,"height":853,"url":"http:\/\/elregionalvm.com.ar\/noticias-villa-maria\/wp-content\/uploads\/2021\/10\/WhatsApp-Image-2021-10-26-at-14.12.35.jpeg","type":"image\/jpeg"}],"author":"Contenidos El Regional","twitter_card":"summary_large_image","twitter_creator":"@elregionalvm1","twitter_site":"@elregionalvm1","twitter_misc":{"Escrito por":"Contenidos El Regional","Tiempo de lectura":"3 minutos"},"schema":{"@context":"https:\/\/schema.org","@graph":[{"@type":"Article","@id":"http:\/\/elregionalvm.com.ar\/noticias-villa-maria\/repavimentaran-el-acceso-norte-de-la-ciudad\/#article","isPartOf":{"@id":"http:\/\/elregionalvm.com.ar\/noticias-villa-maria\/repavimentaran-el-acceso-norte-de-la-ciudad\/"},"author":{"name":"Contenidos El Regional","@id":"http:\/\/elregionalvm.com.ar\/noticias-villa-maria\/#\/schema\/person\/a0fb9c422317faca23d50163151bc354"},"headline":"Repavimentar\u00e1n el acceso norte de la ciudad","datePublished":"2021-10-26T22:58:23+00:00","dateModified":"2021-10-26T22:58:24+00:00","mainEntityOfPage":{"@id":"http:\/\/elregionalvm.com.ar\/noticias-villa-maria\/repavimentaran-el-acceso-norte-de-la-ciudad\/"},"wordCount":661,"commentCount":0,"image":{"@id":"http:\/\/elregionalvm.com.ar\/noticias-villa-maria\/repavimentaran-el-acceso-norte-de-la-ciudad\/#primaryimage"},"thumbnailUrl":"https:\/\/i0.wp.com\/elregionalvm.com.ar\/noticias-villa-maria\/wp-content\/uploads\/2021\/10\/WhatsApp-Image-2021-10-26-at-14.12.35.jpeg?fit=1280%2C853&ssl=1","keywords":["30 d\u00edas","accesos","Arrow SRL","fondos nacionales","inicio de obra","Municipalidad de Villa Mar\u00eda","repavimentaci\u00f3n"],"articleSection":["Villa Mar\u00eda"],"inLanguage":"es","potentialAction":[{"@type":"CommentAction","name":"Comment","target":["http:\/\/elregionalvm.com.ar\/noticias-villa-maria\/repavimentaran-el-acceso-norte-de-la-ciudad\/#respond"]}]},{"@type":"WebPage","@id":"http:\/\/elregionalvm.com.ar\/noticias-villa-maria\/repavimentaran-el-acceso-norte-de-la-ciudad\/","url":"http:\/\/elregionalvm.com.ar\/noticias-villa-maria\/repavimentaran-el-acceso-norte-de-la-ciudad\/","name":"Repavimentar\u00e1n el acceso norte de la ciudad - El Regional","isPartOf":{"@id":"http:\/\/elregionalvm.com.ar\/noticias-villa-maria\/#website"},"primaryImageOfPage":{"@id":"http:\/\/elregionalvm.com.ar\/noticias-villa-maria\/repavimentaran-el-acceso-norte-de-la-ciudad\/#primaryimage"},"image":{"@id":"http:\/\/elregionalvm.com.ar\/noticias-villa-maria\/repavimentaran-el-acceso-norte-de-la-ciudad\/#primaryimage"},"thumbnailUrl":"https:\/\/i0.wp.com\/elregionalvm.com.ar\/noticias-villa-maria\/wp-content\/uploads\/2021\/10\/WhatsApp-Image-2021-10-26-at-14.12.35.jpeg?fit=1280%2C853&ssl=1","datePublished":"2021-10-26T22:58:23+00:00","dateModified":"2021-10-26T22:58:24+00:00","author":{"@id":"http:\/\/elregionalvm.com.ar\/noticias-villa-maria\/#\/schema\/person\/a0fb9c422317faca23d50163151bc354"},"breadcrumb":{"@id":"http:\/\/elregionalvm.com.ar\/noticias-villa-maria\/repavimentaran-el-acceso-norte-de-la-ciudad\/#breadcrumb"},"inLanguage":"es","potentialAction":[{"@type":"ReadAction","target":["http:\/\/elregionalvm.com.ar\/noticias-villa-maria\/repavimentaran-el-acceso-norte-de-la-ciudad\/"]}]},{"@type":"ImageObject","inLanguage":"es","@id":"http:\/\/elregionalvm.com.ar\/noticias-villa-maria\/repavimentaran-el-acceso-norte-de-la-ciudad\/#primaryimage","url":"https:\/\/i0.wp.com\/elregionalvm.com.ar\/noticias-villa-maria\/wp-content\/uploads\/2021\/10\/WhatsApp-Image-2021-10-26-at-14.12.35.jpeg?fit=1280%2C853&ssl=1","contentUrl":"https:\/\/i0.wp.com\/elregionalvm.com.ar\/noticias-villa-maria\/wp-content\/uploads\/2021\/10\/WhatsApp-Image-2021-10-26-at-14.12.35.jpeg?fit=1280%2C853&ssl=1","width":1280,"height":853},{"@type":"BreadcrumbList","@id":"http:\/\/elregionalvm.com.ar\/noticias-villa-maria\/repavimentaran-el-acceso-norte-de-la-ciudad\/#breadcrumb","itemListElement":[{"@type":"ListItem","position":1,"name":"Portada","item":"https:\/\/elregionalvm.com.ar\/noticias-villa-maria\/"},{"@type":"ListItem","position":2,"name":"Repavimentar\u00e1n el acceso norte de la ciudad"}]},{"@type":"WebSite","@id":"http:\/\/elregionalvm.com.ar\/noticias-villa-maria\/#website","url":"http:\/\/elregionalvm.com.ar\/noticias-villa-maria\/","name":"El Regional","description":"Mucho m\u00e1s que informaci\u00f3n","potentialAction":[{"@type":"SearchAction","target":{"@type":"EntryPoint","urlTemplate":"http:\/\/elregionalvm.com.ar\/noticias-villa-maria\/?s={search_term_string}"},"query-input":{"@type":"PropertyValueSpecification","valueRequired":true,"valueName":"search_term_string"}}],"inLanguage":"es"},{"@type":"Person","@id":"http:\/\/elregionalvm.com.ar\/noticias-villa-maria\/#\/schema\/person\/a0fb9c422317faca23d50163151bc354","name":"Contenidos El Regional","image":{"@type":"ImageObject","inLanguage":"es","@id":"http:\/\/elregionalvm.com.ar\/noticias-villa-maria\/#\/schema\/person\/image\/","url":"https:\/\/secure.gravatar.com\/avatar\/265b27cb2209af7bb3a1318f03305787d7981a5cc6e6cd08fe5a4ecdf99d4b48?s=96&d=mm&r=g","contentUrl":"https:\/\/secure.gravatar.com\/avatar\/265b27cb2209af7bb3a1318f03305787d7981a5cc6e6cd08fe5a4ecdf99d4b48?s=96&d=mm&r=g","caption":"Contenidos El Regional"},"url":"https:\/\/elregionalvm.com.ar\/noticias-villa-maria\/author\/contenido\/"}]}},"jetpack_featured_media_url":"https:\/\/i0.wp.com\/elregionalvm.com.ar\/noticias-villa-maria\/wp-content\/uploads\/2021\/10\/WhatsApp-Image-2021-10-26-at-14.12.35.jpeg?fit=1280%2C853&ssl=1","jetpack_sharing_enabled":true,"_links":{"self":[{"href":"https:\/\/elregionalvm.com.ar\/noticias-villa-maria\/wp-json\/wp\/v2\/posts\/47224","targetHints":{"allow":["GET"]}}],"collection":[{"href":"https:\/\/elregionalvm.com.ar\/noticias-villa-maria\/wp-json\/wp\/v2\/posts"}],"about":[{"href":"https:\/\/elregionalvm.com.ar\/noticias-villa-maria\/wp-json\/wp\/v2\/types\/post"}],"author":[{"embeddable":true,"href":"https:\/\/elregionalvm.com.ar\/noticias-villa-maria\/wp-json\/wp\/v2\/users\/4"}],"replies":[{"embeddable":true,"href":"https:\/\/elregionalvm.com.ar\/noticias-villa-maria\/wp-json\/wp\/v2\/comments?post=47224"}],"version-history":[{"count":1,"href":"https:\/\/elregionalvm.com.ar\/noticias-villa-maria\/wp-json\/wp\/v2\/posts\/47224\/revisions"}],"predecessor-version":[{"id":47227,"href":"https:\/\/elregionalvm.com.ar\/noticias-villa-maria\/wp-json\/wp\/v2\/posts\/47224\/revisions\/47227"}],"wp:featuredmedia":[{"embeddable":true,"href":"https:\/\/elregionalvm.com.ar\/noticias-villa-maria\/wp-json\/wp\/v2\/media\/47225"}],"wp:attachment":[{"href":"https:\/\/elregionalvm.com.ar\/noticias-villa-maria\/wp-json\/wp\/v2\/media?parent=47224"}],"wp:term":[{"taxonomy":"category","embeddable":true,"href":"https:\/\/elregionalvm.com.ar\/noticias-villa-maria\/wp-json\/wp\/v2\/categories?post=47224"},{"taxonomy":"post_tag","embeddable":true,"href":"https:\/\/elregionalvm.com.ar\/noticias-villa-maria\/wp-json\/wp\/v2\/tags?post=47224"}],"curies":[{"name":"wp","href":"https:\/\/api.w.org\/{rel}","templated":true}]}}