{"id":47237,"date":"2021-10-27T14:22:29","date_gmt":"2021-10-27T14:22:29","guid":{"rendered":"https:\/\/elregionalvm.com.ar\/noticias-villa-maria\/?p=47237"},"modified":"2021-10-29T01:11:15","modified_gmt":"2021-10-29T01:11:15","slug":"estoy-aterrada-asi-robaron-en-la-casa-de-una-abogada-en-barrio-ameghino-video","status":"publish","type":"post","link":"https:\/\/elregionalvm.com.ar\/noticias-villa-maria\/estoy-aterrada-asi-robaron-en-la-casa-de-una-abogada-en-barrio-ameghino-video\/","title":{"rendered":"\u00abEstoy aterrada\u00bb: As\u00ed robaron en la casa de una abogada en Barrio Ameghino [VIDEO]"},"content":{"rendered":"\n<p><strong>Las c\u00e1maras de seguridad de la vivienda capturaron el momento cuando un delincuente forcejea y rompe la ventana de una vivienda y tras varios intentos logra llevarse una notebook. La propietaria ten\u00eda en su computadora \u00aba\u00f1os de trabajo\u00bb como abogada. El ladr\u00f3n fue capturado, pero lo sustra\u00eddo no apareci\u00f3. Reclama mayor seguridad y asegura que vive con miedo. Al igual que el resto de los vecinos de ese sector de Barrio Ameghino. <\/strong><\/p>\n\n\n\n<p><\/p>\n\n\n\n<p>El domingo 24 de octubre, alrededor de las 5 de la ma\u00f1ana, un delincuente sustrajo una notebook de una vivienda ubicada en L\u00f3pez y Planes al 100, en Barrio Ameghino.<\/p>\n\n\n\n<p>Para hacerlo forceje\u00f3 y rompi\u00f3 una ventana y en 10 minutos logr\u00f3 su cometido. Se fue del lugar con el bot\u00edn y regres\u00f3 enseguida para continuar son su tarea delictiva.<\/p>\n\n\n\n<p>En el interior de la casa se encontraba una mujer con su hijo de solo cinco meses. La propietaria, tras un momento de angustia y temor, pudo dar aviso a la Polic\u00eda.<\/p>\n\n\n\n<p>El accionar del malhechor qued\u00f3 registrado por las c\u00e1maras de seguridad que posee la vivienda.<\/p>\n\n\n\n<p>Finalmente, fue detenido a pocas cuadras del lugar, en San Juan al 1500. Seg\u00fan inform\u00f3 la polic\u00eda en un comunicado de prensa, el sujeto tiene 31 a\u00f1os y se lo acusa del delito de robo en flagrancia.<\/p>\n\n\n\n<p><\/p>\n\n\n\n<figure class=\"wp-block-image size-full is-resized\"><img data-recalc-dims=\"1\" fetchpriority=\"high\" decoding=\"async\" src=\"https:\/\/i0.wp.com\/elregionalvm.com.ar\/noticias-villa-maria\/wp-content\/uploads\/2021\/10\/WhatsApp-Image-2021-10-24-at-1.54.20-PM.jpeg?resize=854%2C505&#038;ssl=1\" alt=\"\" class=\"wp-image-47242\" width=\"854\" height=\"505\" srcset=\"https:\/\/i0.wp.com\/elregionalvm.com.ar\/noticias-villa-maria\/wp-content\/uploads\/2021\/10\/WhatsApp-Image-2021-10-24-at-1.54.20-PM.jpeg?w=974&amp;ssl=1 974w, https:\/\/i0.wp.com\/elregionalvm.com.ar\/noticias-villa-maria\/wp-content\/uploads\/2021\/10\/WhatsApp-Image-2021-10-24-at-1.54.20-PM.jpeg?resize=300%2C177&amp;ssl=1 300w, https:\/\/i0.wp.com\/elregionalvm.com.ar\/noticias-villa-maria\/wp-content\/uploads\/2021\/10\/WhatsApp-Image-2021-10-24-at-1.54.20-PM.jpeg?resize=768%2C454&amp;ssl=1 768w\" sizes=\"(max-width: 854px) 100vw, 854px\" \/><figcaption><em>La imagen que difundi\u00f3 la fuerza policial tras la detenci\u00f3n del delincuente. <\/em><\/figcaption><\/figure>\n\n\n\n<p><\/p>\n\n\n\n<p>A\u00fan hoy, la damnificada, una abogada, no pudo recuperar su herramienta de trabajo inform\u00e1tica, donde guardaba documentos relacionados con su tarea profesional. \u201cSon a\u00f1os de trabajo perdidos\u201d, remarc\u00f3 en di\u00e1logo con EL <strong><a href=\"http:\/\/www.elregionalvm.com.ar\">REGIONAL<\/a><\/strong>.<\/p>\n\n\n\n<p>La v\u00edctima relat\u00f3 a nuestro medio c\u00f3mo vivi\u00f3 esos momentos de angustia, luego de ver en directo por las c\u00e1maras de seguridad c\u00f3mo el delincuente intentaba ingresar a la vivienda con total impunidad.<\/p>\n\n\n\n<p>\u201cEstoy aterrada, sabiendo que seguro en d\u00edas sale, porque la causa est\u00e1 caratulada como hurto en flagrancia y no como robo\u201d, expres\u00f3 la vecina que pidi\u00f3 reservar su nombre.<\/p>\n\n\n\n<p>Adem\u00e1s, reclam\u00f3 por la falta de seguridad en el sector. \u201cEste barrio es tierra de nadie desde hace un a\u00f1o. La Polic\u00eda hace lo que puede con lo que tiene. Pero, estamos solos en esta\u201d, enfatiz\u00f3.<\/p>\n\n\n\n<p><\/p>\n\n\n\n<figure class=\"wp-block-embed is-type-video is-provider-youtube wp-block-embed-youtube wp-embed-aspect-16-9 wp-has-aspect-ratio\"><div class=\"wp-block-embed__wrapper\">\n<iframe title=\"Inseguridad - As\u00ed robaron una notebook a una abogada en Barrio Ameghino\" width=\"500\" height=\"281\" src=\"https:\/\/www.youtube.com\/embed\/IfPODTu3rPI?feature=oembed\" frameborder=\"0\" allow=\"accelerometer; autoplay; clipboard-write; encrypted-media; gyroscope; picture-in-picture; web-share\" referrerpolicy=\"strict-origin-when-cross-origin\" allowfullscreen><\/iframe>\n<\/div><\/figure>\n\n\n\n<p><strong>A continuaci\u00f3n, se reproducen algunas partes del testimonio ofrecido a EL REGIONAL.<\/strong><\/p>\n\n\n\n<p><\/p>\n\n\n\n<p><\/p>\n\n\n\n<ul class=\"wp-block-list\"><li>\u201cA las 4.30 de la madrugada mi marido se fue a trabajar. Alrededor de las 5 me despierto porque mi beb\u00e9 quer\u00eda tomar el pecho. Como de costumbre, m\u00e1s estando sola, reviso las c\u00e1maras de seguridad ubicadas en el frente como en el patio. Cuando ingreso a las c\u00e1maras, veo a una persona agachada en el frente de mi casa. Lo primero que me imagino es que estaba ah\u00ed de \u201ccampana\u201d y que hab\u00eda alguien adentro. Me agarr\u00f3 un p\u00e1nico total\u201d.<\/li><\/ul>\n\n\n\n<p><\/p>\n\n\n\n<ul class=\"wp-block-list\"><li>\u201cGrit\u00e9: \u2018\u00a1Qu\u00e9 hac\u00e9s ah\u00ed!\u2019, sin salir del dormitorio. Ah\u00ed nom\u00e1s llam\u00e9 a la Polic\u00eda y me qued\u00e9 en l\u00ednea con la operadora mientras esperaba al patrullero que lleg\u00f3 muy r\u00e1pido. Al sujeto lo detuvieron a pocas cuadras, sin mi notebook que hab\u00eda robado de mi escritorio\u201d.<\/li><\/ul>\n\n\n\n<p><\/p>\n\n\n\n<ul class=\"wp-block-list\"><li>\u201cEsto no es un hecho aislado, ya me hab\u00edan robado una luz de afuera, me apareci\u00f3 un vidrio roto en la puerta del garaje. Nos pasa todos los d\u00edas a los vecinos de esta zona. Estamos a la deriva, sin ayuda de nadie. Hacemos notas, juntamos firmas, pero no pasa nada\u201d.<\/li><\/ul>\n\n\n\n<p><\/p>\n\n\n\n<ul class=\"wp-block-list\"><li>\u201cEste barrio est\u00e1 totalmente desprotegido, la Polic\u00eda hace lo que puede con lo poco que tiene. Estamos totalmente solos. Podr\u00e1n ver la impunidad en el video, hay luces, c\u00e1maras, pero a nadie le importa. El delincuente va y vuelve, encarnizado con querer entrar. Se ve que vuelve con un palo claramente para poder ingresar\u201d.<\/li><\/ul>\n\n\n\n<p><\/p>\n\n\n\n<ul class=\"wp-block-list\"><li>\u201cLa car\u00e1tula est\u00e1 como hurto en flagrancia, pero como hurto, lo cual no me deja tranquila. Si no se cambia la car\u00e1tula a robo, este sujeto en d\u00edas est\u00e1 afuera y sigo a la deriva\u201d.<\/li><\/ul>\n\n\n\n<p><\/p>\n\n\n\n<ul class=\"wp-block-list\"><li>\u201cNadie te escucha ni te ayuda. Con el accionar de la Polic\u00eda estoy s\u00faper conforme, pero es ese momento y luego nada. Quedamos los vecinos en nuestro domicilio rezando pr\u00e1cticamente que no nos vuelva a pasar. Hay promesas de que van a poner luces y c\u00e1maras, pero nada. Los d\u00edas pasan y nos sigue tocando a distintas personas. Quiero hacerlo visible, porque no encuentro otra forma de que los pol\u00edticos y el municipio nos ayuden de alguna manera. Esto no pasa en C\u00f3rdoba o Buenos Aires, ocurre ac\u00e1 en Villa Mar\u00eda. <\/li><\/ul>\n\n\n\n<p><\/p>\n\n\n\n<p><\/p>\n\n\n\n<figure class=\"wp-block-embed is-type-video is-provider-youtube wp-block-embed-youtube wp-embed-aspect-16-9 wp-has-aspect-ratio\"><div class=\"wp-block-embed__wrapper\">\n<iframe title=\"Inseguridad - As\u00ed robaron una notebook a una abogada en Barrio Ameghino\" width=\"500\" height=\"281\" src=\"https:\/\/www.youtube.com\/embed\/IfPODTu3rPI?feature=oembed\" frameborder=\"0\" allow=\"accelerometer; autoplay; clipboard-write; encrypted-media; gyroscope; picture-in-picture; web-share\" referrerpolicy=\"strict-origin-when-cross-origin\" allowfullscreen><\/iframe>\n<\/div><\/figure>\n","protected":false},"excerpt":{"rendered":"<p>Las c\u00e1maras de seguridad de la vivienda capturaron el momento cuando un delincuente forcejea y rompe la ventana de una vivienda y tras varios intentos logra llevarse una notebook. La propietaria ten\u00eda en su computadora \u00aba\u00f1os de trabajo\u00bb como abogada. El ladr\u00f3n fue capturado, pero lo sustra\u00eddo no apareci\u00f3. Reclama mayor seguridad y asegura que [&hellip;]<\/p>\n","protected":false},"author":6,"featured_media":47255,"comment_status":"open","ping_status":"open","sticky":false,"template":"","format":"standard","meta":{"site-sidebar-layout":"default","site-content-layout":"default","ast-site-content-layout":"default","site-content-style":"default","site-sidebar-style":"default","ast-global-header-display":"","ast-banner-title-visibility":"","ast-main-header-display":"","ast-hfb-above-header-display":"","ast-hfb-below-header-display":"","ast-hfb-mobile-header-display":"","site-post-title":"","ast-breadcrumbs-content":"","ast-featured-img":"","footer-sml-layout":"","ast-disable-related-posts":"","theme-transparent-header-meta":"default","adv-header-id-meta":"","stick-header-meta":"","header-above-stick-meta":"","header-main-stick-meta":"","header-below-stick-meta":"","astra-migrate-meta-layouts":"default","ast-page-background-enabled":"default","ast-page-background-meta":{"desktop":{"background-color":"","background-image":"","background-repeat":"repeat","background-position":"center center","background-size":"auto","background-attachment":"scroll","background-type":"","background-media":"","overlay-type":"","overlay-color":"","overlay-opacity":"","overlay-gradient":""},"tablet":{"background-color":"","background-image":"","background-repeat":"repeat","background-position":"center center","background-size":"auto","background-attachment":"scroll","background-type":"","background-media":"","overlay-type":"","overlay-color":"","overlay-opacity":"","overlay-gradient":""},"mobile":{"background-color":"","background-image":"","background-repeat":"repeat","background-position":"center center","background-size":"auto","background-attachment":"scroll","background-type":"","background-media":"","overlay-type":"","overlay-color":"","overlay-opacity":"","overlay-gradient":""}},"ast-content-background-meta":{"desktop":{"background-color":"var(--ast-global-color-5)","background-image":"","background-repeat":"repeat","background-position":"center center","background-size":"auto","background-attachment":"scroll","background-type":"","background-media":"","overlay-type":"","overlay-color":"","overlay-opacity":"","overlay-gradient":""},"tablet":{"background-color":"var(--ast-global-color-5)","background-image":"","background-repeat":"repeat","background-position":"center center","background-size":"auto","background-attachment":"scroll","background-type":"","background-media":"","overlay-type":"","overlay-color":"","overlay-opacity":"","overlay-gradient":""},"mobile":{"background-color":"var(--ast-global-color-5)","background-image":"","background-repeat":"repeat","background-position":"center center","background-size":"auto","background-attachment":"scroll","background-type":"","background-media":"","overlay-type":"","overlay-color":"","overlay-opacity":"","overlay-gradient":""}},"_jetpack_memberships_contains_paid_content":false,"_joinchat":[],"footnotes":""},"categories":[2234,3557,2074,2],"tags":[6890,2712,3848,2766,2302,11885,3077,2716,1160,2446,2075,534],"class_list":["post-47237","post","type-post","status-publish","format-standard","has-post-thumbnail","hentry","category-policiales","category-tercera","category-videos","category-villa-maria","tag-abogada","tag-barrio-ameghino","tag-camara-de-seguridad","tag-hurto","tag-ladron","tag-lopez-y-planes","tag-panico","tag-policia-de-cordoba","tag-robo","tag-temor","tag-video","tag-villa-maria"],"yoast_head":"<!-- This site is optimized with the Yoast SEO plugin v26.8 - https:\/\/yoast.com\/product\/yoast-seo-wordpress\/ -->\n<title>&quot;Estoy aterrada&quot;: As\u00ed robaron en la casa de una abogada en Barrio Ameghino [VIDEO] - El Regional<\/title>\n<meta name=\"description\" content=\"Las c\u00e1maras de seguridad de la vivienda capturaron el momento cuando un delincuente forcejea y rompe la ventana de una vivienda.\" \/>\n<meta name=\"robots\" content=\"index, follow, max-snippet:-1, max-image-preview:large, max-video-preview:-1\" \/>\n<link rel=\"canonical\" href=\"http:\/\/elregionalvm.com.ar\/noticias-villa-maria\/estoy-aterrada-asi-robaron-en-la-casa-de-una-abogada-en-barrio-ameghino-video\/\" \/>\n<meta property=\"og:locale\" content=\"es_ES\" \/>\n<meta property=\"og:type\" content=\"article\" \/>\n<meta property=\"og:title\" content=\"&quot;Estoy aterrada&quot;: As\u00ed robaron en la casa de una abogada en Barrio Ameghino [VIDEO] - El Regional\" \/>\n<meta property=\"og:description\" content=\"Las c\u00e1maras de seguridad de la vivienda capturaron el momento cuando un delincuente forcejea y rompe la ventana de una vivienda.\" \/>\n<meta property=\"og:url\" content=\"http:\/\/elregionalvm.com.ar\/noticias-villa-maria\/estoy-aterrada-asi-robaron-en-la-casa-de-una-abogada-en-barrio-ameghino-video\/\" \/>\n<meta property=\"og:site_name\" content=\"El Regional\" \/>\n<meta property=\"article:publisher\" content=\"https:\/\/www.facebook.com\/elregionalvm\" \/>\n<meta property=\"article:published_time\" content=\"2021-10-27T14:22:29+00:00\" \/>\n<meta property=\"article:modified_time\" content=\"2021-10-29T01:11:15+00:00\" \/>\n<meta property=\"og:image\" content=\"http:\/\/elregionalvm.com.ar\/noticias-villa-maria\/wp-content\/uploads\/2021\/10\/WhatsApp-Image-2021-10-27-at-9.49.37-AM.jpeg\" \/>\n\t<meta property=\"og:image:width\" content=\"1280\" \/>\n\t<meta property=\"og:image:height\" content=\"700\" \/>\n\t<meta property=\"og:image:type\" content=\"image\/jpeg\" \/>\n<meta name=\"author\" content=\"Germ\u00e1n Giacchero\" \/>\n<meta name=\"twitter:card\" content=\"summary_large_image\" \/>\n<meta name=\"twitter:creator\" content=\"@elregionalvm1\" \/>\n<meta name=\"twitter:site\" content=\"@elregionalvm1\" \/>\n<meta name=\"twitter:label1\" content=\"Escrito por\" \/>\n\t<meta name=\"twitter:data1\" content=\"Germ\u00e1n Giacchero\" \/>\n\t<meta name=\"twitter:label2\" content=\"Tiempo de lectura\" \/>\n\t<meta name=\"twitter:data2\" content=\"4 minutos\" \/>\n<script type=\"application\/ld+json\" class=\"yoast-schema-graph\">{\"@context\":\"https:\/\/schema.org\",\"@graph\":[{\"@type\":\"Article\",\"@id\":\"http:\/\/elregionalvm.com.ar\/noticias-villa-maria\/estoy-aterrada-asi-robaron-en-la-casa-de-una-abogada-en-barrio-ameghino-video\/#article\",\"isPartOf\":{\"@id\":\"http:\/\/elregionalvm.com.ar\/noticias-villa-maria\/estoy-aterrada-asi-robaron-en-la-casa-de-una-abogada-en-barrio-ameghino-video\/\"},\"author\":{\"name\":\"Germ\u00e1n Giacchero\",\"@id\":\"http:\/\/elregionalvm.com.ar\/noticias-villa-maria\/#\/schema\/person\/d5e4b04966154131701e52c45d3efec9\"},\"headline\":\"\u00abEstoy aterrada\u00bb: As\u00ed robaron en la casa de una abogada en Barrio Ameghino [VIDEO]\",\"datePublished\":\"2021-10-27T14:22:29+00:00\",\"dateModified\":\"2021-10-29T01:11:15+00:00\",\"mainEntityOfPage\":{\"@id\":\"http:\/\/elregionalvm.com.ar\/noticias-villa-maria\/estoy-aterrada-asi-robaron-en-la-casa-de-una-abogada-en-barrio-ameghino-video\/\"},\"wordCount\":803,\"commentCount\":0,\"image\":{\"@id\":\"http:\/\/elregionalvm.com.ar\/noticias-villa-maria\/estoy-aterrada-asi-robaron-en-la-casa-de-una-abogada-en-barrio-ameghino-video\/#primaryimage\"},\"thumbnailUrl\":\"https:\/\/i0.wp.com\/elregionalvm.com.ar\/noticias-villa-maria\/wp-content\/uploads\/2021\/10\/WhatsApp-Image-2021-10-27-at-9.49.37-AM.jpeg?fit=1280%2C700&ssl=1\",\"keywords\":[\"abogada\",\"barrio Ameghino\",\"C\u00e1mara de seguridad\",\"hurto\",\"Ladr\u00f3n\",\"L\u00f3pez y Planes\",\"p\u00e1nico\",\"Polic\u00eda de C\u00f3rdoba\",\"Robo\",\"temor\",\"video\",\"villa maria\"],\"articleSection\":[\"Policiales\",\"tercera\",\"Videos\",\"Villa Mar\u00eda\"],\"inLanguage\":\"es\",\"potentialAction\":[{\"@type\":\"CommentAction\",\"name\":\"Comment\",\"target\":[\"http:\/\/elregionalvm.com.ar\/noticias-villa-maria\/estoy-aterrada-asi-robaron-en-la-casa-de-una-abogada-en-barrio-ameghino-video\/#respond\"]}]},{\"@type\":\"WebPage\",\"@id\":\"http:\/\/elregionalvm.com.ar\/noticias-villa-maria\/estoy-aterrada-asi-robaron-en-la-casa-de-una-abogada-en-barrio-ameghino-video\/\",\"url\":\"http:\/\/elregionalvm.com.ar\/noticias-villa-maria\/estoy-aterrada-asi-robaron-en-la-casa-de-una-abogada-en-barrio-ameghino-video\/\",\"name\":\"\\\"Estoy aterrada\\\": As\u00ed robaron en la casa de una abogada en Barrio Ameghino [VIDEO] - El Regional\",\"isPartOf\":{\"@id\":\"http:\/\/elregionalvm.com.ar\/noticias-villa-maria\/#website\"},\"primaryImageOfPage\":{\"@id\":\"http:\/\/elregionalvm.com.ar\/noticias-villa-maria\/estoy-aterrada-asi-robaron-en-la-casa-de-una-abogada-en-barrio-ameghino-video\/#primaryimage\"},\"image\":{\"@id\":\"http:\/\/elregionalvm.com.ar\/noticias-villa-maria\/estoy-aterrada-asi-robaron-en-la-casa-de-una-abogada-en-barrio-ameghino-video\/#primaryimage\"},\"thumbnailUrl\":\"https:\/\/i0.wp.com\/elregionalvm.com.ar\/noticias-villa-maria\/wp-content\/uploads\/2021\/10\/WhatsApp-Image-2021-10-27-at-9.49.37-AM.jpeg?fit=1280%2C700&ssl=1\",\"datePublished\":\"2021-10-27T14:22:29+00:00\",\"dateModified\":\"2021-10-29T01:11:15+00:00\",\"author\":{\"@id\":\"http:\/\/elregionalvm.com.ar\/noticias-villa-maria\/#\/schema\/person\/d5e4b04966154131701e52c45d3efec9\"},\"description\":\"Las c\u00e1maras de seguridad de la vivienda capturaron el momento cuando un delincuente forcejea y rompe la ventana de una vivienda.\",\"breadcrumb\":{\"@id\":\"http:\/\/elregionalvm.com.ar\/noticias-villa-maria\/estoy-aterrada-asi-robaron-en-la-casa-de-una-abogada-en-barrio-ameghino-video\/#breadcrumb\"},\"inLanguage\":\"es\",\"potentialAction\":[{\"@type\":\"ReadAction\",\"target\":[\"http:\/\/elregionalvm.com.ar\/noticias-villa-maria\/estoy-aterrada-asi-robaron-en-la-casa-de-una-abogada-en-barrio-ameghino-video\/\"]}]},{\"@type\":\"ImageObject\",\"inLanguage\":\"es\",\"@id\":\"http:\/\/elregionalvm.com.ar\/noticias-villa-maria\/estoy-aterrada-asi-robaron-en-la-casa-de-una-abogada-en-barrio-ameghino-video\/#primaryimage\",\"url\":\"https:\/\/i0.wp.com\/elregionalvm.com.ar\/noticias-villa-maria\/wp-content\/uploads\/2021\/10\/WhatsApp-Image-2021-10-27-at-9.49.37-AM.jpeg?fit=1280%2C700&ssl=1\",\"contentUrl\":\"https:\/\/i0.wp.com\/elregionalvm.com.ar\/noticias-villa-maria\/wp-content\/uploads\/2021\/10\/WhatsApp-Image-2021-10-27-at-9.49.37-AM.jpeg?fit=1280%2C700&ssl=1\",\"width\":1280,\"height\":700},{\"@type\":\"BreadcrumbList\",\"@id\":\"http:\/\/elregionalvm.com.ar\/noticias-villa-maria\/estoy-aterrada-asi-robaron-en-la-casa-de-una-abogada-en-barrio-ameghino-video\/#breadcrumb\",\"itemListElement\":[{\"@type\":\"ListItem\",\"position\":1,\"name\":\"Portada\",\"item\":\"https:\/\/elregionalvm.com.ar\/noticias-villa-maria\/\"},{\"@type\":\"ListItem\",\"position\":2,\"name\":\"&#8220;Estoy aterrada&#8221;: As\u00ed robaron en la casa de una abogada en Barrio Ameghino [VIDEO]\"}]},{\"@type\":\"WebSite\",\"@id\":\"http:\/\/elregionalvm.com.ar\/noticias-villa-maria\/#website\",\"url\":\"http:\/\/elregionalvm.com.ar\/noticias-villa-maria\/\",\"name\":\"El Regional\",\"description\":\"Mucho m\u00e1s que informaci\u00f3n\",\"potentialAction\":[{\"@type\":\"SearchAction\",\"target\":{\"@type\":\"EntryPoint\",\"urlTemplate\":\"http:\/\/elregionalvm.com.ar\/noticias-villa-maria\/?s={search_term_string}\"},\"query-input\":{\"@type\":\"PropertyValueSpecification\",\"valueRequired\":true,\"valueName\":\"search_term_string\"}}],\"inLanguage\":\"es\"},{\"@type\":\"Person\",\"@id\":\"http:\/\/elregionalvm.com.ar\/noticias-villa-maria\/#\/schema\/person\/d5e4b04966154131701e52c45d3efec9\",\"name\":\"Germ\u00e1n Giacchero\",\"image\":{\"@type\":\"ImageObject\",\"inLanguage\":\"es\",\"@id\":\"http:\/\/elregionalvm.com.ar\/noticias-villa-maria\/#\/schema\/person\/image\/\",\"url\":\"https:\/\/secure.gravatar.com\/avatar\/fda163ba5ef0307ee5be9846e10f83b6e83d0cfb260d3b2464830318894c6b04?s=96&d=mm&r=g\",\"contentUrl\":\"https:\/\/secure.gravatar.com\/avatar\/fda163ba5ef0307ee5be9846e10f83b6e83d0cfb260d3b2464830318894c6b04?s=96&d=mm&r=g\",\"caption\":\"Germ\u00e1n Giacchero\"},\"url\":\"https:\/\/elregionalvm.com.ar\/noticias-villa-maria\/author\/germangiacchero\/\"}]}<\/script>\n<!-- \/ Yoast SEO plugin. -->","yoast_head_json":{"title":"\"Estoy aterrada\": As\u00ed robaron en la casa de una abogada en Barrio Ameghino [VIDEO] - El Regional","description":"Las c\u00e1maras de seguridad de la vivienda capturaron el momento cuando un delincuente forcejea y rompe la ventana de una vivienda.","robots":{"index":"index","follow":"follow","max-snippet":"max-snippet:-1","max-image-preview":"max-image-preview:large","max-video-preview":"max-video-preview:-1"},"canonical":"http:\/\/elregionalvm.com.ar\/noticias-villa-maria\/estoy-aterrada-asi-robaron-en-la-casa-de-una-abogada-en-barrio-ameghino-video\/","og_locale":"es_ES","og_type":"article","og_title":"\"Estoy aterrada\": As\u00ed robaron en la casa de una abogada en Barrio Ameghino [VIDEO] - El Regional","og_description":"Las c\u00e1maras de seguridad de la vivienda capturaron el momento cuando un delincuente forcejea y rompe la ventana de una vivienda.","og_url":"http:\/\/elregionalvm.com.ar\/noticias-villa-maria\/estoy-aterrada-asi-robaron-en-la-casa-de-una-abogada-en-barrio-ameghino-video\/","og_site_name":"El Regional","article_publisher":"https:\/\/www.facebook.com\/elregionalvm","article_published_time":"2021-10-27T14:22:29+00:00","article_modified_time":"2021-10-29T01:11:15+00:00","og_image":[{"width":1280,"height":700,"url":"http:\/\/elregionalvm.com.ar\/noticias-villa-maria\/wp-content\/uploads\/2021\/10\/WhatsApp-Image-2021-10-27-at-9.49.37-AM.jpeg","type":"image\/jpeg"}],"author":"Germ\u00e1n Giacchero","twitter_card":"summary_large_image","twitter_creator":"@elregionalvm1","twitter_site":"@elregionalvm1","twitter_misc":{"Escrito por":"Germ\u00e1n Giacchero","Tiempo de lectura":"4 minutos"},"schema":{"@context":"https:\/\/schema.org","@graph":[{"@type":"Article","@id":"http:\/\/elregionalvm.com.ar\/noticias-villa-maria\/estoy-aterrada-asi-robaron-en-la-casa-de-una-abogada-en-barrio-ameghino-video\/#article","isPartOf":{"@id":"http:\/\/elregionalvm.com.ar\/noticias-villa-maria\/estoy-aterrada-asi-robaron-en-la-casa-de-una-abogada-en-barrio-ameghino-video\/"},"author":{"name":"Germ\u00e1n Giacchero","@id":"http:\/\/elregionalvm.com.ar\/noticias-villa-maria\/#\/schema\/person\/d5e4b04966154131701e52c45d3efec9"},"headline":"\u00abEstoy aterrada\u00bb: As\u00ed robaron en la casa de una abogada en Barrio Ameghino [VIDEO]","datePublished":"2021-10-27T14:22:29+00:00","dateModified":"2021-10-29T01:11:15+00:00","mainEntityOfPage":{"@id":"http:\/\/elregionalvm.com.ar\/noticias-villa-maria\/estoy-aterrada-asi-robaron-en-la-casa-de-una-abogada-en-barrio-ameghino-video\/"},"wordCount":803,"commentCount":0,"image":{"@id":"http:\/\/elregionalvm.com.ar\/noticias-villa-maria\/estoy-aterrada-asi-robaron-en-la-casa-de-una-abogada-en-barrio-ameghino-video\/#primaryimage"},"thumbnailUrl":"https:\/\/i0.wp.com\/elregionalvm.com.ar\/noticias-villa-maria\/wp-content\/uploads\/2021\/10\/WhatsApp-Image-2021-10-27-at-9.49.37-AM.jpeg?fit=1280%2C700&ssl=1","keywords":["abogada","barrio Ameghino","C\u00e1mara de seguridad","hurto","Ladr\u00f3n","L\u00f3pez y Planes","p\u00e1nico","Polic\u00eda de C\u00f3rdoba","Robo","temor","video","villa maria"],"articleSection":["Policiales","tercera","Videos","Villa Mar\u00eda"],"inLanguage":"es","potentialAction":[{"@type":"CommentAction","name":"Comment","target":["http:\/\/elregionalvm.com.ar\/noticias-villa-maria\/estoy-aterrada-asi-robaron-en-la-casa-de-una-abogada-en-barrio-ameghino-video\/#respond"]}]},{"@type":"WebPage","@id":"http:\/\/elregionalvm.com.ar\/noticias-villa-maria\/estoy-aterrada-asi-robaron-en-la-casa-de-una-abogada-en-barrio-ameghino-video\/","url":"http:\/\/elregionalvm.com.ar\/noticias-villa-maria\/estoy-aterrada-asi-robaron-en-la-casa-de-una-abogada-en-barrio-ameghino-video\/","name":"\"Estoy aterrada\": As\u00ed robaron en la casa de una abogada en Barrio Ameghino [VIDEO] - El Regional","isPartOf":{"@id":"http:\/\/elregionalvm.com.ar\/noticias-villa-maria\/#website"},"primaryImageOfPage":{"@id":"http:\/\/elregionalvm.com.ar\/noticias-villa-maria\/estoy-aterrada-asi-robaron-en-la-casa-de-una-abogada-en-barrio-ameghino-video\/#primaryimage"},"image":{"@id":"http:\/\/elregionalvm.com.ar\/noticias-villa-maria\/estoy-aterrada-asi-robaron-en-la-casa-de-una-abogada-en-barrio-ameghino-video\/#primaryimage"},"thumbnailUrl":"https:\/\/i0.wp.com\/elregionalvm.com.ar\/noticias-villa-maria\/wp-content\/uploads\/2021\/10\/WhatsApp-Image-2021-10-27-at-9.49.37-AM.jpeg?fit=1280%2C700&ssl=1","datePublished":"2021-10-27T14:22:29+00:00","dateModified":"2021-10-29T01:11:15+00:00","author":{"@id":"http:\/\/elregionalvm.com.ar\/noticias-villa-maria\/#\/schema\/person\/d5e4b04966154131701e52c45d3efec9"},"description":"Las c\u00e1maras de seguridad de la vivienda capturaron el momento cuando un delincuente forcejea y rompe la ventana de una vivienda.","breadcrumb":{"@id":"http:\/\/elregionalvm.com.ar\/noticias-villa-maria\/estoy-aterrada-asi-robaron-en-la-casa-de-una-abogada-en-barrio-ameghino-video\/#breadcrumb"},"inLanguage":"es","potentialAction":[{"@type":"ReadAction","target":["http:\/\/elregionalvm.com.ar\/noticias-villa-maria\/estoy-aterrada-asi-robaron-en-la-casa-de-una-abogada-en-barrio-ameghino-video\/"]}]},{"@type":"ImageObject","inLanguage":"es","@id":"http:\/\/elregionalvm.com.ar\/noticias-villa-maria\/estoy-aterrada-asi-robaron-en-la-casa-de-una-abogada-en-barrio-ameghino-video\/#primaryimage","url":"https:\/\/i0.wp.com\/elregionalvm.com.ar\/noticias-villa-maria\/wp-content\/uploads\/2021\/10\/WhatsApp-Image-2021-10-27-at-9.49.37-AM.jpeg?fit=1280%2C700&ssl=1","contentUrl":"https:\/\/i0.wp.com\/elregionalvm.com.ar\/noticias-villa-maria\/wp-content\/uploads\/2021\/10\/WhatsApp-Image-2021-10-27-at-9.49.37-AM.jpeg?fit=1280%2C700&ssl=1","width":1280,"height":700},{"@type":"BreadcrumbList","@id":"http:\/\/elregionalvm.com.ar\/noticias-villa-maria\/estoy-aterrada-asi-robaron-en-la-casa-de-una-abogada-en-barrio-ameghino-video\/#breadcrumb","itemListElement":[{"@type":"ListItem","position":1,"name":"Portada","item":"https:\/\/elregionalvm.com.ar\/noticias-villa-maria\/"},{"@type":"ListItem","position":2,"name":"&#8220;Estoy aterrada&#8221;: As\u00ed robaron en la casa de una abogada en Barrio Ameghino [VIDEO]"}]},{"@type":"WebSite","@id":"http:\/\/elregionalvm.com.ar\/noticias-villa-maria\/#website","url":"http:\/\/elregionalvm.com.ar\/noticias-villa-maria\/","name":"El Regional","description":"Mucho m\u00e1s que informaci\u00f3n","potentialAction":[{"@type":"SearchAction","target":{"@type":"EntryPoint","urlTemplate":"http:\/\/elregionalvm.com.ar\/noticias-villa-maria\/?s={search_term_string}"},"query-input":{"@type":"PropertyValueSpecification","valueRequired":true,"valueName":"search_term_string"}}],"inLanguage":"es"},{"@type":"Person","@id":"http:\/\/elregionalvm.com.ar\/noticias-villa-maria\/#\/schema\/person\/d5e4b04966154131701e52c45d3efec9","name":"Germ\u00e1n Giacchero","image":{"@type":"ImageObject","inLanguage":"es","@id":"http:\/\/elregionalvm.com.ar\/noticias-villa-maria\/#\/schema\/person\/image\/","url":"https:\/\/secure.gravatar.com\/avatar\/fda163ba5ef0307ee5be9846e10f83b6e83d0cfb260d3b2464830318894c6b04?s=96&d=mm&r=g","contentUrl":"https:\/\/secure.gravatar.com\/avatar\/fda163ba5ef0307ee5be9846e10f83b6e83d0cfb260d3b2464830318894c6b04?s=96&d=mm&r=g","caption":"Germ\u00e1n Giacchero"},"url":"https:\/\/elregionalvm.com.ar\/noticias-villa-maria\/author\/germangiacchero\/"}]}},"jetpack_featured_media_url":"https:\/\/i0.wp.com\/elregionalvm.com.ar\/noticias-villa-maria\/wp-content\/uploads\/2021\/10\/WhatsApp-Image-2021-10-27-at-9.49.37-AM.jpeg?fit=1280%2C700&ssl=1","jetpack_sharing_enabled":true,"_links":{"self":[{"href":"https:\/\/elregionalvm.com.ar\/noticias-villa-maria\/wp-json\/wp\/v2\/posts\/47237","targetHints":{"allow":["GET"]}}],"collection":[{"href":"https:\/\/elregionalvm.com.ar\/noticias-villa-maria\/wp-json\/wp\/v2\/posts"}],"about":[{"href":"https:\/\/elregionalvm.com.ar\/noticias-villa-maria\/wp-json\/wp\/v2\/types\/post"}],"author":[{"embeddable":true,"href":"https:\/\/elregionalvm.com.ar\/noticias-villa-maria\/wp-json\/wp\/v2\/users\/6"}],"replies":[{"embeddable":true,"href":"https:\/\/elregionalvm.com.ar\/noticias-villa-maria\/wp-json\/wp\/v2\/comments?post=47237"}],"version-history":[{"count":4,"href":"https:\/\/elregionalvm.com.ar\/noticias-villa-maria\/wp-json\/wp\/v2\/posts\/47237\/revisions"}],"predecessor-version":[{"id":47243,"href":"https:\/\/elregionalvm.com.ar\/noticias-villa-maria\/wp-json\/wp\/v2\/posts\/47237\/revisions\/47243"}],"wp:featuredmedia":[{"embeddable":true,"href":"https:\/\/elregionalvm.com.ar\/noticias-villa-maria\/wp-json\/wp\/v2\/media\/47255"}],"wp:attachment":[{"href":"https:\/\/elregionalvm.com.ar\/noticias-villa-maria\/wp-json\/wp\/v2\/media?parent=47237"}],"wp:term":[{"taxonomy":"category","embeddable":true,"href":"https:\/\/elregionalvm.com.ar\/noticias-villa-maria\/wp-json\/wp\/v2\/categories?post=47237"},{"taxonomy":"post_tag","embeddable":true,"href":"https:\/\/elregionalvm.com.ar\/noticias-villa-maria\/wp-json\/wp\/v2\/tags?post=47237"}],"curies":[{"name":"wp","href":"https:\/\/api.w.org\/{rel}","templated":true}]}}