{"id":47244,"date":"2021-10-27T23:22:04","date_gmt":"2021-10-27T23:22:04","guid":{"rendered":"https:\/\/elregionalvm.com.ar\/noticias-villa-maria\/?p=47244"},"modified":"2021-10-27T23:27:41","modified_gmt":"2021-10-27T23:27:41","slug":"videos-se-incendio-el-deposito-de-ferreteria-villa-nueva","status":"publish","type":"post","link":"https:\/\/elregionalvm.com.ar\/noticias-villa-maria\/videos-se-incendio-el-deposito-de-ferreteria-villa-nueva\/","title":{"rendered":"[VIDEOS] Se incendi\u00f3 el dep\u00f3sito de Ferreter\u00eda Villa Nueva"},"content":{"rendered":"\n<p>Pasadas las 19:00, un incendio de grandes proporciones tuvo lugar en el dep\u00f3sito de la emblem\u00e1tica Ferreter\u00eda Villa Nueva, en pleno centro de esa ciudad. Una densa columna de humo negro evidenciaba que la situaci\u00f3n podr\u00eda ser de grandes dimensiones.<\/p>\n\n\n\n<p>Raudamente acudieron los bomberos villanovenses con varias unidades y un cami\u00f3n regador de apoyo para los servidores p\u00fablicos en su lucha contra el fuego. Aparentemente tambi\u00e9n recib\u00edan ayuda de una unidad de bomberos de Villa Mar\u00eda.<\/p>\n\n\n\n<p>La Ferreter\u00eda es muy tradicional en la vecina ciudad de Villa Nueva, ubicada frente a la plaza, en De\u00e1n Funes 1026.<\/p>\n\n\n\n<p>MIRE LOS VIDEOS EN ESTA NOTA:<\/p>\n\n\n\n<div class=\"wp-block-image\"><figure class=\"aligncenter size-full is-resized\"><img data-recalc-dims=\"1\" fetchpriority=\"high\" decoding=\"async\" src=\"https:\/\/i0.wp.com\/elregionalvm.com.ar\/noticias-villa-maria\/wp-content\/uploads\/2021\/10\/ferreteria-villa-nueva.png?resize=414%2C242&#038;ssl=1\" alt=\"\" class=\"wp-image-47245\" width=\"414\" height=\"242\" srcset=\"https:\/\/i0.wp.com\/elregionalvm.com.ar\/noticias-villa-maria\/wp-content\/uploads\/2021\/10\/ferreteria-villa-nueva.png?w=841&amp;ssl=1 841w, https:\/\/i0.wp.com\/elregionalvm.com.ar\/noticias-villa-maria\/wp-content\/uploads\/2021\/10\/ferreteria-villa-nueva.png?resize=300%2C176&amp;ssl=1 300w, https:\/\/i0.wp.com\/elregionalvm.com.ar\/noticias-villa-maria\/wp-content\/uploads\/2021\/10\/ferreteria-villa-nueva.png?resize=768%2C450&amp;ssl=1 768w\" sizes=\"(max-width: 414px) 100vw, 414px\" \/><figcaption>El frente de la Ferreter\u00eda, cuyo dep\u00f3sito tom\u00f3 fuego.<\/figcaption><\/figure><\/div>\n\n\n\n<figure class=\"wp-block-video\"><video controls src=\"https:\/\/elregionalvm.com.ar\/noticias-villa-maria\/wp-content\/uploads\/2021\/10\/WhatsApp-Video-2021-10-27-at-19.52.14.mp4\"><\/video><\/figure>\n\n\n\n<figure class=\"wp-block-video\"><video controls src=\"https:\/\/elregionalvm.com.ar\/noticias-villa-maria\/wp-content\/uploads\/2021\/10\/WhatsApp-Video-2021-10-27-at-19.52.14-1.mp4\"><\/video><\/figure>\n\n\n\n<figure class=\"wp-block-video\"><video controls src=\"https:\/\/elregionalvm.com.ar\/noticias-villa-maria\/wp-content\/uploads\/2021\/10\/WhatsApp-Video-2021-10-27-at-19.52.14-2.mp4\"><\/video><\/figure>\n","protected":false},"excerpt":{"rendered":"<p>Pasadas las 19:00, un incendio de grandes proporciones tuvo lugar en el dep\u00f3sito de la emblem\u00e1tica Ferreter\u00eda Villa Nueva, en pleno centro de esa ciudad. Una densa columna de humo negro evidenciaba que la situaci\u00f3n podr\u00eda ser de grandes dimensiones. Raudamente acudieron los bomberos villanovenses con varias unidades y un cami\u00f3n regador de apoyo para [&hellip;]<\/p>\n","protected":false},"author":4,"featured_media":47246,"comment_status":"open","ping_status":"open","sticky":false,"template":"","format":"standard","meta":{"site-sidebar-layout":"default","site-content-layout":"default","ast-site-content-layout":"default","site-content-style":"default","site-sidebar-style":"default","ast-global-header-display":"","ast-banner-title-visibility":"","ast-main-header-display":"","ast-hfb-above-header-display":"","ast-hfb-below-header-display":"","ast-hfb-mobile-header-display":"","site-post-title":"","ast-breadcrumbs-content":"","ast-featured-img":"","footer-sml-layout":"","ast-disable-related-posts":"","theme-transparent-header-meta":"default","adv-header-id-meta":"","stick-header-meta":"","header-above-stick-meta":"","header-main-stick-meta":"","header-below-stick-meta":"","astra-migrate-meta-layouts":"default","ast-page-background-enabled":"default","ast-page-background-meta":{"desktop":{"background-color":"","background-image":"","background-repeat":"repeat","background-position":"center center","background-size":"auto","background-attachment":"scroll","background-type":"","background-media":"","overlay-type":"","overlay-color":"","overlay-opacity":"","overlay-gradient":""},"tablet":{"background-color":"","background-image":"","background-repeat":"repeat","background-position":"center center","background-size":"auto","background-attachment":"scroll","background-type":"","background-media":"","overlay-type":"","overlay-color":"","overlay-opacity":"","overlay-gradient":""},"mobile":{"background-color":"","background-image":"","background-repeat":"repeat","background-position":"center center","background-size":"auto","background-attachment":"scroll","background-type":"","background-media":"","overlay-type":"","overlay-color":"","overlay-opacity":"","overlay-gradient":""}},"ast-content-background-meta":{"desktop":{"background-color":"var(--ast-global-color-5)","background-image":"","background-repeat":"repeat","background-position":"center center","background-size":"auto","background-attachment":"scroll","background-type":"","background-media":"","overlay-type":"","overlay-color":"","overlay-opacity":"","overlay-gradient":""},"tablet":{"background-color":"var(--ast-global-color-5)","background-image":"","background-repeat":"repeat","background-position":"center center","background-size":"auto","background-attachment":"scroll","background-type":"","background-media":"","overlay-type":"","overlay-color":"","overlay-opacity":"","overlay-gradient":""},"mobile":{"background-color":"var(--ast-global-color-5)","background-image":"","background-repeat":"repeat","background-position":"center center","background-size":"auto","background-attachment":"scroll","background-type":"","background-media":"","overlay-type":"","overlay-color":"","overlay-opacity":"","overlay-gradient":""}},"_jetpack_memberships_contains_paid_content":false,"_joinchat":[],"footnotes":""},"categories":[1408],"tags":[1343,11887,3479,1232,11886,1487,232],"class_list":["post-47244","post","type-post","status-publish","format-standard","has-post-thumbnail","hentry","category-villa-nueva","tag-bomberos","tag-centro-villanovense","tag-deposito","tag-destacado","tag-ferreteria-villa-nueva","tag-incendio","tag-villa-nueva"],"yoast_head":"<!-- This site is optimized with the Yoast SEO plugin v26.8 - https:\/\/yoast.com\/product\/yoast-seo-wordpress\/ -->\n<title>[VIDEOS] Se incendi\u00f3 el dep\u00f3sito de Ferreter\u00eda Villa Nueva - El Regional<\/title>\n<meta name=\"robots\" content=\"index, follow, max-snippet:-1, max-image-preview:large, max-video-preview:-1\" \/>\n<link rel=\"canonical\" href=\"http:\/\/elregionalvm.com.ar\/noticias-villa-maria\/videos-se-incendio-el-deposito-de-ferreteria-villa-nueva\/\" \/>\n<meta property=\"og:locale\" content=\"es_ES\" \/>\n<meta property=\"og:type\" content=\"article\" \/>\n<meta property=\"og:title\" content=\"[VIDEOS] Se incendi\u00f3 el dep\u00f3sito de Ferreter\u00eda Villa Nueva - El Regional\" \/>\n<meta property=\"og:description\" content=\"Pasadas las 19:00, un incendio de grandes proporciones tuvo lugar en el dep\u00f3sito de la emblem\u00e1tica Ferreter\u00eda Villa Nueva, en pleno centro de esa ciudad. Una densa columna de humo negro evidenciaba que la situaci\u00f3n podr\u00eda ser de grandes dimensiones. Raudamente acudieron los bomberos villanovenses con varias unidades y un cami\u00f3n regador de apoyo para [&hellip;]\" \/>\n<meta property=\"og:url\" content=\"http:\/\/elregionalvm.com.ar\/noticias-villa-maria\/videos-se-incendio-el-deposito-de-ferreteria-villa-nueva\/\" \/>\n<meta property=\"og:site_name\" content=\"El Regional\" \/>\n<meta property=\"article:publisher\" content=\"https:\/\/www.facebook.com\/elregionalvm\" \/>\n<meta property=\"article:published_time\" content=\"2021-10-27T23:22:04+00:00\" \/>\n<meta property=\"article:modified_time\" content=\"2021-10-27T23:27:41+00:00\" \/>\n<meta property=\"og:image\" content=\"http:\/\/elregionalvm.com.ar\/noticias-villa-maria\/wp-content\/uploads\/2021\/10\/WhatsApp-Image-2021-10-27-at-19.52.16.jpeg\" \/>\n\t<meta property=\"og:image:width\" content=\"1600\" \/>\n\t<meta property=\"og:image:height\" content=\"900\" \/>\n\t<meta property=\"og:image:type\" content=\"image\/jpeg\" \/>\n<meta name=\"author\" content=\"Contenidos El Regional\" \/>\n<meta name=\"twitter:card\" content=\"summary_large_image\" \/>\n<meta name=\"twitter:creator\" content=\"@elregionalvm1\" \/>\n<meta name=\"twitter:site\" content=\"@elregionalvm1\" \/>\n<meta name=\"twitter:label1\" content=\"Escrito por\" \/>\n\t<meta name=\"twitter:data1\" content=\"Contenidos El Regional\" \/>\n\t<meta name=\"twitter:label2\" content=\"Tiempo de lectura\" \/>\n\t<meta name=\"twitter:data2\" content=\"1 minuto\" \/>\n<script type=\"application\/ld+json\" class=\"yoast-schema-graph\">{\"@context\":\"https:\/\/schema.org\",\"@graph\":[{\"@type\":\"Article\",\"@id\":\"http:\/\/elregionalvm.com.ar\/noticias-villa-maria\/videos-se-incendio-el-deposito-de-ferreteria-villa-nueva\/#article\",\"isPartOf\":{\"@id\":\"http:\/\/elregionalvm.com.ar\/noticias-villa-maria\/videos-se-incendio-el-deposito-de-ferreteria-villa-nueva\/\"},\"author\":{\"name\":\"Contenidos El Regional\",\"@id\":\"http:\/\/elregionalvm.com.ar\/noticias-villa-maria\/#\/schema\/person\/a0fb9c422317faca23d50163151bc354\"},\"headline\":\"[VIDEOS] Se incendi\u00f3 el dep\u00f3sito de Ferreter\u00eda Villa Nueva\",\"datePublished\":\"2021-10-27T23:22:04+00:00\",\"dateModified\":\"2021-10-27T23:27:41+00:00\",\"mainEntityOfPage\":{\"@id\":\"http:\/\/elregionalvm.com.ar\/noticias-villa-maria\/videos-se-incendio-el-deposito-de-ferreteria-villa-nueva\/\"},\"wordCount\":135,\"commentCount\":0,\"image\":{\"@id\":\"http:\/\/elregionalvm.com.ar\/noticias-villa-maria\/videos-se-incendio-el-deposito-de-ferreteria-villa-nueva\/#primaryimage\"},\"thumbnailUrl\":\"https:\/\/i0.wp.com\/elregionalvm.com.ar\/noticias-villa-maria\/wp-content\/uploads\/2021\/10\/WhatsApp-Image-2021-10-27-at-19.52.16.jpeg?fit=1600%2C900&ssl=1\",\"keywords\":[\"Bomberos\",\"centro villanovense\",\"dep\u00f3sito\",\"destacado\",\"Ferreter\u00eda Villa Nueva\",\"Incendio\",\"VILLA NUEVA\"],\"articleSection\":[\"Villa Nueva\"],\"inLanguage\":\"es\",\"potentialAction\":[{\"@type\":\"CommentAction\",\"name\":\"Comment\",\"target\":[\"http:\/\/elregionalvm.com.ar\/noticias-villa-maria\/videos-se-incendio-el-deposito-de-ferreteria-villa-nueva\/#respond\"]}]},{\"@type\":\"WebPage\",\"@id\":\"http:\/\/elregionalvm.com.ar\/noticias-villa-maria\/videos-se-incendio-el-deposito-de-ferreteria-villa-nueva\/\",\"url\":\"http:\/\/elregionalvm.com.ar\/noticias-villa-maria\/videos-se-incendio-el-deposito-de-ferreteria-villa-nueva\/\",\"name\":\"[VIDEOS] Se incendi\u00f3 el dep\u00f3sito de Ferreter\u00eda Villa Nueva - El Regional\",\"isPartOf\":{\"@id\":\"http:\/\/elregionalvm.com.ar\/noticias-villa-maria\/#website\"},\"primaryImageOfPage\":{\"@id\":\"http:\/\/elregionalvm.com.ar\/noticias-villa-maria\/videos-se-incendio-el-deposito-de-ferreteria-villa-nueva\/#primaryimage\"},\"image\":{\"@id\":\"http:\/\/elregionalvm.com.ar\/noticias-villa-maria\/videos-se-incendio-el-deposito-de-ferreteria-villa-nueva\/#primaryimage\"},\"thumbnailUrl\":\"https:\/\/i0.wp.com\/elregionalvm.com.ar\/noticias-villa-maria\/wp-content\/uploads\/2021\/10\/WhatsApp-Image-2021-10-27-at-19.52.16.jpeg?fit=1600%2C900&ssl=1\",\"datePublished\":\"2021-10-27T23:22:04+00:00\",\"dateModified\":\"2021-10-27T23:27:41+00:00\",\"author\":{\"@id\":\"http:\/\/elregionalvm.com.ar\/noticias-villa-maria\/#\/schema\/person\/a0fb9c422317faca23d50163151bc354\"},\"breadcrumb\":{\"@id\":\"http:\/\/elregionalvm.com.ar\/noticias-villa-maria\/videos-se-incendio-el-deposito-de-ferreteria-villa-nueva\/#breadcrumb\"},\"inLanguage\":\"es\",\"potentialAction\":[{\"@type\":\"ReadAction\",\"target\":[\"http:\/\/elregionalvm.com.ar\/noticias-villa-maria\/videos-se-incendio-el-deposito-de-ferreteria-villa-nueva\/\"]}]},{\"@type\":\"ImageObject\",\"inLanguage\":\"es\",\"@id\":\"http:\/\/elregionalvm.com.ar\/noticias-villa-maria\/videos-se-incendio-el-deposito-de-ferreteria-villa-nueva\/#primaryimage\",\"url\":\"https:\/\/i0.wp.com\/elregionalvm.com.ar\/noticias-villa-maria\/wp-content\/uploads\/2021\/10\/WhatsApp-Image-2021-10-27-at-19.52.16.jpeg?fit=1600%2C900&ssl=1\",\"contentUrl\":\"https:\/\/i0.wp.com\/elregionalvm.com.ar\/noticias-villa-maria\/wp-content\/uploads\/2021\/10\/WhatsApp-Image-2021-10-27-at-19.52.16.jpeg?fit=1600%2C900&ssl=1\",\"width\":1600,\"height\":900},{\"@type\":\"BreadcrumbList\",\"@id\":\"http:\/\/elregionalvm.com.ar\/noticias-villa-maria\/videos-se-incendio-el-deposito-de-ferreteria-villa-nueva\/#breadcrumb\",\"itemListElement\":[{\"@type\":\"ListItem\",\"position\":1,\"name\":\"Portada\",\"item\":\"https:\/\/elregionalvm.com.ar\/noticias-villa-maria\/\"},{\"@type\":\"ListItem\",\"position\":2,\"name\":\"[VIDEOS] Se incendi\u00f3 el dep\u00f3sito de Ferreter\u00eda Villa Nueva\"}]},{\"@type\":\"WebSite\",\"@id\":\"http:\/\/elregionalvm.com.ar\/noticias-villa-maria\/#website\",\"url\":\"http:\/\/elregionalvm.com.ar\/noticias-villa-maria\/\",\"name\":\"El Regional\",\"description\":\"Mucho m\u00e1s que informaci\u00f3n\",\"potentialAction\":[{\"@type\":\"SearchAction\",\"target\":{\"@type\":\"EntryPoint\",\"urlTemplate\":\"http:\/\/elregionalvm.com.ar\/noticias-villa-maria\/?s={search_term_string}\"},\"query-input\":{\"@type\":\"PropertyValueSpecification\",\"valueRequired\":true,\"valueName\":\"search_term_string\"}}],\"inLanguage\":\"es\"},{\"@type\":\"Person\",\"@id\":\"http:\/\/elregionalvm.com.ar\/noticias-villa-maria\/#\/schema\/person\/a0fb9c422317faca23d50163151bc354\",\"name\":\"Contenidos El Regional\",\"image\":{\"@type\":\"ImageObject\",\"inLanguage\":\"es\",\"@id\":\"http:\/\/elregionalvm.com.ar\/noticias-villa-maria\/#\/schema\/person\/image\/\",\"url\":\"https:\/\/secure.gravatar.com\/avatar\/265b27cb2209af7bb3a1318f03305787d7981a5cc6e6cd08fe5a4ecdf99d4b48?s=96&d=mm&r=g\",\"contentUrl\":\"https:\/\/secure.gravatar.com\/avatar\/265b27cb2209af7bb3a1318f03305787d7981a5cc6e6cd08fe5a4ecdf99d4b48?s=96&d=mm&r=g\",\"caption\":\"Contenidos El Regional\"},\"url\":\"https:\/\/elregionalvm.com.ar\/noticias-villa-maria\/author\/contenido\/\"}]}<\/script>\n<!-- \/ Yoast SEO plugin. -->","yoast_head_json":{"title":"[VIDEOS] Se incendi\u00f3 el dep\u00f3sito de Ferreter\u00eda Villa Nueva - El Regional","robots":{"index":"index","follow":"follow","max-snippet":"max-snippet:-1","max-image-preview":"max-image-preview:large","max-video-preview":"max-video-preview:-1"},"canonical":"http:\/\/elregionalvm.com.ar\/noticias-villa-maria\/videos-se-incendio-el-deposito-de-ferreteria-villa-nueva\/","og_locale":"es_ES","og_type":"article","og_title":"[VIDEOS] Se incendi\u00f3 el dep\u00f3sito de Ferreter\u00eda Villa Nueva - El Regional","og_description":"Pasadas las 19:00, un incendio de grandes proporciones tuvo lugar en el dep\u00f3sito de la emblem\u00e1tica Ferreter\u00eda Villa Nueva, en pleno centro de esa ciudad. Una densa columna de humo negro evidenciaba que la situaci\u00f3n podr\u00eda ser de grandes dimensiones. Raudamente acudieron los bomberos villanovenses con varias unidades y un cami\u00f3n regador de apoyo para [&hellip;]","og_url":"http:\/\/elregionalvm.com.ar\/noticias-villa-maria\/videos-se-incendio-el-deposito-de-ferreteria-villa-nueva\/","og_site_name":"El Regional","article_publisher":"https:\/\/www.facebook.com\/elregionalvm","article_published_time":"2021-10-27T23:22:04+00:00","article_modified_time":"2021-10-27T23:27:41+00:00","og_image":[{"width":1600,"height":900,"url":"http:\/\/elregionalvm.com.ar\/noticias-villa-maria\/wp-content\/uploads\/2021\/10\/WhatsApp-Image-2021-10-27-at-19.52.16.jpeg","type":"image\/jpeg"}],"author":"Contenidos El Regional","twitter_card":"summary_large_image","twitter_creator":"@elregionalvm1","twitter_site":"@elregionalvm1","twitter_misc":{"Escrito por":"Contenidos El Regional","Tiempo de lectura":"1 minuto"},"schema":{"@context":"https:\/\/schema.org","@graph":[{"@type":"Article","@id":"http:\/\/elregionalvm.com.ar\/noticias-villa-maria\/videos-se-incendio-el-deposito-de-ferreteria-villa-nueva\/#article","isPartOf":{"@id":"http:\/\/elregionalvm.com.ar\/noticias-villa-maria\/videos-se-incendio-el-deposito-de-ferreteria-villa-nueva\/"},"author":{"name":"Contenidos El Regional","@id":"http:\/\/elregionalvm.com.ar\/noticias-villa-maria\/#\/schema\/person\/a0fb9c422317faca23d50163151bc354"},"headline":"[VIDEOS] Se incendi\u00f3 el dep\u00f3sito de Ferreter\u00eda Villa Nueva","datePublished":"2021-10-27T23:22:04+00:00","dateModified":"2021-10-27T23:27:41+00:00","mainEntityOfPage":{"@id":"http:\/\/elregionalvm.com.ar\/noticias-villa-maria\/videos-se-incendio-el-deposito-de-ferreteria-villa-nueva\/"},"wordCount":135,"commentCount":0,"image":{"@id":"http:\/\/elregionalvm.com.ar\/noticias-villa-maria\/videos-se-incendio-el-deposito-de-ferreteria-villa-nueva\/#primaryimage"},"thumbnailUrl":"https:\/\/i0.wp.com\/elregionalvm.com.ar\/noticias-villa-maria\/wp-content\/uploads\/2021\/10\/WhatsApp-Image-2021-10-27-at-19.52.16.jpeg?fit=1600%2C900&ssl=1","keywords":["Bomberos","centro villanovense","dep\u00f3sito","destacado","Ferreter\u00eda Villa Nueva","Incendio","VILLA NUEVA"],"articleSection":["Villa Nueva"],"inLanguage":"es","potentialAction":[{"@type":"CommentAction","name":"Comment","target":["http:\/\/elregionalvm.com.ar\/noticias-villa-maria\/videos-se-incendio-el-deposito-de-ferreteria-villa-nueva\/#respond"]}]},{"@type":"WebPage","@id":"http:\/\/elregionalvm.com.ar\/noticias-villa-maria\/videos-se-incendio-el-deposito-de-ferreteria-villa-nueva\/","url":"http:\/\/elregionalvm.com.ar\/noticias-villa-maria\/videos-se-incendio-el-deposito-de-ferreteria-villa-nueva\/","name":"[VIDEOS] Se incendi\u00f3 el dep\u00f3sito de Ferreter\u00eda Villa Nueva - El Regional","isPartOf":{"@id":"http:\/\/elregionalvm.com.ar\/noticias-villa-maria\/#website"},"primaryImageOfPage":{"@id":"http:\/\/elregionalvm.com.ar\/noticias-villa-maria\/videos-se-incendio-el-deposito-de-ferreteria-villa-nueva\/#primaryimage"},"image":{"@id":"http:\/\/elregionalvm.com.ar\/noticias-villa-maria\/videos-se-incendio-el-deposito-de-ferreteria-villa-nueva\/#primaryimage"},"thumbnailUrl":"https:\/\/i0.wp.com\/elregionalvm.com.ar\/noticias-villa-maria\/wp-content\/uploads\/2021\/10\/WhatsApp-Image-2021-10-27-at-19.52.16.jpeg?fit=1600%2C900&ssl=1","datePublished":"2021-10-27T23:22:04+00:00","dateModified":"2021-10-27T23:27:41+00:00","author":{"@id":"http:\/\/elregionalvm.com.ar\/noticias-villa-maria\/#\/schema\/person\/a0fb9c422317faca23d50163151bc354"},"breadcrumb":{"@id":"http:\/\/elregionalvm.com.ar\/noticias-villa-maria\/videos-se-incendio-el-deposito-de-ferreteria-villa-nueva\/#breadcrumb"},"inLanguage":"es","potentialAction":[{"@type":"ReadAction","target":["http:\/\/elregionalvm.com.ar\/noticias-villa-maria\/videos-se-incendio-el-deposito-de-ferreteria-villa-nueva\/"]}]},{"@type":"ImageObject","inLanguage":"es","@id":"http:\/\/elregionalvm.com.ar\/noticias-villa-maria\/videos-se-incendio-el-deposito-de-ferreteria-villa-nueva\/#primaryimage","url":"https:\/\/i0.wp.com\/elregionalvm.com.ar\/noticias-villa-maria\/wp-content\/uploads\/2021\/10\/WhatsApp-Image-2021-10-27-at-19.52.16.jpeg?fit=1600%2C900&ssl=1","contentUrl":"https:\/\/i0.wp.com\/elregionalvm.com.ar\/noticias-villa-maria\/wp-content\/uploads\/2021\/10\/WhatsApp-Image-2021-10-27-at-19.52.16.jpeg?fit=1600%2C900&ssl=1","width":1600,"height":900},{"@type":"BreadcrumbList","@id":"http:\/\/elregionalvm.com.ar\/noticias-villa-maria\/videos-se-incendio-el-deposito-de-ferreteria-villa-nueva\/#breadcrumb","itemListElement":[{"@type":"ListItem","position":1,"name":"Portada","item":"https:\/\/elregionalvm.com.ar\/noticias-villa-maria\/"},{"@type":"ListItem","position":2,"name":"[VIDEOS] Se incendi\u00f3 el dep\u00f3sito de Ferreter\u00eda Villa Nueva"}]},{"@type":"WebSite","@id":"http:\/\/elregionalvm.com.ar\/noticias-villa-maria\/#website","url":"http:\/\/elregionalvm.com.ar\/noticias-villa-maria\/","name":"El Regional","description":"Mucho m\u00e1s que informaci\u00f3n","potentialAction":[{"@type":"SearchAction","target":{"@type":"EntryPoint","urlTemplate":"http:\/\/elregionalvm.com.ar\/noticias-villa-maria\/?s={search_term_string}"},"query-input":{"@type":"PropertyValueSpecification","valueRequired":true,"valueName":"search_term_string"}}],"inLanguage":"es"},{"@type":"Person","@id":"http:\/\/elregionalvm.com.ar\/noticias-villa-maria\/#\/schema\/person\/a0fb9c422317faca23d50163151bc354","name":"Contenidos El Regional","image":{"@type":"ImageObject","inLanguage":"es","@id":"http:\/\/elregionalvm.com.ar\/noticias-villa-maria\/#\/schema\/person\/image\/","url":"https:\/\/secure.gravatar.com\/avatar\/265b27cb2209af7bb3a1318f03305787d7981a5cc6e6cd08fe5a4ecdf99d4b48?s=96&d=mm&r=g","contentUrl":"https:\/\/secure.gravatar.com\/avatar\/265b27cb2209af7bb3a1318f03305787d7981a5cc6e6cd08fe5a4ecdf99d4b48?s=96&d=mm&r=g","caption":"Contenidos El Regional"},"url":"https:\/\/elregionalvm.com.ar\/noticias-villa-maria\/author\/contenido\/"}]}},"jetpack_featured_media_url":"https:\/\/i0.wp.com\/elregionalvm.com.ar\/noticias-villa-maria\/wp-content\/uploads\/2021\/10\/WhatsApp-Image-2021-10-27-at-19.52.16.jpeg?fit=1600%2C900&ssl=1","jetpack_sharing_enabled":true,"_links":{"self":[{"href":"https:\/\/elregionalvm.com.ar\/noticias-villa-maria\/wp-json\/wp\/v2\/posts\/47244","targetHints":{"allow":["GET"]}}],"collection":[{"href":"https:\/\/elregionalvm.com.ar\/noticias-villa-maria\/wp-json\/wp\/v2\/posts"}],"about":[{"href":"https:\/\/elregionalvm.com.ar\/noticias-villa-maria\/wp-json\/wp\/v2\/types\/post"}],"author":[{"embeddable":true,"href":"https:\/\/elregionalvm.com.ar\/noticias-villa-maria\/wp-json\/wp\/v2\/users\/4"}],"replies":[{"embeddable":true,"href":"https:\/\/elregionalvm.com.ar\/noticias-villa-maria\/wp-json\/wp\/v2\/comments?post=47244"}],"version-history":[{"count":2,"href":"https:\/\/elregionalvm.com.ar\/noticias-villa-maria\/wp-json\/wp\/v2\/posts\/47244\/revisions"}],"predecessor-version":[{"id":47252,"href":"https:\/\/elregionalvm.com.ar\/noticias-villa-maria\/wp-json\/wp\/v2\/posts\/47244\/revisions\/47252"}],"wp:featuredmedia":[{"embeddable":true,"href":"https:\/\/elregionalvm.com.ar\/noticias-villa-maria\/wp-json\/wp\/v2\/media\/47246"}],"wp:attachment":[{"href":"https:\/\/elregionalvm.com.ar\/noticias-villa-maria\/wp-json\/wp\/v2\/media?parent=47244"}],"wp:term":[{"taxonomy":"category","embeddable":true,"href":"https:\/\/elregionalvm.com.ar\/noticias-villa-maria\/wp-json\/wp\/v2\/categories?post=47244"},{"taxonomy":"post_tag","embeddable":true,"href":"https:\/\/elregionalvm.com.ar\/noticias-villa-maria\/wp-json\/wp\/v2\/tags?post=47244"}],"curies":[{"name":"wp","href":"https:\/\/api.w.org\/{rel}","templated":true}]}}