{"id":47766,"date":"2021-11-07T14:07:14","date_gmt":"2021-11-07T14:07:14","guid":{"rendered":"https:\/\/elregionalvm.com.ar\/noticias-villa-maria\/?p=47766"},"modified":"2021-11-07T14:07:36","modified_gmt":"2021-11-07T14:07:36","slug":"pavimentacion-y-repavimentacion-mira-que-calles-estan-en-obras","status":"publish","type":"post","link":"https:\/\/elregionalvm.com.ar\/noticias-villa-maria\/pavimentacion-y-repavimentacion-mira-que-calles-estan-en-obras\/","title":{"rendered":"Pavimentaci\u00f3n y repavimentaci\u00f3n:  mir\u00e1 qu\u00e9 calles est\u00e1n en obras"},"content":{"rendered":"\n<p>A pocos d\u00edas de la firma del contrato, comenzaron las tareas de repavimentaci\u00f3n de avenidas del acceso norte a la ciudad. Los trabajos iniciaron en el cruce de avenida Larraburu y Sucre.<\/p>\n\n\n\n<p>Puntualmente, se dio inicio con la de toma de niveles y tareas t\u00e9cnicas en las avenidas Larrabure y Alem, mientras que las labores se extender\u00e1n hasta V\u00e9lez Sarsfield, al igual que en Sucre y De\u00e1n Funes e Independencia. All\u00ed, se repavimentar\u00e1 el tramo de Larrabure hasta Alem con diversos arreglos. Adem\u00e1s, en avenidas Sucre, De\u00e1n Funes e Independencia la obra contempla el ensanchamiento de las arterias para la construcci\u00f3n de dos carriles por mano.<\/p>\n\n\n\n<p>Es importante destacar que el presupuesto oficial de la repavimentaci\u00f3n de las avenidas alcanza los 243 millones de pesos, financiados con fondos gestionados por el municipio ante el Gobierno nacional. La obra se enmarca en las intervenciones realizadas por Vialidad Nacional, ya que supone la mejora de accesos vinculados a las rutas nacionales 9 y 158.<\/p>\n\n\n\n<p><strong><br>Ya est\u00e1 en marcha la licitaci\u00f3n para pavimentar la prolongaci\u00f3n de bulevar Alvear desde la Terminal de \u00d3mnibus hasta la Ruta 9<\/strong><\/p>\n\n\n\n<p>Se hizo p\u00fablico el llamado a licitaci\u00f3n N\u00b008\/2021 que hace referencia a la obra Prolongaci\u00f3n Alvear desde bulevar Sarmiento hasta Ruta Nacional N\u00b09, seg\u00fan informa oficialmente el llamado publicado por el Instituto Municipal de Inversi\u00f3n (IMI).<\/p>\n\n\n\n<p>De acuerdo a las especificaciones del llamado, el plazo de presentaci\u00f3n de ofertas estar\u00e1 abierto hasta el martes 23 de noviembre, y la posterior apertura de sobres est\u00e1 prevista para el 30 de noviembre a las 10 horas en la sede del IMI.<\/p>\n\n\n\n<p>Los trabajos en el lugar se realizar\u00e1n desde la Terminal de \u00d3mnibus hasta la Ruta 9, pasando por el Hogar Municipal de Ancianos, Matadero, calle Paraguay, barrio Evita y culminando en el paso nivel antes de llegar a la planta de Epec, en barrio Las Playas. De esta manera, la obra significando un impacto directo en la columna vertebral de la ciudad, conformada por bulevar Espa\u00f1a &#8211; Alvear.<\/p>\n\n\n\n<p>Es importante destacar que la obra ser\u00e1 ejecutada mediante fondos gestionados por el municipio ante la cartera nacional y el proyecto presentado en su momento ya cuenta con la aprobaci\u00f3n t\u00e9cnica y econ\u00f3micamente por la Secretar\u00eda de Obras P\u00fablicas mediante el \u00e1rea t\u00e9cnica de la Direcci\u00f3n de Planificaci\u00f3n de Transporte.<\/p>\n\n\n\n<p>Por otro lado, cabe decir que la obra alcanza los 398 millones de pesos, contempla la mejora en accesibilidad y estructura de canteros centrales y pavimento. Del mismo modo, ser\u00e1n efectuadas obras de desag\u00fce, construcci\u00f3n de ciclov\u00edas, y colocaci\u00f3n de luces led en todo el tramo.<\/p>\n","protected":false},"excerpt":{"rendered":"<p>A pocos d\u00edas de la firma del contrato, comenzaron las tareas de repavimentaci\u00f3n de avenidas del acceso norte a la ciudad. Los trabajos iniciaron en el cruce de avenida Larraburu y Sucre. Puntualmente, se dio inicio con la de toma de niveles y tareas t\u00e9cnicas en las avenidas Larrabure y Alem, mientras que las labores [&hellip;]<\/p>\n","protected":false},"author":4,"featured_media":47767,"comment_status":"open","ping_status":"open","sticky":false,"template":"","format":"standard","meta":{"site-sidebar-layout":"default","site-content-layout":"default","ast-site-content-layout":"default","site-content-style":"default","site-sidebar-style":"default","ast-global-header-display":"","ast-banner-title-visibility":"","ast-main-header-display":"","ast-hfb-above-header-display":"","ast-hfb-below-header-display":"","ast-hfb-mobile-header-display":"","site-post-title":"","ast-breadcrumbs-content":"","ast-featured-img":"","footer-sml-layout":"","ast-disable-related-posts":"","theme-transparent-header-meta":"default","adv-header-id-meta":"","stick-header-meta":"","header-above-stick-meta":"","header-main-stick-meta":"","header-below-stick-meta":"","astra-migrate-meta-layouts":"default","ast-page-background-enabled":"default","ast-page-background-meta":{"desktop":{"background-color":"","background-image":"","background-repeat":"repeat","background-position":"center center","background-size":"auto","background-attachment":"scroll","background-type":"","background-media":"","overlay-type":"","overlay-color":"","overlay-opacity":"","overlay-gradient":""},"tablet":{"background-color":"","background-image":"","background-repeat":"repeat","background-position":"center center","background-size":"auto","background-attachment":"scroll","background-type":"","background-media":"","overlay-type":"","overlay-color":"","overlay-opacity":"","overlay-gradient":""},"mobile":{"background-color":"","background-image":"","background-repeat":"repeat","background-position":"center center","background-size":"auto","background-attachment":"scroll","background-type":"","background-media":"","overlay-type":"","overlay-color":"","overlay-opacity":"","overlay-gradient":""}},"ast-content-background-meta":{"desktop":{"background-color":"var(--ast-global-color-5)","background-image":"","background-repeat":"repeat","background-position":"center center","background-size":"auto","background-attachment":"scroll","background-type":"","background-media":"","overlay-type":"","overlay-color":"","overlay-opacity":"","overlay-gradient":""},"tablet":{"background-color":"var(--ast-global-color-5)","background-image":"","background-repeat":"repeat","background-position":"center center","background-size":"auto","background-attachment":"scroll","background-type":"","background-media":"","overlay-type":"","overlay-color":"","overlay-opacity":"","overlay-gradient":""},"mobile":{"background-color":"var(--ast-global-color-5)","background-image":"","background-repeat":"repeat","background-position":"center center","background-size":"auto","background-attachment":"scroll","background-type":"","background-media":"","overlay-type":"","overlay-color":"","overlay-opacity":"","overlay-gradient":""}},"_jetpack_memberships_contains_paid_content":false,"_joinchat":[],"footnotes":""},"categories":[2],"tags":[1232,12062,12,1161,4532,5413,2248],"class_list":["post-47766","post","type-post","status-publish","format-standard","has-post-thumbnail","hentry","category-villa-maria","tag-destacado","tag-ingreso-norte","tag-obras","tag-pavimentacion","tag-repavimentacion","tag-ruta-9","tag-villa-maria-2"],"yoast_head":"<!-- This site is optimized with the Yoast SEO plugin v26.8 - https:\/\/yoast.com\/product\/yoast-seo-wordpress\/ -->\n<title>Pavimentaci\u00f3n y repavimentaci\u00f3n: mir\u00e1 qu\u00e9 calles est\u00e1n en obras - El Regional<\/title>\n<meta name=\"robots\" content=\"index, follow, max-snippet:-1, max-image-preview:large, max-video-preview:-1\" \/>\n<link rel=\"canonical\" href=\"http:\/\/elregionalvm.com.ar\/noticias-villa-maria\/pavimentacion-y-repavimentacion-mira-que-calles-estan-en-obras\/\" \/>\n<meta property=\"og:locale\" content=\"es_ES\" \/>\n<meta property=\"og:type\" content=\"article\" \/>\n<meta property=\"og:title\" content=\"Pavimentaci\u00f3n y repavimentaci\u00f3n: mir\u00e1 qu\u00e9 calles est\u00e1n en obras - El Regional\" \/>\n<meta property=\"og:description\" content=\"A pocos d\u00edas de la firma del contrato, comenzaron las tareas de repavimentaci\u00f3n de avenidas del acceso norte a la ciudad. Los trabajos iniciaron en el cruce de avenida Larraburu y Sucre. Puntualmente, se dio inicio con la de toma de niveles y tareas t\u00e9cnicas en las avenidas Larrabure y Alem, mientras que las labores [&hellip;]\" \/>\n<meta property=\"og:url\" content=\"http:\/\/elregionalvm.com.ar\/noticias-villa-maria\/pavimentacion-y-repavimentacion-mira-que-calles-estan-en-obras\/\" \/>\n<meta property=\"og:site_name\" content=\"El Regional\" \/>\n<meta property=\"article:publisher\" content=\"https:\/\/www.facebook.com\/elregionalvm\" \/>\n<meta property=\"article:published_time\" content=\"2021-11-07T14:07:14+00:00\" \/>\n<meta property=\"article:modified_time\" content=\"2021-11-07T14:07:36+00:00\" \/>\n<meta property=\"og:image\" content=\"http:\/\/elregionalvm.com.ar\/noticias-villa-maria\/wp-content\/uploads\/2021\/11\/WhatsApp-Image-2021-11-06-at-13.20.28.jpeg\" \/>\n\t<meta property=\"og:image:width\" content=\"1600\" \/>\n\t<meta property=\"og:image:height\" content=\"1067\" \/>\n\t<meta property=\"og:image:type\" content=\"image\/jpeg\" \/>\n<meta name=\"author\" content=\"Contenidos El Regional\" \/>\n<meta name=\"twitter:card\" content=\"summary_large_image\" \/>\n<meta name=\"twitter:creator\" content=\"@elregionalvm1\" \/>\n<meta name=\"twitter:site\" content=\"@elregionalvm1\" \/>\n<meta name=\"twitter:label1\" content=\"Escrito por\" \/>\n\t<meta name=\"twitter:data1\" content=\"Contenidos El Regional\" \/>\n\t<meta name=\"twitter:label2\" content=\"Tiempo de lectura\" \/>\n\t<meta name=\"twitter:data2\" content=\"2 minutos\" \/>\n<script type=\"application\/ld+json\" class=\"yoast-schema-graph\">{\"@context\":\"https:\/\/schema.org\",\"@graph\":[{\"@type\":\"Article\",\"@id\":\"http:\/\/elregionalvm.com.ar\/noticias-villa-maria\/pavimentacion-y-repavimentacion-mira-que-calles-estan-en-obras\/#article\",\"isPartOf\":{\"@id\":\"http:\/\/elregionalvm.com.ar\/noticias-villa-maria\/pavimentacion-y-repavimentacion-mira-que-calles-estan-en-obras\/\"},\"author\":{\"name\":\"Contenidos El Regional\",\"@id\":\"http:\/\/elregionalvm.com.ar\/noticias-villa-maria\/#\/schema\/person\/a0fb9c422317faca23d50163151bc354\"},\"headline\":\"Pavimentaci\u00f3n y repavimentaci\u00f3n: mir\u00e1 qu\u00e9 calles est\u00e1n en obras\",\"datePublished\":\"2021-11-07T14:07:14+00:00\",\"dateModified\":\"2021-11-07T14:07:36+00:00\",\"mainEntityOfPage\":{\"@id\":\"http:\/\/elregionalvm.com.ar\/noticias-villa-maria\/pavimentacion-y-repavimentacion-mira-que-calles-estan-en-obras\/\"},\"wordCount\":463,\"commentCount\":0,\"image\":{\"@id\":\"http:\/\/elregionalvm.com.ar\/noticias-villa-maria\/pavimentacion-y-repavimentacion-mira-que-calles-estan-en-obras\/#primaryimage\"},\"thumbnailUrl\":\"https:\/\/i0.wp.com\/elregionalvm.com.ar\/noticias-villa-maria\/wp-content\/uploads\/2021\/11\/WhatsApp-Image-2021-11-06-at-13.20.28.jpeg?fit=1600%2C1067&ssl=1\",\"keywords\":[\"destacado\",\"ingreso norte\",\"obras\",\"Pavimentaci\u00f3n\",\"repavimentaci\u00f3n\",\"Ruta 9\",\"Villa Mar\u00eda\"],\"articleSection\":[\"Villa Mar\u00eda\"],\"inLanguage\":\"es\",\"potentialAction\":[{\"@type\":\"CommentAction\",\"name\":\"Comment\",\"target\":[\"http:\/\/elregionalvm.com.ar\/noticias-villa-maria\/pavimentacion-y-repavimentacion-mira-que-calles-estan-en-obras\/#respond\"]}]},{\"@type\":\"WebPage\",\"@id\":\"http:\/\/elregionalvm.com.ar\/noticias-villa-maria\/pavimentacion-y-repavimentacion-mira-que-calles-estan-en-obras\/\",\"url\":\"http:\/\/elregionalvm.com.ar\/noticias-villa-maria\/pavimentacion-y-repavimentacion-mira-que-calles-estan-en-obras\/\",\"name\":\"Pavimentaci\u00f3n y repavimentaci\u00f3n: mir\u00e1 qu\u00e9 calles est\u00e1n en obras - El Regional\",\"isPartOf\":{\"@id\":\"http:\/\/elregionalvm.com.ar\/noticias-villa-maria\/#website\"},\"primaryImageOfPage\":{\"@id\":\"http:\/\/elregionalvm.com.ar\/noticias-villa-maria\/pavimentacion-y-repavimentacion-mira-que-calles-estan-en-obras\/#primaryimage\"},\"image\":{\"@id\":\"http:\/\/elregionalvm.com.ar\/noticias-villa-maria\/pavimentacion-y-repavimentacion-mira-que-calles-estan-en-obras\/#primaryimage\"},\"thumbnailUrl\":\"https:\/\/i0.wp.com\/elregionalvm.com.ar\/noticias-villa-maria\/wp-content\/uploads\/2021\/11\/WhatsApp-Image-2021-11-06-at-13.20.28.jpeg?fit=1600%2C1067&ssl=1\",\"datePublished\":\"2021-11-07T14:07:14+00:00\",\"dateModified\":\"2021-11-07T14:07:36+00:00\",\"author\":{\"@id\":\"http:\/\/elregionalvm.com.ar\/noticias-villa-maria\/#\/schema\/person\/a0fb9c422317faca23d50163151bc354\"},\"breadcrumb\":{\"@id\":\"http:\/\/elregionalvm.com.ar\/noticias-villa-maria\/pavimentacion-y-repavimentacion-mira-que-calles-estan-en-obras\/#breadcrumb\"},\"inLanguage\":\"es\",\"potentialAction\":[{\"@type\":\"ReadAction\",\"target\":[\"http:\/\/elregionalvm.com.ar\/noticias-villa-maria\/pavimentacion-y-repavimentacion-mira-que-calles-estan-en-obras\/\"]}]},{\"@type\":\"ImageObject\",\"inLanguage\":\"es\",\"@id\":\"http:\/\/elregionalvm.com.ar\/noticias-villa-maria\/pavimentacion-y-repavimentacion-mira-que-calles-estan-en-obras\/#primaryimage\",\"url\":\"https:\/\/i0.wp.com\/elregionalvm.com.ar\/noticias-villa-maria\/wp-content\/uploads\/2021\/11\/WhatsApp-Image-2021-11-06-at-13.20.28.jpeg?fit=1600%2C1067&ssl=1\",\"contentUrl\":\"https:\/\/i0.wp.com\/elregionalvm.com.ar\/noticias-villa-maria\/wp-content\/uploads\/2021\/11\/WhatsApp-Image-2021-11-06-at-13.20.28.jpeg?fit=1600%2C1067&ssl=1\",\"width\":1600,\"height\":1067},{\"@type\":\"BreadcrumbList\",\"@id\":\"http:\/\/elregionalvm.com.ar\/noticias-villa-maria\/pavimentacion-y-repavimentacion-mira-que-calles-estan-en-obras\/#breadcrumb\",\"itemListElement\":[{\"@type\":\"ListItem\",\"position\":1,\"name\":\"Portada\",\"item\":\"https:\/\/elregionalvm.com.ar\/noticias-villa-maria\/\"},{\"@type\":\"ListItem\",\"position\":2,\"name\":\"Pavimentaci\u00f3n y repavimentaci\u00f3n: mir\u00e1 qu\u00e9 calles est\u00e1n en obras\"}]},{\"@type\":\"WebSite\",\"@id\":\"http:\/\/elregionalvm.com.ar\/noticias-villa-maria\/#website\",\"url\":\"http:\/\/elregionalvm.com.ar\/noticias-villa-maria\/\",\"name\":\"El Regional\",\"description\":\"Mucho m\u00e1s que informaci\u00f3n\",\"potentialAction\":[{\"@type\":\"SearchAction\",\"target\":{\"@type\":\"EntryPoint\",\"urlTemplate\":\"http:\/\/elregionalvm.com.ar\/noticias-villa-maria\/?s={search_term_string}\"},\"query-input\":{\"@type\":\"PropertyValueSpecification\",\"valueRequired\":true,\"valueName\":\"search_term_string\"}}],\"inLanguage\":\"es\"},{\"@type\":\"Person\",\"@id\":\"http:\/\/elregionalvm.com.ar\/noticias-villa-maria\/#\/schema\/person\/a0fb9c422317faca23d50163151bc354\",\"name\":\"Contenidos El Regional\",\"image\":{\"@type\":\"ImageObject\",\"inLanguage\":\"es\",\"@id\":\"http:\/\/elregionalvm.com.ar\/noticias-villa-maria\/#\/schema\/person\/image\/\",\"url\":\"https:\/\/secure.gravatar.com\/avatar\/265b27cb2209af7bb3a1318f03305787d7981a5cc6e6cd08fe5a4ecdf99d4b48?s=96&d=mm&r=g\",\"contentUrl\":\"https:\/\/secure.gravatar.com\/avatar\/265b27cb2209af7bb3a1318f03305787d7981a5cc6e6cd08fe5a4ecdf99d4b48?s=96&d=mm&r=g\",\"caption\":\"Contenidos El Regional\"},\"url\":\"https:\/\/elregionalvm.com.ar\/noticias-villa-maria\/author\/contenido\/\"}]}<\/script>\n<!-- \/ Yoast SEO plugin. -->","yoast_head_json":{"title":"Pavimentaci\u00f3n y repavimentaci\u00f3n: mir\u00e1 qu\u00e9 calles est\u00e1n en obras - El Regional","robots":{"index":"index","follow":"follow","max-snippet":"max-snippet:-1","max-image-preview":"max-image-preview:large","max-video-preview":"max-video-preview:-1"},"canonical":"http:\/\/elregionalvm.com.ar\/noticias-villa-maria\/pavimentacion-y-repavimentacion-mira-que-calles-estan-en-obras\/","og_locale":"es_ES","og_type":"article","og_title":"Pavimentaci\u00f3n y repavimentaci\u00f3n: mir\u00e1 qu\u00e9 calles est\u00e1n en obras - El Regional","og_description":"A pocos d\u00edas de la firma del contrato, comenzaron las tareas de repavimentaci\u00f3n de avenidas del acceso norte a la ciudad. Los trabajos iniciaron en el cruce de avenida Larraburu y Sucre. Puntualmente, se dio inicio con la de toma de niveles y tareas t\u00e9cnicas en las avenidas Larrabure y Alem, mientras que las labores [&hellip;]","og_url":"http:\/\/elregionalvm.com.ar\/noticias-villa-maria\/pavimentacion-y-repavimentacion-mira-que-calles-estan-en-obras\/","og_site_name":"El Regional","article_publisher":"https:\/\/www.facebook.com\/elregionalvm","article_published_time":"2021-11-07T14:07:14+00:00","article_modified_time":"2021-11-07T14:07:36+00:00","og_image":[{"width":1600,"height":1067,"url":"http:\/\/elregionalvm.com.ar\/noticias-villa-maria\/wp-content\/uploads\/2021\/11\/WhatsApp-Image-2021-11-06-at-13.20.28.jpeg","type":"image\/jpeg"}],"author":"Contenidos El Regional","twitter_card":"summary_large_image","twitter_creator":"@elregionalvm1","twitter_site":"@elregionalvm1","twitter_misc":{"Escrito por":"Contenidos El Regional","Tiempo de lectura":"2 minutos"},"schema":{"@context":"https:\/\/schema.org","@graph":[{"@type":"Article","@id":"http:\/\/elregionalvm.com.ar\/noticias-villa-maria\/pavimentacion-y-repavimentacion-mira-que-calles-estan-en-obras\/#article","isPartOf":{"@id":"http:\/\/elregionalvm.com.ar\/noticias-villa-maria\/pavimentacion-y-repavimentacion-mira-que-calles-estan-en-obras\/"},"author":{"name":"Contenidos El Regional","@id":"http:\/\/elregionalvm.com.ar\/noticias-villa-maria\/#\/schema\/person\/a0fb9c422317faca23d50163151bc354"},"headline":"Pavimentaci\u00f3n y repavimentaci\u00f3n: mir\u00e1 qu\u00e9 calles est\u00e1n en obras","datePublished":"2021-11-07T14:07:14+00:00","dateModified":"2021-11-07T14:07:36+00:00","mainEntityOfPage":{"@id":"http:\/\/elregionalvm.com.ar\/noticias-villa-maria\/pavimentacion-y-repavimentacion-mira-que-calles-estan-en-obras\/"},"wordCount":463,"commentCount":0,"image":{"@id":"http:\/\/elregionalvm.com.ar\/noticias-villa-maria\/pavimentacion-y-repavimentacion-mira-que-calles-estan-en-obras\/#primaryimage"},"thumbnailUrl":"https:\/\/i0.wp.com\/elregionalvm.com.ar\/noticias-villa-maria\/wp-content\/uploads\/2021\/11\/WhatsApp-Image-2021-11-06-at-13.20.28.jpeg?fit=1600%2C1067&ssl=1","keywords":["destacado","ingreso norte","obras","Pavimentaci\u00f3n","repavimentaci\u00f3n","Ruta 9","Villa Mar\u00eda"],"articleSection":["Villa Mar\u00eda"],"inLanguage":"es","potentialAction":[{"@type":"CommentAction","name":"Comment","target":["http:\/\/elregionalvm.com.ar\/noticias-villa-maria\/pavimentacion-y-repavimentacion-mira-que-calles-estan-en-obras\/#respond"]}]},{"@type":"WebPage","@id":"http:\/\/elregionalvm.com.ar\/noticias-villa-maria\/pavimentacion-y-repavimentacion-mira-que-calles-estan-en-obras\/","url":"http:\/\/elregionalvm.com.ar\/noticias-villa-maria\/pavimentacion-y-repavimentacion-mira-que-calles-estan-en-obras\/","name":"Pavimentaci\u00f3n y repavimentaci\u00f3n: mir\u00e1 qu\u00e9 calles est\u00e1n en obras - El Regional","isPartOf":{"@id":"http:\/\/elregionalvm.com.ar\/noticias-villa-maria\/#website"},"primaryImageOfPage":{"@id":"http:\/\/elregionalvm.com.ar\/noticias-villa-maria\/pavimentacion-y-repavimentacion-mira-que-calles-estan-en-obras\/#primaryimage"},"image":{"@id":"http:\/\/elregionalvm.com.ar\/noticias-villa-maria\/pavimentacion-y-repavimentacion-mira-que-calles-estan-en-obras\/#primaryimage"},"thumbnailUrl":"https:\/\/i0.wp.com\/elregionalvm.com.ar\/noticias-villa-maria\/wp-content\/uploads\/2021\/11\/WhatsApp-Image-2021-11-06-at-13.20.28.jpeg?fit=1600%2C1067&ssl=1","datePublished":"2021-11-07T14:07:14+00:00","dateModified":"2021-11-07T14:07:36+00:00","author":{"@id":"http:\/\/elregionalvm.com.ar\/noticias-villa-maria\/#\/schema\/person\/a0fb9c422317faca23d50163151bc354"},"breadcrumb":{"@id":"http:\/\/elregionalvm.com.ar\/noticias-villa-maria\/pavimentacion-y-repavimentacion-mira-que-calles-estan-en-obras\/#breadcrumb"},"inLanguage":"es","potentialAction":[{"@type":"ReadAction","target":["http:\/\/elregionalvm.com.ar\/noticias-villa-maria\/pavimentacion-y-repavimentacion-mira-que-calles-estan-en-obras\/"]}]},{"@type":"ImageObject","inLanguage":"es","@id":"http:\/\/elregionalvm.com.ar\/noticias-villa-maria\/pavimentacion-y-repavimentacion-mira-que-calles-estan-en-obras\/#primaryimage","url":"https:\/\/i0.wp.com\/elregionalvm.com.ar\/noticias-villa-maria\/wp-content\/uploads\/2021\/11\/WhatsApp-Image-2021-11-06-at-13.20.28.jpeg?fit=1600%2C1067&ssl=1","contentUrl":"https:\/\/i0.wp.com\/elregionalvm.com.ar\/noticias-villa-maria\/wp-content\/uploads\/2021\/11\/WhatsApp-Image-2021-11-06-at-13.20.28.jpeg?fit=1600%2C1067&ssl=1","width":1600,"height":1067},{"@type":"BreadcrumbList","@id":"http:\/\/elregionalvm.com.ar\/noticias-villa-maria\/pavimentacion-y-repavimentacion-mira-que-calles-estan-en-obras\/#breadcrumb","itemListElement":[{"@type":"ListItem","position":1,"name":"Portada","item":"https:\/\/elregionalvm.com.ar\/noticias-villa-maria\/"},{"@type":"ListItem","position":2,"name":"Pavimentaci\u00f3n y repavimentaci\u00f3n: mir\u00e1 qu\u00e9 calles est\u00e1n en obras"}]},{"@type":"WebSite","@id":"http:\/\/elregionalvm.com.ar\/noticias-villa-maria\/#website","url":"http:\/\/elregionalvm.com.ar\/noticias-villa-maria\/","name":"El Regional","description":"Mucho m\u00e1s que informaci\u00f3n","potentialAction":[{"@type":"SearchAction","target":{"@type":"EntryPoint","urlTemplate":"http:\/\/elregionalvm.com.ar\/noticias-villa-maria\/?s={search_term_string}"},"query-input":{"@type":"PropertyValueSpecification","valueRequired":true,"valueName":"search_term_string"}}],"inLanguage":"es"},{"@type":"Person","@id":"http:\/\/elregionalvm.com.ar\/noticias-villa-maria\/#\/schema\/person\/a0fb9c422317faca23d50163151bc354","name":"Contenidos El Regional","image":{"@type":"ImageObject","inLanguage":"es","@id":"http:\/\/elregionalvm.com.ar\/noticias-villa-maria\/#\/schema\/person\/image\/","url":"https:\/\/secure.gravatar.com\/avatar\/265b27cb2209af7bb3a1318f03305787d7981a5cc6e6cd08fe5a4ecdf99d4b48?s=96&d=mm&r=g","contentUrl":"https:\/\/secure.gravatar.com\/avatar\/265b27cb2209af7bb3a1318f03305787d7981a5cc6e6cd08fe5a4ecdf99d4b48?s=96&d=mm&r=g","caption":"Contenidos El Regional"},"url":"https:\/\/elregionalvm.com.ar\/noticias-villa-maria\/author\/contenido\/"}]}},"jetpack_featured_media_url":"https:\/\/i0.wp.com\/elregionalvm.com.ar\/noticias-villa-maria\/wp-content\/uploads\/2021\/11\/WhatsApp-Image-2021-11-06-at-13.20.28.jpeg?fit=1600%2C1067&ssl=1","jetpack_sharing_enabled":true,"_links":{"self":[{"href":"https:\/\/elregionalvm.com.ar\/noticias-villa-maria\/wp-json\/wp\/v2\/posts\/47766","targetHints":{"allow":["GET"]}}],"collection":[{"href":"https:\/\/elregionalvm.com.ar\/noticias-villa-maria\/wp-json\/wp\/v2\/posts"}],"about":[{"href":"https:\/\/elregionalvm.com.ar\/noticias-villa-maria\/wp-json\/wp\/v2\/types\/post"}],"author":[{"embeddable":true,"href":"https:\/\/elregionalvm.com.ar\/noticias-villa-maria\/wp-json\/wp\/v2\/users\/4"}],"replies":[{"embeddable":true,"href":"https:\/\/elregionalvm.com.ar\/noticias-villa-maria\/wp-json\/wp\/v2\/comments?post=47766"}],"version-history":[{"count":1,"href":"https:\/\/elregionalvm.com.ar\/noticias-villa-maria\/wp-json\/wp\/v2\/posts\/47766\/revisions"}],"predecessor-version":[{"id":47768,"href":"https:\/\/elregionalvm.com.ar\/noticias-villa-maria\/wp-json\/wp\/v2\/posts\/47766\/revisions\/47768"}],"wp:featuredmedia":[{"embeddable":true,"href":"https:\/\/elregionalvm.com.ar\/noticias-villa-maria\/wp-json\/wp\/v2\/media\/47767"}],"wp:attachment":[{"href":"https:\/\/elregionalvm.com.ar\/noticias-villa-maria\/wp-json\/wp\/v2\/media?parent=47766"}],"wp:term":[{"taxonomy":"category","embeddable":true,"href":"https:\/\/elregionalvm.com.ar\/noticias-villa-maria\/wp-json\/wp\/v2\/categories?post=47766"},{"taxonomy":"post_tag","embeddable":true,"href":"https:\/\/elregionalvm.com.ar\/noticias-villa-maria\/wp-json\/wp\/v2\/tags?post=47766"}],"curies":[{"name":"wp","href":"https:\/\/api.w.org\/{rel}","templated":true}]}}