{"id":47791,"date":"2021-11-07T15:51:59","date_gmt":"2021-11-07T15:51:59","guid":{"rendered":"https:\/\/elregionalvm.com.ar\/noticias-villa-maria\/?p=47791"},"modified":"2021-11-07T15:52:37","modified_gmt":"2021-11-07T15:52:37","slug":"un-rosarino-ebrio-y-a-alta-velocidad-termino-chocando-en-bv-sarmiento","status":"publish","type":"post","link":"https:\/\/elregionalvm.com.ar\/noticias-villa-maria\/un-rosarino-ebrio-y-a-alta-velocidad-termino-chocando-en-bv-sarmiento\/","title":{"rendered":"Un rosarino ebrio y a alta velocidad: choc\u00f3 en Bv. Sarmiento"},"content":{"rendered":"\n<p>Esta ma\u00f1ana, a las 07:50, personal policial de la patrulla preventiva acudi\u00f3 a Bv. Sarmiento y Mitre de Villa Mar\u00eda,\u00a0 donde un autom\u00f3vil marca Seat Leon termin\u00f3 chocando y arrancando el cartel de un comercio, propiedad de un hombre de 69 a\u00f1os.<\/p>\n\n\n\n<p>El sujeto que conduc\u00eda, es un hombre de 24 a\u00f1os de edad, que tiene domicilio en la ciudad de Rosario, y aparentemente conduc\u00eda a alta velocidad y en estado de ebriedad. La Justicia indagar\u00e1 mayores detalles al respecto.<\/p>\n\n\n\n<figure class=\"wp-block-gallery columns-2 is-cropped wp-block-gallery-1 is-layout-flex wp-block-gallery-is-layout-flex\"><ul class=\"blocks-gallery-grid\"><li class=\"blocks-gallery-item\"><figure><img data-recalc-dims=\"1\" fetchpriority=\"high\" decoding=\"async\" width=\"768\" height=\"1024\" src=\"https:\/\/i0.wp.com\/elregionalvm.com.ar\/noticias-villa-maria\/wp-content\/uploads\/2021\/11\/WhatsApp-Image-2021-11-07-at-12.11.41.jpeg?resize=768%2C1024&#038;ssl=1\" alt=\"\" data-id=\"47793\" data-link=\"https:\/\/elregionalvm.com.ar\/noticias-villa-maria\/?attachment_id=47793\" class=\"wp-image-47793\" srcset=\"https:\/\/i0.wp.com\/elregionalvm.com.ar\/noticias-villa-maria\/wp-content\/uploads\/2021\/11\/WhatsApp-Image-2021-11-07-at-12.11.41.jpeg?resize=768%2C1024&amp;ssl=1 768w, https:\/\/i0.wp.com\/elregionalvm.com.ar\/noticias-villa-maria\/wp-content\/uploads\/2021\/11\/WhatsApp-Image-2021-11-07-at-12.11.41.jpeg?resize=225%2C300&amp;ssl=1 225w, https:\/\/i0.wp.com\/elregionalvm.com.ar\/noticias-villa-maria\/wp-content\/uploads\/2021\/11\/WhatsApp-Image-2021-11-07-at-12.11.41.jpeg?w=960&amp;ssl=1 960w\" sizes=\"(max-width: 768px) 100vw, 768px\" \/><\/figure><\/li><li class=\"blocks-gallery-item\"><figure><img data-recalc-dims=\"1\" decoding=\"async\" width=\"768\" height=\"1024\" src=\"https:\/\/i0.wp.com\/elregionalvm.com.ar\/noticias-villa-maria\/wp-content\/uploads\/2021\/11\/WhatsApp-Image-2021-11-07-at-12.11.42.jpeg?resize=768%2C1024&#038;ssl=1\" alt=\"\" data-id=\"47794\" data-full-url=\"https:\/\/elregionalvm.com.ar\/noticias-villa-maria\/wp-content\/uploads\/2021\/11\/WhatsApp-Image-2021-11-07-at-12.11.42.jpeg\" data-link=\"https:\/\/elregionalvm.com.ar\/noticias-villa-maria\/?attachment_id=47794\" class=\"wp-image-47794\" srcset=\"https:\/\/i0.wp.com\/elregionalvm.com.ar\/noticias-villa-maria\/wp-content\/uploads\/2021\/11\/WhatsApp-Image-2021-11-07-at-12.11.42.jpeg?resize=768%2C1024&amp;ssl=1 768w, https:\/\/i0.wp.com\/elregionalvm.com.ar\/noticias-villa-maria\/wp-content\/uploads\/2021\/11\/WhatsApp-Image-2021-11-07-at-12.11.42.jpeg?resize=225%2C300&amp;ssl=1 225w, https:\/\/i0.wp.com\/elregionalvm.com.ar\/noticias-villa-maria\/wp-content\/uploads\/2021\/11\/WhatsApp-Image-2021-11-07-at-12.11.42.jpeg?w=960&amp;ssl=1 960w\" sizes=\"(max-width: 768px) 100vw, 768px\" \/><\/figure><\/li><\/ul><\/figure>\n\n\n\n<figure class=\"wp-block-image size-large\"><img data-recalc-dims=\"1\" decoding=\"async\" width=\"768\" height=\"1024\" src=\"https:\/\/i0.wp.com\/elregionalvm.com.ar\/noticias-villa-maria\/wp-content\/uploads\/2021\/11\/WhatsApp-Image-2021-11-07-at-12.11.39.jpeg?resize=768%2C1024&#038;ssl=1\" alt=\"\" class=\"wp-image-47795\" srcset=\"https:\/\/i0.wp.com\/elregionalvm.com.ar\/noticias-villa-maria\/wp-content\/uploads\/2021\/11\/WhatsApp-Image-2021-11-07-at-12.11.39.jpeg?resize=768%2C1024&amp;ssl=1 768w, https:\/\/i0.wp.com\/elregionalvm.com.ar\/noticias-villa-maria\/wp-content\/uploads\/2021\/11\/WhatsApp-Image-2021-11-07-at-12.11.39.jpeg?resize=225%2C300&amp;ssl=1 225w, https:\/\/i0.wp.com\/elregionalvm.com.ar\/noticias-villa-maria\/wp-content\/uploads\/2021\/11\/WhatsApp-Image-2021-11-07-at-12.11.39.jpeg?w=960&amp;ssl=1 960w\" sizes=\"(max-width: 768px) 100vw, 768px\" \/><\/figure>\n","protected":false},"excerpt":{"rendered":"<p>Esta ma\u00f1ana, a las 07:50, personal policial de la patrulla preventiva acudi\u00f3 a Bv. Sarmiento y Mitre de Villa Mar\u00eda,\u00a0 donde un autom\u00f3vil marca Seat Leon termin\u00f3 chocando y arrancando el cartel de un comercio, propiedad de un hombre de 69 a\u00f1os. El sujeto que conduc\u00eda, es un hombre de 24 a\u00f1os de edad, que [&hellip;]<\/p>\n","protected":false},"author":4,"featured_media":47792,"comment_status":"open","ping_status":"open","sticky":false,"template":"","format":"standard","meta":{"site-sidebar-layout":"default","site-content-layout":"default","ast-site-content-layout":"default","site-content-style":"default","site-sidebar-style":"default","ast-global-header-display":"","ast-banner-title-visibility":"","ast-main-header-display":"","ast-hfb-above-header-display":"","ast-hfb-below-header-display":"","ast-hfb-mobile-header-display":"","site-post-title":"","ast-breadcrumbs-content":"","ast-featured-img":"","footer-sml-layout":"","ast-disable-related-posts":"","theme-transparent-header-meta":"default","adv-header-id-meta":"","stick-header-meta":"","header-above-stick-meta":"","header-main-stick-meta":"","header-below-stick-meta":"","astra-migrate-meta-layouts":"default","ast-page-background-enabled":"default","ast-page-background-meta":{"desktop":{"background-color":"","background-image":"","background-repeat":"repeat","background-position":"center center","background-size":"auto","background-attachment":"scroll","background-type":"","background-media":"","overlay-type":"","overlay-color":"","overlay-opacity":"","overlay-gradient":""},"tablet":{"background-color":"","background-image":"","background-repeat":"repeat","background-position":"center center","background-size":"auto","background-attachment":"scroll","background-type":"","background-media":"","overlay-type":"","overlay-color":"","overlay-opacity":"","overlay-gradient":""},"mobile":{"background-color":"","background-image":"","background-repeat":"repeat","background-position":"center center","background-size":"auto","background-attachment":"scroll","background-type":"","background-media":"","overlay-type":"","overlay-color":"","overlay-opacity":"","overlay-gradient":""}},"ast-content-background-meta":{"desktop":{"background-color":"var(--ast-global-color-5)","background-image":"","background-repeat":"repeat","background-position":"center center","background-size":"auto","background-attachment":"scroll","background-type":"","background-media":"","overlay-type":"","overlay-color":"","overlay-opacity":"","overlay-gradient":""},"tablet":{"background-color":"var(--ast-global-color-5)","background-image":"","background-repeat":"repeat","background-position":"center center","background-size":"auto","background-attachment":"scroll","background-type":"","background-media":"","overlay-type":"","overlay-color":"","overlay-opacity":"","overlay-gradient":""},"mobile":{"background-color":"var(--ast-global-color-5)","background-image":"","background-repeat":"repeat","background-position":"center center","background-size":"auto","background-attachment":"scroll","background-type":"","background-media":"","overlay-type":"","overlay-color":"","overlay-opacity":"","overlay-gradient":""}},"_jetpack_memberships_contains_paid_content":false,"_joinchat":[],"footnotes":""},"categories":[2],"tags":[1232,12077,12078,12079,12076],"class_list":["post-47791","post","type-post","status-publish","format-standard","has-post-thumbnail","hentry","category-villa-maria","tag-destacado","tag-ebrio-y-a-alta-velocidad","tag-mitre-y-sarmiento","tag-rompio-cartel","tag-rosarino-choco"],"yoast_head":"<!-- This site is optimized with the Yoast SEO plugin v26.8 - https:\/\/yoast.com\/product\/yoast-seo-wordpress\/ -->\n<title>Un rosarino ebrio y a alta velocidad: choc\u00f3 en Bv. Sarmiento - El Regional<\/title>\n<meta name=\"robots\" content=\"index, follow, max-snippet:-1, max-image-preview:large, max-video-preview:-1\" \/>\n<link rel=\"canonical\" href=\"http:\/\/elregionalvm.com.ar\/noticias-villa-maria\/un-rosarino-ebrio-y-a-alta-velocidad-termino-chocando-en-bv-sarmiento\/\" \/>\n<meta property=\"og:locale\" content=\"es_ES\" \/>\n<meta property=\"og:type\" content=\"article\" \/>\n<meta property=\"og:title\" content=\"Un rosarino ebrio y a alta velocidad: choc\u00f3 en Bv. Sarmiento - El Regional\" \/>\n<meta property=\"og:description\" content=\"Esta ma\u00f1ana, a las 07:50, personal policial de la patrulla preventiva acudi\u00f3 a Bv. Sarmiento y Mitre de Villa Mar\u00eda,\u00a0 donde un autom\u00f3vil marca Seat Leon termin\u00f3 chocando y arrancando el cartel de un comercio, propiedad de un hombre de 69 a\u00f1os. El sujeto que conduc\u00eda, es un hombre de 24 a\u00f1os de edad, que [&hellip;]\" \/>\n<meta property=\"og:url\" content=\"http:\/\/elregionalvm.com.ar\/noticias-villa-maria\/un-rosarino-ebrio-y-a-alta-velocidad-termino-chocando-en-bv-sarmiento\/\" \/>\n<meta property=\"og:site_name\" content=\"El Regional\" \/>\n<meta property=\"article:publisher\" content=\"https:\/\/www.facebook.com\/elregionalvm\" \/>\n<meta property=\"article:published_time\" content=\"2021-11-07T15:51:59+00:00\" \/>\n<meta property=\"article:modified_time\" content=\"2021-11-07T15:52:37+00:00\" \/>\n<meta property=\"og:image\" content=\"http:\/\/elregionalvm.com.ar\/noticias-villa-maria\/wp-content\/uploads\/2021\/11\/WhatsApp-Image-2021-11-07-at-12.11.40.jpeg\" \/>\n\t<meta property=\"og:image:width\" content=\"960\" \/>\n\t<meta property=\"og:image:height\" content=\"1280\" \/>\n\t<meta property=\"og:image:type\" content=\"image\/jpeg\" \/>\n<meta name=\"author\" content=\"Contenidos El Regional\" \/>\n<meta name=\"twitter:card\" content=\"summary_large_image\" \/>\n<meta name=\"twitter:creator\" content=\"@elregionalvm1\" \/>\n<meta name=\"twitter:site\" content=\"@elregionalvm1\" \/>\n<meta name=\"twitter:label1\" content=\"Escrito por\" \/>\n\t<meta name=\"twitter:data1\" content=\"Contenidos El Regional\" \/>\n\t<meta name=\"twitter:label2\" content=\"Tiempo de lectura\" \/>\n\t<meta name=\"twitter:data2\" content=\"1 minuto\" \/>\n<script type=\"application\/ld+json\" class=\"yoast-schema-graph\">{\"@context\":\"https:\/\/schema.org\",\"@graph\":[{\"@type\":\"Article\",\"@id\":\"http:\/\/elregionalvm.com.ar\/noticias-villa-maria\/un-rosarino-ebrio-y-a-alta-velocidad-termino-chocando-en-bv-sarmiento\/#article\",\"isPartOf\":{\"@id\":\"http:\/\/elregionalvm.com.ar\/noticias-villa-maria\/un-rosarino-ebrio-y-a-alta-velocidad-termino-chocando-en-bv-sarmiento\/\"},\"author\":{\"name\":\"Contenidos El Regional\",\"@id\":\"http:\/\/elregionalvm.com.ar\/noticias-villa-maria\/#\/schema\/person\/a0fb9c422317faca23d50163151bc354\"},\"headline\":\"Un rosarino ebrio y a alta velocidad: choc\u00f3 en Bv. Sarmiento\",\"datePublished\":\"2021-11-07T15:51:59+00:00\",\"dateModified\":\"2021-11-07T15:52:37+00:00\",\"mainEntityOfPage\":{\"@id\":\"http:\/\/elregionalvm.com.ar\/noticias-villa-maria\/un-rosarino-ebrio-y-a-alta-velocidad-termino-chocando-en-bv-sarmiento\/\"},\"wordCount\":95,\"commentCount\":0,\"image\":{\"@id\":\"http:\/\/elregionalvm.com.ar\/noticias-villa-maria\/un-rosarino-ebrio-y-a-alta-velocidad-termino-chocando-en-bv-sarmiento\/#primaryimage\"},\"thumbnailUrl\":\"https:\/\/i0.wp.com\/elregionalvm.com.ar\/noticias-villa-maria\/wp-content\/uploads\/2021\/11\/WhatsApp-Image-2021-11-07-at-12.11.40.jpeg?fit=960%2C1280&ssl=1\",\"keywords\":[\"destacado\",\"ebrio y a alta velocidad\",\"Mitre y Sarmiento\",\"rompi\u00f3 cartel\",\"rosarino choc\u00f3\"],\"articleSection\":[\"Villa Mar\u00eda\"],\"inLanguage\":\"es\",\"potentialAction\":[{\"@type\":\"CommentAction\",\"name\":\"Comment\",\"target\":[\"http:\/\/elregionalvm.com.ar\/noticias-villa-maria\/un-rosarino-ebrio-y-a-alta-velocidad-termino-chocando-en-bv-sarmiento\/#respond\"]}]},{\"@type\":\"WebPage\",\"@id\":\"http:\/\/elregionalvm.com.ar\/noticias-villa-maria\/un-rosarino-ebrio-y-a-alta-velocidad-termino-chocando-en-bv-sarmiento\/\",\"url\":\"http:\/\/elregionalvm.com.ar\/noticias-villa-maria\/un-rosarino-ebrio-y-a-alta-velocidad-termino-chocando-en-bv-sarmiento\/\",\"name\":\"Un rosarino ebrio y a alta velocidad: choc\u00f3 en Bv. Sarmiento - El Regional\",\"isPartOf\":{\"@id\":\"http:\/\/elregionalvm.com.ar\/noticias-villa-maria\/#website\"},\"primaryImageOfPage\":{\"@id\":\"http:\/\/elregionalvm.com.ar\/noticias-villa-maria\/un-rosarino-ebrio-y-a-alta-velocidad-termino-chocando-en-bv-sarmiento\/#primaryimage\"},\"image\":{\"@id\":\"http:\/\/elregionalvm.com.ar\/noticias-villa-maria\/un-rosarino-ebrio-y-a-alta-velocidad-termino-chocando-en-bv-sarmiento\/#primaryimage\"},\"thumbnailUrl\":\"https:\/\/i0.wp.com\/elregionalvm.com.ar\/noticias-villa-maria\/wp-content\/uploads\/2021\/11\/WhatsApp-Image-2021-11-07-at-12.11.40.jpeg?fit=960%2C1280&ssl=1\",\"datePublished\":\"2021-11-07T15:51:59+00:00\",\"dateModified\":\"2021-11-07T15:52:37+00:00\",\"author\":{\"@id\":\"http:\/\/elregionalvm.com.ar\/noticias-villa-maria\/#\/schema\/person\/a0fb9c422317faca23d50163151bc354\"},\"breadcrumb\":{\"@id\":\"http:\/\/elregionalvm.com.ar\/noticias-villa-maria\/un-rosarino-ebrio-y-a-alta-velocidad-termino-chocando-en-bv-sarmiento\/#breadcrumb\"},\"inLanguage\":\"es\",\"potentialAction\":[{\"@type\":\"ReadAction\",\"target\":[\"http:\/\/elregionalvm.com.ar\/noticias-villa-maria\/un-rosarino-ebrio-y-a-alta-velocidad-termino-chocando-en-bv-sarmiento\/\"]}]},{\"@type\":\"ImageObject\",\"inLanguage\":\"es\",\"@id\":\"http:\/\/elregionalvm.com.ar\/noticias-villa-maria\/un-rosarino-ebrio-y-a-alta-velocidad-termino-chocando-en-bv-sarmiento\/#primaryimage\",\"url\":\"https:\/\/i0.wp.com\/elregionalvm.com.ar\/noticias-villa-maria\/wp-content\/uploads\/2021\/11\/WhatsApp-Image-2021-11-07-at-12.11.40.jpeg?fit=960%2C1280&ssl=1\",\"contentUrl\":\"https:\/\/i0.wp.com\/elregionalvm.com.ar\/noticias-villa-maria\/wp-content\/uploads\/2021\/11\/WhatsApp-Image-2021-11-07-at-12.11.40.jpeg?fit=960%2C1280&ssl=1\",\"width\":960,\"height\":1280},{\"@type\":\"BreadcrumbList\",\"@id\":\"http:\/\/elregionalvm.com.ar\/noticias-villa-maria\/un-rosarino-ebrio-y-a-alta-velocidad-termino-chocando-en-bv-sarmiento\/#breadcrumb\",\"itemListElement\":[{\"@type\":\"ListItem\",\"position\":1,\"name\":\"Portada\",\"item\":\"https:\/\/elregionalvm.com.ar\/noticias-villa-maria\/\"},{\"@type\":\"ListItem\",\"position\":2,\"name\":\"Un rosarino ebrio y a alta velocidad: choc\u00f3 en Bv. Sarmiento\"}]},{\"@type\":\"WebSite\",\"@id\":\"http:\/\/elregionalvm.com.ar\/noticias-villa-maria\/#website\",\"url\":\"http:\/\/elregionalvm.com.ar\/noticias-villa-maria\/\",\"name\":\"El Regional\",\"description\":\"Mucho m\u00e1s que informaci\u00f3n\",\"potentialAction\":[{\"@type\":\"SearchAction\",\"target\":{\"@type\":\"EntryPoint\",\"urlTemplate\":\"http:\/\/elregionalvm.com.ar\/noticias-villa-maria\/?s={search_term_string}\"},\"query-input\":{\"@type\":\"PropertyValueSpecification\",\"valueRequired\":true,\"valueName\":\"search_term_string\"}}],\"inLanguage\":\"es\"},{\"@type\":\"Person\",\"@id\":\"http:\/\/elregionalvm.com.ar\/noticias-villa-maria\/#\/schema\/person\/a0fb9c422317faca23d50163151bc354\",\"name\":\"Contenidos El Regional\",\"image\":{\"@type\":\"ImageObject\",\"inLanguage\":\"es\",\"@id\":\"http:\/\/elregionalvm.com.ar\/noticias-villa-maria\/#\/schema\/person\/image\/\",\"url\":\"https:\/\/secure.gravatar.com\/avatar\/265b27cb2209af7bb3a1318f03305787d7981a5cc6e6cd08fe5a4ecdf99d4b48?s=96&d=mm&r=g\",\"contentUrl\":\"https:\/\/secure.gravatar.com\/avatar\/265b27cb2209af7bb3a1318f03305787d7981a5cc6e6cd08fe5a4ecdf99d4b48?s=96&d=mm&r=g\",\"caption\":\"Contenidos El Regional\"},\"url\":\"https:\/\/elregionalvm.com.ar\/noticias-villa-maria\/author\/contenido\/\"}]}<\/script>\n<!-- \/ Yoast SEO plugin. -->","yoast_head_json":{"title":"Un rosarino ebrio y a alta velocidad: choc\u00f3 en Bv. Sarmiento - El Regional","robots":{"index":"index","follow":"follow","max-snippet":"max-snippet:-1","max-image-preview":"max-image-preview:large","max-video-preview":"max-video-preview:-1"},"canonical":"http:\/\/elregionalvm.com.ar\/noticias-villa-maria\/un-rosarino-ebrio-y-a-alta-velocidad-termino-chocando-en-bv-sarmiento\/","og_locale":"es_ES","og_type":"article","og_title":"Un rosarino ebrio y a alta velocidad: choc\u00f3 en Bv. Sarmiento - El Regional","og_description":"Esta ma\u00f1ana, a las 07:50, personal policial de la patrulla preventiva acudi\u00f3 a Bv. Sarmiento y Mitre de Villa Mar\u00eda,\u00a0 donde un autom\u00f3vil marca Seat Leon termin\u00f3 chocando y arrancando el cartel de un comercio, propiedad de un hombre de 69 a\u00f1os. El sujeto que conduc\u00eda, es un hombre de 24 a\u00f1os de edad, que [&hellip;]","og_url":"http:\/\/elregionalvm.com.ar\/noticias-villa-maria\/un-rosarino-ebrio-y-a-alta-velocidad-termino-chocando-en-bv-sarmiento\/","og_site_name":"El Regional","article_publisher":"https:\/\/www.facebook.com\/elregionalvm","article_published_time":"2021-11-07T15:51:59+00:00","article_modified_time":"2021-11-07T15:52:37+00:00","og_image":[{"width":960,"height":1280,"url":"http:\/\/elregionalvm.com.ar\/noticias-villa-maria\/wp-content\/uploads\/2021\/11\/WhatsApp-Image-2021-11-07-at-12.11.40.jpeg","type":"image\/jpeg"}],"author":"Contenidos El Regional","twitter_card":"summary_large_image","twitter_creator":"@elregionalvm1","twitter_site":"@elregionalvm1","twitter_misc":{"Escrito por":"Contenidos El Regional","Tiempo de lectura":"1 minuto"},"schema":{"@context":"https:\/\/schema.org","@graph":[{"@type":"Article","@id":"http:\/\/elregionalvm.com.ar\/noticias-villa-maria\/un-rosarino-ebrio-y-a-alta-velocidad-termino-chocando-en-bv-sarmiento\/#article","isPartOf":{"@id":"http:\/\/elregionalvm.com.ar\/noticias-villa-maria\/un-rosarino-ebrio-y-a-alta-velocidad-termino-chocando-en-bv-sarmiento\/"},"author":{"name":"Contenidos El Regional","@id":"http:\/\/elregionalvm.com.ar\/noticias-villa-maria\/#\/schema\/person\/a0fb9c422317faca23d50163151bc354"},"headline":"Un rosarino ebrio y a alta velocidad: choc\u00f3 en Bv. Sarmiento","datePublished":"2021-11-07T15:51:59+00:00","dateModified":"2021-11-07T15:52:37+00:00","mainEntityOfPage":{"@id":"http:\/\/elregionalvm.com.ar\/noticias-villa-maria\/un-rosarino-ebrio-y-a-alta-velocidad-termino-chocando-en-bv-sarmiento\/"},"wordCount":95,"commentCount":0,"image":{"@id":"http:\/\/elregionalvm.com.ar\/noticias-villa-maria\/un-rosarino-ebrio-y-a-alta-velocidad-termino-chocando-en-bv-sarmiento\/#primaryimage"},"thumbnailUrl":"https:\/\/i0.wp.com\/elregionalvm.com.ar\/noticias-villa-maria\/wp-content\/uploads\/2021\/11\/WhatsApp-Image-2021-11-07-at-12.11.40.jpeg?fit=960%2C1280&ssl=1","keywords":["destacado","ebrio y a alta velocidad","Mitre y Sarmiento","rompi\u00f3 cartel","rosarino choc\u00f3"],"articleSection":["Villa Mar\u00eda"],"inLanguage":"es","potentialAction":[{"@type":"CommentAction","name":"Comment","target":["http:\/\/elregionalvm.com.ar\/noticias-villa-maria\/un-rosarino-ebrio-y-a-alta-velocidad-termino-chocando-en-bv-sarmiento\/#respond"]}]},{"@type":"WebPage","@id":"http:\/\/elregionalvm.com.ar\/noticias-villa-maria\/un-rosarino-ebrio-y-a-alta-velocidad-termino-chocando-en-bv-sarmiento\/","url":"http:\/\/elregionalvm.com.ar\/noticias-villa-maria\/un-rosarino-ebrio-y-a-alta-velocidad-termino-chocando-en-bv-sarmiento\/","name":"Un rosarino ebrio y a alta velocidad: choc\u00f3 en Bv. Sarmiento - El Regional","isPartOf":{"@id":"http:\/\/elregionalvm.com.ar\/noticias-villa-maria\/#website"},"primaryImageOfPage":{"@id":"http:\/\/elregionalvm.com.ar\/noticias-villa-maria\/un-rosarino-ebrio-y-a-alta-velocidad-termino-chocando-en-bv-sarmiento\/#primaryimage"},"image":{"@id":"http:\/\/elregionalvm.com.ar\/noticias-villa-maria\/un-rosarino-ebrio-y-a-alta-velocidad-termino-chocando-en-bv-sarmiento\/#primaryimage"},"thumbnailUrl":"https:\/\/i0.wp.com\/elregionalvm.com.ar\/noticias-villa-maria\/wp-content\/uploads\/2021\/11\/WhatsApp-Image-2021-11-07-at-12.11.40.jpeg?fit=960%2C1280&ssl=1","datePublished":"2021-11-07T15:51:59+00:00","dateModified":"2021-11-07T15:52:37+00:00","author":{"@id":"http:\/\/elregionalvm.com.ar\/noticias-villa-maria\/#\/schema\/person\/a0fb9c422317faca23d50163151bc354"},"breadcrumb":{"@id":"http:\/\/elregionalvm.com.ar\/noticias-villa-maria\/un-rosarino-ebrio-y-a-alta-velocidad-termino-chocando-en-bv-sarmiento\/#breadcrumb"},"inLanguage":"es","potentialAction":[{"@type":"ReadAction","target":["http:\/\/elregionalvm.com.ar\/noticias-villa-maria\/un-rosarino-ebrio-y-a-alta-velocidad-termino-chocando-en-bv-sarmiento\/"]}]},{"@type":"ImageObject","inLanguage":"es","@id":"http:\/\/elregionalvm.com.ar\/noticias-villa-maria\/un-rosarino-ebrio-y-a-alta-velocidad-termino-chocando-en-bv-sarmiento\/#primaryimage","url":"https:\/\/i0.wp.com\/elregionalvm.com.ar\/noticias-villa-maria\/wp-content\/uploads\/2021\/11\/WhatsApp-Image-2021-11-07-at-12.11.40.jpeg?fit=960%2C1280&ssl=1","contentUrl":"https:\/\/i0.wp.com\/elregionalvm.com.ar\/noticias-villa-maria\/wp-content\/uploads\/2021\/11\/WhatsApp-Image-2021-11-07-at-12.11.40.jpeg?fit=960%2C1280&ssl=1","width":960,"height":1280},{"@type":"BreadcrumbList","@id":"http:\/\/elregionalvm.com.ar\/noticias-villa-maria\/un-rosarino-ebrio-y-a-alta-velocidad-termino-chocando-en-bv-sarmiento\/#breadcrumb","itemListElement":[{"@type":"ListItem","position":1,"name":"Portada","item":"https:\/\/elregionalvm.com.ar\/noticias-villa-maria\/"},{"@type":"ListItem","position":2,"name":"Un rosarino ebrio y a alta velocidad: choc\u00f3 en Bv. Sarmiento"}]},{"@type":"WebSite","@id":"http:\/\/elregionalvm.com.ar\/noticias-villa-maria\/#website","url":"http:\/\/elregionalvm.com.ar\/noticias-villa-maria\/","name":"El Regional","description":"Mucho m\u00e1s que informaci\u00f3n","potentialAction":[{"@type":"SearchAction","target":{"@type":"EntryPoint","urlTemplate":"http:\/\/elregionalvm.com.ar\/noticias-villa-maria\/?s={search_term_string}"},"query-input":{"@type":"PropertyValueSpecification","valueRequired":true,"valueName":"search_term_string"}}],"inLanguage":"es"},{"@type":"Person","@id":"http:\/\/elregionalvm.com.ar\/noticias-villa-maria\/#\/schema\/person\/a0fb9c422317faca23d50163151bc354","name":"Contenidos El Regional","image":{"@type":"ImageObject","inLanguage":"es","@id":"http:\/\/elregionalvm.com.ar\/noticias-villa-maria\/#\/schema\/person\/image\/","url":"https:\/\/secure.gravatar.com\/avatar\/265b27cb2209af7bb3a1318f03305787d7981a5cc6e6cd08fe5a4ecdf99d4b48?s=96&d=mm&r=g","contentUrl":"https:\/\/secure.gravatar.com\/avatar\/265b27cb2209af7bb3a1318f03305787d7981a5cc6e6cd08fe5a4ecdf99d4b48?s=96&d=mm&r=g","caption":"Contenidos El Regional"},"url":"https:\/\/elregionalvm.com.ar\/noticias-villa-maria\/author\/contenido\/"}]}},"jetpack_featured_media_url":"https:\/\/i0.wp.com\/elregionalvm.com.ar\/noticias-villa-maria\/wp-content\/uploads\/2021\/11\/WhatsApp-Image-2021-11-07-at-12.11.40.jpeg?fit=960%2C1280&ssl=1","jetpack_sharing_enabled":true,"_links":{"self":[{"href":"https:\/\/elregionalvm.com.ar\/noticias-villa-maria\/wp-json\/wp\/v2\/posts\/47791","targetHints":{"allow":["GET"]}}],"collection":[{"href":"https:\/\/elregionalvm.com.ar\/noticias-villa-maria\/wp-json\/wp\/v2\/posts"}],"about":[{"href":"https:\/\/elregionalvm.com.ar\/noticias-villa-maria\/wp-json\/wp\/v2\/types\/post"}],"author":[{"embeddable":true,"href":"https:\/\/elregionalvm.com.ar\/noticias-villa-maria\/wp-json\/wp\/v2\/users\/4"}],"replies":[{"embeddable":true,"href":"https:\/\/elregionalvm.com.ar\/noticias-villa-maria\/wp-json\/wp\/v2\/comments?post=47791"}],"version-history":[{"count":2,"href":"https:\/\/elregionalvm.com.ar\/noticias-villa-maria\/wp-json\/wp\/v2\/posts\/47791\/revisions"}],"predecessor-version":[{"id":47797,"href":"https:\/\/elregionalvm.com.ar\/noticias-villa-maria\/wp-json\/wp\/v2\/posts\/47791\/revisions\/47797"}],"wp:featuredmedia":[{"embeddable":true,"href":"https:\/\/elregionalvm.com.ar\/noticias-villa-maria\/wp-json\/wp\/v2\/media\/47792"}],"wp:attachment":[{"href":"https:\/\/elregionalvm.com.ar\/noticias-villa-maria\/wp-json\/wp\/v2\/media?parent=47791"}],"wp:term":[{"taxonomy":"category","embeddable":true,"href":"https:\/\/elregionalvm.com.ar\/noticias-villa-maria\/wp-json\/wp\/v2\/categories?post=47791"},{"taxonomy":"post_tag","embeddable":true,"href":"https:\/\/elregionalvm.com.ar\/noticias-villa-maria\/wp-json\/wp\/v2\/tags?post=47791"}],"curies":[{"name":"wp","href":"https:\/\/api.w.org\/{rel}","templated":true}]}}