{"id":47874,"date":"2021-11-09T19:10:07","date_gmt":"2021-11-09T19:10:07","guid":{"rendered":"https:\/\/elregionalvm.com.ar\/noticias-villa-maria\/?p=47874"},"modified":"2021-11-11T01:53:48","modified_gmt":"2021-11-11T01:53:48","slug":"hoy-9-de-noviembre-se-celebra-el-dia-mundial-de-la-adopcion","status":"publish","type":"post","link":"https:\/\/elregionalvm.com.ar\/noticias-villa-maria\/hoy-9-de-noviembre-se-celebra-el-dia-mundial-de-la-adopcion\/","title":{"rendered":"D\u00eda Mundial de la Adopci\u00f3n: Testimonio de una mam\u00e1 que adopt\u00f3 en Ucrania"},"content":{"rendered":"\n<h3 class=\"wp-block-heading\">Hace precisamente 4 a\u00f1os atr\u00e1s, mi esposo y yo est\u00e1bamos viajando para llegar a nuestro destino final, Kiev (Ucrania)<\/h3>\n\n\n\n<p><\/p>\n\n\n\n<p><strong>Escribe: Ver\u00f3nica M. Lorenzatti *<\/strong><\/p>\n\n\n\n<p>Arribamos finalmente el d\u00eda 10, era viernes y ten\u00edamos que esperar hasta el lunes 13 para tener la entrevista con el Ministerio de Pol\u00edtica Social para encontrarnos, finalmente con nuestro hijo que conocimos el d\u00eda 16 y que hab\u00eda cumplido sus 10 a\u00f1itos precisamente el d\u00eda que nosotros arrib\u00e1bamos a su pa\u00eds.<\/p>\n\n\n\n<p>Como ya lo comentamos anteriormente en otra entrevista, que tan amablemente nos hiciera este diario, cuando vi la \u201ccarpeta\u201d de Dima, donde estaban todos sus datos, sent\u00ed una conexi\u00f3n especial, ese \u201chilo rojo\u201d que conecta a padres e hijos adoptivos.<\/p>\n\n\n\n<p>La adopci\u00f3n internacional es una de las alternativas que existen cuando quienes desean ser padres no logran encontrar a sus hijos en nuestro pa\u00eds.<\/p>\n\n\n\n<p>No es el \u00fanico destino, Ucrania es s\u00f3lo uno de ellos.<\/p>\n\n\n\n<p>Ahora bien, \u00bfqui\u00e9n o qui\u00e9nes est\u00e1n habilitados como padres para la Adopci\u00f3n internacional y que pa\u00edses son los que permiten adoptar internacionalmente, y cu\u00e1les son los requisitos que se les exigen a los futuros adoptantes?\u2026<\/p>\n\n\n\n<p>Las leyes de adopci\u00f3n internacional var\u00edan seg\u00fan los diversos pa\u00edses. Algunos, tales como&nbsp;China&nbsp;y&nbsp;Corea, tienen reglas y procedimientos relativamente establecidos para las adopciones internacionales, mientras que otros pa\u00edses la proh\u00edben. Algunos pa\u00edses, como es el caso de muchas naciones africanas, han ampliado los requisitos de la residencia para los padres adoptivos, lo que tiene el efecto de eliminar la mayor\u00eda de las adopciones internacionales.&nbsp;<\/p>\n\n\n\n<p>China es uno de los pa\u00edses en donde las ni\u00f1as adoptadas sobrepasan a los ni\u00f1os, debido a la cultura china que prefiere hijos varones en combinaci\u00f3n con el plan de control de natalidad implementado en 1981. Aproximadamente el 95% de los ni\u00f1os adoptados en China son del sexo femenino.<\/p>\n\n\n\n<p>En cuanto a las adopciones internacionales en Argentina, est\u00e1n prohibidas. Sin embargo, los ciudadanos argentinos podemos adoptar en el exterior. No obstante, ya que nuestro pa\u00eds no ha firmado la Convenci\u00f3n de La Haya&nbsp;del 29 de mayo de 1993 relativo a la Protecci\u00f3n del Ni\u00f1o y a la Cooperaci\u00f3n en Materia de Adopci\u00f3n, muchos pa\u00edses no hacen adopciones con otros no firmantes de la misma, como Argentina.&nbsp;<\/p>\n\n\n\n<p>Otros pa\u00edses hacen tratados bilaterales de adopci\u00f3n, pero Argentina no tiene firmado ninguno de ellos.&nbsp;<\/p>\n\n\n\n<p>Entonces, algunos de los pa\u00edses en los cuales pueden adoptar los argentinos son, casi \u00fanica y exclusivamente Ucrania, ya que Hait\u00ed, un pa\u00eds donde era posible, dej\u00f3 de serlo desde que firm\u00f3 la Convenci\u00f3n de La Haya. <\/p>\n\n\n\n<p>Adem\u00e1s de ser una naci\u00f3n muy humilde, donde los ni\u00f1os son entregados de forma directa por sus padres biol\u00f3gicos, actualmente es un pa\u00eds muy peligroso, muy inestable pol\u00edticamente: est\u00e1 en manos de las milicias haitianas y los cascos azules se han retirado de la zona, por lo que no existe protecci\u00f3n internacional de extranjeros de parte de las fuerzas de paz de la ONU.<\/p>\n\n\n\n<p><strong>Adopciones en Ucrania<\/strong><\/p>\n\n\n\n<p>Ucrania, al ser un pa\u00eds, que al igual que Argentina, no ha firmado la convenci\u00f3n de La Haya, acepta matrimonios (constituidos a trav\u00e9s de Registro Civil) heterosexuales de nuestro pa\u00eds. No admite uniones de hecho ni adopciones monoparentales.&nbsp; El tr\u00e1mite no es complicado ya que, a pesar de varios certificados (entre otros, de salud psico-f\u00edsica de los padres aspirantes a la adopci\u00f3n, de vivienda, de ingresos, etc.,) que hacen a la idoneidad de las parejas adoptantes, son requisitos que logran reunirse en el transcurso de algunos pocos meses.<\/p>\n\n\n\n<p>Ya en el pa\u00eds, se es asistido por un \u201cfacilitador\u201d ucraniano quien es la persona encargada de traducir esta informaci\u00f3n al idioma oficial del pa\u00eds y quien acercar\u00e1 a los futuros padres con el ni\u00f1o o ni\u00f1a, quien, adem\u00e1s oficiar\u00e1 de traductor.<\/p>\n\n\n\n<p>Lo m\u00e1s complicado de la adopci\u00f3n en este pa\u00eds es que los pretensos padres&nbsp;deben residir all\u00ed un tiempo que puede variar de dos a 5 meses, a la espera del juicio y pasaporte de su hijo.<\/p>\n\n\n\n<p><\/p>\n\n\n\n<p>* Mam\u00e1 de Dimitri<br>L<em>ic. en Ciencia Pol\u00edtica<br>T\u00e9cnica en Turismo<br>Estudiante de Derecho<br>Especializ\u00e1ndose en Derecho de Familia y Adopciones Internacionales<\/em><\/p>\n","protected":false},"excerpt":{"rendered":"<p>Hace precisamente 4 a\u00f1os atr\u00e1s, mi esposo y yo est\u00e1bamos viajando para llegar a nuestro destino final, Kiev (Ucrania) Escribe: Ver\u00f3nica M. Lorenzatti * Arribamos finalmente el d\u00eda 10, era viernes y ten\u00edamos que esperar hasta el lunes 13 para tener la entrevista con el Ministerio de Pol\u00edtica Social para encontrarnos, finalmente con nuestro hijo [&hellip;]<\/p>\n","protected":false},"author":4,"featured_media":47936,"comment_status":"open","ping_status":"open","sticky":false,"template":"","format":"standard","meta":{"site-sidebar-layout":"default","site-content-layout":"default","ast-site-content-layout":"default","site-content-style":"default","site-sidebar-style":"default","ast-global-header-display":"","ast-banner-title-visibility":"","ast-main-header-display":"","ast-hfb-above-header-display":"","ast-hfb-below-header-display":"","ast-hfb-mobile-header-display":"","site-post-title":"","ast-breadcrumbs-content":"","ast-featured-img":"","footer-sml-layout":"","ast-disable-related-posts":"","theme-transparent-header-meta":"default","adv-header-id-meta":"","stick-header-meta":"","header-above-stick-meta":"","header-main-stick-meta":"","header-below-stick-meta":"","astra-migrate-meta-layouts":"default","ast-page-background-enabled":"default","ast-page-background-meta":{"desktop":{"background-color":"","background-image":"","background-repeat":"repeat","background-position":"center center","background-size":"auto","background-attachment":"scroll","background-type":"","background-media":"","overlay-type":"","overlay-color":"","overlay-opacity":"","overlay-gradient":""},"tablet":{"background-color":"","background-image":"","background-repeat":"repeat","background-position":"center center","background-size":"auto","background-attachment":"scroll","background-type":"","background-media":"","overlay-type":"","overlay-color":"","overlay-opacity":"","overlay-gradient":""},"mobile":{"background-color":"","background-image":"","background-repeat":"repeat","background-position":"center center","background-size":"auto","background-attachment":"scroll","background-type":"","background-media":"","overlay-type":"","overlay-color":"","overlay-opacity":"","overlay-gradient":""}},"ast-content-background-meta":{"desktop":{"background-color":"var(--ast-global-color-5)","background-image":"","background-repeat":"repeat","background-position":"center center","background-size":"auto","background-attachment":"scroll","background-type":"","background-media":"","overlay-type":"","overlay-color":"","overlay-opacity":"","overlay-gradient":""},"tablet":{"background-color":"var(--ast-global-color-5)","background-image":"","background-repeat":"repeat","background-position":"center center","background-size":"auto","background-attachment":"scroll","background-type":"","background-media":"","overlay-type":"","overlay-color":"","overlay-opacity":"","overlay-gradient":""},"mobile":{"background-color":"var(--ast-global-color-5)","background-image":"","background-repeat":"repeat","background-position":"center center","background-size":"auto","background-attachment":"scroll","background-type":"","background-media":"","overlay-type":"","overlay-color":"","overlay-opacity":"","overlay-gradient":""}},"_jetpack_memberships_contains_paid_content":false,"_joinchat":[],"footnotes":""},"categories":[5,3557],"tags":[5285,5281,12106,5283],"class_list":["post-47874","post","type-post","status-publish","format-standard","has-post-thumbnail","hentry","category-sociedad","category-tercera","tag-adopcion","tag-hilo-rojo","tag-kiev","tag-ucrania"],"yoast_head":"<!-- This site is optimized with the Yoast SEO plugin v26.8 - https:\/\/yoast.com\/product\/yoast-seo-wordpress\/ -->\n<title>D\u00eda Mundial de la Adopci\u00f3n: Testimonio de una mam\u00e1 que adopt\u00f3 en Ucrania - El Regional<\/title>\n<meta name=\"robots\" content=\"index, follow, max-snippet:-1, max-image-preview:large, max-video-preview:-1\" \/>\n<link rel=\"canonical\" href=\"http:\/\/elregionalvm.com.ar\/noticias-villa-maria\/hoy-9-de-noviembre-se-celebra-el-dia-mundial-de-la-adopcion\/\" \/>\n<meta property=\"og:locale\" content=\"es_ES\" \/>\n<meta property=\"og:type\" content=\"article\" \/>\n<meta property=\"og:title\" content=\"D\u00eda Mundial de la Adopci\u00f3n: Testimonio de una mam\u00e1 que adopt\u00f3 en Ucrania - El Regional\" \/>\n<meta property=\"og:description\" content=\"Hace precisamente 4 a\u00f1os atr\u00e1s, mi esposo y yo est\u00e1bamos viajando para llegar a nuestro destino final, Kiev (Ucrania) Escribe: Ver\u00f3nica M. Lorenzatti * Arribamos finalmente el d\u00eda 10, era viernes y ten\u00edamos que esperar hasta el lunes 13 para tener la entrevista con el Ministerio de Pol\u00edtica Social para encontrarnos, finalmente con nuestro hijo [&hellip;]\" \/>\n<meta property=\"og:url\" content=\"http:\/\/elregionalvm.com.ar\/noticias-villa-maria\/hoy-9-de-noviembre-se-celebra-el-dia-mundial-de-la-adopcion\/\" \/>\n<meta property=\"og:site_name\" content=\"El Regional\" \/>\n<meta property=\"article:publisher\" content=\"https:\/\/www.facebook.com\/elregionalvm\" \/>\n<meta property=\"article:published_time\" content=\"2021-11-09T19:10:07+00:00\" \/>\n<meta property=\"article:modified_time\" content=\"2021-11-11T01:53:48+00:00\" \/>\n<meta property=\"og:image\" content=\"http:\/\/elregionalvm.com.ar\/noticias-villa-maria\/wp-content\/uploads\/2021\/11\/adopcion-Ucrania.jpg\" \/>\n\t<meta property=\"og:image:width\" content=\"768\" \/>\n\t<meta property=\"og:image:height\" content=\"649\" \/>\n\t<meta property=\"og:image:type\" content=\"image\/jpeg\" \/>\n<meta name=\"author\" content=\"Contenidos El Regional\" \/>\n<meta name=\"twitter:card\" content=\"summary_large_image\" \/>\n<meta name=\"twitter:creator\" content=\"@elregionalvm1\" \/>\n<meta name=\"twitter:site\" content=\"@elregionalvm1\" \/>\n<meta name=\"twitter:label1\" content=\"Escrito por\" \/>\n\t<meta name=\"twitter:data1\" content=\"Contenidos El Regional\" \/>\n\t<meta name=\"twitter:label2\" content=\"Tiempo de lectura\" \/>\n\t<meta name=\"twitter:data2\" content=\"3 minutos\" \/>\n<script type=\"application\/ld+json\" class=\"yoast-schema-graph\">{\"@context\":\"https:\/\/schema.org\",\"@graph\":[{\"@type\":\"Article\",\"@id\":\"http:\/\/elregionalvm.com.ar\/noticias-villa-maria\/hoy-9-de-noviembre-se-celebra-el-dia-mundial-de-la-adopcion\/#article\",\"isPartOf\":{\"@id\":\"http:\/\/elregionalvm.com.ar\/noticias-villa-maria\/hoy-9-de-noviembre-se-celebra-el-dia-mundial-de-la-adopcion\/\"},\"author\":{\"name\":\"Contenidos El Regional\",\"@id\":\"http:\/\/elregionalvm.com.ar\/noticias-villa-maria\/#\/schema\/person\/a0fb9c422317faca23d50163151bc354\"},\"headline\":\"D\u00eda Mundial de la Adopci\u00f3n: Testimonio de una mam\u00e1 que adopt\u00f3 en Ucrania\",\"datePublished\":\"2021-11-09T19:10:07+00:00\",\"dateModified\":\"2021-11-11T01:53:48+00:00\",\"mainEntityOfPage\":{\"@id\":\"http:\/\/elregionalvm.com.ar\/noticias-villa-maria\/hoy-9-de-noviembre-se-celebra-el-dia-mundial-de-la-adopcion\/\"},\"wordCount\":760,\"commentCount\":0,\"image\":{\"@id\":\"http:\/\/elregionalvm.com.ar\/noticias-villa-maria\/hoy-9-de-noviembre-se-celebra-el-dia-mundial-de-la-adopcion\/#primaryimage\"},\"thumbnailUrl\":\"https:\/\/i0.wp.com\/elregionalvm.com.ar\/noticias-villa-maria\/wp-content\/uploads\/2021\/11\/adopcion-Ucrania.jpg?fit=768%2C649&ssl=1\",\"keywords\":[\"Adopci\u00f3n\",\"Hilo rojo\",\"Kiev\",\"Ucrania\"],\"articleSection\":[\"Sociedad\",\"tercera\"],\"inLanguage\":\"es\",\"potentialAction\":[{\"@type\":\"CommentAction\",\"name\":\"Comment\",\"target\":[\"http:\/\/elregionalvm.com.ar\/noticias-villa-maria\/hoy-9-de-noviembre-se-celebra-el-dia-mundial-de-la-adopcion\/#respond\"]}]},{\"@type\":\"WebPage\",\"@id\":\"http:\/\/elregionalvm.com.ar\/noticias-villa-maria\/hoy-9-de-noviembre-se-celebra-el-dia-mundial-de-la-adopcion\/\",\"url\":\"http:\/\/elregionalvm.com.ar\/noticias-villa-maria\/hoy-9-de-noviembre-se-celebra-el-dia-mundial-de-la-adopcion\/\",\"name\":\"D\u00eda Mundial de la Adopci\u00f3n: Testimonio de una mam\u00e1 que adopt\u00f3 en Ucrania - El Regional\",\"isPartOf\":{\"@id\":\"http:\/\/elregionalvm.com.ar\/noticias-villa-maria\/#website\"},\"primaryImageOfPage\":{\"@id\":\"http:\/\/elregionalvm.com.ar\/noticias-villa-maria\/hoy-9-de-noviembre-se-celebra-el-dia-mundial-de-la-adopcion\/#primaryimage\"},\"image\":{\"@id\":\"http:\/\/elregionalvm.com.ar\/noticias-villa-maria\/hoy-9-de-noviembre-se-celebra-el-dia-mundial-de-la-adopcion\/#primaryimage\"},\"thumbnailUrl\":\"https:\/\/i0.wp.com\/elregionalvm.com.ar\/noticias-villa-maria\/wp-content\/uploads\/2021\/11\/adopcion-Ucrania.jpg?fit=768%2C649&ssl=1\",\"datePublished\":\"2021-11-09T19:10:07+00:00\",\"dateModified\":\"2021-11-11T01:53:48+00:00\",\"author\":{\"@id\":\"http:\/\/elregionalvm.com.ar\/noticias-villa-maria\/#\/schema\/person\/a0fb9c422317faca23d50163151bc354\"},\"breadcrumb\":{\"@id\":\"http:\/\/elregionalvm.com.ar\/noticias-villa-maria\/hoy-9-de-noviembre-se-celebra-el-dia-mundial-de-la-adopcion\/#breadcrumb\"},\"inLanguage\":\"es\",\"potentialAction\":[{\"@type\":\"ReadAction\",\"target\":[\"http:\/\/elregionalvm.com.ar\/noticias-villa-maria\/hoy-9-de-noviembre-se-celebra-el-dia-mundial-de-la-adopcion\/\"]}]},{\"@type\":\"ImageObject\",\"inLanguage\":\"es\",\"@id\":\"http:\/\/elregionalvm.com.ar\/noticias-villa-maria\/hoy-9-de-noviembre-se-celebra-el-dia-mundial-de-la-adopcion\/#primaryimage\",\"url\":\"https:\/\/i0.wp.com\/elregionalvm.com.ar\/noticias-villa-maria\/wp-content\/uploads\/2021\/11\/adopcion-Ucrania.jpg?fit=768%2C649&ssl=1\",\"contentUrl\":\"https:\/\/i0.wp.com\/elregionalvm.com.ar\/noticias-villa-maria\/wp-content\/uploads\/2021\/11\/adopcion-Ucrania.jpg?fit=768%2C649&ssl=1\",\"width\":768,\"height\":649},{\"@type\":\"BreadcrumbList\",\"@id\":\"http:\/\/elregionalvm.com.ar\/noticias-villa-maria\/hoy-9-de-noviembre-se-celebra-el-dia-mundial-de-la-adopcion\/#breadcrumb\",\"itemListElement\":[{\"@type\":\"ListItem\",\"position\":1,\"name\":\"Portada\",\"item\":\"https:\/\/elregionalvm.com.ar\/noticias-villa-maria\/\"},{\"@type\":\"ListItem\",\"position\":2,\"name\":\"D\u00eda Mundial de la Adopci\u00f3n: Testimonio de una mam\u00e1 que adopt\u00f3 en Ucrania\"}]},{\"@type\":\"WebSite\",\"@id\":\"http:\/\/elregionalvm.com.ar\/noticias-villa-maria\/#website\",\"url\":\"http:\/\/elregionalvm.com.ar\/noticias-villa-maria\/\",\"name\":\"El Regional\",\"description\":\"Mucho m\u00e1s que informaci\u00f3n\",\"potentialAction\":[{\"@type\":\"SearchAction\",\"target\":{\"@type\":\"EntryPoint\",\"urlTemplate\":\"http:\/\/elregionalvm.com.ar\/noticias-villa-maria\/?s={search_term_string}\"},\"query-input\":{\"@type\":\"PropertyValueSpecification\",\"valueRequired\":true,\"valueName\":\"search_term_string\"}}],\"inLanguage\":\"es\"},{\"@type\":\"Person\",\"@id\":\"http:\/\/elregionalvm.com.ar\/noticias-villa-maria\/#\/schema\/person\/a0fb9c422317faca23d50163151bc354\",\"name\":\"Contenidos El Regional\",\"image\":{\"@type\":\"ImageObject\",\"inLanguage\":\"es\",\"@id\":\"http:\/\/elregionalvm.com.ar\/noticias-villa-maria\/#\/schema\/person\/image\/\",\"url\":\"https:\/\/secure.gravatar.com\/avatar\/265b27cb2209af7bb3a1318f03305787d7981a5cc6e6cd08fe5a4ecdf99d4b48?s=96&d=mm&r=g\",\"contentUrl\":\"https:\/\/secure.gravatar.com\/avatar\/265b27cb2209af7bb3a1318f03305787d7981a5cc6e6cd08fe5a4ecdf99d4b48?s=96&d=mm&r=g\",\"caption\":\"Contenidos El Regional\"},\"url\":\"https:\/\/elregionalvm.com.ar\/noticias-villa-maria\/author\/contenido\/\"}]}<\/script>\n<!-- \/ Yoast SEO plugin. -->","yoast_head_json":{"title":"D\u00eda Mundial de la Adopci\u00f3n: Testimonio de una mam\u00e1 que adopt\u00f3 en Ucrania - El Regional","robots":{"index":"index","follow":"follow","max-snippet":"max-snippet:-1","max-image-preview":"max-image-preview:large","max-video-preview":"max-video-preview:-1"},"canonical":"http:\/\/elregionalvm.com.ar\/noticias-villa-maria\/hoy-9-de-noviembre-se-celebra-el-dia-mundial-de-la-adopcion\/","og_locale":"es_ES","og_type":"article","og_title":"D\u00eda Mundial de la Adopci\u00f3n: Testimonio de una mam\u00e1 que adopt\u00f3 en Ucrania - El Regional","og_description":"Hace precisamente 4 a\u00f1os atr\u00e1s, mi esposo y yo est\u00e1bamos viajando para llegar a nuestro destino final, Kiev (Ucrania) Escribe: Ver\u00f3nica M. Lorenzatti * Arribamos finalmente el d\u00eda 10, era viernes y ten\u00edamos que esperar hasta el lunes 13 para tener la entrevista con el Ministerio de Pol\u00edtica Social para encontrarnos, finalmente con nuestro hijo [&hellip;]","og_url":"http:\/\/elregionalvm.com.ar\/noticias-villa-maria\/hoy-9-de-noviembre-se-celebra-el-dia-mundial-de-la-adopcion\/","og_site_name":"El Regional","article_publisher":"https:\/\/www.facebook.com\/elregionalvm","article_published_time":"2021-11-09T19:10:07+00:00","article_modified_time":"2021-11-11T01:53:48+00:00","og_image":[{"width":768,"height":649,"url":"http:\/\/elregionalvm.com.ar\/noticias-villa-maria\/wp-content\/uploads\/2021\/11\/adopcion-Ucrania.jpg","type":"image\/jpeg"}],"author":"Contenidos El Regional","twitter_card":"summary_large_image","twitter_creator":"@elregionalvm1","twitter_site":"@elregionalvm1","twitter_misc":{"Escrito por":"Contenidos El Regional","Tiempo de lectura":"3 minutos"},"schema":{"@context":"https:\/\/schema.org","@graph":[{"@type":"Article","@id":"http:\/\/elregionalvm.com.ar\/noticias-villa-maria\/hoy-9-de-noviembre-se-celebra-el-dia-mundial-de-la-adopcion\/#article","isPartOf":{"@id":"http:\/\/elregionalvm.com.ar\/noticias-villa-maria\/hoy-9-de-noviembre-se-celebra-el-dia-mundial-de-la-adopcion\/"},"author":{"name":"Contenidos El Regional","@id":"http:\/\/elregionalvm.com.ar\/noticias-villa-maria\/#\/schema\/person\/a0fb9c422317faca23d50163151bc354"},"headline":"D\u00eda Mundial de la Adopci\u00f3n: Testimonio de una mam\u00e1 que adopt\u00f3 en Ucrania","datePublished":"2021-11-09T19:10:07+00:00","dateModified":"2021-11-11T01:53:48+00:00","mainEntityOfPage":{"@id":"http:\/\/elregionalvm.com.ar\/noticias-villa-maria\/hoy-9-de-noviembre-se-celebra-el-dia-mundial-de-la-adopcion\/"},"wordCount":760,"commentCount":0,"image":{"@id":"http:\/\/elregionalvm.com.ar\/noticias-villa-maria\/hoy-9-de-noviembre-se-celebra-el-dia-mundial-de-la-adopcion\/#primaryimage"},"thumbnailUrl":"https:\/\/i0.wp.com\/elregionalvm.com.ar\/noticias-villa-maria\/wp-content\/uploads\/2021\/11\/adopcion-Ucrania.jpg?fit=768%2C649&ssl=1","keywords":["Adopci\u00f3n","Hilo rojo","Kiev","Ucrania"],"articleSection":["Sociedad","tercera"],"inLanguage":"es","potentialAction":[{"@type":"CommentAction","name":"Comment","target":["http:\/\/elregionalvm.com.ar\/noticias-villa-maria\/hoy-9-de-noviembre-se-celebra-el-dia-mundial-de-la-adopcion\/#respond"]}]},{"@type":"WebPage","@id":"http:\/\/elregionalvm.com.ar\/noticias-villa-maria\/hoy-9-de-noviembre-se-celebra-el-dia-mundial-de-la-adopcion\/","url":"http:\/\/elregionalvm.com.ar\/noticias-villa-maria\/hoy-9-de-noviembre-se-celebra-el-dia-mundial-de-la-adopcion\/","name":"D\u00eda Mundial de la Adopci\u00f3n: Testimonio de una mam\u00e1 que adopt\u00f3 en Ucrania - El Regional","isPartOf":{"@id":"http:\/\/elregionalvm.com.ar\/noticias-villa-maria\/#website"},"primaryImageOfPage":{"@id":"http:\/\/elregionalvm.com.ar\/noticias-villa-maria\/hoy-9-de-noviembre-se-celebra-el-dia-mundial-de-la-adopcion\/#primaryimage"},"image":{"@id":"http:\/\/elregionalvm.com.ar\/noticias-villa-maria\/hoy-9-de-noviembre-se-celebra-el-dia-mundial-de-la-adopcion\/#primaryimage"},"thumbnailUrl":"https:\/\/i0.wp.com\/elregionalvm.com.ar\/noticias-villa-maria\/wp-content\/uploads\/2021\/11\/adopcion-Ucrania.jpg?fit=768%2C649&ssl=1","datePublished":"2021-11-09T19:10:07+00:00","dateModified":"2021-11-11T01:53:48+00:00","author":{"@id":"http:\/\/elregionalvm.com.ar\/noticias-villa-maria\/#\/schema\/person\/a0fb9c422317faca23d50163151bc354"},"breadcrumb":{"@id":"http:\/\/elregionalvm.com.ar\/noticias-villa-maria\/hoy-9-de-noviembre-se-celebra-el-dia-mundial-de-la-adopcion\/#breadcrumb"},"inLanguage":"es","potentialAction":[{"@type":"ReadAction","target":["http:\/\/elregionalvm.com.ar\/noticias-villa-maria\/hoy-9-de-noviembre-se-celebra-el-dia-mundial-de-la-adopcion\/"]}]},{"@type":"ImageObject","inLanguage":"es","@id":"http:\/\/elregionalvm.com.ar\/noticias-villa-maria\/hoy-9-de-noviembre-se-celebra-el-dia-mundial-de-la-adopcion\/#primaryimage","url":"https:\/\/i0.wp.com\/elregionalvm.com.ar\/noticias-villa-maria\/wp-content\/uploads\/2021\/11\/adopcion-Ucrania.jpg?fit=768%2C649&ssl=1","contentUrl":"https:\/\/i0.wp.com\/elregionalvm.com.ar\/noticias-villa-maria\/wp-content\/uploads\/2021\/11\/adopcion-Ucrania.jpg?fit=768%2C649&ssl=1","width":768,"height":649},{"@type":"BreadcrumbList","@id":"http:\/\/elregionalvm.com.ar\/noticias-villa-maria\/hoy-9-de-noviembre-se-celebra-el-dia-mundial-de-la-adopcion\/#breadcrumb","itemListElement":[{"@type":"ListItem","position":1,"name":"Portada","item":"https:\/\/elregionalvm.com.ar\/noticias-villa-maria\/"},{"@type":"ListItem","position":2,"name":"D\u00eda Mundial de la Adopci\u00f3n: Testimonio de una mam\u00e1 que adopt\u00f3 en Ucrania"}]},{"@type":"WebSite","@id":"http:\/\/elregionalvm.com.ar\/noticias-villa-maria\/#website","url":"http:\/\/elregionalvm.com.ar\/noticias-villa-maria\/","name":"El Regional","description":"Mucho m\u00e1s que informaci\u00f3n","potentialAction":[{"@type":"SearchAction","target":{"@type":"EntryPoint","urlTemplate":"http:\/\/elregionalvm.com.ar\/noticias-villa-maria\/?s={search_term_string}"},"query-input":{"@type":"PropertyValueSpecification","valueRequired":true,"valueName":"search_term_string"}}],"inLanguage":"es"},{"@type":"Person","@id":"http:\/\/elregionalvm.com.ar\/noticias-villa-maria\/#\/schema\/person\/a0fb9c422317faca23d50163151bc354","name":"Contenidos El Regional","image":{"@type":"ImageObject","inLanguage":"es","@id":"http:\/\/elregionalvm.com.ar\/noticias-villa-maria\/#\/schema\/person\/image\/","url":"https:\/\/secure.gravatar.com\/avatar\/265b27cb2209af7bb3a1318f03305787d7981a5cc6e6cd08fe5a4ecdf99d4b48?s=96&d=mm&r=g","contentUrl":"https:\/\/secure.gravatar.com\/avatar\/265b27cb2209af7bb3a1318f03305787d7981a5cc6e6cd08fe5a4ecdf99d4b48?s=96&d=mm&r=g","caption":"Contenidos El Regional"},"url":"https:\/\/elregionalvm.com.ar\/noticias-villa-maria\/author\/contenido\/"}]}},"jetpack_featured_media_url":"https:\/\/i0.wp.com\/elregionalvm.com.ar\/noticias-villa-maria\/wp-content\/uploads\/2021\/11\/adopcion-Ucrania.jpg?fit=768%2C649&ssl=1","jetpack_sharing_enabled":true,"_links":{"self":[{"href":"https:\/\/elregionalvm.com.ar\/noticias-villa-maria\/wp-json\/wp\/v2\/posts\/47874","targetHints":{"allow":["GET"]}}],"collection":[{"href":"https:\/\/elregionalvm.com.ar\/noticias-villa-maria\/wp-json\/wp\/v2\/posts"}],"about":[{"href":"https:\/\/elregionalvm.com.ar\/noticias-villa-maria\/wp-json\/wp\/v2\/types\/post"}],"author":[{"embeddable":true,"href":"https:\/\/elregionalvm.com.ar\/noticias-villa-maria\/wp-json\/wp\/v2\/users\/4"}],"replies":[{"embeddable":true,"href":"https:\/\/elregionalvm.com.ar\/noticias-villa-maria\/wp-json\/wp\/v2\/comments?post=47874"}],"version-history":[{"count":4,"href":"https:\/\/elregionalvm.com.ar\/noticias-villa-maria\/wp-json\/wp\/v2\/posts\/47874\/revisions"}],"predecessor-version":[{"id":47937,"href":"https:\/\/elregionalvm.com.ar\/noticias-villa-maria\/wp-json\/wp\/v2\/posts\/47874\/revisions\/47937"}],"wp:featuredmedia":[{"embeddable":true,"href":"https:\/\/elregionalvm.com.ar\/noticias-villa-maria\/wp-json\/wp\/v2\/media\/47936"}],"wp:attachment":[{"href":"https:\/\/elregionalvm.com.ar\/noticias-villa-maria\/wp-json\/wp\/v2\/media?parent=47874"}],"wp:term":[{"taxonomy":"category","embeddable":true,"href":"https:\/\/elregionalvm.com.ar\/noticias-villa-maria\/wp-json\/wp\/v2\/categories?post=47874"},{"taxonomy":"post_tag","embeddable":true,"href":"https:\/\/elregionalvm.com.ar\/noticias-villa-maria\/wp-json\/wp\/v2\/tags?post=47874"}],"curies":[{"name":"wp","href":"https:\/\/api.w.org\/{rel}","templated":true}]}}