{"id":47918,"date":"2021-11-10T00:36:50","date_gmt":"2021-11-10T00:36:50","guid":{"rendered":"https:\/\/elregionalvm.com.ar\/noticias-villa-maria\/?p=47918"},"modified":"2021-11-10T00:36:51","modified_gmt":"2021-11-10T00:36:51","slug":"cuencas-provinciales-con-crecidas-capilla-del-monte-tuvo-130-milimetros","status":"publish","type":"post","link":"https:\/\/elregionalvm.com.ar\/noticias-villa-maria\/cuencas-provinciales-con-crecidas-capilla-del-monte-tuvo-130-milimetros\/","title":{"rendered":"Cuencas provinciales con crecidas: Capilla del Monte tuvo 130 mil\u00edmetros"},"content":{"rendered":"\n<p>\u201cLa lluvia ca\u00edda acompa\u00f1ada de granizo ha causado algunos inconvenientes, sobre todo en la zona de Punilla, en jurisdicci\u00f3n de Capilla del Monte, sector de las Gemelas, en donde el milimetraje super\u00f3 los 130 mil\u00edmetros.<\/p>\n\n\n\n<p>En el lugar creci\u00f3 mucho el r\u00edo de Dolores con 2.70 metros como as\u00ed tambi\u00e9n el r\u00edo Calabalumba que tambi\u00e9n increment\u00f3 su caudal; toda esa agua va a impactar en San Marcos Sierras en donde el r\u00edo ya alcanz\u00f3 los 2.70 metros\u201d, Diego Concha.<\/p>\n\n\n\n<p>En el resto del Valle de Punilla se aguardan crecidas importantes en los r\u00edos San Antonio y Cosqu\u00edn ya que ha llovido mucho en las cuencas altas y medias. Sierras Chicas y Calamuchita presentan vados cortados al tr\u00e1nsito.<\/p>\n\n\n\n<p>De acuerdo a lo informado por la Direcci\u00f3n de Protecci\u00f3n Civil, el fen\u00f3meno meteorol\u00f3gico actual permanecer\u00e1 en la provincia de C\u00f3rdoba por dos d\u00edas m\u00e1s.<\/p>\n","protected":false},"excerpt":{"rendered":"<p>\u201cLa lluvia ca\u00edda acompa\u00f1ada de granizo ha causado algunos inconvenientes, sobre todo en la zona de Punilla, en jurisdicci\u00f3n de Capilla del Monte, sector de las Gemelas, en donde el milimetraje super\u00f3 los 130 mil\u00edmetros. En el lugar creci\u00f3 mucho el r\u00edo de Dolores con 2.70 metros como as\u00ed tambi\u00e9n el r\u00edo Calabalumba que tambi\u00e9n [&hellip;]<\/p>\n","protected":false},"author":4,"featured_media":47919,"comment_status":"open","ping_status":"open","sticky":false,"template":"","format":"standard","meta":{"site-sidebar-layout":"default","site-content-layout":"default","ast-site-content-layout":"default","site-content-style":"default","site-sidebar-style":"default","ast-global-header-display":"","ast-banner-title-visibility":"","ast-main-header-display":"","ast-hfb-above-header-display":"","ast-hfb-below-header-display":"","ast-hfb-mobile-header-display":"","site-post-title":"","ast-breadcrumbs-content":"","ast-featured-img":"","footer-sml-layout":"","ast-disable-related-posts":"","theme-transparent-header-meta":"default","adv-header-id-meta":"","stick-header-meta":"","header-above-stick-meta":"","header-main-stick-meta":"","header-below-stick-meta":"","astra-migrate-meta-layouts":"default","ast-page-background-enabled":"default","ast-page-background-meta":{"desktop":{"background-color":"","background-image":"","background-repeat":"repeat","background-position":"center center","background-size":"auto","background-attachment":"scroll","background-type":"","background-media":"","overlay-type":"","overlay-color":"","overlay-opacity":"","overlay-gradient":""},"tablet":{"background-color":"","background-image":"","background-repeat":"repeat","background-position":"center center","background-size":"auto","background-attachment":"scroll","background-type":"","background-media":"","overlay-type":"","overlay-color":"","overlay-opacity":"","overlay-gradient":""},"mobile":{"background-color":"","background-image":"","background-repeat":"repeat","background-position":"center center","background-size":"auto","background-attachment":"scroll","background-type":"","background-media":"","overlay-type":"","overlay-color":"","overlay-opacity":"","overlay-gradient":""}},"ast-content-background-meta":{"desktop":{"background-color":"var(--ast-global-color-5)","background-image":"","background-repeat":"repeat","background-position":"center center","background-size":"auto","background-attachment":"scroll","background-type":"","background-media":"","overlay-type":"","overlay-color":"","overlay-opacity":"","overlay-gradient":""},"tablet":{"background-color":"var(--ast-global-color-5)","background-image":"","background-repeat":"repeat","background-position":"center center","background-size":"auto","background-attachment":"scroll","background-type":"","background-media":"","overlay-type":"","overlay-color":"","overlay-opacity":"","overlay-gradient":""},"mobile":{"background-color":"var(--ast-global-color-5)","background-image":"","background-repeat":"repeat","background-position":"center center","background-size":"auto","background-attachment":"scroll","background-type":"","background-media":"","overlay-type":"","overlay-color":"","overlay-opacity":"","overlay-gradient":""}},"_jetpack_memberships_contains_paid_content":false,"_joinchat":[],"footnotes":""},"categories":[2091],"tags":[6563,12124,12126,12125],"class_list":["post-47918","post","type-post","status-publish","format-standard","has-post-thumbnail","hentry","category-region","tag-anegamientos","tag-cuencas","tag-cuencas-provinciales","tag-lluvias-importantes"],"yoast_head":"<!-- This site is optimized with the Yoast SEO plugin v26.8 - https:\/\/yoast.com\/product\/yoast-seo-wordpress\/ -->\n<title>Cuencas provinciales con crecidas: Capilla del Monte tuvo 130 mil\u00edmetros - El Regional<\/title>\n<meta name=\"robots\" content=\"index, follow, max-snippet:-1, max-image-preview:large, max-video-preview:-1\" \/>\n<link rel=\"canonical\" href=\"http:\/\/elregionalvm.com.ar\/noticias-villa-maria\/cuencas-provinciales-con-crecidas-capilla-del-monte-tuvo-130-milimetros\/\" \/>\n<meta property=\"og:locale\" content=\"es_ES\" \/>\n<meta property=\"og:type\" content=\"article\" \/>\n<meta property=\"og:title\" content=\"Cuencas provinciales con crecidas: Capilla del Monte tuvo 130 mil\u00edmetros - El Regional\" \/>\n<meta property=\"og:description\" content=\"\u201cLa lluvia ca\u00edda acompa\u00f1ada de granizo ha causado algunos inconvenientes, sobre todo en la zona de Punilla, en jurisdicci\u00f3n de Capilla del Monte, sector de las Gemelas, en donde el milimetraje super\u00f3 los 130 mil\u00edmetros. En el lugar creci\u00f3 mucho el r\u00edo de Dolores con 2.70 metros como as\u00ed tambi\u00e9n el r\u00edo Calabalumba que tambi\u00e9n [&hellip;]\" \/>\n<meta property=\"og:url\" content=\"http:\/\/elregionalvm.com.ar\/noticias-villa-maria\/cuencas-provinciales-con-crecidas-capilla-del-monte-tuvo-130-milimetros\/\" \/>\n<meta property=\"og:site_name\" content=\"El Regional\" \/>\n<meta property=\"article:publisher\" content=\"https:\/\/www.facebook.com\/elregionalvm\" \/>\n<meta property=\"article:published_time\" content=\"2021-11-10T00:36:50+00:00\" \/>\n<meta property=\"article:modified_time\" content=\"2021-11-10T00:36:51+00:00\" \/>\n<meta property=\"og:image\" content=\"http:\/\/elregionalvm.com.ar\/noticias-villa-maria\/wp-content\/uploads\/2021\/11\/anegamientos.jpg\" \/>\n\t<meta property=\"og:image:width\" content=\"1000\" \/>\n\t<meta property=\"og:image:height\" content=\"874\" \/>\n\t<meta property=\"og:image:type\" content=\"image\/jpeg\" \/>\n<meta name=\"author\" content=\"Contenidos El Regional\" \/>\n<meta name=\"twitter:card\" content=\"summary_large_image\" \/>\n<meta name=\"twitter:creator\" content=\"@elregionalvm1\" \/>\n<meta name=\"twitter:site\" content=\"@elregionalvm1\" \/>\n<meta name=\"twitter:label1\" content=\"Escrito por\" \/>\n\t<meta name=\"twitter:data1\" content=\"Contenidos El Regional\" \/>\n\t<meta name=\"twitter:label2\" content=\"Tiempo de lectura\" \/>\n\t<meta name=\"twitter:data2\" content=\"1 minuto\" \/>\n<script type=\"application\/ld+json\" class=\"yoast-schema-graph\">{\"@context\":\"https:\/\/schema.org\",\"@graph\":[{\"@type\":\"Article\",\"@id\":\"http:\/\/elregionalvm.com.ar\/noticias-villa-maria\/cuencas-provinciales-con-crecidas-capilla-del-monte-tuvo-130-milimetros\/#article\",\"isPartOf\":{\"@id\":\"http:\/\/elregionalvm.com.ar\/noticias-villa-maria\/cuencas-provinciales-con-crecidas-capilla-del-monte-tuvo-130-milimetros\/\"},\"author\":{\"name\":\"Contenidos El Regional\",\"@id\":\"http:\/\/elregionalvm.com.ar\/noticias-villa-maria\/#\/schema\/person\/a0fb9c422317faca23d50163151bc354\"},\"headline\":\"Cuencas provinciales con crecidas: Capilla del Monte tuvo 130 mil\u00edmetros\",\"datePublished\":\"2021-11-10T00:36:50+00:00\",\"dateModified\":\"2021-11-10T00:36:51+00:00\",\"mainEntityOfPage\":{\"@id\":\"http:\/\/elregionalvm.com.ar\/noticias-villa-maria\/cuencas-provinciales-con-crecidas-capilla-del-monte-tuvo-130-milimetros\/\"},\"wordCount\":168,\"commentCount\":0,\"image\":{\"@id\":\"http:\/\/elregionalvm.com.ar\/noticias-villa-maria\/cuencas-provinciales-con-crecidas-capilla-del-monte-tuvo-130-milimetros\/#primaryimage\"},\"thumbnailUrl\":\"https:\/\/i0.wp.com\/elregionalvm.com.ar\/noticias-villa-maria\/wp-content\/uploads\/2021\/11\/anegamientos.jpg?fit=1000%2C874&ssl=1\",\"keywords\":[\"Anegamientos\",\"cuencas\",\"cuencas provinciales\",\"lluvias importantes\"],\"articleSection\":[\"Regi\u00f3n\"],\"inLanguage\":\"es\",\"potentialAction\":[{\"@type\":\"CommentAction\",\"name\":\"Comment\",\"target\":[\"http:\/\/elregionalvm.com.ar\/noticias-villa-maria\/cuencas-provinciales-con-crecidas-capilla-del-monte-tuvo-130-milimetros\/#respond\"]}]},{\"@type\":\"WebPage\",\"@id\":\"http:\/\/elregionalvm.com.ar\/noticias-villa-maria\/cuencas-provinciales-con-crecidas-capilla-del-monte-tuvo-130-milimetros\/\",\"url\":\"http:\/\/elregionalvm.com.ar\/noticias-villa-maria\/cuencas-provinciales-con-crecidas-capilla-del-monte-tuvo-130-milimetros\/\",\"name\":\"Cuencas provinciales con crecidas: Capilla del Monte tuvo 130 mil\u00edmetros - El Regional\",\"isPartOf\":{\"@id\":\"http:\/\/elregionalvm.com.ar\/noticias-villa-maria\/#website\"},\"primaryImageOfPage\":{\"@id\":\"http:\/\/elregionalvm.com.ar\/noticias-villa-maria\/cuencas-provinciales-con-crecidas-capilla-del-monte-tuvo-130-milimetros\/#primaryimage\"},\"image\":{\"@id\":\"http:\/\/elregionalvm.com.ar\/noticias-villa-maria\/cuencas-provinciales-con-crecidas-capilla-del-monte-tuvo-130-milimetros\/#primaryimage\"},\"thumbnailUrl\":\"https:\/\/i0.wp.com\/elregionalvm.com.ar\/noticias-villa-maria\/wp-content\/uploads\/2021\/11\/anegamientos.jpg?fit=1000%2C874&ssl=1\",\"datePublished\":\"2021-11-10T00:36:50+00:00\",\"dateModified\":\"2021-11-10T00:36:51+00:00\",\"author\":{\"@id\":\"http:\/\/elregionalvm.com.ar\/noticias-villa-maria\/#\/schema\/person\/a0fb9c422317faca23d50163151bc354\"},\"breadcrumb\":{\"@id\":\"http:\/\/elregionalvm.com.ar\/noticias-villa-maria\/cuencas-provinciales-con-crecidas-capilla-del-monte-tuvo-130-milimetros\/#breadcrumb\"},\"inLanguage\":\"es\",\"potentialAction\":[{\"@type\":\"ReadAction\",\"target\":[\"http:\/\/elregionalvm.com.ar\/noticias-villa-maria\/cuencas-provinciales-con-crecidas-capilla-del-monte-tuvo-130-milimetros\/\"]}]},{\"@type\":\"ImageObject\",\"inLanguage\":\"es\",\"@id\":\"http:\/\/elregionalvm.com.ar\/noticias-villa-maria\/cuencas-provinciales-con-crecidas-capilla-del-monte-tuvo-130-milimetros\/#primaryimage\",\"url\":\"https:\/\/i0.wp.com\/elregionalvm.com.ar\/noticias-villa-maria\/wp-content\/uploads\/2021\/11\/anegamientos.jpg?fit=1000%2C874&ssl=1\",\"contentUrl\":\"https:\/\/i0.wp.com\/elregionalvm.com.ar\/noticias-villa-maria\/wp-content\/uploads\/2021\/11\/anegamientos.jpg?fit=1000%2C874&ssl=1\",\"width\":1000,\"height\":874},{\"@type\":\"BreadcrumbList\",\"@id\":\"http:\/\/elregionalvm.com.ar\/noticias-villa-maria\/cuencas-provinciales-con-crecidas-capilla-del-monte-tuvo-130-milimetros\/#breadcrumb\",\"itemListElement\":[{\"@type\":\"ListItem\",\"position\":1,\"name\":\"Portada\",\"item\":\"https:\/\/elregionalvm.com.ar\/noticias-villa-maria\/\"},{\"@type\":\"ListItem\",\"position\":2,\"name\":\"Cuencas provinciales con crecidas: Capilla del Monte tuvo 130 mil\u00edmetros\"}]},{\"@type\":\"WebSite\",\"@id\":\"http:\/\/elregionalvm.com.ar\/noticias-villa-maria\/#website\",\"url\":\"http:\/\/elregionalvm.com.ar\/noticias-villa-maria\/\",\"name\":\"El Regional\",\"description\":\"Mucho m\u00e1s que informaci\u00f3n\",\"potentialAction\":[{\"@type\":\"SearchAction\",\"target\":{\"@type\":\"EntryPoint\",\"urlTemplate\":\"http:\/\/elregionalvm.com.ar\/noticias-villa-maria\/?s={search_term_string}\"},\"query-input\":{\"@type\":\"PropertyValueSpecification\",\"valueRequired\":true,\"valueName\":\"search_term_string\"}}],\"inLanguage\":\"es\"},{\"@type\":\"Person\",\"@id\":\"http:\/\/elregionalvm.com.ar\/noticias-villa-maria\/#\/schema\/person\/a0fb9c422317faca23d50163151bc354\",\"name\":\"Contenidos El Regional\",\"image\":{\"@type\":\"ImageObject\",\"inLanguage\":\"es\",\"@id\":\"http:\/\/elregionalvm.com.ar\/noticias-villa-maria\/#\/schema\/person\/image\/\",\"url\":\"https:\/\/secure.gravatar.com\/avatar\/265b27cb2209af7bb3a1318f03305787d7981a5cc6e6cd08fe5a4ecdf99d4b48?s=96&d=mm&r=g\",\"contentUrl\":\"https:\/\/secure.gravatar.com\/avatar\/265b27cb2209af7bb3a1318f03305787d7981a5cc6e6cd08fe5a4ecdf99d4b48?s=96&d=mm&r=g\",\"caption\":\"Contenidos El Regional\"},\"url\":\"https:\/\/elregionalvm.com.ar\/noticias-villa-maria\/author\/contenido\/\"}]}<\/script>\n<!-- \/ Yoast SEO plugin. -->","yoast_head_json":{"title":"Cuencas provinciales con crecidas: Capilla del Monte tuvo 130 mil\u00edmetros - El Regional","robots":{"index":"index","follow":"follow","max-snippet":"max-snippet:-1","max-image-preview":"max-image-preview:large","max-video-preview":"max-video-preview:-1"},"canonical":"http:\/\/elregionalvm.com.ar\/noticias-villa-maria\/cuencas-provinciales-con-crecidas-capilla-del-monte-tuvo-130-milimetros\/","og_locale":"es_ES","og_type":"article","og_title":"Cuencas provinciales con crecidas: Capilla del Monte tuvo 130 mil\u00edmetros - El Regional","og_description":"\u201cLa lluvia ca\u00edda acompa\u00f1ada de granizo ha causado algunos inconvenientes, sobre todo en la zona de Punilla, en jurisdicci\u00f3n de Capilla del Monte, sector de las Gemelas, en donde el milimetraje super\u00f3 los 130 mil\u00edmetros. En el lugar creci\u00f3 mucho el r\u00edo de Dolores con 2.70 metros como as\u00ed tambi\u00e9n el r\u00edo Calabalumba que tambi\u00e9n [&hellip;]","og_url":"http:\/\/elregionalvm.com.ar\/noticias-villa-maria\/cuencas-provinciales-con-crecidas-capilla-del-monte-tuvo-130-milimetros\/","og_site_name":"El Regional","article_publisher":"https:\/\/www.facebook.com\/elregionalvm","article_published_time":"2021-11-10T00:36:50+00:00","article_modified_time":"2021-11-10T00:36:51+00:00","og_image":[{"width":1000,"height":874,"url":"http:\/\/elregionalvm.com.ar\/noticias-villa-maria\/wp-content\/uploads\/2021\/11\/anegamientos.jpg","type":"image\/jpeg"}],"author":"Contenidos El Regional","twitter_card":"summary_large_image","twitter_creator":"@elregionalvm1","twitter_site":"@elregionalvm1","twitter_misc":{"Escrito por":"Contenidos El Regional","Tiempo de lectura":"1 minuto"},"schema":{"@context":"https:\/\/schema.org","@graph":[{"@type":"Article","@id":"http:\/\/elregionalvm.com.ar\/noticias-villa-maria\/cuencas-provinciales-con-crecidas-capilla-del-monte-tuvo-130-milimetros\/#article","isPartOf":{"@id":"http:\/\/elregionalvm.com.ar\/noticias-villa-maria\/cuencas-provinciales-con-crecidas-capilla-del-monte-tuvo-130-milimetros\/"},"author":{"name":"Contenidos El Regional","@id":"http:\/\/elregionalvm.com.ar\/noticias-villa-maria\/#\/schema\/person\/a0fb9c422317faca23d50163151bc354"},"headline":"Cuencas provinciales con crecidas: Capilla del Monte tuvo 130 mil\u00edmetros","datePublished":"2021-11-10T00:36:50+00:00","dateModified":"2021-11-10T00:36:51+00:00","mainEntityOfPage":{"@id":"http:\/\/elregionalvm.com.ar\/noticias-villa-maria\/cuencas-provinciales-con-crecidas-capilla-del-monte-tuvo-130-milimetros\/"},"wordCount":168,"commentCount":0,"image":{"@id":"http:\/\/elregionalvm.com.ar\/noticias-villa-maria\/cuencas-provinciales-con-crecidas-capilla-del-monte-tuvo-130-milimetros\/#primaryimage"},"thumbnailUrl":"https:\/\/i0.wp.com\/elregionalvm.com.ar\/noticias-villa-maria\/wp-content\/uploads\/2021\/11\/anegamientos.jpg?fit=1000%2C874&ssl=1","keywords":["Anegamientos","cuencas","cuencas provinciales","lluvias importantes"],"articleSection":["Regi\u00f3n"],"inLanguage":"es","potentialAction":[{"@type":"CommentAction","name":"Comment","target":["http:\/\/elregionalvm.com.ar\/noticias-villa-maria\/cuencas-provinciales-con-crecidas-capilla-del-monte-tuvo-130-milimetros\/#respond"]}]},{"@type":"WebPage","@id":"http:\/\/elregionalvm.com.ar\/noticias-villa-maria\/cuencas-provinciales-con-crecidas-capilla-del-monte-tuvo-130-milimetros\/","url":"http:\/\/elregionalvm.com.ar\/noticias-villa-maria\/cuencas-provinciales-con-crecidas-capilla-del-monte-tuvo-130-milimetros\/","name":"Cuencas provinciales con crecidas: Capilla del Monte tuvo 130 mil\u00edmetros - El Regional","isPartOf":{"@id":"http:\/\/elregionalvm.com.ar\/noticias-villa-maria\/#website"},"primaryImageOfPage":{"@id":"http:\/\/elregionalvm.com.ar\/noticias-villa-maria\/cuencas-provinciales-con-crecidas-capilla-del-monte-tuvo-130-milimetros\/#primaryimage"},"image":{"@id":"http:\/\/elregionalvm.com.ar\/noticias-villa-maria\/cuencas-provinciales-con-crecidas-capilla-del-monte-tuvo-130-milimetros\/#primaryimage"},"thumbnailUrl":"https:\/\/i0.wp.com\/elregionalvm.com.ar\/noticias-villa-maria\/wp-content\/uploads\/2021\/11\/anegamientos.jpg?fit=1000%2C874&ssl=1","datePublished":"2021-11-10T00:36:50+00:00","dateModified":"2021-11-10T00:36:51+00:00","author":{"@id":"http:\/\/elregionalvm.com.ar\/noticias-villa-maria\/#\/schema\/person\/a0fb9c422317faca23d50163151bc354"},"breadcrumb":{"@id":"http:\/\/elregionalvm.com.ar\/noticias-villa-maria\/cuencas-provinciales-con-crecidas-capilla-del-monte-tuvo-130-milimetros\/#breadcrumb"},"inLanguage":"es","potentialAction":[{"@type":"ReadAction","target":["http:\/\/elregionalvm.com.ar\/noticias-villa-maria\/cuencas-provinciales-con-crecidas-capilla-del-monte-tuvo-130-milimetros\/"]}]},{"@type":"ImageObject","inLanguage":"es","@id":"http:\/\/elregionalvm.com.ar\/noticias-villa-maria\/cuencas-provinciales-con-crecidas-capilla-del-monte-tuvo-130-milimetros\/#primaryimage","url":"https:\/\/i0.wp.com\/elregionalvm.com.ar\/noticias-villa-maria\/wp-content\/uploads\/2021\/11\/anegamientos.jpg?fit=1000%2C874&ssl=1","contentUrl":"https:\/\/i0.wp.com\/elregionalvm.com.ar\/noticias-villa-maria\/wp-content\/uploads\/2021\/11\/anegamientos.jpg?fit=1000%2C874&ssl=1","width":1000,"height":874},{"@type":"BreadcrumbList","@id":"http:\/\/elregionalvm.com.ar\/noticias-villa-maria\/cuencas-provinciales-con-crecidas-capilla-del-monte-tuvo-130-milimetros\/#breadcrumb","itemListElement":[{"@type":"ListItem","position":1,"name":"Portada","item":"https:\/\/elregionalvm.com.ar\/noticias-villa-maria\/"},{"@type":"ListItem","position":2,"name":"Cuencas provinciales con crecidas: Capilla del Monte tuvo 130 mil\u00edmetros"}]},{"@type":"WebSite","@id":"http:\/\/elregionalvm.com.ar\/noticias-villa-maria\/#website","url":"http:\/\/elregionalvm.com.ar\/noticias-villa-maria\/","name":"El Regional","description":"Mucho m\u00e1s que informaci\u00f3n","potentialAction":[{"@type":"SearchAction","target":{"@type":"EntryPoint","urlTemplate":"http:\/\/elregionalvm.com.ar\/noticias-villa-maria\/?s={search_term_string}"},"query-input":{"@type":"PropertyValueSpecification","valueRequired":true,"valueName":"search_term_string"}}],"inLanguage":"es"},{"@type":"Person","@id":"http:\/\/elregionalvm.com.ar\/noticias-villa-maria\/#\/schema\/person\/a0fb9c422317faca23d50163151bc354","name":"Contenidos El Regional","image":{"@type":"ImageObject","inLanguage":"es","@id":"http:\/\/elregionalvm.com.ar\/noticias-villa-maria\/#\/schema\/person\/image\/","url":"https:\/\/secure.gravatar.com\/avatar\/265b27cb2209af7bb3a1318f03305787d7981a5cc6e6cd08fe5a4ecdf99d4b48?s=96&d=mm&r=g","contentUrl":"https:\/\/secure.gravatar.com\/avatar\/265b27cb2209af7bb3a1318f03305787d7981a5cc6e6cd08fe5a4ecdf99d4b48?s=96&d=mm&r=g","caption":"Contenidos El Regional"},"url":"https:\/\/elregionalvm.com.ar\/noticias-villa-maria\/author\/contenido\/"}]}},"jetpack_featured_media_url":"https:\/\/i0.wp.com\/elregionalvm.com.ar\/noticias-villa-maria\/wp-content\/uploads\/2021\/11\/anegamientos.jpg?fit=1000%2C874&ssl=1","jetpack_sharing_enabled":true,"_links":{"self":[{"href":"https:\/\/elregionalvm.com.ar\/noticias-villa-maria\/wp-json\/wp\/v2\/posts\/47918","targetHints":{"allow":["GET"]}}],"collection":[{"href":"https:\/\/elregionalvm.com.ar\/noticias-villa-maria\/wp-json\/wp\/v2\/posts"}],"about":[{"href":"https:\/\/elregionalvm.com.ar\/noticias-villa-maria\/wp-json\/wp\/v2\/types\/post"}],"author":[{"embeddable":true,"href":"https:\/\/elregionalvm.com.ar\/noticias-villa-maria\/wp-json\/wp\/v2\/users\/4"}],"replies":[{"embeddable":true,"href":"https:\/\/elregionalvm.com.ar\/noticias-villa-maria\/wp-json\/wp\/v2\/comments?post=47918"}],"version-history":[{"count":1,"href":"https:\/\/elregionalvm.com.ar\/noticias-villa-maria\/wp-json\/wp\/v2\/posts\/47918\/revisions"}],"predecessor-version":[{"id":47920,"href":"https:\/\/elregionalvm.com.ar\/noticias-villa-maria\/wp-json\/wp\/v2\/posts\/47918\/revisions\/47920"}],"wp:featuredmedia":[{"embeddable":true,"href":"https:\/\/elregionalvm.com.ar\/noticias-villa-maria\/wp-json\/wp\/v2\/media\/47919"}],"wp:attachment":[{"href":"https:\/\/elregionalvm.com.ar\/noticias-villa-maria\/wp-json\/wp\/v2\/media?parent=47918"}],"wp:term":[{"taxonomy":"category","embeddable":true,"href":"https:\/\/elregionalvm.com.ar\/noticias-villa-maria\/wp-json\/wp\/v2\/categories?post=47918"},{"taxonomy":"post_tag","embeddable":true,"href":"https:\/\/elregionalvm.com.ar\/noticias-villa-maria\/wp-json\/wp\/v2\/tags?post=47918"}],"curies":[{"name":"wp","href":"https:\/\/api.w.org\/{rel}","templated":true}]}}