{"id":47924,"date":"2021-11-10T03:39:31","date_gmt":"2021-11-10T03:39:31","guid":{"rendered":"https:\/\/elregionalvm.com.ar\/noticias-villa-maria\/?p=47924"},"modified":"2021-11-12T01:57:16","modified_gmt":"2021-11-12T01:57:16","slug":"dejar-todo-para-recorrer-el-mundo-la-aventura-de-dos-familias-de-la-region","status":"publish","type":"post","link":"https:\/\/elregionalvm.com.ar\/noticias-villa-maria\/dejar-todo-para-recorrer-el-mundo-la-aventura-de-dos-familias-de-la-region\/","title":{"rendered":"Dejar todo para recorrer el mundo: La aventura de dos familias de la regi\u00f3n"},"content":{"rendered":"\n<p><strong>Escribe: Germ\u00e1n Giacchero<\/strong><\/p>\n\n\n\n<p><\/p>\n\n\n\n<p>Hay muchos argentinos que quieren irse del pa\u00eds. Pero, no est\u00e1n en plan de fuga, para buscar nuevos horizontes laborales, profesionales o simplemente una oxigenaci\u00f3n mental en otro sitio que ofrezca algo m\u00e1s de lo que la patria celeste y blanca pareciera ofertarles.<\/p>\n\n\n\n<p>El encierro global activado por la pandemia quiz\u00e1s hizo entrar en ebullici\u00f3n deseos postergados o ideas trasnochadas de recorrer otros lugares, encontrar variados destinos y vivir novedosas experiencias. Alguna vez consideradas imposibles o inalcanzables, pero que ahora est\u00e1n a un paso de hacerse realidad.<\/p>\n\n\n\n<p>Ya no tanto en modo solitario, con una mochila al hombre y largas caminatas por rutas desconocidas. M\u00e1s bien como un plan familiar, con altas dosis de adrenalina, pero con una cuidada organizaci\u00f3n, una hoja de ruta bien definida y los recursos bien contabilizados.<\/p>\n\n\n\n<p>Miles de personas se hallan en modo trashumante por parajes, caminos y paisajes de Argentina. Tambi\u00e9n por el resto de nuestro continente. Pero, a quienes hacen un culto de esta vida n\u00f3made se suman nuevos emprendedores, con sed de aventura, con ganas de \u201cvivir\u201d la vida.<\/p>\n\n\n\n<p>Parece una redundancia, pero no lo es. Ni para los Alocco \u2013 Vasconi ni para los \u00c1valos \u2013 Molina. Son solo dos ejemplos de tantas familias que decidieron encarar cruzadas continentales para no solo disfrutar de los paisajes de las postales. Tambi\u00e9n, respirarlos, sentirlos, vivirlos y hasta padecerlos. Porque eso quiz\u00e1s tambi\u00e9n forme parte del paquete tur\u00edstico de ocasi\u00f3n, armado a gusto y placer personal. O, mejor dicho, familiar.<\/p>\n\n\n\n<p><\/p>\n\n\n\n<figure class=\"wp-block-image size-large\"><img data-recalc-dims=\"1\" fetchpriority=\"high\" decoding=\"async\" width=\"1024\" height=\"766\" src=\"https:\/\/i0.wp.com\/elregionalvm.com.ar\/noticias-villa-maria\/wp-content\/uploads\/2021\/11\/La-caprichosa-viajera-Rio-Tercero-4.jpeg?resize=1024%2C766&#038;ssl=1\" alt=\"\" class=\"wp-image-47932\" srcset=\"https:\/\/i0.wp.com\/elregionalvm.com.ar\/noticias-villa-maria\/wp-content\/uploads\/2021\/11\/La-caprichosa-viajera-Rio-Tercero-4.jpeg?resize=1024%2C766&amp;ssl=1 1024w, https:\/\/i0.wp.com\/elregionalvm.com.ar\/noticias-villa-maria\/wp-content\/uploads\/2021\/11\/La-caprichosa-viajera-Rio-Tercero-4.jpeg?resize=300%2C225&amp;ssl=1 300w, https:\/\/i0.wp.com\/elregionalvm.com.ar\/noticias-villa-maria\/wp-content\/uploads\/2021\/11\/La-caprichosa-viajera-Rio-Tercero-4.jpeg?resize=768%2C575&amp;ssl=1 768w, https:\/\/i0.wp.com\/elregionalvm.com.ar\/noticias-villa-maria\/wp-content\/uploads\/2021\/11\/La-caprichosa-viajera-Rio-Tercero-4.jpeg?w=1200&amp;ssl=1 1200w\" sizes=\"(max-width: 1000px) 100vw, 1000px\" \/><figcaption><em>El matrimonio de R\u00edo Tercero, con familiares en Villa Mar\u00eda, que dej\u00f3 todo para recorrer el continente. <\/em><\/figcaption><\/figure>\n\n\n\n<p><\/p>\n\n\n\n<p><strong>Aventura \u201calocada\u201d<\/strong><\/p>\n\n\n\n<p>\u201cEstamos m\u00e1s cuerdos que nunca, a pesar del apellido\u201d, dice entre risas Gabriel Alocco. Es analista de sistemas y junto con su esposa, Jorgelina Vasconi, y sus hijos, Sebasti\u00e1n y Alessandro, viven en Justiniano Posse.<\/p>\n\n\n\n<p>En un juego de palabras, la idea \u201caloccada\u201d, es que en pocas semanas m\u00e1s dejar\u00e1n su tierra para adentrarse en las profundidades de nuestra Argentina y el continente americano. El plan es simple: vender todas las pertenencias que se pueda, salvo la casa, y juntar ahorros para recorrer en un motorhome el sur argentino y luego el resto de Am\u00e9rica hasta llegar a M\u00e9xico. Quiz\u00e1s, Alaska.<\/p>\n\n\n\n<p><\/p>\n\n\n\n<figure class=\"wp-block-image size-full\"><img data-recalc-dims=\"1\" decoding=\"async\" width=\"960\" height=\"719\" src=\"https:\/\/i0.wp.com\/elregionalvm.com.ar\/noticias-villa-maria\/wp-content\/uploads\/2021\/11\/Alocco-viaje-Posse-3-familia-1.jpg?resize=960%2C719&#038;ssl=1\" alt=\"\" class=\"wp-image-47931\" srcset=\"https:\/\/i0.wp.com\/elregionalvm.com.ar\/noticias-villa-maria\/wp-content\/uploads\/2021\/11\/Alocco-viaje-Posse-3-familia-1.jpg?w=960&amp;ssl=1 960w, https:\/\/i0.wp.com\/elregionalvm.com.ar\/noticias-villa-maria\/wp-content\/uploads\/2021\/11\/Alocco-viaje-Posse-3-familia-1.jpg?resize=300%2C225&amp;ssl=1 300w, https:\/\/i0.wp.com\/elregionalvm.com.ar\/noticias-villa-maria\/wp-content\/uploads\/2021\/11\/Alocco-viaje-Posse-3-familia-1.jpg?resize=768%2C575&amp;ssl=1 768w\" sizes=\"(max-width: 960px) 100vw, 960px\" \/><figcaption><em>Los Alocco &#8211; Vasconi buscar\u00e1n llegar a M\u00e9xico desde Justiniano Posse.<\/em><\/figcaption><\/figure>\n\n\n\n<p><\/p>\n\n\n\n<p>Las tierras aztecas tambi\u00e9n son el destino final del matrimonio de R\u00edo Tercero integrado por Maricel Molina y Pablo \u00c1valos. Tras 34 a\u00f1os de casados, la pareja que tiene familiares en Villa Mar\u00eda, se anim\u00f3 a romper la rutina y tambi\u00e9n en un motorhome desandar\u00e1n territorio patag\u00f3nico hasta recibir el a\u00f1o nuevo en Ushuaia. Luego, har\u00e1n lo propio con el resto de Latinoam\u00e9rica.<\/p>\n\n\n\n<p>\u201cEsto es una aventura que hace muchos a\u00f1os venimos programando, vamos a arrancar, luego veremos en qu\u00e9 termina\u201d, sostienen ba\u00f1ados por las expectativas y la ansiedad que el viaje les genera.<\/p>\n\n\n\n<p><strong>De Posse a Alaska<\/strong><\/p>\n\n\n\n<p>La primera semana de enero de 2022 est\u00e1 definida para que Gabriel y Jorgelina, junto con sus hijos de 6 y 12 a\u00f1os, emprendan viaje hacia el sur argentino en un motorhome Sprinter 413, la que ser\u00e1, seg\u00fan el plan, su casa rodante durante varios a\u00f1os.<\/p>\n\n\n\n<p>\u201cCreo que es una aventura que muchos sue\u00f1an y nosotros estamos intentando atrevernos a hacerla. No fue algo arrebatado, tiene algo de alocado, pero est\u00e1 planificado. La pandemia nos dio tiempo para madurarlo, tuvimos tiempo para escucharnos, para habilitar lo que sent\u00edamos y pensar c\u00f3mo quer\u00edamos vivir de aqu\u00ed en m\u00e1s\u201d, explica la familia de Justiniano Posse.<\/p>\n\n\n\n<p>Primero, la procesi\u00f3n fue por dentro, hasta estar seguros del tremendo paso que iban a dar, sobre todo desde lo econ\u00f3mico, que suele condicionar las decisiones humanas. \u201cLuego, pudimos salir a comunicarlo, porque nosotros tenemos trabajo, estamos insertos en una sociedad, y hay que salir de la comodidad de tu hogar, los sueldos fijos, para buscar otra forma de vivir\u201d, indican.<\/p>\n\n\n\n<p><\/p>\n\n\n\n<figure class=\"wp-block-gallery columns-2 is-cropped wp-block-gallery-1 is-layout-flex wp-block-gallery-is-layout-flex\"><ul class=\"blocks-gallery-grid\"><li class=\"blocks-gallery-item\"><figure><img data-recalc-dims=\"1\" decoding=\"async\" width=\"750\" height=\"750\" src=\"https:\/\/i0.wp.com\/elregionalvm.com.ar\/noticias-villa-maria\/wp-content\/uploads\/2021\/11\/Alocco-viaje-Posse-1.jpg?resize=750%2C750&#038;ssl=1\" alt=\"\" data-id=\"47930\" data-full-url=\"https:\/\/elregionalvm.com.ar\/noticias-villa-maria\/wp-content\/uploads\/2021\/11\/Alocco-viaje-Posse-1.jpg\" data-link=\"https:\/\/elregionalvm.com.ar\/noticias-villa-maria\/?attachment_id=47930\" class=\"wp-image-47930\" srcset=\"https:\/\/i0.wp.com\/elregionalvm.com.ar\/noticias-villa-maria\/wp-content\/uploads\/2021\/11\/Alocco-viaje-Posse-1.jpg?w=750&amp;ssl=1 750w, https:\/\/i0.wp.com\/elregionalvm.com.ar\/noticias-villa-maria\/wp-content\/uploads\/2021\/11\/Alocco-viaje-Posse-1.jpg?resize=300%2C300&amp;ssl=1 300w\" sizes=\"(max-width: 750px) 100vw, 750px\" \/><\/figure><\/li><li class=\"blocks-gallery-item\"><figure><img data-recalc-dims=\"1\" loading=\"lazy\" decoding=\"async\" width=\"758\" height=\"758\" src=\"https:\/\/i0.wp.com\/elregionalvm.com.ar\/noticias-villa-maria\/wp-content\/uploads\/2021\/11\/Alocco-viaje-Posse-4.jpg?resize=758%2C758&#038;ssl=1\" alt=\"\" data-id=\"47929\" data-full-url=\"https:\/\/elregionalvm.com.ar\/noticias-villa-maria\/wp-content\/uploads\/2021\/11\/Alocco-viaje-Posse-4.jpg\" data-link=\"https:\/\/elregionalvm.com.ar\/noticias-villa-maria\/?attachment_id=47929\" class=\"wp-image-47929\" srcset=\"https:\/\/i0.wp.com\/elregionalvm.com.ar\/noticias-villa-maria\/wp-content\/uploads\/2021\/11\/Alocco-viaje-Posse-4.jpg?w=758&amp;ssl=1 758w, https:\/\/i0.wp.com\/elregionalvm.com.ar\/noticias-villa-maria\/wp-content\/uploads\/2021\/11\/Alocco-viaje-Posse-4.jpg?resize=300%2C300&amp;ssl=1 300w\" sizes=\"(max-width: 758px) 100vw, 758px\" \/><\/figure><\/li><\/ul><figcaption class=\"blocks-gallery-caption\"><em>Los preparativos para el viaje se pueden seguir a trav\u00e9s de aventura.aloccada en Facebook. <\/em><\/figcaption><\/figure>\n\n\n\n<p><\/p>\n\n\n\n<p>\u00bfEst\u00e1 planificada la aventura para ser permanente o algo temporal?, es la pregunta. La respuesta es inmediata. \u201cLos viajeros siempre dicen que cuando uno empieza el recorrido es dif\u00edcil volver a la normalidad. Nuestro primer objetivo es llegar a M\u00e9xico y estimamos que eso nos va a llevar una buena cantidad de a\u00f1os. Luego veremos\u201d.<\/p>\n\n\n\n<p>\u201cNosotros nos quedamos con nuestra casa en Justiniano Posse, vendemos todo, estamos dispuestos a ver qu\u00e9 nos trae esto. El camino nos va a mostrar hacia d\u00f3nde, cu\u00e1nto tiempo, saber si tenemos o no que volver a nuestras ra\u00edces\u201d, agregan.<\/p>\n\n\n\n<p>Los m\u00e1s peque\u00f1os tambi\u00e9n est\u00e1n convencidos. \u201cEst\u00e1 buena la idea, pero da algo de miedo dejar a la familia y a los amigos. Pero, tambi\u00e9n queremos cumplir nuestros sue\u00f1os de pasarla lindo y hacer nuestro viaje\u201d, dicen casi a d\u00fao.<\/p>\n\n\n\n<p>\u201cLa clave es poder compartirlo en familia, porque nos dimos cuenta que uno siempre posterga para el momento ideal\u201d, apuntan pap\u00e1 y mam\u00e1.<\/p>\n\n\n\n<p>\u201cSiempre decimos cuando los chicos crezcan, cuando nos jubilemos, pero nos gusta estar en familia y por eso decidimos hacer esto, todos estamos conformes y contentos. Estamos aprendiendo, a todos nos genera inseguridad, todo ese proceso interno que surge ante lo nuevo, pero estamos dispuestos a hacerlo\u201d, aclaran con \u00e9nfasis.<\/p>\n\n\n\n<p>En principio, la idea es salir hacia el sur, territorio desconocido hasta ahora para ellos. \u201cNuestro primer objetivo es el sur. La idea es luego empezar a subir por la ruta 40, hacer Chile y los pa\u00edses lim\u00edtrofes de nuestro lindo pa\u00eds y tomar curso hacia Centroam\u00e9rica y llegar a M\u00e9xico. Estamos en contacto con mucha gente viajera que nos dice que el camino te va mostrando qu\u00e9 rumbo seguir. As\u00ed que veremos\u201d, concluyen.<\/p>\n\n\n\n<p><strong>De R\u00edo Tercero a M\u00e9xico<\/strong><\/p>\n\n\n\n<p>\u00c9l tiene 60 a\u00f1os y ella 56. Pablo y M\u00f3nica son jubilados y tambi\u00e9n decidieron vender todo para transitar por Latinoam\u00e9rica a bordo de \u201cLa caprichosa viajera\u201d, la trafic alargada adaptada como motorhome con todas las comodidades para largas traves\u00edas. \u201cAs\u00ed, no dependemos de nada ni de nadie\u201d.<\/p>\n\n\n\n<p>\u201cPor un problema de salud de \u00e9l, decidimos comprar el motorhome y lanzarnos a la aventura. Mi marido ten\u00eda una empresa de parquizaciones, yo soy pod\u00f3loga, pero dejamos todo\u201d, remarca la mujer.<\/p>\n\n\n\n<p>\u201cQueremos ir al sur, a Ushuaia, al fin del mundo, que no lo conocemos, luego volver a estar con la familia y partir hacia M\u00e9xico, donde tenemos a un hijo. Queremos empezar el a\u00f1o nuevo en la ciudad m\u00e1s austral\u201d, anticipa. Y ya comenzaron el recorrido que se puede seguir por la p\u00e1gina en Facebook, <\/p>\n\n\n\n<p>\u201cLas sensaciones son de incertidumbre y ansiedad, somos un matrimonio de 34 a\u00f1os, hacemos un buen equipo, ya estamos acostumbrados a estar juntos\u201d, destaca \u00e9l, que no puede conducir por un problema en la cadera, pero se encargar\u00e1 de la cocina y de otras labores en el trayecto latinoamericano.<\/p>\n\n\n\n<p><\/p>\n\n\n\n<figure class=\"wp-block-gallery columns-2 is-cropped wp-block-gallery-2 is-layout-flex wp-block-gallery-is-layout-flex\"><ul class=\"blocks-gallery-grid\"><li class=\"blocks-gallery-item\"><figure><img data-recalc-dims=\"1\" loading=\"lazy\" decoding=\"async\" width=\"1024\" height=\"768\" src=\"https:\/\/i0.wp.com\/elregionalvm.com.ar\/noticias-villa-maria\/wp-content\/uploads\/2021\/11\/La-caprichosa-viajera-Rio-Tercero.jpg?resize=1024%2C768&#038;ssl=1\" alt=\"\" data-id=\"47933\" data-full-url=\"https:\/\/elregionalvm.com.ar\/noticias-villa-maria\/wp-content\/uploads\/2021\/11\/La-caprichosa-viajera-Rio-Tercero.jpg\" data-link=\"https:\/\/elregionalvm.com.ar\/noticias-villa-maria\/?attachment_id=47933\" class=\"wp-image-47933\" srcset=\"https:\/\/i0.wp.com\/elregionalvm.com.ar\/noticias-villa-maria\/wp-content\/uploads\/2021\/11\/La-caprichosa-viajera-Rio-Tercero.jpg?resize=1024%2C768&amp;ssl=1 1024w, https:\/\/i0.wp.com\/elregionalvm.com.ar\/noticias-villa-maria\/wp-content\/uploads\/2021\/11\/La-caprichosa-viajera-Rio-Tercero.jpg?resize=300%2C225&amp;ssl=1 300w, https:\/\/i0.wp.com\/elregionalvm.com.ar\/noticias-villa-maria\/wp-content\/uploads\/2021\/11\/La-caprichosa-viajera-Rio-Tercero.jpg?resize=768%2C576&amp;ssl=1 768w, https:\/\/i0.wp.com\/elregionalvm.com.ar\/noticias-villa-maria\/wp-content\/uploads\/2021\/11\/La-caprichosa-viajera-Rio-Tercero.jpg?resize=1536%2C1152&amp;ssl=1 1536w, https:\/\/i0.wp.com\/elregionalvm.com.ar\/noticias-villa-maria\/wp-content\/uploads\/2021\/11\/La-caprichosa-viajera-Rio-Tercero.jpg?w=2048&amp;ssl=1 2048w\" sizes=\"(max-width: 1000px) 100vw, 1000px\" \/><\/figure><\/li><li class=\"blocks-gallery-item\"><figure><img data-recalc-dims=\"1\" loading=\"lazy\" decoding=\"async\" width=\"1024\" height=\"768\" src=\"https:\/\/i0.wp.com\/elregionalvm.com.ar\/noticias-villa-maria\/wp-content\/uploads\/2021\/11\/La-caprichosa-viajera-Rio-Tercero-3.jpg?resize=1024%2C768&#038;ssl=1\" alt=\"\" data-id=\"47934\" data-full-url=\"https:\/\/elregionalvm.com.ar\/noticias-villa-maria\/wp-content\/uploads\/2021\/11\/La-caprichosa-viajera-Rio-Tercero-3.jpg\" data-link=\"https:\/\/elregionalvm.com.ar\/noticias-villa-maria\/?attachment_id=47934\" class=\"wp-image-47934\" srcset=\"https:\/\/i0.wp.com\/elregionalvm.com.ar\/noticias-villa-maria\/wp-content\/uploads\/2021\/11\/La-caprichosa-viajera-Rio-Tercero-3.jpg?resize=1024%2C768&amp;ssl=1 1024w, https:\/\/i0.wp.com\/elregionalvm.com.ar\/noticias-villa-maria\/wp-content\/uploads\/2021\/11\/La-caprichosa-viajera-Rio-Tercero-3.jpg?resize=300%2C225&amp;ssl=1 300w, https:\/\/i0.wp.com\/elregionalvm.com.ar\/noticias-villa-maria\/wp-content\/uploads\/2021\/11\/La-caprichosa-viajera-Rio-Tercero-3.jpg?resize=768%2C576&amp;ssl=1 768w, https:\/\/i0.wp.com\/elregionalvm.com.ar\/noticias-villa-maria\/wp-content\/uploads\/2021\/11\/La-caprichosa-viajera-Rio-Tercero-3.jpg?w=1280&amp;ssl=1 1280w\" sizes=\"(max-width: 1000px) 100vw, 1000px\" \/><\/figure><\/li><\/ul><figcaption class=\"blocks-gallery-caption\"><em>En el camino, la pareja ofrece sus artesan\u00edas como forma de subsistencia. <\/em><\/figcaption><\/figure>\n\n\n\n<p><\/p>\n\n\n\n<p>\u201cSin tiempos, ni plazos\u201d, manifiestan. As\u00ed ser\u00e1 el viaje de sus vidas. \u201cNo es f\u00e1cil porque hay que desprenderse de muchas cosas materiales y afectivas. Ahora nos vamos y no sabemos cu\u00e1ndo vamos a ver a nuestro nieto. Pero, son oportunidades de la vida, hay que aprovecharlas, porque no sabemos si vamos a poder hacerlo en otro momento\u201d, finalizan entusiasmados.<\/p>\n\n\n\n<p>No importa la edad, la composici\u00f3n familiar, la \u00e9poca del a\u00f1o, los temores de siempre, las sugerencias ajenas ni nada que pueda entorpecer el camino.<\/p>\n\n\n\n<p>All\u00e1 ir\u00e1n. A recorrer el planeta, o al menos una buena parte. Dejan casi todo para poder hacerlo. Pero, volver\u00e1n con mucho m\u00e1s de lo imaginado.<\/p>\n\n\n\n<p>Pero esa, esa ser\u00e1 otra historia.<\/p>\n\n\n\n<p><\/p>\n\n\n\n<p>(<em>Fotos: Facebook y Puntal<\/em>)<\/p>\n","protected":false},"excerpt":{"rendered":"<p>Escribe: Germ\u00e1n Giacchero Hay muchos argentinos que quieren irse del pa\u00eds. Pero, no est\u00e1n en plan de fuga, para buscar nuevos horizontes laborales, profesionales o simplemente una oxigenaci\u00f3n mental en otro sitio que ofrezca algo m\u00e1s de lo que la patria celeste y blanca pareciera ofertarles. El encierro global activado por la pandemia quiz\u00e1s hizo [&hellip;]<\/p>\n","protected":false},"author":6,"featured_media":48021,"comment_status":"open","ping_status":"open","sticky":false,"template":"","format":"standard","meta":{"site-sidebar-layout":"default","site-content-layout":"default","ast-site-content-layout":"default","site-content-style":"default","site-sidebar-style":"default","ast-global-header-display":"","ast-banner-title-visibility":"","ast-main-header-display":"","ast-hfb-above-header-display":"","ast-hfb-below-header-display":"","ast-hfb-mobile-header-display":"","site-post-title":"","ast-breadcrumbs-content":"","ast-featured-img":"","footer-sml-layout":"","ast-disable-related-posts":"","theme-transparent-header-meta":"default","adv-header-id-meta":"","stick-header-meta":"","header-above-stick-meta":"","header-main-stick-meta":"","header-below-stick-meta":"","astra-migrate-meta-layouts":"default","ast-page-background-enabled":"default","ast-page-background-meta":{"desktop":{"background-color":"","background-image":"","background-repeat":"repeat","background-position":"center center","background-size":"auto","background-attachment":"scroll","background-type":"","background-media":"","overlay-type":"","overlay-color":"","overlay-opacity":"","overlay-gradient":""},"tablet":{"background-color":"","background-image":"","background-repeat":"repeat","background-position":"center center","background-size":"auto","background-attachment":"scroll","background-type":"","background-media":"","overlay-type":"","overlay-color":"","overlay-opacity":"","overlay-gradient":""},"mobile":{"background-color":"","background-image":"","background-repeat":"repeat","background-position":"center center","background-size":"auto","background-attachment":"scroll","background-type":"","background-media":"","overlay-type":"","overlay-color":"","overlay-opacity":"","overlay-gradient":""}},"ast-content-background-meta":{"desktop":{"background-color":"var(--ast-global-color-5)","background-image":"","background-repeat":"repeat","background-position":"center center","background-size":"auto","background-attachment":"scroll","background-type":"","background-media":"","overlay-type":"","overlay-color":"","overlay-opacity":"","overlay-gradient":""},"tablet":{"background-color":"var(--ast-global-color-5)","background-image":"","background-repeat":"repeat","background-position":"center center","background-size":"auto","background-attachment":"scroll","background-type":"","background-media":"","overlay-type":"","overlay-color":"","overlay-opacity":"","overlay-gradient":""},"mobile":{"background-color":"var(--ast-global-color-5)","background-image":"","background-repeat":"repeat","background-position":"center center","background-size":"auto","background-attachment":"scroll","background-type":"","background-media":"","overlay-type":"","overlay-color":"","overlay-opacity":"","overlay-gradient":""}},"_jetpack_memberships_contains_paid_content":false,"_joinchat":[],"footnotes":""},"categories":[2323,2091],"tags":[12131,12133,12132,2354,4571,2203,8174,133,4271,8059,4658,534],"class_list":["post-47924","post","type-post","status-publish","format-standard","has-post-thumbnail","hentry","category-notas-secundarias","category-region","tag-alocco","tag-aventura","tag-dejar-todo","tag-justiniano-posse","tag-latinoamerica","tag-mexico","tag-motorhome","tag-rio-tercero","tag-suenos","tag-sur-argentino","tag-viaje","tag-villa-maria"],"yoast_head":"<!-- This site is optimized with the Yoast SEO plugin v26.8 - https:\/\/yoast.com\/product\/yoast-seo-wordpress\/ -->\n<title>Dejar todo para recorrer el mundo: La aventura de dos familias de la regi\u00f3n - El Regional<\/title>\n<meta name=\"description\" content=\"Los Alocco \u2013 Vasconi y los \u00c1valos \u2013 Molina son dos ejemplos de tantas familias que decidieron encarar cruzadas continentales, dejando todo.\" \/>\n<meta name=\"robots\" content=\"index, follow, max-snippet:-1, max-image-preview:large, max-video-preview:-1\" \/>\n<link rel=\"canonical\" href=\"http:\/\/elregionalvm.com.ar\/noticias-villa-maria\/dejar-todo-para-recorrer-el-mundo-la-aventura-de-dos-familias-de-la-region\/\" \/>\n<meta property=\"og:locale\" content=\"es_ES\" \/>\n<meta property=\"og:type\" content=\"article\" \/>\n<meta property=\"og:title\" content=\"Dejar todo para recorrer el mundo: La aventura de dos familias de la regi\u00f3n - El Regional\" \/>\n<meta property=\"og:description\" content=\"Los Alocco \u2013 Vasconi y los \u00c1valos \u2013 Molina son dos ejemplos de tantas familias que decidieron encarar cruzadas continentales, dejando todo.\" \/>\n<meta property=\"og:url\" content=\"http:\/\/elregionalvm.com.ar\/noticias-villa-maria\/dejar-todo-para-recorrer-el-mundo-la-aventura-de-dos-familias-de-la-region\/\" \/>\n<meta property=\"og:site_name\" content=\"El Regional\" \/>\n<meta property=\"article:publisher\" content=\"https:\/\/www.facebook.com\/elregionalvm\" \/>\n<meta property=\"article:published_time\" content=\"2021-11-10T03:39:31+00:00\" \/>\n<meta property=\"article:modified_time\" content=\"2021-11-12T01:57:16+00:00\" \/>\n<meta property=\"og:image\" content=\"http:\/\/elregionalvm.com.ar\/noticias-villa-maria\/wp-content\/uploads\/2021\/11\/Viaje-motorhome-pareja.jpg\" \/>\n\t<meta property=\"og:image:width\" content=\"1260\" \/>\n\t<meta property=\"og:image:height\" content=\"839\" \/>\n\t<meta property=\"og:image:type\" content=\"image\/jpeg\" \/>\n<meta name=\"author\" content=\"Germ\u00e1n Giacchero\" \/>\n<meta name=\"twitter:card\" content=\"summary_large_image\" \/>\n<meta name=\"twitter:creator\" content=\"@elregionalvm1\" \/>\n<meta name=\"twitter:site\" content=\"@elregionalvm1\" \/>\n<meta name=\"twitter:label1\" content=\"Escrito por\" \/>\n\t<meta name=\"twitter:data1\" content=\"Germ\u00e1n Giacchero\" \/>\n\t<meta name=\"twitter:label2\" content=\"Tiempo de lectura\" \/>\n\t<meta name=\"twitter:data2\" content=\"7 minutos\" \/>\n<script type=\"application\/ld+json\" class=\"yoast-schema-graph\">{\"@context\":\"https:\/\/schema.org\",\"@graph\":[{\"@type\":\"Article\",\"@id\":\"http:\/\/elregionalvm.com.ar\/noticias-villa-maria\/dejar-todo-para-recorrer-el-mundo-la-aventura-de-dos-familias-de-la-region\/#article\",\"isPartOf\":{\"@id\":\"http:\/\/elregionalvm.com.ar\/noticias-villa-maria\/dejar-todo-para-recorrer-el-mundo-la-aventura-de-dos-familias-de-la-region\/\"},\"author\":{\"name\":\"Germ\u00e1n Giacchero\",\"@id\":\"http:\/\/elregionalvm.com.ar\/noticias-villa-maria\/#\/schema\/person\/d5e4b04966154131701e52c45d3efec9\"},\"headline\":\"Dejar todo para recorrer el mundo: La aventura de dos familias de la regi\u00f3n\",\"datePublished\":\"2021-11-10T03:39:31+00:00\",\"dateModified\":\"2021-11-12T01:57:16+00:00\",\"mainEntityOfPage\":{\"@id\":\"http:\/\/elregionalvm.com.ar\/noticias-villa-maria\/dejar-todo-para-recorrer-el-mundo-la-aventura-de-dos-familias-de-la-region\/\"},\"wordCount\":1356,\"commentCount\":0,\"image\":{\"@id\":\"http:\/\/elregionalvm.com.ar\/noticias-villa-maria\/dejar-todo-para-recorrer-el-mundo-la-aventura-de-dos-familias-de-la-region\/#primaryimage\"},\"thumbnailUrl\":\"https:\/\/i0.wp.com\/elregionalvm.com.ar\/noticias-villa-maria\/wp-content\/uploads\/2021\/11\/Viaje-motorhome-pareja.jpg?fit=1260%2C839&ssl=1\",\"keywords\":[\"Alocco\",\"aventura\",\"dejar todo\",\"Justiniano Posse\",\"Latinoam\u00e9rica\",\"M\u00e9xico\",\"motorhome\",\"R\u00edo Tercero\",\"Sue\u00f1os\",\"Sur argentino\",\"Viaje\",\"villa maria\"],\"articleSection\":[\"Notas\",\"Regi\u00f3n\"],\"inLanguage\":\"es\",\"potentialAction\":[{\"@type\":\"CommentAction\",\"name\":\"Comment\",\"target\":[\"http:\/\/elregionalvm.com.ar\/noticias-villa-maria\/dejar-todo-para-recorrer-el-mundo-la-aventura-de-dos-familias-de-la-region\/#respond\"]}]},{\"@type\":\"WebPage\",\"@id\":\"http:\/\/elregionalvm.com.ar\/noticias-villa-maria\/dejar-todo-para-recorrer-el-mundo-la-aventura-de-dos-familias-de-la-region\/\",\"url\":\"http:\/\/elregionalvm.com.ar\/noticias-villa-maria\/dejar-todo-para-recorrer-el-mundo-la-aventura-de-dos-familias-de-la-region\/\",\"name\":\"Dejar todo para recorrer el mundo: La aventura de dos familias de la regi\u00f3n - El Regional\",\"isPartOf\":{\"@id\":\"http:\/\/elregionalvm.com.ar\/noticias-villa-maria\/#website\"},\"primaryImageOfPage\":{\"@id\":\"http:\/\/elregionalvm.com.ar\/noticias-villa-maria\/dejar-todo-para-recorrer-el-mundo-la-aventura-de-dos-familias-de-la-region\/#primaryimage\"},\"image\":{\"@id\":\"http:\/\/elregionalvm.com.ar\/noticias-villa-maria\/dejar-todo-para-recorrer-el-mundo-la-aventura-de-dos-familias-de-la-region\/#primaryimage\"},\"thumbnailUrl\":\"https:\/\/i0.wp.com\/elregionalvm.com.ar\/noticias-villa-maria\/wp-content\/uploads\/2021\/11\/Viaje-motorhome-pareja.jpg?fit=1260%2C839&ssl=1\",\"datePublished\":\"2021-11-10T03:39:31+00:00\",\"dateModified\":\"2021-11-12T01:57:16+00:00\",\"author\":{\"@id\":\"http:\/\/elregionalvm.com.ar\/noticias-villa-maria\/#\/schema\/person\/d5e4b04966154131701e52c45d3efec9\"},\"description\":\"Los Alocco \u2013 Vasconi y los \u00c1valos \u2013 Molina son dos ejemplos de tantas familias que decidieron encarar cruzadas continentales, dejando todo.\",\"breadcrumb\":{\"@id\":\"http:\/\/elregionalvm.com.ar\/noticias-villa-maria\/dejar-todo-para-recorrer-el-mundo-la-aventura-de-dos-familias-de-la-region\/#breadcrumb\"},\"inLanguage\":\"es\",\"potentialAction\":[{\"@type\":\"ReadAction\",\"target\":[\"http:\/\/elregionalvm.com.ar\/noticias-villa-maria\/dejar-todo-para-recorrer-el-mundo-la-aventura-de-dos-familias-de-la-region\/\"]}]},{\"@type\":\"ImageObject\",\"inLanguage\":\"es\",\"@id\":\"http:\/\/elregionalvm.com.ar\/noticias-villa-maria\/dejar-todo-para-recorrer-el-mundo-la-aventura-de-dos-familias-de-la-region\/#primaryimage\",\"url\":\"https:\/\/i0.wp.com\/elregionalvm.com.ar\/noticias-villa-maria\/wp-content\/uploads\/2021\/11\/Viaje-motorhome-pareja.jpg?fit=1260%2C839&ssl=1\",\"contentUrl\":\"https:\/\/i0.wp.com\/elregionalvm.com.ar\/noticias-villa-maria\/wp-content\/uploads\/2021\/11\/Viaje-motorhome-pareja.jpg?fit=1260%2C839&ssl=1\",\"width\":1260,\"height\":839},{\"@type\":\"BreadcrumbList\",\"@id\":\"http:\/\/elregionalvm.com.ar\/noticias-villa-maria\/dejar-todo-para-recorrer-el-mundo-la-aventura-de-dos-familias-de-la-region\/#breadcrumb\",\"itemListElement\":[{\"@type\":\"ListItem\",\"position\":1,\"name\":\"Portada\",\"item\":\"https:\/\/elregionalvm.com.ar\/noticias-villa-maria\/\"},{\"@type\":\"ListItem\",\"position\":2,\"name\":\"Dejar todo para recorrer el mundo: La aventura de dos familias de la regi\u00f3n\"}]},{\"@type\":\"WebSite\",\"@id\":\"http:\/\/elregionalvm.com.ar\/noticias-villa-maria\/#website\",\"url\":\"http:\/\/elregionalvm.com.ar\/noticias-villa-maria\/\",\"name\":\"El Regional\",\"description\":\"Mucho m\u00e1s que informaci\u00f3n\",\"potentialAction\":[{\"@type\":\"SearchAction\",\"target\":{\"@type\":\"EntryPoint\",\"urlTemplate\":\"http:\/\/elregionalvm.com.ar\/noticias-villa-maria\/?s={search_term_string}\"},\"query-input\":{\"@type\":\"PropertyValueSpecification\",\"valueRequired\":true,\"valueName\":\"search_term_string\"}}],\"inLanguage\":\"es\"},{\"@type\":\"Person\",\"@id\":\"http:\/\/elregionalvm.com.ar\/noticias-villa-maria\/#\/schema\/person\/d5e4b04966154131701e52c45d3efec9\",\"name\":\"Germ\u00e1n Giacchero\",\"image\":{\"@type\":\"ImageObject\",\"inLanguage\":\"es\",\"@id\":\"http:\/\/elregionalvm.com.ar\/noticias-villa-maria\/#\/schema\/person\/image\/\",\"url\":\"https:\/\/secure.gravatar.com\/avatar\/fda163ba5ef0307ee5be9846e10f83b6e83d0cfb260d3b2464830318894c6b04?s=96&d=mm&r=g\",\"contentUrl\":\"https:\/\/secure.gravatar.com\/avatar\/fda163ba5ef0307ee5be9846e10f83b6e83d0cfb260d3b2464830318894c6b04?s=96&d=mm&r=g\",\"caption\":\"Germ\u00e1n Giacchero\"},\"url\":\"https:\/\/elregionalvm.com.ar\/noticias-villa-maria\/author\/germangiacchero\/\"}]}<\/script>\n<!-- \/ Yoast SEO plugin. -->","yoast_head_json":{"title":"Dejar todo para recorrer el mundo: La aventura de dos familias de la regi\u00f3n - El Regional","description":"Los Alocco \u2013 Vasconi y los \u00c1valos \u2013 Molina son dos ejemplos de tantas familias que decidieron encarar cruzadas continentales, dejando todo.","robots":{"index":"index","follow":"follow","max-snippet":"max-snippet:-1","max-image-preview":"max-image-preview:large","max-video-preview":"max-video-preview:-1"},"canonical":"http:\/\/elregionalvm.com.ar\/noticias-villa-maria\/dejar-todo-para-recorrer-el-mundo-la-aventura-de-dos-familias-de-la-region\/","og_locale":"es_ES","og_type":"article","og_title":"Dejar todo para recorrer el mundo: La aventura de dos familias de la regi\u00f3n - El Regional","og_description":"Los Alocco \u2013 Vasconi y los \u00c1valos \u2013 Molina son dos ejemplos de tantas familias que decidieron encarar cruzadas continentales, dejando todo.","og_url":"http:\/\/elregionalvm.com.ar\/noticias-villa-maria\/dejar-todo-para-recorrer-el-mundo-la-aventura-de-dos-familias-de-la-region\/","og_site_name":"El Regional","article_publisher":"https:\/\/www.facebook.com\/elregionalvm","article_published_time":"2021-11-10T03:39:31+00:00","article_modified_time":"2021-11-12T01:57:16+00:00","og_image":[{"width":1260,"height":839,"url":"http:\/\/elregionalvm.com.ar\/noticias-villa-maria\/wp-content\/uploads\/2021\/11\/Viaje-motorhome-pareja.jpg","type":"image\/jpeg"}],"author":"Germ\u00e1n Giacchero","twitter_card":"summary_large_image","twitter_creator":"@elregionalvm1","twitter_site":"@elregionalvm1","twitter_misc":{"Escrito por":"Germ\u00e1n Giacchero","Tiempo de lectura":"7 minutos"},"schema":{"@context":"https:\/\/schema.org","@graph":[{"@type":"Article","@id":"http:\/\/elregionalvm.com.ar\/noticias-villa-maria\/dejar-todo-para-recorrer-el-mundo-la-aventura-de-dos-familias-de-la-region\/#article","isPartOf":{"@id":"http:\/\/elregionalvm.com.ar\/noticias-villa-maria\/dejar-todo-para-recorrer-el-mundo-la-aventura-de-dos-familias-de-la-region\/"},"author":{"name":"Germ\u00e1n Giacchero","@id":"http:\/\/elregionalvm.com.ar\/noticias-villa-maria\/#\/schema\/person\/d5e4b04966154131701e52c45d3efec9"},"headline":"Dejar todo para recorrer el mundo: La aventura de dos familias de la regi\u00f3n","datePublished":"2021-11-10T03:39:31+00:00","dateModified":"2021-11-12T01:57:16+00:00","mainEntityOfPage":{"@id":"http:\/\/elregionalvm.com.ar\/noticias-villa-maria\/dejar-todo-para-recorrer-el-mundo-la-aventura-de-dos-familias-de-la-region\/"},"wordCount":1356,"commentCount":0,"image":{"@id":"http:\/\/elregionalvm.com.ar\/noticias-villa-maria\/dejar-todo-para-recorrer-el-mundo-la-aventura-de-dos-familias-de-la-region\/#primaryimage"},"thumbnailUrl":"https:\/\/i0.wp.com\/elregionalvm.com.ar\/noticias-villa-maria\/wp-content\/uploads\/2021\/11\/Viaje-motorhome-pareja.jpg?fit=1260%2C839&ssl=1","keywords":["Alocco","aventura","dejar todo","Justiniano Posse","Latinoam\u00e9rica","M\u00e9xico","motorhome","R\u00edo Tercero","Sue\u00f1os","Sur argentino","Viaje","villa maria"],"articleSection":["Notas","Regi\u00f3n"],"inLanguage":"es","potentialAction":[{"@type":"CommentAction","name":"Comment","target":["http:\/\/elregionalvm.com.ar\/noticias-villa-maria\/dejar-todo-para-recorrer-el-mundo-la-aventura-de-dos-familias-de-la-region\/#respond"]}]},{"@type":"WebPage","@id":"http:\/\/elregionalvm.com.ar\/noticias-villa-maria\/dejar-todo-para-recorrer-el-mundo-la-aventura-de-dos-familias-de-la-region\/","url":"http:\/\/elregionalvm.com.ar\/noticias-villa-maria\/dejar-todo-para-recorrer-el-mundo-la-aventura-de-dos-familias-de-la-region\/","name":"Dejar todo para recorrer el mundo: La aventura de dos familias de la regi\u00f3n - El Regional","isPartOf":{"@id":"http:\/\/elregionalvm.com.ar\/noticias-villa-maria\/#website"},"primaryImageOfPage":{"@id":"http:\/\/elregionalvm.com.ar\/noticias-villa-maria\/dejar-todo-para-recorrer-el-mundo-la-aventura-de-dos-familias-de-la-region\/#primaryimage"},"image":{"@id":"http:\/\/elregionalvm.com.ar\/noticias-villa-maria\/dejar-todo-para-recorrer-el-mundo-la-aventura-de-dos-familias-de-la-region\/#primaryimage"},"thumbnailUrl":"https:\/\/i0.wp.com\/elregionalvm.com.ar\/noticias-villa-maria\/wp-content\/uploads\/2021\/11\/Viaje-motorhome-pareja.jpg?fit=1260%2C839&ssl=1","datePublished":"2021-11-10T03:39:31+00:00","dateModified":"2021-11-12T01:57:16+00:00","author":{"@id":"http:\/\/elregionalvm.com.ar\/noticias-villa-maria\/#\/schema\/person\/d5e4b04966154131701e52c45d3efec9"},"description":"Los Alocco \u2013 Vasconi y los \u00c1valos \u2013 Molina son dos ejemplos de tantas familias que decidieron encarar cruzadas continentales, dejando todo.","breadcrumb":{"@id":"http:\/\/elregionalvm.com.ar\/noticias-villa-maria\/dejar-todo-para-recorrer-el-mundo-la-aventura-de-dos-familias-de-la-region\/#breadcrumb"},"inLanguage":"es","potentialAction":[{"@type":"ReadAction","target":["http:\/\/elregionalvm.com.ar\/noticias-villa-maria\/dejar-todo-para-recorrer-el-mundo-la-aventura-de-dos-familias-de-la-region\/"]}]},{"@type":"ImageObject","inLanguage":"es","@id":"http:\/\/elregionalvm.com.ar\/noticias-villa-maria\/dejar-todo-para-recorrer-el-mundo-la-aventura-de-dos-familias-de-la-region\/#primaryimage","url":"https:\/\/i0.wp.com\/elregionalvm.com.ar\/noticias-villa-maria\/wp-content\/uploads\/2021\/11\/Viaje-motorhome-pareja.jpg?fit=1260%2C839&ssl=1","contentUrl":"https:\/\/i0.wp.com\/elregionalvm.com.ar\/noticias-villa-maria\/wp-content\/uploads\/2021\/11\/Viaje-motorhome-pareja.jpg?fit=1260%2C839&ssl=1","width":1260,"height":839},{"@type":"BreadcrumbList","@id":"http:\/\/elregionalvm.com.ar\/noticias-villa-maria\/dejar-todo-para-recorrer-el-mundo-la-aventura-de-dos-familias-de-la-region\/#breadcrumb","itemListElement":[{"@type":"ListItem","position":1,"name":"Portada","item":"https:\/\/elregionalvm.com.ar\/noticias-villa-maria\/"},{"@type":"ListItem","position":2,"name":"Dejar todo para recorrer el mundo: La aventura de dos familias de la regi\u00f3n"}]},{"@type":"WebSite","@id":"http:\/\/elregionalvm.com.ar\/noticias-villa-maria\/#website","url":"http:\/\/elregionalvm.com.ar\/noticias-villa-maria\/","name":"El Regional","description":"Mucho m\u00e1s que informaci\u00f3n","potentialAction":[{"@type":"SearchAction","target":{"@type":"EntryPoint","urlTemplate":"http:\/\/elregionalvm.com.ar\/noticias-villa-maria\/?s={search_term_string}"},"query-input":{"@type":"PropertyValueSpecification","valueRequired":true,"valueName":"search_term_string"}}],"inLanguage":"es"},{"@type":"Person","@id":"http:\/\/elregionalvm.com.ar\/noticias-villa-maria\/#\/schema\/person\/d5e4b04966154131701e52c45d3efec9","name":"Germ\u00e1n Giacchero","image":{"@type":"ImageObject","inLanguage":"es","@id":"http:\/\/elregionalvm.com.ar\/noticias-villa-maria\/#\/schema\/person\/image\/","url":"https:\/\/secure.gravatar.com\/avatar\/fda163ba5ef0307ee5be9846e10f83b6e83d0cfb260d3b2464830318894c6b04?s=96&d=mm&r=g","contentUrl":"https:\/\/secure.gravatar.com\/avatar\/fda163ba5ef0307ee5be9846e10f83b6e83d0cfb260d3b2464830318894c6b04?s=96&d=mm&r=g","caption":"Germ\u00e1n Giacchero"},"url":"https:\/\/elregionalvm.com.ar\/noticias-villa-maria\/author\/germangiacchero\/"}]}},"jetpack_featured_media_url":"https:\/\/i0.wp.com\/elregionalvm.com.ar\/noticias-villa-maria\/wp-content\/uploads\/2021\/11\/Viaje-motorhome-pareja.jpg?fit=1260%2C839&ssl=1","jetpack_sharing_enabled":true,"_links":{"self":[{"href":"https:\/\/elregionalvm.com.ar\/noticias-villa-maria\/wp-json\/wp\/v2\/posts\/47924","targetHints":{"allow":["GET"]}}],"collection":[{"href":"https:\/\/elregionalvm.com.ar\/noticias-villa-maria\/wp-json\/wp\/v2\/posts"}],"about":[{"href":"https:\/\/elregionalvm.com.ar\/noticias-villa-maria\/wp-json\/wp\/v2\/types\/post"}],"author":[{"embeddable":true,"href":"https:\/\/elregionalvm.com.ar\/noticias-villa-maria\/wp-json\/wp\/v2\/users\/6"}],"replies":[{"embeddable":true,"href":"https:\/\/elregionalvm.com.ar\/noticias-villa-maria\/wp-json\/wp\/v2\/comments?post=47924"}],"version-history":[{"count":4,"href":"https:\/\/elregionalvm.com.ar\/noticias-villa-maria\/wp-json\/wp\/v2\/posts\/47924\/revisions"}],"predecessor-version":[{"id":47939,"href":"https:\/\/elregionalvm.com.ar\/noticias-villa-maria\/wp-json\/wp\/v2\/posts\/47924\/revisions\/47939"}],"wp:featuredmedia":[{"embeddable":true,"href":"https:\/\/elregionalvm.com.ar\/noticias-villa-maria\/wp-json\/wp\/v2\/media\/48021"}],"wp:attachment":[{"href":"https:\/\/elregionalvm.com.ar\/noticias-villa-maria\/wp-json\/wp\/v2\/media?parent=47924"}],"wp:term":[{"taxonomy":"category","embeddable":true,"href":"https:\/\/elregionalvm.com.ar\/noticias-villa-maria\/wp-json\/wp\/v2\/categories?post=47924"},{"taxonomy":"post_tag","embeddable":true,"href":"https:\/\/elregionalvm.com.ar\/noticias-villa-maria\/wp-json\/wp\/v2\/tags?post=47924"}],"curies":[{"name":"wp","href":"https:\/\/api.w.org\/{rel}","templated":true}]}}