{"id":47951,"date":"2021-11-10T19:38:41","date_gmt":"2021-11-10T19:38:41","guid":{"rendered":"https:\/\/elregionalvm.com.ar\/noticias-villa-maria\/?p=47951"},"modified":"2021-11-12T01:58:40","modified_gmt":"2021-11-12T01:58:40","slug":"a-un-ano-del-fallecimiento-de-jose-naselli-un-emblema-de-la-etica-y-la-moral","status":"publish","type":"post","link":"https:\/\/elregionalvm.com.ar\/noticias-villa-maria\/a-un-ano-del-fallecimiento-de-jose-naselli-un-emblema-de-la-etica-y-la-moral\/","title":{"rendered":"A un a\u00f1o del fallecimiento de Jos\u00e9 Naselli, un emblema de la \u00e9tica y la moral"},"content":{"rendered":"\n<h4 class=\"wp-block-heading\"><strong>(En su memoria)<\/strong><\/h4>\n\n\n\n<p><\/p>\n\n\n\n<h5 class=\"wp-block-heading\"><strong>Hoy 10 de noviembre, hace un a\u00f1o fallec\u00eda uno de los pol\u00edticos m\u00e1s comprometidos que desplegara sus convicciones por esta aldea. Ya fuese como Tribuno de Cuentas o desde el llano, integrando distintas organizaciones sociales o donde la necesidad as\u00ed lo ameritaba. Jos\u00e9, de profesi\u00f3n de abogado, fue un emblema de la moral y de la \u00e9tica. Un \u00edcono de la participaci\u00f3n ciudadana.<\/strong><\/h5>\n\n\n\n<h5 class=\"wp-block-heading\"><strong>Durante a\u00f1os su pluma estuvo semanalmente presente como columna editorial en las p\u00e1ginas de El Regional. En dicho medio tambi\u00e9n present\u00f3 todas las denuncias, m\u00e1s de 25 en contra el poder municipal. Gran parte de las mismas fueron rubricadas ante los jueces en Tribunales, no solo eran tinta y papel, sino firmezas en la defensa de la verdad y de los intereses de los ciudadanos.&nbsp; Su valent\u00eda c\u00edvica no supo de concesiones y mucho menos de cavilaciones.<\/strong><\/h5>\n\n\n\n<h5 class=\"wp-block-heading\"><strong>Vaya para \u00e9l, el m\u00e1s c\u00e1lido y fraternal abrazo. Con enorme afecto y el m\u00e1s profundo y recurrente recuerdo.<\/strong><\/h5>\n\n\n\n<h5 class=\"wp-block-heading\"><strong>Miguel Andreis<\/strong><\/h5>\n\n\n\n<p><\/p>\n\n\n\n<hr class=\"wp-block-separator\"\/>\n\n\n\n<figure class=\"wp-block-image size-full\"><img data-recalc-dims=\"1\" fetchpriority=\"high\" decoding=\"async\" width=\"655\" height=\"459\" src=\"https:\/\/i0.wp.com\/elregionalvm.com.ar\/noticias-villa-maria\/wp-content\/uploads\/2020\/11\/NASELLI-JOSE-2.jpg?resize=655%2C459&#038;ssl=1\" alt=\"\" class=\"wp-image-27351\" srcset=\"https:\/\/i0.wp.com\/elregionalvm.com.ar\/noticias-villa-maria\/wp-content\/uploads\/2020\/11\/NASELLI-JOSE-2.jpg?w=655&amp;ssl=1 655w, https:\/\/i0.wp.com\/elregionalvm.com.ar\/noticias-villa-maria\/wp-content\/uploads\/2020\/11\/NASELLI-JOSE-2.jpg?resize=300%2C210&amp;ssl=1 300w\" sizes=\"(max-width: 655px) 100vw, 655px\" \/><\/figure>\n\n\n\n<p><\/p>\n\n\n\n<p><\/p>\n\n\n\n<p><strong><em>Recordamos una de sus notas publicadas en el Semanario <a href=\"http:\/\/www.elregionalvm.com.ar\">El Regional.<\/a><\/em><\/strong><\/p>\n\n\n\n<p><\/p>\n\n\n\n<h4 class=\"wp-block-heading\"><strong>La corrupci\u00f3n tambi\u00e9n \u00a1mata! Calles de sangre<\/strong><\/h4>\n\n\n\n<p>PALABRAS\u2026 TAN S\u00d3LO PALABRAS. Hace pocas semanas fue noticia el siguiente anuncio: \u201cQue la ciudad no tenga que llorar un muerto todos los meses\u201d. Con esta frase, el intendente Mart\u00edn Gill fundament\u00f3 su decisi\u00f3n de declarar a Villa Mar\u00eda en \u201cEMERGENCIA VIAL\u201d. Y el Secretario de Gobierno Rafael Sachetto, hablando sobre el reordenamiento del tr\u00e1nsito, declaraba solemnemente: \u201chay un bien superior que proteger, que ES EL CUIDADO DE LA VIDA y el ordenamiento vial como m\u00e9todo para eso\u201d.<\/p>\n\n\n\n<p>\u00a1Cu\u00e1ntos muertos fueron necesarios, cu\u00e1ntos heridos con sus secuelas de discapacidad f\u00edsica y s\u00edquica, cu\u00e1ntas situaciones angustiosas por la destrucci\u00f3n de bienes materiales, para que nuestras autoridades despertaran del letargo, luego de 20 a\u00f1os en las poltronas del poder!<\/p>\n\n\n\n<p><\/p>\n\n\n\n<p><strong>Las idas y las vueltas y la ca\u00f3tica improvisaci\u00f3n en torno a este tema, resultan pat\u00e9ticas. De todas maneras, es de esperar que, aunque sea por una raz\u00f3n de \u201cverg\u00fcenza pol\u00edtica\u201d, lo de la \u201cemergencia vial\u201d se transforme en medidas concretas y positivas.<\/strong><\/p>\n\n\n\n<p><\/p>\n\n\n\n<p>UNA FUENTE DE RECURSOS MALVERSADA Y DESPILFARRADA. El mismo Dr. Gill, en sus anuncios. se refiri\u00f3 a la necesidad de dotar a la ciudad de recursos humanos y tecnol\u00f3gicos imprescindibles. Nada es gratis.<\/p>\n\n\n\n<p>Sin embargo, es llamativa LA ABSOLUTA INDIFERENCIA del actual gobierno municipal, por devolver al Municipio una fuente de recursos dinerarios, que bien se podr\u00edan utilizar, para financiar las inversiones necesarias en tecnolog\u00eda, capacitaci\u00f3n de personal id\u00f3neo y el pago de las retribuciones por tales servicios.<\/p>\n\n\n\n<p>En octubre de 2010 se consum\u00f3 una maniobra institucional sobre la cual sus responsables guardan, hasta ahora, VERGONZOSO SILENCIO DE RADIO. La autorizaci\u00f3n comunal para la cesi\u00f3n a Federaci\u00f3n Mercantil de Villa Mar\u00eda del Ordenamiento del Estacionamiento Tarifado, fue otorgada por el ex intendente Eduardo Accastello mediante un documento de cesi\u00f3n que posteriormente se comprob\u00f3 que era ap\u00f3crifo, ya que la firma del titular de la empresa cedente, hab\u00eda sido objeto de una burda falsificaci\u00f3n.<\/p>\n\n\n\n<p>Este documento, utilizado por el exintendente, hab\u00eda sido presentado por el entonces Secretario de Federaci\u00f3n Mercantil, el 12 de noviembre de 2008, ante el Dr. H\u00e9ctor Mu\u00f1oz, entonces Secretario de Gobierno. Conocida la existencia del FRAUDE DOCUMENTAL, y a sabiendas de ello, el ex intendente Accastello no s\u00f3lo no promovi\u00f3 denuncia ante el evidente SESGO DELICTUAL de la maniobra, sino que tiempo despu\u00e9s, con la colaboraci\u00f3n de los entonces secretarios Ver\u00f3nica Navarro y el abogado Carlos De Falco, por Decreto, prorrog\u00f3 por varios a\u00f1os la cesi\u00f3n autorizada en funci\u00f3n de la falsedad documental arriba apuntada.<\/p>\n\n\n\n<p><\/p>\n\n\n\n<p><strong>Si el actual Intendente Dr. Mart\u00edn Gill no est\u00e1 al tanto de lo sucedido, con todo gusto puedo sacarlo de su ignorancia, y proporcionarle TODOS SUS ANTECEDENTES PERFECTAMENTE DOCUMENTADOS.<\/strong><\/p>\n\n\n\n<p><\/p>\n\n\n\n<p>Sabemos que los recursos transferidos son s\u00faper millonarios (existen estudios publicados jam\u00e1s controvertidos), pero no sabemos (ni entendemos), la raz\u00f3n por la cual, TODOS los involucrados en este claro caso de corrupci\u00f3n, guardan cerrado y vergonzoso silencio.<\/p>\n\n\n\n<p>Tampoco entiendo la raz\u00f3n por la cual la JUSTICIA PENAL DE VILLA MAR\u00cdA OMITI\u00d3 SIEMPRE (Y SIGUE OMITIENDO) ACTUAR DE OFICIO EN ESTE CASO, publicitado numerosas veces a trav\u00e9s de distintos medios.<\/p>\n\n\n\n<p>\u00bfSer\u00e1 que, para algunos Fiscales y\/o Jueces, en Villa Mar\u00eda, ciertas cosas \u201cQUEDAN EN FAMILIA\u201d, y es preferible \u201cNO LEVANTAR OLAS\u201d?<\/p>\n\n\n\n<p>De todas maneras, si de verdad le preocupan a las actuales autoridades la ola de \u201cmuerte en las calles\u201d, y la prioridad en sus angustias es la preservaci\u00f3n de la vida de los ciudadanos, ser\u00eda una demostraci\u00f3n positiva de que las buenas intenciones van M\u00c1S ALL\u00c1 QUE LAS MERAS PALABRAS, y se avoquen a estudiar las implicancias jur\u00eddicas, que justificar\u00edan revertir la decisi\u00f3n de mantener, a toda costa, la cesi\u00f3n de las ganancias de la explotaci\u00f3n del servicio de estacionamiento, y restituir las mismas hacia los recursos t\u00e9cnicos y humanos para un mejor ordenamiento vehicular.<\/p>\n\n\n\n<p>Dicho de otra manera. que las palabras dejen de ser s\u00f3lo palabras y se transformen en hechos concretos. (Y DE PASO, QUE EL DINERO DEL PUEBLO, VUELVA AL PUEBLO).<\/p>\n\n\n\n<p><strong>JOSE NASELLI \u2013 EX TRIBUNO \u2013 VECINO<\/strong><\/p>\n\n\n\n<p><strong><em>(La nota tiene algunos a\u00f1os. La emergencia vial sigue sin encontrar direccionamiento)<\/em><\/strong><\/p>\n","protected":false},"excerpt":{"rendered":"<p>(En su memoria) Hoy 10 de noviembre, hace un a\u00f1o fallec\u00eda uno de los pol\u00edticos m\u00e1s comprometidos que desplegara sus convicciones por esta aldea. Ya fuese como Tribuno de Cuentas o desde el llano, integrando distintas organizaciones sociales o donde la necesidad as\u00ed lo ameritaba. Jos\u00e9, de profesi\u00f3n de abogado, fue un emblema de la [&hellip;]<\/p>\n","protected":false},"author":4,"featured_media":47953,"comment_status":"open","ping_status":"open","sticky":false,"template":"","format":"standard","meta":{"site-sidebar-layout":"default","site-content-layout":"default","ast-site-content-layout":"default","site-content-style":"default","site-sidebar-style":"default","ast-global-header-display":"","ast-banner-title-visibility":"","ast-main-header-display":"","ast-hfb-above-header-display":"","ast-hfb-below-header-display":"","ast-hfb-mobile-header-display":"","site-post-title":"","ast-breadcrumbs-content":"","ast-featured-img":"","footer-sml-layout":"","ast-disable-related-posts":"","theme-transparent-header-meta":"default","adv-header-id-meta":"","stick-header-meta":"","header-above-stick-meta":"","header-main-stick-meta":"","header-below-stick-meta":"","astra-migrate-meta-layouts":"default","ast-page-background-enabled":"default","ast-page-background-meta":{"desktop":{"background-color":"","background-image":"","background-repeat":"repeat","background-position":"center center","background-size":"auto","background-attachment":"scroll","background-type":"","background-media":"","overlay-type":"","overlay-color":"","overlay-opacity":"","overlay-gradient":""},"tablet":{"background-color":"","background-image":"","background-repeat":"repeat","background-position":"center center","background-size":"auto","background-attachment":"scroll","background-type":"","background-media":"","overlay-type":"","overlay-color":"","overlay-opacity":"","overlay-gradient":""},"mobile":{"background-color":"","background-image":"","background-repeat":"repeat","background-position":"center center","background-size":"auto","background-attachment":"scroll","background-type":"","background-media":"","overlay-type":"","overlay-color":"","overlay-opacity":"","overlay-gradient":""}},"ast-content-background-meta":{"desktop":{"background-color":"var(--ast-global-color-5)","background-image":"","background-repeat":"repeat","background-position":"center center","background-size":"auto","background-attachment":"scroll","background-type":"","background-media":"","overlay-type":"","overlay-color":"","overlay-opacity":"","overlay-gradient":""},"tablet":{"background-color":"var(--ast-global-color-5)","background-image":"","background-repeat":"repeat","background-position":"center center","background-size":"auto","background-attachment":"scroll","background-type":"","background-media":"","overlay-type":"","overlay-color":"","overlay-opacity":"","overlay-gradient":""},"mobile":{"background-color":"var(--ast-global-color-5)","background-image":"","background-repeat":"repeat","background-position":"center center","background-size":"auto","background-attachment":"scroll","background-type":"","background-media":"","overlay-type":"","overlay-color":"","overlay-opacity":"","overlay-gradient":""}},"_jetpack_memberships_contains_paid_content":false,"_joinchat":[],"footnotes":""},"categories":[3557,2],"tags":[1223,1319,2038,304,261,1238,1125,2146],"class_list":["post-47951","post","type-post","status-publish","format-standard","has-post-thumbnail","hentry","category-tercera","category-villa-maria","tag-aniversario","tag-corrupcion","tag-eduardo-accastello","tag-emergencia-vial","tag-fallecimiento","tag-jose-naselli","tag-martin-gill","tag-tribunal-de-cuentas"],"yoast_head":"<!-- This site is optimized with the Yoast SEO plugin v26.8 - https:\/\/yoast.com\/product\/yoast-seo-wordpress\/ -->\n<title>A un a\u00f1o del fallecimiento de Jos\u00e9 Naselli, un emblema de la \u00e9tica y la moral - El Regional<\/title>\n<meta name=\"description\" content=\"Hoy 10 de noviembre, hace un a\u00f1o fallec\u00eda uno de los pol\u00edticos m\u00e1s comprometidos que desplegara sus convicciones por esta aldea.\" \/>\n<meta name=\"robots\" content=\"index, follow, max-snippet:-1, max-image-preview:large, max-video-preview:-1\" \/>\n<link rel=\"canonical\" href=\"http:\/\/elregionalvm.com.ar\/noticias-villa-maria\/a-un-ano-del-fallecimiento-de-jose-naselli-un-emblema-de-la-etica-y-la-moral\/\" \/>\n<meta property=\"og:locale\" content=\"es_ES\" \/>\n<meta property=\"og:type\" content=\"article\" \/>\n<meta property=\"og:title\" content=\"A un a\u00f1o del fallecimiento de Jos\u00e9 Naselli, un emblema de la \u00e9tica y la moral - El Regional\" \/>\n<meta property=\"og:description\" content=\"Hoy 10 de noviembre, hace un a\u00f1o fallec\u00eda uno de los pol\u00edticos m\u00e1s comprometidos que desplegara sus convicciones por esta aldea.\" \/>\n<meta property=\"og:url\" content=\"http:\/\/elregionalvm.com.ar\/noticias-villa-maria\/a-un-ano-del-fallecimiento-de-jose-naselli-un-emblema-de-la-etica-y-la-moral\/\" \/>\n<meta property=\"og:site_name\" content=\"El Regional\" \/>\n<meta property=\"article:publisher\" content=\"https:\/\/www.facebook.com\/elregionalvm\" \/>\n<meta property=\"article:published_time\" content=\"2021-11-10T19:38:41+00:00\" \/>\n<meta property=\"article:modified_time\" content=\"2021-11-12T01:58:40+00:00\" \/>\n<meta property=\"og:image\" content=\"http:\/\/elregionalvm.com.ar\/noticias-villa-maria\/wp-content\/uploads\/2021\/11\/Naselli.jpg\" \/>\n\t<meta property=\"og:image:width\" content=\"709\" \/>\n\t<meta property=\"og:image:height\" content=\"475\" \/>\n\t<meta property=\"og:image:type\" content=\"image\/jpeg\" \/>\n<meta name=\"author\" content=\"Contenidos El Regional\" \/>\n<meta name=\"twitter:card\" content=\"summary_large_image\" \/>\n<meta name=\"twitter:creator\" content=\"@elregionalvm1\" \/>\n<meta name=\"twitter:site\" content=\"@elregionalvm1\" \/>\n<meta name=\"twitter:label1\" content=\"Escrito por\" \/>\n\t<meta name=\"twitter:data1\" content=\"Contenidos El Regional\" \/>\n\t<meta name=\"twitter:label2\" content=\"Tiempo de lectura\" \/>\n\t<meta name=\"twitter:data2\" content=\"4 minutos\" \/>\n<script type=\"application\/ld+json\" class=\"yoast-schema-graph\">{\"@context\":\"https:\/\/schema.org\",\"@graph\":[{\"@type\":\"Article\",\"@id\":\"http:\/\/elregionalvm.com.ar\/noticias-villa-maria\/a-un-ano-del-fallecimiento-de-jose-naselli-un-emblema-de-la-etica-y-la-moral\/#article\",\"isPartOf\":{\"@id\":\"http:\/\/elregionalvm.com.ar\/noticias-villa-maria\/a-un-ano-del-fallecimiento-de-jose-naselli-un-emblema-de-la-etica-y-la-moral\/\"},\"author\":{\"name\":\"Contenidos El Regional\",\"@id\":\"http:\/\/elregionalvm.com.ar\/noticias-villa-maria\/#\/schema\/person\/a0fb9c422317faca23d50163151bc354\"},\"headline\":\"A un a\u00f1o del fallecimiento de Jos\u00e9 Naselli, un emblema de la \u00e9tica y la moral\",\"datePublished\":\"2021-11-10T19:38:41+00:00\",\"dateModified\":\"2021-11-12T01:58:40+00:00\",\"mainEntityOfPage\":{\"@id\":\"http:\/\/elregionalvm.com.ar\/noticias-villa-maria\/a-un-ano-del-fallecimiento-de-jose-naselli-un-emblema-de-la-etica-y-la-moral\/\"},\"wordCount\":944,\"commentCount\":0,\"image\":{\"@id\":\"http:\/\/elregionalvm.com.ar\/noticias-villa-maria\/a-un-ano-del-fallecimiento-de-jose-naselli-un-emblema-de-la-etica-y-la-moral\/#primaryimage\"},\"thumbnailUrl\":\"https:\/\/i0.wp.com\/elregionalvm.com.ar\/noticias-villa-maria\/wp-content\/uploads\/2021\/11\/Naselli.jpg?fit=709%2C475&ssl=1\",\"keywords\":[\"Aniversario\",\"corrupci\u00f3n\",\"Eduardo Accastello\",\"emergencia vial\",\"fallecimiento\",\"Jos\u00e9 Naselli\",\"mart\u00edn gill\",\"Tribunal de Cuentas\"],\"articleSection\":[\"tercera\",\"Villa Mar\u00eda\"],\"inLanguage\":\"es\",\"potentialAction\":[{\"@type\":\"CommentAction\",\"name\":\"Comment\",\"target\":[\"http:\/\/elregionalvm.com.ar\/noticias-villa-maria\/a-un-ano-del-fallecimiento-de-jose-naselli-un-emblema-de-la-etica-y-la-moral\/#respond\"]}]},{\"@type\":\"WebPage\",\"@id\":\"http:\/\/elregionalvm.com.ar\/noticias-villa-maria\/a-un-ano-del-fallecimiento-de-jose-naselli-un-emblema-de-la-etica-y-la-moral\/\",\"url\":\"http:\/\/elregionalvm.com.ar\/noticias-villa-maria\/a-un-ano-del-fallecimiento-de-jose-naselli-un-emblema-de-la-etica-y-la-moral\/\",\"name\":\"A un a\u00f1o del fallecimiento de Jos\u00e9 Naselli, un emblema de la \u00e9tica y la moral - El Regional\",\"isPartOf\":{\"@id\":\"http:\/\/elregionalvm.com.ar\/noticias-villa-maria\/#website\"},\"primaryImageOfPage\":{\"@id\":\"http:\/\/elregionalvm.com.ar\/noticias-villa-maria\/a-un-ano-del-fallecimiento-de-jose-naselli-un-emblema-de-la-etica-y-la-moral\/#primaryimage\"},\"image\":{\"@id\":\"http:\/\/elregionalvm.com.ar\/noticias-villa-maria\/a-un-ano-del-fallecimiento-de-jose-naselli-un-emblema-de-la-etica-y-la-moral\/#primaryimage\"},\"thumbnailUrl\":\"https:\/\/i0.wp.com\/elregionalvm.com.ar\/noticias-villa-maria\/wp-content\/uploads\/2021\/11\/Naselli.jpg?fit=709%2C475&ssl=1\",\"datePublished\":\"2021-11-10T19:38:41+00:00\",\"dateModified\":\"2021-11-12T01:58:40+00:00\",\"author\":{\"@id\":\"http:\/\/elregionalvm.com.ar\/noticias-villa-maria\/#\/schema\/person\/a0fb9c422317faca23d50163151bc354\"},\"description\":\"Hoy 10 de noviembre, hace un a\u00f1o fallec\u00eda uno de los pol\u00edticos m\u00e1s comprometidos que desplegara sus convicciones por esta aldea.\",\"breadcrumb\":{\"@id\":\"http:\/\/elregionalvm.com.ar\/noticias-villa-maria\/a-un-ano-del-fallecimiento-de-jose-naselli-un-emblema-de-la-etica-y-la-moral\/#breadcrumb\"},\"inLanguage\":\"es\",\"potentialAction\":[{\"@type\":\"ReadAction\",\"target\":[\"http:\/\/elregionalvm.com.ar\/noticias-villa-maria\/a-un-ano-del-fallecimiento-de-jose-naselli-un-emblema-de-la-etica-y-la-moral\/\"]}]},{\"@type\":\"ImageObject\",\"inLanguage\":\"es\",\"@id\":\"http:\/\/elregionalvm.com.ar\/noticias-villa-maria\/a-un-ano-del-fallecimiento-de-jose-naselli-un-emblema-de-la-etica-y-la-moral\/#primaryimage\",\"url\":\"https:\/\/i0.wp.com\/elregionalvm.com.ar\/noticias-villa-maria\/wp-content\/uploads\/2021\/11\/Naselli.jpg?fit=709%2C475&ssl=1\",\"contentUrl\":\"https:\/\/i0.wp.com\/elregionalvm.com.ar\/noticias-villa-maria\/wp-content\/uploads\/2021\/11\/Naselli.jpg?fit=709%2C475&ssl=1\",\"width\":709,\"height\":475},{\"@type\":\"BreadcrumbList\",\"@id\":\"http:\/\/elregionalvm.com.ar\/noticias-villa-maria\/a-un-ano-del-fallecimiento-de-jose-naselli-un-emblema-de-la-etica-y-la-moral\/#breadcrumb\",\"itemListElement\":[{\"@type\":\"ListItem\",\"position\":1,\"name\":\"Portada\",\"item\":\"https:\/\/elregionalvm.com.ar\/noticias-villa-maria\/\"},{\"@type\":\"ListItem\",\"position\":2,\"name\":\"A un a\u00f1o del fallecimiento de Jos\u00e9 Naselli, un emblema de la \u00e9tica y la moral\"}]},{\"@type\":\"WebSite\",\"@id\":\"http:\/\/elregionalvm.com.ar\/noticias-villa-maria\/#website\",\"url\":\"http:\/\/elregionalvm.com.ar\/noticias-villa-maria\/\",\"name\":\"El Regional\",\"description\":\"Mucho m\u00e1s que informaci\u00f3n\",\"potentialAction\":[{\"@type\":\"SearchAction\",\"target\":{\"@type\":\"EntryPoint\",\"urlTemplate\":\"http:\/\/elregionalvm.com.ar\/noticias-villa-maria\/?s={search_term_string}\"},\"query-input\":{\"@type\":\"PropertyValueSpecification\",\"valueRequired\":true,\"valueName\":\"search_term_string\"}}],\"inLanguage\":\"es\"},{\"@type\":\"Person\",\"@id\":\"http:\/\/elregionalvm.com.ar\/noticias-villa-maria\/#\/schema\/person\/a0fb9c422317faca23d50163151bc354\",\"name\":\"Contenidos El Regional\",\"image\":{\"@type\":\"ImageObject\",\"inLanguage\":\"es\",\"@id\":\"http:\/\/elregionalvm.com.ar\/noticias-villa-maria\/#\/schema\/person\/image\/\",\"url\":\"https:\/\/secure.gravatar.com\/avatar\/265b27cb2209af7bb3a1318f03305787d7981a5cc6e6cd08fe5a4ecdf99d4b48?s=96&d=mm&r=g\",\"contentUrl\":\"https:\/\/secure.gravatar.com\/avatar\/265b27cb2209af7bb3a1318f03305787d7981a5cc6e6cd08fe5a4ecdf99d4b48?s=96&d=mm&r=g\",\"caption\":\"Contenidos El Regional\"},\"url\":\"https:\/\/elregionalvm.com.ar\/noticias-villa-maria\/author\/contenido\/\"}]}<\/script>\n<!-- \/ Yoast SEO plugin. -->","yoast_head_json":{"title":"A un a\u00f1o del fallecimiento de Jos\u00e9 Naselli, un emblema de la \u00e9tica y la moral - El Regional","description":"Hoy 10 de noviembre, hace un a\u00f1o fallec\u00eda uno de los pol\u00edticos m\u00e1s comprometidos que desplegara sus convicciones por esta aldea.","robots":{"index":"index","follow":"follow","max-snippet":"max-snippet:-1","max-image-preview":"max-image-preview:large","max-video-preview":"max-video-preview:-1"},"canonical":"http:\/\/elregionalvm.com.ar\/noticias-villa-maria\/a-un-ano-del-fallecimiento-de-jose-naselli-un-emblema-de-la-etica-y-la-moral\/","og_locale":"es_ES","og_type":"article","og_title":"A un a\u00f1o del fallecimiento de Jos\u00e9 Naselli, un emblema de la \u00e9tica y la moral - El Regional","og_description":"Hoy 10 de noviembre, hace un a\u00f1o fallec\u00eda uno de los pol\u00edticos m\u00e1s comprometidos que desplegara sus convicciones por esta aldea.","og_url":"http:\/\/elregionalvm.com.ar\/noticias-villa-maria\/a-un-ano-del-fallecimiento-de-jose-naselli-un-emblema-de-la-etica-y-la-moral\/","og_site_name":"El Regional","article_publisher":"https:\/\/www.facebook.com\/elregionalvm","article_published_time":"2021-11-10T19:38:41+00:00","article_modified_time":"2021-11-12T01:58:40+00:00","og_image":[{"width":709,"height":475,"url":"http:\/\/elregionalvm.com.ar\/noticias-villa-maria\/wp-content\/uploads\/2021\/11\/Naselli.jpg","type":"image\/jpeg"}],"author":"Contenidos El Regional","twitter_card":"summary_large_image","twitter_creator":"@elregionalvm1","twitter_site":"@elregionalvm1","twitter_misc":{"Escrito por":"Contenidos El Regional","Tiempo de lectura":"4 minutos"},"schema":{"@context":"https:\/\/schema.org","@graph":[{"@type":"Article","@id":"http:\/\/elregionalvm.com.ar\/noticias-villa-maria\/a-un-ano-del-fallecimiento-de-jose-naselli-un-emblema-de-la-etica-y-la-moral\/#article","isPartOf":{"@id":"http:\/\/elregionalvm.com.ar\/noticias-villa-maria\/a-un-ano-del-fallecimiento-de-jose-naselli-un-emblema-de-la-etica-y-la-moral\/"},"author":{"name":"Contenidos El Regional","@id":"http:\/\/elregionalvm.com.ar\/noticias-villa-maria\/#\/schema\/person\/a0fb9c422317faca23d50163151bc354"},"headline":"A un a\u00f1o del fallecimiento de Jos\u00e9 Naselli, un emblema de la \u00e9tica y la moral","datePublished":"2021-11-10T19:38:41+00:00","dateModified":"2021-11-12T01:58:40+00:00","mainEntityOfPage":{"@id":"http:\/\/elregionalvm.com.ar\/noticias-villa-maria\/a-un-ano-del-fallecimiento-de-jose-naselli-un-emblema-de-la-etica-y-la-moral\/"},"wordCount":944,"commentCount":0,"image":{"@id":"http:\/\/elregionalvm.com.ar\/noticias-villa-maria\/a-un-ano-del-fallecimiento-de-jose-naselli-un-emblema-de-la-etica-y-la-moral\/#primaryimage"},"thumbnailUrl":"https:\/\/i0.wp.com\/elregionalvm.com.ar\/noticias-villa-maria\/wp-content\/uploads\/2021\/11\/Naselli.jpg?fit=709%2C475&ssl=1","keywords":["Aniversario","corrupci\u00f3n","Eduardo Accastello","emergencia vial","fallecimiento","Jos\u00e9 Naselli","mart\u00edn gill","Tribunal de Cuentas"],"articleSection":["tercera","Villa Mar\u00eda"],"inLanguage":"es","potentialAction":[{"@type":"CommentAction","name":"Comment","target":["http:\/\/elregionalvm.com.ar\/noticias-villa-maria\/a-un-ano-del-fallecimiento-de-jose-naselli-un-emblema-de-la-etica-y-la-moral\/#respond"]}]},{"@type":"WebPage","@id":"http:\/\/elregionalvm.com.ar\/noticias-villa-maria\/a-un-ano-del-fallecimiento-de-jose-naselli-un-emblema-de-la-etica-y-la-moral\/","url":"http:\/\/elregionalvm.com.ar\/noticias-villa-maria\/a-un-ano-del-fallecimiento-de-jose-naselli-un-emblema-de-la-etica-y-la-moral\/","name":"A un a\u00f1o del fallecimiento de Jos\u00e9 Naselli, un emblema de la \u00e9tica y la moral - El Regional","isPartOf":{"@id":"http:\/\/elregionalvm.com.ar\/noticias-villa-maria\/#website"},"primaryImageOfPage":{"@id":"http:\/\/elregionalvm.com.ar\/noticias-villa-maria\/a-un-ano-del-fallecimiento-de-jose-naselli-un-emblema-de-la-etica-y-la-moral\/#primaryimage"},"image":{"@id":"http:\/\/elregionalvm.com.ar\/noticias-villa-maria\/a-un-ano-del-fallecimiento-de-jose-naselli-un-emblema-de-la-etica-y-la-moral\/#primaryimage"},"thumbnailUrl":"https:\/\/i0.wp.com\/elregionalvm.com.ar\/noticias-villa-maria\/wp-content\/uploads\/2021\/11\/Naselli.jpg?fit=709%2C475&ssl=1","datePublished":"2021-11-10T19:38:41+00:00","dateModified":"2021-11-12T01:58:40+00:00","author":{"@id":"http:\/\/elregionalvm.com.ar\/noticias-villa-maria\/#\/schema\/person\/a0fb9c422317faca23d50163151bc354"},"description":"Hoy 10 de noviembre, hace un a\u00f1o fallec\u00eda uno de los pol\u00edticos m\u00e1s comprometidos que desplegara sus convicciones por esta aldea.","breadcrumb":{"@id":"http:\/\/elregionalvm.com.ar\/noticias-villa-maria\/a-un-ano-del-fallecimiento-de-jose-naselli-un-emblema-de-la-etica-y-la-moral\/#breadcrumb"},"inLanguage":"es","potentialAction":[{"@type":"ReadAction","target":["http:\/\/elregionalvm.com.ar\/noticias-villa-maria\/a-un-ano-del-fallecimiento-de-jose-naselli-un-emblema-de-la-etica-y-la-moral\/"]}]},{"@type":"ImageObject","inLanguage":"es","@id":"http:\/\/elregionalvm.com.ar\/noticias-villa-maria\/a-un-ano-del-fallecimiento-de-jose-naselli-un-emblema-de-la-etica-y-la-moral\/#primaryimage","url":"https:\/\/i0.wp.com\/elregionalvm.com.ar\/noticias-villa-maria\/wp-content\/uploads\/2021\/11\/Naselli.jpg?fit=709%2C475&ssl=1","contentUrl":"https:\/\/i0.wp.com\/elregionalvm.com.ar\/noticias-villa-maria\/wp-content\/uploads\/2021\/11\/Naselli.jpg?fit=709%2C475&ssl=1","width":709,"height":475},{"@type":"BreadcrumbList","@id":"http:\/\/elregionalvm.com.ar\/noticias-villa-maria\/a-un-ano-del-fallecimiento-de-jose-naselli-un-emblema-de-la-etica-y-la-moral\/#breadcrumb","itemListElement":[{"@type":"ListItem","position":1,"name":"Portada","item":"https:\/\/elregionalvm.com.ar\/noticias-villa-maria\/"},{"@type":"ListItem","position":2,"name":"A un a\u00f1o del fallecimiento de Jos\u00e9 Naselli, un emblema de la \u00e9tica y la moral"}]},{"@type":"WebSite","@id":"http:\/\/elregionalvm.com.ar\/noticias-villa-maria\/#website","url":"http:\/\/elregionalvm.com.ar\/noticias-villa-maria\/","name":"El Regional","description":"Mucho m\u00e1s que informaci\u00f3n","potentialAction":[{"@type":"SearchAction","target":{"@type":"EntryPoint","urlTemplate":"http:\/\/elregionalvm.com.ar\/noticias-villa-maria\/?s={search_term_string}"},"query-input":{"@type":"PropertyValueSpecification","valueRequired":true,"valueName":"search_term_string"}}],"inLanguage":"es"},{"@type":"Person","@id":"http:\/\/elregionalvm.com.ar\/noticias-villa-maria\/#\/schema\/person\/a0fb9c422317faca23d50163151bc354","name":"Contenidos El Regional","image":{"@type":"ImageObject","inLanguage":"es","@id":"http:\/\/elregionalvm.com.ar\/noticias-villa-maria\/#\/schema\/person\/image\/","url":"https:\/\/secure.gravatar.com\/avatar\/265b27cb2209af7bb3a1318f03305787d7981a5cc6e6cd08fe5a4ecdf99d4b48?s=96&d=mm&r=g","contentUrl":"https:\/\/secure.gravatar.com\/avatar\/265b27cb2209af7bb3a1318f03305787d7981a5cc6e6cd08fe5a4ecdf99d4b48?s=96&d=mm&r=g","caption":"Contenidos El Regional"},"url":"https:\/\/elregionalvm.com.ar\/noticias-villa-maria\/author\/contenido\/"}]}},"jetpack_featured_media_url":"https:\/\/i0.wp.com\/elregionalvm.com.ar\/noticias-villa-maria\/wp-content\/uploads\/2021\/11\/Naselli.jpg?fit=709%2C475&ssl=1","jetpack_sharing_enabled":true,"_links":{"self":[{"href":"https:\/\/elregionalvm.com.ar\/noticias-villa-maria\/wp-json\/wp\/v2\/posts\/47951","targetHints":{"allow":["GET"]}}],"collection":[{"href":"https:\/\/elregionalvm.com.ar\/noticias-villa-maria\/wp-json\/wp\/v2\/posts"}],"about":[{"href":"https:\/\/elregionalvm.com.ar\/noticias-villa-maria\/wp-json\/wp\/v2\/types\/post"}],"author":[{"embeddable":true,"href":"https:\/\/elregionalvm.com.ar\/noticias-villa-maria\/wp-json\/wp\/v2\/users\/4"}],"replies":[{"embeddable":true,"href":"https:\/\/elregionalvm.com.ar\/noticias-villa-maria\/wp-json\/wp\/v2\/comments?post=47951"}],"version-history":[{"count":2,"href":"https:\/\/elregionalvm.com.ar\/noticias-villa-maria\/wp-json\/wp\/v2\/posts\/47951\/revisions"}],"predecessor-version":[{"id":47955,"href":"https:\/\/elregionalvm.com.ar\/noticias-villa-maria\/wp-json\/wp\/v2\/posts\/47951\/revisions\/47955"}],"wp:featuredmedia":[{"embeddable":true,"href":"https:\/\/elregionalvm.com.ar\/noticias-villa-maria\/wp-json\/wp\/v2\/media\/47953"}],"wp:attachment":[{"href":"https:\/\/elregionalvm.com.ar\/noticias-villa-maria\/wp-json\/wp\/v2\/media?parent=47951"}],"wp:term":[{"taxonomy":"category","embeddable":true,"href":"https:\/\/elregionalvm.com.ar\/noticias-villa-maria\/wp-json\/wp\/v2\/categories?post=47951"},{"taxonomy":"post_tag","embeddable":true,"href":"https:\/\/elregionalvm.com.ar\/noticias-villa-maria\/wp-json\/wp\/v2\/tags?post=47951"}],"curies":[{"name":"wp","href":"https:\/\/api.w.org\/{rel}","templated":true}]}}