{"id":47958,"date":"2021-11-10T19:51:19","date_gmt":"2021-11-10T19:51:19","guid":{"rendered":"https:\/\/elregionalvm.com.ar\/noticias-villa-maria\/?p=47958"},"modified":"2021-11-10T19:51:21","modified_gmt":"2021-11-10T19:51:21","slug":"pozo-del-molle-el-desvio-de-transito-pesado-tendra-iluminacion-led","status":"publish","type":"post","link":"https:\/\/elregionalvm.com.ar\/noticias-villa-maria\/pozo-del-molle-el-desvio-de-transito-pesado-tendra-iluminacion-led\/","title":{"rendered":"Pozo del Molle: El desv\u00edo de tr\u00e1nsito pesado tendr\u00e1 iluminaci\u00f3n led"},"content":{"rendered":"\n<p> <\/p>\n\n\n\n<p>El intendente Jorge Roland firm\u00f3 el convenio con el gobierno provincial para la colocaci\u00f3n de luminarias led en un sector de Pozo del Molle.<\/p>\n\n\n\n<p>La r\u00fabrica se efectu\u00f3 ayer en Casa de Gobierno y participaron el ministro de Gobierno Facundo Torres Lima; el secretario de Gobiernos locales, Federico Garc\u00eda Asp\u00edtia; y el secretario de gobierno municipal Mart\u00edn Roland.<\/p>\n\n\n\n<p><\/p>\n\n\n\n<p><strong>La iluminaci\u00f3n ser\u00e1 colocada en el desv\u00edo de tr\u00e1nsito pesado que conecta la ruta nacional 158 con la rut E-52 hacia Carrilobo.<\/strong><\/p>\n\n\n\n<p><\/p>\n\n\n\n<p>La obra tiene un presupuesto que supera los 15 millones de pesos y que ser\u00e1n aportados por el Gobierno de C\u00f3rdoba.<\/p>\n\n\n\n<p>La propuesta surgi\u00f3 luego de la visita del gobernador Juan Schiaretti a la localidad, en septiembre pasado.<\/p>\n","protected":false},"excerpt":{"rendered":"<p>El intendente Jorge Roland firm\u00f3 el convenio con el gobierno provincial para la colocaci\u00f3n de luminarias led en un sector de Pozo del Molle. La r\u00fabrica se efectu\u00f3 ayer en Casa de Gobierno y participaron el ministro de Gobierno Facundo Torres Lima; el secretario de Gobiernos locales, Federico Garc\u00eda Asp\u00edtia; y el secretario de gobierno [&hellip;]<\/p>\n","protected":false},"author":4,"featured_media":47961,"comment_status":"open","ping_status":"open","sticky":false,"template":"","format":"standard","meta":{"site-sidebar-layout":"default","site-content-layout":"default","ast-site-content-layout":"default","site-content-style":"default","site-sidebar-style":"default","ast-global-header-display":"","ast-banner-title-visibility":"","ast-main-header-display":"","ast-hfb-above-header-display":"","ast-hfb-below-header-display":"","ast-hfb-mobile-header-display":"","site-post-title":"","ast-breadcrumbs-content":"","ast-featured-img":"","footer-sml-layout":"","ast-disable-related-posts":"","theme-transparent-header-meta":"default","adv-header-id-meta":"","stick-header-meta":"","header-above-stick-meta":"","header-main-stick-meta":"","header-below-stick-meta":"","astra-migrate-meta-layouts":"default","ast-page-background-enabled":"default","ast-page-background-meta":{"desktop":{"background-color":"","background-image":"","background-repeat":"repeat","background-position":"center center","background-size":"auto","background-attachment":"scroll","background-type":"","background-media":"","overlay-type":"","overlay-color":"","overlay-opacity":"","overlay-gradient":""},"tablet":{"background-color":"","background-image":"","background-repeat":"repeat","background-position":"center center","background-size":"auto","background-attachment":"scroll","background-type":"","background-media":"","overlay-type":"","overlay-color":"","overlay-opacity":"","overlay-gradient":""},"mobile":{"background-color":"","background-image":"","background-repeat":"repeat","background-position":"center center","background-size":"auto","background-attachment":"scroll","background-type":"","background-media":"","overlay-type":"","overlay-color":"","overlay-opacity":"","overlay-gradient":""}},"ast-content-background-meta":{"desktop":{"background-color":"var(--ast-global-color-5)","background-image":"","background-repeat":"repeat","background-position":"center center","background-size":"auto","background-attachment":"scroll","background-type":"","background-media":"","overlay-type":"","overlay-color":"","overlay-opacity":"","overlay-gradient":""},"tablet":{"background-color":"var(--ast-global-color-5)","background-image":"","background-repeat":"repeat","background-position":"center center","background-size":"auto","background-attachment":"scroll","background-type":"","background-media":"","overlay-type":"","overlay-color":"","overlay-opacity":"","overlay-gradient":""},"mobile":{"background-color":"var(--ast-global-color-5)","background-image":"","background-repeat":"repeat","background-position":"center center","background-size":"auto","background-attachment":"scroll","background-type":"","background-media":"","overlay-type":"","overlay-color":"","overlay-opacity":"","overlay-gradient":""}},"_jetpack_memberships_contains_paid_content":false,"_joinchat":[],"footnotes":""},"categories":[2091],"tags":[2821,1232,3040,2344,3058,6575,685],"class_list":["post-47958","post","type-post","status-publish","format-standard","has-post-thumbnail","hentry","category-region","tag-convenio","tag-destacado","tag-gobierno-de-cordoba","tag-jorge-roland","tag-juan-schiaretti","tag-luminarias-led","tag-pozo-del-molle"],"yoast_head":"<!-- This site is optimized with the Yoast SEO plugin v26.8 - https:\/\/yoast.com\/product\/yoast-seo-wordpress\/ -->\n<title>Pozo del Molle: El desv\u00edo de tr\u00e1nsito pesado tendr\u00e1 iluminaci\u00f3n led - El Regional<\/title>\n<meta name=\"description\" content=\"El intendente Jorge Roland firm\u00f3 el convenio con el gobierno provincial para la colocaci\u00f3n de luminarias led en un sector de Pozo del Molle.\" \/>\n<meta name=\"robots\" content=\"index, follow, max-snippet:-1, max-image-preview:large, max-video-preview:-1\" \/>\n<link rel=\"canonical\" href=\"http:\/\/elregionalvm.com.ar\/noticias-villa-maria\/pozo-del-molle-el-desvio-de-transito-pesado-tendra-iluminacion-led\/\" \/>\n<meta property=\"og:locale\" content=\"es_ES\" \/>\n<meta property=\"og:type\" content=\"article\" \/>\n<meta property=\"og:title\" content=\"Pozo del Molle: El desv\u00edo de tr\u00e1nsito pesado tendr\u00e1 iluminaci\u00f3n led - El Regional\" \/>\n<meta property=\"og:description\" content=\"El intendente Jorge Roland firm\u00f3 el convenio con el gobierno provincial para la colocaci\u00f3n de luminarias led en un sector de Pozo del Molle.\" \/>\n<meta property=\"og:url\" content=\"http:\/\/elregionalvm.com.ar\/noticias-villa-maria\/pozo-del-molle-el-desvio-de-transito-pesado-tendra-iluminacion-led\/\" \/>\n<meta property=\"og:site_name\" content=\"El Regional\" \/>\n<meta property=\"article:publisher\" content=\"https:\/\/www.facebook.com\/elregionalvm\" \/>\n<meta property=\"article:published_time\" content=\"2021-11-10T19:51:19+00:00\" \/>\n<meta property=\"article:modified_time\" content=\"2021-11-10T19:51:21+00:00\" \/>\n<meta property=\"og:image\" content=\"http:\/\/elregionalvm.com.ar\/noticias-villa-maria\/wp-content\/uploads\/2021\/11\/Molle-Roland-funcionarios-Cordoba.jpeg\" \/>\n\t<meta property=\"og:image:width\" content=\"960\" \/>\n\t<meta property=\"og:image:height\" content=\"557\" \/>\n\t<meta property=\"og:image:type\" content=\"image\/jpeg\" \/>\n<meta name=\"author\" content=\"Contenidos El Regional\" \/>\n<meta name=\"twitter:card\" content=\"summary_large_image\" \/>\n<meta name=\"twitter:creator\" content=\"@elregionalvm1\" \/>\n<meta name=\"twitter:site\" content=\"@elregionalvm1\" \/>\n<meta name=\"twitter:label1\" content=\"Escrito por\" \/>\n\t<meta name=\"twitter:data1\" content=\"Contenidos El Regional\" \/>\n\t<meta name=\"twitter:label2\" content=\"Tiempo de lectura\" \/>\n\t<meta name=\"twitter:data2\" content=\"1 minuto\" \/>\n<script type=\"application\/ld+json\" class=\"yoast-schema-graph\">{\"@context\":\"https:\/\/schema.org\",\"@graph\":[{\"@type\":\"Article\",\"@id\":\"http:\/\/elregionalvm.com.ar\/noticias-villa-maria\/pozo-del-molle-el-desvio-de-transito-pesado-tendra-iluminacion-led\/#article\",\"isPartOf\":{\"@id\":\"http:\/\/elregionalvm.com.ar\/noticias-villa-maria\/pozo-del-molle-el-desvio-de-transito-pesado-tendra-iluminacion-led\/\"},\"author\":{\"name\":\"Contenidos El Regional\",\"@id\":\"http:\/\/elregionalvm.com.ar\/noticias-villa-maria\/#\/schema\/person\/a0fb9c422317faca23d50163151bc354\"},\"headline\":\"Pozo del Molle: El desv\u00edo de tr\u00e1nsito pesado tendr\u00e1 iluminaci\u00f3n led\",\"datePublished\":\"2021-11-10T19:51:19+00:00\",\"dateModified\":\"2021-11-10T19:51:21+00:00\",\"mainEntityOfPage\":{\"@id\":\"http:\/\/elregionalvm.com.ar\/noticias-villa-maria\/pozo-del-molle-el-desvio-de-transito-pesado-tendra-iluminacion-led\/\"},\"wordCount\":140,\"commentCount\":0,\"image\":{\"@id\":\"http:\/\/elregionalvm.com.ar\/noticias-villa-maria\/pozo-del-molle-el-desvio-de-transito-pesado-tendra-iluminacion-led\/#primaryimage\"},\"thumbnailUrl\":\"https:\/\/i0.wp.com\/elregionalvm.com.ar\/noticias-villa-maria\/wp-content\/uploads\/2021\/11\/Molle-Roland-funcionarios-Cordoba.jpeg?fit=960%2C557&ssl=1\",\"keywords\":[\"convenio\",\"destacado\",\"Gobierno de C\u00f3rdoba\",\"Jorge Roland\",\"Juan Schiaretti\",\"luminarias led\",\"POZO DEL MOLLE\"],\"articleSection\":[\"Regi\u00f3n\"],\"inLanguage\":\"es\",\"potentialAction\":[{\"@type\":\"CommentAction\",\"name\":\"Comment\",\"target\":[\"http:\/\/elregionalvm.com.ar\/noticias-villa-maria\/pozo-del-molle-el-desvio-de-transito-pesado-tendra-iluminacion-led\/#respond\"]}]},{\"@type\":\"WebPage\",\"@id\":\"http:\/\/elregionalvm.com.ar\/noticias-villa-maria\/pozo-del-molle-el-desvio-de-transito-pesado-tendra-iluminacion-led\/\",\"url\":\"http:\/\/elregionalvm.com.ar\/noticias-villa-maria\/pozo-del-molle-el-desvio-de-transito-pesado-tendra-iluminacion-led\/\",\"name\":\"Pozo del Molle: El desv\u00edo de tr\u00e1nsito pesado tendr\u00e1 iluminaci\u00f3n led - El Regional\",\"isPartOf\":{\"@id\":\"http:\/\/elregionalvm.com.ar\/noticias-villa-maria\/#website\"},\"primaryImageOfPage\":{\"@id\":\"http:\/\/elregionalvm.com.ar\/noticias-villa-maria\/pozo-del-molle-el-desvio-de-transito-pesado-tendra-iluminacion-led\/#primaryimage\"},\"image\":{\"@id\":\"http:\/\/elregionalvm.com.ar\/noticias-villa-maria\/pozo-del-molle-el-desvio-de-transito-pesado-tendra-iluminacion-led\/#primaryimage\"},\"thumbnailUrl\":\"https:\/\/i0.wp.com\/elregionalvm.com.ar\/noticias-villa-maria\/wp-content\/uploads\/2021\/11\/Molle-Roland-funcionarios-Cordoba.jpeg?fit=960%2C557&ssl=1\",\"datePublished\":\"2021-11-10T19:51:19+00:00\",\"dateModified\":\"2021-11-10T19:51:21+00:00\",\"author\":{\"@id\":\"http:\/\/elregionalvm.com.ar\/noticias-villa-maria\/#\/schema\/person\/a0fb9c422317faca23d50163151bc354\"},\"description\":\"El intendente Jorge Roland firm\u00f3 el convenio con el gobierno provincial para la colocaci\u00f3n de luminarias led en un sector de Pozo del Molle.\",\"breadcrumb\":{\"@id\":\"http:\/\/elregionalvm.com.ar\/noticias-villa-maria\/pozo-del-molle-el-desvio-de-transito-pesado-tendra-iluminacion-led\/#breadcrumb\"},\"inLanguage\":\"es\",\"potentialAction\":[{\"@type\":\"ReadAction\",\"target\":[\"http:\/\/elregionalvm.com.ar\/noticias-villa-maria\/pozo-del-molle-el-desvio-de-transito-pesado-tendra-iluminacion-led\/\"]}]},{\"@type\":\"ImageObject\",\"inLanguage\":\"es\",\"@id\":\"http:\/\/elregionalvm.com.ar\/noticias-villa-maria\/pozo-del-molle-el-desvio-de-transito-pesado-tendra-iluminacion-led\/#primaryimage\",\"url\":\"https:\/\/i0.wp.com\/elregionalvm.com.ar\/noticias-villa-maria\/wp-content\/uploads\/2021\/11\/Molle-Roland-funcionarios-Cordoba.jpeg?fit=960%2C557&ssl=1\",\"contentUrl\":\"https:\/\/i0.wp.com\/elregionalvm.com.ar\/noticias-villa-maria\/wp-content\/uploads\/2021\/11\/Molle-Roland-funcionarios-Cordoba.jpeg?fit=960%2C557&ssl=1\",\"width\":960,\"height\":557},{\"@type\":\"BreadcrumbList\",\"@id\":\"http:\/\/elregionalvm.com.ar\/noticias-villa-maria\/pozo-del-molle-el-desvio-de-transito-pesado-tendra-iluminacion-led\/#breadcrumb\",\"itemListElement\":[{\"@type\":\"ListItem\",\"position\":1,\"name\":\"Portada\",\"item\":\"https:\/\/elregionalvm.com.ar\/noticias-villa-maria\/\"},{\"@type\":\"ListItem\",\"position\":2,\"name\":\"Pozo del Molle: El desv\u00edo de tr\u00e1nsito pesado tendr\u00e1 iluminaci\u00f3n led\"}]},{\"@type\":\"WebSite\",\"@id\":\"http:\/\/elregionalvm.com.ar\/noticias-villa-maria\/#website\",\"url\":\"http:\/\/elregionalvm.com.ar\/noticias-villa-maria\/\",\"name\":\"El Regional\",\"description\":\"Mucho m\u00e1s que informaci\u00f3n\",\"potentialAction\":[{\"@type\":\"SearchAction\",\"target\":{\"@type\":\"EntryPoint\",\"urlTemplate\":\"http:\/\/elregionalvm.com.ar\/noticias-villa-maria\/?s={search_term_string}\"},\"query-input\":{\"@type\":\"PropertyValueSpecification\",\"valueRequired\":true,\"valueName\":\"search_term_string\"}}],\"inLanguage\":\"es\"},{\"@type\":\"Person\",\"@id\":\"http:\/\/elregionalvm.com.ar\/noticias-villa-maria\/#\/schema\/person\/a0fb9c422317faca23d50163151bc354\",\"name\":\"Contenidos El Regional\",\"image\":{\"@type\":\"ImageObject\",\"inLanguage\":\"es\",\"@id\":\"http:\/\/elregionalvm.com.ar\/noticias-villa-maria\/#\/schema\/person\/image\/\",\"url\":\"https:\/\/secure.gravatar.com\/avatar\/265b27cb2209af7bb3a1318f03305787d7981a5cc6e6cd08fe5a4ecdf99d4b48?s=96&d=mm&r=g\",\"contentUrl\":\"https:\/\/secure.gravatar.com\/avatar\/265b27cb2209af7bb3a1318f03305787d7981a5cc6e6cd08fe5a4ecdf99d4b48?s=96&d=mm&r=g\",\"caption\":\"Contenidos El Regional\"},\"url\":\"https:\/\/elregionalvm.com.ar\/noticias-villa-maria\/author\/contenido\/\"}]}<\/script>\n<!-- \/ Yoast SEO plugin. -->","yoast_head_json":{"title":"Pozo del Molle: El desv\u00edo de tr\u00e1nsito pesado tendr\u00e1 iluminaci\u00f3n led - El Regional","description":"El intendente Jorge Roland firm\u00f3 el convenio con el gobierno provincial para la colocaci\u00f3n de luminarias led en un sector de Pozo del Molle.","robots":{"index":"index","follow":"follow","max-snippet":"max-snippet:-1","max-image-preview":"max-image-preview:large","max-video-preview":"max-video-preview:-1"},"canonical":"http:\/\/elregionalvm.com.ar\/noticias-villa-maria\/pozo-del-molle-el-desvio-de-transito-pesado-tendra-iluminacion-led\/","og_locale":"es_ES","og_type":"article","og_title":"Pozo del Molle: El desv\u00edo de tr\u00e1nsito pesado tendr\u00e1 iluminaci\u00f3n led - El Regional","og_description":"El intendente Jorge Roland firm\u00f3 el convenio con el gobierno provincial para la colocaci\u00f3n de luminarias led en un sector de Pozo del Molle.","og_url":"http:\/\/elregionalvm.com.ar\/noticias-villa-maria\/pozo-del-molle-el-desvio-de-transito-pesado-tendra-iluminacion-led\/","og_site_name":"El Regional","article_publisher":"https:\/\/www.facebook.com\/elregionalvm","article_published_time":"2021-11-10T19:51:19+00:00","article_modified_time":"2021-11-10T19:51:21+00:00","og_image":[{"width":960,"height":557,"url":"http:\/\/elregionalvm.com.ar\/noticias-villa-maria\/wp-content\/uploads\/2021\/11\/Molle-Roland-funcionarios-Cordoba.jpeg","type":"image\/jpeg"}],"author":"Contenidos El Regional","twitter_card":"summary_large_image","twitter_creator":"@elregionalvm1","twitter_site":"@elregionalvm1","twitter_misc":{"Escrito por":"Contenidos El Regional","Tiempo de lectura":"1 minuto"},"schema":{"@context":"https:\/\/schema.org","@graph":[{"@type":"Article","@id":"http:\/\/elregionalvm.com.ar\/noticias-villa-maria\/pozo-del-molle-el-desvio-de-transito-pesado-tendra-iluminacion-led\/#article","isPartOf":{"@id":"http:\/\/elregionalvm.com.ar\/noticias-villa-maria\/pozo-del-molle-el-desvio-de-transito-pesado-tendra-iluminacion-led\/"},"author":{"name":"Contenidos El Regional","@id":"http:\/\/elregionalvm.com.ar\/noticias-villa-maria\/#\/schema\/person\/a0fb9c422317faca23d50163151bc354"},"headline":"Pozo del Molle: El desv\u00edo de tr\u00e1nsito pesado tendr\u00e1 iluminaci\u00f3n led","datePublished":"2021-11-10T19:51:19+00:00","dateModified":"2021-11-10T19:51:21+00:00","mainEntityOfPage":{"@id":"http:\/\/elregionalvm.com.ar\/noticias-villa-maria\/pozo-del-molle-el-desvio-de-transito-pesado-tendra-iluminacion-led\/"},"wordCount":140,"commentCount":0,"image":{"@id":"http:\/\/elregionalvm.com.ar\/noticias-villa-maria\/pozo-del-molle-el-desvio-de-transito-pesado-tendra-iluminacion-led\/#primaryimage"},"thumbnailUrl":"https:\/\/i0.wp.com\/elregionalvm.com.ar\/noticias-villa-maria\/wp-content\/uploads\/2021\/11\/Molle-Roland-funcionarios-Cordoba.jpeg?fit=960%2C557&ssl=1","keywords":["convenio","destacado","Gobierno de C\u00f3rdoba","Jorge Roland","Juan Schiaretti","luminarias led","POZO DEL MOLLE"],"articleSection":["Regi\u00f3n"],"inLanguage":"es","potentialAction":[{"@type":"CommentAction","name":"Comment","target":["http:\/\/elregionalvm.com.ar\/noticias-villa-maria\/pozo-del-molle-el-desvio-de-transito-pesado-tendra-iluminacion-led\/#respond"]}]},{"@type":"WebPage","@id":"http:\/\/elregionalvm.com.ar\/noticias-villa-maria\/pozo-del-molle-el-desvio-de-transito-pesado-tendra-iluminacion-led\/","url":"http:\/\/elregionalvm.com.ar\/noticias-villa-maria\/pozo-del-molle-el-desvio-de-transito-pesado-tendra-iluminacion-led\/","name":"Pozo del Molle: El desv\u00edo de tr\u00e1nsito pesado tendr\u00e1 iluminaci\u00f3n led - El Regional","isPartOf":{"@id":"http:\/\/elregionalvm.com.ar\/noticias-villa-maria\/#website"},"primaryImageOfPage":{"@id":"http:\/\/elregionalvm.com.ar\/noticias-villa-maria\/pozo-del-molle-el-desvio-de-transito-pesado-tendra-iluminacion-led\/#primaryimage"},"image":{"@id":"http:\/\/elregionalvm.com.ar\/noticias-villa-maria\/pozo-del-molle-el-desvio-de-transito-pesado-tendra-iluminacion-led\/#primaryimage"},"thumbnailUrl":"https:\/\/i0.wp.com\/elregionalvm.com.ar\/noticias-villa-maria\/wp-content\/uploads\/2021\/11\/Molle-Roland-funcionarios-Cordoba.jpeg?fit=960%2C557&ssl=1","datePublished":"2021-11-10T19:51:19+00:00","dateModified":"2021-11-10T19:51:21+00:00","author":{"@id":"http:\/\/elregionalvm.com.ar\/noticias-villa-maria\/#\/schema\/person\/a0fb9c422317faca23d50163151bc354"},"description":"El intendente Jorge Roland firm\u00f3 el convenio con el gobierno provincial para la colocaci\u00f3n de luminarias led en un sector de Pozo del Molle.","breadcrumb":{"@id":"http:\/\/elregionalvm.com.ar\/noticias-villa-maria\/pozo-del-molle-el-desvio-de-transito-pesado-tendra-iluminacion-led\/#breadcrumb"},"inLanguage":"es","potentialAction":[{"@type":"ReadAction","target":["http:\/\/elregionalvm.com.ar\/noticias-villa-maria\/pozo-del-molle-el-desvio-de-transito-pesado-tendra-iluminacion-led\/"]}]},{"@type":"ImageObject","inLanguage":"es","@id":"http:\/\/elregionalvm.com.ar\/noticias-villa-maria\/pozo-del-molle-el-desvio-de-transito-pesado-tendra-iluminacion-led\/#primaryimage","url":"https:\/\/i0.wp.com\/elregionalvm.com.ar\/noticias-villa-maria\/wp-content\/uploads\/2021\/11\/Molle-Roland-funcionarios-Cordoba.jpeg?fit=960%2C557&ssl=1","contentUrl":"https:\/\/i0.wp.com\/elregionalvm.com.ar\/noticias-villa-maria\/wp-content\/uploads\/2021\/11\/Molle-Roland-funcionarios-Cordoba.jpeg?fit=960%2C557&ssl=1","width":960,"height":557},{"@type":"BreadcrumbList","@id":"http:\/\/elregionalvm.com.ar\/noticias-villa-maria\/pozo-del-molle-el-desvio-de-transito-pesado-tendra-iluminacion-led\/#breadcrumb","itemListElement":[{"@type":"ListItem","position":1,"name":"Portada","item":"https:\/\/elregionalvm.com.ar\/noticias-villa-maria\/"},{"@type":"ListItem","position":2,"name":"Pozo del Molle: El desv\u00edo de tr\u00e1nsito pesado tendr\u00e1 iluminaci\u00f3n led"}]},{"@type":"WebSite","@id":"http:\/\/elregionalvm.com.ar\/noticias-villa-maria\/#website","url":"http:\/\/elregionalvm.com.ar\/noticias-villa-maria\/","name":"El Regional","description":"Mucho m\u00e1s que informaci\u00f3n","potentialAction":[{"@type":"SearchAction","target":{"@type":"EntryPoint","urlTemplate":"http:\/\/elregionalvm.com.ar\/noticias-villa-maria\/?s={search_term_string}"},"query-input":{"@type":"PropertyValueSpecification","valueRequired":true,"valueName":"search_term_string"}}],"inLanguage":"es"},{"@type":"Person","@id":"http:\/\/elregionalvm.com.ar\/noticias-villa-maria\/#\/schema\/person\/a0fb9c422317faca23d50163151bc354","name":"Contenidos El Regional","image":{"@type":"ImageObject","inLanguage":"es","@id":"http:\/\/elregionalvm.com.ar\/noticias-villa-maria\/#\/schema\/person\/image\/","url":"https:\/\/secure.gravatar.com\/avatar\/265b27cb2209af7bb3a1318f03305787d7981a5cc6e6cd08fe5a4ecdf99d4b48?s=96&d=mm&r=g","contentUrl":"https:\/\/secure.gravatar.com\/avatar\/265b27cb2209af7bb3a1318f03305787d7981a5cc6e6cd08fe5a4ecdf99d4b48?s=96&d=mm&r=g","caption":"Contenidos El Regional"},"url":"https:\/\/elregionalvm.com.ar\/noticias-villa-maria\/author\/contenido\/"}]}},"jetpack_featured_media_url":"https:\/\/i0.wp.com\/elregionalvm.com.ar\/noticias-villa-maria\/wp-content\/uploads\/2021\/11\/Molle-Roland-funcionarios-Cordoba.jpeg?fit=960%2C557&ssl=1","jetpack_sharing_enabled":true,"_links":{"self":[{"href":"https:\/\/elregionalvm.com.ar\/noticias-villa-maria\/wp-json\/wp\/v2\/posts\/47958","targetHints":{"allow":["GET"]}}],"collection":[{"href":"https:\/\/elregionalvm.com.ar\/noticias-villa-maria\/wp-json\/wp\/v2\/posts"}],"about":[{"href":"https:\/\/elregionalvm.com.ar\/noticias-villa-maria\/wp-json\/wp\/v2\/types\/post"}],"author":[{"embeddable":true,"href":"https:\/\/elregionalvm.com.ar\/noticias-villa-maria\/wp-json\/wp\/v2\/users\/4"}],"replies":[{"embeddable":true,"href":"https:\/\/elregionalvm.com.ar\/noticias-villa-maria\/wp-json\/wp\/v2\/comments?post=47958"}],"version-history":[{"count":2,"href":"https:\/\/elregionalvm.com.ar\/noticias-villa-maria\/wp-json\/wp\/v2\/posts\/47958\/revisions"}],"predecessor-version":[{"id":47962,"href":"https:\/\/elregionalvm.com.ar\/noticias-villa-maria\/wp-json\/wp\/v2\/posts\/47958\/revisions\/47962"}],"wp:featuredmedia":[{"embeddable":true,"href":"https:\/\/elregionalvm.com.ar\/noticias-villa-maria\/wp-json\/wp\/v2\/media\/47961"}],"wp:attachment":[{"href":"https:\/\/elregionalvm.com.ar\/noticias-villa-maria\/wp-json\/wp\/v2\/media?parent=47958"}],"wp:term":[{"taxonomy":"category","embeddable":true,"href":"https:\/\/elregionalvm.com.ar\/noticias-villa-maria\/wp-json\/wp\/v2\/categories?post=47958"},{"taxonomy":"post_tag","embeddable":true,"href":"https:\/\/elregionalvm.com.ar\/noticias-villa-maria\/wp-json\/wp\/v2\/tags?post=47958"}],"curies":[{"name":"wp","href":"https:\/\/api.w.org\/{rel}","templated":true}]}}