{"id":47963,"date":"2021-11-10T20:14:33","date_gmt":"2021-11-10T20:14:33","guid":{"rendered":"https:\/\/elregionalvm.com.ar\/noticias-villa-maria\/?p=47963"},"modified":"2021-11-10T20:15:21","modified_gmt":"2021-11-10T20:15:21","slug":"vecinos-de-barrio-golf-elevaron-reclamos-por-los-continuos-cortes-de-epec","status":"publish","type":"post","link":"https:\/\/elregionalvm.com.ar\/noticias-villa-maria\/vecinos-de-barrio-golf-elevaron-reclamos-por-los-continuos-cortes-de-epec\/","title":{"rendered":"Vecinos de Barrio Golf elevaron reclamos por los continuos cortes de Epec"},"content":{"rendered":"\n<p><\/p>\n\n\n\n<p>Los vecinos de barrio Golf en Villa Nueva reclaman soluciones para los continuos cortes en el servicio de energ\u00eda el\u00e9ctrica que padecen en el sector.<\/p>\n\n\n\n<p>En este sentido, elevaron peticiones a la Direcci\u00f3n de Atenci\u00f3n del Vecino de Villa Nueva y a la Auditor\u00eda General de Villa Mar\u00eda para que intervengan de manera urgente \u201ccon la situaci\u00f3n que estamos padeciendo con el servicio de energ\u00eda el\u00e9ctrica que nos brinda EPEC con asiento en Villa Mar\u00eda\u201d.<\/p>\n\n\n\n<p>En la carta enviada a Claudia Arriegui y Alicia Peresutti, responsables de ambas reparticiones mencionadas, los habitantes del sector indicaron que: \u201cDe m\u00e1s est\u00e1 aclarar que el canon del servicio de energ\u00eda el\u00e9ctrica es el m\u00e1s caro del pa\u00eds y en nuestro barrio es uno de los m\u00e1s deficitarios\u201d.<\/p>\n\n\n\n<p>\u201cDesde hace varios a\u00f1os ocurren reiterados y constantes cortes de energ\u00eda el\u00e9ctrica y a su regreso lo hace con baja o alta tensi\u00f3n lo que ocasiona que los artefactos el\u00e9ctricos se quemen o bien quedan funcionando con deficiencias\u201d, detallaron.<\/p>\n\n\n\n<p>\u201cSolamente para dejar asentado el d\u00eda 1 de noviembre entre las 3 y las 9 de la ma\u00f1ana se produjeron 8 cortes de energ\u00eda y al llamar a la guardia de EPEC no contamos con respuesta. Previo a este pedido, varios vecinos realizaron reclamos en forma individual y de manera colectiva por medio de la comisi\u00f3n vecinal del Barrio y EPEC no brind\u00f3 respuesta satisfactoria o bien la misma fue insuficiente\u201d, remarcaron a la espera de una soluci\u00f3n.<\/p>\n","protected":false},"excerpt":{"rendered":"<p>Los vecinos de barrio Golf en Villa Nueva reclaman soluciones para los continuos cortes en el servicio de energ\u00eda el\u00e9ctrica que padecen en el sector. En este sentido, elevaron peticiones a la Direcci\u00f3n de Atenci\u00f3n del Vecino de Villa Nueva y a la Auditor\u00eda General de Villa Mar\u00eda para que intervengan de manera urgente \u201ccon [&hellip;]<\/p>\n","protected":false},"author":4,"featured_media":20998,"comment_status":"open","ping_status":"open","sticky":false,"template":"","format":"standard","meta":{"site-sidebar-layout":"default","site-content-layout":"default","ast-site-content-layout":"default","site-content-style":"default","site-sidebar-style":"default","ast-global-header-display":"","ast-banner-title-visibility":"","ast-main-header-display":"","ast-hfb-above-header-display":"","ast-hfb-below-header-display":"","ast-hfb-mobile-header-display":"","site-post-title":"","ast-breadcrumbs-content":"","ast-featured-img":"","footer-sml-layout":"","ast-disable-related-posts":"","theme-transparent-header-meta":"default","adv-header-id-meta":"","stick-header-meta":"","header-above-stick-meta":"","header-main-stick-meta":"","header-below-stick-meta":"","astra-migrate-meta-layouts":"default","ast-page-background-enabled":"default","ast-page-background-meta":{"desktop":{"background-color":"","background-image":"","background-repeat":"repeat","background-position":"center center","background-size":"auto","background-attachment":"scroll","background-type":"","background-media":"","overlay-type":"","overlay-color":"","overlay-opacity":"","overlay-gradient":""},"tablet":{"background-color":"","background-image":"","background-repeat":"repeat","background-position":"center center","background-size":"auto","background-attachment":"scroll","background-type":"","background-media":"","overlay-type":"","overlay-color":"","overlay-opacity":"","overlay-gradient":""},"mobile":{"background-color":"","background-image":"","background-repeat":"repeat","background-position":"center center","background-size":"auto","background-attachment":"scroll","background-type":"","background-media":"","overlay-type":"","overlay-color":"","overlay-opacity":"","overlay-gradient":""}},"ast-content-background-meta":{"desktop":{"background-color":"var(--ast-global-color-5)","background-image":"","background-repeat":"repeat","background-position":"center center","background-size":"auto","background-attachment":"scroll","background-type":"","background-media":"","overlay-type":"","overlay-color":"","overlay-opacity":"","overlay-gradient":""},"tablet":{"background-color":"var(--ast-global-color-5)","background-image":"","background-repeat":"repeat","background-position":"center center","background-size":"auto","background-attachment":"scroll","background-type":"","background-media":"","overlay-type":"","overlay-color":"","overlay-opacity":"","overlay-gradient":""},"mobile":{"background-color":"var(--ast-global-color-5)","background-image":"","background-repeat":"repeat","background-position":"center center","background-size":"auto","background-attachment":"scroll","background-type":"","background-media":"","overlay-type":"","overlay-color":"","overlay-opacity":"","overlay-gradient":""}},"_jetpack_memberships_contains_paid_content":false,"_joinchat":[],"footnotes":""},"categories":[1408],"tags":[2794,2791,4407,1232,12134,2890,1270,2788],"class_list":["post-47963","post","type-post","status-publish","format-standard","has-post-thumbnail","hentry","category-villa-nueva","tag-alicia-peressutti","tag-auditoria-general","tag-barrio-golf","tag-destacado","tag-direccion-de-atencion-al-vecino","tag-energia-electrica","tag-epec","tag-reclamo"],"yoast_head":"<!-- This site is optimized with the Yoast SEO plugin v26.8 - https:\/\/yoast.com\/product\/yoast-seo-wordpress\/ -->\n<title>Vecinos de Barrio Golf elevaron reclamos por los continuos cortes de Epec - El Regional<\/title>\n<meta name=\"description\" content=\"Vecinos de barrio Golf en Villa Nueva reclaman soluciones para los continuos cortes en el servicio de energ\u00eda el\u00e9ctrica que padecen.\" \/>\n<meta name=\"robots\" content=\"index, follow, max-snippet:-1, max-image-preview:large, max-video-preview:-1\" \/>\n<link rel=\"canonical\" href=\"http:\/\/elregionalvm.com.ar\/noticias-villa-maria\/vecinos-de-barrio-golf-elevaron-reclamos-por-los-continuos-cortes-de-epec\/\" \/>\n<meta property=\"og:locale\" content=\"es_ES\" \/>\n<meta property=\"og:type\" content=\"article\" \/>\n<meta property=\"og:title\" content=\"Vecinos de Barrio Golf elevaron reclamos por los continuos cortes de Epec - El Regional\" \/>\n<meta property=\"og:description\" content=\"Vecinos de barrio Golf en Villa Nueva reclaman soluciones para los continuos cortes en el servicio de energ\u00eda el\u00e9ctrica que padecen.\" \/>\n<meta property=\"og:url\" content=\"http:\/\/elregionalvm.com.ar\/noticias-villa-maria\/vecinos-de-barrio-golf-elevaron-reclamos-por-los-continuos-cortes-de-epec\/\" \/>\n<meta property=\"og:site_name\" content=\"El Regional\" \/>\n<meta property=\"article:publisher\" content=\"https:\/\/www.facebook.com\/elregionalvm\" \/>\n<meta property=\"article:published_time\" content=\"2021-11-10T20:14:33+00:00\" \/>\n<meta property=\"article:modified_time\" content=\"2021-11-10T20:15:21+00:00\" \/>\n<meta property=\"og:image\" content=\"http:\/\/elregionalvm.com.ar\/noticias-villa-maria\/wp-content\/uploads\/2020\/07\/Epec-cami\u00f3n-ilustrativa.jpg\" \/>\n\t<meta property=\"og:image:width\" content=\"1920\" \/>\n\t<meta property=\"og:image:height\" content=\"1054\" \/>\n\t<meta property=\"og:image:type\" content=\"image\/jpeg\" \/>\n<meta name=\"author\" content=\"Contenidos El Regional\" \/>\n<meta name=\"twitter:card\" content=\"summary_large_image\" \/>\n<meta name=\"twitter:creator\" content=\"@elregionalvm1\" \/>\n<meta name=\"twitter:site\" content=\"@elregionalvm1\" \/>\n<meta name=\"twitter:label1\" content=\"Escrito por\" \/>\n\t<meta name=\"twitter:data1\" content=\"Contenidos El Regional\" \/>\n\t<meta name=\"twitter:label2\" content=\"Tiempo de lectura\" \/>\n\t<meta name=\"twitter:data2\" content=\"2 minutos\" \/>\n<script type=\"application\/ld+json\" class=\"yoast-schema-graph\">{\"@context\":\"https:\/\/schema.org\",\"@graph\":[{\"@type\":\"Article\",\"@id\":\"http:\/\/elregionalvm.com.ar\/noticias-villa-maria\/vecinos-de-barrio-golf-elevaron-reclamos-por-los-continuos-cortes-de-epec\/#article\",\"isPartOf\":{\"@id\":\"http:\/\/elregionalvm.com.ar\/noticias-villa-maria\/vecinos-de-barrio-golf-elevaron-reclamos-por-los-continuos-cortes-de-epec\/\"},\"author\":{\"name\":\"Contenidos El Regional\",\"@id\":\"http:\/\/elregionalvm.com.ar\/noticias-villa-maria\/#\/schema\/person\/a0fb9c422317faca23d50163151bc354\"},\"headline\":\"Vecinos de Barrio Golf elevaron reclamos por los continuos cortes de Epec\",\"datePublished\":\"2021-11-10T20:14:33+00:00\",\"dateModified\":\"2021-11-10T20:15:21+00:00\",\"mainEntityOfPage\":{\"@id\":\"http:\/\/elregionalvm.com.ar\/noticias-villa-maria\/vecinos-de-barrio-golf-elevaron-reclamos-por-los-continuos-cortes-de-epec\/\"},\"wordCount\":275,\"commentCount\":0,\"image\":{\"@id\":\"http:\/\/elregionalvm.com.ar\/noticias-villa-maria\/vecinos-de-barrio-golf-elevaron-reclamos-por-los-continuos-cortes-de-epec\/#primaryimage\"},\"thumbnailUrl\":\"https:\/\/i0.wp.com\/elregionalvm.com.ar\/noticias-villa-maria\/wp-content\/uploads\/2020\/07\/Epec-cami%C3%B3n-ilustrativa.jpg?fit=1920%2C1054&ssl=1\",\"keywords\":[\"Alicia Peressutti\",\"Auditor\u00eda General\",\"Barrio Golf\",\"destacado\",\"Direcci\u00f3n de Atenci\u00f3n al Vecino\",\"Energ\u00eda el\u00e9ctrica\",\"EPEC\",\"Reclamo\"],\"articleSection\":[\"Villa Nueva\"],\"inLanguage\":\"es\",\"potentialAction\":[{\"@type\":\"CommentAction\",\"name\":\"Comment\",\"target\":[\"http:\/\/elregionalvm.com.ar\/noticias-villa-maria\/vecinos-de-barrio-golf-elevaron-reclamos-por-los-continuos-cortes-de-epec\/#respond\"]}]},{\"@type\":\"WebPage\",\"@id\":\"http:\/\/elregionalvm.com.ar\/noticias-villa-maria\/vecinos-de-barrio-golf-elevaron-reclamos-por-los-continuos-cortes-de-epec\/\",\"url\":\"http:\/\/elregionalvm.com.ar\/noticias-villa-maria\/vecinos-de-barrio-golf-elevaron-reclamos-por-los-continuos-cortes-de-epec\/\",\"name\":\"Vecinos de Barrio Golf elevaron reclamos por los continuos cortes de Epec - El Regional\",\"isPartOf\":{\"@id\":\"http:\/\/elregionalvm.com.ar\/noticias-villa-maria\/#website\"},\"primaryImageOfPage\":{\"@id\":\"http:\/\/elregionalvm.com.ar\/noticias-villa-maria\/vecinos-de-barrio-golf-elevaron-reclamos-por-los-continuos-cortes-de-epec\/#primaryimage\"},\"image\":{\"@id\":\"http:\/\/elregionalvm.com.ar\/noticias-villa-maria\/vecinos-de-barrio-golf-elevaron-reclamos-por-los-continuos-cortes-de-epec\/#primaryimage\"},\"thumbnailUrl\":\"https:\/\/i0.wp.com\/elregionalvm.com.ar\/noticias-villa-maria\/wp-content\/uploads\/2020\/07\/Epec-cami%C3%B3n-ilustrativa.jpg?fit=1920%2C1054&ssl=1\",\"datePublished\":\"2021-11-10T20:14:33+00:00\",\"dateModified\":\"2021-11-10T20:15:21+00:00\",\"author\":{\"@id\":\"http:\/\/elregionalvm.com.ar\/noticias-villa-maria\/#\/schema\/person\/a0fb9c422317faca23d50163151bc354\"},\"description\":\"Vecinos de barrio Golf en Villa Nueva reclaman soluciones para los continuos cortes en el servicio de energ\u00eda el\u00e9ctrica que padecen.\",\"breadcrumb\":{\"@id\":\"http:\/\/elregionalvm.com.ar\/noticias-villa-maria\/vecinos-de-barrio-golf-elevaron-reclamos-por-los-continuos-cortes-de-epec\/#breadcrumb\"},\"inLanguage\":\"es\",\"potentialAction\":[{\"@type\":\"ReadAction\",\"target\":[\"http:\/\/elregionalvm.com.ar\/noticias-villa-maria\/vecinos-de-barrio-golf-elevaron-reclamos-por-los-continuos-cortes-de-epec\/\"]}]},{\"@type\":\"ImageObject\",\"inLanguage\":\"es\",\"@id\":\"http:\/\/elregionalvm.com.ar\/noticias-villa-maria\/vecinos-de-barrio-golf-elevaron-reclamos-por-los-continuos-cortes-de-epec\/#primaryimage\",\"url\":\"https:\/\/i0.wp.com\/elregionalvm.com.ar\/noticias-villa-maria\/wp-content\/uploads\/2020\/07\/Epec-cami%C3%B3n-ilustrativa.jpg?fit=1920%2C1054&ssl=1\",\"contentUrl\":\"https:\/\/i0.wp.com\/elregionalvm.com.ar\/noticias-villa-maria\/wp-content\/uploads\/2020\/07\/Epec-cami%C3%B3n-ilustrativa.jpg?fit=1920%2C1054&ssl=1\",\"width\":1920,\"height\":1054},{\"@type\":\"BreadcrumbList\",\"@id\":\"http:\/\/elregionalvm.com.ar\/noticias-villa-maria\/vecinos-de-barrio-golf-elevaron-reclamos-por-los-continuos-cortes-de-epec\/#breadcrumb\",\"itemListElement\":[{\"@type\":\"ListItem\",\"position\":1,\"name\":\"Portada\",\"item\":\"https:\/\/elregionalvm.com.ar\/noticias-villa-maria\/\"},{\"@type\":\"ListItem\",\"position\":2,\"name\":\"Vecinos de Barrio Golf elevaron reclamos por los continuos cortes de Epec\"}]},{\"@type\":\"WebSite\",\"@id\":\"http:\/\/elregionalvm.com.ar\/noticias-villa-maria\/#website\",\"url\":\"http:\/\/elregionalvm.com.ar\/noticias-villa-maria\/\",\"name\":\"El Regional\",\"description\":\"Mucho m\u00e1s que informaci\u00f3n\",\"potentialAction\":[{\"@type\":\"SearchAction\",\"target\":{\"@type\":\"EntryPoint\",\"urlTemplate\":\"http:\/\/elregionalvm.com.ar\/noticias-villa-maria\/?s={search_term_string}\"},\"query-input\":{\"@type\":\"PropertyValueSpecification\",\"valueRequired\":true,\"valueName\":\"search_term_string\"}}],\"inLanguage\":\"es\"},{\"@type\":\"Person\",\"@id\":\"http:\/\/elregionalvm.com.ar\/noticias-villa-maria\/#\/schema\/person\/a0fb9c422317faca23d50163151bc354\",\"name\":\"Contenidos El Regional\",\"image\":{\"@type\":\"ImageObject\",\"inLanguage\":\"es\",\"@id\":\"http:\/\/elregionalvm.com.ar\/noticias-villa-maria\/#\/schema\/person\/image\/\",\"url\":\"https:\/\/secure.gravatar.com\/avatar\/265b27cb2209af7bb3a1318f03305787d7981a5cc6e6cd08fe5a4ecdf99d4b48?s=96&d=mm&r=g\",\"contentUrl\":\"https:\/\/secure.gravatar.com\/avatar\/265b27cb2209af7bb3a1318f03305787d7981a5cc6e6cd08fe5a4ecdf99d4b48?s=96&d=mm&r=g\",\"caption\":\"Contenidos El Regional\"},\"url\":\"https:\/\/elregionalvm.com.ar\/noticias-villa-maria\/author\/contenido\/\"}]}<\/script>\n<!-- \/ Yoast SEO plugin. -->","yoast_head_json":{"title":"Vecinos de Barrio Golf elevaron reclamos por los continuos cortes de Epec - El Regional","description":"Vecinos de barrio Golf en Villa Nueva reclaman soluciones para los continuos cortes en el servicio de energ\u00eda el\u00e9ctrica que padecen.","robots":{"index":"index","follow":"follow","max-snippet":"max-snippet:-1","max-image-preview":"max-image-preview:large","max-video-preview":"max-video-preview:-1"},"canonical":"http:\/\/elregionalvm.com.ar\/noticias-villa-maria\/vecinos-de-barrio-golf-elevaron-reclamos-por-los-continuos-cortes-de-epec\/","og_locale":"es_ES","og_type":"article","og_title":"Vecinos de Barrio Golf elevaron reclamos por los continuos cortes de Epec - El Regional","og_description":"Vecinos de barrio Golf en Villa Nueva reclaman soluciones para los continuos cortes en el servicio de energ\u00eda el\u00e9ctrica que padecen.","og_url":"http:\/\/elregionalvm.com.ar\/noticias-villa-maria\/vecinos-de-barrio-golf-elevaron-reclamos-por-los-continuos-cortes-de-epec\/","og_site_name":"El Regional","article_publisher":"https:\/\/www.facebook.com\/elregionalvm","article_published_time":"2021-11-10T20:14:33+00:00","article_modified_time":"2021-11-10T20:15:21+00:00","og_image":[{"width":1920,"height":1054,"url":"http:\/\/elregionalvm.com.ar\/noticias-villa-maria\/wp-content\/uploads\/2020\/07\/Epec-cami\u00f3n-ilustrativa.jpg","type":"image\/jpeg"}],"author":"Contenidos El Regional","twitter_card":"summary_large_image","twitter_creator":"@elregionalvm1","twitter_site":"@elregionalvm1","twitter_misc":{"Escrito por":"Contenidos El Regional","Tiempo de lectura":"2 minutos"},"schema":{"@context":"https:\/\/schema.org","@graph":[{"@type":"Article","@id":"http:\/\/elregionalvm.com.ar\/noticias-villa-maria\/vecinos-de-barrio-golf-elevaron-reclamos-por-los-continuos-cortes-de-epec\/#article","isPartOf":{"@id":"http:\/\/elregionalvm.com.ar\/noticias-villa-maria\/vecinos-de-barrio-golf-elevaron-reclamos-por-los-continuos-cortes-de-epec\/"},"author":{"name":"Contenidos El Regional","@id":"http:\/\/elregionalvm.com.ar\/noticias-villa-maria\/#\/schema\/person\/a0fb9c422317faca23d50163151bc354"},"headline":"Vecinos de Barrio Golf elevaron reclamos por los continuos cortes de Epec","datePublished":"2021-11-10T20:14:33+00:00","dateModified":"2021-11-10T20:15:21+00:00","mainEntityOfPage":{"@id":"http:\/\/elregionalvm.com.ar\/noticias-villa-maria\/vecinos-de-barrio-golf-elevaron-reclamos-por-los-continuos-cortes-de-epec\/"},"wordCount":275,"commentCount":0,"image":{"@id":"http:\/\/elregionalvm.com.ar\/noticias-villa-maria\/vecinos-de-barrio-golf-elevaron-reclamos-por-los-continuos-cortes-de-epec\/#primaryimage"},"thumbnailUrl":"https:\/\/i0.wp.com\/elregionalvm.com.ar\/noticias-villa-maria\/wp-content\/uploads\/2020\/07\/Epec-cami%C3%B3n-ilustrativa.jpg?fit=1920%2C1054&ssl=1","keywords":["Alicia Peressutti","Auditor\u00eda General","Barrio Golf","destacado","Direcci\u00f3n de Atenci\u00f3n al Vecino","Energ\u00eda el\u00e9ctrica","EPEC","Reclamo"],"articleSection":["Villa Nueva"],"inLanguage":"es","potentialAction":[{"@type":"CommentAction","name":"Comment","target":["http:\/\/elregionalvm.com.ar\/noticias-villa-maria\/vecinos-de-barrio-golf-elevaron-reclamos-por-los-continuos-cortes-de-epec\/#respond"]}]},{"@type":"WebPage","@id":"http:\/\/elregionalvm.com.ar\/noticias-villa-maria\/vecinos-de-barrio-golf-elevaron-reclamos-por-los-continuos-cortes-de-epec\/","url":"http:\/\/elregionalvm.com.ar\/noticias-villa-maria\/vecinos-de-barrio-golf-elevaron-reclamos-por-los-continuos-cortes-de-epec\/","name":"Vecinos de Barrio Golf elevaron reclamos por los continuos cortes de Epec - El Regional","isPartOf":{"@id":"http:\/\/elregionalvm.com.ar\/noticias-villa-maria\/#website"},"primaryImageOfPage":{"@id":"http:\/\/elregionalvm.com.ar\/noticias-villa-maria\/vecinos-de-barrio-golf-elevaron-reclamos-por-los-continuos-cortes-de-epec\/#primaryimage"},"image":{"@id":"http:\/\/elregionalvm.com.ar\/noticias-villa-maria\/vecinos-de-barrio-golf-elevaron-reclamos-por-los-continuos-cortes-de-epec\/#primaryimage"},"thumbnailUrl":"https:\/\/i0.wp.com\/elregionalvm.com.ar\/noticias-villa-maria\/wp-content\/uploads\/2020\/07\/Epec-cami%C3%B3n-ilustrativa.jpg?fit=1920%2C1054&ssl=1","datePublished":"2021-11-10T20:14:33+00:00","dateModified":"2021-11-10T20:15:21+00:00","author":{"@id":"http:\/\/elregionalvm.com.ar\/noticias-villa-maria\/#\/schema\/person\/a0fb9c422317faca23d50163151bc354"},"description":"Vecinos de barrio Golf en Villa Nueva reclaman soluciones para los continuos cortes en el servicio de energ\u00eda el\u00e9ctrica que padecen.","breadcrumb":{"@id":"http:\/\/elregionalvm.com.ar\/noticias-villa-maria\/vecinos-de-barrio-golf-elevaron-reclamos-por-los-continuos-cortes-de-epec\/#breadcrumb"},"inLanguage":"es","potentialAction":[{"@type":"ReadAction","target":["http:\/\/elregionalvm.com.ar\/noticias-villa-maria\/vecinos-de-barrio-golf-elevaron-reclamos-por-los-continuos-cortes-de-epec\/"]}]},{"@type":"ImageObject","inLanguage":"es","@id":"http:\/\/elregionalvm.com.ar\/noticias-villa-maria\/vecinos-de-barrio-golf-elevaron-reclamos-por-los-continuos-cortes-de-epec\/#primaryimage","url":"https:\/\/i0.wp.com\/elregionalvm.com.ar\/noticias-villa-maria\/wp-content\/uploads\/2020\/07\/Epec-cami%C3%B3n-ilustrativa.jpg?fit=1920%2C1054&ssl=1","contentUrl":"https:\/\/i0.wp.com\/elregionalvm.com.ar\/noticias-villa-maria\/wp-content\/uploads\/2020\/07\/Epec-cami%C3%B3n-ilustrativa.jpg?fit=1920%2C1054&ssl=1","width":1920,"height":1054},{"@type":"BreadcrumbList","@id":"http:\/\/elregionalvm.com.ar\/noticias-villa-maria\/vecinos-de-barrio-golf-elevaron-reclamos-por-los-continuos-cortes-de-epec\/#breadcrumb","itemListElement":[{"@type":"ListItem","position":1,"name":"Portada","item":"https:\/\/elregionalvm.com.ar\/noticias-villa-maria\/"},{"@type":"ListItem","position":2,"name":"Vecinos de Barrio Golf elevaron reclamos por los continuos cortes de Epec"}]},{"@type":"WebSite","@id":"http:\/\/elregionalvm.com.ar\/noticias-villa-maria\/#website","url":"http:\/\/elregionalvm.com.ar\/noticias-villa-maria\/","name":"El Regional","description":"Mucho m\u00e1s que informaci\u00f3n","potentialAction":[{"@type":"SearchAction","target":{"@type":"EntryPoint","urlTemplate":"http:\/\/elregionalvm.com.ar\/noticias-villa-maria\/?s={search_term_string}"},"query-input":{"@type":"PropertyValueSpecification","valueRequired":true,"valueName":"search_term_string"}}],"inLanguage":"es"},{"@type":"Person","@id":"http:\/\/elregionalvm.com.ar\/noticias-villa-maria\/#\/schema\/person\/a0fb9c422317faca23d50163151bc354","name":"Contenidos El Regional","image":{"@type":"ImageObject","inLanguage":"es","@id":"http:\/\/elregionalvm.com.ar\/noticias-villa-maria\/#\/schema\/person\/image\/","url":"https:\/\/secure.gravatar.com\/avatar\/265b27cb2209af7bb3a1318f03305787d7981a5cc6e6cd08fe5a4ecdf99d4b48?s=96&d=mm&r=g","contentUrl":"https:\/\/secure.gravatar.com\/avatar\/265b27cb2209af7bb3a1318f03305787d7981a5cc6e6cd08fe5a4ecdf99d4b48?s=96&d=mm&r=g","caption":"Contenidos El Regional"},"url":"https:\/\/elregionalvm.com.ar\/noticias-villa-maria\/author\/contenido\/"}]}},"jetpack_featured_media_url":"https:\/\/i0.wp.com\/elregionalvm.com.ar\/noticias-villa-maria\/wp-content\/uploads\/2020\/07\/Epec-cami%C3%B3n-ilustrativa.jpg?fit=1920%2C1054&ssl=1","jetpack_sharing_enabled":true,"_links":{"self":[{"href":"https:\/\/elregionalvm.com.ar\/noticias-villa-maria\/wp-json\/wp\/v2\/posts\/47963","targetHints":{"allow":["GET"]}}],"collection":[{"href":"https:\/\/elregionalvm.com.ar\/noticias-villa-maria\/wp-json\/wp\/v2\/posts"}],"about":[{"href":"https:\/\/elregionalvm.com.ar\/noticias-villa-maria\/wp-json\/wp\/v2\/types\/post"}],"author":[{"embeddable":true,"href":"https:\/\/elregionalvm.com.ar\/noticias-villa-maria\/wp-json\/wp\/v2\/users\/4"}],"replies":[{"embeddable":true,"href":"https:\/\/elregionalvm.com.ar\/noticias-villa-maria\/wp-json\/wp\/v2\/comments?post=47963"}],"version-history":[{"count":1,"href":"https:\/\/elregionalvm.com.ar\/noticias-villa-maria\/wp-json\/wp\/v2\/posts\/47963\/revisions"}],"predecessor-version":[{"id":47964,"href":"https:\/\/elregionalvm.com.ar\/noticias-villa-maria\/wp-json\/wp\/v2\/posts\/47963\/revisions\/47964"}],"wp:featuredmedia":[{"embeddable":true,"href":"https:\/\/elregionalvm.com.ar\/noticias-villa-maria\/wp-json\/wp\/v2\/media\/20998"}],"wp:attachment":[{"href":"https:\/\/elregionalvm.com.ar\/noticias-villa-maria\/wp-json\/wp\/v2\/media?parent=47963"}],"wp:term":[{"taxonomy":"category","embeddable":true,"href":"https:\/\/elregionalvm.com.ar\/noticias-villa-maria\/wp-json\/wp\/v2\/categories?post=47963"},{"taxonomy":"post_tag","embeddable":true,"href":"https:\/\/elregionalvm.com.ar\/noticias-villa-maria\/wp-json\/wp\/v2\/tags?post=47963"}],"curies":[{"name":"wp","href":"https:\/\/api.w.org\/{rel}","templated":true}]}}