{"id":47967,"date":"2021-11-10T22:26:07","date_gmt":"2021-11-10T22:26:07","guid":{"rendered":"https:\/\/elregionalvm.com.ar\/noticias-villa-maria\/?p=47967"},"modified":"2021-11-10T22:26:09","modified_gmt":"2021-11-10T22:26:09","slug":"un-banco-rojo-contra-la-violencia-y-para-recordar-a-claudia","status":"publish","type":"post","link":"https:\/\/elregionalvm.com.ar\/noticias-villa-maria\/un-banco-rojo-contra-la-violencia-y-para-recordar-a-claudia\/","title":{"rendered":"Un banco rojo contra la violencia y para recordar a \u00abClaudia\u00bb"},"content":{"rendered":"\n<p>Este mes, y en especial cada 25 de noviembre, cobra fuerza a trav\u00e9s de diversas manifestaciones, reclamos y actividades la lucha contra  la violencia de g\u00e9nero en todas sus formas, y la ciudad de Villa Mar\u00eda se plegar\u00e1 a la premisa.<\/p>\n\n\n\n<p><strong>Proyecto Banco Rojo<\/strong><\/p>\n\n\n\n<p>Una modalidad que se visibiliz\u00f3 desde hace unos a\u00f1os a esta parte es la del \u00abProyecto Banco Rojo\u00bb como homenaje puntual a las v\u00edctimas de la violencia de g\u00e9nero y los femicidios en particular. El proyecto \u201cBanco Rojo\u201d naci\u00f3 en Italia en 2016 a partir de una iniciativa de la activista Tina Magenta, como una manera de sensibilizar sobre los femicidios y la violencia de g\u00e9nero.<\/p>\n\n\n\n<p>El color hace alusi\u00f3n a una movilizaci\u00f3n que realizaron las madres de j\u00f3venes desaparecidas en Ciudad Ju\u00e1rez, M\u00e9xico, en el a\u00f1o 2012, quienes utilizaron 300 zapatos rojos para representar los femicidios cometidos en los \u00faltimos 20 a\u00f1os en esta ciudad.<\/p>\n\n\n\n<p>As\u00ed naci\u00f3 una campa\u00f1a mundial que lleg\u00f3 a Argentina en el a\u00f1o 2017, a trav\u00e9s de Elisa Mottini, Licenciada en Trabajo Social y Especialista en Violencia Familiar, y consiste en la colocaci\u00f3n de un banco rojo en espacios p\u00fablicos o en lugares de alta circulaci\u00f3n de personas y que invite a reflexionar. Desde entonces, la iniciativa se ha ido extendiendo a varios municipios y ciudades, y en la actualidad, existen cientos y cientos de bancos rojos inaugurados en todo el pa\u00eds en cuya superficie se puede leer <strong><em>\u201cEn memoria de todas las mujeres asesinadas por quienes dec\u00edan amarlas\u201d.<\/em><\/strong><\/p>\n\n\n\n<div class=\"wp-block-image\"><figure class=\"aligncenter size-full\"><img data-recalc-dims=\"1\" fetchpriority=\"high\" decoding=\"async\" width=\"509\" height=\"543\" src=\"https:\/\/i0.wp.com\/elregionalvm.com.ar\/noticias-villa-maria\/wp-content\/uploads\/2021\/11\/claudia-banco-rojo.png?resize=509%2C543&#038;ssl=1\" alt=\"\" class=\"wp-image-47968\" srcset=\"https:\/\/i0.wp.com\/elregionalvm.com.ar\/noticias-villa-maria\/wp-content\/uploads\/2021\/11\/claudia-banco-rojo.png?w=509&amp;ssl=1 509w, https:\/\/i0.wp.com\/elregionalvm.com.ar\/noticias-villa-maria\/wp-content\/uploads\/2021\/11\/claudia-banco-rojo.png?resize=281%2C300&amp;ssl=1 281w\" sizes=\"(max-width: 509px) 100vw, 509px\" \/><\/figure><\/div>\n\n\n\n<p><strong>Un banco rojo por Claudia&#8230;<\/strong><\/p>\n\n\n\n<p>Esta vez la iniciativa, volver\u00e1 a replicarse en Villa Mar\u00eda y se har\u00e1 en memoria de Claudia Rodr\u00edguez, v\u00edctima de uno de los femicidios m\u00e1s resonantes de la ciudad.  El banco rojo, se colocar\u00e1 en la esquina de Sobral y Mendoza, y el acto conmemorativo ser\u00e1 el s\u00e1bado 13, a la hora 17.00, a la vera de la ciclov\u00eda que pasa por el lugar.<\/p>\n\n\n\n<p>El fat\u00eddico 29 de septiembre de 2011, minutos antes del mediod\u00eda, y ante el estupor de varias personas, Claudia Rodr\u00edguez fue asesinada por su ex pareja a mazazos, en plena v\u00eda p\u00fablica, a metros de la municipalidad y frente a una instituci\u00f3n educativa a la que asist\u00edan los hijos de la pareja, que estaba separada algunos meses atr\u00e1s .<\/p>\n\n\n\n<p>Casi dos a\u00f1os despu\u00e9s, en septiembre de 2013, Cristian Moschitari fue condenado por el brutal crimen a una condena de prisi\u00f3n perpetua, por homicidio calificado por alevos\u00eda en un proceso que incluy\u00f3 la participaci\u00f3n de jurados populares. Por entonces, el fiscal de C\u00e1mara, Francisco M\u00e1rquez, dijo estar conforme. \u201cSe hizo justicia\u201d, aunque remarc\u00f3 que se iba triste \u201cporque Claudia est\u00e1 condenada perpetuamente, no volver\u00e1\u201d. Adem\u00e1s, el letrado sostuvo que \u201clo m\u00e1s importante es que los padres eduquemos a los hijos para que la vida no sea avasallada por nadie\u201d.<\/p>\n\n\n\n<p>Un banco rojo, con una \u00fanica finalidad, que Claudia jam\u00e1s sea olvidada&#8230;<\/p>\n","protected":false},"excerpt":{"rendered":"<p>Este mes, y en especial cada 25 de noviembre, cobra fuerza a trav\u00e9s de diversas manifestaciones, reclamos y actividades la lucha contra la violencia de g\u00e9nero en todas sus formas, y la ciudad de Villa Mar\u00eda se plegar\u00e1 a la premisa. Proyecto Banco Rojo Una modalidad que se visibiliz\u00f3 desde hace unos a\u00f1os a esta [&hellip;]<\/p>\n","protected":false},"author":4,"featured_media":47969,"comment_status":"open","ping_status":"open","sticky":false,"template":"","format":"standard","meta":{"site-sidebar-layout":"default","site-content-layout":"default","ast-site-content-layout":"default","site-content-style":"default","site-sidebar-style":"default","ast-global-header-display":"","ast-banner-title-visibility":"","ast-main-header-display":"","ast-hfb-above-header-display":"","ast-hfb-below-header-display":"","ast-hfb-mobile-header-display":"","site-post-title":"","ast-breadcrumbs-content":"","ast-featured-img":"","footer-sml-layout":"","ast-disable-related-posts":"","theme-transparent-header-meta":"default","adv-header-id-meta":"","stick-header-meta":"","header-above-stick-meta":"","header-main-stick-meta":"","header-below-stick-meta":"","astra-migrate-meta-layouts":"default","ast-page-background-enabled":"default","ast-page-background-meta":{"desktop":{"background-color":"","background-image":"","background-repeat":"repeat","background-position":"center center","background-size":"auto","background-attachment":"scroll","background-type":"","background-media":"","overlay-type":"","overlay-color":"","overlay-opacity":"","overlay-gradient":""},"tablet":{"background-color":"","background-image":"","background-repeat":"repeat","background-position":"center center","background-size":"auto","background-attachment":"scroll","background-type":"","background-media":"","overlay-type":"","overlay-color":"","overlay-opacity":"","overlay-gradient":""},"mobile":{"background-color":"","background-image":"","background-repeat":"repeat","background-position":"center center","background-size":"auto","background-attachment":"scroll","background-type":"","background-media":"","overlay-type":"","overlay-color":"","overlay-opacity":"","overlay-gradient":""}},"ast-content-background-meta":{"desktop":{"background-color":"var(--ast-global-color-5)","background-image":"","background-repeat":"repeat","background-position":"center center","background-size":"auto","background-attachment":"scroll","background-type":"","background-media":"","overlay-type":"","overlay-color":"","overlay-opacity":"","overlay-gradient":""},"tablet":{"background-color":"var(--ast-global-color-5)","background-image":"","background-repeat":"repeat","background-position":"center center","background-size":"auto","background-attachment":"scroll","background-type":"","background-media":"","overlay-type":"","overlay-color":"","overlay-opacity":"","overlay-gradient":""},"mobile":{"background-color":"var(--ast-global-color-5)","background-image":"","background-repeat":"repeat","background-position":"center center","background-size":"auto","background-attachment":"scroll","background-type":"","background-media":"","overlay-type":"","overlay-color":"","overlay-opacity":"","overlay-gradient":""}},"_jetpack_memberships_contains_paid_content":false,"_joinchat":[],"footnotes":""},"categories":[5],"tags":[12136,11403,10999,1232,12137,12138,2248],"class_list":["post-47967","post","type-post","status-publish","format-standard","has-post-thumbnail","hentry","category-sociedad","tag-10-anos-del-asesinato","tag-banco-rojo-2","tag-claudia-rodriguez","tag-destacado","tag-mendoza-y-sobral","tag-sabado-13-de-noviembre","tag-villa-maria-2"],"yoast_head":"<!-- This site is optimized with the Yoast SEO plugin v26.8 - https:\/\/yoast.com\/product\/yoast-seo-wordpress\/ -->\n<title>Un banco rojo contra la violencia y para recordar a &quot;Claudia&quot; - El Regional<\/title>\n<meta name=\"robots\" content=\"index, follow, max-snippet:-1, max-image-preview:large, max-video-preview:-1\" \/>\n<link rel=\"canonical\" href=\"http:\/\/elregionalvm.com.ar\/noticias-villa-maria\/un-banco-rojo-contra-la-violencia-y-para-recordar-a-claudia\/\" \/>\n<meta property=\"og:locale\" content=\"es_ES\" \/>\n<meta property=\"og:type\" content=\"article\" \/>\n<meta property=\"og:title\" content=\"Un banco rojo contra la violencia y para recordar a &quot;Claudia&quot; - El Regional\" \/>\n<meta property=\"og:description\" content=\"Este mes, y en especial cada 25 de noviembre, cobra fuerza a trav\u00e9s de diversas manifestaciones, reclamos y actividades la lucha contra la violencia de g\u00e9nero en todas sus formas, y la ciudad de Villa Mar\u00eda se plegar\u00e1 a la premisa. Proyecto Banco Rojo Una modalidad que se visibiliz\u00f3 desde hace unos a\u00f1os a esta [&hellip;]\" \/>\n<meta property=\"og:url\" content=\"http:\/\/elregionalvm.com.ar\/noticias-villa-maria\/un-banco-rojo-contra-la-violencia-y-para-recordar-a-claudia\/\" \/>\n<meta property=\"og:site_name\" content=\"El Regional\" \/>\n<meta property=\"article:publisher\" content=\"https:\/\/www.facebook.com\/elregionalvm\" \/>\n<meta property=\"article:published_time\" content=\"2021-11-10T22:26:07+00:00\" \/>\n<meta property=\"article:modified_time\" content=\"2021-11-10T22:26:09+00:00\" \/>\n<meta property=\"og:image\" content=\"http:\/\/elregionalvm.com.ar\/noticias-villa-maria\/wp-content\/uploads\/2021\/11\/banco-rojo-2.jpg\" \/>\n\t<meta property=\"og:image:width\" content=\"800\" \/>\n\t<meta property=\"og:image:height\" content=\"389\" \/>\n\t<meta property=\"og:image:type\" content=\"image\/jpeg\" \/>\n<meta name=\"author\" content=\"Contenidos El Regional\" \/>\n<meta name=\"twitter:card\" content=\"summary_large_image\" \/>\n<meta name=\"twitter:creator\" content=\"@elregionalvm1\" \/>\n<meta name=\"twitter:site\" content=\"@elregionalvm1\" \/>\n<meta name=\"twitter:label1\" content=\"Escrito por\" \/>\n\t<meta name=\"twitter:data1\" content=\"Contenidos El Regional\" \/>\n\t<meta name=\"twitter:label2\" content=\"Tiempo de lectura\" \/>\n\t<meta name=\"twitter:data2\" content=\"3 minutos\" \/>\n<script type=\"application\/ld+json\" class=\"yoast-schema-graph\">{\"@context\":\"https:\/\/schema.org\",\"@graph\":[{\"@type\":\"Article\",\"@id\":\"http:\/\/elregionalvm.com.ar\/noticias-villa-maria\/un-banco-rojo-contra-la-violencia-y-para-recordar-a-claudia\/#article\",\"isPartOf\":{\"@id\":\"http:\/\/elregionalvm.com.ar\/noticias-villa-maria\/un-banco-rojo-contra-la-violencia-y-para-recordar-a-claudia\/\"},\"author\":{\"name\":\"Contenidos El Regional\",\"@id\":\"http:\/\/elregionalvm.com.ar\/noticias-villa-maria\/#\/schema\/person\/a0fb9c422317faca23d50163151bc354\"},\"headline\":\"Un banco rojo contra la violencia y para recordar a \u00abClaudia\u00bb\",\"datePublished\":\"2021-11-10T22:26:07+00:00\",\"dateModified\":\"2021-11-10T22:26:09+00:00\",\"mainEntityOfPage\":{\"@id\":\"http:\/\/elregionalvm.com.ar\/noticias-villa-maria\/un-banco-rojo-contra-la-violencia-y-para-recordar-a-claudia\/\"},\"wordCount\":522,\"commentCount\":0,\"image\":{\"@id\":\"http:\/\/elregionalvm.com.ar\/noticias-villa-maria\/un-banco-rojo-contra-la-violencia-y-para-recordar-a-claudia\/#primaryimage\"},\"thumbnailUrl\":\"https:\/\/i0.wp.com\/elregionalvm.com.ar\/noticias-villa-maria\/wp-content\/uploads\/2021\/11\/banco-rojo-2.jpg?fit=800%2C389&ssl=1\",\"keywords\":[\"10 a\u00f1os del asesinato\",\"Banco Rojo\",\"Claudia Rodr\u00edguez\",\"destacado\",\"Mendoza y Sobral\",\"s\u00e1bado 13 de noviembre\",\"Villa Mar\u00eda\"],\"articleSection\":[\"Sociedad\"],\"inLanguage\":\"es\",\"potentialAction\":[{\"@type\":\"CommentAction\",\"name\":\"Comment\",\"target\":[\"http:\/\/elregionalvm.com.ar\/noticias-villa-maria\/un-banco-rojo-contra-la-violencia-y-para-recordar-a-claudia\/#respond\"]}]},{\"@type\":\"WebPage\",\"@id\":\"http:\/\/elregionalvm.com.ar\/noticias-villa-maria\/un-banco-rojo-contra-la-violencia-y-para-recordar-a-claudia\/\",\"url\":\"http:\/\/elregionalvm.com.ar\/noticias-villa-maria\/un-banco-rojo-contra-la-violencia-y-para-recordar-a-claudia\/\",\"name\":\"Un banco rojo contra la violencia y para recordar a \\\"Claudia\\\" - El Regional\",\"isPartOf\":{\"@id\":\"http:\/\/elregionalvm.com.ar\/noticias-villa-maria\/#website\"},\"primaryImageOfPage\":{\"@id\":\"http:\/\/elregionalvm.com.ar\/noticias-villa-maria\/un-banco-rojo-contra-la-violencia-y-para-recordar-a-claudia\/#primaryimage\"},\"image\":{\"@id\":\"http:\/\/elregionalvm.com.ar\/noticias-villa-maria\/un-banco-rojo-contra-la-violencia-y-para-recordar-a-claudia\/#primaryimage\"},\"thumbnailUrl\":\"https:\/\/i0.wp.com\/elregionalvm.com.ar\/noticias-villa-maria\/wp-content\/uploads\/2021\/11\/banco-rojo-2.jpg?fit=800%2C389&ssl=1\",\"datePublished\":\"2021-11-10T22:26:07+00:00\",\"dateModified\":\"2021-11-10T22:26:09+00:00\",\"author\":{\"@id\":\"http:\/\/elregionalvm.com.ar\/noticias-villa-maria\/#\/schema\/person\/a0fb9c422317faca23d50163151bc354\"},\"breadcrumb\":{\"@id\":\"http:\/\/elregionalvm.com.ar\/noticias-villa-maria\/un-banco-rojo-contra-la-violencia-y-para-recordar-a-claudia\/#breadcrumb\"},\"inLanguage\":\"es\",\"potentialAction\":[{\"@type\":\"ReadAction\",\"target\":[\"http:\/\/elregionalvm.com.ar\/noticias-villa-maria\/un-banco-rojo-contra-la-violencia-y-para-recordar-a-claudia\/\"]}]},{\"@type\":\"ImageObject\",\"inLanguage\":\"es\",\"@id\":\"http:\/\/elregionalvm.com.ar\/noticias-villa-maria\/un-banco-rojo-contra-la-violencia-y-para-recordar-a-claudia\/#primaryimage\",\"url\":\"https:\/\/i0.wp.com\/elregionalvm.com.ar\/noticias-villa-maria\/wp-content\/uploads\/2021\/11\/banco-rojo-2.jpg?fit=800%2C389&ssl=1\",\"contentUrl\":\"https:\/\/i0.wp.com\/elregionalvm.com.ar\/noticias-villa-maria\/wp-content\/uploads\/2021\/11\/banco-rojo-2.jpg?fit=800%2C389&ssl=1\",\"width\":800,\"height\":389},{\"@type\":\"BreadcrumbList\",\"@id\":\"http:\/\/elregionalvm.com.ar\/noticias-villa-maria\/un-banco-rojo-contra-la-violencia-y-para-recordar-a-claudia\/#breadcrumb\",\"itemListElement\":[{\"@type\":\"ListItem\",\"position\":1,\"name\":\"Portada\",\"item\":\"https:\/\/elregionalvm.com.ar\/noticias-villa-maria\/\"},{\"@type\":\"ListItem\",\"position\":2,\"name\":\"Un banco rojo contra la violencia y para recordar a &#8220;Claudia&#8221;\"}]},{\"@type\":\"WebSite\",\"@id\":\"http:\/\/elregionalvm.com.ar\/noticias-villa-maria\/#website\",\"url\":\"http:\/\/elregionalvm.com.ar\/noticias-villa-maria\/\",\"name\":\"El Regional\",\"description\":\"Mucho m\u00e1s que informaci\u00f3n\",\"potentialAction\":[{\"@type\":\"SearchAction\",\"target\":{\"@type\":\"EntryPoint\",\"urlTemplate\":\"http:\/\/elregionalvm.com.ar\/noticias-villa-maria\/?s={search_term_string}\"},\"query-input\":{\"@type\":\"PropertyValueSpecification\",\"valueRequired\":true,\"valueName\":\"search_term_string\"}}],\"inLanguage\":\"es\"},{\"@type\":\"Person\",\"@id\":\"http:\/\/elregionalvm.com.ar\/noticias-villa-maria\/#\/schema\/person\/a0fb9c422317faca23d50163151bc354\",\"name\":\"Contenidos El Regional\",\"image\":{\"@type\":\"ImageObject\",\"inLanguage\":\"es\",\"@id\":\"http:\/\/elregionalvm.com.ar\/noticias-villa-maria\/#\/schema\/person\/image\/\",\"url\":\"https:\/\/secure.gravatar.com\/avatar\/265b27cb2209af7bb3a1318f03305787d7981a5cc6e6cd08fe5a4ecdf99d4b48?s=96&d=mm&r=g\",\"contentUrl\":\"https:\/\/secure.gravatar.com\/avatar\/265b27cb2209af7bb3a1318f03305787d7981a5cc6e6cd08fe5a4ecdf99d4b48?s=96&d=mm&r=g\",\"caption\":\"Contenidos El Regional\"},\"url\":\"https:\/\/elregionalvm.com.ar\/noticias-villa-maria\/author\/contenido\/\"}]}<\/script>\n<!-- \/ Yoast SEO plugin. -->","yoast_head_json":{"title":"Un banco rojo contra la violencia y para recordar a \"Claudia\" - El Regional","robots":{"index":"index","follow":"follow","max-snippet":"max-snippet:-1","max-image-preview":"max-image-preview:large","max-video-preview":"max-video-preview:-1"},"canonical":"http:\/\/elregionalvm.com.ar\/noticias-villa-maria\/un-banco-rojo-contra-la-violencia-y-para-recordar-a-claudia\/","og_locale":"es_ES","og_type":"article","og_title":"Un banco rojo contra la violencia y para recordar a \"Claudia\" - El Regional","og_description":"Este mes, y en especial cada 25 de noviembre, cobra fuerza a trav\u00e9s de diversas manifestaciones, reclamos y actividades la lucha contra la violencia de g\u00e9nero en todas sus formas, y la ciudad de Villa Mar\u00eda se plegar\u00e1 a la premisa. Proyecto Banco Rojo Una modalidad que se visibiliz\u00f3 desde hace unos a\u00f1os a esta [&hellip;]","og_url":"http:\/\/elregionalvm.com.ar\/noticias-villa-maria\/un-banco-rojo-contra-la-violencia-y-para-recordar-a-claudia\/","og_site_name":"El Regional","article_publisher":"https:\/\/www.facebook.com\/elregionalvm","article_published_time":"2021-11-10T22:26:07+00:00","article_modified_time":"2021-11-10T22:26:09+00:00","og_image":[{"width":800,"height":389,"url":"http:\/\/elregionalvm.com.ar\/noticias-villa-maria\/wp-content\/uploads\/2021\/11\/banco-rojo-2.jpg","type":"image\/jpeg"}],"author":"Contenidos El Regional","twitter_card":"summary_large_image","twitter_creator":"@elregionalvm1","twitter_site":"@elregionalvm1","twitter_misc":{"Escrito por":"Contenidos El Regional","Tiempo de lectura":"3 minutos"},"schema":{"@context":"https:\/\/schema.org","@graph":[{"@type":"Article","@id":"http:\/\/elregionalvm.com.ar\/noticias-villa-maria\/un-banco-rojo-contra-la-violencia-y-para-recordar-a-claudia\/#article","isPartOf":{"@id":"http:\/\/elregionalvm.com.ar\/noticias-villa-maria\/un-banco-rojo-contra-la-violencia-y-para-recordar-a-claudia\/"},"author":{"name":"Contenidos El Regional","@id":"http:\/\/elregionalvm.com.ar\/noticias-villa-maria\/#\/schema\/person\/a0fb9c422317faca23d50163151bc354"},"headline":"Un banco rojo contra la violencia y para recordar a \u00abClaudia\u00bb","datePublished":"2021-11-10T22:26:07+00:00","dateModified":"2021-11-10T22:26:09+00:00","mainEntityOfPage":{"@id":"http:\/\/elregionalvm.com.ar\/noticias-villa-maria\/un-banco-rojo-contra-la-violencia-y-para-recordar-a-claudia\/"},"wordCount":522,"commentCount":0,"image":{"@id":"http:\/\/elregionalvm.com.ar\/noticias-villa-maria\/un-banco-rojo-contra-la-violencia-y-para-recordar-a-claudia\/#primaryimage"},"thumbnailUrl":"https:\/\/i0.wp.com\/elregionalvm.com.ar\/noticias-villa-maria\/wp-content\/uploads\/2021\/11\/banco-rojo-2.jpg?fit=800%2C389&ssl=1","keywords":["10 a\u00f1os del asesinato","Banco Rojo","Claudia Rodr\u00edguez","destacado","Mendoza y Sobral","s\u00e1bado 13 de noviembre","Villa Mar\u00eda"],"articleSection":["Sociedad"],"inLanguage":"es","potentialAction":[{"@type":"CommentAction","name":"Comment","target":["http:\/\/elregionalvm.com.ar\/noticias-villa-maria\/un-banco-rojo-contra-la-violencia-y-para-recordar-a-claudia\/#respond"]}]},{"@type":"WebPage","@id":"http:\/\/elregionalvm.com.ar\/noticias-villa-maria\/un-banco-rojo-contra-la-violencia-y-para-recordar-a-claudia\/","url":"http:\/\/elregionalvm.com.ar\/noticias-villa-maria\/un-banco-rojo-contra-la-violencia-y-para-recordar-a-claudia\/","name":"Un banco rojo contra la violencia y para recordar a \"Claudia\" - El Regional","isPartOf":{"@id":"http:\/\/elregionalvm.com.ar\/noticias-villa-maria\/#website"},"primaryImageOfPage":{"@id":"http:\/\/elregionalvm.com.ar\/noticias-villa-maria\/un-banco-rojo-contra-la-violencia-y-para-recordar-a-claudia\/#primaryimage"},"image":{"@id":"http:\/\/elregionalvm.com.ar\/noticias-villa-maria\/un-banco-rojo-contra-la-violencia-y-para-recordar-a-claudia\/#primaryimage"},"thumbnailUrl":"https:\/\/i0.wp.com\/elregionalvm.com.ar\/noticias-villa-maria\/wp-content\/uploads\/2021\/11\/banco-rojo-2.jpg?fit=800%2C389&ssl=1","datePublished":"2021-11-10T22:26:07+00:00","dateModified":"2021-11-10T22:26:09+00:00","author":{"@id":"http:\/\/elregionalvm.com.ar\/noticias-villa-maria\/#\/schema\/person\/a0fb9c422317faca23d50163151bc354"},"breadcrumb":{"@id":"http:\/\/elregionalvm.com.ar\/noticias-villa-maria\/un-banco-rojo-contra-la-violencia-y-para-recordar-a-claudia\/#breadcrumb"},"inLanguage":"es","potentialAction":[{"@type":"ReadAction","target":["http:\/\/elregionalvm.com.ar\/noticias-villa-maria\/un-banco-rojo-contra-la-violencia-y-para-recordar-a-claudia\/"]}]},{"@type":"ImageObject","inLanguage":"es","@id":"http:\/\/elregionalvm.com.ar\/noticias-villa-maria\/un-banco-rojo-contra-la-violencia-y-para-recordar-a-claudia\/#primaryimage","url":"https:\/\/i0.wp.com\/elregionalvm.com.ar\/noticias-villa-maria\/wp-content\/uploads\/2021\/11\/banco-rojo-2.jpg?fit=800%2C389&ssl=1","contentUrl":"https:\/\/i0.wp.com\/elregionalvm.com.ar\/noticias-villa-maria\/wp-content\/uploads\/2021\/11\/banco-rojo-2.jpg?fit=800%2C389&ssl=1","width":800,"height":389},{"@type":"BreadcrumbList","@id":"http:\/\/elregionalvm.com.ar\/noticias-villa-maria\/un-banco-rojo-contra-la-violencia-y-para-recordar-a-claudia\/#breadcrumb","itemListElement":[{"@type":"ListItem","position":1,"name":"Portada","item":"https:\/\/elregionalvm.com.ar\/noticias-villa-maria\/"},{"@type":"ListItem","position":2,"name":"Un banco rojo contra la violencia y para recordar a &#8220;Claudia&#8221;"}]},{"@type":"WebSite","@id":"http:\/\/elregionalvm.com.ar\/noticias-villa-maria\/#website","url":"http:\/\/elregionalvm.com.ar\/noticias-villa-maria\/","name":"El Regional","description":"Mucho m\u00e1s que informaci\u00f3n","potentialAction":[{"@type":"SearchAction","target":{"@type":"EntryPoint","urlTemplate":"http:\/\/elregionalvm.com.ar\/noticias-villa-maria\/?s={search_term_string}"},"query-input":{"@type":"PropertyValueSpecification","valueRequired":true,"valueName":"search_term_string"}}],"inLanguage":"es"},{"@type":"Person","@id":"http:\/\/elregionalvm.com.ar\/noticias-villa-maria\/#\/schema\/person\/a0fb9c422317faca23d50163151bc354","name":"Contenidos El Regional","image":{"@type":"ImageObject","inLanguage":"es","@id":"http:\/\/elregionalvm.com.ar\/noticias-villa-maria\/#\/schema\/person\/image\/","url":"https:\/\/secure.gravatar.com\/avatar\/265b27cb2209af7bb3a1318f03305787d7981a5cc6e6cd08fe5a4ecdf99d4b48?s=96&d=mm&r=g","contentUrl":"https:\/\/secure.gravatar.com\/avatar\/265b27cb2209af7bb3a1318f03305787d7981a5cc6e6cd08fe5a4ecdf99d4b48?s=96&d=mm&r=g","caption":"Contenidos El Regional"},"url":"https:\/\/elregionalvm.com.ar\/noticias-villa-maria\/author\/contenido\/"}]}},"jetpack_featured_media_url":"https:\/\/i0.wp.com\/elregionalvm.com.ar\/noticias-villa-maria\/wp-content\/uploads\/2021\/11\/banco-rojo-2.jpg?fit=800%2C389&ssl=1","jetpack_sharing_enabled":true,"_links":{"self":[{"href":"https:\/\/elregionalvm.com.ar\/noticias-villa-maria\/wp-json\/wp\/v2\/posts\/47967","targetHints":{"allow":["GET"]}}],"collection":[{"href":"https:\/\/elregionalvm.com.ar\/noticias-villa-maria\/wp-json\/wp\/v2\/posts"}],"about":[{"href":"https:\/\/elregionalvm.com.ar\/noticias-villa-maria\/wp-json\/wp\/v2\/types\/post"}],"author":[{"embeddable":true,"href":"https:\/\/elregionalvm.com.ar\/noticias-villa-maria\/wp-json\/wp\/v2\/users\/4"}],"replies":[{"embeddable":true,"href":"https:\/\/elregionalvm.com.ar\/noticias-villa-maria\/wp-json\/wp\/v2\/comments?post=47967"}],"version-history":[{"count":1,"href":"https:\/\/elregionalvm.com.ar\/noticias-villa-maria\/wp-json\/wp\/v2\/posts\/47967\/revisions"}],"predecessor-version":[{"id":47970,"href":"https:\/\/elregionalvm.com.ar\/noticias-villa-maria\/wp-json\/wp\/v2\/posts\/47967\/revisions\/47970"}],"wp:featuredmedia":[{"embeddable":true,"href":"https:\/\/elregionalvm.com.ar\/noticias-villa-maria\/wp-json\/wp\/v2\/media\/47969"}],"wp:attachment":[{"href":"https:\/\/elregionalvm.com.ar\/noticias-villa-maria\/wp-json\/wp\/v2\/media?parent=47967"}],"wp:term":[{"taxonomy":"category","embeddable":true,"href":"https:\/\/elregionalvm.com.ar\/noticias-villa-maria\/wp-json\/wp\/v2\/categories?post=47967"},{"taxonomy":"post_tag","embeddable":true,"href":"https:\/\/elregionalvm.com.ar\/noticias-villa-maria\/wp-json\/wp\/v2\/tags?post=47967"}],"curies":[{"name":"wp","href":"https:\/\/api.w.org\/{rel}","templated":true}]}}