{"id":47971,"date":"2021-11-10T23:04:36","date_gmt":"2021-11-10T23:04:36","guid":{"rendered":"https:\/\/elregionalvm.com.ar\/noticias-villa-maria\/?p=47971"},"modified":"2021-11-10T23:04:37","modified_gmt":"2021-11-10T23:04:37","slug":"jueves-tareas-de-bacheo-en-paso-a-nivel-de-bv-velez-sarsfield","status":"publish","type":"post","link":"https:\/\/elregionalvm.com.ar\/noticias-villa-maria\/jueves-tareas-de-bacheo-en-paso-a-nivel-de-bv-velez-sarsfield\/","title":{"rendered":"Jueves: tareas de bacheo en paso a nivel de Bv. V\u00e9lez Sarsfield"},"content":{"rendered":"\n<p>Ma\u00f1ana se realizar\u00e1n tareas de bacheo en el paso a nivel de bulevar V\u00e9lez Sarsfield, interrumpiendo media calzada en la mano que va hacia bulevar Col\u00f3n.<\/p>\n\n\n\n<p>Las tareas iniciar\u00e1n a las 9:00 horas y se extender\u00e1n hasta la tarde. En el lugar se ejecutar\u00e1 la remoci\u00f3n del material da\u00f1ado, para luego proceder a la colocaci\u00f3n del asfalto.<\/p>\n\n\n\n<p>Se solicita a quienes circulen por el sector, hacerlo con precauci\u00f3n y respetando las se\u00f1alizaciones.<\/p>\n","protected":false},"excerpt":{"rendered":"<p>Ma\u00f1ana se realizar\u00e1n tareas de bacheo en el paso a nivel de bulevar V\u00e9lez Sarsfield, interrumpiendo media calzada en la mano que va hacia bulevar Col\u00f3n. Las tareas iniciar\u00e1n a las 9:00 horas y se extender\u00e1n hasta la tarde. En el lugar se ejecutar\u00e1 la remoci\u00f3n del material da\u00f1ado, para luego proceder a la colocaci\u00f3n [&hellip;]<\/p>\n","protected":false},"author":4,"featured_media":47417,"comment_status":"open","ping_status":"open","sticky":false,"template":"","format":"standard","meta":{"site-sidebar-layout":"default","site-content-layout":"default","ast-site-content-layout":"default","site-content-style":"default","site-sidebar-style":"default","ast-global-header-display":"","ast-banner-title-visibility":"","ast-main-header-display":"","ast-hfb-above-header-display":"","ast-hfb-below-header-display":"","ast-hfb-mobile-header-display":"","site-post-title":"","ast-breadcrumbs-content":"","ast-featured-img":"","footer-sml-layout":"","ast-disable-related-posts":"","theme-transparent-header-meta":"default","adv-header-id-meta":"","stick-header-meta":"","header-above-stick-meta":"","header-main-stick-meta":"","header-below-stick-meta":"","astra-migrate-meta-layouts":"default","ast-page-background-enabled":"default","ast-page-background-meta":{"desktop":{"background-color":"","background-image":"","background-repeat":"repeat","background-position":"center center","background-size":"auto","background-attachment":"scroll","background-type":"","background-media":"","overlay-type":"","overlay-color":"","overlay-opacity":"","overlay-gradient":""},"tablet":{"background-color":"","background-image":"","background-repeat":"repeat","background-position":"center center","background-size":"auto","background-attachment":"scroll","background-type":"","background-media":"","overlay-type":"","overlay-color":"","overlay-opacity":"","overlay-gradient":""},"mobile":{"background-color":"","background-image":"","background-repeat":"repeat","background-position":"center center","background-size":"auto","background-attachment":"scroll","background-type":"","background-media":"","overlay-type":"","overlay-color":"","overlay-opacity":"","overlay-gradient":""}},"ast-content-background-meta":{"desktop":{"background-color":"var(--ast-global-color-5)","background-image":"","background-repeat":"repeat","background-position":"center center","background-size":"auto","background-attachment":"scroll","background-type":"","background-media":"","overlay-type":"","overlay-color":"","overlay-opacity":"","overlay-gradient":""},"tablet":{"background-color":"var(--ast-global-color-5)","background-image":"","background-repeat":"repeat","background-position":"center center","background-size":"auto","background-attachment":"scroll","background-type":"","background-media":"","overlay-type":"","overlay-color":"","overlay-opacity":"","overlay-gradient":""},"mobile":{"background-color":"var(--ast-global-color-5)","background-image":"","background-repeat":"repeat","background-position":"center center","background-size":"auto","background-attachment":"scroll","background-type":"","background-media":"","overlay-type":"","overlay-color":"","overlay-opacity":"","overlay-gradient":""}},"_jetpack_memberships_contains_paid_content":false,"_joinchat":[],"footnotes":""},"categories":[2],"tags":[7560,3728,9865,12139,2248],"class_list":["post-47971","post","type-post","status-publish","format-standard","has-post-thumbnail","hentry","category-villa-maria","tag-bv-velez-sarsfield","tag-jueves","tag-paso-a-nivel","tag-tareas-de-bacheo","tag-villa-maria-2"],"yoast_head":"<!-- This site is optimized with the Yoast SEO plugin v26.8 - https:\/\/yoast.com\/product\/yoast-seo-wordpress\/ -->\n<title>Jueves: tareas de bacheo en paso a nivel de Bv. V\u00e9lez Sarsfield - El Regional<\/title>\n<meta name=\"robots\" content=\"index, follow, max-snippet:-1, max-image-preview:large, max-video-preview:-1\" \/>\n<link rel=\"canonical\" href=\"http:\/\/elregionalvm.com.ar\/noticias-villa-maria\/jueves-tareas-de-bacheo-en-paso-a-nivel-de-bv-velez-sarsfield\/\" \/>\n<meta property=\"og:locale\" content=\"es_ES\" \/>\n<meta property=\"og:type\" content=\"article\" \/>\n<meta property=\"og:title\" content=\"Jueves: tareas de bacheo en paso a nivel de Bv. V\u00e9lez Sarsfield - El Regional\" \/>\n<meta property=\"og:description\" content=\"Ma\u00f1ana se realizar\u00e1n tareas de bacheo en el paso a nivel de bulevar V\u00e9lez Sarsfield, interrumpiendo media calzada en la mano que va hacia bulevar Col\u00f3n. Las tareas iniciar\u00e1n a las 9:00 horas y se extender\u00e1n hasta la tarde. En el lugar se ejecutar\u00e1 la remoci\u00f3n del material da\u00f1ado, para luego proceder a la colocaci\u00f3n [&hellip;]\" \/>\n<meta property=\"og:url\" content=\"http:\/\/elregionalvm.com.ar\/noticias-villa-maria\/jueves-tareas-de-bacheo-en-paso-a-nivel-de-bv-velez-sarsfield\/\" \/>\n<meta property=\"og:site_name\" content=\"El Regional\" \/>\n<meta property=\"article:publisher\" content=\"https:\/\/www.facebook.com\/elregionalvm\" \/>\n<meta property=\"article:published_time\" content=\"2021-11-10T23:04:36+00:00\" \/>\n<meta property=\"article:modified_time\" content=\"2021-11-10T23:04:37+00:00\" \/>\n<meta property=\"og:image\" content=\"http:\/\/elregionalvm.com.ar\/noticias-villa-maria\/wp-content\/uploads\/2021\/10\/bulevar-velez-sarsfield-y-vias.png\" \/>\n\t<meta property=\"og:image:width\" content=\"1065\" \/>\n\t<meta property=\"og:image:height\" content=\"579\" \/>\n\t<meta property=\"og:image:type\" content=\"image\/png\" \/>\n<meta name=\"author\" content=\"Contenidos El Regional\" \/>\n<meta name=\"twitter:card\" content=\"summary_large_image\" \/>\n<meta name=\"twitter:creator\" content=\"@elregionalvm1\" \/>\n<meta name=\"twitter:site\" content=\"@elregionalvm1\" \/>\n<meta name=\"twitter:label1\" content=\"Escrito por\" \/>\n\t<meta name=\"twitter:data1\" content=\"Contenidos El Regional\" \/>\n\t<meta name=\"twitter:label2\" content=\"Tiempo de lectura\" \/>\n\t<meta name=\"twitter:data2\" content=\"1 minuto\" \/>\n<script type=\"application\/ld+json\" class=\"yoast-schema-graph\">{\"@context\":\"https:\/\/schema.org\",\"@graph\":[{\"@type\":\"Article\",\"@id\":\"http:\/\/elregionalvm.com.ar\/noticias-villa-maria\/jueves-tareas-de-bacheo-en-paso-a-nivel-de-bv-velez-sarsfield\/#article\",\"isPartOf\":{\"@id\":\"http:\/\/elregionalvm.com.ar\/noticias-villa-maria\/jueves-tareas-de-bacheo-en-paso-a-nivel-de-bv-velez-sarsfield\/\"},\"author\":{\"name\":\"Contenidos El Regional\",\"@id\":\"http:\/\/elregionalvm.com.ar\/noticias-villa-maria\/#\/schema\/person\/a0fb9c422317faca23d50163151bc354\"},\"headline\":\"Jueves: tareas de bacheo en paso a nivel de Bv. V\u00e9lez Sarsfield\",\"datePublished\":\"2021-11-10T23:04:36+00:00\",\"dateModified\":\"2021-11-10T23:04:37+00:00\",\"mainEntityOfPage\":{\"@id\":\"http:\/\/elregionalvm.com.ar\/noticias-villa-maria\/jueves-tareas-de-bacheo-en-paso-a-nivel-de-bv-velez-sarsfield\/\"},\"wordCount\":95,\"commentCount\":0,\"image\":{\"@id\":\"http:\/\/elregionalvm.com.ar\/noticias-villa-maria\/jueves-tareas-de-bacheo-en-paso-a-nivel-de-bv-velez-sarsfield\/#primaryimage\"},\"thumbnailUrl\":\"https:\/\/i0.wp.com\/elregionalvm.com.ar\/noticias-villa-maria\/wp-content\/uploads\/2021\/10\/bulevar-velez-sarsfield-y-vias.png?fit=1065%2C579&ssl=1\",\"keywords\":[\"Bv. V\u00e9lez Sarsfield\",\"jueves\",\"paso a nivel\",\"tareas de bacheo\",\"Villa Mar\u00eda\"],\"articleSection\":[\"Villa Mar\u00eda\"],\"inLanguage\":\"es\",\"potentialAction\":[{\"@type\":\"CommentAction\",\"name\":\"Comment\",\"target\":[\"http:\/\/elregionalvm.com.ar\/noticias-villa-maria\/jueves-tareas-de-bacheo-en-paso-a-nivel-de-bv-velez-sarsfield\/#respond\"]}]},{\"@type\":\"WebPage\",\"@id\":\"http:\/\/elregionalvm.com.ar\/noticias-villa-maria\/jueves-tareas-de-bacheo-en-paso-a-nivel-de-bv-velez-sarsfield\/\",\"url\":\"http:\/\/elregionalvm.com.ar\/noticias-villa-maria\/jueves-tareas-de-bacheo-en-paso-a-nivel-de-bv-velez-sarsfield\/\",\"name\":\"Jueves: tareas de bacheo en paso a nivel de Bv. V\u00e9lez Sarsfield - El Regional\",\"isPartOf\":{\"@id\":\"http:\/\/elregionalvm.com.ar\/noticias-villa-maria\/#website\"},\"primaryImageOfPage\":{\"@id\":\"http:\/\/elregionalvm.com.ar\/noticias-villa-maria\/jueves-tareas-de-bacheo-en-paso-a-nivel-de-bv-velez-sarsfield\/#primaryimage\"},\"image\":{\"@id\":\"http:\/\/elregionalvm.com.ar\/noticias-villa-maria\/jueves-tareas-de-bacheo-en-paso-a-nivel-de-bv-velez-sarsfield\/#primaryimage\"},\"thumbnailUrl\":\"https:\/\/i0.wp.com\/elregionalvm.com.ar\/noticias-villa-maria\/wp-content\/uploads\/2021\/10\/bulevar-velez-sarsfield-y-vias.png?fit=1065%2C579&ssl=1\",\"datePublished\":\"2021-11-10T23:04:36+00:00\",\"dateModified\":\"2021-11-10T23:04:37+00:00\",\"author\":{\"@id\":\"http:\/\/elregionalvm.com.ar\/noticias-villa-maria\/#\/schema\/person\/a0fb9c422317faca23d50163151bc354\"},\"breadcrumb\":{\"@id\":\"http:\/\/elregionalvm.com.ar\/noticias-villa-maria\/jueves-tareas-de-bacheo-en-paso-a-nivel-de-bv-velez-sarsfield\/#breadcrumb\"},\"inLanguage\":\"es\",\"potentialAction\":[{\"@type\":\"ReadAction\",\"target\":[\"http:\/\/elregionalvm.com.ar\/noticias-villa-maria\/jueves-tareas-de-bacheo-en-paso-a-nivel-de-bv-velez-sarsfield\/\"]}]},{\"@type\":\"ImageObject\",\"inLanguage\":\"es\",\"@id\":\"http:\/\/elregionalvm.com.ar\/noticias-villa-maria\/jueves-tareas-de-bacheo-en-paso-a-nivel-de-bv-velez-sarsfield\/#primaryimage\",\"url\":\"https:\/\/i0.wp.com\/elregionalvm.com.ar\/noticias-villa-maria\/wp-content\/uploads\/2021\/10\/bulevar-velez-sarsfield-y-vias.png?fit=1065%2C579&ssl=1\",\"contentUrl\":\"https:\/\/i0.wp.com\/elregionalvm.com.ar\/noticias-villa-maria\/wp-content\/uploads\/2021\/10\/bulevar-velez-sarsfield-y-vias.png?fit=1065%2C579&ssl=1\",\"width\":1065,\"height\":579},{\"@type\":\"BreadcrumbList\",\"@id\":\"http:\/\/elregionalvm.com.ar\/noticias-villa-maria\/jueves-tareas-de-bacheo-en-paso-a-nivel-de-bv-velez-sarsfield\/#breadcrumb\",\"itemListElement\":[{\"@type\":\"ListItem\",\"position\":1,\"name\":\"Portada\",\"item\":\"https:\/\/elregionalvm.com.ar\/noticias-villa-maria\/\"},{\"@type\":\"ListItem\",\"position\":2,\"name\":\"Jueves: tareas de bacheo en paso a nivel de Bv. V\u00e9lez Sarsfield\"}]},{\"@type\":\"WebSite\",\"@id\":\"http:\/\/elregionalvm.com.ar\/noticias-villa-maria\/#website\",\"url\":\"http:\/\/elregionalvm.com.ar\/noticias-villa-maria\/\",\"name\":\"El Regional\",\"description\":\"Mucho m\u00e1s que informaci\u00f3n\",\"potentialAction\":[{\"@type\":\"SearchAction\",\"target\":{\"@type\":\"EntryPoint\",\"urlTemplate\":\"http:\/\/elregionalvm.com.ar\/noticias-villa-maria\/?s={search_term_string}\"},\"query-input\":{\"@type\":\"PropertyValueSpecification\",\"valueRequired\":true,\"valueName\":\"search_term_string\"}}],\"inLanguage\":\"es\"},{\"@type\":\"Person\",\"@id\":\"http:\/\/elregionalvm.com.ar\/noticias-villa-maria\/#\/schema\/person\/a0fb9c422317faca23d50163151bc354\",\"name\":\"Contenidos El Regional\",\"image\":{\"@type\":\"ImageObject\",\"inLanguage\":\"es\",\"@id\":\"http:\/\/elregionalvm.com.ar\/noticias-villa-maria\/#\/schema\/person\/image\/\",\"url\":\"https:\/\/secure.gravatar.com\/avatar\/265b27cb2209af7bb3a1318f03305787d7981a5cc6e6cd08fe5a4ecdf99d4b48?s=96&d=mm&r=g\",\"contentUrl\":\"https:\/\/secure.gravatar.com\/avatar\/265b27cb2209af7bb3a1318f03305787d7981a5cc6e6cd08fe5a4ecdf99d4b48?s=96&d=mm&r=g\",\"caption\":\"Contenidos El Regional\"},\"url\":\"https:\/\/elregionalvm.com.ar\/noticias-villa-maria\/author\/contenido\/\"}]}<\/script>\n<!-- \/ Yoast SEO plugin. -->","yoast_head_json":{"title":"Jueves: tareas de bacheo en paso a nivel de Bv. V\u00e9lez Sarsfield - El Regional","robots":{"index":"index","follow":"follow","max-snippet":"max-snippet:-1","max-image-preview":"max-image-preview:large","max-video-preview":"max-video-preview:-1"},"canonical":"http:\/\/elregionalvm.com.ar\/noticias-villa-maria\/jueves-tareas-de-bacheo-en-paso-a-nivel-de-bv-velez-sarsfield\/","og_locale":"es_ES","og_type":"article","og_title":"Jueves: tareas de bacheo en paso a nivel de Bv. V\u00e9lez Sarsfield - El Regional","og_description":"Ma\u00f1ana se realizar\u00e1n tareas de bacheo en el paso a nivel de bulevar V\u00e9lez Sarsfield, interrumpiendo media calzada en la mano que va hacia bulevar Col\u00f3n. Las tareas iniciar\u00e1n a las 9:00 horas y se extender\u00e1n hasta la tarde. En el lugar se ejecutar\u00e1 la remoci\u00f3n del material da\u00f1ado, para luego proceder a la colocaci\u00f3n [&hellip;]","og_url":"http:\/\/elregionalvm.com.ar\/noticias-villa-maria\/jueves-tareas-de-bacheo-en-paso-a-nivel-de-bv-velez-sarsfield\/","og_site_name":"El Regional","article_publisher":"https:\/\/www.facebook.com\/elregionalvm","article_published_time":"2021-11-10T23:04:36+00:00","article_modified_time":"2021-11-10T23:04:37+00:00","og_image":[{"width":1065,"height":579,"url":"http:\/\/elregionalvm.com.ar\/noticias-villa-maria\/wp-content\/uploads\/2021\/10\/bulevar-velez-sarsfield-y-vias.png","type":"image\/png"}],"author":"Contenidos El Regional","twitter_card":"summary_large_image","twitter_creator":"@elregionalvm1","twitter_site":"@elregionalvm1","twitter_misc":{"Escrito por":"Contenidos El Regional","Tiempo de lectura":"1 minuto"},"schema":{"@context":"https:\/\/schema.org","@graph":[{"@type":"Article","@id":"http:\/\/elregionalvm.com.ar\/noticias-villa-maria\/jueves-tareas-de-bacheo-en-paso-a-nivel-de-bv-velez-sarsfield\/#article","isPartOf":{"@id":"http:\/\/elregionalvm.com.ar\/noticias-villa-maria\/jueves-tareas-de-bacheo-en-paso-a-nivel-de-bv-velez-sarsfield\/"},"author":{"name":"Contenidos El Regional","@id":"http:\/\/elregionalvm.com.ar\/noticias-villa-maria\/#\/schema\/person\/a0fb9c422317faca23d50163151bc354"},"headline":"Jueves: tareas de bacheo en paso a nivel de Bv. V\u00e9lez Sarsfield","datePublished":"2021-11-10T23:04:36+00:00","dateModified":"2021-11-10T23:04:37+00:00","mainEntityOfPage":{"@id":"http:\/\/elregionalvm.com.ar\/noticias-villa-maria\/jueves-tareas-de-bacheo-en-paso-a-nivel-de-bv-velez-sarsfield\/"},"wordCount":95,"commentCount":0,"image":{"@id":"http:\/\/elregionalvm.com.ar\/noticias-villa-maria\/jueves-tareas-de-bacheo-en-paso-a-nivel-de-bv-velez-sarsfield\/#primaryimage"},"thumbnailUrl":"https:\/\/i0.wp.com\/elregionalvm.com.ar\/noticias-villa-maria\/wp-content\/uploads\/2021\/10\/bulevar-velez-sarsfield-y-vias.png?fit=1065%2C579&ssl=1","keywords":["Bv. V\u00e9lez Sarsfield","jueves","paso a nivel","tareas de bacheo","Villa Mar\u00eda"],"articleSection":["Villa Mar\u00eda"],"inLanguage":"es","potentialAction":[{"@type":"CommentAction","name":"Comment","target":["http:\/\/elregionalvm.com.ar\/noticias-villa-maria\/jueves-tareas-de-bacheo-en-paso-a-nivel-de-bv-velez-sarsfield\/#respond"]}]},{"@type":"WebPage","@id":"http:\/\/elregionalvm.com.ar\/noticias-villa-maria\/jueves-tareas-de-bacheo-en-paso-a-nivel-de-bv-velez-sarsfield\/","url":"http:\/\/elregionalvm.com.ar\/noticias-villa-maria\/jueves-tareas-de-bacheo-en-paso-a-nivel-de-bv-velez-sarsfield\/","name":"Jueves: tareas de bacheo en paso a nivel de Bv. V\u00e9lez Sarsfield - El Regional","isPartOf":{"@id":"http:\/\/elregionalvm.com.ar\/noticias-villa-maria\/#website"},"primaryImageOfPage":{"@id":"http:\/\/elregionalvm.com.ar\/noticias-villa-maria\/jueves-tareas-de-bacheo-en-paso-a-nivel-de-bv-velez-sarsfield\/#primaryimage"},"image":{"@id":"http:\/\/elregionalvm.com.ar\/noticias-villa-maria\/jueves-tareas-de-bacheo-en-paso-a-nivel-de-bv-velez-sarsfield\/#primaryimage"},"thumbnailUrl":"https:\/\/i0.wp.com\/elregionalvm.com.ar\/noticias-villa-maria\/wp-content\/uploads\/2021\/10\/bulevar-velez-sarsfield-y-vias.png?fit=1065%2C579&ssl=1","datePublished":"2021-11-10T23:04:36+00:00","dateModified":"2021-11-10T23:04:37+00:00","author":{"@id":"http:\/\/elregionalvm.com.ar\/noticias-villa-maria\/#\/schema\/person\/a0fb9c422317faca23d50163151bc354"},"breadcrumb":{"@id":"http:\/\/elregionalvm.com.ar\/noticias-villa-maria\/jueves-tareas-de-bacheo-en-paso-a-nivel-de-bv-velez-sarsfield\/#breadcrumb"},"inLanguage":"es","potentialAction":[{"@type":"ReadAction","target":["http:\/\/elregionalvm.com.ar\/noticias-villa-maria\/jueves-tareas-de-bacheo-en-paso-a-nivel-de-bv-velez-sarsfield\/"]}]},{"@type":"ImageObject","inLanguage":"es","@id":"http:\/\/elregionalvm.com.ar\/noticias-villa-maria\/jueves-tareas-de-bacheo-en-paso-a-nivel-de-bv-velez-sarsfield\/#primaryimage","url":"https:\/\/i0.wp.com\/elregionalvm.com.ar\/noticias-villa-maria\/wp-content\/uploads\/2021\/10\/bulevar-velez-sarsfield-y-vias.png?fit=1065%2C579&ssl=1","contentUrl":"https:\/\/i0.wp.com\/elregionalvm.com.ar\/noticias-villa-maria\/wp-content\/uploads\/2021\/10\/bulevar-velez-sarsfield-y-vias.png?fit=1065%2C579&ssl=1","width":1065,"height":579},{"@type":"BreadcrumbList","@id":"http:\/\/elregionalvm.com.ar\/noticias-villa-maria\/jueves-tareas-de-bacheo-en-paso-a-nivel-de-bv-velez-sarsfield\/#breadcrumb","itemListElement":[{"@type":"ListItem","position":1,"name":"Portada","item":"https:\/\/elregionalvm.com.ar\/noticias-villa-maria\/"},{"@type":"ListItem","position":2,"name":"Jueves: tareas de bacheo en paso a nivel de Bv. V\u00e9lez Sarsfield"}]},{"@type":"WebSite","@id":"http:\/\/elregionalvm.com.ar\/noticias-villa-maria\/#website","url":"http:\/\/elregionalvm.com.ar\/noticias-villa-maria\/","name":"El Regional","description":"Mucho m\u00e1s que informaci\u00f3n","potentialAction":[{"@type":"SearchAction","target":{"@type":"EntryPoint","urlTemplate":"http:\/\/elregionalvm.com.ar\/noticias-villa-maria\/?s={search_term_string}"},"query-input":{"@type":"PropertyValueSpecification","valueRequired":true,"valueName":"search_term_string"}}],"inLanguage":"es"},{"@type":"Person","@id":"http:\/\/elregionalvm.com.ar\/noticias-villa-maria\/#\/schema\/person\/a0fb9c422317faca23d50163151bc354","name":"Contenidos El Regional","image":{"@type":"ImageObject","inLanguage":"es","@id":"http:\/\/elregionalvm.com.ar\/noticias-villa-maria\/#\/schema\/person\/image\/","url":"https:\/\/secure.gravatar.com\/avatar\/265b27cb2209af7bb3a1318f03305787d7981a5cc6e6cd08fe5a4ecdf99d4b48?s=96&d=mm&r=g","contentUrl":"https:\/\/secure.gravatar.com\/avatar\/265b27cb2209af7bb3a1318f03305787d7981a5cc6e6cd08fe5a4ecdf99d4b48?s=96&d=mm&r=g","caption":"Contenidos El Regional"},"url":"https:\/\/elregionalvm.com.ar\/noticias-villa-maria\/author\/contenido\/"}]}},"jetpack_featured_media_url":"https:\/\/i0.wp.com\/elregionalvm.com.ar\/noticias-villa-maria\/wp-content\/uploads\/2021\/10\/bulevar-velez-sarsfield-y-vias.png?fit=1065%2C579&ssl=1","jetpack_sharing_enabled":true,"_links":{"self":[{"href":"https:\/\/elregionalvm.com.ar\/noticias-villa-maria\/wp-json\/wp\/v2\/posts\/47971","targetHints":{"allow":["GET"]}}],"collection":[{"href":"https:\/\/elregionalvm.com.ar\/noticias-villa-maria\/wp-json\/wp\/v2\/posts"}],"about":[{"href":"https:\/\/elregionalvm.com.ar\/noticias-villa-maria\/wp-json\/wp\/v2\/types\/post"}],"author":[{"embeddable":true,"href":"https:\/\/elregionalvm.com.ar\/noticias-villa-maria\/wp-json\/wp\/v2\/users\/4"}],"replies":[{"embeddable":true,"href":"https:\/\/elregionalvm.com.ar\/noticias-villa-maria\/wp-json\/wp\/v2\/comments?post=47971"}],"version-history":[{"count":1,"href":"https:\/\/elregionalvm.com.ar\/noticias-villa-maria\/wp-json\/wp\/v2\/posts\/47971\/revisions"}],"predecessor-version":[{"id":47972,"href":"https:\/\/elregionalvm.com.ar\/noticias-villa-maria\/wp-json\/wp\/v2\/posts\/47971\/revisions\/47972"}],"wp:featuredmedia":[{"embeddable":true,"href":"https:\/\/elregionalvm.com.ar\/noticias-villa-maria\/wp-json\/wp\/v2\/media\/47417"}],"wp:attachment":[{"href":"https:\/\/elregionalvm.com.ar\/noticias-villa-maria\/wp-json\/wp\/v2\/media?parent=47971"}],"wp:term":[{"taxonomy":"category","embeddable":true,"href":"https:\/\/elregionalvm.com.ar\/noticias-villa-maria\/wp-json\/wp\/v2\/categories?post=47971"},{"taxonomy":"post_tag","embeddable":true,"href":"https:\/\/elregionalvm.com.ar\/noticias-villa-maria\/wp-json\/wp\/v2\/tags?post=47971"}],"curies":[{"name":"wp","href":"https:\/\/api.w.org\/{rel}","templated":true}]}}