{"id":48280,"date":"2021-11-17T00:21:13","date_gmt":"2021-11-17T00:21:13","guid":{"rendered":"https:\/\/elregionalvm.com.ar\/noticias-villa-maria\/?p=48280"},"modified":"2021-11-17T00:21:14","modified_gmt":"2021-11-17T00:21:14","slug":"torneo-relampago-de-futbol-femenino-en-barrio-el-vallecito","status":"publish","type":"post","link":"https:\/\/elregionalvm.com.ar\/noticias-villa-maria\/torneo-relampago-de-futbol-femenino-en-barrio-el-vallecito\/","title":{"rendered":"Torneo Rel\u00e1mpago de F\u00fatbol Femenino en barrio El Vallecito"},"content":{"rendered":"\n<p>Bajo la consigna \u00abViva nos queremos\u00bb, la Direcci\u00f3n de Promoci\u00f3n de Buenas Convivencias organiza para este s\u00e1bado 20 de noviembre un Torneo rel\u00e1mpago de f\u00fatbol femenino. Indicaron que lo que se pretende es visibilizar a los equipos de f\u00fatbol femenino de la ciudad, y desmitificar que es un deporte solo para hombres, adem\u00e1s de concientizar e invitar a otras mujeres a sumarse. <\/p>\n\n\n\n<p>El torneo comenzar\u00e1 a partir de las 14hs y se desarrollar\u00e1 en la cancha de Baby F\u00fatbol de Deportivo Am\u00e9rica. Participar\u00e1n ocho equipos. Desde la Direcci\u00f3n indicaron que la inscripci\u00f3n es un elemento de higiene femenina, pa\u00f1ales o leche y que lo recaudado ser\u00e1 entregado a aquellas mujeres v\u00edctima de violencia que lo requieran.<\/p>\n\n\n\n<p>Cabe se\u00f1alar que la actividad est\u00e1 enmarcada dentro del \u00abMes Violeta\u00bb; mes en que se busca visibilizar y promover las pr\u00e1cticas de buenas convivencias para prevenir la violencia de g\u00e9nero.<\/p>\n\n\n\n<p>Adelantaron que el cierre de las actividades de este mes ser\u00e1 el pr\u00f3ximo 25 de noviembre, D\u00eda Internacional de la Violencia de g\u00e9nero. En la oportunidad se har\u00e1 una muestra de fotograf\u00edas y una exposici\u00f3n de producciones que fueron realizando durante todo noviembre.<\/p>\n","protected":false},"excerpt":{"rendered":"<p>Bajo la consigna \u00abViva nos queremos\u00bb, la Direcci\u00f3n de Promoci\u00f3n de Buenas Convivencias organiza para este s\u00e1bado 20 de noviembre un Torneo rel\u00e1mpago de f\u00fatbol femenino. Indicaron que lo que se pretende es visibilizar a los equipos de f\u00fatbol femenino de la ciudad, y desmitificar que es un deporte solo para hombres, adem\u00e1s de concientizar [&hellip;]<\/p>\n","protected":false},"author":4,"featured_media":48281,"comment_status":"open","ping_status":"open","sticky":false,"template":"","format":"standard","meta":{"site-sidebar-layout":"default","site-content-layout":"default","ast-site-content-layout":"default","site-content-style":"default","site-sidebar-style":"default","ast-global-header-display":"","ast-banner-title-visibility":"","ast-main-header-display":"","ast-hfb-above-header-display":"","ast-hfb-below-header-display":"","ast-hfb-mobile-header-display":"","site-post-title":"","ast-breadcrumbs-content":"","ast-featured-img":"","footer-sml-layout":"","ast-disable-related-posts":"","theme-transparent-header-meta":"default","adv-header-id-meta":"","stick-header-meta":"","header-above-stick-meta":"","header-main-stick-meta":"","header-below-stick-meta":"","astra-migrate-meta-layouts":"default","ast-page-background-enabled":"default","ast-page-background-meta":{"desktop":{"background-color":"","background-image":"","background-repeat":"repeat","background-position":"center center","background-size":"auto","background-attachment":"scroll","background-type":"","background-media":"","overlay-type":"","overlay-color":"","overlay-opacity":"","overlay-gradient":""},"tablet":{"background-color":"","background-image":"","background-repeat":"repeat","background-position":"center center","background-size":"auto","background-attachment":"scroll","background-type":"","background-media":"","overlay-type":"","overlay-color":"","overlay-opacity":"","overlay-gradient":""},"mobile":{"background-color":"","background-image":"","background-repeat":"repeat","background-position":"center center","background-size":"auto","background-attachment":"scroll","background-type":"","background-media":"","overlay-type":"","overlay-color":"","overlay-opacity":"","overlay-gradient":""}},"ast-content-background-meta":{"desktop":{"background-color":"var(--ast-global-color-5)","background-image":"","background-repeat":"repeat","background-position":"center center","background-size":"auto","background-attachment":"scroll","background-type":"","background-media":"","overlay-type":"","overlay-color":"","overlay-opacity":"","overlay-gradient":""},"tablet":{"background-color":"var(--ast-global-color-5)","background-image":"","background-repeat":"repeat","background-position":"center center","background-size":"auto","background-attachment":"scroll","background-type":"","background-media":"","overlay-type":"","overlay-color":"","overlay-opacity":"","overlay-gradient":""},"mobile":{"background-color":"var(--ast-global-color-5)","background-image":"","background-repeat":"repeat","background-position":"center center","background-size":"auto","background-attachment":"scroll","background-type":"","background-media":"","overlay-type":"","overlay-color":"","overlay-opacity":"","overlay-gradient":""}},"_jetpack_memberships_contains_paid_content":false,"_joinchat":[],"footnotes":""},"categories":[1408],"tags":[12264,12265,232,12266],"class_list":["post-48280","post","type-post","status-publish","format-standard","has-post-thumbnail","hentry","category-villa-nueva","tag-futbol-7-solidario","tag-torneo-relampago","tag-villa-nueva","tag-vivas-nos-queremos"],"yoast_head":"<!-- This site is optimized with the Yoast SEO plugin v26.8 - https:\/\/yoast.com\/product\/yoast-seo-wordpress\/ -->\n<title>Torneo Rel\u00e1mpago de F\u00fatbol Femenino en barrio El Vallecito - El Regional<\/title>\n<meta name=\"robots\" content=\"index, follow, max-snippet:-1, max-image-preview:large, max-video-preview:-1\" \/>\n<link rel=\"canonical\" href=\"http:\/\/elregionalvm.com.ar\/noticias-villa-maria\/torneo-relampago-de-futbol-femenino-en-barrio-el-vallecito\/\" \/>\n<meta property=\"og:locale\" content=\"es_ES\" \/>\n<meta property=\"og:type\" content=\"article\" \/>\n<meta property=\"og:title\" content=\"Torneo Rel\u00e1mpago de F\u00fatbol Femenino en barrio El Vallecito - El Regional\" \/>\n<meta property=\"og:description\" content=\"Bajo la consigna \u00abViva nos queremos\u00bb, la Direcci\u00f3n de Promoci\u00f3n de Buenas Convivencias organiza para este s\u00e1bado 20 de noviembre un Torneo rel\u00e1mpago de f\u00fatbol femenino. Indicaron que lo que se pretende es visibilizar a los equipos de f\u00fatbol femenino de la ciudad, y desmitificar que es un deporte solo para hombres, adem\u00e1s de concientizar [&hellip;]\" \/>\n<meta property=\"og:url\" content=\"http:\/\/elregionalvm.com.ar\/noticias-villa-maria\/torneo-relampago-de-futbol-femenino-en-barrio-el-vallecito\/\" \/>\n<meta property=\"og:site_name\" content=\"El Regional\" \/>\n<meta property=\"article:publisher\" content=\"https:\/\/www.facebook.com\/elregionalvm\" \/>\n<meta property=\"article:published_time\" content=\"2021-11-17T00:21:13+00:00\" \/>\n<meta property=\"article:modified_time\" content=\"2021-11-17T00:21:14+00:00\" \/>\n<meta property=\"og:image\" content=\"http:\/\/elregionalvm.com.ar\/noticias-villa-maria\/wp-content\/uploads\/2021\/11\/WhatsApp-Image-2021-11-16-at-13.52.49.jpeg\" \/>\n\t<meta property=\"og:image:width\" content=\"1080\" \/>\n\t<meta property=\"og:image:height\" content=\"1080\" \/>\n\t<meta property=\"og:image:type\" content=\"image\/jpeg\" \/>\n<meta name=\"author\" content=\"Contenidos El Regional\" \/>\n<meta name=\"twitter:card\" content=\"summary_large_image\" \/>\n<meta name=\"twitter:creator\" content=\"@elregionalvm1\" \/>\n<meta name=\"twitter:site\" content=\"@elregionalvm1\" \/>\n<meta name=\"twitter:label1\" content=\"Escrito por\" \/>\n\t<meta name=\"twitter:data1\" content=\"Contenidos El Regional\" \/>\n\t<meta name=\"twitter:label2\" content=\"Tiempo de lectura\" \/>\n\t<meta name=\"twitter:data2\" content=\"1 minuto\" \/>\n<script type=\"application\/ld+json\" class=\"yoast-schema-graph\">{\"@context\":\"https:\/\/schema.org\",\"@graph\":[{\"@type\":\"Article\",\"@id\":\"http:\/\/elregionalvm.com.ar\/noticias-villa-maria\/torneo-relampago-de-futbol-femenino-en-barrio-el-vallecito\/#article\",\"isPartOf\":{\"@id\":\"http:\/\/elregionalvm.com.ar\/noticias-villa-maria\/torneo-relampago-de-futbol-femenino-en-barrio-el-vallecito\/\"},\"author\":{\"name\":\"Contenidos El Regional\",\"@id\":\"http:\/\/elregionalvm.com.ar\/noticias-villa-maria\/#\/schema\/person\/a0fb9c422317faca23d50163151bc354\"},\"headline\":\"Torneo Rel\u00e1mpago de F\u00fatbol Femenino en barrio El Vallecito\",\"datePublished\":\"2021-11-17T00:21:13+00:00\",\"dateModified\":\"2021-11-17T00:21:14+00:00\",\"mainEntityOfPage\":{\"@id\":\"http:\/\/elregionalvm.com.ar\/noticias-villa-maria\/torneo-relampago-de-futbol-femenino-en-barrio-el-vallecito\/\"},\"wordCount\":220,\"commentCount\":0,\"image\":{\"@id\":\"http:\/\/elregionalvm.com.ar\/noticias-villa-maria\/torneo-relampago-de-futbol-femenino-en-barrio-el-vallecito\/#primaryimage\"},\"thumbnailUrl\":\"https:\/\/i0.wp.com\/elregionalvm.com.ar\/noticias-villa-maria\/wp-content\/uploads\/2021\/11\/WhatsApp-Image-2021-11-16-at-13.52.49.jpeg?fit=1080%2C1080&ssl=1\",\"keywords\":[\"Futbol 7 Solidario\",\"Torneo Rel\u00e1mpago\",\"VILLA NUEVA\",\"Vivas Nos Queremos\"],\"articleSection\":[\"Villa Nueva\"],\"inLanguage\":\"es\",\"potentialAction\":[{\"@type\":\"CommentAction\",\"name\":\"Comment\",\"target\":[\"http:\/\/elregionalvm.com.ar\/noticias-villa-maria\/torneo-relampago-de-futbol-femenino-en-barrio-el-vallecito\/#respond\"]}]},{\"@type\":\"WebPage\",\"@id\":\"http:\/\/elregionalvm.com.ar\/noticias-villa-maria\/torneo-relampago-de-futbol-femenino-en-barrio-el-vallecito\/\",\"url\":\"http:\/\/elregionalvm.com.ar\/noticias-villa-maria\/torneo-relampago-de-futbol-femenino-en-barrio-el-vallecito\/\",\"name\":\"Torneo Rel\u00e1mpago de F\u00fatbol Femenino en barrio El Vallecito - El Regional\",\"isPartOf\":{\"@id\":\"http:\/\/elregionalvm.com.ar\/noticias-villa-maria\/#website\"},\"primaryImageOfPage\":{\"@id\":\"http:\/\/elregionalvm.com.ar\/noticias-villa-maria\/torneo-relampago-de-futbol-femenino-en-barrio-el-vallecito\/#primaryimage\"},\"image\":{\"@id\":\"http:\/\/elregionalvm.com.ar\/noticias-villa-maria\/torneo-relampago-de-futbol-femenino-en-barrio-el-vallecito\/#primaryimage\"},\"thumbnailUrl\":\"https:\/\/i0.wp.com\/elregionalvm.com.ar\/noticias-villa-maria\/wp-content\/uploads\/2021\/11\/WhatsApp-Image-2021-11-16-at-13.52.49.jpeg?fit=1080%2C1080&ssl=1\",\"datePublished\":\"2021-11-17T00:21:13+00:00\",\"dateModified\":\"2021-11-17T00:21:14+00:00\",\"author\":{\"@id\":\"http:\/\/elregionalvm.com.ar\/noticias-villa-maria\/#\/schema\/person\/a0fb9c422317faca23d50163151bc354\"},\"breadcrumb\":{\"@id\":\"http:\/\/elregionalvm.com.ar\/noticias-villa-maria\/torneo-relampago-de-futbol-femenino-en-barrio-el-vallecito\/#breadcrumb\"},\"inLanguage\":\"es\",\"potentialAction\":[{\"@type\":\"ReadAction\",\"target\":[\"http:\/\/elregionalvm.com.ar\/noticias-villa-maria\/torneo-relampago-de-futbol-femenino-en-barrio-el-vallecito\/\"]}]},{\"@type\":\"ImageObject\",\"inLanguage\":\"es\",\"@id\":\"http:\/\/elregionalvm.com.ar\/noticias-villa-maria\/torneo-relampago-de-futbol-femenino-en-barrio-el-vallecito\/#primaryimage\",\"url\":\"https:\/\/i0.wp.com\/elregionalvm.com.ar\/noticias-villa-maria\/wp-content\/uploads\/2021\/11\/WhatsApp-Image-2021-11-16-at-13.52.49.jpeg?fit=1080%2C1080&ssl=1\",\"contentUrl\":\"https:\/\/i0.wp.com\/elregionalvm.com.ar\/noticias-villa-maria\/wp-content\/uploads\/2021\/11\/WhatsApp-Image-2021-11-16-at-13.52.49.jpeg?fit=1080%2C1080&ssl=1\",\"width\":1080,\"height\":1080},{\"@type\":\"BreadcrumbList\",\"@id\":\"http:\/\/elregionalvm.com.ar\/noticias-villa-maria\/torneo-relampago-de-futbol-femenino-en-barrio-el-vallecito\/#breadcrumb\",\"itemListElement\":[{\"@type\":\"ListItem\",\"position\":1,\"name\":\"Portada\",\"item\":\"https:\/\/elregionalvm.com.ar\/noticias-villa-maria\/\"},{\"@type\":\"ListItem\",\"position\":2,\"name\":\"Torneo Rel\u00e1mpago de F\u00fatbol Femenino en barrio El Vallecito\"}]},{\"@type\":\"WebSite\",\"@id\":\"http:\/\/elregionalvm.com.ar\/noticias-villa-maria\/#website\",\"url\":\"http:\/\/elregionalvm.com.ar\/noticias-villa-maria\/\",\"name\":\"El Regional\",\"description\":\"Mucho m\u00e1s que informaci\u00f3n\",\"potentialAction\":[{\"@type\":\"SearchAction\",\"target\":{\"@type\":\"EntryPoint\",\"urlTemplate\":\"http:\/\/elregionalvm.com.ar\/noticias-villa-maria\/?s={search_term_string}\"},\"query-input\":{\"@type\":\"PropertyValueSpecification\",\"valueRequired\":true,\"valueName\":\"search_term_string\"}}],\"inLanguage\":\"es\"},{\"@type\":\"Person\",\"@id\":\"http:\/\/elregionalvm.com.ar\/noticias-villa-maria\/#\/schema\/person\/a0fb9c422317faca23d50163151bc354\",\"name\":\"Contenidos El Regional\",\"image\":{\"@type\":\"ImageObject\",\"inLanguage\":\"es\",\"@id\":\"http:\/\/elregionalvm.com.ar\/noticias-villa-maria\/#\/schema\/person\/image\/\",\"url\":\"https:\/\/secure.gravatar.com\/avatar\/265b27cb2209af7bb3a1318f03305787d7981a5cc6e6cd08fe5a4ecdf99d4b48?s=96&d=mm&r=g\",\"contentUrl\":\"https:\/\/secure.gravatar.com\/avatar\/265b27cb2209af7bb3a1318f03305787d7981a5cc6e6cd08fe5a4ecdf99d4b48?s=96&d=mm&r=g\",\"caption\":\"Contenidos El Regional\"},\"url\":\"https:\/\/elregionalvm.com.ar\/noticias-villa-maria\/author\/contenido\/\"}]}<\/script>\n<!-- \/ Yoast SEO plugin. -->","yoast_head_json":{"title":"Torneo Rel\u00e1mpago de F\u00fatbol Femenino en barrio El Vallecito - El Regional","robots":{"index":"index","follow":"follow","max-snippet":"max-snippet:-1","max-image-preview":"max-image-preview:large","max-video-preview":"max-video-preview:-1"},"canonical":"http:\/\/elregionalvm.com.ar\/noticias-villa-maria\/torneo-relampago-de-futbol-femenino-en-barrio-el-vallecito\/","og_locale":"es_ES","og_type":"article","og_title":"Torneo Rel\u00e1mpago de F\u00fatbol Femenino en barrio El Vallecito - El Regional","og_description":"Bajo la consigna \u00abViva nos queremos\u00bb, la Direcci\u00f3n de Promoci\u00f3n de Buenas Convivencias organiza para este s\u00e1bado 20 de noviembre un Torneo rel\u00e1mpago de f\u00fatbol femenino. Indicaron que lo que se pretende es visibilizar a los equipos de f\u00fatbol femenino de la ciudad, y desmitificar que es un deporte solo para hombres, adem\u00e1s de concientizar [&hellip;]","og_url":"http:\/\/elregionalvm.com.ar\/noticias-villa-maria\/torneo-relampago-de-futbol-femenino-en-barrio-el-vallecito\/","og_site_name":"El Regional","article_publisher":"https:\/\/www.facebook.com\/elregionalvm","article_published_time":"2021-11-17T00:21:13+00:00","article_modified_time":"2021-11-17T00:21:14+00:00","og_image":[{"width":1080,"height":1080,"url":"http:\/\/elregionalvm.com.ar\/noticias-villa-maria\/wp-content\/uploads\/2021\/11\/WhatsApp-Image-2021-11-16-at-13.52.49.jpeg","type":"image\/jpeg"}],"author":"Contenidos El Regional","twitter_card":"summary_large_image","twitter_creator":"@elregionalvm1","twitter_site":"@elregionalvm1","twitter_misc":{"Escrito por":"Contenidos El Regional","Tiempo de lectura":"1 minuto"},"schema":{"@context":"https:\/\/schema.org","@graph":[{"@type":"Article","@id":"http:\/\/elregionalvm.com.ar\/noticias-villa-maria\/torneo-relampago-de-futbol-femenino-en-barrio-el-vallecito\/#article","isPartOf":{"@id":"http:\/\/elregionalvm.com.ar\/noticias-villa-maria\/torneo-relampago-de-futbol-femenino-en-barrio-el-vallecito\/"},"author":{"name":"Contenidos El Regional","@id":"http:\/\/elregionalvm.com.ar\/noticias-villa-maria\/#\/schema\/person\/a0fb9c422317faca23d50163151bc354"},"headline":"Torneo Rel\u00e1mpago de F\u00fatbol Femenino en barrio El Vallecito","datePublished":"2021-11-17T00:21:13+00:00","dateModified":"2021-11-17T00:21:14+00:00","mainEntityOfPage":{"@id":"http:\/\/elregionalvm.com.ar\/noticias-villa-maria\/torneo-relampago-de-futbol-femenino-en-barrio-el-vallecito\/"},"wordCount":220,"commentCount":0,"image":{"@id":"http:\/\/elregionalvm.com.ar\/noticias-villa-maria\/torneo-relampago-de-futbol-femenino-en-barrio-el-vallecito\/#primaryimage"},"thumbnailUrl":"https:\/\/i0.wp.com\/elregionalvm.com.ar\/noticias-villa-maria\/wp-content\/uploads\/2021\/11\/WhatsApp-Image-2021-11-16-at-13.52.49.jpeg?fit=1080%2C1080&ssl=1","keywords":["Futbol 7 Solidario","Torneo Rel\u00e1mpago","VILLA NUEVA","Vivas Nos Queremos"],"articleSection":["Villa Nueva"],"inLanguage":"es","potentialAction":[{"@type":"CommentAction","name":"Comment","target":["http:\/\/elregionalvm.com.ar\/noticias-villa-maria\/torneo-relampago-de-futbol-femenino-en-barrio-el-vallecito\/#respond"]}]},{"@type":"WebPage","@id":"http:\/\/elregionalvm.com.ar\/noticias-villa-maria\/torneo-relampago-de-futbol-femenino-en-barrio-el-vallecito\/","url":"http:\/\/elregionalvm.com.ar\/noticias-villa-maria\/torneo-relampago-de-futbol-femenino-en-barrio-el-vallecito\/","name":"Torneo Rel\u00e1mpago de F\u00fatbol Femenino en barrio El Vallecito - El Regional","isPartOf":{"@id":"http:\/\/elregionalvm.com.ar\/noticias-villa-maria\/#website"},"primaryImageOfPage":{"@id":"http:\/\/elregionalvm.com.ar\/noticias-villa-maria\/torneo-relampago-de-futbol-femenino-en-barrio-el-vallecito\/#primaryimage"},"image":{"@id":"http:\/\/elregionalvm.com.ar\/noticias-villa-maria\/torneo-relampago-de-futbol-femenino-en-barrio-el-vallecito\/#primaryimage"},"thumbnailUrl":"https:\/\/i0.wp.com\/elregionalvm.com.ar\/noticias-villa-maria\/wp-content\/uploads\/2021\/11\/WhatsApp-Image-2021-11-16-at-13.52.49.jpeg?fit=1080%2C1080&ssl=1","datePublished":"2021-11-17T00:21:13+00:00","dateModified":"2021-11-17T00:21:14+00:00","author":{"@id":"http:\/\/elregionalvm.com.ar\/noticias-villa-maria\/#\/schema\/person\/a0fb9c422317faca23d50163151bc354"},"breadcrumb":{"@id":"http:\/\/elregionalvm.com.ar\/noticias-villa-maria\/torneo-relampago-de-futbol-femenino-en-barrio-el-vallecito\/#breadcrumb"},"inLanguage":"es","potentialAction":[{"@type":"ReadAction","target":["http:\/\/elregionalvm.com.ar\/noticias-villa-maria\/torneo-relampago-de-futbol-femenino-en-barrio-el-vallecito\/"]}]},{"@type":"ImageObject","inLanguage":"es","@id":"http:\/\/elregionalvm.com.ar\/noticias-villa-maria\/torneo-relampago-de-futbol-femenino-en-barrio-el-vallecito\/#primaryimage","url":"https:\/\/i0.wp.com\/elregionalvm.com.ar\/noticias-villa-maria\/wp-content\/uploads\/2021\/11\/WhatsApp-Image-2021-11-16-at-13.52.49.jpeg?fit=1080%2C1080&ssl=1","contentUrl":"https:\/\/i0.wp.com\/elregionalvm.com.ar\/noticias-villa-maria\/wp-content\/uploads\/2021\/11\/WhatsApp-Image-2021-11-16-at-13.52.49.jpeg?fit=1080%2C1080&ssl=1","width":1080,"height":1080},{"@type":"BreadcrumbList","@id":"http:\/\/elregionalvm.com.ar\/noticias-villa-maria\/torneo-relampago-de-futbol-femenino-en-barrio-el-vallecito\/#breadcrumb","itemListElement":[{"@type":"ListItem","position":1,"name":"Portada","item":"https:\/\/elregionalvm.com.ar\/noticias-villa-maria\/"},{"@type":"ListItem","position":2,"name":"Torneo Rel\u00e1mpago de F\u00fatbol Femenino en barrio El Vallecito"}]},{"@type":"WebSite","@id":"http:\/\/elregionalvm.com.ar\/noticias-villa-maria\/#website","url":"http:\/\/elregionalvm.com.ar\/noticias-villa-maria\/","name":"El Regional","description":"Mucho m\u00e1s que informaci\u00f3n","potentialAction":[{"@type":"SearchAction","target":{"@type":"EntryPoint","urlTemplate":"http:\/\/elregionalvm.com.ar\/noticias-villa-maria\/?s={search_term_string}"},"query-input":{"@type":"PropertyValueSpecification","valueRequired":true,"valueName":"search_term_string"}}],"inLanguage":"es"},{"@type":"Person","@id":"http:\/\/elregionalvm.com.ar\/noticias-villa-maria\/#\/schema\/person\/a0fb9c422317faca23d50163151bc354","name":"Contenidos El Regional","image":{"@type":"ImageObject","inLanguage":"es","@id":"http:\/\/elregionalvm.com.ar\/noticias-villa-maria\/#\/schema\/person\/image\/","url":"https:\/\/secure.gravatar.com\/avatar\/265b27cb2209af7bb3a1318f03305787d7981a5cc6e6cd08fe5a4ecdf99d4b48?s=96&d=mm&r=g","contentUrl":"https:\/\/secure.gravatar.com\/avatar\/265b27cb2209af7bb3a1318f03305787d7981a5cc6e6cd08fe5a4ecdf99d4b48?s=96&d=mm&r=g","caption":"Contenidos El Regional"},"url":"https:\/\/elregionalvm.com.ar\/noticias-villa-maria\/author\/contenido\/"}]}},"jetpack_featured_media_url":"https:\/\/i0.wp.com\/elregionalvm.com.ar\/noticias-villa-maria\/wp-content\/uploads\/2021\/11\/WhatsApp-Image-2021-11-16-at-13.52.49.jpeg?fit=1080%2C1080&ssl=1","jetpack_sharing_enabled":true,"_links":{"self":[{"href":"https:\/\/elregionalvm.com.ar\/noticias-villa-maria\/wp-json\/wp\/v2\/posts\/48280","targetHints":{"allow":["GET"]}}],"collection":[{"href":"https:\/\/elregionalvm.com.ar\/noticias-villa-maria\/wp-json\/wp\/v2\/posts"}],"about":[{"href":"https:\/\/elregionalvm.com.ar\/noticias-villa-maria\/wp-json\/wp\/v2\/types\/post"}],"author":[{"embeddable":true,"href":"https:\/\/elregionalvm.com.ar\/noticias-villa-maria\/wp-json\/wp\/v2\/users\/4"}],"replies":[{"embeddable":true,"href":"https:\/\/elregionalvm.com.ar\/noticias-villa-maria\/wp-json\/wp\/v2\/comments?post=48280"}],"version-history":[{"count":1,"href":"https:\/\/elregionalvm.com.ar\/noticias-villa-maria\/wp-json\/wp\/v2\/posts\/48280\/revisions"}],"predecessor-version":[{"id":48282,"href":"https:\/\/elregionalvm.com.ar\/noticias-villa-maria\/wp-json\/wp\/v2\/posts\/48280\/revisions\/48282"}],"wp:featuredmedia":[{"embeddable":true,"href":"https:\/\/elregionalvm.com.ar\/noticias-villa-maria\/wp-json\/wp\/v2\/media\/48281"}],"wp:attachment":[{"href":"https:\/\/elregionalvm.com.ar\/noticias-villa-maria\/wp-json\/wp\/v2\/media?parent=48280"}],"wp:term":[{"taxonomy":"category","embeddable":true,"href":"https:\/\/elregionalvm.com.ar\/noticias-villa-maria\/wp-json\/wp\/v2\/categories?post=48280"},{"taxonomy":"post_tag","embeddable":true,"href":"https:\/\/elregionalvm.com.ar\/noticias-villa-maria\/wp-json\/wp\/v2\/tags?post=48280"}],"curies":[{"name":"wp","href":"https:\/\/api.w.org\/{rel}","templated":true}]}}