{"id":48286,"date":"2021-11-17T16:40:26","date_gmt":"2021-11-17T16:40:26","guid":{"rendered":"https:\/\/elregionalvm.com.ar\/noticias-villa-maria\/?p=48286"},"modified":"2021-11-17T16:40:27","modified_gmt":"2021-11-17T16:40:27","slug":"adios-tito-querido-fallecio-raul-valls-el-maestro-de-los-sonidos-de-la-radio","status":"publish","type":"post","link":"https:\/\/elregionalvm.com.ar\/noticias-villa-maria\/adios-tito-querido-fallecio-raul-valls-el-maestro-de-los-sonidos-de-la-radio\/","title":{"rendered":"\u00a1Adi\u00f3s Tito Querido! Falleci\u00f3 Ra\u00fal Valls, el maestro de los sonidos de la radio"},"content":{"rendered":"\n<p><\/p>\n\n\n\n<p>Con enorme pena, desde el Grupo Radial Centro comunicaron el fallecimiento de Ra\u00fal \u201cTito\u201d Valls, luego de haber sufrido el viernes pasado un infarto.<\/p>\n\n\n\n<p>\u201cAunque en nuestros corazones alberg\u00e1bamos la esperanza de una recuperaci\u00f3n, que se nos hiciera el milagro, lamentablemente hace unos minutos, se nos dio la triste noticia\u201d, difundieron en horas cercanas al mediod\u00eda de hoy.<\/p>\n\n\n\n<p>Tito Valls, ha sido por a\u00f1os, el hist\u00f3rico adalid de Edgardo Munch en la puesta en marcha de las radios que integran las emisoras del Grupo Radial Centro, como maestro de operadores y como el gran especialista en temas t\u00e9cnicos inherentes a la radiofon\u00eda local y regional.<\/p>\n\n\n\n<p>Un verdadero hacedor, el hombre de las antenas, de las consolas, de los cables detr\u00e1s de cada transmisi\u00f3n del Grupo.<\/p>\n\n\n\n<p>\u201cNo nos reponemos a\u00fan de la muerte de Edgardo Munch, cuando debemos procesar esta otra gran p\u00e9rdida. Acompa\u00f1amos a sus familiares y amigos en tal duro momento. Sus compa\u00f1eros nunca lo olvidaremos\u201d, indicaron desde el medio al que pertenec\u00eda Valls.<\/p>\n\n\n\n<p>El velatorio ser\u00e1 a partir de las 16 hasta las 22en Cocher\u00eda Itat\u00ed, mientras que el funeral tendr\u00e1 lugar este jueves por la ma\u00f1ana en horario a confirmar.<\/p>\n\n\n\n<p><\/p>\n\n\n\n<p><strong>Desde EL REGIONAL Diario Digital enviamos nuestras condolencias a la familia, amigos y compa\u00f1eros de Tito.<\/strong><\/p>\n","protected":false},"excerpt":{"rendered":"<p>Con enorme pena, desde el Grupo Radial Centro comunicaron el fallecimiento de Ra\u00fal \u201cTito\u201d Valls, luego de haber sufrido el viernes pasado un infarto. \u201cAunque en nuestros corazones alberg\u00e1bamos la esperanza de una recuperaci\u00f3n, que se nos hiciera el milagro, lamentablemente hace unos minutos, se nos dio la triste noticia\u201d, difundieron en horas cercanas al [&hellip;]<\/p>\n","protected":false},"author":4,"featured_media":48288,"comment_status":"open","ping_status":"open","sticky":false,"template":"","format":"standard","meta":{"site-sidebar-layout":"default","site-content-layout":"default","ast-site-content-layout":"default","site-content-style":"default","site-sidebar-style":"default","ast-global-header-display":"","ast-banner-title-visibility":"","ast-main-header-display":"","ast-hfb-above-header-display":"","ast-hfb-below-header-display":"","ast-hfb-mobile-header-display":"","site-post-title":"","ast-breadcrumbs-content":"","ast-featured-img":"","footer-sml-layout":"","ast-disable-related-posts":"","theme-transparent-header-meta":"default","adv-header-id-meta":"","stick-header-meta":"","header-above-stick-meta":"","header-main-stick-meta":"","header-below-stick-meta":"","astra-migrate-meta-layouts":"default","ast-page-background-enabled":"default","ast-page-background-meta":{"desktop":{"background-color":"","background-image":"","background-repeat":"repeat","background-position":"center center","background-size":"auto","background-attachment":"scroll","background-type":"","background-media":"","overlay-type":"","overlay-color":"","overlay-opacity":"","overlay-gradient":""},"tablet":{"background-color":"","background-image":"","background-repeat":"repeat","background-position":"center center","background-size":"auto","background-attachment":"scroll","background-type":"","background-media":"","overlay-type":"","overlay-color":"","overlay-opacity":"","overlay-gradient":""},"mobile":{"background-color":"","background-image":"","background-repeat":"repeat","background-position":"center center","background-size":"auto","background-attachment":"scroll","background-type":"","background-media":"","overlay-type":"","overlay-color":"","overlay-opacity":"","overlay-gradient":""}},"ast-content-background-meta":{"desktop":{"background-color":"var(--ast-global-color-5)","background-image":"","background-repeat":"repeat","background-position":"center center","background-size":"auto","background-attachment":"scroll","background-type":"","background-media":"","overlay-type":"","overlay-color":"","overlay-opacity":"","overlay-gradient":""},"tablet":{"background-color":"var(--ast-global-color-5)","background-image":"","background-repeat":"repeat","background-position":"center center","background-size":"auto","background-attachment":"scroll","background-type":"","background-media":"","overlay-type":"","overlay-color":"","overlay-opacity":"","overlay-gradient":""},"mobile":{"background-color":"var(--ast-global-color-5)","background-image":"","background-repeat":"repeat","background-position":"center center","background-size":"auto","background-attachment":"scroll","background-type":"","background-media":"","overlay-type":"","overlay-color":"","overlay-opacity":"","overlay-gradient":""}},"_jetpack_memberships_contains_paid_content":false,"_joinchat":[],"footnotes":""},"categories":[2],"tags":[12272,8559,11344,261,436,1180,12270],"class_list":["post-48286","post","type-post","status-publish","format-standard","has-post-thumbnail","hentry","category-villa-maria","tag-consola","tag-detacado","tag-edgardo-munch","tag-fallecimiento","tag-radio","tag-radio-centro","tag-tito-valls"],"yoast_head":"<!-- This site is optimized with the Yoast SEO plugin v26.8 - https:\/\/yoast.com\/product\/yoast-seo-wordpress\/ -->\n<title>\u00a1Adi\u00f3s Tito Querido! Falleci\u00f3 Ra\u00fal Valls, el maestro de los sonidos de la radio - El Regional<\/title>\n<meta name=\"description\" content=\"Con enorme pena, desde el Grupo Radial Centro comunicaron el fallecimiento de Ra\u00fal \u201cTito\u201d Valls, tras haber sufrido un infarto el viernes.\" \/>\n<meta name=\"robots\" content=\"index, follow, max-snippet:-1, max-image-preview:large, max-video-preview:-1\" \/>\n<link rel=\"canonical\" href=\"http:\/\/elregionalvm.com.ar\/noticias-villa-maria\/adios-tito-querido-fallecio-raul-valls-el-maestro-de-los-sonidos-de-la-radio\/\" \/>\n<meta property=\"og:locale\" content=\"es_ES\" \/>\n<meta property=\"og:type\" content=\"article\" \/>\n<meta property=\"og:title\" content=\"\u00a1Adi\u00f3s Tito Querido! Falleci\u00f3 Ra\u00fal Valls, el maestro de los sonidos de la radio - El Regional\" \/>\n<meta property=\"og:description\" content=\"Con enorme pena, desde el Grupo Radial Centro comunicaron el fallecimiento de Ra\u00fal \u201cTito\u201d Valls, tras haber sufrido un infarto el viernes.\" \/>\n<meta property=\"og:url\" content=\"http:\/\/elregionalvm.com.ar\/noticias-villa-maria\/adios-tito-querido-fallecio-raul-valls-el-maestro-de-los-sonidos-de-la-radio\/\" \/>\n<meta property=\"og:site_name\" content=\"El Regional\" \/>\n<meta property=\"article:publisher\" content=\"https:\/\/www.facebook.com\/elregionalvm\" \/>\n<meta property=\"article:published_time\" content=\"2021-11-17T16:40:26+00:00\" \/>\n<meta property=\"article:modified_time\" content=\"2021-11-17T16:40:27+00:00\" \/>\n<meta property=\"og:image\" content=\"http:\/\/elregionalvm.com.ar\/noticias-villa-maria\/wp-content\/uploads\/2021\/11\/Raul-Tito-Valls.jpg\" \/>\n\t<meta property=\"og:image:width\" content=\"569\" \/>\n\t<meta property=\"og:image:height\" content=\"470\" \/>\n\t<meta property=\"og:image:type\" content=\"image\/jpeg\" \/>\n<meta name=\"author\" content=\"Contenidos El Regional\" \/>\n<meta name=\"twitter:card\" content=\"summary_large_image\" \/>\n<meta name=\"twitter:creator\" content=\"@elregionalvm1\" \/>\n<meta name=\"twitter:site\" content=\"@elregionalvm1\" \/>\n<meta name=\"twitter:label1\" content=\"Escrito por\" \/>\n\t<meta name=\"twitter:data1\" content=\"Contenidos El Regional\" \/>\n\t<meta name=\"twitter:label2\" content=\"Tiempo de lectura\" \/>\n\t<meta name=\"twitter:data2\" content=\"1 minuto\" \/>\n<script type=\"application\/ld+json\" class=\"yoast-schema-graph\">{\"@context\":\"https:\/\/schema.org\",\"@graph\":[{\"@type\":\"Article\",\"@id\":\"http:\/\/elregionalvm.com.ar\/noticias-villa-maria\/adios-tito-querido-fallecio-raul-valls-el-maestro-de-los-sonidos-de-la-radio\/#article\",\"isPartOf\":{\"@id\":\"http:\/\/elregionalvm.com.ar\/noticias-villa-maria\/adios-tito-querido-fallecio-raul-valls-el-maestro-de-los-sonidos-de-la-radio\/\"},\"author\":{\"name\":\"Contenidos El Regional\",\"@id\":\"http:\/\/elregionalvm.com.ar\/noticias-villa-maria\/#\/schema\/person\/a0fb9c422317faca23d50163151bc354\"},\"headline\":\"\u00a1Adi\u00f3s Tito Querido! Falleci\u00f3 Ra\u00fal Valls, el maestro de los sonidos de la radio\",\"datePublished\":\"2021-11-17T16:40:26+00:00\",\"dateModified\":\"2021-11-17T16:40:27+00:00\",\"mainEntityOfPage\":{\"@id\":\"http:\/\/elregionalvm.com.ar\/noticias-villa-maria\/adios-tito-querido-fallecio-raul-valls-el-maestro-de-los-sonidos-de-la-radio\/\"},\"wordCount\":242,\"commentCount\":0,\"image\":{\"@id\":\"http:\/\/elregionalvm.com.ar\/noticias-villa-maria\/adios-tito-querido-fallecio-raul-valls-el-maestro-de-los-sonidos-de-la-radio\/#primaryimage\"},\"thumbnailUrl\":\"https:\/\/i0.wp.com\/elregionalvm.com.ar\/noticias-villa-maria\/wp-content\/uploads\/2021\/11\/Raul-Tito-Valls.jpg?fit=569%2C470&ssl=1\",\"keywords\":[\"consola\",\"detacado\",\"Edgardo Munch\",\"fallecimiento\",\"radio\",\"Radio Centro\",\"Tito Valls\"],\"articleSection\":[\"Villa Mar\u00eda\"],\"inLanguage\":\"es\",\"potentialAction\":[{\"@type\":\"CommentAction\",\"name\":\"Comment\",\"target\":[\"http:\/\/elregionalvm.com.ar\/noticias-villa-maria\/adios-tito-querido-fallecio-raul-valls-el-maestro-de-los-sonidos-de-la-radio\/#respond\"]}]},{\"@type\":\"WebPage\",\"@id\":\"http:\/\/elregionalvm.com.ar\/noticias-villa-maria\/adios-tito-querido-fallecio-raul-valls-el-maestro-de-los-sonidos-de-la-radio\/\",\"url\":\"http:\/\/elregionalvm.com.ar\/noticias-villa-maria\/adios-tito-querido-fallecio-raul-valls-el-maestro-de-los-sonidos-de-la-radio\/\",\"name\":\"\u00a1Adi\u00f3s Tito Querido! Falleci\u00f3 Ra\u00fal Valls, el maestro de los sonidos de la radio - El Regional\",\"isPartOf\":{\"@id\":\"http:\/\/elregionalvm.com.ar\/noticias-villa-maria\/#website\"},\"primaryImageOfPage\":{\"@id\":\"http:\/\/elregionalvm.com.ar\/noticias-villa-maria\/adios-tito-querido-fallecio-raul-valls-el-maestro-de-los-sonidos-de-la-radio\/#primaryimage\"},\"image\":{\"@id\":\"http:\/\/elregionalvm.com.ar\/noticias-villa-maria\/adios-tito-querido-fallecio-raul-valls-el-maestro-de-los-sonidos-de-la-radio\/#primaryimage\"},\"thumbnailUrl\":\"https:\/\/i0.wp.com\/elregionalvm.com.ar\/noticias-villa-maria\/wp-content\/uploads\/2021\/11\/Raul-Tito-Valls.jpg?fit=569%2C470&ssl=1\",\"datePublished\":\"2021-11-17T16:40:26+00:00\",\"dateModified\":\"2021-11-17T16:40:27+00:00\",\"author\":{\"@id\":\"http:\/\/elregionalvm.com.ar\/noticias-villa-maria\/#\/schema\/person\/a0fb9c422317faca23d50163151bc354\"},\"description\":\"Con enorme pena, desde el Grupo Radial Centro comunicaron el fallecimiento de Ra\u00fal \u201cTito\u201d Valls, tras haber sufrido un infarto el viernes.\",\"breadcrumb\":{\"@id\":\"http:\/\/elregionalvm.com.ar\/noticias-villa-maria\/adios-tito-querido-fallecio-raul-valls-el-maestro-de-los-sonidos-de-la-radio\/#breadcrumb\"},\"inLanguage\":\"es\",\"potentialAction\":[{\"@type\":\"ReadAction\",\"target\":[\"http:\/\/elregionalvm.com.ar\/noticias-villa-maria\/adios-tito-querido-fallecio-raul-valls-el-maestro-de-los-sonidos-de-la-radio\/\"]}]},{\"@type\":\"ImageObject\",\"inLanguage\":\"es\",\"@id\":\"http:\/\/elregionalvm.com.ar\/noticias-villa-maria\/adios-tito-querido-fallecio-raul-valls-el-maestro-de-los-sonidos-de-la-radio\/#primaryimage\",\"url\":\"https:\/\/i0.wp.com\/elregionalvm.com.ar\/noticias-villa-maria\/wp-content\/uploads\/2021\/11\/Raul-Tito-Valls.jpg?fit=569%2C470&ssl=1\",\"contentUrl\":\"https:\/\/i0.wp.com\/elregionalvm.com.ar\/noticias-villa-maria\/wp-content\/uploads\/2021\/11\/Raul-Tito-Valls.jpg?fit=569%2C470&ssl=1\",\"width\":569,\"height\":470},{\"@type\":\"BreadcrumbList\",\"@id\":\"http:\/\/elregionalvm.com.ar\/noticias-villa-maria\/adios-tito-querido-fallecio-raul-valls-el-maestro-de-los-sonidos-de-la-radio\/#breadcrumb\",\"itemListElement\":[{\"@type\":\"ListItem\",\"position\":1,\"name\":\"Portada\",\"item\":\"https:\/\/elregionalvm.com.ar\/noticias-villa-maria\/\"},{\"@type\":\"ListItem\",\"position\":2,\"name\":\"\u00a1Adi\u00f3s Tito Querido! Falleci\u00f3 Ra\u00fal Valls, el maestro de los sonidos de la radio\"}]},{\"@type\":\"WebSite\",\"@id\":\"http:\/\/elregionalvm.com.ar\/noticias-villa-maria\/#website\",\"url\":\"http:\/\/elregionalvm.com.ar\/noticias-villa-maria\/\",\"name\":\"El Regional\",\"description\":\"Mucho m\u00e1s que informaci\u00f3n\",\"potentialAction\":[{\"@type\":\"SearchAction\",\"target\":{\"@type\":\"EntryPoint\",\"urlTemplate\":\"http:\/\/elregionalvm.com.ar\/noticias-villa-maria\/?s={search_term_string}\"},\"query-input\":{\"@type\":\"PropertyValueSpecification\",\"valueRequired\":true,\"valueName\":\"search_term_string\"}}],\"inLanguage\":\"es\"},{\"@type\":\"Person\",\"@id\":\"http:\/\/elregionalvm.com.ar\/noticias-villa-maria\/#\/schema\/person\/a0fb9c422317faca23d50163151bc354\",\"name\":\"Contenidos El Regional\",\"image\":{\"@type\":\"ImageObject\",\"inLanguage\":\"es\",\"@id\":\"http:\/\/elregionalvm.com.ar\/noticias-villa-maria\/#\/schema\/person\/image\/\",\"url\":\"https:\/\/secure.gravatar.com\/avatar\/265b27cb2209af7bb3a1318f03305787d7981a5cc6e6cd08fe5a4ecdf99d4b48?s=96&d=mm&r=g\",\"contentUrl\":\"https:\/\/secure.gravatar.com\/avatar\/265b27cb2209af7bb3a1318f03305787d7981a5cc6e6cd08fe5a4ecdf99d4b48?s=96&d=mm&r=g\",\"caption\":\"Contenidos El Regional\"},\"url\":\"https:\/\/elregionalvm.com.ar\/noticias-villa-maria\/author\/contenido\/\"}]}<\/script>\n<!-- \/ Yoast SEO plugin. -->","yoast_head_json":{"title":"\u00a1Adi\u00f3s Tito Querido! Falleci\u00f3 Ra\u00fal Valls, el maestro de los sonidos de la radio - El Regional","description":"Con enorme pena, desde el Grupo Radial Centro comunicaron el fallecimiento de Ra\u00fal \u201cTito\u201d Valls, tras haber sufrido un infarto el viernes.","robots":{"index":"index","follow":"follow","max-snippet":"max-snippet:-1","max-image-preview":"max-image-preview:large","max-video-preview":"max-video-preview:-1"},"canonical":"http:\/\/elregionalvm.com.ar\/noticias-villa-maria\/adios-tito-querido-fallecio-raul-valls-el-maestro-de-los-sonidos-de-la-radio\/","og_locale":"es_ES","og_type":"article","og_title":"\u00a1Adi\u00f3s Tito Querido! Falleci\u00f3 Ra\u00fal Valls, el maestro de los sonidos de la radio - El Regional","og_description":"Con enorme pena, desde el Grupo Radial Centro comunicaron el fallecimiento de Ra\u00fal \u201cTito\u201d Valls, tras haber sufrido un infarto el viernes.","og_url":"http:\/\/elregionalvm.com.ar\/noticias-villa-maria\/adios-tito-querido-fallecio-raul-valls-el-maestro-de-los-sonidos-de-la-radio\/","og_site_name":"El Regional","article_publisher":"https:\/\/www.facebook.com\/elregionalvm","article_published_time":"2021-11-17T16:40:26+00:00","article_modified_time":"2021-11-17T16:40:27+00:00","og_image":[{"width":569,"height":470,"url":"http:\/\/elregionalvm.com.ar\/noticias-villa-maria\/wp-content\/uploads\/2021\/11\/Raul-Tito-Valls.jpg","type":"image\/jpeg"}],"author":"Contenidos El Regional","twitter_card":"summary_large_image","twitter_creator":"@elregionalvm1","twitter_site":"@elregionalvm1","twitter_misc":{"Escrito por":"Contenidos El Regional","Tiempo de lectura":"1 minuto"},"schema":{"@context":"https:\/\/schema.org","@graph":[{"@type":"Article","@id":"http:\/\/elregionalvm.com.ar\/noticias-villa-maria\/adios-tito-querido-fallecio-raul-valls-el-maestro-de-los-sonidos-de-la-radio\/#article","isPartOf":{"@id":"http:\/\/elregionalvm.com.ar\/noticias-villa-maria\/adios-tito-querido-fallecio-raul-valls-el-maestro-de-los-sonidos-de-la-radio\/"},"author":{"name":"Contenidos El Regional","@id":"http:\/\/elregionalvm.com.ar\/noticias-villa-maria\/#\/schema\/person\/a0fb9c422317faca23d50163151bc354"},"headline":"\u00a1Adi\u00f3s Tito Querido! Falleci\u00f3 Ra\u00fal Valls, el maestro de los sonidos de la radio","datePublished":"2021-11-17T16:40:26+00:00","dateModified":"2021-11-17T16:40:27+00:00","mainEntityOfPage":{"@id":"http:\/\/elregionalvm.com.ar\/noticias-villa-maria\/adios-tito-querido-fallecio-raul-valls-el-maestro-de-los-sonidos-de-la-radio\/"},"wordCount":242,"commentCount":0,"image":{"@id":"http:\/\/elregionalvm.com.ar\/noticias-villa-maria\/adios-tito-querido-fallecio-raul-valls-el-maestro-de-los-sonidos-de-la-radio\/#primaryimage"},"thumbnailUrl":"https:\/\/i0.wp.com\/elregionalvm.com.ar\/noticias-villa-maria\/wp-content\/uploads\/2021\/11\/Raul-Tito-Valls.jpg?fit=569%2C470&ssl=1","keywords":["consola","detacado","Edgardo Munch","fallecimiento","radio","Radio Centro","Tito Valls"],"articleSection":["Villa Mar\u00eda"],"inLanguage":"es","potentialAction":[{"@type":"CommentAction","name":"Comment","target":["http:\/\/elregionalvm.com.ar\/noticias-villa-maria\/adios-tito-querido-fallecio-raul-valls-el-maestro-de-los-sonidos-de-la-radio\/#respond"]}]},{"@type":"WebPage","@id":"http:\/\/elregionalvm.com.ar\/noticias-villa-maria\/adios-tito-querido-fallecio-raul-valls-el-maestro-de-los-sonidos-de-la-radio\/","url":"http:\/\/elregionalvm.com.ar\/noticias-villa-maria\/adios-tito-querido-fallecio-raul-valls-el-maestro-de-los-sonidos-de-la-radio\/","name":"\u00a1Adi\u00f3s Tito Querido! Falleci\u00f3 Ra\u00fal Valls, el maestro de los sonidos de la radio - El Regional","isPartOf":{"@id":"http:\/\/elregionalvm.com.ar\/noticias-villa-maria\/#website"},"primaryImageOfPage":{"@id":"http:\/\/elregionalvm.com.ar\/noticias-villa-maria\/adios-tito-querido-fallecio-raul-valls-el-maestro-de-los-sonidos-de-la-radio\/#primaryimage"},"image":{"@id":"http:\/\/elregionalvm.com.ar\/noticias-villa-maria\/adios-tito-querido-fallecio-raul-valls-el-maestro-de-los-sonidos-de-la-radio\/#primaryimage"},"thumbnailUrl":"https:\/\/i0.wp.com\/elregionalvm.com.ar\/noticias-villa-maria\/wp-content\/uploads\/2021\/11\/Raul-Tito-Valls.jpg?fit=569%2C470&ssl=1","datePublished":"2021-11-17T16:40:26+00:00","dateModified":"2021-11-17T16:40:27+00:00","author":{"@id":"http:\/\/elregionalvm.com.ar\/noticias-villa-maria\/#\/schema\/person\/a0fb9c422317faca23d50163151bc354"},"description":"Con enorme pena, desde el Grupo Radial Centro comunicaron el fallecimiento de Ra\u00fal \u201cTito\u201d Valls, tras haber sufrido un infarto el viernes.","breadcrumb":{"@id":"http:\/\/elregionalvm.com.ar\/noticias-villa-maria\/adios-tito-querido-fallecio-raul-valls-el-maestro-de-los-sonidos-de-la-radio\/#breadcrumb"},"inLanguage":"es","potentialAction":[{"@type":"ReadAction","target":["http:\/\/elregionalvm.com.ar\/noticias-villa-maria\/adios-tito-querido-fallecio-raul-valls-el-maestro-de-los-sonidos-de-la-radio\/"]}]},{"@type":"ImageObject","inLanguage":"es","@id":"http:\/\/elregionalvm.com.ar\/noticias-villa-maria\/adios-tito-querido-fallecio-raul-valls-el-maestro-de-los-sonidos-de-la-radio\/#primaryimage","url":"https:\/\/i0.wp.com\/elregionalvm.com.ar\/noticias-villa-maria\/wp-content\/uploads\/2021\/11\/Raul-Tito-Valls.jpg?fit=569%2C470&ssl=1","contentUrl":"https:\/\/i0.wp.com\/elregionalvm.com.ar\/noticias-villa-maria\/wp-content\/uploads\/2021\/11\/Raul-Tito-Valls.jpg?fit=569%2C470&ssl=1","width":569,"height":470},{"@type":"BreadcrumbList","@id":"http:\/\/elregionalvm.com.ar\/noticias-villa-maria\/adios-tito-querido-fallecio-raul-valls-el-maestro-de-los-sonidos-de-la-radio\/#breadcrumb","itemListElement":[{"@type":"ListItem","position":1,"name":"Portada","item":"https:\/\/elregionalvm.com.ar\/noticias-villa-maria\/"},{"@type":"ListItem","position":2,"name":"\u00a1Adi\u00f3s Tito Querido! Falleci\u00f3 Ra\u00fal Valls, el maestro de los sonidos de la radio"}]},{"@type":"WebSite","@id":"http:\/\/elregionalvm.com.ar\/noticias-villa-maria\/#website","url":"http:\/\/elregionalvm.com.ar\/noticias-villa-maria\/","name":"El Regional","description":"Mucho m\u00e1s que informaci\u00f3n","potentialAction":[{"@type":"SearchAction","target":{"@type":"EntryPoint","urlTemplate":"http:\/\/elregionalvm.com.ar\/noticias-villa-maria\/?s={search_term_string}"},"query-input":{"@type":"PropertyValueSpecification","valueRequired":true,"valueName":"search_term_string"}}],"inLanguage":"es"},{"@type":"Person","@id":"http:\/\/elregionalvm.com.ar\/noticias-villa-maria\/#\/schema\/person\/a0fb9c422317faca23d50163151bc354","name":"Contenidos El Regional","image":{"@type":"ImageObject","inLanguage":"es","@id":"http:\/\/elregionalvm.com.ar\/noticias-villa-maria\/#\/schema\/person\/image\/","url":"https:\/\/secure.gravatar.com\/avatar\/265b27cb2209af7bb3a1318f03305787d7981a5cc6e6cd08fe5a4ecdf99d4b48?s=96&d=mm&r=g","contentUrl":"https:\/\/secure.gravatar.com\/avatar\/265b27cb2209af7bb3a1318f03305787d7981a5cc6e6cd08fe5a4ecdf99d4b48?s=96&d=mm&r=g","caption":"Contenidos El Regional"},"url":"https:\/\/elregionalvm.com.ar\/noticias-villa-maria\/author\/contenido\/"}]}},"jetpack_featured_media_url":"https:\/\/i0.wp.com\/elregionalvm.com.ar\/noticias-villa-maria\/wp-content\/uploads\/2021\/11\/Raul-Tito-Valls.jpg?fit=569%2C470&ssl=1","jetpack_sharing_enabled":true,"_links":{"self":[{"href":"https:\/\/elregionalvm.com.ar\/noticias-villa-maria\/wp-json\/wp\/v2\/posts\/48286","targetHints":{"allow":["GET"]}}],"collection":[{"href":"https:\/\/elregionalvm.com.ar\/noticias-villa-maria\/wp-json\/wp\/v2\/posts"}],"about":[{"href":"https:\/\/elregionalvm.com.ar\/noticias-villa-maria\/wp-json\/wp\/v2\/types\/post"}],"author":[{"embeddable":true,"href":"https:\/\/elregionalvm.com.ar\/noticias-villa-maria\/wp-json\/wp\/v2\/users\/4"}],"replies":[{"embeddable":true,"href":"https:\/\/elregionalvm.com.ar\/noticias-villa-maria\/wp-json\/wp\/v2\/comments?post=48286"}],"version-history":[{"count":1,"href":"https:\/\/elregionalvm.com.ar\/noticias-villa-maria\/wp-json\/wp\/v2\/posts\/48286\/revisions"}],"predecessor-version":[{"id":48287,"href":"https:\/\/elregionalvm.com.ar\/noticias-villa-maria\/wp-json\/wp\/v2\/posts\/48286\/revisions\/48287"}],"wp:featuredmedia":[{"embeddable":true,"href":"https:\/\/elregionalvm.com.ar\/noticias-villa-maria\/wp-json\/wp\/v2\/media\/48288"}],"wp:attachment":[{"href":"https:\/\/elregionalvm.com.ar\/noticias-villa-maria\/wp-json\/wp\/v2\/media?parent=48286"}],"wp:term":[{"taxonomy":"category","embeddable":true,"href":"https:\/\/elregionalvm.com.ar\/noticias-villa-maria\/wp-json\/wp\/v2\/categories?post=48286"},{"taxonomy":"post_tag","embeddable":true,"href":"https:\/\/elregionalvm.com.ar\/noticias-villa-maria\/wp-json\/wp\/v2\/tags?post=48286"}],"curies":[{"name":"wp","href":"https:\/\/api.w.org\/{rel}","templated":true}]}}