{"id":48359,"date":"2021-11-19T00:28:11","date_gmt":"2021-11-19T00:28:11","guid":{"rendered":"https:\/\/elregionalvm.com.ar\/noticias-villa-maria\/?p=48359"},"modified":"2021-11-19T00:28:12","modified_gmt":"2021-11-19T00:28:12","slug":"general-cabrera-el-intendente-carasso-pedira-licencia-para-asumir-como-diputado","status":"publish","type":"post","link":"https:\/\/elregionalvm.com.ar\/noticias-villa-maria\/general-cabrera-el-intendente-carasso-pedira-licencia-para-asumir-como-diputado\/","title":{"rendered":"General Cabrera: el intendente Carasso pedir\u00e1 licencia para asumir como diputado"},"content":{"rendered":"\n<p>Ayer, el intendente de General Cabrera, Marcos Carasso, anunci\u00f3 que solicitar\u00e1 licencia en el Ejecutivo municipal para asumir como diputado nacional del bloque de Juntos por el Cambio.<\/p>\n\n\n\n<p>Entre los anuncios que brind\u00f3 el cabrarense, indic\u00f3 que ha decidido asumir un nuevo desaf\u00edo en el mundo de la pol\u00edtica y que cree que este nuevo rol como legislador en el Congreso de la Naci\u00f3n es una buena oportunidad en los tiempos que corren.<\/p>\n\n\n\n<p>Con Carasso ocupando la nueva banca, en lugar de Luis Juez que asumir\u00e1 como senador en el mes de diciembre, l\u00f3gicamente se producir\u00e1n cambios en el gobierno de General Cabrera.Por lo tanto, quien se har\u00e1 cargo frente a ese municipio ser\u00e1 Guillermo Cavigliasso, quien se desempe\u00f1aba actualmente como presidente del Concejo Deliberante.<\/p>\n\n\n\n<div class=\"wp-block-image\"><figure class=\"aligncenter size-full is-resized\"><img data-recalc-dims=\"1\" fetchpriority=\"high\" decoding=\"async\" src=\"https:\/\/i0.wp.com\/elregionalvm.com.ar\/noticias-villa-maria\/wp-content\/uploads\/2021\/11\/CARASSO-TWITTER.png?resize=246%2C340&#038;ssl=1\" alt=\"\" class=\"wp-image-48361\" width=\"246\" height=\"340\" srcset=\"https:\/\/i0.wp.com\/elregionalvm.com.ar\/noticias-villa-maria\/wp-content\/uploads\/2021\/11\/CARASSO-TWITTER.png?w=322&amp;ssl=1 322w, https:\/\/i0.wp.com\/elregionalvm.com.ar\/noticias-villa-maria\/wp-content\/uploads\/2021\/11\/CARASSO-TWITTER.png?resize=217%2C300&amp;ssl=1 217w\" sizes=\"(max-width: 246px) 100vw, 246px\" \/><\/figure><\/div>\n","protected":false},"excerpt":{"rendered":"<p>Ayer, el intendente de General Cabrera, Marcos Carasso, anunci\u00f3 que solicitar\u00e1 licencia en el Ejecutivo municipal para asumir como diputado nacional del bloque de Juntos por el Cambio. Entre los anuncios que brind\u00f3 el cabrarense, indic\u00f3 que ha decidido asumir un nuevo desaf\u00edo en el mundo de la pol\u00edtica y que cree que este nuevo [&hellip;]<\/p>\n","protected":false},"author":4,"featured_media":48360,"comment_status":"open","ping_status":"open","sticky":false,"template":"","format":"standard","meta":{"site-sidebar-layout":"default","site-content-layout":"default","ast-site-content-layout":"default","site-content-style":"default","site-sidebar-style":"default","ast-global-header-display":"","ast-banner-title-visibility":"","ast-main-header-display":"","ast-hfb-above-header-display":"","ast-hfb-below-header-display":"","ast-hfb-mobile-header-display":"","site-post-title":"","ast-breadcrumbs-content":"","ast-featured-img":"","footer-sml-layout":"","ast-disable-related-posts":"","theme-transparent-header-meta":"default","adv-header-id-meta":"","stick-header-meta":"","header-above-stick-meta":"","header-main-stick-meta":"","header-below-stick-meta":"","astra-migrate-meta-layouts":"default","ast-page-background-enabled":"default","ast-page-background-meta":{"desktop":{"background-color":"","background-image":"","background-repeat":"repeat","background-position":"center center","background-size":"auto","background-attachment":"scroll","background-type":"","background-media":"","overlay-type":"","overlay-color":"","overlay-opacity":"","overlay-gradient":""},"tablet":{"background-color":"","background-image":"","background-repeat":"repeat","background-position":"center center","background-size":"auto","background-attachment":"scroll","background-type":"","background-media":"","overlay-type":"","overlay-color":"","overlay-opacity":"","overlay-gradient":""},"mobile":{"background-color":"","background-image":"","background-repeat":"repeat","background-position":"center center","background-size":"auto","background-attachment":"scroll","background-type":"","background-media":"","overlay-type":"","overlay-color":"","overlay-opacity":"","overlay-gradient":""}},"ast-content-background-meta":{"desktop":{"background-color":"var(--ast-global-color-5)","background-image":"","background-repeat":"repeat","background-position":"center center","background-size":"auto","background-attachment":"scroll","background-type":"","background-media":"","overlay-type":"","overlay-color":"","overlay-opacity":"","overlay-gradient":""},"tablet":{"background-color":"var(--ast-global-color-5)","background-image":"","background-repeat":"repeat","background-position":"center center","background-size":"auto","background-attachment":"scroll","background-type":"","background-media":"","overlay-type":"","overlay-color":"","overlay-opacity":"","overlay-gradient":""},"mobile":{"background-color":"var(--ast-global-color-5)","background-image":"","background-repeat":"repeat","background-position":"center center","background-size":"auto","background-attachment":"scroll","background-type":"","background-media":"","overlay-type":"","overlay-color":"","overlay-opacity":"","overlay-gradient":""}},"_jetpack_memberships_contains_paid_content":false,"_joinchat":[],"footnotes":""},"categories":[2091],"tags":[1232,12304,624,12303,12305,7660],"class_list":["post-48359","post","type-post","status-publish","format-standard","has-post-thumbnail","hentry","category-region","tag-destacado","tag-diputado","tag-general-cabrera","tag-guillermo-cavigliasso","tag-licencia-de-intendente","tag-marcos-carasso"],"yoast_head":"<!-- This site is optimized with the Yoast SEO plugin v26.8 - https:\/\/yoast.com\/product\/yoast-seo-wordpress\/ -->\n<title>General Cabrera: el intendente Carasso pedir\u00e1 licencia para asumir como diputado - El Regional<\/title>\n<meta name=\"robots\" content=\"index, follow, max-snippet:-1, max-image-preview:large, max-video-preview:-1\" \/>\n<link rel=\"canonical\" href=\"http:\/\/elregionalvm.com.ar\/noticias-villa-maria\/general-cabrera-el-intendente-carasso-pedira-licencia-para-asumir-como-diputado\/\" \/>\n<meta property=\"og:locale\" content=\"es_ES\" \/>\n<meta property=\"og:type\" content=\"article\" \/>\n<meta property=\"og:title\" content=\"General Cabrera: el intendente Carasso pedir\u00e1 licencia para asumir como diputado - El Regional\" \/>\n<meta property=\"og:description\" content=\"Ayer, el intendente de General Cabrera, Marcos Carasso, anunci\u00f3 que solicitar\u00e1 licencia en el Ejecutivo municipal para asumir como diputado nacional del bloque de Juntos por el Cambio. Entre los anuncios que brind\u00f3 el cabrarense, indic\u00f3 que ha decidido asumir un nuevo desaf\u00edo en el mundo de la pol\u00edtica y que cree que este nuevo [&hellip;]\" \/>\n<meta property=\"og:url\" content=\"http:\/\/elregionalvm.com.ar\/noticias-villa-maria\/general-cabrera-el-intendente-carasso-pedira-licencia-para-asumir-como-diputado\/\" \/>\n<meta property=\"og:site_name\" content=\"El Regional\" \/>\n<meta property=\"article:publisher\" content=\"https:\/\/www.facebook.com\/elregionalvm\" \/>\n<meta property=\"article:published_time\" content=\"2021-11-19T00:28:11+00:00\" \/>\n<meta property=\"article:modified_time\" content=\"2021-11-19T00:28:12+00:00\" \/>\n<meta property=\"og:image\" content=\"http:\/\/elregionalvm.com.ar\/noticias-villa-maria\/wp-content\/uploads\/2021\/11\/MARCOS-CARASSO-2.jpg\" \/>\n\t<meta property=\"og:image:width\" content=\"854\" \/>\n\t<meta property=\"og:image:height\" content=\"570\" \/>\n\t<meta property=\"og:image:type\" content=\"image\/jpeg\" \/>\n<meta name=\"author\" content=\"Contenidos El Regional\" \/>\n<meta name=\"twitter:card\" content=\"summary_large_image\" \/>\n<meta name=\"twitter:creator\" content=\"@elregionalvm1\" \/>\n<meta name=\"twitter:site\" content=\"@elregionalvm1\" \/>\n<meta name=\"twitter:label1\" content=\"Escrito por\" \/>\n\t<meta name=\"twitter:data1\" content=\"Contenidos El Regional\" \/>\n\t<meta name=\"twitter:label2\" content=\"Tiempo de lectura\" \/>\n\t<meta name=\"twitter:data2\" content=\"1 minuto\" \/>\n<script type=\"application\/ld+json\" class=\"yoast-schema-graph\">{\"@context\":\"https:\/\/schema.org\",\"@graph\":[{\"@type\":\"Article\",\"@id\":\"http:\/\/elregionalvm.com.ar\/noticias-villa-maria\/general-cabrera-el-intendente-carasso-pedira-licencia-para-asumir-como-diputado\/#article\",\"isPartOf\":{\"@id\":\"http:\/\/elregionalvm.com.ar\/noticias-villa-maria\/general-cabrera-el-intendente-carasso-pedira-licencia-para-asumir-como-diputado\/\"},\"author\":{\"name\":\"Contenidos El Regional\",\"@id\":\"http:\/\/elregionalvm.com.ar\/noticias-villa-maria\/#\/schema\/person\/a0fb9c422317faca23d50163151bc354\"},\"headline\":\"General Cabrera: el intendente Carasso pedir\u00e1 licencia para asumir como diputado\",\"datePublished\":\"2021-11-19T00:28:11+00:00\",\"dateModified\":\"2021-11-19T00:28:12+00:00\",\"mainEntityOfPage\":{\"@id\":\"http:\/\/elregionalvm.com.ar\/noticias-villa-maria\/general-cabrera-el-intendente-carasso-pedira-licencia-para-asumir-como-diputado\/\"},\"wordCount\":143,\"commentCount\":0,\"image\":{\"@id\":\"http:\/\/elregionalvm.com.ar\/noticias-villa-maria\/general-cabrera-el-intendente-carasso-pedira-licencia-para-asumir-como-diputado\/#primaryimage\"},\"thumbnailUrl\":\"https:\/\/i0.wp.com\/elregionalvm.com.ar\/noticias-villa-maria\/wp-content\/uploads\/2021\/11\/MARCOS-CARASSO-2.jpg?fit=854%2C570&ssl=1\",\"keywords\":[\"destacado\",\"diputado\",\"General Cabrera\",\"Guillermo Cavigliasso\",\"licencia de intendente\",\"Marcos Carasso\"],\"articleSection\":[\"Regi\u00f3n\"],\"inLanguage\":\"es\",\"potentialAction\":[{\"@type\":\"CommentAction\",\"name\":\"Comment\",\"target\":[\"http:\/\/elregionalvm.com.ar\/noticias-villa-maria\/general-cabrera-el-intendente-carasso-pedira-licencia-para-asumir-como-diputado\/#respond\"]}]},{\"@type\":\"WebPage\",\"@id\":\"http:\/\/elregionalvm.com.ar\/noticias-villa-maria\/general-cabrera-el-intendente-carasso-pedira-licencia-para-asumir-como-diputado\/\",\"url\":\"http:\/\/elregionalvm.com.ar\/noticias-villa-maria\/general-cabrera-el-intendente-carasso-pedira-licencia-para-asumir-como-diputado\/\",\"name\":\"General Cabrera: el intendente Carasso pedir\u00e1 licencia para asumir como diputado - El Regional\",\"isPartOf\":{\"@id\":\"http:\/\/elregionalvm.com.ar\/noticias-villa-maria\/#website\"},\"primaryImageOfPage\":{\"@id\":\"http:\/\/elregionalvm.com.ar\/noticias-villa-maria\/general-cabrera-el-intendente-carasso-pedira-licencia-para-asumir-como-diputado\/#primaryimage\"},\"image\":{\"@id\":\"http:\/\/elregionalvm.com.ar\/noticias-villa-maria\/general-cabrera-el-intendente-carasso-pedira-licencia-para-asumir-como-diputado\/#primaryimage\"},\"thumbnailUrl\":\"https:\/\/i0.wp.com\/elregionalvm.com.ar\/noticias-villa-maria\/wp-content\/uploads\/2021\/11\/MARCOS-CARASSO-2.jpg?fit=854%2C570&ssl=1\",\"datePublished\":\"2021-11-19T00:28:11+00:00\",\"dateModified\":\"2021-11-19T00:28:12+00:00\",\"author\":{\"@id\":\"http:\/\/elregionalvm.com.ar\/noticias-villa-maria\/#\/schema\/person\/a0fb9c422317faca23d50163151bc354\"},\"breadcrumb\":{\"@id\":\"http:\/\/elregionalvm.com.ar\/noticias-villa-maria\/general-cabrera-el-intendente-carasso-pedira-licencia-para-asumir-como-diputado\/#breadcrumb\"},\"inLanguage\":\"es\",\"potentialAction\":[{\"@type\":\"ReadAction\",\"target\":[\"http:\/\/elregionalvm.com.ar\/noticias-villa-maria\/general-cabrera-el-intendente-carasso-pedira-licencia-para-asumir-como-diputado\/\"]}]},{\"@type\":\"ImageObject\",\"inLanguage\":\"es\",\"@id\":\"http:\/\/elregionalvm.com.ar\/noticias-villa-maria\/general-cabrera-el-intendente-carasso-pedira-licencia-para-asumir-como-diputado\/#primaryimage\",\"url\":\"https:\/\/i0.wp.com\/elregionalvm.com.ar\/noticias-villa-maria\/wp-content\/uploads\/2021\/11\/MARCOS-CARASSO-2.jpg?fit=854%2C570&ssl=1\",\"contentUrl\":\"https:\/\/i0.wp.com\/elregionalvm.com.ar\/noticias-villa-maria\/wp-content\/uploads\/2021\/11\/MARCOS-CARASSO-2.jpg?fit=854%2C570&ssl=1\",\"width\":854,\"height\":570},{\"@type\":\"BreadcrumbList\",\"@id\":\"http:\/\/elregionalvm.com.ar\/noticias-villa-maria\/general-cabrera-el-intendente-carasso-pedira-licencia-para-asumir-como-diputado\/#breadcrumb\",\"itemListElement\":[{\"@type\":\"ListItem\",\"position\":1,\"name\":\"Portada\",\"item\":\"https:\/\/elregionalvm.com.ar\/noticias-villa-maria\/\"},{\"@type\":\"ListItem\",\"position\":2,\"name\":\"General Cabrera: el intendente Carasso pedir\u00e1 licencia para asumir como diputado\"}]},{\"@type\":\"WebSite\",\"@id\":\"http:\/\/elregionalvm.com.ar\/noticias-villa-maria\/#website\",\"url\":\"http:\/\/elregionalvm.com.ar\/noticias-villa-maria\/\",\"name\":\"El Regional\",\"description\":\"Mucho m\u00e1s que informaci\u00f3n\",\"potentialAction\":[{\"@type\":\"SearchAction\",\"target\":{\"@type\":\"EntryPoint\",\"urlTemplate\":\"http:\/\/elregionalvm.com.ar\/noticias-villa-maria\/?s={search_term_string}\"},\"query-input\":{\"@type\":\"PropertyValueSpecification\",\"valueRequired\":true,\"valueName\":\"search_term_string\"}}],\"inLanguage\":\"es\"},{\"@type\":\"Person\",\"@id\":\"http:\/\/elregionalvm.com.ar\/noticias-villa-maria\/#\/schema\/person\/a0fb9c422317faca23d50163151bc354\",\"name\":\"Contenidos El Regional\",\"image\":{\"@type\":\"ImageObject\",\"inLanguage\":\"es\",\"@id\":\"http:\/\/elregionalvm.com.ar\/noticias-villa-maria\/#\/schema\/person\/image\/\",\"url\":\"https:\/\/secure.gravatar.com\/avatar\/265b27cb2209af7bb3a1318f03305787d7981a5cc6e6cd08fe5a4ecdf99d4b48?s=96&d=mm&r=g\",\"contentUrl\":\"https:\/\/secure.gravatar.com\/avatar\/265b27cb2209af7bb3a1318f03305787d7981a5cc6e6cd08fe5a4ecdf99d4b48?s=96&d=mm&r=g\",\"caption\":\"Contenidos El Regional\"},\"url\":\"https:\/\/elregionalvm.com.ar\/noticias-villa-maria\/author\/contenido\/\"}]}<\/script>\n<!-- \/ Yoast SEO plugin. -->","yoast_head_json":{"title":"General Cabrera: el intendente Carasso pedir\u00e1 licencia para asumir como diputado - El Regional","robots":{"index":"index","follow":"follow","max-snippet":"max-snippet:-1","max-image-preview":"max-image-preview:large","max-video-preview":"max-video-preview:-1"},"canonical":"http:\/\/elregionalvm.com.ar\/noticias-villa-maria\/general-cabrera-el-intendente-carasso-pedira-licencia-para-asumir-como-diputado\/","og_locale":"es_ES","og_type":"article","og_title":"General Cabrera: el intendente Carasso pedir\u00e1 licencia para asumir como diputado - El Regional","og_description":"Ayer, el intendente de General Cabrera, Marcos Carasso, anunci\u00f3 que solicitar\u00e1 licencia en el Ejecutivo municipal para asumir como diputado nacional del bloque de Juntos por el Cambio. Entre los anuncios que brind\u00f3 el cabrarense, indic\u00f3 que ha decidido asumir un nuevo desaf\u00edo en el mundo de la pol\u00edtica y que cree que este nuevo [&hellip;]","og_url":"http:\/\/elregionalvm.com.ar\/noticias-villa-maria\/general-cabrera-el-intendente-carasso-pedira-licencia-para-asumir-como-diputado\/","og_site_name":"El Regional","article_publisher":"https:\/\/www.facebook.com\/elregionalvm","article_published_time":"2021-11-19T00:28:11+00:00","article_modified_time":"2021-11-19T00:28:12+00:00","og_image":[{"width":854,"height":570,"url":"http:\/\/elregionalvm.com.ar\/noticias-villa-maria\/wp-content\/uploads\/2021\/11\/MARCOS-CARASSO-2.jpg","type":"image\/jpeg"}],"author":"Contenidos El Regional","twitter_card":"summary_large_image","twitter_creator":"@elregionalvm1","twitter_site":"@elregionalvm1","twitter_misc":{"Escrito por":"Contenidos El Regional","Tiempo de lectura":"1 minuto"},"schema":{"@context":"https:\/\/schema.org","@graph":[{"@type":"Article","@id":"http:\/\/elregionalvm.com.ar\/noticias-villa-maria\/general-cabrera-el-intendente-carasso-pedira-licencia-para-asumir-como-diputado\/#article","isPartOf":{"@id":"http:\/\/elregionalvm.com.ar\/noticias-villa-maria\/general-cabrera-el-intendente-carasso-pedira-licencia-para-asumir-como-diputado\/"},"author":{"name":"Contenidos El Regional","@id":"http:\/\/elregionalvm.com.ar\/noticias-villa-maria\/#\/schema\/person\/a0fb9c422317faca23d50163151bc354"},"headline":"General Cabrera: el intendente Carasso pedir\u00e1 licencia para asumir como diputado","datePublished":"2021-11-19T00:28:11+00:00","dateModified":"2021-11-19T00:28:12+00:00","mainEntityOfPage":{"@id":"http:\/\/elregionalvm.com.ar\/noticias-villa-maria\/general-cabrera-el-intendente-carasso-pedira-licencia-para-asumir-como-diputado\/"},"wordCount":143,"commentCount":0,"image":{"@id":"http:\/\/elregionalvm.com.ar\/noticias-villa-maria\/general-cabrera-el-intendente-carasso-pedira-licencia-para-asumir-como-diputado\/#primaryimage"},"thumbnailUrl":"https:\/\/i0.wp.com\/elregionalvm.com.ar\/noticias-villa-maria\/wp-content\/uploads\/2021\/11\/MARCOS-CARASSO-2.jpg?fit=854%2C570&ssl=1","keywords":["destacado","diputado","General Cabrera","Guillermo Cavigliasso","licencia de intendente","Marcos Carasso"],"articleSection":["Regi\u00f3n"],"inLanguage":"es","potentialAction":[{"@type":"CommentAction","name":"Comment","target":["http:\/\/elregionalvm.com.ar\/noticias-villa-maria\/general-cabrera-el-intendente-carasso-pedira-licencia-para-asumir-como-diputado\/#respond"]}]},{"@type":"WebPage","@id":"http:\/\/elregionalvm.com.ar\/noticias-villa-maria\/general-cabrera-el-intendente-carasso-pedira-licencia-para-asumir-como-diputado\/","url":"http:\/\/elregionalvm.com.ar\/noticias-villa-maria\/general-cabrera-el-intendente-carasso-pedira-licencia-para-asumir-como-diputado\/","name":"General Cabrera: el intendente Carasso pedir\u00e1 licencia para asumir como diputado - El Regional","isPartOf":{"@id":"http:\/\/elregionalvm.com.ar\/noticias-villa-maria\/#website"},"primaryImageOfPage":{"@id":"http:\/\/elregionalvm.com.ar\/noticias-villa-maria\/general-cabrera-el-intendente-carasso-pedira-licencia-para-asumir-como-diputado\/#primaryimage"},"image":{"@id":"http:\/\/elregionalvm.com.ar\/noticias-villa-maria\/general-cabrera-el-intendente-carasso-pedira-licencia-para-asumir-como-diputado\/#primaryimage"},"thumbnailUrl":"https:\/\/i0.wp.com\/elregionalvm.com.ar\/noticias-villa-maria\/wp-content\/uploads\/2021\/11\/MARCOS-CARASSO-2.jpg?fit=854%2C570&ssl=1","datePublished":"2021-11-19T00:28:11+00:00","dateModified":"2021-11-19T00:28:12+00:00","author":{"@id":"http:\/\/elregionalvm.com.ar\/noticias-villa-maria\/#\/schema\/person\/a0fb9c422317faca23d50163151bc354"},"breadcrumb":{"@id":"http:\/\/elregionalvm.com.ar\/noticias-villa-maria\/general-cabrera-el-intendente-carasso-pedira-licencia-para-asumir-como-diputado\/#breadcrumb"},"inLanguage":"es","potentialAction":[{"@type":"ReadAction","target":["http:\/\/elregionalvm.com.ar\/noticias-villa-maria\/general-cabrera-el-intendente-carasso-pedira-licencia-para-asumir-como-diputado\/"]}]},{"@type":"ImageObject","inLanguage":"es","@id":"http:\/\/elregionalvm.com.ar\/noticias-villa-maria\/general-cabrera-el-intendente-carasso-pedira-licencia-para-asumir-como-diputado\/#primaryimage","url":"https:\/\/i0.wp.com\/elregionalvm.com.ar\/noticias-villa-maria\/wp-content\/uploads\/2021\/11\/MARCOS-CARASSO-2.jpg?fit=854%2C570&ssl=1","contentUrl":"https:\/\/i0.wp.com\/elregionalvm.com.ar\/noticias-villa-maria\/wp-content\/uploads\/2021\/11\/MARCOS-CARASSO-2.jpg?fit=854%2C570&ssl=1","width":854,"height":570},{"@type":"BreadcrumbList","@id":"http:\/\/elregionalvm.com.ar\/noticias-villa-maria\/general-cabrera-el-intendente-carasso-pedira-licencia-para-asumir-como-diputado\/#breadcrumb","itemListElement":[{"@type":"ListItem","position":1,"name":"Portada","item":"https:\/\/elregionalvm.com.ar\/noticias-villa-maria\/"},{"@type":"ListItem","position":2,"name":"General Cabrera: el intendente Carasso pedir\u00e1 licencia para asumir como diputado"}]},{"@type":"WebSite","@id":"http:\/\/elregionalvm.com.ar\/noticias-villa-maria\/#website","url":"http:\/\/elregionalvm.com.ar\/noticias-villa-maria\/","name":"El Regional","description":"Mucho m\u00e1s que informaci\u00f3n","potentialAction":[{"@type":"SearchAction","target":{"@type":"EntryPoint","urlTemplate":"http:\/\/elregionalvm.com.ar\/noticias-villa-maria\/?s={search_term_string}"},"query-input":{"@type":"PropertyValueSpecification","valueRequired":true,"valueName":"search_term_string"}}],"inLanguage":"es"},{"@type":"Person","@id":"http:\/\/elregionalvm.com.ar\/noticias-villa-maria\/#\/schema\/person\/a0fb9c422317faca23d50163151bc354","name":"Contenidos El Regional","image":{"@type":"ImageObject","inLanguage":"es","@id":"http:\/\/elregionalvm.com.ar\/noticias-villa-maria\/#\/schema\/person\/image\/","url":"https:\/\/secure.gravatar.com\/avatar\/265b27cb2209af7bb3a1318f03305787d7981a5cc6e6cd08fe5a4ecdf99d4b48?s=96&d=mm&r=g","contentUrl":"https:\/\/secure.gravatar.com\/avatar\/265b27cb2209af7bb3a1318f03305787d7981a5cc6e6cd08fe5a4ecdf99d4b48?s=96&d=mm&r=g","caption":"Contenidos El Regional"},"url":"https:\/\/elregionalvm.com.ar\/noticias-villa-maria\/author\/contenido\/"}]}},"jetpack_featured_media_url":"https:\/\/i0.wp.com\/elregionalvm.com.ar\/noticias-villa-maria\/wp-content\/uploads\/2021\/11\/MARCOS-CARASSO-2.jpg?fit=854%2C570&ssl=1","jetpack_sharing_enabled":true,"_links":{"self":[{"href":"https:\/\/elregionalvm.com.ar\/noticias-villa-maria\/wp-json\/wp\/v2\/posts\/48359","targetHints":{"allow":["GET"]}}],"collection":[{"href":"https:\/\/elregionalvm.com.ar\/noticias-villa-maria\/wp-json\/wp\/v2\/posts"}],"about":[{"href":"https:\/\/elregionalvm.com.ar\/noticias-villa-maria\/wp-json\/wp\/v2\/types\/post"}],"author":[{"embeddable":true,"href":"https:\/\/elregionalvm.com.ar\/noticias-villa-maria\/wp-json\/wp\/v2\/users\/4"}],"replies":[{"embeddable":true,"href":"https:\/\/elregionalvm.com.ar\/noticias-villa-maria\/wp-json\/wp\/v2\/comments?post=48359"}],"version-history":[{"count":1,"href":"https:\/\/elregionalvm.com.ar\/noticias-villa-maria\/wp-json\/wp\/v2\/posts\/48359\/revisions"}],"predecessor-version":[{"id":48362,"href":"https:\/\/elregionalvm.com.ar\/noticias-villa-maria\/wp-json\/wp\/v2\/posts\/48359\/revisions\/48362"}],"wp:featuredmedia":[{"embeddable":true,"href":"https:\/\/elregionalvm.com.ar\/noticias-villa-maria\/wp-json\/wp\/v2\/media\/48360"}],"wp:attachment":[{"href":"https:\/\/elregionalvm.com.ar\/noticias-villa-maria\/wp-json\/wp\/v2\/media?parent=48359"}],"wp:term":[{"taxonomy":"category","embeddable":true,"href":"https:\/\/elregionalvm.com.ar\/noticias-villa-maria\/wp-json\/wp\/v2\/categories?post=48359"},{"taxonomy":"post_tag","embeddable":true,"href":"https:\/\/elregionalvm.com.ar\/noticias-villa-maria\/wp-json\/wp\/v2\/tags?post=48359"}],"curies":[{"name":"wp","href":"https:\/\/api.w.org\/{rel}","templated":true}]}}