{"id":48368,"date":"2021-11-19T00:50:54","date_gmt":"2021-11-19T00:50:54","guid":{"rendered":"https:\/\/elregionalvm.com.ar\/noticias-villa-maria\/?p=48368"},"modified":"2021-11-19T00:50:56","modified_gmt":"2021-11-19T00:50:56","slug":"empezaran-a-vacunar-contra-la-fiebre-amarilla-en-la-asistencia","status":"publish","type":"post","link":"https:\/\/elregionalvm.com.ar\/noticias-villa-maria\/empezaran-a-vacunar-contra-la-fiebre-amarilla-en-la-asistencia\/","title":{"rendered":"Empezar\u00e1n a vacunar contra la fiebre amarilla en la Asistencia"},"content":{"rendered":"\n<p>Ya est\u00e1 disponible la inmunizaci\u00f3n contra la fiebre amarilla en el vacunatorio de la Asistencia P\u00fablica. Las personas que deban viajar a los destinos en los que se requiere esta prevenci\u00f3n, deber\u00e1n solicitar un turno para recibirla en el espacio de Lisandro de la Torre y Catamarca.<\/p>\n\n\n\n<p>La fiebre amarilla es una enfermedad viral que se presenta con fiebre aguda y hemorr\u00e1gica, cuyos niveles de letalidad alcanzan el 50 por ciento. En \u00e1reas selv\u00e1ticas, es transmitida por la picadura de mosquitos haemagogus y sabethes, mientras que en \u00e1reas urbanas utiliza el mismo vector que el dengue, es decir, el mosquito aedes aegypti.<\/p>\n\n\n\n<p>Respecto a la vacunaci\u00f3n, es importante destacar que la solicitud de turno se hace necesaria ya que la vacuna se presenta en frascos de 10 dosis cada uno. Cuando un envase es abierto, debe ser utilizado en los minutos siguientes, dado que si no es as\u00ed pierde su efectividad y debe ser desechado. Por tal motivo, los turnos permiten ordenar y garantizar grupos de diez personas para ser inmunizadas.<\/p>\n\n\n\n<p>Cada viajero debe corroborar si la vacuna es exigida en su destino o si se recomienda su colocaci\u00f3n. Es importante se\u00f1alar que la inoculaci\u00f3n contra la fiebre amarilla se realiza una vez y otorga inmunidad de por vida, por lo que no es necesario colocar refuerzos. La edad m\u00ednima para recibirla es 9 meses.<\/p>\n","protected":false},"excerpt":{"rendered":"<p>Ya est\u00e1 disponible la inmunizaci\u00f3n contra la fiebre amarilla en el vacunatorio de la Asistencia P\u00fablica. Las personas que deban viajar a los destinos en los que se requiere esta prevenci\u00f3n, deber\u00e1n solicitar un turno para recibirla en el espacio de Lisandro de la Torre y Catamarca. La fiebre amarilla es una enfermedad viral que [&hellip;]<\/p>\n","protected":false},"author":4,"featured_media":48369,"comment_status":"open","ping_status":"open","sticky":false,"template":"","format":"standard","meta":{"site-sidebar-layout":"default","site-content-layout":"default","ast-site-content-layout":"default","site-content-style":"default","site-sidebar-style":"default","ast-global-header-display":"","ast-banner-title-visibility":"","ast-main-header-display":"","ast-hfb-above-header-display":"","ast-hfb-below-header-display":"","ast-hfb-mobile-header-display":"","site-post-title":"","ast-breadcrumbs-content":"","ast-featured-img":"","footer-sml-layout":"","ast-disable-related-posts":"","theme-transparent-header-meta":"default","adv-header-id-meta":"","stick-header-meta":"","header-above-stick-meta":"","header-main-stick-meta":"","header-below-stick-meta":"","astra-migrate-meta-layouts":"default","ast-page-background-enabled":"default","ast-page-background-meta":{"desktop":{"background-color":"","background-image":"","background-repeat":"repeat","background-position":"center center","background-size":"auto","background-attachment":"scroll","background-type":"","background-media":"","overlay-type":"","overlay-color":"","overlay-opacity":"","overlay-gradient":""},"tablet":{"background-color":"","background-image":"","background-repeat":"repeat","background-position":"center center","background-size":"auto","background-attachment":"scroll","background-type":"","background-media":"","overlay-type":"","overlay-color":"","overlay-opacity":"","overlay-gradient":""},"mobile":{"background-color":"","background-image":"","background-repeat":"repeat","background-position":"center center","background-size":"auto","background-attachment":"scroll","background-type":"","background-media":"","overlay-type":"","overlay-color":"","overlay-opacity":"","overlay-gradient":""}},"ast-content-background-meta":{"desktop":{"background-color":"var(--ast-global-color-5)","background-image":"","background-repeat":"repeat","background-position":"center center","background-size":"auto","background-attachment":"scroll","background-type":"","background-media":"","overlay-type":"","overlay-color":"","overlay-opacity":"","overlay-gradient":""},"tablet":{"background-color":"var(--ast-global-color-5)","background-image":"","background-repeat":"repeat","background-position":"center center","background-size":"auto","background-attachment":"scroll","background-type":"","background-media":"","overlay-type":"","overlay-color":"","overlay-opacity":"","overlay-gradient":""},"mobile":{"background-color":"var(--ast-global-color-5)","background-image":"","background-repeat":"repeat","background-position":"center center","background-size":"auto","background-attachment":"scroll","background-type":"","background-media":"","overlay-type":"","overlay-color":"","overlay-opacity":"","overlay-gradient":""}},"_jetpack_memberships_contains_paid_content":false,"_joinchat":[],"footnotes":""},"categories":[2],"tags":[2128,12307,2318,12308],"class_list":["post-48368","post","type-post","status-publish","format-standard","has-post-thumbnail","hentry","category-villa-maria","tag-asistencia-publica","tag-fiebre-amarilla","tag-vacunacion","tag-viajeros"],"yoast_head":"<!-- This site is optimized with the Yoast SEO plugin v26.8 - https:\/\/yoast.com\/product\/yoast-seo-wordpress\/ -->\n<title>Empezar\u00e1n a vacunar contra la fiebre amarilla en la Asistencia - El Regional<\/title>\n<meta name=\"robots\" content=\"index, follow, max-snippet:-1, max-image-preview:large, max-video-preview:-1\" \/>\n<link rel=\"canonical\" href=\"http:\/\/elregionalvm.com.ar\/noticias-villa-maria\/empezaran-a-vacunar-contra-la-fiebre-amarilla-en-la-asistencia\/\" \/>\n<meta property=\"og:locale\" content=\"es_ES\" \/>\n<meta property=\"og:type\" content=\"article\" \/>\n<meta property=\"og:title\" content=\"Empezar\u00e1n a vacunar contra la fiebre amarilla en la Asistencia - El Regional\" \/>\n<meta property=\"og:description\" content=\"Ya est\u00e1 disponible la inmunizaci\u00f3n contra la fiebre amarilla en el vacunatorio de la Asistencia P\u00fablica. Las personas que deban viajar a los destinos en los que se requiere esta prevenci\u00f3n, deber\u00e1n solicitar un turno para recibirla en el espacio de Lisandro de la Torre y Catamarca. La fiebre amarilla es una enfermedad viral que [&hellip;]\" \/>\n<meta property=\"og:url\" content=\"http:\/\/elregionalvm.com.ar\/noticias-villa-maria\/empezaran-a-vacunar-contra-la-fiebre-amarilla-en-la-asistencia\/\" \/>\n<meta property=\"og:site_name\" content=\"El Regional\" \/>\n<meta property=\"article:publisher\" content=\"https:\/\/www.facebook.com\/elregionalvm\" \/>\n<meta property=\"article:published_time\" content=\"2021-11-19T00:50:54+00:00\" \/>\n<meta property=\"article:modified_time\" content=\"2021-11-19T00:50:56+00:00\" \/>\n<meta property=\"og:image\" content=\"http:\/\/elregionalvm.com.ar\/noticias-villa-maria\/wp-content\/uploads\/2021\/11\/fiebre-amarilla.png\" \/>\n\t<meta property=\"og:image:width\" content=\"1000\" \/>\n\t<meta property=\"og:image:height\" content=\"662\" \/>\n\t<meta property=\"og:image:type\" content=\"image\/png\" \/>\n<meta name=\"author\" content=\"Contenidos El Regional\" \/>\n<meta name=\"twitter:card\" content=\"summary_large_image\" \/>\n<meta name=\"twitter:creator\" content=\"@elregionalvm1\" \/>\n<meta name=\"twitter:site\" content=\"@elregionalvm1\" \/>\n<meta name=\"twitter:label1\" content=\"Escrito por\" \/>\n\t<meta name=\"twitter:data1\" content=\"Contenidos El Regional\" \/>\n\t<meta name=\"twitter:label2\" content=\"Tiempo de lectura\" \/>\n\t<meta name=\"twitter:data2\" content=\"1 minuto\" \/>\n<script type=\"application\/ld+json\" class=\"yoast-schema-graph\">{\"@context\":\"https:\/\/schema.org\",\"@graph\":[{\"@type\":\"Article\",\"@id\":\"http:\/\/elregionalvm.com.ar\/noticias-villa-maria\/empezaran-a-vacunar-contra-la-fiebre-amarilla-en-la-asistencia\/#article\",\"isPartOf\":{\"@id\":\"http:\/\/elregionalvm.com.ar\/noticias-villa-maria\/empezaran-a-vacunar-contra-la-fiebre-amarilla-en-la-asistencia\/\"},\"author\":{\"name\":\"Contenidos El Regional\",\"@id\":\"http:\/\/elregionalvm.com.ar\/noticias-villa-maria\/#\/schema\/person\/a0fb9c422317faca23d50163151bc354\"},\"headline\":\"Empezar\u00e1n a vacunar contra la fiebre amarilla en la Asistencia\",\"datePublished\":\"2021-11-19T00:50:54+00:00\",\"dateModified\":\"2021-11-19T00:50:56+00:00\",\"mainEntityOfPage\":{\"@id\":\"http:\/\/elregionalvm.com.ar\/noticias-villa-maria\/empezaran-a-vacunar-contra-la-fiebre-amarilla-en-la-asistencia\/\"},\"wordCount\":244,\"commentCount\":0,\"image\":{\"@id\":\"http:\/\/elregionalvm.com.ar\/noticias-villa-maria\/empezaran-a-vacunar-contra-la-fiebre-amarilla-en-la-asistencia\/#primaryimage\"},\"thumbnailUrl\":\"https:\/\/i0.wp.com\/elregionalvm.com.ar\/noticias-villa-maria\/wp-content\/uploads\/2021\/11\/fiebre-amarilla.png?fit=1000%2C662&ssl=1\",\"keywords\":[\"Asistencia P\u00fablica\",\"fiebre amarilla\",\"Vacunaci\u00f3n\",\"viajeros\"],\"articleSection\":[\"Villa Mar\u00eda\"],\"inLanguage\":\"es\",\"potentialAction\":[{\"@type\":\"CommentAction\",\"name\":\"Comment\",\"target\":[\"http:\/\/elregionalvm.com.ar\/noticias-villa-maria\/empezaran-a-vacunar-contra-la-fiebre-amarilla-en-la-asistencia\/#respond\"]}]},{\"@type\":\"WebPage\",\"@id\":\"http:\/\/elregionalvm.com.ar\/noticias-villa-maria\/empezaran-a-vacunar-contra-la-fiebre-amarilla-en-la-asistencia\/\",\"url\":\"http:\/\/elregionalvm.com.ar\/noticias-villa-maria\/empezaran-a-vacunar-contra-la-fiebre-amarilla-en-la-asistencia\/\",\"name\":\"Empezar\u00e1n a vacunar contra la fiebre amarilla en la Asistencia - El Regional\",\"isPartOf\":{\"@id\":\"http:\/\/elregionalvm.com.ar\/noticias-villa-maria\/#website\"},\"primaryImageOfPage\":{\"@id\":\"http:\/\/elregionalvm.com.ar\/noticias-villa-maria\/empezaran-a-vacunar-contra-la-fiebre-amarilla-en-la-asistencia\/#primaryimage\"},\"image\":{\"@id\":\"http:\/\/elregionalvm.com.ar\/noticias-villa-maria\/empezaran-a-vacunar-contra-la-fiebre-amarilla-en-la-asistencia\/#primaryimage\"},\"thumbnailUrl\":\"https:\/\/i0.wp.com\/elregionalvm.com.ar\/noticias-villa-maria\/wp-content\/uploads\/2021\/11\/fiebre-amarilla.png?fit=1000%2C662&ssl=1\",\"datePublished\":\"2021-11-19T00:50:54+00:00\",\"dateModified\":\"2021-11-19T00:50:56+00:00\",\"author\":{\"@id\":\"http:\/\/elregionalvm.com.ar\/noticias-villa-maria\/#\/schema\/person\/a0fb9c422317faca23d50163151bc354\"},\"breadcrumb\":{\"@id\":\"http:\/\/elregionalvm.com.ar\/noticias-villa-maria\/empezaran-a-vacunar-contra-la-fiebre-amarilla-en-la-asistencia\/#breadcrumb\"},\"inLanguage\":\"es\",\"potentialAction\":[{\"@type\":\"ReadAction\",\"target\":[\"http:\/\/elregionalvm.com.ar\/noticias-villa-maria\/empezaran-a-vacunar-contra-la-fiebre-amarilla-en-la-asistencia\/\"]}]},{\"@type\":\"ImageObject\",\"inLanguage\":\"es\",\"@id\":\"http:\/\/elregionalvm.com.ar\/noticias-villa-maria\/empezaran-a-vacunar-contra-la-fiebre-amarilla-en-la-asistencia\/#primaryimage\",\"url\":\"https:\/\/i0.wp.com\/elregionalvm.com.ar\/noticias-villa-maria\/wp-content\/uploads\/2021\/11\/fiebre-amarilla.png?fit=1000%2C662&ssl=1\",\"contentUrl\":\"https:\/\/i0.wp.com\/elregionalvm.com.ar\/noticias-villa-maria\/wp-content\/uploads\/2021\/11\/fiebre-amarilla.png?fit=1000%2C662&ssl=1\",\"width\":1000,\"height\":662},{\"@type\":\"BreadcrumbList\",\"@id\":\"http:\/\/elregionalvm.com.ar\/noticias-villa-maria\/empezaran-a-vacunar-contra-la-fiebre-amarilla-en-la-asistencia\/#breadcrumb\",\"itemListElement\":[{\"@type\":\"ListItem\",\"position\":1,\"name\":\"Portada\",\"item\":\"https:\/\/elregionalvm.com.ar\/noticias-villa-maria\/\"},{\"@type\":\"ListItem\",\"position\":2,\"name\":\"Empezar\u00e1n a vacunar contra la fiebre amarilla en la Asistencia\"}]},{\"@type\":\"WebSite\",\"@id\":\"http:\/\/elregionalvm.com.ar\/noticias-villa-maria\/#website\",\"url\":\"http:\/\/elregionalvm.com.ar\/noticias-villa-maria\/\",\"name\":\"El Regional\",\"description\":\"Mucho m\u00e1s que informaci\u00f3n\",\"potentialAction\":[{\"@type\":\"SearchAction\",\"target\":{\"@type\":\"EntryPoint\",\"urlTemplate\":\"http:\/\/elregionalvm.com.ar\/noticias-villa-maria\/?s={search_term_string}\"},\"query-input\":{\"@type\":\"PropertyValueSpecification\",\"valueRequired\":true,\"valueName\":\"search_term_string\"}}],\"inLanguage\":\"es\"},{\"@type\":\"Person\",\"@id\":\"http:\/\/elregionalvm.com.ar\/noticias-villa-maria\/#\/schema\/person\/a0fb9c422317faca23d50163151bc354\",\"name\":\"Contenidos El Regional\",\"image\":{\"@type\":\"ImageObject\",\"inLanguage\":\"es\",\"@id\":\"http:\/\/elregionalvm.com.ar\/noticias-villa-maria\/#\/schema\/person\/image\/\",\"url\":\"https:\/\/secure.gravatar.com\/avatar\/265b27cb2209af7bb3a1318f03305787d7981a5cc6e6cd08fe5a4ecdf99d4b48?s=96&d=mm&r=g\",\"contentUrl\":\"https:\/\/secure.gravatar.com\/avatar\/265b27cb2209af7bb3a1318f03305787d7981a5cc6e6cd08fe5a4ecdf99d4b48?s=96&d=mm&r=g\",\"caption\":\"Contenidos El Regional\"},\"url\":\"https:\/\/elregionalvm.com.ar\/noticias-villa-maria\/author\/contenido\/\"}]}<\/script>\n<!-- \/ Yoast SEO plugin. -->","yoast_head_json":{"title":"Empezar\u00e1n a vacunar contra la fiebre amarilla en la Asistencia - El Regional","robots":{"index":"index","follow":"follow","max-snippet":"max-snippet:-1","max-image-preview":"max-image-preview:large","max-video-preview":"max-video-preview:-1"},"canonical":"http:\/\/elregionalvm.com.ar\/noticias-villa-maria\/empezaran-a-vacunar-contra-la-fiebre-amarilla-en-la-asistencia\/","og_locale":"es_ES","og_type":"article","og_title":"Empezar\u00e1n a vacunar contra la fiebre amarilla en la Asistencia - El Regional","og_description":"Ya est\u00e1 disponible la inmunizaci\u00f3n contra la fiebre amarilla en el vacunatorio de la Asistencia P\u00fablica. Las personas que deban viajar a los destinos en los que se requiere esta prevenci\u00f3n, deber\u00e1n solicitar un turno para recibirla en el espacio de Lisandro de la Torre y Catamarca. La fiebre amarilla es una enfermedad viral que [&hellip;]","og_url":"http:\/\/elregionalvm.com.ar\/noticias-villa-maria\/empezaran-a-vacunar-contra-la-fiebre-amarilla-en-la-asistencia\/","og_site_name":"El Regional","article_publisher":"https:\/\/www.facebook.com\/elregionalvm","article_published_time":"2021-11-19T00:50:54+00:00","article_modified_time":"2021-11-19T00:50:56+00:00","og_image":[{"width":1000,"height":662,"url":"http:\/\/elregionalvm.com.ar\/noticias-villa-maria\/wp-content\/uploads\/2021\/11\/fiebre-amarilla.png","type":"image\/png"}],"author":"Contenidos El Regional","twitter_card":"summary_large_image","twitter_creator":"@elregionalvm1","twitter_site":"@elregionalvm1","twitter_misc":{"Escrito por":"Contenidos El Regional","Tiempo de lectura":"1 minuto"},"schema":{"@context":"https:\/\/schema.org","@graph":[{"@type":"Article","@id":"http:\/\/elregionalvm.com.ar\/noticias-villa-maria\/empezaran-a-vacunar-contra-la-fiebre-amarilla-en-la-asistencia\/#article","isPartOf":{"@id":"http:\/\/elregionalvm.com.ar\/noticias-villa-maria\/empezaran-a-vacunar-contra-la-fiebre-amarilla-en-la-asistencia\/"},"author":{"name":"Contenidos El Regional","@id":"http:\/\/elregionalvm.com.ar\/noticias-villa-maria\/#\/schema\/person\/a0fb9c422317faca23d50163151bc354"},"headline":"Empezar\u00e1n a vacunar contra la fiebre amarilla en la Asistencia","datePublished":"2021-11-19T00:50:54+00:00","dateModified":"2021-11-19T00:50:56+00:00","mainEntityOfPage":{"@id":"http:\/\/elregionalvm.com.ar\/noticias-villa-maria\/empezaran-a-vacunar-contra-la-fiebre-amarilla-en-la-asistencia\/"},"wordCount":244,"commentCount":0,"image":{"@id":"http:\/\/elregionalvm.com.ar\/noticias-villa-maria\/empezaran-a-vacunar-contra-la-fiebre-amarilla-en-la-asistencia\/#primaryimage"},"thumbnailUrl":"https:\/\/i0.wp.com\/elregionalvm.com.ar\/noticias-villa-maria\/wp-content\/uploads\/2021\/11\/fiebre-amarilla.png?fit=1000%2C662&ssl=1","keywords":["Asistencia P\u00fablica","fiebre amarilla","Vacunaci\u00f3n","viajeros"],"articleSection":["Villa Mar\u00eda"],"inLanguage":"es","potentialAction":[{"@type":"CommentAction","name":"Comment","target":["http:\/\/elregionalvm.com.ar\/noticias-villa-maria\/empezaran-a-vacunar-contra-la-fiebre-amarilla-en-la-asistencia\/#respond"]}]},{"@type":"WebPage","@id":"http:\/\/elregionalvm.com.ar\/noticias-villa-maria\/empezaran-a-vacunar-contra-la-fiebre-amarilla-en-la-asistencia\/","url":"http:\/\/elregionalvm.com.ar\/noticias-villa-maria\/empezaran-a-vacunar-contra-la-fiebre-amarilla-en-la-asistencia\/","name":"Empezar\u00e1n a vacunar contra la fiebre amarilla en la Asistencia - El Regional","isPartOf":{"@id":"http:\/\/elregionalvm.com.ar\/noticias-villa-maria\/#website"},"primaryImageOfPage":{"@id":"http:\/\/elregionalvm.com.ar\/noticias-villa-maria\/empezaran-a-vacunar-contra-la-fiebre-amarilla-en-la-asistencia\/#primaryimage"},"image":{"@id":"http:\/\/elregionalvm.com.ar\/noticias-villa-maria\/empezaran-a-vacunar-contra-la-fiebre-amarilla-en-la-asistencia\/#primaryimage"},"thumbnailUrl":"https:\/\/i0.wp.com\/elregionalvm.com.ar\/noticias-villa-maria\/wp-content\/uploads\/2021\/11\/fiebre-amarilla.png?fit=1000%2C662&ssl=1","datePublished":"2021-11-19T00:50:54+00:00","dateModified":"2021-11-19T00:50:56+00:00","author":{"@id":"http:\/\/elregionalvm.com.ar\/noticias-villa-maria\/#\/schema\/person\/a0fb9c422317faca23d50163151bc354"},"breadcrumb":{"@id":"http:\/\/elregionalvm.com.ar\/noticias-villa-maria\/empezaran-a-vacunar-contra-la-fiebre-amarilla-en-la-asistencia\/#breadcrumb"},"inLanguage":"es","potentialAction":[{"@type":"ReadAction","target":["http:\/\/elregionalvm.com.ar\/noticias-villa-maria\/empezaran-a-vacunar-contra-la-fiebre-amarilla-en-la-asistencia\/"]}]},{"@type":"ImageObject","inLanguage":"es","@id":"http:\/\/elregionalvm.com.ar\/noticias-villa-maria\/empezaran-a-vacunar-contra-la-fiebre-amarilla-en-la-asistencia\/#primaryimage","url":"https:\/\/i0.wp.com\/elregionalvm.com.ar\/noticias-villa-maria\/wp-content\/uploads\/2021\/11\/fiebre-amarilla.png?fit=1000%2C662&ssl=1","contentUrl":"https:\/\/i0.wp.com\/elregionalvm.com.ar\/noticias-villa-maria\/wp-content\/uploads\/2021\/11\/fiebre-amarilla.png?fit=1000%2C662&ssl=1","width":1000,"height":662},{"@type":"BreadcrumbList","@id":"http:\/\/elregionalvm.com.ar\/noticias-villa-maria\/empezaran-a-vacunar-contra-la-fiebre-amarilla-en-la-asistencia\/#breadcrumb","itemListElement":[{"@type":"ListItem","position":1,"name":"Portada","item":"https:\/\/elregionalvm.com.ar\/noticias-villa-maria\/"},{"@type":"ListItem","position":2,"name":"Empezar\u00e1n a vacunar contra la fiebre amarilla en la Asistencia"}]},{"@type":"WebSite","@id":"http:\/\/elregionalvm.com.ar\/noticias-villa-maria\/#website","url":"http:\/\/elregionalvm.com.ar\/noticias-villa-maria\/","name":"El Regional","description":"Mucho m\u00e1s que informaci\u00f3n","potentialAction":[{"@type":"SearchAction","target":{"@type":"EntryPoint","urlTemplate":"http:\/\/elregionalvm.com.ar\/noticias-villa-maria\/?s={search_term_string}"},"query-input":{"@type":"PropertyValueSpecification","valueRequired":true,"valueName":"search_term_string"}}],"inLanguage":"es"},{"@type":"Person","@id":"http:\/\/elregionalvm.com.ar\/noticias-villa-maria\/#\/schema\/person\/a0fb9c422317faca23d50163151bc354","name":"Contenidos El Regional","image":{"@type":"ImageObject","inLanguage":"es","@id":"http:\/\/elregionalvm.com.ar\/noticias-villa-maria\/#\/schema\/person\/image\/","url":"https:\/\/secure.gravatar.com\/avatar\/265b27cb2209af7bb3a1318f03305787d7981a5cc6e6cd08fe5a4ecdf99d4b48?s=96&d=mm&r=g","contentUrl":"https:\/\/secure.gravatar.com\/avatar\/265b27cb2209af7bb3a1318f03305787d7981a5cc6e6cd08fe5a4ecdf99d4b48?s=96&d=mm&r=g","caption":"Contenidos El Regional"},"url":"https:\/\/elregionalvm.com.ar\/noticias-villa-maria\/author\/contenido\/"}]}},"jetpack_featured_media_url":"https:\/\/i0.wp.com\/elregionalvm.com.ar\/noticias-villa-maria\/wp-content\/uploads\/2021\/11\/fiebre-amarilla.png?fit=1000%2C662&ssl=1","jetpack_sharing_enabled":true,"_links":{"self":[{"href":"https:\/\/elregionalvm.com.ar\/noticias-villa-maria\/wp-json\/wp\/v2\/posts\/48368","targetHints":{"allow":["GET"]}}],"collection":[{"href":"https:\/\/elregionalvm.com.ar\/noticias-villa-maria\/wp-json\/wp\/v2\/posts"}],"about":[{"href":"https:\/\/elregionalvm.com.ar\/noticias-villa-maria\/wp-json\/wp\/v2\/types\/post"}],"author":[{"embeddable":true,"href":"https:\/\/elregionalvm.com.ar\/noticias-villa-maria\/wp-json\/wp\/v2\/users\/4"}],"replies":[{"embeddable":true,"href":"https:\/\/elregionalvm.com.ar\/noticias-villa-maria\/wp-json\/wp\/v2\/comments?post=48368"}],"version-history":[{"count":1,"href":"https:\/\/elregionalvm.com.ar\/noticias-villa-maria\/wp-json\/wp\/v2\/posts\/48368\/revisions"}],"predecessor-version":[{"id":48370,"href":"https:\/\/elregionalvm.com.ar\/noticias-villa-maria\/wp-json\/wp\/v2\/posts\/48368\/revisions\/48370"}],"wp:featuredmedia":[{"embeddable":true,"href":"https:\/\/elregionalvm.com.ar\/noticias-villa-maria\/wp-json\/wp\/v2\/media\/48369"}],"wp:attachment":[{"href":"https:\/\/elregionalvm.com.ar\/noticias-villa-maria\/wp-json\/wp\/v2\/media?parent=48368"}],"wp:term":[{"taxonomy":"category","embeddable":true,"href":"https:\/\/elregionalvm.com.ar\/noticias-villa-maria\/wp-json\/wp\/v2\/categories?post=48368"},{"taxonomy":"post_tag","embeddable":true,"href":"https:\/\/elregionalvm.com.ar\/noticias-villa-maria\/wp-json\/wp\/v2\/tags?post=48368"}],"curies":[{"name":"wp","href":"https:\/\/api.w.org\/{rel}","templated":true}]}}