{"id":48394,"date":"2021-11-19T23:06:44","date_gmt":"2021-11-19T23:06:44","guid":{"rendered":"https:\/\/elregionalvm.com.ar\/noticias-villa-maria\/?p=48394"},"modified":"2021-11-19T23:55:21","modified_gmt":"2021-11-19T23:55:21","slug":"el-lunes-feriado-no-habra-recoleccion-ni-vacunacion-contra-el-covid","status":"publish","type":"post","link":"https:\/\/elregionalvm.com.ar\/noticias-villa-maria\/el-lunes-feriado-no-habra-recoleccion-ni-vacunacion-contra-el-covid\/","title":{"rendered":"El lunes feriado no habr\u00e1 recolecci\u00f3n ni vacunaci\u00f3n contra el covid"},"content":{"rendered":"\n<p>La Municipalidad de Villa Mar\u00eda informa que la recolecci\u00f3n domiciliara de residuos funcionar\u00e1 con normalidad el s\u00e1bado 20 de noviembre, D\u00eda de la Soberan\u00eda Nacional, mientras que el lunes 22 por tratarse de feriado nacional con fines tur\u00edsticos, la prestataria COTRECO no brindar\u00e1 el servicio, que se reanudar\u00e1 el martes a las 6 horas con los recorridos habituales para esa jornada.<\/p>\n\n\n\n<p>Por otro lado, la actividad de los servicios de riego, barrido y limpieza, prestados por las Cooperativas El Sol y Talamochita, funcionar\u00e1 con normalidad durante todo el fin de semana. En tanto, trabajadores del Corral\u00f3n Municipal llevar\u00e1n adelante sus labores con guardias.<\/p>\n\n\n\n<p>LUNES SIN VACUNACI\u00d3N<\/p>\n\n\n\n<p>Por otra parte, es importante destacar que el vacunatorio que funciona en la UTN abrir\u00e1 sus puertas con normalidad el s\u00e1bado, en el horario de 8:00 a 12:00 horas, mientras que el lunes no atender\u00e1 al p\u00fablico.<\/p>\n\n\n\n<p>En cuanto a los testeos por covid-19, se realizar\u00e1n durante las jornadas de s\u00e1bado, domingo y lunes en la Asistencia P\u00fablica, de 8:00 a 12:00 horas. Adem\u00e1s, en las ambulancias que prestan apoyo a los distintos eventos que tendr\u00e1n lugar en la ciudad durante el fin de semana, vecinos y vecinas podr\u00e1n acercarse para ser testeados.<\/p>\n\n\n\n<p>VILLA NUEVA<br>Desde la Secretar\u00eda de Obras y Servicios P\u00fablicos del municipio de Villa Nueva se informa a los vecinos que con motivo del feriado del 20 de Noviembre D\u00eda de la Soberan\u00eda Nacional que este a\u00f1o se traslada al lunes 22 y que por ende, no habr\u00e1 recolecci\u00f3n de residuos. Por tal motivo se les solicita a los vecinos no sacar las bolsas de residuos a las calles para no ensuciar la ciudad.<\/p>\n","protected":false},"excerpt":{"rendered":"<p>La Municipalidad de Villa Mar\u00eda informa que la recolecci\u00f3n domiciliara de residuos funcionar\u00e1 con normalidad el s\u00e1bado 20 de noviembre, D\u00eda de la Soberan\u00eda Nacional, mientras que el lunes 22 por tratarse de feriado nacional con fines tur\u00edsticos, la prestataria COTRECO no brindar\u00e1 el servicio, que se reanudar\u00e1 el martes a las 6 horas con [&hellip;]<\/p>\n","protected":false},"author":4,"featured_media":48395,"comment_status":"open","ping_status":"open","sticky":false,"template":"","format":"standard","meta":{"site-sidebar-layout":"default","site-content-layout":"default","ast-site-content-layout":"default","site-content-style":"default","site-sidebar-style":"default","ast-global-header-display":"","ast-banner-title-visibility":"","ast-main-header-display":"","ast-hfb-above-header-display":"","ast-hfb-below-header-display":"","ast-hfb-mobile-header-display":"","site-post-title":"","ast-breadcrumbs-content":"","ast-featured-img":"","footer-sml-layout":"","ast-disable-related-posts":"","theme-transparent-header-meta":"default","adv-header-id-meta":"","stick-header-meta":"","header-above-stick-meta":"","header-main-stick-meta":"","header-below-stick-meta":"","astra-migrate-meta-layouts":"default","ast-page-background-enabled":"default","ast-page-background-meta":{"desktop":{"background-color":"","background-image":"","background-repeat":"repeat","background-position":"center center","background-size":"auto","background-attachment":"scroll","background-type":"","background-media":"","overlay-type":"","overlay-color":"","overlay-opacity":"","overlay-gradient":""},"tablet":{"background-color":"","background-image":"","background-repeat":"repeat","background-position":"center center","background-size":"auto","background-attachment":"scroll","background-type":"","background-media":"","overlay-type":"","overlay-color":"","overlay-opacity":"","overlay-gradient":""},"mobile":{"background-color":"","background-image":"","background-repeat":"repeat","background-position":"center center","background-size":"auto","background-attachment":"scroll","background-type":"","background-media":"","overlay-type":"","overlay-color":"","overlay-opacity":"","overlay-gradient":""}},"ast-content-background-meta":{"desktop":{"background-color":"var(--ast-global-color-5)","background-image":"","background-repeat":"repeat","background-position":"center center","background-size":"auto","background-attachment":"scroll","background-type":"","background-media":"","overlay-type":"","overlay-color":"","overlay-opacity":"","overlay-gradient":""},"tablet":{"background-color":"var(--ast-global-color-5)","background-image":"","background-repeat":"repeat","background-position":"center center","background-size":"auto","background-attachment":"scroll","background-type":"","background-media":"","overlay-type":"","overlay-color":"","overlay-opacity":"","overlay-gradient":""},"mobile":{"background-color":"var(--ast-global-color-5)","background-image":"","background-repeat":"repeat","background-position":"center center","background-size":"auto","background-attachment":"scroll","background-type":"","background-media":"","overlay-type":"","overlay-color":"","overlay-opacity":"","overlay-gradient":""}},"_jetpack_memberships_contains_paid_content":false,"_joinchat":[],"footnotes":""},"categories":[2],"tags":[2949,1232,12318,12319,2368,12320,2318],"class_list":["post-48394","post","type-post","status-publish","format-standard","has-post-thumbnail","hentry","category-villa-maria","tag-cotreco","tag-destacado","tag-lunes-feriado","tag-no-habra-recoleccion","tag-servicios","tag-sin-vacunacion","tag-vacunacion"],"yoast_head":"<!-- This site is optimized with the Yoast SEO plugin v26.8 - https:\/\/yoast.com\/product\/yoast-seo-wordpress\/ -->\n<title>El lunes feriado no habr\u00e1 recolecci\u00f3n ni vacunaci\u00f3n contra el covid - El Regional<\/title>\n<meta name=\"robots\" content=\"index, follow, max-snippet:-1, max-image-preview:large, max-video-preview:-1\" \/>\n<link rel=\"canonical\" href=\"http:\/\/elregionalvm.com.ar\/noticias-villa-maria\/el-lunes-feriado-no-habra-recoleccion-ni-vacunacion-contra-el-covid\/\" \/>\n<meta property=\"og:locale\" content=\"es_ES\" \/>\n<meta property=\"og:type\" content=\"article\" \/>\n<meta property=\"og:title\" content=\"El lunes feriado no habr\u00e1 recolecci\u00f3n ni vacunaci\u00f3n contra el covid - El Regional\" \/>\n<meta property=\"og:description\" content=\"La Municipalidad de Villa Mar\u00eda informa que la recolecci\u00f3n domiciliara de residuos funcionar\u00e1 con normalidad el s\u00e1bado 20 de noviembre, D\u00eda de la Soberan\u00eda Nacional, mientras que el lunes 22 por tratarse de feriado nacional con fines tur\u00edsticos, la prestataria COTRECO no brindar\u00e1 el servicio, que se reanudar\u00e1 el martes a las 6 horas con [&hellip;]\" \/>\n<meta property=\"og:url\" content=\"http:\/\/elregionalvm.com.ar\/noticias-villa-maria\/el-lunes-feriado-no-habra-recoleccion-ni-vacunacion-contra-el-covid\/\" \/>\n<meta property=\"og:site_name\" content=\"El Regional\" \/>\n<meta property=\"article:publisher\" content=\"https:\/\/www.facebook.com\/elregionalvm\" \/>\n<meta property=\"article:published_time\" content=\"2021-11-19T23:06:44+00:00\" \/>\n<meta property=\"article:modified_time\" content=\"2021-11-19T23:55:21+00:00\" \/>\n<meta property=\"og:image\" content=\"http:\/\/elregionalvm.com.ar\/noticias-villa-maria\/wp-content\/uploads\/2021\/11\/cotreco-2.jpg\" \/>\n\t<meta property=\"og:image:width\" content=\"1000\" \/>\n\t<meta property=\"og:image:height\" content=\"581\" \/>\n\t<meta property=\"og:image:type\" content=\"image\/jpeg\" \/>\n<meta name=\"author\" content=\"Contenidos El Regional\" \/>\n<meta name=\"twitter:card\" content=\"summary_large_image\" \/>\n<meta name=\"twitter:creator\" content=\"@elregionalvm1\" \/>\n<meta name=\"twitter:site\" content=\"@elregionalvm1\" \/>\n<meta name=\"twitter:label1\" content=\"Escrito por\" \/>\n\t<meta name=\"twitter:data1\" content=\"Contenidos El Regional\" \/>\n\t<meta name=\"twitter:label2\" content=\"Tiempo de lectura\" \/>\n\t<meta name=\"twitter:data2\" content=\"2 minutos\" \/>\n<script type=\"application\/ld+json\" class=\"yoast-schema-graph\">{\"@context\":\"https:\/\/schema.org\",\"@graph\":[{\"@type\":\"Article\",\"@id\":\"http:\/\/elregionalvm.com.ar\/noticias-villa-maria\/el-lunes-feriado-no-habra-recoleccion-ni-vacunacion-contra-el-covid\/#article\",\"isPartOf\":{\"@id\":\"http:\/\/elregionalvm.com.ar\/noticias-villa-maria\/el-lunes-feriado-no-habra-recoleccion-ni-vacunacion-contra-el-covid\/\"},\"author\":{\"name\":\"Contenidos El Regional\",\"@id\":\"http:\/\/elregionalvm.com.ar\/noticias-villa-maria\/#\/schema\/person\/a0fb9c422317faca23d50163151bc354\"},\"headline\":\"El lunes feriado no habr\u00e1 recolecci\u00f3n ni vacunaci\u00f3n contra el covid\",\"datePublished\":\"2021-11-19T23:06:44+00:00\",\"dateModified\":\"2021-11-19T23:55:21+00:00\",\"mainEntityOfPage\":{\"@id\":\"http:\/\/elregionalvm.com.ar\/noticias-villa-maria\/el-lunes-feriado-no-habra-recoleccion-ni-vacunacion-contra-el-covid\/\"},\"wordCount\":299,\"commentCount\":0,\"image\":{\"@id\":\"http:\/\/elregionalvm.com.ar\/noticias-villa-maria\/el-lunes-feriado-no-habra-recoleccion-ni-vacunacion-contra-el-covid\/#primaryimage\"},\"thumbnailUrl\":\"https:\/\/i0.wp.com\/elregionalvm.com.ar\/noticias-villa-maria\/wp-content\/uploads\/2021\/11\/cotreco-2.jpg?fit=1000%2C581&ssl=1\",\"keywords\":[\"Cotreco\",\"destacado\",\"lunes feriado\",\"no habr\u00e1 recolecci\u00f3n\",\"Servicios\",\"sin vacunaci\u00f3n\",\"Vacunaci\u00f3n\"],\"articleSection\":[\"Villa Mar\u00eda\"],\"inLanguage\":\"es\",\"potentialAction\":[{\"@type\":\"CommentAction\",\"name\":\"Comment\",\"target\":[\"http:\/\/elregionalvm.com.ar\/noticias-villa-maria\/el-lunes-feriado-no-habra-recoleccion-ni-vacunacion-contra-el-covid\/#respond\"]}]},{\"@type\":\"WebPage\",\"@id\":\"http:\/\/elregionalvm.com.ar\/noticias-villa-maria\/el-lunes-feriado-no-habra-recoleccion-ni-vacunacion-contra-el-covid\/\",\"url\":\"http:\/\/elregionalvm.com.ar\/noticias-villa-maria\/el-lunes-feriado-no-habra-recoleccion-ni-vacunacion-contra-el-covid\/\",\"name\":\"El lunes feriado no habr\u00e1 recolecci\u00f3n ni vacunaci\u00f3n contra el covid - El Regional\",\"isPartOf\":{\"@id\":\"http:\/\/elregionalvm.com.ar\/noticias-villa-maria\/#website\"},\"primaryImageOfPage\":{\"@id\":\"http:\/\/elregionalvm.com.ar\/noticias-villa-maria\/el-lunes-feriado-no-habra-recoleccion-ni-vacunacion-contra-el-covid\/#primaryimage\"},\"image\":{\"@id\":\"http:\/\/elregionalvm.com.ar\/noticias-villa-maria\/el-lunes-feriado-no-habra-recoleccion-ni-vacunacion-contra-el-covid\/#primaryimage\"},\"thumbnailUrl\":\"https:\/\/i0.wp.com\/elregionalvm.com.ar\/noticias-villa-maria\/wp-content\/uploads\/2021\/11\/cotreco-2.jpg?fit=1000%2C581&ssl=1\",\"datePublished\":\"2021-11-19T23:06:44+00:00\",\"dateModified\":\"2021-11-19T23:55:21+00:00\",\"author\":{\"@id\":\"http:\/\/elregionalvm.com.ar\/noticias-villa-maria\/#\/schema\/person\/a0fb9c422317faca23d50163151bc354\"},\"breadcrumb\":{\"@id\":\"http:\/\/elregionalvm.com.ar\/noticias-villa-maria\/el-lunes-feriado-no-habra-recoleccion-ni-vacunacion-contra-el-covid\/#breadcrumb\"},\"inLanguage\":\"es\",\"potentialAction\":[{\"@type\":\"ReadAction\",\"target\":[\"http:\/\/elregionalvm.com.ar\/noticias-villa-maria\/el-lunes-feriado-no-habra-recoleccion-ni-vacunacion-contra-el-covid\/\"]}]},{\"@type\":\"ImageObject\",\"inLanguage\":\"es\",\"@id\":\"http:\/\/elregionalvm.com.ar\/noticias-villa-maria\/el-lunes-feriado-no-habra-recoleccion-ni-vacunacion-contra-el-covid\/#primaryimage\",\"url\":\"https:\/\/i0.wp.com\/elregionalvm.com.ar\/noticias-villa-maria\/wp-content\/uploads\/2021\/11\/cotreco-2.jpg?fit=1000%2C581&ssl=1\",\"contentUrl\":\"https:\/\/i0.wp.com\/elregionalvm.com.ar\/noticias-villa-maria\/wp-content\/uploads\/2021\/11\/cotreco-2.jpg?fit=1000%2C581&ssl=1\",\"width\":1000,\"height\":581},{\"@type\":\"BreadcrumbList\",\"@id\":\"http:\/\/elregionalvm.com.ar\/noticias-villa-maria\/el-lunes-feriado-no-habra-recoleccion-ni-vacunacion-contra-el-covid\/#breadcrumb\",\"itemListElement\":[{\"@type\":\"ListItem\",\"position\":1,\"name\":\"Portada\",\"item\":\"https:\/\/elregionalvm.com.ar\/noticias-villa-maria\/\"},{\"@type\":\"ListItem\",\"position\":2,\"name\":\"El lunes feriado no habr\u00e1 recolecci\u00f3n ni vacunaci\u00f3n contra el covid\"}]},{\"@type\":\"WebSite\",\"@id\":\"http:\/\/elregionalvm.com.ar\/noticias-villa-maria\/#website\",\"url\":\"http:\/\/elregionalvm.com.ar\/noticias-villa-maria\/\",\"name\":\"El Regional\",\"description\":\"Mucho m\u00e1s que informaci\u00f3n\",\"potentialAction\":[{\"@type\":\"SearchAction\",\"target\":{\"@type\":\"EntryPoint\",\"urlTemplate\":\"http:\/\/elregionalvm.com.ar\/noticias-villa-maria\/?s={search_term_string}\"},\"query-input\":{\"@type\":\"PropertyValueSpecification\",\"valueRequired\":true,\"valueName\":\"search_term_string\"}}],\"inLanguage\":\"es\"},{\"@type\":\"Person\",\"@id\":\"http:\/\/elregionalvm.com.ar\/noticias-villa-maria\/#\/schema\/person\/a0fb9c422317faca23d50163151bc354\",\"name\":\"Contenidos El Regional\",\"image\":{\"@type\":\"ImageObject\",\"inLanguage\":\"es\",\"@id\":\"http:\/\/elregionalvm.com.ar\/noticias-villa-maria\/#\/schema\/person\/image\/\",\"url\":\"https:\/\/secure.gravatar.com\/avatar\/265b27cb2209af7bb3a1318f03305787d7981a5cc6e6cd08fe5a4ecdf99d4b48?s=96&d=mm&r=g\",\"contentUrl\":\"https:\/\/secure.gravatar.com\/avatar\/265b27cb2209af7bb3a1318f03305787d7981a5cc6e6cd08fe5a4ecdf99d4b48?s=96&d=mm&r=g\",\"caption\":\"Contenidos El Regional\"},\"url\":\"https:\/\/elregionalvm.com.ar\/noticias-villa-maria\/author\/contenido\/\"}]}<\/script>\n<!-- \/ Yoast SEO plugin. -->","yoast_head_json":{"title":"El lunes feriado no habr\u00e1 recolecci\u00f3n ni vacunaci\u00f3n contra el covid - El Regional","robots":{"index":"index","follow":"follow","max-snippet":"max-snippet:-1","max-image-preview":"max-image-preview:large","max-video-preview":"max-video-preview:-1"},"canonical":"http:\/\/elregionalvm.com.ar\/noticias-villa-maria\/el-lunes-feriado-no-habra-recoleccion-ni-vacunacion-contra-el-covid\/","og_locale":"es_ES","og_type":"article","og_title":"El lunes feriado no habr\u00e1 recolecci\u00f3n ni vacunaci\u00f3n contra el covid - El Regional","og_description":"La Municipalidad de Villa Mar\u00eda informa que la recolecci\u00f3n domiciliara de residuos funcionar\u00e1 con normalidad el s\u00e1bado 20 de noviembre, D\u00eda de la Soberan\u00eda Nacional, mientras que el lunes 22 por tratarse de feriado nacional con fines tur\u00edsticos, la prestataria COTRECO no brindar\u00e1 el servicio, que se reanudar\u00e1 el martes a las 6 horas con [&hellip;]","og_url":"http:\/\/elregionalvm.com.ar\/noticias-villa-maria\/el-lunes-feriado-no-habra-recoleccion-ni-vacunacion-contra-el-covid\/","og_site_name":"El Regional","article_publisher":"https:\/\/www.facebook.com\/elregionalvm","article_published_time":"2021-11-19T23:06:44+00:00","article_modified_time":"2021-11-19T23:55:21+00:00","og_image":[{"width":1000,"height":581,"url":"http:\/\/elregionalvm.com.ar\/noticias-villa-maria\/wp-content\/uploads\/2021\/11\/cotreco-2.jpg","type":"image\/jpeg"}],"author":"Contenidos El Regional","twitter_card":"summary_large_image","twitter_creator":"@elregionalvm1","twitter_site":"@elregionalvm1","twitter_misc":{"Escrito por":"Contenidos El Regional","Tiempo de lectura":"2 minutos"},"schema":{"@context":"https:\/\/schema.org","@graph":[{"@type":"Article","@id":"http:\/\/elregionalvm.com.ar\/noticias-villa-maria\/el-lunes-feriado-no-habra-recoleccion-ni-vacunacion-contra-el-covid\/#article","isPartOf":{"@id":"http:\/\/elregionalvm.com.ar\/noticias-villa-maria\/el-lunes-feriado-no-habra-recoleccion-ni-vacunacion-contra-el-covid\/"},"author":{"name":"Contenidos El Regional","@id":"http:\/\/elregionalvm.com.ar\/noticias-villa-maria\/#\/schema\/person\/a0fb9c422317faca23d50163151bc354"},"headline":"El lunes feriado no habr\u00e1 recolecci\u00f3n ni vacunaci\u00f3n contra el covid","datePublished":"2021-11-19T23:06:44+00:00","dateModified":"2021-11-19T23:55:21+00:00","mainEntityOfPage":{"@id":"http:\/\/elregionalvm.com.ar\/noticias-villa-maria\/el-lunes-feriado-no-habra-recoleccion-ni-vacunacion-contra-el-covid\/"},"wordCount":299,"commentCount":0,"image":{"@id":"http:\/\/elregionalvm.com.ar\/noticias-villa-maria\/el-lunes-feriado-no-habra-recoleccion-ni-vacunacion-contra-el-covid\/#primaryimage"},"thumbnailUrl":"https:\/\/i0.wp.com\/elregionalvm.com.ar\/noticias-villa-maria\/wp-content\/uploads\/2021\/11\/cotreco-2.jpg?fit=1000%2C581&ssl=1","keywords":["Cotreco","destacado","lunes feriado","no habr\u00e1 recolecci\u00f3n","Servicios","sin vacunaci\u00f3n","Vacunaci\u00f3n"],"articleSection":["Villa Mar\u00eda"],"inLanguage":"es","potentialAction":[{"@type":"CommentAction","name":"Comment","target":["http:\/\/elregionalvm.com.ar\/noticias-villa-maria\/el-lunes-feriado-no-habra-recoleccion-ni-vacunacion-contra-el-covid\/#respond"]}]},{"@type":"WebPage","@id":"http:\/\/elregionalvm.com.ar\/noticias-villa-maria\/el-lunes-feriado-no-habra-recoleccion-ni-vacunacion-contra-el-covid\/","url":"http:\/\/elregionalvm.com.ar\/noticias-villa-maria\/el-lunes-feriado-no-habra-recoleccion-ni-vacunacion-contra-el-covid\/","name":"El lunes feriado no habr\u00e1 recolecci\u00f3n ni vacunaci\u00f3n contra el covid - El Regional","isPartOf":{"@id":"http:\/\/elregionalvm.com.ar\/noticias-villa-maria\/#website"},"primaryImageOfPage":{"@id":"http:\/\/elregionalvm.com.ar\/noticias-villa-maria\/el-lunes-feriado-no-habra-recoleccion-ni-vacunacion-contra-el-covid\/#primaryimage"},"image":{"@id":"http:\/\/elregionalvm.com.ar\/noticias-villa-maria\/el-lunes-feriado-no-habra-recoleccion-ni-vacunacion-contra-el-covid\/#primaryimage"},"thumbnailUrl":"https:\/\/i0.wp.com\/elregionalvm.com.ar\/noticias-villa-maria\/wp-content\/uploads\/2021\/11\/cotreco-2.jpg?fit=1000%2C581&ssl=1","datePublished":"2021-11-19T23:06:44+00:00","dateModified":"2021-11-19T23:55:21+00:00","author":{"@id":"http:\/\/elregionalvm.com.ar\/noticias-villa-maria\/#\/schema\/person\/a0fb9c422317faca23d50163151bc354"},"breadcrumb":{"@id":"http:\/\/elregionalvm.com.ar\/noticias-villa-maria\/el-lunes-feriado-no-habra-recoleccion-ni-vacunacion-contra-el-covid\/#breadcrumb"},"inLanguage":"es","potentialAction":[{"@type":"ReadAction","target":["http:\/\/elregionalvm.com.ar\/noticias-villa-maria\/el-lunes-feriado-no-habra-recoleccion-ni-vacunacion-contra-el-covid\/"]}]},{"@type":"ImageObject","inLanguage":"es","@id":"http:\/\/elregionalvm.com.ar\/noticias-villa-maria\/el-lunes-feriado-no-habra-recoleccion-ni-vacunacion-contra-el-covid\/#primaryimage","url":"https:\/\/i0.wp.com\/elregionalvm.com.ar\/noticias-villa-maria\/wp-content\/uploads\/2021\/11\/cotreco-2.jpg?fit=1000%2C581&ssl=1","contentUrl":"https:\/\/i0.wp.com\/elregionalvm.com.ar\/noticias-villa-maria\/wp-content\/uploads\/2021\/11\/cotreco-2.jpg?fit=1000%2C581&ssl=1","width":1000,"height":581},{"@type":"BreadcrumbList","@id":"http:\/\/elregionalvm.com.ar\/noticias-villa-maria\/el-lunes-feriado-no-habra-recoleccion-ni-vacunacion-contra-el-covid\/#breadcrumb","itemListElement":[{"@type":"ListItem","position":1,"name":"Portada","item":"https:\/\/elregionalvm.com.ar\/noticias-villa-maria\/"},{"@type":"ListItem","position":2,"name":"El lunes feriado no habr\u00e1 recolecci\u00f3n ni vacunaci\u00f3n contra el covid"}]},{"@type":"WebSite","@id":"http:\/\/elregionalvm.com.ar\/noticias-villa-maria\/#website","url":"http:\/\/elregionalvm.com.ar\/noticias-villa-maria\/","name":"El Regional","description":"Mucho m\u00e1s que informaci\u00f3n","potentialAction":[{"@type":"SearchAction","target":{"@type":"EntryPoint","urlTemplate":"http:\/\/elregionalvm.com.ar\/noticias-villa-maria\/?s={search_term_string}"},"query-input":{"@type":"PropertyValueSpecification","valueRequired":true,"valueName":"search_term_string"}}],"inLanguage":"es"},{"@type":"Person","@id":"http:\/\/elregionalvm.com.ar\/noticias-villa-maria\/#\/schema\/person\/a0fb9c422317faca23d50163151bc354","name":"Contenidos El Regional","image":{"@type":"ImageObject","inLanguage":"es","@id":"http:\/\/elregionalvm.com.ar\/noticias-villa-maria\/#\/schema\/person\/image\/","url":"https:\/\/secure.gravatar.com\/avatar\/265b27cb2209af7bb3a1318f03305787d7981a5cc6e6cd08fe5a4ecdf99d4b48?s=96&d=mm&r=g","contentUrl":"https:\/\/secure.gravatar.com\/avatar\/265b27cb2209af7bb3a1318f03305787d7981a5cc6e6cd08fe5a4ecdf99d4b48?s=96&d=mm&r=g","caption":"Contenidos El Regional"},"url":"https:\/\/elregionalvm.com.ar\/noticias-villa-maria\/author\/contenido\/"}]}},"jetpack_featured_media_url":"https:\/\/i0.wp.com\/elregionalvm.com.ar\/noticias-villa-maria\/wp-content\/uploads\/2021\/11\/cotreco-2.jpg?fit=1000%2C581&ssl=1","jetpack_sharing_enabled":true,"_links":{"self":[{"href":"https:\/\/elregionalvm.com.ar\/noticias-villa-maria\/wp-json\/wp\/v2\/posts\/48394","targetHints":{"allow":["GET"]}}],"collection":[{"href":"https:\/\/elregionalvm.com.ar\/noticias-villa-maria\/wp-json\/wp\/v2\/posts"}],"about":[{"href":"https:\/\/elregionalvm.com.ar\/noticias-villa-maria\/wp-json\/wp\/v2\/types\/post"}],"author":[{"embeddable":true,"href":"https:\/\/elregionalvm.com.ar\/noticias-villa-maria\/wp-json\/wp\/v2\/users\/4"}],"replies":[{"embeddable":true,"href":"https:\/\/elregionalvm.com.ar\/noticias-villa-maria\/wp-json\/wp\/v2\/comments?post=48394"}],"version-history":[{"count":2,"href":"https:\/\/elregionalvm.com.ar\/noticias-villa-maria\/wp-json\/wp\/v2\/posts\/48394\/revisions"}],"predecessor-version":[{"id":48407,"href":"https:\/\/elregionalvm.com.ar\/noticias-villa-maria\/wp-json\/wp\/v2\/posts\/48394\/revisions\/48407"}],"wp:featuredmedia":[{"embeddable":true,"href":"https:\/\/elregionalvm.com.ar\/noticias-villa-maria\/wp-json\/wp\/v2\/media\/48395"}],"wp:attachment":[{"href":"https:\/\/elregionalvm.com.ar\/noticias-villa-maria\/wp-json\/wp\/v2\/media?parent=48394"}],"wp:term":[{"taxonomy":"category","embeddable":true,"href":"https:\/\/elregionalvm.com.ar\/noticias-villa-maria\/wp-json\/wp\/v2\/categories?post=48394"},{"taxonomy":"post_tag","embeddable":true,"href":"https:\/\/elregionalvm.com.ar\/noticias-villa-maria\/wp-json\/wp\/v2\/tags?post=48394"}],"curies":[{"name":"wp","href":"https:\/\/api.w.org\/{rel}","templated":true}]}}