{"id":48408,"date":"2021-11-19T23:59:19","date_gmt":"2021-11-19T23:59:19","guid":{"rendered":"https:\/\/elregionalvm.com.ar\/noticias-villa-maria\/?p=48408"},"modified":"2021-11-19T23:59:21","modified_gmt":"2021-11-19T23:59:21","slug":"avanza-la-pavimentacion-del-barrio-prado-espanol-en-villa-nueva","status":"publish","type":"post","link":"https:\/\/elregionalvm.com.ar\/noticias-villa-maria\/avanza-la-pavimentacion-del-barrio-prado-espanol-en-villa-nueva\/","title":{"rendered":"Avanza la pavimentaci\u00f3n del barrio Prado Espa\u00f1ol en Villa Nueva"},"content":{"rendered":"\n<p>Avanza la obra de pavimentaci\u00f3n del barrio Prado Espa\u00f1ol, con el asfaltado de la avenida 12 de octubre, una de las arterias principales del barrio.<\/p>\n\n\n\n<p>La obra, financiada por el Gobierno Nacional a trav\u00e9s de la secretar\u00eda de Obras y Servicios P\u00fablicos, permitir\u00e1 completar el 100 por ciento del barrio con las calles pavimentadas, lo que significar\u00e1 un gran avance para el desarrollo de ese sector de la ciudad, as\u00ed como tambi\u00e9n una mejora significativa en la seguridad vial para el lugar.<\/p>\n\n\n\n<figure class=\"wp-block-gallery columns-2 is-cropped wp-block-gallery-1 is-layout-flex wp-block-gallery-is-layout-flex\"><ul class=\"blocks-gallery-grid\"><li class=\"blocks-gallery-item\"><figure><img data-recalc-dims=\"1\" fetchpriority=\"high\" decoding=\"async\" width=\"1024\" height=\"576\" src=\"https:\/\/i0.wp.com\/elregionalvm.com.ar\/noticias-villa-maria\/wp-content\/uploads\/2021\/11\/WhatsApp-Image-2021-11-19-at-12.51.29.jpeg?resize=1024%2C576&#038;ssl=1\" alt=\"\" data-id=\"48410\" data-link=\"https:\/\/elregionalvm.com.ar\/noticias-villa-maria\/?attachment_id=48410\" class=\"wp-image-48410\" srcset=\"https:\/\/i0.wp.com\/elregionalvm.com.ar\/noticias-villa-maria\/wp-content\/uploads\/2021\/11\/WhatsApp-Image-2021-11-19-at-12.51.29.jpeg?resize=1024%2C576&amp;ssl=1 1024w, https:\/\/i0.wp.com\/elregionalvm.com.ar\/noticias-villa-maria\/wp-content\/uploads\/2021\/11\/WhatsApp-Image-2021-11-19-at-12.51.29.jpeg?resize=300%2C169&amp;ssl=1 300w, https:\/\/i0.wp.com\/elregionalvm.com.ar\/noticias-villa-maria\/wp-content\/uploads\/2021\/11\/WhatsApp-Image-2021-11-19-at-12.51.29.jpeg?resize=768%2C432&amp;ssl=1 768w, https:\/\/i0.wp.com\/elregionalvm.com.ar\/noticias-villa-maria\/wp-content\/uploads\/2021\/11\/WhatsApp-Image-2021-11-19-at-12.51.29.jpeg?w=1280&amp;ssl=1 1280w\" sizes=\"(max-width: 1000px) 100vw, 1000px\" \/><\/figure><\/li><li class=\"blocks-gallery-item\"><figure><img data-recalc-dims=\"1\" decoding=\"async\" width=\"1024\" height=\"576\" src=\"https:\/\/i0.wp.com\/elregionalvm.com.ar\/noticias-villa-maria\/wp-content\/uploads\/2021\/11\/WhatsApp-Image-2021-11-19-at-12.51.28-1.jpeg?resize=1024%2C576&#038;ssl=1\" alt=\"\" data-id=\"48411\" data-full-url=\"https:\/\/elregionalvm.com.ar\/noticias-villa-maria\/wp-content\/uploads\/2021\/11\/WhatsApp-Image-2021-11-19-at-12.51.28-1.jpeg\" data-link=\"https:\/\/elregionalvm.com.ar\/noticias-villa-maria\/?attachment_id=48411\" class=\"wp-image-48411\" srcset=\"https:\/\/i0.wp.com\/elregionalvm.com.ar\/noticias-villa-maria\/wp-content\/uploads\/2021\/11\/WhatsApp-Image-2021-11-19-at-12.51.28-1.jpeg?resize=1024%2C576&amp;ssl=1 1024w, https:\/\/i0.wp.com\/elregionalvm.com.ar\/noticias-villa-maria\/wp-content\/uploads\/2021\/11\/WhatsApp-Image-2021-11-19-at-12.51.28-1.jpeg?resize=300%2C169&amp;ssl=1 300w, https:\/\/i0.wp.com\/elregionalvm.com.ar\/noticias-villa-maria\/wp-content\/uploads\/2021\/11\/WhatsApp-Image-2021-11-19-at-12.51.28-1.jpeg?resize=768%2C432&amp;ssl=1 768w, https:\/\/i0.wp.com\/elregionalvm.com.ar\/noticias-villa-maria\/wp-content\/uploads\/2021\/11\/WhatsApp-Image-2021-11-19-at-12.51.28-1.jpeg?w=1280&amp;ssl=1 1280w\" sizes=\"(max-width: 1000px) 100vw, 1000px\" \/><\/figure><\/li><\/ul><\/figure>\n","protected":false},"excerpt":{"rendered":"<p>Avanza la obra de pavimentaci\u00f3n del barrio Prado Espa\u00f1ol, con el asfaltado de la avenida 12 de octubre, una de las arterias principales del barrio. La obra, financiada por el Gobierno Nacional a trav\u00e9s de la secretar\u00eda de Obras y Servicios P\u00fablicos, permitir\u00e1 completar el 100 por ciento del barrio con las calles pavimentadas, lo [&hellip;]<\/p>\n","protected":false},"author":4,"featured_media":48409,"comment_status":"open","ping_status":"open","sticky":false,"template":"","format":"standard","meta":{"site-sidebar-layout":"default","site-content-layout":"default","ast-site-content-layout":"default","site-content-style":"default","site-sidebar-style":"default","ast-global-header-display":"","ast-banner-title-visibility":"","ast-main-header-display":"","ast-hfb-above-header-display":"","ast-hfb-below-header-display":"","ast-hfb-mobile-header-display":"","site-post-title":"","ast-breadcrumbs-content":"","ast-featured-img":"","footer-sml-layout":"","ast-disable-related-posts":"","theme-transparent-header-meta":"default","adv-header-id-meta":"","stick-header-meta":"","header-above-stick-meta":"","header-main-stick-meta":"","header-below-stick-meta":"","astra-migrate-meta-layouts":"default","ast-page-background-enabled":"default","ast-page-background-meta":{"desktop":{"background-color":"","background-image":"","background-repeat":"repeat","background-position":"center center","background-size":"auto","background-attachment":"scroll","background-type":"","background-media":"","overlay-type":"","overlay-color":"","overlay-opacity":"","overlay-gradient":""},"tablet":{"background-color":"","background-image":"","background-repeat":"repeat","background-position":"center center","background-size":"auto","background-attachment":"scroll","background-type":"","background-media":"","overlay-type":"","overlay-color":"","overlay-opacity":"","overlay-gradient":""},"mobile":{"background-color":"","background-image":"","background-repeat":"repeat","background-position":"center center","background-size":"auto","background-attachment":"scroll","background-type":"","background-media":"","overlay-type":"","overlay-color":"","overlay-opacity":"","overlay-gradient":""}},"ast-content-background-meta":{"desktop":{"background-color":"var(--ast-global-color-5)","background-image":"","background-repeat":"repeat","background-position":"center center","background-size":"auto","background-attachment":"scroll","background-type":"","background-media":"","overlay-type":"","overlay-color":"","overlay-opacity":"","overlay-gradient":""},"tablet":{"background-color":"var(--ast-global-color-5)","background-image":"","background-repeat":"repeat","background-position":"center center","background-size":"auto","background-attachment":"scroll","background-type":"","background-media":"","overlay-type":"","overlay-color":"","overlay-opacity":"","overlay-gradient":""},"mobile":{"background-color":"var(--ast-global-color-5)","background-image":"","background-repeat":"repeat","background-position":"center center","background-size":"auto","background-attachment":"scroll","background-type":"","background-media":"","overlay-type":"","overlay-color":"","overlay-opacity":"","overlay-gradient":""}},"_jetpack_memberships_contains_paid_content":false,"_joinchat":[],"footnotes":""},"categories":[1408],"tags":[12323,5423,7264,1232,12324,680,232],"class_list":["post-48408","post","type-post","status-publish","format-standard","has-post-thumbnail","hentry","category-villa-nueva","tag-100-por-ciento-de-pavimento","tag-avances","tag-barrio-prado-espanol","tag-destacado","tag-mejoras-notables","tag-pavimento","tag-villa-nueva"],"yoast_head":"<!-- This site is optimized with the Yoast SEO plugin v26.8 - https:\/\/yoast.com\/product\/yoast-seo-wordpress\/ -->\n<title>Avanza la pavimentaci\u00f3n del barrio Prado Espa\u00f1ol en Villa Nueva - El Regional<\/title>\n<meta name=\"robots\" content=\"index, follow, max-snippet:-1, max-image-preview:large, max-video-preview:-1\" \/>\n<link rel=\"canonical\" href=\"http:\/\/elregionalvm.com.ar\/noticias-villa-maria\/avanza-la-pavimentacion-del-barrio-prado-espanol-en-villa-nueva\/\" \/>\n<meta property=\"og:locale\" content=\"es_ES\" \/>\n<meta property=\"og:type\" content=\"article\" \/>\n<meta property=\"og:title\" content=\"Avanza la pavimentaci\u00f3n del barrio Prado Espa\u00f1ol en Villa Nueva - El Regional\" \/>\n<meta property=\"og:description\" content=\"Avanza la obra de pavimentaci\u00f3n del barrio Prado Espa\u00f1ol, con el asfaltado de la avenida 12 de octubre, una de las arterias principales del barrio. La obra, financiada por el Gobierno Nacional a trav\u00e9s de la secretar\u00eda de Obras y Servicios P\u00fablicos, permitir\u00e1 completar el 100 por ciento del barrio con las calles pavimentadas, lo [&hellip;]\" \/>\n<meta property=\"og:url\" content=\"http:\/\/elregionalvm.com.ar\/noticias-villa-maria\/avanza-la-pavimentacion-del-barrio-prado-espanol-en-villa-nueva\/\" \/>\n<meta property=\"og:site_name\" content=\"El Regional\" \/>\n<meta property=\"article:publisher\" content=\"https:\/\/www.facebook.com\/elregionalvm\" \/>\n<meta property=\"article:published_time\" content=\"2021-11-19T23:59:19+00:00\" \/>\n<meta property=\"article:modified_time\" content=\"2021-11-19T23:59:21+00:00\" \/>\n<meta property=\"og:image\" content=\"http:\/\/elregionalvm.com.ar\/noticias-villa-maria\/wp-content\/uploads\/2021\/11\/WhatsApp-Image-2021-11-19-at-12.51.28.jpeg\" \/>\n\t<meta property=\"og:image:width\" content=\"1280\" \/>\n\t<meta property=\"og:image:height\" content=\"720\" \/>\n\t<meta property=\"og:image:type\" content=\"image\/jpeg\" \/>\n<meta name=\"author\" content=\"Contenidos El Regional\" \/>\n<meta name=\"twitter:card\" content=\"summary_large_image\" \/>\n<meta name=\"twitter:creator\" content=\"@elregionalvm1\" \/>\n<meta name=\"twitter:site\" content=\"@elregionalvm1\" \/>\n<meta name=\"twitter:label1\" content=\"Escrito por\" \/>\n\t<meta name=\"twitter:data1\" content=\"Contenidos El Regional\" \/>\n\t<meta name=\"twitter:label2\" content=\"Tiempo de lectura\" \/>\n\t<meta name=\"twitter:data2\" content=\"1 minuto\" \/>\n<script type=\"application\/ld+json\" class=\"yoast-schema-graph\">{\"@context\":\"https:\/\/schema.org\",\"@graph\":[{\"@type\":\"Article\",\"@id\":\"http:\/\/elregionalvm.com.ar\/noticias-villa-maria\/avanza-la-pavimentacion-del-barrio-prado-espanol-en-villa-nueva\/#article\",\"isPartOf\":{\"@id\":\"http:\/\/elregionalvm.com.ar\/noticias-villa-maria\/avanza-la-pavimentacion-del-barrio-prado-espanol-en-villa-nueva\/\"},\"author\":{\"name\":\"Contenidos El Regional\",\"@id\":\"http:\/\/elregionalvm.com.ar\/noticias-villa-maria\/#\/schema\/person\/a0fb9c422317faca23d50163151bc354\"},\"headline\":\"Avanza la pavimentaci\u00f3n del barrio Prado Espa\u00f1ol en Villa Nueva\",\"datePublished\":\"2021-11-19T23:59:19+00:00\",\"dateModified\":\"2021-11-19T23:59:21+00:00\",\"mainEntityOfPage\":{\"@id\":\"http:\/\/elregionalvm.com.ar\/noticias-villa-maria\/avanza-la-pavimentacion-del-barrio-prado-espanol-en-villa-nueva\/\"},\"wordCount\":98,\"commentCount\":0,\"image\":{\"@id\":\"http:\/\/elregionalvm.com.ar\/noticias-villa-maria\/avanza-la-pavimentacion-del-barrio-prado-espanol-en-villa-nueva\/#primaryimage\"},\"thumbnailUrl\":\"https:\/\/i0.wp.com\/elregionalvm.com.ar\/noticias-villa-maria\/wp-content\/uploads\/2021\/11\/WhatsApp-Image-2021-11-19-at-12.51.28.jpeg?fit=1280%2C720&ssl=1\",\"keywords\":[\"100 por ciento de pavimento\",\"avances\",\"Barrio Prado Espa\u00f1ol\",\"destacado\",\"mejoras notables\",\"pavimento\",\"VILLA NUEVA\"],\"articleSection\":[\"Villa Nueva\"],\"inLanguage\":\"es\",\"potentialAction\":[{\"@type\":\"CommentAction\",\"name\":\"Comment\",\"target\":[\"http:\/\/elregionalvm.com.ar\/noticias-villa-maria\/avanza-la-pavimentacion-del-barrio-prado-espanol-en-villa-nueva\/#respond\"]}]},{\"@type\":\"WebPage\",\"@id\":\"http:\/\/elregionalvm.com.ar\/noticias-villa-maria\/avanza-la-pavimentacion-del-barrio-prado-espanol-en-villa-nueva\/\",\"url\":\"http:\/\/elregionalvm.com.ar\/noticias-villa-maria\/avanza-la-pavimentacion-del-barrio-prado-espanol-en-villa-nueva\/\",\"name\":\"Avanza la pavimentaci\u00f3n del barrio Prado Espa\u00f1ol en Villa Nueva - El Regional\",\"isPartOf\":{\"@id\":\"http:\/\/elregionalvm.com.ar\/noticias-villa-maria\/#website\"},\"primaryImageOfPage\":{\"@id\":\"http:\/\/elregionalvm.com.ar\/noticias-villa-maria\/avanza-la-pavimentacion-del-barrio-prado-espanol-en-villa-nueva\/#primaryimage\"},\"image\":{\"@id\":\"http:\/\/elregionalvm.com.ar\/noticias-villa-maria\/avanza-la-pavimentacion-del-barrio-prado-espanol-en-villa-nueva\/#primaryimage\"},\"thumbnailUrl\":\"https:\/\/i0.wp.com\/elregionalvm.com.ar\/noticias-villa-maria\/wp-content\/uploads\/2021\/11\/WhatsApp-Image-2021-11-19-at-12.51.28.jpeg?fit=1280%2C720&ssl=1\",\"datePublished\":\"2021-11-19T23:59:19+00:00\",\"dateModified\":\"2021-11-19T23:59:21+00:00\",\"author\":{\"@id\":\"http:\/\/elregionalvm.com.ar\/noticias-villa-maria\/#\/schema\/person\/a0fb9c422317faca23d50163151bc354\"},\"breadcrumb\":{\"@id\":\"http:\/\/elregionalvm.com.ar\/noticias-villa-maria\/avanza-la-pavimentacion-del-barrio-prado-espanol-en-villa-nueva\/#breadcrumb\"},\"inLanguage\":\"es\",\"potentialAction\":[{\"@type\":\"ReadAction\",\"target\":[\"http:\/\/elregionalvm.com.ar\/noticias-villa-maria\/avanza-la-pavimentacion-del-barrio-prado-espanol-en-villa-nueva\/\"]}]},{\"@type\":\"ImageObject\",\"inLanguage\":\"es\",\"@id\":\"http:\/\/elregionalvm.com.ar\/noticias-villa-maria\/avanza-la-pavimentacion-del-barrio-prado-espanol-en-villa-nueva\/#primaryimage\",\"url\":\"https:\/\/i0.wp.com\/elregionalvm.com.ar\/noticias-villa-maria\/wp-content\/uploads\/2021\/11\/WhatsApp-Image-2021-11-19-at-12.51.28.jpeg?fit=1280%2C720&ssl=1\",\"contentUrl\":\"https:\/\/i0.wp.com\/elregionalvm.com.ar\/noticias-villa-maria\/wp-content\/uploads\/2021\/11\/WhatsApp-Image-2021-11-19-at-12.51.28.jpeg?fit=1280%2C720&ssl=1\",\"width\":1280,\"height\":720},{\"@type\":\"BreadcrumbList\",\"@id\":\"http:\/\/elregionalvm.com.ar\/noticias-villa-maria\/avanza-la-pavimentacion-del-barrio-prado-espanol-en-villa-nueva\/#breadcrumb\",\"itemListElement\":[{\"@type\":\"ListItem\",\"position\":1,\"name\":\"Portada\",\"item\":\"https:\/\/elregionalvm.com.ar\/noticias-villa-maria\/\"},{\"@type\":\"ListItem\",\"position\":2,\"name\":\"Avanza la pavimentaci\u00f3n del barrio Prado Espa\u00f1ol en Villa Nueva\"}]},{\"@type\":\"WebSite\",\"@id\":\"http:\/\/elregionalvm.com.ar\/noticias-villa-maria\/#website\",\"url\":\"http:\/\/elregionalvm.com.ar\/noticias-villa-maria\/\",\"name\":\"El Regional\",\"description\":\"Mucho m\u00e1s que informaci\u00f3n\",\"potentialAction\":[{\"@type\":\"SearchAction\",\"target\":{\"@type\":\"EntryPoint\",\"urlTemplate\":\"http:\/\/elregionalvm.com.ar\/noticias-villa-maria\/?s={search_term_string}\"},\"query-input\":{\"@type\":\"PropertyValueSpecification\",\"valueRequired\":true,\"valueName\":\"search_term_string\"}}],\"inLanguage\":\"es\"},{\"@type\":\"Person\",\"@id\":\"http:\/\/elregionalvm.com.ar\/noticias-villa-maria\/#\/schema\/person\/a0fb9c422317faca23d50163151bc354\",\"name\":\"Contenidos El Regional\",\"image\":{\"@type\":\"ImageObject\",\"inLanguage\":\"es\",\"@id\":\"http:\/\/elregionalvm.com.ar\/noticias-villa-maria\/#\/schema\/person\/image\/\",\"url\":\"https:\/\/secure.gravatar.com\/avatar\/265b27cb2209af7bb3a1318f03305787d7981a5cc6e6cd08fe5a4ecdf99d4b48?s=96&d=mm&r=g\",\"contentUrl\":\"https:\/\/secure.gravatar.com\/avatar\/265b27cb2209af7bb3a1318f03305787d7981a5cc6e6cd08fe5a4ecdf99d4b48?s=96&d=mm&r=g\",\"caption\":\"Contenidos El Regional\"},\"url\":\"https:\/\/elregionalvm.com.ar\/noticias-villa-maria\/author\/contenido\/\"}]}<\/script>\n<!-- \/ Yoast SEO plugin. -->","yoast_head_json":{"title":"Avanza la pavimentaci\u00f3n del barrio Prado Espa\u00f1ol en Villa Nueva - El Regional","robots":{"index":"index","follow":"follow","max-snippet":"max-snippet:-1","max-image-preview":"max-image-preview:large","max-video-preview":"max-video-preview:-1"},"canonical":"http:\/\/elregionalvm.com.ar\/noticias-villa-maria\/avanza-la-pavimentacion-del-barrio-prado-espanol-en-villa-nueva\/","og_locale":"es_ES","og_type":"article","og_title":"Avanza la pavimentaci\u00f3n del barrio Prado Espa\u00f1ol en Villa Nueva - El Regional","og_description":"Avanza la obra de pavimentaci\u00f3n del barrio Prado Espa\u00f1ol, con el asfaltado de la avenida 12 de octubre, una de las arterias principales del barrio. La obra, financiada por el Gobierno Nacional a trav\u00e9s de la secretar\u00eda de Obras y Servicios P\u00fablicos, permitir\u00e1 completar el 100 por ciento del barrio con las calles pavimentadas, lo [&hellip;]","og_url":"http:\/\/elregionalvm.com.ar\/noticias-villa-maria\/avanza-la-pavimentacion-del-barrio-prado-espanol-en-villa-nueva\/","og_site_name":"El Regional","article_publisher":"https:\/\/www.facebook.com\/elregionalvm","article_published_time":"2021-11-19T23:59:19+00:00","article_modified_time":"2021-11-19T23:59:21+00:00","og_image":[{"width":1280,"height":720,"url":"http:\/\/elregionalvm.com.ar\/noticias-villa-maria\/wp-content\/uploads\/2021\/11\/WhatsApp-Image-2021-11-19-at-12.51.28.jpeg","type":"image\/jpeg"}],"author":"Contenidos El Regional","twitter_card":"summary_large_image","twitter_creator":"@elregionalvm1","twitter_site":"@elregionalvm1","twitter_misc":{"Escrito por":"Contenidos El Regional","Tiempo de lectura":"1 minuto"},"schema":{"@context":"https:\/\/schema.org","@graph":[{"@type":"Article","@id":"http:\/\/elregionalvm.com.ar\/noticias-villa-maria\/avanza-la-pavimentacion-del-barrio-prado-espanol-en-villa-nueva\/#article","isPartOf":{"@id":"http:\/\/elregionalvm.com.ar\/noticias-villa-maria\/avanza-la-pavimentacion-del-barrio-prado-espanol-en-villa-nueva\/"},"author":{"name":"Contenidos El Regional","@id":"http:\/\/elregionalvm.com.ar\/noticias-villa-maria\/#\/schema\/person\/a0fb9c422317faca23d50163151bc354"},"headline":"Avanza la pavimentaci\u00f3n del barrio Prado Espa\u00f1ol en Villa Nueva","datePublished":"2021-11-19T23:59:19+00:00","dateModified":"2021-11-19T23:59:21+00:00","mainEntityOfPage":{"@id":"http:\/\/elregionalvm.com.ar\/noticias-villa-maria\/avanza-la-pavimentacion-del-barrio-prado-espanol-en-villa-nueva\/"},"wordCount":98,"commentCount":0,"image":{"@id":"http:\/\/elregionalvm.com.ar\/noticias-villa-maria\/avanza-la-pavimentacion-del-barrio-prado-espanol-en-villa-nueva\/#primaryimage"},"thumbnailUrl":"https:\/\/i0.wp.com\/elregionalvm.com.ar\/noticias-villa-maria\/wp-content\/uploads\/2021\/11\/WhatsApp-Image-2021-11-19-at-12.51.28.jpeg?fit=1280%2C720&ssl=1","keywords":["100 por ciento de pavimento","avances","Barrio Prado Espa\u00f1ol","destacado","mejoras notables","pavimento","VILLA NUEVA"],"articleSection":["Villa Nueva"],"inLanguage":"es","potentialAction":[{"@type":"CommentAction","name":"Comment","target":["http:\/\/elregionalvm.com.ar\/noticias-villa-maria\/avanza-la-pavimentacion-del-barrio-prado-espanol-en-villa-nueva\/#respond"]}]},{"@type":"WebPage","@id":"http:\/\/elregionalvm.com.ar\/noticias-villa-maria\/avanza-la-pavimentacion-del-barrio-prado-espanol-en-villa-nueva\/","url":"http:\/\/elregionalvm.com.ar\/noticias-villa-maria\/avanza-la-pavimentacion-del-barrio-prado-espanol-en-villa-nueva\/","name":"Avanza la pavimentaci\u00f3n del barrio Prado Espa\u00f1ol en Villa Nueva - El Regional","isPartOf":{"@id":"http:\/\/elregionalvm.com.ar\/noticias-villa-maria\/#website"},"primaryImageOfPage":{"@id":"http:\/\/elregionalvm.com.ar\/noticias-villa-maria\/avanza-la-pavimentacion-del-barrio-prado-espanol-en-villa-nueva\/#primaryimage"},"image":{"@id":"http:\/\/elregionalvm.com.ar\/noticias-villa-maria\/avanza-la-pavimentacion-del-barrio-prado-espanol-en-villa-nueva\/#primaryimage"},"thumbnailUrl":"https:\/\/i0.wp.com\/elregionalvm.com.ar\/noticias-villa-maria\/wp-content\/uploads\/2021\/11\/WhatsApp-Image-2021-11-19-at-12.51.28.jpeg?fit=1280%2C720&ssl=1","datePublished":"2021-11-19T23:59:19+00:00","dateModified":"2021-11-19T23:59:21+00:00","author":{"@id":"http:\/\/elregionalvm.com.ar\/noticias-villa-maria\/#\/schema\/person\/a0fb9c422317faca23d50163151bc354"},"breadcrumb":{"@id":"http:\/\/elregionalvm.com.ar\/noticias-villa-maria\/avanza-la-pavimentacion-del-barrio-prado-espanol-en-villa-nueva\/#breadcrumb"},"inLanguage":"es","potentialAction":[{"@type":"ReadAction","target":["http:\/\/elregionalvm.com.ar\/noticias-villa-maria\/avanza-la-pavimentacion-del-barrio-prado-espanol-en-villa-nueva\/"]}]},{"@type":"ImageObject","inLanguage":"es","@id":"http:\/\/elregionalvm.com.ar\/noticias-villa-maria\/avanza-la-pavimentacion-del-barrio-prado-espanol-en-villa-nueva\/#primaryimage","url":"https:\/\/i0.wp.com\/elregionalvm.com.ar\/noticias-villa-maria\/wp-content\/uploads\/2021\/11\/WhatsApp-Image-2021-11-19-at-12.51.28.jpeg?fit=1280%2C720&ssl=1","contentUrl":"https:\/\/i0.wp.com\/elregionalvm.com.ar\/noticias-villa-maria\/wp-content\/uploads\/2021\/11\/WhatsApp-Image-2021-11-19-at-12.51.28.jpeg?fit=1280%2C720&ssl=1","width":1280,"height":720},{"@type":"BreadcrumbList","@id":"http:\/\/elregionalvm.com.ar\/noticias-villa-maria\/avanza-la-pavimentacion-del-barrio-prado-espanol-en-villa-nueva\/#breadcrumb","itemListElement":[{"@type":"ListItem","position":1,"name":"Portada","item":"https:\/\/elregionalvm.com.ar\/noticias-villa-maria\/"},{"@type":"ListItem","position":2,"name":"Avanza la pavimentaci\u00f3n del barrio Prado Espa\u00f1ol en Villa Nueva"}]},{"@type":"WebSite","@id":"http:\/\/elregionalvm.com.ar\/noticias-villa-maria\/#website","url":"http:\/\/elregionalvm.com.ar\/noticias-villa-maria\/","name":"El Regional","description":"Mucho m\u00e1s que informaci\u00f3n","potentialAction":[{"@type":"SearchAction","target":{"@type":"EntryPoint","urlTemplate":"http:\/\/elregionalvm.com.ar\/noticias-villa-maria\/?s={search_term_string}"},"query-input":{"@type":"PropertyValueSpecification","valueRequired":true,"valueName":"search_term_string"}}],"inLanguage":"es"},{"@type":"Person","@id":"http:\/\/elregionalvm.com.ar\/noticias-villa-maria\/#\/schema\/person\/a0fb9c422317faca23d50163151bc354","name":"Contenidos El Regional","image":{"@type":"ImageObject","inLanguage":"es","@id":"http:\/\/elregionalvm.com.ar\/noticias-villa-maria\/#\/schema\/person\/image\/","url":"https:\/\/secure.gravatar.com\/avatar\/265b27cb2209af7bb3a1318f03305787d7981a5cc6e6cd08fe5a4ecdf99d4b48?s=96&d=mm&r=g","contentUrl":"https:\/\/secure.gravatar.com\/avatar\/265b27cb2209af7bb3a1318f03305787d7981a5cc6e6cd08fe5a4ecdf99d4b48?s=96&d=mm&r=g","caption":"Contenidos El Regional"},"url":"https:\/\/elregionalvm.com.ar\/noticias-villa-maria\/author\/contenido\/"}]}},"jetpack_featured_media_url":"https:\/\/i0.wp.com\/elregionalvm.com.ar\/noticias-villa-maria\/wp-content\/uploads\/2021\/11\/WhatsApp-Image-2021-11-19-at-12.51.28.jpeg?fit=1280%2C720&ssl=1","jetpack_sharing_enabled":true,"_links":{"self":[{"href":"https:\/\/elregionalvm.com.ar\/noticias-villa-maria\/wp-json\/wp\/v2\/posts\/48408","targetHints":{"allow":["GET"]}}],"collection":[{"href":"https:\/\/elregionalvm.com.ar\/noticias-villa-maria\/wp-json\/wp\/v2\/posts"}],"about":[{"href":"https:\/\/elregionalvm.com.ar\/noticias-villa-maria\/wp-json\/wp\/v2\/types\/post"}],"author":[{"embeddable":true,"href":"https:\/\/elregionalvm.com.ar\/noticias-villa-maria\/wp-json\/wp\/v2\/users\/4"}],"replies":[{"embeddable":true,"href":"https:\/\/elregionalvm.com.ar\/noticias-villa-maria\/wp-json\/wp\/v2\/comments?post=48408"}],"version-history":[{"count":1,"href":"https:\/\/elregionalvm.com.ar\/noticias-villa-maria\/wp-json\/wp\/v2\/posts\/48408\/revisions"}],"predecessor-version":[{"id":48412,"href":"https:\/\/elregionalvm.com.ar\/noticias-villa-maria\/wp-json\/wp\/v2\/posts\/48408\/revisions\/48412"}],"wp:featuredmedia":[{"embeddable":true,"href":"https:\/\/elregionalvm.com.ar\/noticias-villa-maria\/wp-json\/wp\/v2\/media\/48409"}],"wp:attachment":[{"href":"https:\/\/elregionalvm.com.ar\/noticias-villa-maria\/wp-json\/wp\/v2\/media?parent=48408"}],"wp:term":[{"taxonomy":"category","embeddable":true,"href":"https:\/\/elregionalvm.com.ar\/noticias-villa-maria\/wp-json\/wp\/v2\/categories?post=48408"},{"taxonomy":"post_tag","embeddable":true,"href":"https:\/\/elregionalvm.com.ar\/noticias-villa-maria\/wp-json\/wp\/v2\/tags?post=48408"}],"curies":[{"name":"wp","href":"https:\/\/api.w.org\/{rel}","templated":true}]}}