{"id":48792,"date":"2021-11-27T00:12:38","date_gmt":"2021-11-27T00:12:38","guid":{"rendered":"https:\/\/elregionalvm.com.ar\/noticias-villa-maria\/?p=48792"},"modified":"2021-11-27T00:12:39","modified_gmt":"2021-11-27T00:12:39","slug":"implementaron-un-pase-sanitario-para-eventos-masivos-y-en-espacios-cerrados","status":"publish","type":"post","link":"https:\/\/elregionalvm.com.ar\/noticias-villa-maria\/implementaron-un-pase-sanitario-para-eventos-masivos-y-en-espacios-cerrados\/","title":{"rendered":"Implementaron un \u00abpase sanitario\u00bb para eventos masivos y en espacios cerrados"},"content":{"rendered":"\n<p><em><strong>La decisi\u00f3n, acordada con los titulares de las carteras sanitarias de todo el pa\u00eds, fue comunicada por la ministra durante una conferencia de prensa en Casa Rosada, en la cual adem\u00e1s inform\u00f3 que se van a \u00abpostergar vuelos directos con el continente africano\u00bb ante la aparici\u00f3n de la nueva variante del coronavirus, \u00abOmicron\u00bb.<\/strong><\/em><\/p>\n\n\n\n<p>La ministra de Salud, Carla Vizzotti, advirti\u00f3 este viernes que la pandemia de coronavirus \u00abno termin\u00f3\u00bb, exhort\u00f3 a completar los esquemas de vacunaci\u00f3n y anunci\u00f3 la implementaci\u00f3n de un \u00abpase sanitario\u00bb para mayores de 13 a\u00f1os con esquema de inmunizaci\u00f3n completa para realizar actividades de \u00abm\u00e1s riesgo, como las masivas\u00bb.<\/p>\n\n\n\n<p>La funcionaria destac\u00f3 que Argentina est\u00e1 en \u00abuna situaci\u00f3n favorable\u00bb, con una \u00abcantidad de casos bajos\u00bb pese a la \u00abcirculaci\u00f3n de la variante Delta\u00bb, que \u00abes del 90 por ciento\u00bb, y expres\u00f3 que \u00abse est\u00e1 estudiando una nueva variante de preocupaci\u00f3n m\u00e1s transmisible\u00bb, sobre la que \u00aba\u00fan no hay informaci\u00f3n sobre su letalidad y su respuesta a las vacunas\u00bb.<\/p>\n\n\n\n<p>Vizzotti hizo declaraciones en una conferencia de prensa que ofreci\u00f3 en la Casa de Gobierno tras encabezar una reuni\u00f3n de la Consejo Federal de Salud (Cofesa), en la que las autoridades sanitarias del pa\u00eds acordaron una serie de medidas para mantener las condiciones sanitarias y evitar el ingreso de la nueva variante de coronavirus, \u00ab\u00d3micron\u00bb.<\/p>\n\n\n\n<p>En ese marco, anunci\u00f3 que se mantendr\u00e1 la \u00abpostergaci\u00f3n de vuelos directos con el continente africano\u00bb y sostuvo que las personas que hayan estado en el continente africano en los \u00faltimos d\u00edas deber\u00e1n realizar una prueba de PCR al ingresar al pa\u00eds, aislamiento de 14 d\u00edas y luego un nuevo testeo.<\/p>\n\n\n\n<p>La ministra de Salud asegur\u00f3 que \u00abel primer consenso\u00bb logrado en el marco del Cofesa fue que \u00abdiciembre ser\u00e1 el mes de las segundas dosis\u00bb para que la poblaci\u00f3n \u00abcomplete su esquema de vacunaci\u00f3n\u00bb, al tiempo que estim\u00f3 en \u00ab7 millones\u00bb la cantidad de personas que estando en condiciones de inmunizarse con la segunda dosis, a\u00fan no lo hicieron.<\/p>\n\n\n\n<p>En ese sentido, manifest\u00f3 que \u00abla expectativa es que avance la vacunaci\u00f3n\u00bb porque \u00abcuantas m\u00e1s personas\u00bb tengan \u00abcompleto el esquema\u00bb de inmunizaci\u00f3n se va a estar \u00aben una situaci\u00f3n de mayor inmunidad ante el aumento de casos, para que no terminen en internaci\u00f3n\u00bb, sobre todo de cara a marzo.<\/p>\n\n\n\n<p>Asimismo, asegur\u00f3 que la situaci\u00f3n epidemiol\u00f3gica por la pandemia de coronavirus en Argentina \u00abes m\u00e1s favorable que en diciembre pasado\u00bb y pronostic\u00f3 un verano con mayor tranquilidad, \u00abindependientemente de lo que sucede en el Hemisferio Norte\u00bb.<\/p>\n\n\n\n<p>En ese marco, alent\u00f3 a los padres y madres de ni\u00f1os de entre 3 y 11 a\u00f1os a que los vacunen y que tengan en cuenta lo que est\u00e1 sucediendo en otros pa\u00edses donde crecen los casos y en los que se comienzan a ver nuevas variantes del coronavirus.<\/p>\n\n\n\n<p>Respecto del \u00abpase sanitario\u00bb, sostuvo que ser\u00e1 para mayores de 13 a\u00f1os con esquema de inmunizaci\u00f3n completa para realizar actividades de \u00abm\u00e1s riesgo, como las masivas\u00bb, entre ellas, eventos al aire libre y tambi\u00e9n en lugares cerrados.<\/p>\n\n\n\n<p>Ese pase sanitario, precis\u00f3, deber\u00e1 ser tramitado 14 d\u00edas antes del evento, a trav\u00e9s de la app Cuidar.<\/p>\n\n\n\n<p>Vizzotti, al referirse a la situaci\u00f3n internacional de la pandemia, tambi\u00e9n alert\u00f3 respecto a que existen \u00abseis veces m\u00e1s terceras dosis\u00bb aplicadas en los pa\u00edses desarrollados que \u00abprimeras dosis en pa\u00edses pobres\u00bb y con esto convoc\u00f3 a las naciones del mundo a que ayuden a esos pa\u00edses en peores condiciones a terminar con esta inequidad.<\/p>\n\n\n\n<p>En ese contexto, record\u00f3 que \u00abayer llegaron a Monzambique las vacunas donadas por Argentina\u00bb.<\/p>\n\n\n\n<p>Vizzotti, quien estuvo acompa\u00f1ada en la conferencia de prensa por autoridades sanitarias de las provincias, entre ellos el ministro de Salud de la provincia de Buenos Aires, Nicol\u00e1s Kreplak, encabez\u00f3 la reuni\u00f3n del Cofesa que se hizo desde las 8 en la Canciller\u00eda.<\/p>\n\n\n\n<p>En la apertura de esa reuni\u00f3n, que fue el 50\u00b0 realizado desde el primer caso de Covid 19 en el pa\u00eds, Vizzotti dijo que \u00abes importante poner en valor el inmenso trabajo, el inmenso avance de la campa\u00f1a de vacunaci\u00f3n\u00bb y \u00abel inmenso mensaje de consenso que venimos transmitiendo las 24 jurisdicciones desde el Consejo Federal de Salud en todos estos meses de pandemia\u00bb.<\/p>\n\n\n\n<p>\u00abEstar en noviembre vacunando a mayores de 3 a\u00f1os, habiendo aplicado m\u00e1s de 1.200.000 terceras dosis e iniciado ya la estrategia de refuerzos, y con esta reuni\u00f3n para planificar c\u00f3mo vamos a seguir avanzando, es una fortaleza y una oportunidad enorme\u00bb, destac\u00f3 la ministra.<\/p>\n\n\n\n<p>En ese sentido, sostuvo que \u00abtenemos m\u00e1s del 72% de cobertura de adolescentes con una dosis, superando al 42% con dos dosis\u00bb y dijo que \u00abllegamos al 51% de ni\u00f1os y ni\u00f1as con una dosis y estamos superando al 17% con dos dosis\u00bb.<\/p>\n\n\n\n<p>Asimismo, se refiri\u00f3 a la situaci\u00f3n epidemiol\u00f3gica en el hemisferio norte y la emergencia de una nueva variante en el sur de \u00c1frica y afirm\u00f3 que \u00abArgentina tiene una situaci\u00f3n que no es comparable con el hemisferio norte\u00bb.<\/p>\n\n\n\n<p>En ese contexto, convoc\u00f3 a sus pares a \u00abanalizar la situaci\u00f3n, consensuar, transmitir esos consensos y hacer lo que tenemos que hacer nosotros como pa\u00eds, que no es necesariamente lo que est\u00e1n haciendo en otros lados\u00bb.<\/p>\n\n\n\n<p>Fuente: T\u00e9lam<\/p>\n","protected":false},"excerpt":{"rendered":"<p>La decisi\u00f3n, acordada con los titulares de las carteras sanitarias de todo el pa\u00eds, fue comunicada por la ministra durante una conferencia de prensa en Casa Rosada, en la cual adem\u00e1s inform\u00f3 que se van a \u00abpostergar vuelos directos con el continente africano\u00bb ante la aparici\u00f3n de la nueva variante del coronavirus, \u00abOmicron\u00bb. La ministra [&hellip;]<\/p>\n","protected":false},"author":4,"featured_media":48793,"comment_status":"open","ping_status":"open","sticky":false,"template":"","format":"standard","meta":{"site-sidebar-layout":"default","site-content-layout":"default","ast-site-content-layout":"default","site-content-style":"default","site-sidebar-style":"default","ast-global-header-display":"","ast-banner-title-visibility":"","ast-main-header-display":"","ast-hfb-above-header-display":"","ast-hfb-below-header-display":"","ast-hfb-mobile-header-display":"","site-post-title":"","ast-breadcrumbs-content":"","ast-featured-img":"","footer-sml-layout":"","ast-disable-related-posts":"","theme-transparent-header-meta":"default","adv-header-id-meta":"","stick-header-meta":"","header-above-stick-meta":"","header-main-stick-meta":"","header-below-stick-meta":"","astra-migrate-meta-layouts":"default","ast-page-background-enabled":"default","ast-page-background-meta":{"desktop":{"background-color":"","background-image":"","background-repeat":"repeat","background-position":"center center","background-size":"auto","background-attachment":"scroll","background-type":"","background-media":"","overlay-type":"","overlay-color":"","overlay-opacity":"","overlay-gradient":""},"tablet":{"background-color":"","background-image":"","background-repeat":"repeat","background-position":"center center","background-size":"auto","background-attachment":"scroll","background-type":"","background-media":"","overlay-type":"","overlay-color":"","overlay-opacity":"","overlay-gradient":""},"mobile":{"background-color":"","background-image":"","background-repeat":"repeat","background-position":"center center","background-size":"auto","background-attachment":"scroll","background-type":"","background-media":"","overlay-type":"","overlay-color":"","overlay-opacity":"","overlay-gradient":""}},"ast-content-background-meta":{"desktop":{"background-color":"var(--ast-global-color-5)","background-image":"","background-repeat":"repeat","background-position":"center center","background-size":"auto","background-attachment":"scroll","background-type":"","background-media":"","overlay-type":"","overlay-color":"","overlay-opacity":"","overlay-gradient":""},"tablet":{"background-color":"var(--ast-global-color-5)","background-image":"","background-repeat":"repeat","background-position":"center center","background-size":"auto","background-attachment":"scroll","background-type":"","background-media":"","overlay-type":"","overlay-color":"","overlay-opacity":"","overlay-gradient":""},"mobile":{"background-color":"var(--ast-global-color-5)","background-image":"","background-repeat":"repeat","background-position":"center center","background-size":"auto","background-attachment":"scroll","background-type":"","background-media":"","overlay-type":"","overlay-color":"","overlay-opacity":"","overlay-gradient":""}},"_jetpack_memberships_contains_paid_content":false,"_joinchat":[],"footnotes":""},"categories":[2256],"tags":[12472,1232,12471,12475,12474,12470,12473,2318],"class_list":["post-48792","post","type-post","status-publish","format-standard","has-post-thumbnail","hentry","category-coronavirus","tag-carla-vizzotti","tag-destacado","tag-eventos-masivos-y-en-espacios-cerrados","tag-nueva-variante-africana","tag-omicron","tag-pase-sanitario","tag-todo-el-pais","tag-vacunacion"],"yoast_head":"<!-- This site is optimized with the Yoast SEO plugin v26.8 - https:\/\/yoast.com\/product\/yoast-seo-wordpress\/ -->\n<title>Implementaron un &quot;pase sanitario&quot; para eventos masivos y en espacios cerrados - El Regional<\/title>\n<meta name=\"robots\" content=\"index, follow, max-snippet:-1, max-image-preview:large, max-video-preview:-1\" \/>\n<link rel=\"canonical\" href=\"http:\/\/elregionalvm.com.ar\/noticias-villa-maria\/implementaron-un-pase-sanitario-para-eventos-masivos-y-en-espacios-cerrados\/\" \/>\n<meta property=\"og:locale\" content=\"es_ES\" \/>\n<meta property=\"og:type\" content=\"article\" \/>\n<meta property=\"og:title\" content=\"Implementaron un &quot;pase sanitario&quot; para eventos masivos y en espacios cerrados - El Regional\" \/>\n<meta property=\"og:description\" content=\"La decisi\u00f3n, acordada con los titulares de las carteras sanitarias de todo el pa\u00eds, fue comunicada por la ministra durante una conferencia de prensa en Casa Rosada, en la cual adem\u00e1s inform\u00f3 que se van a \u00abpostergar vuelos directos con el continente africano\u00bb ante la aparici\u00f3n de la nueva variante del coronavirus, \u00abOmicron\u00bb. La ministra [&hellip;]\" \/>\n<meta property=\"og:url\" content=\"http:\/\/elregionalvm.com.ar\/noticias-villa-maria\/implementaron-un-pase-sanitario-para-eventos-masivos-y-en-espacios-cerrados\/\" \/>\n<meta property=\"og:site_name\" content=\"El Regional\" \/>\n<meta property=\"article:publisher\" content=\"https:\/\/www.facebook.com\/elregionalvm\" \/>\n<meta property=\"article:published_time\" content=\"2021-11-27T00:12:38+00:00\" \/>\n<meta property=\"article:modified_time\" content=\"2021-11-27T00:12:39+00:00\" \/>\n<meta property=\"og:image\" content=\"http:\/\/elregionalvm.com.ar\/noticias-villa-maria\/wp-content\/uploads\/2021\/11\/vizzoti-pase-sanitario.jpg\" \/>\n\t<meta property=\"og:image:width\" content=\"879\" \/>\n\t<meta property=\"og:image:height\" content=\"586\" \/>\n\t<meta property=\"og:image:type\" content=\"image\/jpeg\" \/>\n<meta name=\"author\" content=\"Contenidos El Regional\" \/>\n<meta name=\"twitter:card\" content=\"summary_large_image\" \/>\n<meta name=\"twitter:creator\" content=\"@elregionalvm1\" \/>\n<meta name=\"twitter:site\" content=\"@elregionalvm1\" \/>\n<meta name=\"twitter:label1\" content=\"Escrito por\" \/>\n\t<meta name=\"twitter:data1\" content=\"Contenidos El Regional\" \/>\n\t<meta name=\"twitter:label2\" content=\"Tiempo de lectura\" \/>\n\t<meta name=\"twitter:data2\" content=\"4 minutos\" \/>\n<script type=\"application\/ld+json\" class=\"yoast-schema-graph\">{\"@context\":\"https:\/\/schema.org\",\"@graph\":[{\"@type\":\"Article\",\"@id\":\"http:\/\/elregionalvm.com.ar\/noticias-villa-maria\/implementaron-un-pase-sanitario-para-eventos-masivos-y-en-espacios-cerrados\/#article\",\"isPartOf\":{\"@id\":\"http:\/\/elregionalvm.com.ar\/noticias-villa-maria\/implementaron-un-pase-sanitario-para-eventos-masivos-y-en-espacios-cerrados\/\"},\"author\":{\"name\":\"Contenidos El Regional\",\"@id\":\"http:\/\/elregionalvm.com.ar\/noticias-villa-maria\/#\/schema\/person\/a0fb9c422317faca23d50163151bc354\"},\"headline\":\"Implementaron un \u00abpase sanitario\u00bb para eventos masivos y en espacios cerrados\",\"datePublished\":\"2021-11-27T00:12:38+00:00\",\"dateModified\":\"2021-11-27T00:12:39+00:00\",\"mainEntityOfPage\":{\"@id\":\"http:\/\/elregionalvm.com.ar\/noticias-villa-maria\/implementaron-un-pase-sanitario-para-eventos-masivos-y-en-espacios-cerrados\/\"},\"wordCount\":918,\"commentCount\":0,\"image\":{\"@id\":\"http:\/\/elregionalvm.com.ar\/noticias-villa-maria\/implementaron-un-pase-sanitario-para-eventos-masivos-y-en-espacios-cerrados\/#primaryimage\"},\"thumbnailUrl\":\"https:\/\/i0.wp.com\/elregionalvm.com.ar\/noticias-villa-maria\/wp-content\/uploads\/2021\/11\/vizzoti-pase-sanitario.jpg?fit=879%2C586&ssl=1\",\"keywords\":[\"Carla Vizzotti\",\"destacado\",\"eventos masivos y en espacios cerrados\",\"nueva variante africana\",\"Omicron\",\"pase sanitario\",\"todo el pa\u00eds\",\"Vacunaci\u00f3n\"],\"articleSection\":[\"Coronavirus\"],\"inLanguage\":\"es\",\"potentialAction\":[{\"@type\":\"CommentAction\",\"name\":\"Comment\",\"target\":[\"http:\/\/elregionalvm.com.ar\/noticias-villa-maria\/implementaron-un-pase-sanitario-para-eventos-masivos-y-en-espacios-cerrados\/#respond\"]}]},{\"@type\":\"WebPage\",\"@id\":\"http:\/\/elregionalvm.com.ar\/noticias-villa-maria\/implementaron-un-pase-sanitario-para-eventos-masivos-y-en-espacios-cerrados\/\",\"url\":\"http:\/\/elregionalvm.com.ar\/noticias-villa-maria\/implementaron-un-pase-sanitario-para-eventos-masivos-y-en-espacios-cerrados\/\",\"name\":\"Implementaron un \\\"pase sanitario\\\" para eventos masivos y en espacios cerrados - El Regional\",\"isPartOf\":{\"@id\":\"http:\/\/elregionalvm.com.ar\/noticias-villa-maria\/#website\"},\"primaryImageOfPage\":{\"@id\":\"http:\/\/elregionalvm.com.ar\/noticias-villa-maria\/implementaron-un-pase-sanitario-para-eventos-masivos-y-en-espacios-cerrados\/#primaryimage\"},\"image\":{\"@id\":\"http:\/\/elregionalvm.com.ar\/noticias-villa-maria\/implementaron-un-pase-sanitario-para-eventos-masivos-y-en-espacios-cerrados\/#primaryimage\"},\"thumbnailUrl\":\"https:\/\/i0.wp.com\/elregionalvm.com.ar\/noticias-villa-maria\/wp-content\/uploads\/2021\/11\/vizzoti-pase-sanitario.jpg?fit=879%2C586&ssl=1\",\"datePublished\":\"2021-11-27T00:12:38+00:00\",\"dateModified\":\"2021-11-27T00:12:39+00:00\",\"author\":{\"@id\":\"http:\/\/elregionalvm.com.ar\/noticias-villa-maria\/#\/schema\/person\/a0fb9c422317faca23d50163151bc354\"},\"breadcrumb\":{\"@id\":\"http:\/\/elregionalvm.com.ar\/noticias-villa-maria\/implementaron-un-pase-sanitario-para-eventos-masivos-y-en-espacios-cerrados\/#breadcrumb\"},\"inLanguage\":\"es\",\"potentialAction\":[{\"@type\":\"ReadAction\",\"target\":[\"http:\/\/elregionalvm.com.ar\/noticias-villa-maria\/implementaron-un-pase-sanitario-para-eventos-masivos-y-en-espacios-cerrados\/\"]}]},{\"@type\":\"ImageObject\",\"inLanguage\":\"es\",\"@id\":\"http:\/\/elregionalvm.com.ar\/noticias-villa-maria\/implementaron-un-pase-sanitario-para-eventos-masivos-y-en-espacios-cerrados\/#primaryimage\",\"url\":\"https:\/\/i0.wp.com\/elregionalvm.com.ar\/noticias-villa-maria\/wp-content\/uploads\/2021\/11\/vizzoti-pase-sanitario.jpg?fit=879%2C586&ssl=1\",\"contentUrl\":\"https:\/\/i0.wp.com\/elregionalvm.com.ar\/noticias-villa-maria\/wp-content\/uploads\/2021\/11\/vizzoti-pase-sanitario.jpg?fit=879%2C586&ssl=1\",\"width\":879,\"height\":586},{\"@type\":\"BreadcrumbList\",\"@id\":\"http:\/\/elregionalvm.com.ar\/noticias-villa-maria\/implementaron-un-pase-sanitario-para-eventos-masivos-y-en-espacios-cerrados\/#breadcrumb\",\"itemListElement\":[{\"@type\":\"ListItem\",\"position\":1,\"name\":\"Portada\",\"item\":\"https:\/\/elregionalvm.com.ar\/noticias-villa-maria\/\"},{\"@type\":\"ListItem\",\"position\":2,\"name\":\"Implementaron un &#8220;pase sanitario&#8221; para eventos masivos y en espacios cerrados\"}]},{\"@type\":\"WebSite\",\"@id\":\"http:\/\/elregionalvm.com.ar\/noticias-villa-maria\/#website\",\"url\":\"http:\/\/elregionalvm.com.ar\/noticias-villa-maria\/\",\"name\":\"El Regional\",\"description\":\"Mucho m\u00e1s que informaci\u00f3n\",\"potentialAction\":[{\"@type\":\"SearchAction\",\"target\":{\"@type\":\"EntryPoint\",\"urlTemplate\":\"http:\/\/elregionalvm.com.ar\/noticias-villa-maria\/?s={search_term_string}\"},\"query-input\":{\"@type\":\"PropertyValueSpecification\",\"valueRequired\":true,\"valueName\":\"search_term_string\"}}],\"inLanguage\":\"es\"},{\"@type\":\"Person\",\"@id\":\"http:\/\/elregionalvm.com.ar\/noticias-villa-maria\/#\/schema\/person\/a0fb9c422317faca23d50163151bc354\",\"name\":\"Contenidos El Regional\",\"image\":{\"@type\":\"ImageObject\",\"inLanguage\":\"es\",\"@id\":\"http:\/\/elregionalvm.com.ar\/noticias-villa-maria\/#\/schema\/person\/image\/\",\"url\":\"https:\/\/secure.gravatar.com\/avatar\/265b27cb2209af7bb3a1318f03305787d7981a5cc6e6cd08fe5a4ecdf99d4b48?s=96&d=mm&r=g\",\"contentUrl\":\"https:\/\/secure.gravatar.com\/avatar\/265b27cb2209af7bb3a1318f03305787d7981a5cc6e6cd08fe5a4ecdf99d4b48?s=96&d=mm&r=g\",\"caption\":\"Contenidos El Regional\"},\"url\":\"https:\/\/elregionalvm.com.ar\/noticias-villa-maria\/author\/contenido\/\"}]}<\/script>\n<!-- \/ Yoast SEO plugin. -->","yoast_head_json":{"title":"Implementaron un \"pase sanitario\" para eventos masivos y en espacios cerrados - El Regional","robots":{"index":"index","follow":"follow","max-snippet":"max-snippet:-1","max-image-preview":"max-image-preview:large","max-video-preview":"max-video-preview:-1"},"canonical":"http:\/\/elregionalvm.com.ar\/noticias-villa-maria\/implementaron-un-pase-sanitario-para-eventos-masivos-y-en-espacios-cerrados\/","og_locale":"es_ES","og_type":"article","og_title":"Implementaron un \"pase sanitario\" para eventos masivos y en espacios cerrados - El Regional","og_description":"La decisi\u00f3n, acordada con los titulares de las carteras sanitarias de todo el pa\u00eds, fue comunicada por la ministra durante una conferencia de prensa en Casa Rosada, en la cual adem\u00e1s inform\u00f3 que se van a \u00abpostergar vuelos directos con el continente africano\u00bb ante la aparici\u00f3n de la nueva variante del coronavirus, \u00abOmicron\u00bb. La ministra [&hellip;]","og_url":"http:\/\/elregionalvm.com.ar\/noticias-villa-maria\/implementaron-un-pase-sanitario-para-eventos-masivos-y-en-espacios-cerrados\/","og_site_name":"El Regional","article_publisher":"https:\/\/www.facebook.com\/elregionalvm","article_published_time":"2021-11-27T00:12:38+00:00","article_modified_time":"2021-11-27T00:12:39+00:00","og_image":[{"width":879,"height":586,"url":"http:\/\/elregionalvm.com.ar\/noticias-villa-maria\/wp-content\/uploads\/2021\/11\/vizzoti-pase-sanitario.jpg","type":"image\/jpeg"}],"author":"Contenidos El Regional","twitter_card":"summary_large_image","twitter_creator":"@elregionalvm1","twitter_site":"@elregionalvm1","twitter_misc":{"Escrito por":"Contenidos El Regional","Tiempo de lectura":"4 minutos"},"schema":{"@context":"https:\/\/schema.org","@graph":[{"@type":"Article","@id":"http:\/\/elregionalvm.com.ar\/noticias-villa-maria\/implementaron-un-pase-sanitario-para-eventos-masivos-y-en-espacios-cerrados\/#article","isPartOf":{"@id":"http:\/\/elregionalvm.com.ar\/noticias-villa-maria\/implementaron-un-pase-sanitario-para-eventos-masivos-y-en-espacios-cerrados\/"},"author":{"name":"Contenidos El Regional","@id":"http:\/\/elregionalvm.com.ar\/noticias-villa-maria\/#\/schema\/person\/a0fb9c422317faca23d50163151bc354"},"headline":"Implementaron un \u00abpase sanitario\u00bb para eventos masivos y en espacios cerrados","datePublished":"2021-11-27T00:12:38+00:00","dateModified":"2021-11-27T00:12:39+00:00","mainEntityOfPage":{"@id":"http:\/\/elregionalvm.com.ar\/noticias-villa-maria\/implementaron-un-pase-sanitario-para-eventos-masivos-y-en-espacios-cerrados\/"},"wordCount":918,"commentCount":0,"image":{"@id":"http:\/\/elregionalvm.com.ar\/noticias-villa-maria\/implementaron-un-pase-sanitario-para-eventos-masivos-y-en-espacios-cerrados\/#primaryimage"},"thumbnailUrl":"https:\/\/i0.wp.com\/elregionalvm.com.ar\/noticias-villa-maria\/wp-content\/uploads\/2021\/11\/vizzoti-pase-sanitario.jpg?fit=879%2C586&ssl=1","keywords":["Carla Vizzotti","destacado","eventos masivos y en espacios cerrados","nueva variante africana","Omicron","pase sanitario","todo el pa\u00eds","Vacunaci\u00f3n"],"articleSection":["Coronavirus"],"inLanguage":"es","potentialAction":[{"@type":"CommentAction","name":"Comment","target":["http:\/\/elregionalvm.com.ar\/noticias-villa-maria\/implementaron-un-pase-sanitario-para-eventos-masivos-y-en-espacios-cerrados\/#respond"]}]},{"@type":"WebPage","@id":"http:\/\/elregionalvm.com.ar\/noticias-villa-maria\/implementaron-un-pase-sanitario-para-eventos-masivos-y-en-espacios-cerrados\/","url":"http:\/\/elregionalvm.com.ar\/noticias-villa-maria\/implementaron-un-pase-sanitario-para-eventos-masivos-y-en-espacios-cerrados\/","name":"Implementaron un \"pase sanitario\" para eventos masivos y en espacios cerrados - El Regional","isPartOf":{"@id":"http:\/\/elregionalvm.com.ar\/noticias-villa-maria\/#website"},"primaryImageOfPage":{"@id":"http:\/\/elregionalvm.com.ar\/noticias-villa-maria\/implementaron-un-pase-sanitario-para-eventos-masivos-y-en-espacios-cerrados\/#primaryimage"},"image":{"@id":"http:\/\/elregionalvm.com.ar\/noticias-villa-maria\/implementaron-un-pase-sanitario-para-eventos-masivos-y-en-espacios-cerrados\/#primaryimage"},"thumbnailUrl":"https:\/\/i0.wp.com\/elregionalvm.com.ar\/noticias-villa-maria\/wp-content\/uploads\/2021\/11\/vizzoti-pase-sanitario.jpg?fit=879%2C586&ssl=1","datePublished":"2021-11-27T00:12:38+00:00","dateModified":"2021-11-27T00:12:39+00:00","author":{"@id":"http:\/\/elregionalvm.com.ar\/noticias-villa-maria\/#\/schema\/person\/a0fb9c422317faca23d50163151bc354"},"breadcrumb":{"@id":"http:\/\/elregionalvm.com.ar\/noticias-villa-maria\/implementaron-un-pase-sanitario-para-eventos-masivos-y-en-espacios-cerrados\/#breadcrumb"},"inLanguage":"es","potentialAction":[{"@type":"ReadAction","target":["http:\/\/elregionalvm.com.ar\/noticias-villa-maria\/implementaron-un-pase-sanitario-para-eventos-masivos-y-en-espacios-cerrados\/"]}]},{"@type":"ImageObject","inLanguage":"es","@id":"http:\/\/elregionalvm.com.ar\/noticias-villa-maria\/implementaron-un-pase-sanitario-para-eventos-masivos-y-en-espacios-cerrados\/#primaryimage","url":"https:\/\/i0.wp.com\/elregionalvm.com.ar\/noticias-villa-maria\/wp-content\/uploads\/2021\/11\/vizzoti-pase-sanitario.jpg?fit=879%2C586&ssl=1","contentUrl":"https:\/\/i0.wp.com\/elregionalvm.com.ar\/noticias-villa-maria\/wp-content\/uploads\/2021\/11\/vizzoti-pase-sanitario.jpg?fit=879%2C586&ssl=1","width":879,"height":586},{"@type":"BreadcrumbList","@id":"http:\/\/elregionalvm.com.ar\/noticias-villa-maria\/implementaron-un-pase-sanitario-para-eventos-masivos-y-en-espacios-cerrados\/#breadcrumb","itemListElement":[{"@type":"ListItem","position":1,"name":"Portada","item":"https:\/\/elregionalvm.com.ar\/noticias-villa-maria\/"},{"@type":"ListItem","position":2,"name":"Implementaron un &#8220;pase sanitario&#8221; para eventos masivos y en espacios cerrados"}]},{"@type":"WebSite","@id":"http:\/\/elregionalvm.com.ar\/noticias-villa-maria\/#website","url":"http:\/\/elregionalvm.com.ar\/noticias-villa-maria\/","name":"El Regional","description":"Mucho m\u00e1s que informaci\u00f3n","potentialAction":[{"@type":"SearchAction","target":{"@type":"EntryPoint","urlTemplate":"http:\/\/elregionalvm.com.ar\/noticias-villa-maria\/?s={search_term_string}"},"query-input":{"@type":"PropertyValueSpecification","valueRequired":true,"valueName":"search_term_string"}}],"inLanguage":"es"},{"@type":"Person","@id":"http:\/\/elregionalvm.com.ar\/noticias-villa-maria\/#\/schema\/person\/a0fb9c422317faca23d50163151bc354","name":"Contenidos El Regional","image":{"@type":"ImageObject","inLanguage":"es","@id":"http:\/\/elregionalvm.com.ar\/noticias-villa-maria\/#\/schema\/person\/image\/","url":"https:\/\/secure.gravatar.com\/avatar\/265b27cb2209af7bb3a1318f03305787d7981a5cc6e6cd08fe5a4ecdf99d4b48?s=96&d=mm&r=g","contentUrl":"https:\/\/secure.gravatar.com\/avatar\/265b27cb2209af7bb3a1318f03305787d7981a5cc6e6cd08fe5a4ecdf99d4b48?s=96&d=mm&r=g","caption":"Contenidos El Regional"},"url":"https:\/\/elregionalvm.com.ar\/noticias-villa-maria\/author\/contenido\/"}]}},"jetpack_featured_media_url":"https:\/\/i0.wp.com\/elregionalvm.com.ar\/noticias-villa-maria\/wp-content\/uploads\/2021\/11\/vizzoti-pase-sanitario.jpg?fit=879%2C586&ssl=1","jetpack_sharing_enabled":true,"_links":{"self":[{"href":"https:\/\/elregionalvm.com.ar\/noticias-villa-maria\/wp-json\/wp\/v2\/posts\/48792","targetHints":{"allow":["GET"]}}],"collection":[{"href":"https:\/\/elregionalvm.com.ar\/noticias-villa-maria\/wp-json\/wp\/v2\/posts"}],"about":[{"href":"https:\/\/elregionalvm.com.ar\/noticias-villa-maria\/wp-json\/wp\/v2\/types\/post"}],"author":[{"embeddable":true,"href":"https:\/\/elregionalvm.com.ar\/noticias-villa-maria\/wp-json\/wp\/v2\/users\/4"}],"replies":[{"embeddable":true,"href":"https:\/\/elregionalvm.com.ar\/noticias-villa-maria\/wp-json\/wp\/v2\/comments?post=48792"}],"version-history":[{"count":1,"href":"https:\/\/elregionalvm.com.ar\/noticias-villa-maria\/wp-json\/wp\/v2\/posts\/48792\/revisions"}],"predecessor-version":[{"id":48794,"href":"https:\/\/elregionalvm.com.ar\/noticias-villa-maria\/wp-json\/wp\/v2\/posts\/48792\/revisions\/48794"}],"wp:featuredmedia":[{"embeddable":true,"href":"https:\/\/elregionalvm.com.ar\/noticias-villa-maria\/wp-json\/wp\/v2\/media\/48793"}],"wp:attachment":[{"href":"https:\/\/elregionalvm.com.ar\/noticias-villa-maria\/wp-json\/wp\/v2\/media?parent=48792"}],"wp:term":[{"taxonomy":"category","embeddable":true,"href":"https:\/\/elregionalvm.com.ar\/noticias-villa-maria\/wp-json\/wp\/v2\/categories?post=48792"},{"taxonomy":"post_tag","embeddable":true,"href":"https:\/\/elregionalvm.com.ar\/noticias-villa-maria\/wp-json\/wp\/v2\/tags?post=48792"}],"curies":[{"name":"wp","href":"https:\/\/api.w.org\/{rel}","templated":true}]}}