{"id":49172,"date":"2021-12-05T13:54:14","date_gmt":"2021-12-05T13:54:14","guid":{"rendered":"https:\/\/elregionalvm.com.ar\/noticias-villa-maria\/?p=49172"},"modified":"2021-12-06T00:53:02","modified_gmt":"2021-12-06T00:53:02","slug":"villa-nueva-vibro-con-su-1o-noche-de-la-fiesta-de-la-cerveza","status":"publish","type":"post","link":"https:\/\/elregionalvm.com.ar\/noticias-villa-maria\/villa-nueva-vibro-con-su-1o-noche-de-la-fiesta-de-la-cerveza\/","title":{"rendered":"\u00a1Villa Nueva vibr\u00f3 con su 1\u00ba noche de la Fiesta de la Cerveza!"},"content":{"rendered":"\n<p>La primera noche de la Fiesta de la Cerveza Artesanal y Gastron\u00f3mica se convirti\u00f3 en un verdadero suceso al convocar, de acuerdo a algunos c\u00e1lculos, unas 30 a 40 mil personas. <\/p>\n\n\n\n<p>Adem\u00e1s de las apetitosas cervezas y las deliciosas comidas dispuestas en los diferentes stands del Parque Hip\u00f3lito Yrigoyen, la grilla de artistas que pasaron por el escenario se convirtieron tambi\u00e9n en un verdadero atractivo para una nutrida concurrencia. <\/p>\n\n\n\n<figure class=\"wp-block-image size-large\"><img data-recalc-dims=\"1\" fetchpriority=\"high\" decoding=\"async\" width=\"1024\" height=\"683\" src=\"https:\/\/i0.wp.com\/elregionalvm.com.ar\/noticias-villa-maria\/wp-content\/uploads\/2021\/12\/vn-fiesta-4.jpg?resize=1024%2C683&#038;ssl=1\" alt=\"\" class=\"wp-image-49174\" srcset=\"https:\/\/i0.wp.com\/elregionalvm.com.ar\/noticias-villa-maria\/wp-content\/uploads\/2021\/12\/vn-fiesta-4.jpg?resize=1024%2C683&amp;ssl=1 1024w, https:\/\/i0.wp.com\/elregionalvm.com.ar\/noticias-villa-maria\/wp-content\/uploads\/2021\/12\/vn-fiesta-4.jpg?resize=300%2C200&amp;ssl=1 300w, https:\/\/i0.wp.com\/elregionalvm.com.ar\/noticias-villa-maria\/wp-content\/uploads\/2021\/12\/vn-fiesta-4.jpg?resize=768%2C512&amp;ssl=1 768w, https:\/\/i0.wp.com\/elregionalvm.com.ar\/noticias-villa-maria\/wp-content\/uploads\/2021\/12\/vn-fiesta-4.jpg?resize=1536%2C1024&amp;ssl=1 1536w, https:\/\/i0.wp.com\/elregionalvm.com.ar\/noticias-villa-maria\/wp-content\/uploads\/2021\/12\/vn-fiesta-4.jpg?w=1600&amp;ssl=1 1600w\" sizes=\"(max-width: 1000px) 100vw, 1000px\" \/><\/figure>\n\n\n\n<p>Entre los que se presentaron estuvieron el DJ \u201cNegro Rivadera\u201d, \u201cEnerg\u00eda 220\u201d, \u201cLos 7 Magn\u00edficos\u201d, \u201cKoko MC\u201d y el cierre de la jornada ser\u00e1 con la presentaci\u00f3n de \u201cLos Tipitos\u201d, primero y luego Fabiana Cantilo, para hacer vibrar a un p\u00fablico heterog\u00e9neo.<\/p>\n\n\n\n<p>Este domingo, promete una segunda jornada con la misma intensidad, ya que ser\u00e1n de la partida \u201cFran Acevedo\u201d, y luego ir\u00e1n pasando por el escenario, Josu\u00e9 Cordero, \u201cOtra Tribu\u201d, \u201cSopl\u00f3 el Fantasma\u201d, \u201cMadre Chicha\u201d y el cierre ser\u00e1 con \u201cMancha de Rolando\u201d.<\/p>\n\n\n\n<figure class=\"wp-block-gallery columns-2 is-cropped wp-block-gallery-1 is-layout-flex wp-block-gallery-is-layout-flex\"><ul class=\"blocks-gallery-grid\"><li class=\"blocks-gallery-item\"><figure><img data-recalc-dims=\"1\" decoding=\"async\" width=\"1024\" height=\"1024\" src=\"https:\/\/i0.wp.com\/elregionalvm.com.ar\/noticias-villa-maria\/wp-content\/uploads\/2021\/12\/vn-fiesta-2-1.jpg?resize=1024%2C1024&#038;ssl=1\" alt=\"\" data-id=\"49177\" data-link=\"https:\/\/elregionalvm.com.ar\/noticias-villa-maria\/?attachment_id=49177\" class=\"wp-image-49177\" srcset=\"https:\/\/i0.wp.com\/elregionalvm.com.ar\/noticias-villa-maria\/wp-content\/uploads\/2021\/12\/vn-fiesta-2-1.jpg?resize=1024%2C1024&amp;ssl=1 1024w, https:\/\/i0.wp.com\/elregionalvm.com.ar\/noticias-villa-maria\/wp-content\/uploads\/2021\/12\/vn-fiesta-2-1.jpg?resize=300%2C300&amp;ssl=1 300w, https:\/\/i0.wp.com\/elregionalvm.com.ar\/noticias-villa-maria\/wp-content\/uploads\/2021\/12\/vn-fiesta-2-1.jpg?resize=768%2C768&amp;ssl=1 768w, https:\/\/i0.wp.com\/elregionalvm.com.ar\/noticias-villa-maria\/wp-content\/uploads\/2021\/12\/vn-fiesta-2-1.jpg?w=1067&amp;ssl=1 1067w\" sizes=\"(max-width: 1000px) 100vw, 1000px\" \/><\/figure><\/li><li class=\"blocks-gallery-item\"><figure><img data-recalc-dims=\"1\" decoding=\"async\" width=\"1024\" height=\"1024\" src=\"https:\/\/i0.wp.com\/elregionalvm.com.ar\/noticias-villa-maria\/wp-content\/uploads\/2021\/12\/vn-fiesta-3-1.jpg?resize=1024%2C1024&#038;ssl=1\" alt=\"\" data-id=\"49178\" data-full-url=\"https:\/\/elregionalvm.com.ar\/noticias-villa-maria\/wp-content\/uploads\/2021\/12\/vn-fiesta-3-1.jpg\" data-link=\"https:\/\/elregionalvm.com.ar\/noticias-villa-maria\/?attachment_id=49178\" class=\"wp-image-49178\" srcset=\"https:\/\/i0.wp.com\/elregionalvm.com.ar\/noticias-villa-maria\/wp-content\/uploads\/2021\/12\/vn-fiesta-3-1.jpg?resize=1024%2C1024&amp;ssl=1 1024w, https:\/\/i0.wp.com\/elregionalvm.com.ar\/noticias-villa-maria\/wp-content\/uploads\/2021\/12\/vn-fiesta-3-1.jpg?resize=300%2C300&amp;ssl=1 300w, https:\/\/i0.wp.com\/elregionalvm.com.ar\/noticias-villa-maria\/wp-content\/uploads\/2021\/12\/vn-fiesta-3-1.jpg?resize=768%2C768&amp;ssl=1 768w, https:\/\/i0.wp.com\/elregionalvm.com.ar\/noticias-villa-maria\/wp-content\/uploads\/2021\/12\/vn-fiesta-3-1.jpg?w=1067&amp;ssl=1 1067w\" sizes=\"(max-width: 1000px) 100vw, 1000px\" \/><\/figure><\/li><\/ul><\/figure>\n","protected":false},"excerpt":{"rendered":"<p>La primera noche de la Fiesta de la Cerveza Artesanal y Gastron\u00f3mica se convirti\u00f3 en un verdadero suceso al convocar, de acuerdo a algunos c\u00e1lculos, unas 30 a 40 mil personas. Adem\u00e1s de las apetitosas cervezas y las deliciosas comidas dispuestas en los diferentes stands del Parque Hip\u00f3lito Yrigoyen, la grilla de artistas que pasaron [&hellip;]<\/p>\n","protected":false},"author":4,"featured_media":49173,"comment_status":"open","ping_status":"open","sticky":false,"template":"","format":"standard","meta":{"site-sidebar-layout":"default","site-content-layout":"default","ast-site-content-layout":"default","site-content-style":"default","site-sidebar-style":"default","ast-global-header-display":"","ast-banner-title-visibility":"","ast-main-header-display":"","ast-hfb-above-header-display":"","ast-hfb-below-header-display":"","ast-hfb-mobile-header-display":"","site-post-title":"","ast-breadcrumbs-content":"","ast-featured-img":"","footer-sml-layout":"","ast-disable-related-posts":"","theme-transparent-header-meta":"default","adv-header-id-meta":"","stick-header-meta":"","header-above-stick-meta":"","header-main-stick-meta":"","header-below-stick-meta":"","astra-migrate-meta-layouts":"default","ast-page-background-enabled":"default","ast-page-background-meta":{"desktop":{"background-color":"","background-image":"","background-repeat":"repeat","background-position":"center center","background-size":"auto","background-attachment":"scroll","background-type":"","background-media":"","overlay-type":"","overlay-color":"","overlay-opacity":"","overlay-gradient":""},"tablet":{"background-color":"","background-image":"","background-repeat":"repeat","background-position":"center center","background-size":"auto","background-attachment":"scroll","background-type":"","background-media":"","overlay-type":"","overlay-color":"","overlay-opacity":"","overlay-gradient":""},"mobile":{"background-color":"","background-image":"","background-repeat":"repeat","background-position":"center center","background-size":"auto","background-attachment":"scroll","background-type":"","background-media":"","overlay-type":"","overlay-color":"","overlay-opacity":"","overlay-gradient":""}},"ast-content-background-meta":{"desktop":{"background-color":"var(--ast-global-color-5)","background-image":"","background-repeat":"repeat","background-position":"center center","background-size":"auto","background-attachment":"scroll","background-type":"","background-media":"","overlay-type":"","overlay-color":"","overlay-opacity":"","overlay-gradient":""},"tablet":{"background-color":"var(--ast-global-color-5)","background-image":"","background-repeat":"repeat","background-position":"center center","background-size":"auto","background-attachment":"scroll","background-type":"","background-media":"","overlay-type":"","overlay-color":"","overlay-opacity":"","overlay-gradient":""},"mobile":{"background-color":"var(--ast-global-color-5)","background-image":"","background-repeat":"repeat","background-position":"center center","background-size":"auto","background-attachment":"scroll","background-type":"","background-media":"","overlay-type":"","overlay-color":"","overlay-opacity":"","overlay-gradient":""}},"_jetpack_memberships_contains_paid_content":false,"_joinchat":[],"footnotes":""},"categories":[1408],"tags":[12641,12127,12643,12642,232],"class_list":["post-49172","post","type-post","status-publish","format-standard","has-post-thumbnail","hentry","category-villa-nueva","tag-30-a-40-mil-personas","tag-fiesta-de-la-cerveza","tag-gran-convocatoria","tag-suceso","tag-villa-nueva"],"yoast_head":"<!-- This site is optimized with the Yoast SEO plugin v26.8 - https:\/\/yoast.com\/product\/yoast-seo-wordpress\/ -->\n<title>\u00a1Villa Nueva vibr\u00f3 con su 1\u00ba noche de la Fiesta de la Cerveza! - El Regional<\/title>\n<meta name=\"robots\" content=\"index, follow, max-snippet:-1, max-image-preview:large, max-video-preview:-1\" \/>\n<link rel=\"canonical\" href=\"http:\/\/elregionalvm.com.ar\/noticias-villa-maria\/villa-nueva-vibro-con-su-1o-noche-de-la-fiesta-de-la-cerveza\/\" \/>\n<meta property=\"og:locale\" content=\"es_ES\" \/>\n<meta property=\"og:type\" content=\"article\" \/>\n<meta property=\"og:title\" content=\"\u00a1Villa Nueva vibr\u00f3 con su 1\u00ba noche de la Fiesta de la Cerveza! - El Regional\" \/>\n<meta property=\"og:description\" content=\"La primera noche de la Fiesta de la Cerveza Artesanal y Gastron\u00f3mica se convirti\u00f3 en un verdadero suceso al convocar, de acuerdo a algunos c\u00e1lculos, unas 30 a 40 mil personas. Adem\u00e1s de las apetitosas cervezas y las deliciosas comidas dispuestas en los diferentes stands del Parque Hip\u00f3lito Yrigoyen, la grilla de artistas que pasaron [&hellip;]\" \/>\n<meta property=\"og:url\" content=\"http:\/\/elregionalvm.com.ar\/noticias-villa-maria\/villa-nueva-vibro-con-su-1o-noche-de-la-fiesta-de-la-cerveza\/\" \/>\n<meta property=\"og:site_name\" content=\"El Regional\" \/>\n<meta property=\"article:publisher\" content=\"https:\/\/www.facebook.com\/elregionalvm\" \/>\n<meta property=\"article:published_time\" content=\"2021-12-05T13:54:14+00:00\" \/>\n<meta property=\"article:modified_time\" content=\"2021-12-06T00:53:02+00:00\" \/>\n<meta property=\"og:image\" content=\"http:\/\/elregionalvm.com.ar\/noticias-villa-maria\/wp-content\/uploads\/2021\/12\/vn-fiesta-1.jpg\" \/>\n\t<meta property=\"og:image:width\" content=\"1600\" \/>\n\t<meta property=\"og:image:height\" content=\"1067\" \/>\n\t<meta property=\"og:image:type\" content=\"image\/jpeg\" \/>\n<meta name=\"author\" content=\"Contenidos El Regional\" \/>\n<meta name=\"twitter:card\" content=\"summary_large_image\" \/>\n<meta name=\"twitter:creator\" content=\"@elregionalvm1\" \/>\n<meta name=\"twitter:site\" content=\"@elregionalvm1\" \/>\n<meta name=\"twitter:label1\" content=\"Escrito por\" \/>\n\t<meta name=\"twitter:data1\" content=\"Contenidos El Regional\" \/>\n\t<meta name=\"twitter:label2\" content=\"Tiempo de lectura\" \/>\n\t<meta name=\"twitter:data2\" content=\"2 minutos\" \/>\n<script type=\"application\/ld+json\" class=\"yoast-schema-graph\">{\"@context\":\"https:\/\/schema.org\",\"@graph\":[{\"@type\":\"Article\",\"@id\":\"http:\/\/elregionalvm.com.ar\/noticias-villa-maria\/villa-nueva-vibro-con-su-1o-noche-de-la-fiesta-de-la-cerveza\/#article\",\"isPartOf\":{\"@id\":\"http:\/\/elregionalvm.com.ar\/noticias-villa-maria\/villa-nueva-vibro-con-su-1o-noche-de-la-fiesta-de-la-cerveza\/\"},\"author\":{\"name\":\"Contenidos El Regional\",\"@id\":\"http:\/\/elregionalvm.com.ar\/noticias-villa-maria\/#\/schema\/person\/a0fb9c422317faca23d50163151bc354\"},\"headline\":\"\u00a1Villa Nueva vibr\u00f3 con su 1\u00ba noche de la Fiesta de la Cerveza!\",\"datePublished\":\"2021-12-05T13:54:14+00:00\",\"dateModified\":\"2021-12-06T00:53:02+00:00\",\"mainEntityOfPage\":{\"@id\":\"http:\/\/elregionalvm.com.ar\/noticias-villa-maria\/villa-nueva-vibro-con-su-1o-noche-de-la-fiesta-de-la-cerveza\/\"},\"wordCount\":173,\"commentCount\":0,\"image\":{\"@id\":\"http:\/\/elregionalvm.com.ar\/noticias-villa-maria\/villa-nueva-vibro-con-su-1o-noche-de-la-fiesta-de-la-cerveza\/#primaryimage\"},\"thumbnailUrl\":\"https:\/\/i0.wp.com\/elregionalvm.com.ar\/noticias-villa-maria\/wp-content\/uploads\/2021\/12\/vn-fiesta-1.jpg?fit=1600%2C1067&ssl=1\",\"keywords\":[\"30 a 40 mil personas\",\"Fiesta de la Cerveza\",\"gran convocatoria\",\"suceso\",\"VILLA NUEVA\"],\"articleSection\":[\"Villa Nueva\"],\"inLanguage\":\"es\",\"potentialAction\":[{\"@type\":\"CommentAction\",\"name\":\"Comment\",\"target\":[\"http:\/\/elregionalvm.com.ar\/noticias-villa-maria\/villa-nueva-vibro-con-su-1o-noche-de-la-fiesta-de-la-cerveza\/#respond\"]}]},{\"@type\":\"WebPage\",\"@id\":\"http:\/\/elregionalvm.com.ar\/noticias-villa-maria\/villa-nueva-vibro-con-su-1o-noche-de-la-fiesta-de-la-cerveza\/\",\"url\":\"http:\/\/elregionalvm.com.ar\/noticias-villa-maria\/villa-nueva-vibro-con-su-1o-noche-de-la-fiesta-de-la-cerveza\/\",\"name\":\"\u00a1Villa Nueva vibr\u00f3 con su 1\u00ba noche de la Fiesta de la Cerveza! - El Regional\",\"isPartOf\":{\"@id\":\"http:\/\/elregionalvm.com.ar\/noticias-villa-maria\/#website\"},\"primaryImageOfPage\":{\"@id\":\"http:\/\/elregionalvm.com.ar\/noticias-villa-maria\/villa-nueva-vibro-con-su-1o-noche-de-la-fiesta-de-la-cerveza\/#primaryimage\"},\"image\":{\"@id\":\"http:\/\/elregionalvm.com.ar\/noticias-villa-maria\/villa-nueva-vibro-con-su-1o-noche-de-la-fiesta-de-la-cerveza\/#primaryimage\"},\"thumbnailUrl\":\"https:\/\/i0.wp.com\/elregionalvm.com.ar\/noticias-villa-maria\/wp-content\/uploads\/2021\/12\/vn-fiesta-1.jpg?fit=1600%2C1067&ssl=1\",\"datePublished\":\"2021-12-05T13:54:14+00:00\",\"dateModified\":\"2021-12-06T00:53:02+00:00\",\"author\":{\"@id\":\"http:\/\/elregionalvm.com.ar\/noticias-villa-maria\/#\/schema\/person\/a0fb9c422317faca23d50163151bc354\"},\"breadcrumb\":{\"@id\":\"http:\/\/elregionalvm.com.ar\/noticias-villa-maria\/villa-nueva-vibro-con-su-1o-noche-de-la-fiesta-de-la-cerveza\/#breadcrumb\"},\"inLanguage\":\"es\",\"potentialAction\":[{\"@type\":\"ReadAction\",\"target\":[\"http:\/\/elregionalvm.com.ar\/noticias-villa-maria\/villa-nueva-vibro-con-su-1o-noche-de-la-fiesta-de-la-cerveza\/\"]}]},{\"@type\":\"ImageObject\",\"inLanguage\":\"es\",\"@id\":\"http:\/\/elregionalvm.com.ar\/noticias-villa-maria\/villa-nueva-vibro-con-su-1o-noche-de-la-fiesta-de-la-cerveza\/#primaryimage\",\"url\":\"https:\/\/i0.wp.com\/elregionalvm.com.ar\/noticias-villa-maria\/wp-content\/uploads\/2021\/12\/vn-fiesta-1.jpg?fit=1600%2C1067&ssl=1\",\"contentUrl\":\"https:\/\/i0.wp.com\/elregionalvm.com.ar\/noticias-villa-maria\/wp-content\/uploads\/2021\/12\/vn-fiesta-1.jpg?fit=1600%2C1067&ssl=1\",\"width\":1600,\"height\":1067},{\"@type\":\"BreadcrumbList\",\"@id\":\"http:\/\/elregionalvm.com.ar\/noticias-villa-maria\/villa-nueva-vibro-con-su-1o-noche-de-la-fiesta-de-la-cerveza\/#breadcrumb\",\"itemListElement\":[{\"@type\":\"ListItem\",\"position\":1,\"name\":\"Portada\",\"item\":\"https:\/\/elregionalvm.com.ar\/noticias-villa-maria\/\"},{\"@type\":\"ListItem\",\"position\":2,\"name\":\"\u00a1Villa Nueva vibr\u00f3 con su 1\u00ba noche de la Fiesta de la Cerveza!\"}]},{\"@type\":\"WebSite\",\"@id\":\"http:\/\/elregionalvm.com.ar\/noticias-villa-maria\/#website\",\"url\":\"http:\/\/elregionalvm.com.ar\/noticias-villa-maria\/\",\"name\":\"El Regional\",\"description\":\"Mucho m\u00e1s que informaci\u00f3n\",\"potentialAction\":[{\"@type\":\"SearchAction\",\"target\":{\"@type\":\"EntryPoint\",\"urlTemplate\":\"http:\/\/elregionalvm.com.ar\/noticias-villa-maria\/?s={search_term_string}\"},\"query-input\":{\"@type\":\"PropertyValueSpecification\",\"valueRequired\":true,\"valueName\":\"search_term_string\"}}],\"inLanguage\":\"es\"},{\"@type\":\"Person\",\"@id\":\"http:\/\/elregionalvm.com.ar\/noticias-villa-maria\/#\/schema\/person\/a0fb9c422317faca23d50163151bc354\",\"name\":\"Contenidos El Regional\",\"image\":{\"@type\":\"ImageObject\",\"inLanguage\":\"es\",\"@id\":\"http:\/\/elregionalvm.com.ar\/noticias-villa-maria\/#\/schema\/person\/image\/\",\"url\":\"https:\/\/secure.gravatar.com\/avatar\/265b27cb2209af7bb3a1318f03305787d7981a5cc6e6cd08fe5a4ecdf99d4b48?s=96&d=mm&r=g\",\"contentUrl\":\"https:\/\/secure.gravatar.com\/avatar\/265b27cb2209af7bb3a1318f03305787d7981a5cc6e6cd08fe5a4ecdf99d4b48?s=96&d=mm&r=g\",\"caption\":\"Contenidos El Regional\"},\"url\":\"https:\/\/elregionalvm.com.ar\/noticias-villa-maria\/author\/contenido\/\"}]}<\/script>\n<!-- \/ Yoast SEO plugin. -->","yoast_head_json":{"title":"\u00a1Villa Nueva vibr\u00f3 con su 1\u00ba noche de la Fiesta de la Cerveza! - El Regional","robots":{"index":"index","follow":"follow","max-snippet":"max-snippet:-1","max-image-preview":"max-image-preview:large","max-video-preview":"max-video-preview:-1"},"canonical":"http:\/\/elregionalvm.com.ar\/noticias-villa-maria\/villa-nueva-vibro-con-su-1o-noche-de-la-fiesta-de-la-cerveza\/","og_locale":"es_ES","og_type":"article","og_title":"\u00a1Villa Nueva vibr\u00f3 con su 1\u00ba noche de la Fiesta de la Cerveza! - El Regional","og_description":"La primera noche de la Fiesta de la Cerveza Artesanal y Gastron\u00f3mica se convirti\u00f3 en un verdadero suceso al convocar, de acuerdo a algunos c\u00e1lculos, unas 30 a 40 mil personas. Adem\u00e1s de las apetitosas cervezas y las deliciosas comidas dispuestas en los diferentes stands del Parque Hip\u00f3lito Yrigoyen, la grilla de artistas que pasaron [&hellip;]","og_url":"http:\/\/elregionalvm.com.ar\/noticias-villa-maria\/villa-nueva-vibro-con-su-1o-noche-de-la-fiesta-de-la-cerveza\/","og_site_name":"El Regional","article_publisher":"https:\/\/www.facebook.com\/elregionalvm","article_published_time":"2021-12-05T13:54:14+00:00","article_modified_time":"2021-12-06T00:53:02+00:00","og_image":[{"width":1600,"height":1067,"url":"http:\/\/elregionalvm.com.ar\/noticias-villa-maria\/wp-content\/uploads\/2021\/12\/vn-fiesta-1.jpg","type":"image\/jpeg"}],"author":"Contenidos El Regional","twitter_card":"summary_large_image","twitter_creator":"@elregionalvm1","twitter_site":"@elregionalvm1","twitter_misc":{"Escrito por":"Contenidos El Regional","Tiempo de lectura":"2 minutos"},"schema":{"@context":"https:\/\/schema.org","@graph":[{"@type":"Article","@id":"http:\/\/elregionalvm.com.ar\/noticias-villa-maria\/villa-nueva-vibro-con-su-1o-noche-de-la-fiesta-de-la-cerveza\/#article","isPartOf":{"@id":"http:\/\/elregionalvm.com.ar\/noticias-villa-maria\/villa-nueva-vibro-con-su-1o-noche-de-la-fiesta-de-la-cerveza\/"},"author":{"name":"Contenidos El Regional","@id":"http:\/\/elregionalvm.com.ar\/noticias-villa-maria\/#\/schema\/person\/a0fb9c422317faca23d50163151bc354"},"headline":"\u00a1Villa Nueva vibr\u00f3 con su 1\u00ba noche de la Fiesta de la Cerveza!","datePublished":"2021-12-05T13:54:14+00:00","dateModified":"2021-12-06T00:53:02+00:00","mainEntityOfPage":{"@id":"http:\/\/elregionalvm.com.ar\/noticias-villa-maria\/villa-nueva-vibro-con-su-1o-noche-de-la-fiesta-de-la-cerveza\/"},"wordCount":173,"commentCount":0,"image":{"@id":"http:\/\/elregionalvm.com.ar\/noticias-villa-maria\/villa-nueva-vibro-con-su-1o-noche-de-la-fiesta-de-la-cerveza\/#primaryimage"},"thumbnailUrl":"https:\/\/i0.wp.com\/elregionalvm.com.ar\/noticias-villa-maria\/wp-content\/uploads\/2021\/12\/vn-fiesta-1.jpg?fit=1600%2C1067&ssl=1","keywords":["30 a 40 mil personas","Fiesta de la Cerveza","gran convocatoria","suceso","VILLA NUEVA"],"articleSection":["Villa Nueva"],"inLanguage":"es","potentialAction":[{"@type":"CommentAction","name":"Comment","target":["http:\/\/elregionalvm.com.ar\/noticias-villa-maria\/villa-nueva-vibro-con-su-1o-noche-de-la-fiesta-de-la-cerveza\/#respond"]}]},{"@type":"WebPage","@id":"http:\/\/elregionalvm.com.ar\/noticias-villa-maria\/villa-nueva-vibro-con-su-1o-noche-de-la-fiesta-de-la-cerveza\/","url":"http:\/\/elregionalvm.com.ar\/noticias-villa-maria\/villa-nueva-vibro-con-su-1o-noche-de-la-fiesta-de-la-cerveza\/","name":"\u00a1Villa Nueva vibr\u00f3 con su 1\u00ba noche de la Fiesta de la Cerveza! - El Regional","isPartOf":{"@id":"http:\/\/elregionalvm.com.ar\/noticias-villa-maria\/#website"},"primaryImageOfPage":{"@id":"http:\/\/elregionalvm.com.ar\/noticias-villa-maria\/villa-nueva-vibro-con-su-1o-noche-de-la-fiesta-de-la-cerveza\/#primaryimage"},"image":{"@id":"http:\/\/elregionalvm.com.ar\/noticias-villa-maria\/villa-nueva-vibro-con-su-1o-noche-de-la-fiesta-de-la-cerveza\/#primaryimage"},"thumbnailUrl":"https:\/\/i0.wp.com\/elregionalvm.com.ar\/noticias-villa-maria\/wp-content\/uploads\/2021\/12\/vn-fiesta-1.jpg?fit=1600%2C1067&ssl=1","datePublished":"2021-12-05T13:54:14+00:00","dateModified":"2021-12-06T00:53:02+00:00","author":{"@id":"http:\/\/elregionalvm.com.ar\/noticias-villa-maria\/#\/schema\/person\/a0fb9c422317faca23d50163151bc354"},"breadcrumb":{"@id":"http:\/\/elregionalvm.com.ar\/noticias-villa-maria\/villa-nueva-vibro-con-su-1o-noche-de-la-fiesta-de-la-cerveza\/#breadcrumb"},"inLanguage":"es","potentialAction":[{"@type":"ReadAction","target":["http:\/\/elregionalvm.com.ar\/noticias-villa-maria\/villa-nueva-vibro-con-su-1o-noche-de-la-fiesta-de-la-cerveza\/"]}]},{"@type":"ImageObject","inLanguage":"es","@id":"http:\/\/elregionalvm.com.ar\/noticias-villa-maria\/villa-nueva-vibro-con-su-1o-noche-de-la-fiesta-de-la-cerveza\/#primaryimage","url":"https:\/\/i0.wp.com\/elregionalvm.com.ar\/noticias-villa-maria\/wp-content\/uploads\/2021\/12\/vn-fiesta-1.jpg?fit=1600%2C1067&ssl=1","contentUrl":"https:\/\/i0.wp.com\/elregionalvm.com.ar\/noticias-villa-maria\/wp-content\/uploads\/2021\/12\/vn-fiesta-1.jpg?fit=1600%2C1067&ssl=1","width":1600,"height":1067},{"@type":"BreadcrumbList","@id":"http:\/\/elregionalvm.com.ar\/noticias-villa-maria\/villa-nueva-vibro-con-su-1o-noche-de-la-fiesta-de-la-cerveza\/#breadcrumb","itemListElement":[{"@type":"ListItem","position":1,"name":"Portada","item":"https:\/\/elregionalvm.com.ar\/noticias-villa-maria\/"},{"@type":"ListItem","position":2,"name":"\u00a1Villa Nueva vibr\u00f3 con su 1\u00ba noche de la Fiesta de la Cerveza!"}]},{"@type":"WebSite","@id":"http:\/\/elregionalvm.com.ar\/noticias-villa-maria\/#website","url":"http:\/\/elregionalvm.com.ar\/noticias-villa-maria\/","name":"El Regional","description":"Mucho m\u00e1s que informaci\u00f3n","potentialAction":[{"@type":"SearchAction","target":{"@type":"EntryPoint","urlTemplate":"http:\/\/elregionalvm.com.ar\/noticias-villa-maria\/?s={search_term_string}"},"query-input":{"@type":"PropertyValueSpecification","valueRequired":true,"valueName":"search_term_string"}}],"inLanguage":"es"},{"@type":"Person","@id":"http:\/\/elregionalvm.com.ar\/noticias-villa-maria\/#\/schema\/person\/a0fb9c422317faca23d50163151bc354","name":"Contenidos El Regional","image":{"@type":"ImageObject","inLanguage":"es","@id":"http:\/\/elregionalvm.com.ar\/noticias-villa-maria\/#\/schema\/person\/image\/","url":"https:\/\/secure.gravatar.com\/avatar\/265b27cb2209af7bb3a1318f03305787d7981a5cc6e6cd08fe5a4ecdf99d4b48?s=96&d=mm&r=g","contentUrl":"https:\/\/secure.gravatar.com\/avatar\/265b27cb2209af7bb3a1318f03305787d7981a5cc6e6cd08fe5a4ecdf99d4b48?s=96&d=mm&r=g","caption":"Contenidos El Regional"},"url":"https:\/\/elregionalvm.com.ar\/noticias-villa-maria\/author\/contenido\/"}]}},"jetpack_featured_media_url":"https:\/\/i0.wp.com\/elregionalvm.com.ar\/noticias-villa-maria\/wp-content\/uploads\/2021\/12\/vn-fiesta-1.jpg?fit=1600%2C1067&ssl=1","jetpack_sharing_enabled":true,"_links":{"self":[{"href":"https:\/\/elregionalvm.com.ar\/noticias-villa-maria\/wp-json\/wp\/v2\/posts\/49172","targetHints":{"allow":["GET"]}}],"collection":[{"href":"https:\/\/elregionalvm.com.ar\/noticias-villa-maria\/wp-json\/wp\/v2\/posts"}],"about":[{"href":"https:\/\/elregionalvm.com.ar\/noticias-villa-maria\/wp-json\/wp\/v2\/types\/post"}],"author":[{"embeddable":true,"href":"https:\/\/elregionalvm.com.ar\/noticias-villa-maria\/wp-json\/wp\/v2\/users\/4"}],"replies":[{"embeddable":true,"href":"https:\/\/elregionalvm.com.ar\/noticias-villa-maria\/wp-json\/wp\/v2\/comments?post=49172"}],"version-history":[{"count":1,"href":"https:\/\/elregionalvm.com.ar\/noticias-villa-maria\/wp-json\/wp\/v2\/posts\/49172\/revisions"}],"predecessor-version":[{"id":49179,"href":"https:\/\/elregionalvm.com.ar\/noticias-villa-maria\/wp-json\/wp\/v2\/posts\/49172\/revisions\/49179"}],"wp:featuredmedia":[{"embeddable":true,"href":"https:\/\/elregionalvm.com.ar\/noticias-villa-maria\/wp-json\/wp\/v2\/media\/49173"}],"wp:attachment":[{"href":"https:\/\/elregionalvm.com.ar\/noticias-villa-maria\/wp-json\/wp\/v2\/media?parent=49172"}],"wp:term":[{"taxonomy":"category","embeddable":true,"href":"https:\/\/elregionalvm.com.ar\/noticias-villa-maria\/wp-json\/wp\/v2\/categories?post=49172"},{"taxonomy":"post_tag","embeddable":true,"href":"https:\/\/elregionalvm.com.ar\/noticias-villa-maria\/wp-json\/wp\/v2\/tags?post=49172"}],"curies":[{"name":"wp","href":"https:\/\/api.w.org\/{rel}","templated":true}]}}