{"id":49189,"date":"2021-12-05T14:40:05","date_gmt":"2021-12-05T14:40:05","guid":{"rendered":"https:\/\/elregionalvm.com.ar\/noticias-villa-maria\/?p=49189"},"modified":"2021-12-05T14:40:07","modified_gmt":"2021-12-05T14:40:07","slug":"dia-mundial-del-suelo-salinizacion-una-amenaza-para-la-despensa-mundial","status":"publish","type":"post","link":"https:\/\/elregionalvm.com.ar\/noticias-villa-maria\/dia-mundial-del-suelo-salinizacion-una-amenaza-para-la-despensa-mundial\/","title":{"rendered":"[D\u00eda Mundial del Suelo] Salinizaci\u00f3n: una amenaza para la \u00abdespensa\u00bb mundial"},"content":{"rendered":"\n<p>\u00bfAlguna vez has visto costras blancas en el suelo? S\u00ed, es lo que piensas: se trata de sal. Las sales est\u00e1n presentes de forma natural en la tierra y el agua. Los suelos naturalmente salinos pueden sustentar ecosistemas ricos, pero procesos naturales como las sequ\u00edas o las actividades humanas, especialmente el riego administrado inadecuadamente, pueden aumentar la cantidad de sales en los suelos, un proceso que se llama salinizaci\u00f3n.<\/p>\n\n\n\n<p>La salinizaci\u00f3n es uno de los problemas mundiales m\u00e1s importantes para la producci\u00f3n agr\u00edcola, la seguridad alimentaria y la sostenibilidad, especialmente en las regiones \u00e1ridas y semi\u00e1ridas. Ello se debe a que estos terrenos reducen la disponibilidad de micronutrientes y la capacidad de los cultivos para absorber agua. A todo esto se suma el hecho de que los suelos con salinizaci\u00f3n reducen su habilidad para filtrar contaminantes, pudiendo hasta concentrar part\u00edculas t\u00f3xicas para las plantas y degradar la estructura del suelo. Todo ello afecta a la salud de todo el ecosistema, su biodiversidad y a nuestra propia \u00abdespensa\u00bb mundial, al reducir la posibilidad de que los cultivos crezcan.<\/p>\n\n\n\n<p>El D\u00eda Mundial del Suelo 2021 (#D\u00edadelSuelo) y su campa\u00f1a \u00abDetener la salinizaci\u00f3n de los suelos, aumentar su productividad\u00bb tiene como objetivo crear conciencia sobre la importancia de mantener ecosistemas saludables abordando los desaf\u00edos en la gesti\u00f3n del suelo, luchando contra su salinizaci\u00f3n, y alentando a todas las sociedades a comprometerse a mejorar la salud del suelo. Ello es posible a trav\u00e9s de la innovaci\u00f3n tecnol\u00f3gica, la recopilaci\u00f3n de informaci\u00f3n que ayude a gestionar mejor estos terrenos, unas nuevas pol\u00edticas con evidencia cient\u00edfica, la restauraci\u00f3n de zonas afectadas y la promoci\u00f3n de una gesti\u00f3n sostenible de estos suelos.<\/p>\n\n\n\n<div class=\"wp-block-image\"><figure class=\"aligncenter size-full\"><img data-recalc-dims=\"1\" fetchpriority=\"high\" decoding=\"async\" width=\"352\" height=\"510\" src=\"https:\/\/i0.wp.com\/elregionalvm.com.ar\/noticias-villa-maria\/wp-content\/uploads\/2021\/12\/salinizacion-2.png?resize=352%2C510&#038;ssl=1\" alt=\"\" class=\"wp-image-49192\" srcset=\"https:\/\/i0.wp.com\/elregionalvm.com.ar\/noticias-villa-maria\/wp-content\/uploads\/2021\/12\/salinizacion-2.png?w=352&amp;ssl=1 352w, https:\/\/i0.wp.com\/elregionalvm.com.ar\/noticias-villa-maria\/wp-content\/uploads\/2021\/12\/salinizacion-2.png?resize=207%2C300&amp;ssl=1 207w\" sizes=\"(max-width: 352px) 100vw, 352px\" \/><\/figure><\/div>\n\n\n\n<p><strong>El origen<\/strong><br>El D\u00eda Mundial del Suelo (WSD) se celebra anualmente cada 5 de diciembre desde 2014, a\u00f1o en el que la ONU design\u00f3 esta fecha a propuesta de la FAO un a\u00f1o atr\u00e1s. Se decidi\u00f3 el 5 de diciembre porque coincid\u00eda con el cumplea\u00f1os del Rey de Tailandia Bhumibol Adulyadej, querido monarca fallecido en 2016 y uno de los grandes promotores de esta idea.<\/p>\n\n\n\n<p>Pero sus or\u00edgenes se remontan a 2002 gracias al impulso de la Uni\u00f3n Internacional de Ciencias del Suelo (IUSS), la cual propuso este evento en el marco de la Alianza Mundial por el Suelo, un foro colaborativo surgido ante la necesidad de compartir experiencias sostenibles para recuperar un suelo que pens\u00e1bamos era un recurso infinito.<\/p>\n","protected":false},"excerpt":{"rendered":"<p>\u00bfAlguna vez has visto costras blancas en el suelo? S\u00ed, es lo que piensas: se trata de sal. Las sales est\u00e1n presentes de forma natural en la tierra y el agua. Los suelos naturalmente salinos pueden sustentar ecosistemas ricos, pero procesos naturales como las sequ\u00edas o las actividades humanas, especialmente el riego administrado inadecuadamente, pueden [&hellip;]<\/p>\n","protected":false},"author":4,"featured_media":49191,"comment_status":"open","ping_status":"open","sticky":false,"template":"","format":"standard","meta":{"site-sidebar-layout":"default","site-content-layout":"default","ast-site-content-layout":"default","site-content-style":"default","site-sidebar-style":"default","ast-global-header-display":"","ast-banner-title-visibility":"","ast-main-header-display":"","ast-hfb-above-header-display":"","ast-hfb-below-header-display":"","ast-hfb-mobile-header-display":"","site-post-title":"","ast-breadcrumbs-content":"","ast-featured-img":"","footer-sml-layout":"","ast-disable-related-posts":"","theme-transparent-header-meta":"default","adv-header-id-meta":"","stick-header-meta":"","header-above-stick-meta":"","header-main-stick-meta":"","header-below-stick-meta":"","astra-migrate-meta-layouts":"default","ast-page-background-enabled":"default","ast-page-background-meta":{"desktop":{"background-color":"","background-image":"","background-repeat":"repeat","background-position":"center center","background-size":"auto","background-attachment":"scroll","background-type":"","background-media":"","overlay-type":"","overlay-color":"","overlay-opacity":"","overlay-gradient":""},"tablet":{"background-color":"","background-image":"","background-repeat":"repeat","background-position":"center center","background-size":"auto","background-attachment":"scroll","background-type":"","background-media":"","overlay-type":"","overlay-color":"","overlay-opacity":"","overlay-gradient":""},"mobile":{"background-color":"","background-image":"","background-repeat":"repeat","background-position":"center center","background-size":"auto","background-attachment":"scroll","background-type":"","background-media":"","overlay-type":"","overlay-color":"","overlay-opacity":"","overlay-gradient":""}},"ast-content-background-meta":{"desktop":{"background-color":"var(--ast-global-color-5)","background-image":"","background-repeat":"repeat","background-position":"center center","background-size":"auto","background-attachment":"scroll","background-type":"","background-media":"","overlay-type":"","overlay-color":"","overlay-opacity":"","overlay-gradient":""},"tablet":{"background-color":"var(--ast-global-color-5)","background-image":"","background-repeat":"repeat","background-position":"center center","background-size":"auto","background-attachment":"scroll","background-type":"","background-media":"","overlay-type":"","overlay-color":"","overlay-opacity":"","overlay-gradient":""},"mobile":{"background-color":"var(--ast-global-color-5)","background-image":"","background-repeat":"repeat","background-position":"center center","background-size":"auto","background-attachment":"scroll","background-type":"","background-media":"","overlay-type":"","overlay-color":"","overlay-opacity":"","overlay-gradient":""}},"_jetpack_memberships_contains_paid_content":false,"_joinchat":[],"footnotes":""},"categories":[4777],"tags":[12647,12649,1232,5447,8703,12650,12648],"class_list":["post-49189","post","type-post","status-publish","format-standard","has-post-thumbnail","hentry","category-econotas","tag-diadelsuelo","tag-5-de-diciembre","tag-destacado","tag-econotas","tag-efemeride","tag-origen-de-la-fecha","tag-salinizacion"],"yoast_head":"<!-- This site is optimized with the Yoast SEO plugin v26.8 - https:\/\/yoast.com\/product\/yoast-seo-wordpress\/ -->\n<title>[D\u00eda Mundial del Suelo] Salinizaci\u00f3n: una amenaza para la &quot;despensa&quot; mundial - El Regional<\/title>\n<meta name=\"robots\" content=\"index, follow, max-snippet:-1, max-image-preview:large, max-video-preview:-1\" \/>\n<link rel=\"canonical\" href=\"http:\/\/elregionalvm.com.ar\/noticias-villa-maria\/dia-mundial-del-suelo-salinizacion-una-amenaza-para-la-despensa-mundial\/\" \/>\n<meta property=\"og:locale\" content=\"es_ES\" \/>\n<meta property=\"og:type\" content=\"article\" \/>\n<meta property=\"og:title\" content=\"[D\u00eda Mundial del Suelo] Salinizaci\u00f3n: una amenaza para la &quot;despensa&quot; mundial - El Regional\" \/>\n<meta property=\"og:description\" content=\"\u00bfAlguna vez has visto costras blancas en el suelo? S\u00ed, es lo que piensas: se trata de sal. Las sales est\u00e1n presentes de forma natural en la tierra y el agua. Los suelos naturalmente salinos pueden sustentar ecosistemas ricos, pero procesos naturales como las sequ\u00edas o las actividades humanas, especialmente el riego administrado inadecuadamente, pueden [&hellip;]\" \/>\n<meta property=\"og:url\" content=\"http:\/\/elregionalvm.com.ar\/noticias-villa-maria\/dia-mundial-del-suelo-salinizacion-una-amenaza-para-la-despensa-mundial\/\" \/>\n<meta property=\"og:site_name\" content=\"El Regional\" \/>\n<meta property=\"article:publisher\" content=\"https:\/\/www.facebook.com\/elregionalvm\" \/>\n<meta property=\"article:published_time\" content=\"2021-12-05T14:40:05+00:00\" \/>\n<meta property=\"article:modified_time\" content=\"2021-12-05T14:40:07+00:00\" \/>\n<meta property=\"og:image\" content=\"http:\/\/elregionalvm.com.ar\/noticias-villa-maria\/wp-content\/uploads\/2021\/12\/salinizacion-1.jpg\" \/>\n\t<meta property=\"og:image:width\" content=\"1072\" \/>\n\t<meta property=\"og:image:height\" content=\"491\" \/>\n\t<meta property=\"og:image:type\" content=\"image\/jpeg\" \/>\n<meta name=\"author\" content=\"Contenidos El Regional\" \/>\n<meta name=\"twitter:card\" content=\"summary_large_image\" \/>\n<meta name=\"twitter:creator\" content=\"@elregionalvm1\" \/>\n<meta name=\"twitter:site\" content=\"@elregionalvm1\" \/>\n<meta name=\"twitter:label1\" content=\"Escrito por\" \/>\n\t<meta name=\"twitter:data1\" content=\"Contenidos El Regional\" \/>\n\t<meta name=\"twitter:label2\" content=\"Tiempo de lectura\" \/>\n\t<meta name=\"twitter:data2\" content=\"2 minutos\" \/>\n<script type=\"application\/ld+json\" class=\"yoast-schema-graph\">{\"@context\":\"https:\/\/schema.org\",\"@graph\":[{\"@type\":\"Article\",\"@id\":\"http:\/\/elregionalvm.com.ar\/noticias-villa-maria\/dia-mundial-del-suelo-salinizacion-una-amenaza-para-la-despensa-mundial\/#article\",\"isPartOf\":{\"@id\":\"http:\/\/elregionalvm.com.ar\/noticias-villa-maria\/dia-mundial-del-suelo-salinizacion-una-amenaza-para-la-despensa-mundial\/\"},\"author\":{\"name\":\"Contenidos El Regional\",\"@id\":\"http:\/\/elregionalvm.com.ar\/noticias-villa-maria\/#\/schema\/person\/a0fb9c422317faca23d50163151bc354\"},\"headline\":\"[D\u00eda Mundial del Suelo] Salinizaci\u00f3n: una amenaza para la \u00abdespensa\u00bb mundial\",\"datePublished\":\"2021-12-05T14:40:05+00:00\",\"dateModified\":\"2021-12-05T14:40:07+00:00\",\"mainEntityOfPage\":{\"@id\":\"http:\/\/elregionalvm.com.ar\/noticias-villa-maria\/dia-mundial-del-suelo-salinizacion-una-amenaza-para-la-despensa-mundial\/\"},\"wordCount\":439,\"commentCount\":0,\"image\":{\"@id\":\"http:\/\/elregionalvm.com.ar\/noticias-villa-maria\/dia-mundial-del-suelo-salinizacion-una-amenaza-para-la-despensa-mundial\/#primaryimage\"},\"thumbnailUrl\":\"https:\/\/i0.wp.com\/elregionalvm.com.ar\/noticias-villa-maria\/wp-content\/uploads\/2021\/12\/salinizacion-1.jpg?fit=1072%2C491&ssl=1\",\"keywords\":[\"#D\u00edadelSuelo\",\"5 de diciembre\",\"destacado\",\"econotas\",\"efem\u00e9ride\",\"origen de la fecha\",\"salinizaci\u00f3n\"],\"articleSection\":[\"Econotas\"],\"inLanguage\":\"es\",\"potentialAction\":[{\"@type\":\"CommentAction\",\"name\":\"Comment\",\"target\":[\"http:\/\/elregionalvm.com.ar\/noticias-villa-maria\/dia-mundial-del-suelo-salinizacion-una-amenaza-para-la-despensa-mundial\/#respond\"]}]},{\"@type\":\"WebPage\",\"@id\":\"http:\/\/elregionalvm.com.ar\/noticias-villa-maria\/dia-mundial-del-suelo-salinizacion-una-amenaza-para-la-despensa-mundial\/\",\"url\":\"http:\/\/elregionalvm.com.ar\/noticias-villa-maria\/dia-mundial-del-suelo-salinizacion-una-amenaza-para-la-despensa-mundial\/\",\"name\":\"[D\u00eda Mundial del Suelo] Salinizaci\u00f3n: una amenaza para la \\\"despensa\\\" mundial - El Regional\",\"isPartOf\":{\"@id\":\"http:\/\/elregionalvm.com.ar\/noticias-villa-maria\/#website\"},\"primaryImageOfPage\":{\"@id\":\"http:\/\/elregionalvm.com.ar\/noticias-villa-maria\/dia-mundial-del-suelo-salinizacion-una-amenaza-para-la-despensa-mundial\/#primaryimage\"},\"image\":{\"@id\":\"http:\/\/elregionalvm.com.ar\/noticias-villa-maria\/dia-mundial-del-suelo-salinizacion-una-amenaza-para-la-despensa-mundial\/#primaryimage\"},\"thumbnailUrl\":\"https:\/\/i0.wp.com\/elregionalvm.com.ar\/noticias-villa-maria\/wp-content\/uploads\/2021\/12\/salinizacion-1.jpg?fit=1072%2C491&ssl=1\",\"datePublished\":\"2021-12-05T14:40:05+00:00\",\"dateModified\":\"2021-12-05T14:40:07+00:00\",\"author\":{\"@id\":\"http:\/\/elregionalvm.com.ar\/noticias-villa-maria\/#\/schema\/person\/a0fb9c422317faca23d50163151bc354\"},\"breadcrumb\":{\"@id\":\"http:\/\/elregionalvm.com.ar\/noticias-villa-maria\/dia-mundial-del-suelo-salinizacion-una-amenaza-para-la-despensa-mundial\/#breadcrumb\"},\"inLanguage\":\"es\",\"potentialAction\":[{\"@type\":\"ReadAction\",\"target\":[\"http:\/\/elregionalvm.com.ar\/noticias-villa-maria\/dia-mundial-del-suelo-salinizacion-una-amenaza-para-la-despensa-mundial\/\"]}]},{\"@type\":\"ImageObject\",\"inLanguage\":\"es\",\"@id\":\"http:\/\/elregionalvm.com.ar\/noticias-villa-maria\/dia-mundial-del-suelo-salinizacion-una-amenaza-para-la-despensa-mundial\/#primaryimage\",\"url\":\"https:\/\/i0.wp.com\/elregionalvm.com.ar\/noticias-villa-maria\/wp-content\/uploads\/2021\/12\/salinizacion-1.jpg?fit=1072%2C491&ssl=1\",\"contentUrl\":\"https:\/\/i0.wp.com\/elregionalvm.com.ar\/noticias-villa-maria\/wp-content\/uploads\/2021\/12\/salinizacion-1.jpg?fit=1072%2C491&ssl=1\",\"width\":1072,\"height\":491},{\"@type\":\"BreadcrumbList\",\"@id\":\"http:\/\/elregionalvm.com.ar\/noticias-villa-maria\/dia-mundial-del-suelo-salinizacion-una-amenaza-para-la-despensa-mundial\/#breadcrumb\",\"itemListElement\":[{\"@type\":\"ListItem\",\"position\":1,\"name\":\"Portada\",\"item\":\"https:\/\/elregionalvm.com.ar\/noticias-villa-maria\/\"},{\"@type\":\"ListItem\",\"position\":2,\"name\":\"[D\u00eda Mundial del Suelo] Salinizaci\u00f3n: una amenaza para la &#8220;despensa&#8221; mundial\"}]},{\"@type\":\"WebSite\",\"@id\":\"http:\/\/elregionalvm.com.ar\/noticias-villa-maria\/#website\",\"url\":\"http:\/\/elregionalvm.com.ar\/noticias-villa-maria\/\",\"name\":\"El Regional\",\"description\":\"Mucho m\u00e1s que informaci\u00f3n\",\"potentialAction\":[{\"@type\":\"SearchAction\",\"target\":{\"@type\":\"EntryPoint\",\"urlTemplate\":\"http:\/\/elregionalvm.com.ar\/noticias-villa-maria\/?s={search_term_string}\"},\"query-input\":{\"@type\":\"PropertyValueSpecification\",\"valueRequired\":true,\"valueName\":\"search_term_string\"}}],\"inLanguage\":\"es\"},{\"@type\":\"Person\",\"@id\":\"http:\/\/elregionalvm.com.ar\/noticias-villa-maria\/#\/schema\/person\/a0fb9c422317faca23d50163151bc354\",\"name\":\"Contenidos El Regional\",\"image\":{\"@type\":\"ImageObject\",\"inLanguage\":\"es\",\"@id\":\"http:\/\/elregionalvm.com.ar\/noticias-villa-maria\/#\/schema\/person\/image\/\",\"url\":\"https:\/\/secure.gravatar.com\/avatar\/265b27cb2209af7bb3a1318f03305787d7981a5cc6e6cd08fe5a4ecdf99d4b48?s=96&d=mm&r=g\",\"contentUrl\":\"https:\/\/secure.gravatar.com\/avatar\/265b27cb2209af7bb3a1318f03305787d7981a5cc6e6cd08fe5a4ecdf99d4b48?s=96&d=mm&r=g\",\"caption\":\"Contenidos El Regional\"},\"url\":\"https:\/\/elregionalvm.com.ar\/noticias-villa-maria\/author\/contenido\/\"}]}<\/script>\n<!-- \/ Yoast SEO plugin. -->","yoast_head_json":{"title":"[D\u00eda Mundial del Suelo] Salinizaci\u00f3n: una amenaza para la \"despensa\" mundial - El Regional","robots":{"index":"index","follow":"follow","max-snippet":"max-snippet:-1","max-image-preview":"max-image-preview:large","max-video-preview":"max-video-preview:-1"},"canonical":"http:\/\/elregionalvm.com.ar\/noticias-villa-maria\/dia-mundial-del-suelo-salinizacion-una-amenaza-para-la-despensa-mundial\/","og_locale":"es_ES","og_type":"article","og_title":"[D\u00eda Mundial del Suelo] Salinizaci\u00f3n: una amenaza para la \"despensa\" mundial - El Regional","og_description":"\u00bfAlguna vez has visto costras blancas en el suelo? S\u00ed, es lo que piensas: se trata de sal. Las sales est\u00e1n presentes de forma natural en la tierra y el agua. Los suelos naturalmente salinos pueden sustentar ecosistemas ricos, pero procesos naturales como las sequ\u00edas o las actividades humanas, especialmente el riego administrado inadecuadamente, pueden [&hellip;]","og_url":"http:\/\/elregionalvm.com.ar\/noticias-villa-maria\/dia-mundial-del-suelo-salinizacion-una-amenaza-para-la-despensa-mundial\/","og_site_name":"El Regional","article_publisher":"https:\/\/www.facebook.com\/elregionalvm","article_published_time":"2021-12-05T14:40:05+00:00","article_modified_time":"2021-12-05T14:40:07+00:00","og_image":[{"width":1072,"height":491,"url":"http:\/\/elregionalvm.com.ar\/noticias-villa-maria\/wp-content\/uploads\/2021\/12\/salinizacion-1.jpg","type":"image\/jpeg"}],"author":"Contenidos El Regional","twitter_card":"summary_large_image","twitter_creator":"@elregionalvm1","twitter_site":"@elregionalvm1","twitter_misc":{"Escrito por":"Contenidos El Regional","Tiempo de lectura":"2 minutos"},"schema":{"@context":"https:\/\/schema.org","@graph":[{"@type":"Article","@id":"http:\/\/elregionalvm.com.ar\/noticias-villa-maria\/dia-mundial-del-suelo-salinizacion-una-amenaza-para-la-despensa-mundial\/#article","isPartOf":{"@id":"http:\/\/elregionalvm.com.ar\/noticias-villa-maria\/dia-mundial-del-suelo-salinizacion-una-amenaza-para-la-despensa-mundial\/"},"author":{"name":"Contenidos El Regional","@id":"http:\/\/elregionalvm.com.ar\/noticias-villa-maria\/#\/schema\/person\/a0fb9c422317faca23d50163151bc354"},"headline":"[D\u00eda Mundial del Suelo] Salinizaci\u00f3n: una amenaza para la \u00abdespensa\u00bb mundial","datePublished":"2021-12-05T14:40:05+00:00","dateModified":"2021-12-05T14:40:07+00:00","mainEntityOfPage":{"@id":"http:\/\/elregionalvm.com.ar\/noticias-villa-maria\/dia-mundial-del-suelo-salinizacion-una-amenaza-para-la-despensa-mundial\/"},"wordCount":439,"commentCount":0,"image":{"@id":"http:\/\/elregionalvm.com.ar\/noticias-villa-maria\/dia-mundial-del-suelo-salinizacion-una-amenaza-para-la-despensa-mundial\/#primaryimage"},"thumbnailUrl":"https:\/\/i0.wp.com\/elregionalvm.com.ar\/noticias-villa-maria\/wp-content\/uploads\/2021\/12\/salinizacion-1.jpg?fit=1072%2C491&ssl=1","keywords":["#D\u00edadelSuelo","5 de diciembre","destacado","econotas","efem\u00e9ride","origen de la fecha","salinizaci\u00f3n"],"articleSection":["Econotas"],"inLanguage":"es","potentialAction":[{"@type":"CommentAction","name":"Comment","target":["http:\/\/elregionalvm.com.ar\/noticias-villa-maria\/dia-mundial-del-suelo-salinizacion-una-amenaza-para-la-despensa-mundial\/#respond"]}]},{"@type":"WebPage","@id":"http:\/\/elregionalvm.com.ar\/noticias-villa-maria\/dia-mundial-del-suelo-salinizacion-una-amenaza-para-la-despensa-mundial\/","url":"http:\/\/elregionalvm.com.ar\/noticias-villa-maria\/dia-mundial-del-suelo-salinizacion-una-amenaza-para-la-despensa-mundial\/","name":"[D\u00eda Mundial del Suelo] Salinizaci\u00f3n: una amenaza para la \"despensa\" mundial - El Regional","isPartOf":{"@id":"http:\/\/elregionalvm.com.ar\/noticias-villa-maria\/#website"},"primaryImageOfPage":{"@id":"http:\/\/elregionalvm.com.ar\/noticias-villa-maria\/dia-mundial-del-suelo-salinizacion-una-amenaza-para-la-despensa-mundial\/#primaryimage"},"image":{"@id":"http:\/\/elregionalvm.com.ar\/noticias-villa-maria\/dia-mundial-del-suelo-salinizacion-una-amenaza-para-la-despensa-mundial\/#primaryimage"},"thumbnailUrl":"https:\/\/i0.wp.com\/elregionalvm.com.ar\/noticias-villa-maria\/wp-content\/uploads\/2021\/12\/salinizacion-1.jpg?fit=1072%2C491&ssl=1","datePublished":"2021-12-05T14:40:05+00:00","dateModified":"2021-12-05T14:40:07+00:00","author":{"@id":"http:\/\/elregionalvm.com.ar\/noticias-villa-maria\/#\/schema\/person\/a0fb9c422317faca23d50163151bc354"},"breadcrumb":{"@id":"http:\/\/elregionalvm.com.ar\/noticias-villa-maria\/dia-mundial-del-suelo-salinizacion-una-amenaza-para-la-despensa-mundial\/#breadcrumb"},"inLanguage":"es","potentialAction":[{"@type":"ReadAction","target":["http:\/\/elregionalvm.com.ar\/noticias-villa-maria\/dia-mundial-del-suelo-salinizacion-una-amenaza-para-la-despensa-mundial\/"]}]},{"@type":"ImageObject","inLanguage":"es","@id":"http:\/\/elregionalvm.com.ar\/noticias-villa-maria\/dia-mundial-del-suelo-salinizacion-una-amenaza-para-la-despensa-mundial\/#primaryimage","url":"https:\/\/i0.wp.com\/elregionalvm.com.ar\/noticias-villa-maria\/wp-content\/uploads\/2021\/12\/salinizacion-1.jpg?fit=1072%2C491&ssl=1","contentUrl":"https:\/\/i0.wp.com\/elregionalvm.com.ar\/noticias-villa-maria\/wp-content\/uploads\/2021\/12\/salinizacion-1.jpg?fit=1072%2C491&ssl=1","width":1072,"height":491},{"@type":"BreadcrumbList","@id":"http:\/\/elregionalvm.com.ar\/noticias-villa-maria\/dia-mundial-del-suelo-salinizacion-una-amenaza-para-la-despensa-mundial\/#breadcrumb","itemListElement":[{"@type":"ListItem","position":1,"name":"Portada","item":"https:\/\/elregionalvm.com.ar\/noticias-villa-maria\/"},{"@type":"ListItem","position":2,"name":"[D\u00eda Mundial del Suelo] Salinizaci\u00f3n: una amenaza para la &#8220;despensa&#8221; mundial"}]},{"@type":"WebSite","@id":"http:\/\/elregionalvm.com.ar\/noticias-villa-maria\/#website","url":"http:\/\/elregionalvm.com.ar\/noticias-villa-maria\/","name":"El Regional","description":"Mucho m\u00e1s que informaci\u00f3n","potentialAction":[{"@type":"SearchAction","target":{"@type":"EntryPoint","urlTemplate":"http:\/\/elregionalvm.com.ar\/noticias-villa-maria\/?s={search_term_string}"},"query-input":{"@type":"PropertyValueSpecification","valueRequired":true,"valueName":"search_term_string"}}],"inLanguage":"es"},{"@type":"Person","@id":"http:\/\/elregionalvm.com.ar\/noticias-villa-maria\/#\/schema\/person\/a0fb9c422317faca23d50163151bc354","name":"Contenidos El Regional","image":{"@type":"ImageObject","inLanguage":"es","@id":"http:\/\/elregionalvm.com.ar\/noticias-villa-maria\/#\/schema\/person\/image\/","url":"https:\/\/secure.gravatar.com\/avatar\/265b27cb2209af7bb3a1318f03305787d7981a5cc6e6cd08fe5a4ecdf99d4b48?s=96&d=mm&r=g","contentUrl":"https:\/\/secure.gravatar.com\/avatar\/265b27cb2209af7bb3a1318f03305787d7981a5cc6e6cd08fe5a4ecdf99d4b48?s=96&d=mm&r=g","caption":"Contenidos El Regional"},"url":"https:\/\/elregionalvm.com.ar\/noticias-villa-maria\/author\/contenido\/"}]}},"jetpack_featured_media_url":"https:\/\/i0.wp.com\/elregionalvm.com.ar\/noticias-villa-maria\/wp-content\/uploads\/2021\/12\/salinizacion-1.jpg?fit=1072%2C491&ssl=1","jetpack_sharing_enabled":true,"_links":{"self":[{"href":"https:\/\/elregionalvm.com.ar\/noticias-villa-maria\/wp-json\/wp\/v2\/posts\/49189","targetHints":{"allow":["GET"]}}],"collection":[{"href":"https:\/\/elregionalvm.com.ar\/noticias-villa-maria\/wp-json\/wp\/v2\/posts"}],"about":[{"href":"https:\/\/elregionalvm.com.ar\/noticias-villa-maria\/wp-json\/wp\/v2\/types\/post"}],"author":[{"embeddable":true,"href":"https:\/\/elregionalvm.com.ar\/noticias-villa-maria\/wp-json\/wp\/v2\/users\/4"}],"replies":[{"embeddable":true,"href":"https:\/\/elregionalvm.com.ar\/noticias-villa-maria\/wp-json\/wp\/v2\/comments?post=49189"}],"version-history":[{"count":1,"href":"https:\/\/elregionalvm.com.ar\/noticias-villa-maria\/wp-json\/wp\/v2\/posts\/49189\/revisions"}],"predecessor-version":[{"id":49193,"href":"https:\/\/elregionalvm.com.ar\/noticias-villa-maria\/wp-json\/wp\/v2\/posts\/49189\/revisions\/49193"}],"wp:featuredmedia":[{"embeddable":true,"href":"https:\/\/elregionalvm.com.ar\/noticias-villa-maria\/wp-json\/wp\/v2\/media\/49191"}],"wp:attachment":[{"href":"https:\/\/elregionalvm.com.ar\/noticias-villa-maria\/wp-json\/wp\/v2\/media?parent=49189"}],"wp:term":[{"taxonomy":"category","embeddable":true,"href":"https:\/\/elregionalvm.com.ar\/noticias-villa-maria\/wp-json\/wp\/v2\/categories?post=49189"},{"taxonomy":"post_tag","embeddable":true,"href":"https:\/\/elregionalvm.com.ar\/noticias-villa-maria\/wp-json\/wp\/v2\/tags?post=49189"}],"curies":[{"name":"wp","href":"https:\/\/api.w.org\/{rel}","templated":true}]}}