{"id":49197,"date":"2021-12-05T15:32:40","date_gmt":"2021-12-05T15:32:40","guid":{"rendered":"https:\/\/elregionalvm.com.ar\/noticias-villa-maria\/?p=49197"},"modified":"2021-12-05T15:32:41","modified_gmt":"2021-12-05T15:32:41","slug":"una-villamariense-logro-hacer-podio-en-la-maraton-de-cordoba","status":"publish","type":"post","link":"https:\/\/elregionalvm.com.ar\/noticias-villa-maria\/una-villamariense-logro-hacer-podio-en-la-maraton-de-cordoba\/","title":{"rendered":"Una villamariense logr\u00f3 hacer podio en la Marat\u00f3n de C\u00f3rdoba"},"content":{"rendered":"\n<p>En comunicaci\u00f3n telef\u00f3nica con \u00abEl Regional Diario Digital\u00bb, Ra\u00fal Suppo de la Escuela de Atletismo de Villa Nueva nos confirm\u00f3 que una villamariense, Mar\u00eda de los \u00c1ngeles G\u00f3mez, ha logrado subir al podio en la categor\u00eda 10K, femenino, al lograr la segunda posici\u00f3n. <\/p>\n\n\n\n<p>Nos agreg\u00f3 Suppo que la organizaci\u00f3n del evento atl\u00e9tico ha sido excelente, ponderando cada uno de los puntos organizativos y que ha sido un excelente regreso de la marat\u00f3n a la ciudad de C\u00f3rdoba. <\/p>\n\n\n\n<p>\u00a1Felicitaciones a la atleta villamariense por tan excelente performance!<\/p>\n\n\n\n<p>Conoc\u00e9 a todos los ganadores<\/p>\n\n\n\n<p><strong>5K<\/strong><\/p>\n\n\n\n<p><strong>Masculino:<\/strong><br>1- Tom\u00e1s Roda<\/p>\n\n\n\n<p>2- Carlos Iv\u00e1n Ferreyra<\/p>\n\n\n\n<p>3- Mat\u00edas Leones<\/p>\n\n\n\n<p><strong>Femenino:<\/strong><\/p>\n\n\n\n<p>1- Luciana Fern\u00e1ndez<\/p>\n\n\n\n<p>2- Flavia Melina Sueldo<\/p>\n\n\n\n<p>3- Roc\u00edo Capdevila<\/p>\n\n\n\n<p><strong>10K<\/strong><\/p>\n\n\n\n<p><strong>Masculino:<\/strong><\/p>\n\n\n\n<p>1- Brian Burgos (00:33:51)<\/p>\n\n\n\n<p>2- Edgar Felipe Neri Chavez (00:34:09)<\/p>\n\n\n\n<p>3- Gustavo Mart\u00edn Villafa\u00f1e Flores (00:34:18)<\/p>\n\n\n\n<p><strong>Femenino:<\/strong><\/p>\n\n\n\n<p>1- Eugenia Flores Mart\u00ednez (00:40:12)<\/p>\n\n\n\n<p><strong><em>2- Mar\u00eda de los \u00c1ngeles G\u00f3mez (00:42:03)<\/em><\/strong><\/p>\n\n\n\n<p>3- Ivanna Herrera Loto (00:42:17)<\/p>\n\n\n\n<p><strong>21K<\/strong><\/p>\n\n\n\n<p><strong>Masculino:<\/strong><\/p>\n\n\n\n<p>1- Federico Bruno (01:06:12)<\/p>\n\n\n\n<p>2- Gianfranco Presti (01:08:58)<\/p>\n\n\n\n<p>3- Marcos Delforno (01:10:13)<\/p>\n\n\n\n<p><strong>Femenino:<\/strong><\/p>\n\n\n\n<p>1- Rosa Godoy (01:18:49)<\/p>\n\n\n\n<p>2- Patricia Ponce (01:20:14)<\/p>\n\n\n\n<p>3- Carina Cuevas (01:22:54)<\/p>\n\n\n\n<p><strong>42K<\/strong><\/p>\n\n\n\n<p><strong>Masculino:<\/strong><\/p>\n\n\n\n<p>1- Pedro G\u00f3mez (02:23:44)<\/p>\n\n\n\n<p>2- Elias Acevedo (02:27:17)<\/p>\n\n\n\n<p>3- Bernardo Maldonado (02:31:16)<\/p>\n\n\n\n<p><strong>Femenino:<\/strong><\/p>\n\n\n\n<p>1- Dahyana Ju\u00e1rez (02:49:24)<\/p>\n\n\n\n<p>2- Silvana Marchisio (02:53:50)<\/p>\n\n\n\n<p>3- Claudia R\u00edos (03:12:21)<\/p>\n\n\n\n<p>\u00abEsto super\u00f3 todas las expectativas, con una de las maratones m\u00e1s grandes de Argentina. La organizaci\u00f3n fue espectacular\u00bb, dijo el intendente Mart\u00edn Llaryora, y destac\u00f3 el trabajo conjunto: \u00abCuando trabajamos juntos tirando para el mismo lado, los argentinos podemos\u00bb.<\/p>\n\n\n\n<p><strong>El<\/strong> <strong>dato triste<\/strong><\/p>\n\n\n\n<p>La secretaria de Salud de la Municipalidad de C\u00f3rdoba inform\u00f3 en la ma\u00f1ana de este domingo el fallecimiento de un participante de 58 a\u00f1os, sexo masculino, quien corr\u00eda la categor\u00eda 10 K de la \u00abMarat\u00f3n CBA 42K\u00bb que se desarroll\u00f3 durante esta ma\u00f1ana.<\/p>\n\n\n\n<p>\u00abLa persona tuvo una repentina p\u00e9rdida de conocimiento, siendo observado por personal policial y de Defensa Civil. El participante fue inmediatamente asistido por personal m\u00e9dico del 107, que se encontraba a 200 metros del lugar, observando que la persona ya no ten\u00eda signos vitales\u00bb, confirmaron fuentes municipales a trav\u00e9s de un comunicado que se difundi\u00f3 en horas de la ma\u00f1ana de este domingo.<\/p>\n\n\n\n<p>Seg\u00fan se precis\u00f3, se realiz\u00f3 \u00abla reanimaci\u00f3n cardio pulmonar (RCP) y la colocaci\u00f3n de un desfibrilador autom\u00e1tico\u00bb. El trabajo m\u00e9dico fue reforzado por la ambulancia de alta complejidad que realiz\u00f3 un RCP avanzado, intubaci\u00f3n, canalizaci\u00f3n y medicaci\u00f3n pertinente, \u00absin lograr revertir el cuadro\u00bb, aseveraron las fuentes municipales.<\/p>\n","protected":false},"excerpt":{"rendered":"<p>En comunicaci\u00f3n telef\u00f3nica con \u00abEl Regional Diario Digital\u00bb, Ra\u00fal Suppo de la Escuela de Atletismo de Villa Nueva nos confirm\u00f3 que una villamariense, Mar\u00eda de los \u00c1ngeles G\u00f3mez, ha logrado subir al podio en la categor\u00eda 10K, femenino, al lograr la segunda posici\u00f3n. Nos agreg\u00f3 Suppo que la organizaci\u00f3n del evento atl\u00e9tico ha sido excelente, [&hellip;]<\/p>\n","protected":false},"author":4,"featured_media":49198,"comment_status":"open","ping_status":"open","sticky":false,"template":"","format":"standard","meta":{"site-sidebar-layout":"default","site-content-layout":"default","ast-site-content-layout":"default","site-content-style":"default","site-sidebar-style":"default","ast-global-header-display":"","ast-banner-title-visibility":"","ast-main-header-display":"","ast-hfb-above-header-display":"","ast-hfb-below-header-display":"","ast-hfb-mobile-header-display":"","site-post-title":"","ast-breadcrumbs-content":"","ast-featured-img":"","footer-sml-layout":"","ast-disable-related-posts":"","theme-transparent-header-meta":"default","adv-header-id-meta":"","stick-header-meta":"","header-above-stick-meta":"","header-main-stick-meta":"","header-below-stick-meta":"","astra-migrate-meta-layouts":"default","ast-page-background-enabled":"default","ast-page-background-meta":{"desktop":{"background-color":"","background-image":"","background-repeat":"repeat","background-position":"center center","background-size":"auto","background-attachment":"scroll","background-type":"","background-media":"","overlay-type":"","overlay-color":"","overlay-opacity":"","overlay-gradient":""},"tablet":{"background-color":"","background-image":"","background-repeat":"repeat","background-position":"center center","background-size":"auto","background-attachment":"scroll","background-type":"","background-media":"","overlay-type":"","overlay-color":"","overlay-opacity":"","overlay-gradient":""},"mobile":{"background-color":"","background-image":"","background-repeat":"repeat","background-position":"center center","background-size":"auto","background-attachment":"scroll","background-type":"","background-media":"","overlay-type":"","overlay-color":"","overlay-opacity":"","overlay-gradient":""}},"ast-content-background-meta":{"desktop":{"background-color":"var(--ast-global-color-5)","background-image":"","background-repeat":"repeat","background-position":"center center","background-size":"auto","background-attachment":"scroll","background-type":"","background-media":"","overlay-type":"","overlay-color":"","overlay-opacity":"","overlay-gradient":""},"tablet":{"background-color":"var(--ast-global-color-5)","background-image":"","background-repeat":"repeat","background-position":"center center","background-size":"auto","background-attachment":"scroll","background-type":"","background-media":"","overlay-type":"","overlay-color":"","overlay-opacity":"","overlay-gradient":""},"mobile":{"background-color":"var(--ast-global-color-5)","background-image":"","background-repeat":"repeat","background-position":"center center","background-size":"auto","background-attachment":"scroll","background-type":"","background-media":"","overlay-type":"","overlay-color":"","overlay-opacity":"","overlay-gradient":""}},"_jetpack_memberships_contains_paid_content":false,"_joinchat":[],"footnotes":""},"categories":[2],"tags":[1232,12654,12653,12655,12656],"class_list":["post-49197","post","type-post","status-publish","format-standard","has-post-thumbnail","hentry","category-villa-maria","tag-destacado","tag-distintas-categorias","tag-maraton-de-cordoba","tag-maria-de-los-angeles-gomez-2","tag-segundo-puesto"],"yoast_head":"<!-- This site is optimized with the Yoast SEO plugin v26.8 - https:\/\/yoast.com\/product\/yoast-seo-wordpress\/ -->\n<title>Una villamariense logr\u00f3 hacer podio en la Marat\u00f3n de C\u00f3rdoba - El Regional<\/title>\n<meta name=\"robots\" content=\"index, follow, max-snippet:-1, max-image-preview:large, max-video-preview:-1\" \/>\n<link rel=\"canonical\" href=\"http:\/\/elregionalvm.com.ar\/noticias-villa-maria\/una-villamariense-logro-hacer-podio-en-la-maraton-de-cordoba\/\" \/>\n<meta property=\"og:locale\" content=\"es_ES\" \/>\n<meta property=\"og:type\" content=\"article\" \/>\n<meta property=\"og:title\" content=\"Una villamariense logr\u00f3 hacer podio en la Marat\u00f3n de C\u00f3rdoba - El Regional\" \/>\n<meta property=\"og:description\" content=\"En comunicaci\u00f3n telef\u00f3nica con \u00abEl Regional Diario Digital\u00bb, Ra\u00fal Suppo de la Escuela de Atletismo de Villa Nueva nos confirm\u00f3 que una villamariense, Mar\u00eda de los \u00c1ngeles G\u00f3mez, ha logrado subir al podio en la categor\u00eda 10K, femenino, al lograr la segunda posici\u00f3n. Nos agreg\u00f3 Suppo que la organizaci\u00f3n del evento atl\u00e9tico ha sido excelente, [&hellip;]\" \/>\n<meta property=\"og:url\" content=\"http:\/\/elregionalvm.com.ar\/noticias-villa-maria\/una-villamariense-logro-hacer-podio-en-la-maraton-de-cordoba\/\" \/>\n<meta property=\"og:site_name\" content=\"El Regional\" \/>\n<meta property=\"article:publisher\" content=\"https:\/\/www.facebook.com\/elregionalvm\" \/>\n<meta property=\"article:published_time\" content=\"2021-12-05T15:32:40+00:00\" \/>\n<meta property=\"article:modified_time\" content=\"2021-12-05T15:32:41+00:00\" \/>\n<meta property=\"og:image\" content=\"http:\/\/elregionalvm.com.ar\/noticias-villa-maria\/wp-content\/uploads\/2021\/12\/maraton-cba.jpg\" \/>\n\t<meta property=\"og:image:width\" content=\"760\" \/>\n\t<meta property=\"og:image:height\" content=\"506\" \/>\n\t<meta property=\"og:image:type\" content=\"image\/jpeg\" \/>\n<meta name=\"author\" content=\"Contenidos El Regional\" \/>\n<meta name=\"twitter:card\" content=\"summary_large_image\" \/>\n<meta name=\"twitter:creator\" content=\"@elregionalvm1\" \/>\n<meta name=\"twitter:site\" content=\"@elregionalvm1\" \/>\n<meta name=\"twitter:label1\" content=\"Escrito por\" \/>\n\t<meta name=\"twitter:data1\" content=\"Contenidos El Regional\" \/>\n\t<meta name=\"twitter:label2\" content=\"Tiempo de lectura\" \/>\n\t<meta name=\"twitter:data2\" content=\"2 minutos\" \/>\n<script type=\"application\/ld+json\" class=\"yoast-schema-graph\">{\"@context\":\"https:\/\/schema.org\",\"@graph\":[{\"@type\":\"Article\",\"@id\":\"http:\/\/elregionalvm.com.ar\/noticias-villa-maria\/una-villamariense-logro-hacer-podio-en-la-maraton-de-cordoba\/#article\",\"isPartOf\":{\"@id\":\"http:\/\/elregionalvm.com.ar\/noticias-villa-maria\/una-villamariense-logro-hacer-podio-en-la-maraton-de-cordoba\/\"},\"author\":{\"name\":\"Contenidos El Regional\",\"@id\":\"http:\/\/elregionalvm.com.ar\/noticias-villa-maria\/#\/schema\/person\/a0fb9c422317faca23d50163151bc354\"},\"headline\":\"Una villamariense logr\u00f3 hacer podio en la Marat\u00f3n de C\u00f3rdoba\",\"datePublished\":\"2021-12-05T15:32:40+00:00\",\"dateModified\":\"2021-12-05T15:32:41+00:00\",\"mainEntityOfPage\":{\"@id\":\"http:\/\/elregionalvm.com.ar\/noticias-villa-maria\/una-villamariense-logro-hacer-podio-en-la-maraton-de-cordoba\/\"},\"wordCount\":436,\"commentCount\":0,\"image\":{\"@id\":\"http:\/\/elregionalvm.com.ar\/noticias-villa-maria\/una-villamariense-logro-hacer-podio-en-la-maraton-de-cordoba\/#primaryimage\"},\"thumbnailUrl\":\"https:\/\/i0.wp.com\/elregionalvm.com.ar\/noticias-villa-maria\/wp-content\/uploads\/2021\/12\/maraton-cba.jpg?fit=760%2C506&ssl=1\",\"keywords\":[\"destacado\",\"distintas categor\u00edas\",\"Marat\u00f3n de C\u00f3rdoba\",\"Mar\u00eda de los \u00c1ngeles G\u00f3mez\",\"segundo puesto\"],\"articleSection\":[\"Villa Mar\u00eda\"],\"inLanguage\":\"es\",\"potentialAction\":[{\"@type\":\"CommentAction\",\"name\":\"Comment\",\"target\":[\"http:\/\/elregionalvm.com.ar\/noticias-villa-maria\/una-villamariense-logro-hacer-podio-en-la-maraton-de-cordoba\/#respond\"]}]},{\"@type\":\"WebPage\",\"@id\":\"http:\/\/elregionalvm.com.ar\/noticias-villa-maria\/una-villamariense-logro-hacer-podio-en-la-maraton-de-cordoba\/\",\"url\":\"http:\/\/elregionalvm.com.ar\/noticias-villa-maria\/una-villamariense-logro-hacer-podio-en-la-maraton-de-cordoba\/\",\"name\":\"Una villamariense logr\u00f3 hacer podio en la Marat\u00f3n de C\u00f3rdoba - El Regional\",\"isPartOf\":{\"@id\":\"http:\/\/elregionalvm.com.ar\/noticias-villa-maria\/#website\"},\"primaryImageOfPage\":{\"@id\":\"http:\/\/elregionalvm.com.ar\/noticias-villa-maria\/una-villamariense-logro-hacer-podio-en-la-maraton-de-cordoba\/#primaryimage\"},\"image\":{\"@id\":\"http:\/\/elregionalvm.com.ar\/noticias-villa-maria\/una-villamariense-logro-hacer-podio-en-la-maraton-de-cordoba\/#primaryimage\"},\"thumbnailUrl\":\"https:\/\/i0.wp.com\/elregionalvm.com.ar\/noticias-villa-maria\/wp-content\/uploads\/2021\/12\/maraton-cba.jpg?fit=760%2C506&ssl=1\",\"datePublished\":\"2021-12-05T15:32:40+00:00\",\"dateModified\":\"2021-12-05T15:32:41+00:00\",\"author\":{\"@id\":\"http:\/\/elregionalvm.com.ar\/noticias-villa-maria\/#\/schema\/person\/a0fb9c422317faca23d50163151bc354\"},\"breadcrumb\":{\"@id\":\"http:\/\/elregionalvm.com.ar\/noticias-villa-maria\/una-villamariense-logro-hacer-podio-en-la-maraton-de-cordoba\/#breadcrumb\"},\"inLanguage\":\"es\",\"potentialAction\":[{\"@type\":\"ReadAction\",\"target\":[\"http:\/\/elregionalvm.com.ar\/noticias-villa-maria\/una-villamariense-logro-hacer-podio-en-la-maraton-de-cordoba\/\"]}]},{\"@type\":\"ImageObject\",\"inLanguage\":\"es\",\"@id\":\"http:\/\/elregionalvm.com.ar\/noticias-villa-maria\/una-villamariense-logro-hacer-podio-en-la-maraton-de-cordoba\/#primaryimage\",\"url\":\"https:\/\/i0.wp.com\/elregionalvm.com.ar\/noticias-villa-maria\/wp-content\/uploads\/2021\/12\/maraton-cba.jpg?fit=760%2C506&ssl=1\",\"contentUrl\":\"https:\/\/i0.wp.com\/elregionalvm.com.ar\/noticias-villa-maria\/wp-content\/uploads\/2021\/12\/maraton-cba.jpg?fit=760%2C506&ssl=1\",\"width\":760,\"height\":506},{\"@type\":\"BreadcrumbList\",\"@id\":\"http:\/\/elregionalvm.com.ar\/noticias-villa-maria\/una-villamariense-logro-hacer-podio-en-la-maraton-de-cordoba\/#breadcrumb\",\"itemListElement\":[{\"@type\":\"ListItem\",\"position\":1,\"name\":\"Portada\",\"item\":\"https:\/\/elregionalvm.com.ar\/noticias-villa-maria\/\"},{\"@type\":\"ListItem\",\"position\":2,\"name\":\"Una villamariense logr\u00f3 hacer podio en la Marat\u00f3n de C\u00f3rdoba\"}]},{\"@type\":\"WebSite\",\"@id\":\"http:\/\/elregionalvm.com.ar\/noticias-villa-maria\/#website\",\"url\":\"http:\/\/elregionalvm.com.ar\/noticias-villa-maria\/\",\"name\":\"El Regional\",\"description\":\"Mucho m\u00e1s que informaci\u00f3n\",\"potentialAction\":[{\"@type\":\"SearchAction\",\"target\":{\"@type\":\"EntryPoint\",\"urlTemplate\":\"http:\/\/elregionalvm.com.ar\/noticias-villa-maria\/?s={search_term_string}\"},\"query-input\":{\"@type\":\"PropertyValueSpecification\",\"valueRequired\":true,\"valueName\":\"search_term_string\"}}],\"inLanguage\":\"es\"},{\"@type\":\"Person\",\"@id\":\"http:\/\/elregionalvm.com.ar\/noticias-villa-maria\/#\/schema\/person\/a0fb9c422317faca23d50163151bc354\",\"name\":\"Contenidos El Regional\",\"image\":{\"@type\":\"ImageObject\",\"inLanguage\":\"es\",\"@id\":\"http:\/\/elregionalvm.com.ar\/noticias-villa-maria\/#\/schema\/person\/image\/\",\"url\":\"https:\/\/secure.gravatar.com\/avatar\/265b27cb2209af7bb3a1318f03305787d7981a5cc6e6cd08fe5a4ecdf99d4b48?s=96&d=mm&r=g\",\"contentUrl\":\"https:\/\/secure.gravatar.com\/avatar\/265b27cb2209af7bb3a1318f03305787d7981a5cc6e6cd08fe5a4ecdf99d4b48?s=96&d=mm&r=g\",\"caption\":\"Contenidos El Regional\"},\"url\":\"https:\/\/elregionalvm.com.ar\/noticias-villa-maria\/author\/contenido\/\"}]}<\/script>\n<!-- \/ Yoast SEO plugin. -->","yoast_head_json":{"title":"Una villamariense logr\u00f3 hacer podio en la Marat\u00f3n de C\u00f3rdoba - El Regional","robots":{"index":"index","follow":"follow","max-snippet":"max-snippet:-1","max-image-preview":"max-image-preview:large","max-video-preview":"max-video-preview:-1"},"canonical":"http:\/\/elregionalvm.com.ar\/noticias-villa-maria\/una-villamariense-logro-hacer-podio-en-la-maraton-de-cordoba\/","og_locale":"es_ES","og_type":"article","og_title":"Una villamariense logr\u00f3 hacer podio en la Marat\u00f3n de C\u00f3rdoba - El Regional","og_description":"En comunicaci\u00f3n telef\u00f3nica con \u00abEl Regional Diario Digital\u00bb, Ra\u00fal Suppo de la Escuela de Atletismo de Villa Nueva nos confirm\u00f3 que una villamariense, Mar\u00eda de los \u00c1ngeles G\u00f3mez, ha logrado subir al podio en la categor\u00eda 10K, femenino, al lograr la segunda posici\u00f3n. Nos agreg\u00f3 Suppo que la organizaci\u00f3n del evento atl\u00e9tico ha sido excelente, [&hellip;]","og_url":"http:\/\/elregionalvm.com.ar\/noticias-villa-maria\/una-villamariense-logro-hacer-podio-en-la-maraton-de-cordoba\/","og_site_name":"El Regional","article_publisher":"https:\/\/www.facebook.com\/elregionalvm","article_published_time":"2021-12-05T15:32:40+00:00","article_modified_time":"2021-12-05T15:32:41+00:00","og_image":[{"width":760,"height":506,"url":"http:\/\/elregionalvm.com.ar\/noticias-villa-maria\/wp-content\/uploads\/2021\/12\/maraton-cba.jpg","type":"image\/jpeg"}],"author":"Contenidos El Regional","twitter_card":"summary_large_image","twitter_creator":"@elregionalvm1","twitter_site":"@elregionalvm1","twitter_misc":{"Escrito por":"Contenidos El Regional","Tiempo de lectura":"2 minutos"},"schema":{"@context":"https:\/\/schema.org","@graph":[{"@type":"Article","@id":"http:\/\/elregionalvm.com.ar\/noticias-villa-maria\/una-villamariense-logro-hacer-podio-en-la-maraton-de-cordoba\/#article","isPartOf":{"@id":"http:\/\/elregionalvm.com.ar\/noticias-villa-maria\/una-villamariense-logro-hacer-podio-en-la-maraton-de-cordoba\/"},"author":{"name":"Contenidos El Regional","@id":"http:\/\/elregionalvm.com.ar\/noticias-villa-maria\/#\/schema\/person\/a0fb9c422317faca23d50163151bc354"},"headline":"Una villamariense logr\u00f3 hacer podio en la Marat\u00f3n de C\u00f3rdoba","datePublished":"2021-12-05T15:32:40+00:00","dateModified":"2021-12-05T15:32:41+00:00","mainEntityOfPage":{"@id":"http:\/\/elregionalvm.com.ar\/noticias-villa-maria\/una-villamariense-logro-hacer-podio-en-la-maraton-de-cordoba\/"},"wordCount":436,"commentCount":0,"image":{"@id":"http:\/\/elregionalvm.com.ar\/noticias-villa-maria\/una-villamariense-logro-hacer-podio-en-la-maraton-de-cordoba\/#primaryimage"},"thumbnailUrl":"https:\/\/i0.wp.com\/elregionalvm.com.ar\/noticias-villa-maria\/wp-content\/uploads\/2021\/12\/maraton-cba.jpg?fit=760%2C506&ssl=1","keywords":["destacado","distintas categor\u00edas","Marat\u00f3n de C\u00f3rdoba","Mar\u00eda de los \u00c1ngeles G\u00f3mez","segundo puesto"],"articleSection":["Villa Mar\u00eda"],"inLanguage":"es","potentialAction":[{"@type":"CommentAction","name":"Comment","target":["http:\/\/elregionalvm.com.ar\/noticias-villa-maria\/una-villamariense-logro-hacer-podio-en-la-maraton-de-cordoba\/#respond"]}]},{"@type":"WebPage","@id":"http:\/\/elregionalvm.com.ar\/noticias-villa-maria\/una-villamariense-logro-hacer-podio-en-la-maraton-de-cordoba\/","url":"http:\/\/elregionalvm.com.ar\/noticias-villa-maria\/una-villamariense-logro-hacer-podio-en-la-maraton-de-cordoba\/","name":"Una villamariense logr\u00f3 hacer podio en la Marat\u00f3n de C\u00f3rdoba - El Regional","isPartOf":{"@id":"http:\/\/elregionalvm.com.ar\/noticias-villa-maria\/#website"},"primaryImageOfPage":{"@id":"http:\/\/elregionalvm.com.ar\/noticias-villa-maria\/una-villamariense-logro-hacer-podio-en-la-maraton-de-cordoba\/#primaryimage"},"image":{"@id":"http:\/\/elregionalvm.com.ar\/noticias-villa-maria\/una-villamariense-logro-hacer-podio-en-la-maraton-de-cordoba\/#primaryimage"},"thumbnailUrl":"https:\/\/i0.wp.com\/elregionalvm.com.ar\/noticias-villa-maria\/wp-content\/uploads\/2021\/12\/maraton-cba.jpg?fit=760%2C506&ssl=1","datePublished":"2021-12-05T15:32:40+00:00","dateModified":"2021-12-05T15:32:41+00:00","author":{"@id":"http:\/\/elregionalvm.com.ar\/noticias-villa-maria\/#\/schema\/person\/a0fb9c422317faca23d50163151bc354"},"breadcrumb":{"@id":"http:\/\/elregionalvm.com.ar\/noticias-villa-maria\/una-villamariense-logro-hacer-podio-en-la-maraton-de-cordoba\/#breadcrumb"},"inLanguage":"es","potentialAction":[{"@type":"ReadAction","target":["http:\/\/elregionalvm.com.ar\/noticias-villa-maria\/una-villamariense-logro-hacer-podio-en-la-maraton-de-cordoba\/"]}]},{"@type":"ImageObject","inLanguage":"es","@id":"http:\/\/elregionalvm.com.ar\/noticias-villa-maria\/una-villamariense-logro-hacer-podio-en-la-maraton-de-cordoba\/#primaryimage","url":"https:\/\/i0.wp.com\/elregionalvm.com.ar\/noticias-villa-maria\/wp-content\/uploads\/2021\/12\/maraton-cba.jpg?fit=760%2C506&ssl=1","contentUrl":"https:\/\/i0.wp.com\/elregionalvm.com.ar\/noticias-villa-maria\/wp-content\/uploads\/2021\/12\/maraton-cba.jpg?fit=760%2C506&ssl=1","width":760,"height":506},{"@type":"BreadcrumbList","@id":"http:\/\/elregionalvm.com.ar\/noticias-villa-maria\/una-villamariense-logro-hacer-podio-en-la-maraton-de-cordoba\/#breadcrumb","itemListElement":[{"@type":"ListItem","position":1,"name":"Portada","item":"https:\/\/elregionalvm.com.ar\/noticias-villa-maria\/"},{"@type":"ListItem","position":2,"name":"Una villamariense logr\u00f3 hacer podio en la Marat\u00f3n de C\u00f3rdoba"}]},{"@type":"WebSite","@id":"http:\/\/elregionalvm.com.ar\/noticias-villa-maria\/#website","url":"http:\/\/elregionalvm.com.ar\/noticias-villa-maria\/","name":"El Regional","description":"Mucho m\u00e1s que informaci\u00f3n","potentialAction":[{"@type":"SearchAction","target":{"@type":"EntryPoint","urlTemplate":"http:\/\/elregionalvm.com.ar\/noticias-villa-maria\/?s={search_term_string}"},"query-input":{"@type":"PropertyValueSpecification","valueRequired":true,"valueName":"search_term_string"}}],"inLanguage":"es"},{"@type":"Person","@id":"http:\/\/elregionalvm.com.ar\/noticias-villa-maria\/#\/schema\/person\/a0fb9c422317faca23d50163151bc354","name":"Contenidos El Regional","image":{"@type":"ImageObject","inLanguage":"es","@id":"http:\/\/elregionalvm.com.ar\/noticias-villa-maria\/#\/schema\/person\/image\/","url":"https:\/\/secure.gravatar.com\/avatar\/265b27cb2209af7bb3a1318f03305787d7981a5cc6e6cd08fe5a4ecdf99d4b48?s=96&d=mm&r=g","contentUrl":"https:\/\/secure.gravatar.com\/avatar\/265b27cb2209af7bb3a1318f03305787d7981a5cc6e6cd08fe5a4ecdf99d4b48?s=96&d=mm&r=g","caption":"Contenidos El Regional"},"url":"https:\/\/elregionalvm.com.ar\/noticias-villa-maria\/author\/contenido\/"}]}},"jetpack_featured_media_url":"https:\/\/i0.wp.com\/elregionalvm.com.ar\/noticias-villa-maria\/wp-content\/uploads\/2021\/12\/maraton-cba.jpg?fit=760%2C506&ssl=1","jetpack_sharing_enabled":true,"_links":{"self":[{"href":"https:\/\/elregionalvm.com.ar\/noticias-villa-maria\/wp-json\/wp\/v2\/posts\/49197","targetHints":{"allow":["GET"]}}],"collection":[{"href":"https:\/\/elregionalvm.com.ar\/noticias-villa-maria\/wp-json\/wp\/v2\/posts"}],"about":[{"href":"https:\/\/elregionalvm.com.ar\/noticias-villa-maria\/wp-json\/wp\/v2\/types\/post"}],"author":[{"embeddable":true,"href":"https:\/\/elregionalvm.com.ar\/noticias-villa-maria\/wp-json\/wp\/v2\/users\/4"}],"replies":[{"embeddable":true,"href":"https:\/\/elregionalvm.com.ar\/noticias-villa-maria\/wp-json\/wp\/v2\/comments?post=49197"}],"version-history":[{"count":1,"href":"https:\/\/elregionalvm.com.ar\/noticias-villa-maria\/wp-json\/wp\/v2\/posts\/49197\/revisions"}],"predecessor-version":[{"id":49199,"href":"https:\/\/elregionalvm.com.ar\/noticias-villa-maria\/wp-json\/wp\/v2\/posts\/49197\/revisions\/49199"}],"wp:featuredmedia":[{"embeddable":true,"href":"https:\/\/elregionalvm.com.ar\/noticias-villa-maria\/wp-json\/wp\/v2\/media\/49198"}],"wp:attachment":[{"href":"https:\/\/elregionalvm.com.ar\/noticias-villa-maria\/wp-json\/wp\/v2\/media?parent=49197"}],"wp:term":[{"taxonomy":"category","embeddable":true,"href":"https:\/\/elregionalvm.com.ar\/noticias-villa-maria\/wp-json\/wp\/v2\/categories?post=49197"},{"taxonomy":"post_tag","embeddable":true,"href":"https:\/\/elregionalvm.com.ar\/noticias-villa-maria\/wp-json\/wp\/v2\/tags?post=49197"}],"curies":[{"name":"wp","href":"https:\/\/api.w.org\/{rel}","templated":true}]}}