{"id":49200,"date":"2021-12-05T23:56:29","date_gmt":"2021-12-05T23:56:29","guid":{"rendered":"https:\/\/elregionalvm.com.ar\/noticias-villa-maria\/?p=49200"},"modified":"2021-12-07T03:49:26","modified_gmt":"2021-12-07T03:49:26","slug":"bochazo-en-la-primaria-nacion-aporta-solo-el-5-de-la-inversion-en-educacion-basica","status":"publish","type":"post","link":"https:\/\/elregionalvm.com.ar\/noticias-villa-maria\/bochazo-en-la-primaria-nacion-aporta-solo-el-5-de-la-inversion-en-educacion-basica\/","title":{"rendered":"[Bochazo en la Primaria] Naci\u00f3n aporta s\u00f3lo el 5% de la inversi\u00f3n en educaci\u00f3n b\u00e1sica"},"content":{"rendered":"\n<p><\/p>\n\n\n\n<p><strong>La UNESCO public\u00f3 los resultados de una evaluaci\u00f3n educativa de alumnos de primaria en Latinoam\u00e9rica. El nivel de degradaci\u00f3n de la educaci\u00f3n argentina es frustrante. Imposible revertir este proceso mientras se siga centrando la atenci\u00f3n en el gobierno nacional. Las provincias son las responsables de este servicio.<\/strong><\/p>\n\n\n\n<p><\/p>\n\n\n\n<p><strong>Informe: Idesa<\/strong><\/p>\n\n\n\n<p><\/p>\n\n\n\n<p>Se difundieron los resultados de la evaluaci\u00f3n educativa ERCE 2019 de la UNESCO. Esta evaluaci\u00f3n se aplica a ni\u00f1os en 3\u00b0 y 6\u00b0 grado de primaria en 16 pa\u00edses latinoamericanos. Tomando a los chicos de Argentina de 6\u00b0 grado surge que el 68% no alcanza niveles m\u00ednimos de desempe\u00f1o en lectura, el 87% no lo hace en matem\u00e1tica y el 86% no lo hace en ciencias. Los resultados son muy malos incluso en el contexto latinoamericano.<\/p>\n\n\n\n<p>La evaluaci\u00f3n se hizo en el 2019 de manera que esta camada de chicos entr\u00f3 a la secundaria en el 2020 con enormes d\u00e9ficits de aprendizajes.<\/p>\n\n\n\n<p>Sobre esta situaci\u00f3n se agrega el prolongado cierre de las escuelas por la pandemia por lo que cabe esperar la profundizaci\u00f3n de los d\u00e9ficits. Ya en el 2018, las pruebas PISA arrojaron que el 60% de los j\u00f3venes argentinos en la secundaria no alcanzan los niveles m\u00ednimos de desempe\u00f1o en lectura, matem\u00e1tica y ciencias.<\/p>\n\n\n\n<p>En el 2022 se har\u00e1 la nueva prueba PISA donde se evaluar\u00e1 esta camada evaluada en ERCE. S\u00f3lo cabe esperar resultados catastr\u00f3ficos.<\/p>\n\n\n\n<p>Los funcionarios nacionales plantearon como principal explicaci\u00f3n de tan preocupante fracaso la reducci\u00f3n del gasto nacional en educaci\u00f3n b\u00e1sica que impuls\u00f3 el anterior gobierno. Para evaluar con objetividad si esta es la causa sirve mirar los datos oficiales. Seg\u00fan el Ministerio de Econom\u00eda, en el a\u00f1o 2019 se observa que:<\/p>\n\n\n\n<ul class=\"wp-block-list\"><li>El gasto total en educaci\u00f3n b\u00e1sica fue de 4,5% del PBI.<\/li><li>Los Estados provinciales aportaron el 95% de este gasto.<\/li><li>El Estado nacional contribuy\u00f3 solo el 5% de este gasto.&nbsp;<\/li><\/ul>\n\n\n\n<p>Estos datos muestran que casi la totalidad del presupuesto educativo es aportado y administrado por las provincias.<\/p>\n\n\n\n<p><\/p>\n\n\n\n<figure class=\"wp-block-image\"><img data-recalc-dims=\"1\" decoding=\"async\" src=\"https:\/\/i0.wp.com\/idesa.org\/wp-content\/uploads\/2021\/12\/23.png?ssl=1\" alt=\"\"\/><\/figure>\n\n\n\n<p><\/p>\n\n\n\n<p><\/p>\n\n\n\n<p>La incidencia de las intervenciones nacionales es irrelevante incluso en el 2015 cuando todav\u00eda no hab\u00eda asumido el gobierno anterior. Esto no es una falla.<\/p>\n\n\n\n<p>La Constituci\u00f3n nacional establece en su art\u00edculo 5\u00b0: \u201cCada provincia dictar\u00e1 para s\u00ed una Constituci\u00f3n (\u2026) que asegure su administraci\u00f3n de justicia, su r\u00e9gimen municipal y la educaci\u00f3n primaria\u201d.<\/p>\n\n\n\n<p>En la Constituci\u00f3n nacional, educaci\u00f3n primaria se entiende educaci\u00f3n b\u00e1sica. Entonces, atribuir las razones del fracaso de la educaci\u00f3n b\u00e1sica al gobierno nacional es un grosero y difundido error de diagn\u00f3stico.<\/p>\n\n\n\n<p><strong>Las razones<\/strong><\/p>\n\n\n\n<p>Muchos factores explican el deterioro educativo, pero el m\u00e1s importante es la mala gesti\u00f3n de las provincias. La educaci\u00f3n es el principal componente de los presupuestos provinciales y en un 90% se destina a salarios.<\/p>\n\n\n\n<p>El problema es que se administran de manera arcaica premiando la mediocridad. Los educadores que se comprometen con la formaci\u00f3n de sus alumnos no tienen ning\u00fan reconocimiento.<\/p>\n\n\n\n<p>Esta mala pr\u00e1ctica se repite incluso con el \u201cFondo Nacional de Incentivo Docente\u201d que representa m\u00e1s de la mitad del gasto nacional en educaci\u00f3n b\u00e1sica pero s\u00f3lo el 7% del salario docente.<\/p>\n\n\n\n<p>Este adicional es igual para todos, sin reconocer si el docente est\u00e1 al frente del aula o de licencia indefinida o trabajando con ni\u00f1os pobres que tienen mayores d\u00e9ficits de aprendizajes.<\/p>\n\n\n\n<p>La soluci\u00f3n comienza transformando el actual ministerio nacional en una agencia de acreditaci\u00f3n y evaluaci\u00f3n educativa. Ser\u00eda un ente especializado en la homogeneizaci\u00f3n de t\u00edtulos y contenidos curriculares y de evaluaciones peri\u00f3dicas de aprendizajes de los alumnos y competencias de los docentes de las provincias.<\/p>\n\n\n\n<p>El rol principal del gobierno nacional en educaci\u00f3n es generar y difundir evidencias para que los gobiernos provinciales sientan la presi\u00f3n por mejorar la gesti\u00f3n. Los actuales recursos de la Naci\u00f3n para educaci\u00f3n b\u00e1sica \u2013como el \u201cFondo Nacional de Incentivo Docente\u201d\u2013 deber\u00edan ser transferidos a las provincias y cerrados. Es clave asumir que los programas nacionales s\u00f3lo sirven para justificar burocracia y diluir responsabilidades.<\/p>\n\n\n\n<p>El informe de UNESCO concluye diciendo que la regi\u00f3n est\u00e1 lejos de alcanzar el Objetivo de Desarrollo Sustentable (ODS) 2030. La Argentina est\u00e1 entre los pa\u00edses incumplidores. No se saldr\u00e1 de la crisis declamando objetivos voluntaristas e inconducentes.<\/p>\n\n\n\n<p>Para revertir la situaci\u00f3n se necesita abordar un ordenamiento integral del sistema educativo que tome como eje las responsabilidades de las provincias que fija la Constituci\u00f3n.<\/p>\n","protected":false},"excerpt":{"rendered":"<p>La UNESCO public\u00f3 los resultados de una evaluaci\u00f3n educativa de alumnos de primaria en Latinoam\u00e9rica. El nivel de degradaci\u00f3n de la educaci\u00f3n argentina es frustrante. Imposible revertir este proceso mientras se siga centrando la atenci\u00f3n en el gobierno nacional. Las provincias son las responsables de este servicio. Informe: Idesa Se difundieron los resultados de la [&hellip;]<\/p>\n","protected":false},"author":4,"featured_media":46734,"comment_status":"open","ping_status":"open","sticky":false,"template":"","format":"standard","meta":{"site-sidebar-layout":"default","site-content-layout":"default","ast-site-content-layout":"default","site-content-style":"default","site-sidebar-style":"default","ast-global-header-display":"","ast-banner-title-visibility":"","ast-main-header-display":"","ast-hfb-above-header-display":"","ast-hfb-below-header-display":"","ast-hfb-mobile-header-display":"","site-post-title":"","ast-breadcrumbs-content":"","ast-featured-img":"","footer-sml-layout":"","ast-disable-related-posts":"","theme-transparent-header-meta":"default","adv-header-id-meta":"","stick-header-meta":"","header-above-stick-meta":"","header-main-stick-meta":"","header-below-stick-meta":"","astra-migrate-meta-layouts":"default","ast-page-background-enabled":"default","ast-page-background-meta":{"desktop":{"background-color":"","background-image":"","background-repeat":"repeat","background-position":"center center","background-size":"auto","background-attachment":"scroll","background-type":"","background-media":"","overlay-type":"","overlay-color":"","overlay-opacity":"","overlay-gradient":""},"tablet":{"background-color":"","background-image":"","background-repeat":"repeat","background-position":"center center","background-size":"auto","background-attachment":"scroll","background-type":"","background-media":"","overlay-type":"","overlay-color":"","overlay-opacity":"","overlay-gradient":""},"mobile":{"background-color":"","background-image":"","background-repeat":"repeat","background-position":"center center","background-size":"auto","background-attachment":"scroll","background-type":"","background-media":"","overlay-type":"","overlay-color":"","overlay-opacity":"","overlay-gradient":""}},"ast-content-background-meta":{"desktop":{"background-color":"var(--ast-global-color-5)","background-image":"","background-repeat":"repeat","background-position":"center center","background-size":"auto","background-attachment":"scroll","background-type":"","background-media":"","overlay-type":"","overlay-color":"","overlay-opacity":"","overlay-gradient":""},"tablet":{"background-color":"var(--ast-global-color-5)","background-image":"","background-repeat":"repeat","background-position":"center center","background-size":"auto","background-attachment":"scroll","background-type":"","background-media":"","overlay-type":"","overlay-color":"","overlay-opacity":"","overlay-gradient":""},"mobile":{"background-color":"var(--ast-global-color-5)","background-image":"","background-repeat":"repeat","background-position":"center center","background-size":"auto","background-attachment":"scroll","background-type":"","background-media":"","overlay-type":"","overlay-color":"","overlay-opacity":"","overlay-gradient":""}},"_jetpack_memberships_contains_paid_content":false,"_joinchat":[],"footnotes":""},"categories":[365,3557],"tags":[2008,12657,4973,8438,12658,12660,6686,3041,9891,6618,12659],"class_list":["post-49200","post","type-post","status-publish","format-standard","has-post-thumbnail","hentry","category-opinion","category-tercera","tag-docentes","tag-educacion-basica","tag-escuela-primaria","tag-evaluacion","tag-fracaso-escolar","tag-gestion-educativa","tag-inversion","tag-nacion","tag-provincias","tag-prueba-pisa","tag-pruebas-internacionales"],"yoast_head":"<!-- This site is optimized with the Yoast SEO plugin v26.8 - https:\/\/yoast.com\/product\/yoast-seo-wordpress\/ -->\n<title>[Bochazo en la Primaria] Naci\u00f3n aporta s\u00f3lo el 5% de la inversi\u00f3n en educaci\u00f3n b\u00e1sica - El Regional<\/title>\n<meta name=\"description\" content=\"Los datos muestran que casi la totalidad del presupuesto educativo es aportado y administrado por las provincias.\" \/>\n<meta name=\"robots\" content=\"index, follow, max-snippet:-1, max-image-preview:large, max-video-preview:-1\" \/>\n<link rel=\"canonical\" href=\"http:\/\/elregionalvm.com.ar\/noticias-villa-maria\/bochazo-en-la-primaria-nacion-aporta-solo-el-5-de-la-inversion-en-educacion-basica\/\" \/>\n<meta property=\"og:locale\" content=\"es_ES\" \/>\n<meta property=\"og:type\" content=\"article\" \/>\n<meta property=\"og:title\" content=\"[Bochazo en la Primaria] Naci\u00f3n aporta s\u00f3lo el 5% de la inversi\u00f3n en educaci\u00f3n b\u00e1sica - El Regional\" \/>\n<meta property=\"og:description\" content=\"Los datos muestran que casi la totalidad del presupuesto educativo es aportado y administrado por las provincias.\" \/>\n<meta property=\"og:url\" content=\"http:\/\/elregionalvm.com.ar\/noticias-villa-maria\/bochazo-en-la-primaria-nacion-aporta-solo-el-5-de-la-inversion-en-educacion-basica\/\" \/>\n<meta property=\"og:site_name\" content=\"El Regional\" \/>\n<meta property=\"article:publisher\" content=\"https:\/\/www.facebook.com\/elregionalvm\" \/>\n<meta property=\"article:published_time\" content=\"2021-12-05T23:56:29+00:00\" \/>\n<meta property=\"article:modified_time\" content=\"2021-12-07T03:49:26+00:00\" \/>\n<meta property=\"og:image\" content=\"http:\/\/elregionalvm.com.ar\/noticias-villa-maria\/wp-content\/uploads\/2021\/10\/Clases-primaria.jpg\" \/>\n\t<meta property=\"og:image:width\" content=\"1200\" \/>\n\t<meta property=\"og:image:height\" content=\"696\" \/>\n\t<meta property=\"og:image:type\" content=\"image\/jpeg\" \/>\n<meta name=\"author\" content=\"Contenidos El Regional\" \/>\n<meta name=\"twitter:card\" content=\"summary_large_image\" \/>\n<meta name=\"twitter:creator\" content=\"@elregionalvm1\" \/>\n<meta name=\"twitter:site\" content=\"@elregionalvm1\" \/>\n<meta name=\"twitter:label1\" content=\"Escrito por\" \/>\n\t<meta name=\"twitter:data1\" content=\"Contenidos El Regional\" \/>\n\t<meta name=\"twitter:label2\" content=\"Tiempo de lectura\" \/>\n\t<meta name=\"twitter:data2\" content=\"4 minutos\" \/>\n<script type=\"application\/ld+json\" class=\"yoast-schema-graph\">{\"@context\":\"https:\/\/schema.org\",\"@graph\":[{\"@type\":\"Article\",\"@id\":\"http:\/\/elregionalvm.com.ar\/noticias-villa-maria\/bochazo-en-la-primaria-nacion-aporta-solo-el-5-de-la-inversion-en-educacion-basica\/#article\",\"isPartOf\":{\"@id\":\"http:\/\/elregionalvm.com.ar\/noticias-villa-maria\/bochazo-en-la-primaria-nacion-aporta-solo-el-5-de-la-inversion-en-educacion-basica\/\"},\"author\":{\"name\":\"Contenidos El Regional\",\"@id\":\"http:\/\/elregionalvm.com.ar\/noticias-villa-maria\/#\/schema\/person\/a0fb9c422317faca23d50163151bc354\"},\"headline\":\"[Bochazo en la Primaria] Naci\u00f3n aporta s\u00f3lo el 5% de la inversi\u00f3n en educaci\u00f3n b\u00e1sica\",\"datePublished\":\"2021-12-05T23:56:29+00:00\",\"dateModified\":\"2021-12-07T03:49:26+00:00\",\"mainEntityOfPage\":{\"@id\":\"http:\/\/elregionalvm.com.ar\/noticias-villa-maria\/bochazo-en-la-primaria-nacion-aporta-solo-el-5-de-la-inversion-en-educacion-basica\/\"},\"wordCount\":784,\"commentCount\":0,\"image\":{\"@id\":\"http:\/\/elregionalvm.com.ar\/noticias-villa-maria\/bochazo-en-la-primaria-nacion-aporta-solo-el-5-de-la-inversion-en-educacion-basica\/#primaryimage\"},\"thumbnailUrl\":\"https:\/\/i0.wp.com\/elregionalvm.com.ar\/noticias-villa-maria\/wp-content\/uploads\/2021\/10\/Clases-primaria.jpg?fit=1200%2C696&ssl=1\",\"keywords\":[\"docentes\",\"educaci\u00f3n b\u00e1sica\",\"Escuela primaria\",\"evaluaci\u00f3n\",\"fracaso escolar\",\"gesti\u00f3n educativa\",\"Inversi\u00f3n\",\"Naci\u00f3n\",\"Provincias\",\"Prueba Pisa\",\"pruebas internacionales\"],\"articleSection\":[\"Opini\u00f3n\",\"tercera\"],\"inLanguage\":\"es\",\"potentialAction\":[{\"@type\":\"CommentAction\",\"name\":\"Comment\",\"target\":[\"http:\/\/elregionalvm.com.ar\/noticias-villa-maria\/bochazo-en-la-primaria-nacion-aporta-solo-el-5-de-la-inversion-en-educacion-basica\/#respond\"]}]},{\"@type\":\"WebPage\",\"@id\":\"http:\/\/elregionalvm.com.ar\/noticias-villa-maria\/bochazo-en-la-primaria-nacion-aporta-solo-el-5-de-la-inversion-en-educacion-basica\/\",\"url\":\"http:\/\/elregionalvm.com.ar\/noticias-villa-maria\/bochazo-en-la-primaria-nacion-aporta-solo-el-5-de-la-inversion-en-educacion-basica\/\",\"name\":\"[Bochazo en la Primaria] Naci\u00f3n aporta s\u00f3lo el 5% de la inversi\u00f3n en educaci\u00f3n b\u00e1sica - El Regional\",\"isPartOf\":{\"@id\":\"http:\/\/elregionalvm.com.ar\/noticias-villa-maria\/#website\"},\"primaryImageOfPage\":{\"@id\":\"http:\/\/elregionalvm.com.ar\/noticias-villa-maria\/bochazo-en-la-primaria-nacion-aporta-solo-el-5-de-la-inversion-en-educacion-basica\/#primaryimage\"},\"image\":{\"@id\":\"http:\/\/elregionalvm.com.ar\/noticias-villa-maria\/bochazo-en-la-primaria-nacion-aporta-solo-el-5-de-la-inversion-en-educacion-basica\/#primaryimage\"},\"thumbnailUrl\":\"https:\/\/i0.wp.com\/elregionalvm.com.ar\/noticias-villa-maria\/wp-content\/uploads\/2021\/10\/Clases-primaria.jpg?fit=1200%2C696&ssl=1\",\"datePublished\":\"2021-12-05T23:56:29+00:00\",\"dateModified\":\"2021-12-07T03:49:26+00:00\",\"author\":{\"@id\":\"http:\/\/elregionalvm.com.ar\/noticias-villa-maria\/#\/schema\/person\/a0fb9c422317faca23d50163151bc354\"},\"description\":\"Los datos muestran que casi la totalidad del presupuesto educativo es aportado y administrado por las provincias.\",\"breadcrumb\":{\"@id\":\"http:\/\/elregionalvm.com.ar\/noticias-villa-maria\/bochazo-en-la-primaria-nacion-aporta-solo-el-5-de-la-inversion-en-educacion-basica\/#breadcrumb\"},\"inLanguage\":\"es\",\"potentialAction\":[{\"@type\":\"ReadAction\",\"target\":[\"http:\/\/elregionalvm.com.ar\/noticias-villa-maria\/bochazo-en-la-primaria-nacion-aporta-solo-el-5-de-la-inversion-en-educacion-basica\/\"]}]},{\"@type\":\"ImageObject\",\"inLanguage\":\"es\",\"@id\":\"http:\/\/elregionalvm.com.ar\/noticias-villa-maria\/bochazo-en-la-primaria-nacion-aporta-solo-el-5-de-la-inversion-en-educacion-basica\/#primaryimage\",\"url\":\"https:\/\/i0.wp.com\/elregionalvm.com.ar\/noticias-villa-maria\/wp-content\/uploads\/2021\/10\/Clases-primaria.jpg?fit=1200%2C696&ssl=1\",\"contentUrl\":\"https:\/\/i0.wp.com\/elregionalvm.com.ar\/noticias-villa-maria\/wp-content\/uploads\/2021\/10\/Clases-primaria.jpg?fit=1200%2C696&ssl=1\",\"width\":1200,\"height\":696},{\"@type\":\"BreadcrumbList\",\"@id\":\"http:\/\/elregionalvm.com.ar\/noticias-villa-maria\/bochazo-en-la-primaria-nacion-aporta-solo-el-5-de-la-inversion-en-educacion-basica\/#breadcrumb\",\"itemListElement\":[{\"@type\":\"ListItem\",\"position\":1,\"name\":\"Portada\",\"item\":\"https:\/\/elregionalvm.com.ar\/noticias-villa-maria\/\"},{\"@type\":\"ListItem\",\"position\":2,\"name\":\"[Bochazo en la Primaria] Naci\u00f3n aporta s\u00f3lo el 5% de la inversi\u00f3n en educaci\u00f3n b\u00e1sica\"}]},{\"@type\":\"WebSite\",\"@id\":\"http:\/\/elregionalvm.com.ar\/noticias-villa-maria\/#website\",\"url\":\"http:\/\/elregionalvm.com.ar\/noticias-villa-maria\/\",\"name\":\"El Regional\",\"description\":\"Mucho m\u00e1s que informaci\u00f3n\",\"potentialAction\":[{\"@type\":\"SearchAction\",\"target\":{\"@type\":\"EntryPoint\",\"urlTemplate\":\"http:\/\/elregionalvm.com.ar\/noticias-villa-maria\/?s={search_term_string}\"},\"query-input\":{\"@type\":\"PropertyValueSpecification\",\"valueRequired\":true,\"valueName\":\"search_term_string\"}}],\"inLanguage\":\"es\"},{\"@type\":\"Person\",\"@id\":\"http:\/\/elregionalvm.com.ar\/noticias-villa-maria\/#\/schema\/person\/a0fb9c422317faca23d50163151bc354\",\"name\":\"Contenidos El Regional\",\"image\":{\"@type\":\"ImageObject\",\"inLanguage\":\"es\",\"@id\":\"http:\/\/elregionalvm.com.ar\/noticias-villa-maria\/#\/schema\/person\/image\/\",\"url\":\"https:\/\/secure.gravatar.com\/avatar\/265b27cb2209af7bb3a1318f03305787d7981a5cc6e6cd08fe5a4ecdf99d4b48?s=96&d=mm&r=g\",\"contentUrl\":\"https:\/\/secure.gravatar.com\/avatar\/265b27cb2209af7bb3a1318f03305787d7981a5cc6e6cd08fe5a4ecdf99d4b48?s=96&d=mm&r=g\",\"caption\":\"Contenidos El Regional\"},\"url\":\"https:\/\/elregionalvm.com.ar\/noticias-villa-maria\/author\/contenido\/\"}]}<\/script>\n<!-- \/ Yoast SEO plugin. -->","yoast_head_json":{"title":"[Bochazo en la Primaria] Naci\u00f3n aporta s\u00f3lo el 5% de la inversi\u00f3n en educaci\u00f3n b\u00e1sica - El Regional","description":"Los datos muestran que casi la totalidad del presupuesto educativo es aportado y administrado por las provincias.","robots":{"index":"index","follow":"follow","max-snippet":"max-snippet:-1","max-image-preview":"max-image-preview:large","max-video-preview":"max-video-preview:-1"},"canonical":"http:\/\/elregionalvm.com.ar\/noticias-villa-maria\/bochazo-en-la-primaria-nacion-aporta-solo-el-5-de-la-inversion-en-educacion-basica\/","og_locale":"es_ES","og_type":"article","og_title":"[Bochazo en la Primaria] Naci\u00f3n aporta s\u00f3lo el 5% de la inversi\u00f3n en educaci\u00f3n b\u00e1sica - El Regional","og_description":"Los datos muestran que casi la totalidad del presupuesto educativo es aportado y administrado por las provincias.","og_url":"http:\/\/elregionalvm.com.ar\/noticias-villa-maria\/bochazo-en-la-primaria-nacion-aporta-solo-el-5-de-la-inversion-en-educacion-basica\/","og_site_name":"El Regional","article_publisher":"https:\/\/www.facebook.com\/elregionalvm","article_published_time":"2021-12-05T23:56:29+00:00","article_modified_time":"2021-12-07T03:49:26+00:00","og_image":[{"width":1200,"height":696,"url":"http:\/\/elregionalvm.com.ar\/noticias-villa-maria\/wp-content\/uploads\/2021\/10\/Clases-primaria.jpg","type":"image\/jpeg"}],"author":"Contenidos El Regional","twitter_card":"summary_large_image","twitter_creator":"@elregionalvm1","twitter_site":"@elregionalvm1","twitter_misc":{"Escrito por":"Contenidos El Regional","Tiempo de lectura":"4 minutos"},"schema":{"@context":"https:\/\/schema.org","@graph":[{"@type":"Article","@id":"http:\/\/elregionalvm.com.ar\/noticias-villa-maria\/bochazo-en-la-primaria-nacion-aporta-solo-el-5-de-la-inversion-en-educacion-basica\/#article","isPartOf":{"@id":"http:\/\/elregionalvm.com.ar\/noticias-villa-maria\/bochazo-en-la-primaria-nacion-aporta-solo-el-5-de-la-inversion-en-educacion-basica\/"},"author":{"name":"Contenidos El Regional","@id":"http:\/\/elregionalvm.com.ar\/noticias-villa-maria\/#\/schema\/person\/a0fb9c422317faca23d50163151bc354"},"headline":"[Bochazo en la Primaria] Naci\u00f3n aporta s\u00f3lo el 5% de la inversi\u00f3n en educaci\u00f3n b\u00e1sica","datePublished":"2021-12-05T23:56:29+00:00","dateModified":"2021-12-07T03:49:26+00:00","mainEntityOfPage":{"@id":"http:\/\/elregionalvm.com.ar\/noticias-villa-maria\/bochazo-en-la-primaria-nacion-aporta-solo-el-5-de-la-inversion-en-educacion-basica\/"},"wordCount":784,"commentCount":0,"image":{"@id":"http:\/\/elregionalvm.com.ar\/noticias-villa-maria\/bochazo-en-la-primaria-nacion-aporta-solo-el-5-de-la-inversion-en-educacion-basica\/#primaryimage"},"thumbnailUrl":"https:\/\/i0.wp.com\/elregionalvm.com.ar\/noticias-villa-maria\/wp-content\/uploads\/2021\/10\/Clases-primaria.jpg?fit=1200%2C696&ssl=1","keywords":["docentes","educaci\u00f3n b\u00e1sica","Escuela primaria","evaluaci\u00f3n","fracaso escolar","gesti\u00f3n educativa","Inversi\u00f3n","Naci\u00f3n","Provincias","Prueba Pisa","pruebas internacionales"],"articleSection":["Opini\u00f3n","tercera"],"inLanguage":"es","potentialAction":[{"@type":"CommentAction","name":"Comment","target":["http:\/\/elregionalvm.com.ar\/noticias-villa-maria\/bochazo-en-la-primaria-nacion-aporta-solo-el-5-de-la-inversion-en-educacion-basica\/#respond"]}]},{"@type":"WebPage","@id":"http:\/\/elregionalvm.com.ar\/noticias-villa-maria\/bochazo-en-la-primaria-nacion-aporta-solo-el-5-de-la-inversion-en-educacion-basica\/","url":"http:\/\/elregionalvm.com.ar\/noticias-villa-maria\/bochazo-en-la-primaria-nacion-aporta-solo-el-5-de-la-inversion-en-educacion-basica\/","name":"[Bochazo en la Primaria] Naci\u00f3n aporta s\u00f3lo el 5% de la inversi\u00f3n en educaci\u00f3n b\u00e1sica - El Regional","isPartOf":{"@id":"http:\/\/elregionalvm.com.ar\/noticias-villa-maria\/#website"},"primaryImageOfPage":{"@id":"http:\/\/elregionalvm.com.ar\/noticias-villa-maria\/bochazo-en-la-primaria-nacion-aporta-solo-el-5-de-la-inversion-en-educacion-basica\/#primaryimage"},"image":{"@id":"http:\/\/elregionalvm.com.ar\/noticias-villa-maria\/bochazo-en-la-primaria-nacion-aporta-solo-el-5-de-la-inversion-en-educacion-basica\/#primaryimage"},"thumbnailUrl":"https:\/\/i0.wp.com\/elregionalvm.com.ar\/noticias-villa-maria\/wp-content\/uploads\/2021\/10\/Clases-primaria.jpg?fit=1200%2C696&ssl=1","datePublished":"2021-12-05T23:56:29+00:00","dateModified":"2021-12-07T03:49:26+00:00","author":{"@id":"http:\/\/elregionalvm.com.ar\/noticias-villa-maria\/#\/schema\/person\/a0fb9c422317faca23d50163151bc354"},"description":"Los datos muestran que casi la totalidad del presupuesto educativo es aportado y administrado por las provincias.","breadcrumb":{"@id":"http:\/\/elregionalvm.com.ar\/noticias-villa-maria\/bochazo-en-la-primaria-nacion-aporta-solo-el-5-de-la-inversion-en-educacion-basica\/#breadcrumb"},"inLanguage":"es","potentialAction":[{"@type":"ReadAction","target":["http:\/\/elregionalvm.com.ar\/noticias-villa-maria\/bochazo-en-la-primaria-nacion-aporta-solo-el-5-de-la-inversion-en-educacion-basica\/"]}]},{"@type":"ImageObject","inLanguage":"es","@id":"http:\/\/elregionalvm.com.ar\/noticias-villa-maria\/bochazo-en-la-primaria-nacion-aporta-solo-el-5-de-la-inversion-en-educacion-basica\/#primaryimage","url":"https:\/\/i0.wp.com\/elregionalvm.com.ar\/noticias-villa-maria\/wp-content\/uploads\/2021\/10\/Clases-primaria.jpg?fit=1200%2C696&ssl=1","contentUrl":"https:\/\/i0.wp.com\/elregionalvm.com.ar\/noticias-villa-maria\/wp-content\/uploads\/2021\/10\/Clases-primaria.jpg?fit=1200%2C696&ssl=1","width":1200,"height":696},{"@type":"BreadcrumbList","@id":"http:\/\/elregionalvm.com.ar\/noticias-villa-maria\/bochazo-en-la-primaria-nacion-aporta-solo-el-5-de-la-inversion-en-educacion-basica\/#breadcrumb","itemListElement":[{"@type":"ListItem","position":1,"name":"Portada","item":"https:\/\/elregionalvm.com.ar\/noticias-villa-maria\/"},{"@type":"ListItem","position":2,"name":"[Bochazo en la Primaria] Naci\u00f3n aporta s\u00f3lo el 5% de la inversi\u00f3n en educaci\u00f3n b\u00e1sica"}]},{"@type":"WebSite","@id":"http:\/\/elregionalvm.com.ar\/noticias-villa-maria\/#website","url":"http:\/\/elregionalvm.com.ar\/noticias-villa-maria\/","name":"El Regional","description":"Mucho m\u00e1s que informaci\u00f3n","potentialAction":[{"@type":"SearchAction","target":{"@type":"EntryPoint","urlTemplate":"http:\/\/elregionalvm.com.ar\/noticias-villa-maria\/?s={search_term_string}"},"query-input":{"@type":"PropertyValueSpecification","valueRequired":true,"valueName":"search_term_string"}}],"inLanguage":"es"},{"@type":"Person","@id":"http:\/\/elregionalvm.com.ar\/noticias-villa-maria\/#\/schema\/person\/a0fb9c422317faca23d50163151bc354","name":"Contenidos El Regional","image":{"@type":"ImageObject","inLanguage":"es","@id":"http:\/\/elregionalvm.com.ar\/noticias-villa-maria\/#\/schema\/person\/image\/","url":"https:\/\/secure.gravatar.com\/avatar\/265b27cb2209af7bb3a1318f03305787d7981a5cc6e6cd08fe5a4ecdf99d4b48?s=96&d=mm&r=g","contentUrl":"https:\/\/secure.gravatar.com\/avatar\/265b27cb2209af7bb3a1318f03305787d7981a5cc6e6cd08fe5a4ecdf99d4b48?s=96&d=mm&r=g","caption":"Contenidos El Regional"},"url":"https:\/\/elregionalvm.com.ar\/noticias-villa-maria\/author\/contenido\/"}]}},"jetpack_featured_media_url":"https:\/\/i0.wp.com\/elregionalvm.com.ar\/noticias-villa-maria\/wp-content\/uploads\/2021\/10\/Clases-primaria.jpg?fit=1200%2C696&ssl=1","jetpack_sharing_enabled":true,"_links":{"self":[{"href":"https:\/\/elregionalvm.com.ar\/noticias-villa-maria\/wp-json\/wp\/v2\/posts\/49200","targetHints":{"allow":["GET"]}}],"collection":[{"href":"https:\/\/elregionalvm.com.ar\/noticias-villa-maria\/wp-json\/wp\/v2\/posts"}],"about":[{"href":"https:\/\/elregionalvm.com.ar\/noticias-villa-maria\/wp-json\/wp\/v2\/types\/post"}],"author":[{"embeddable":true,"href":"https:\/\/elregionalvm.com.ar\/noticias-villa-maria\/wp-json\/wp\/v2\/users\/4"}],"replies":[{"embeddable":true,"href":"https:\/\/elregionalvm.com.ar\/noticias-villa-maria\/wp-json\/wp\/v2\/comments?post=49200"}],"version-history":[{"count":1,"href":"https:\/\/elregionalvm.com.ar\/noticias-villa-maria\/wp-json\/wp\/v2\/posts\/49200\/revisions"}],"predecessor-version":[{"id":49201,"href":"https:\/\/elregionalvm.com.ar\/noticias-villa-maria\/wp-json\/wp\/v2\/posts\/49200\/revisions\/49201"}],"wp:featuredmedia":[{"embeddable":true,"href":"https:\/\/elregionalvm.com.ar\/noticias-villa-maria\/wp-json\/wp\/v2\/media\/46734"}],"wp:attachment":[{"href":"https:\/\/elregionalvm.com.ar\/noticias-villa-maria\/wp-json\/wp\/v2\/media?parent=49200"}],"wp:term":[{"taxonomy":"category","embeddable":true,"href":"https:\/\/elregionalvm.com.ar\/noticias-villa-maria\/wp-json\/wp\/v2\/categories?post=49200"},{"taxonomy":"post_tag","embeddable":true,"href":"https:\/\/elregionalvm.com.ar\/noticias-villa-maria\/wp-json\/wp\/v2\/tags?post=49200"}],"curies":[{"name":"wp","href":"https:\/\/api.w.org\/{rel}","templated":true}]}}