{"id":49258,"date":"2021-12-07T00:38:29","date_gmt":"2021-12-07T00:38:29","guid":{"rendered":"https:\/\/elregionalvm.com.ar\/noticias-villa-maria\/?p=49258"},"modified":"2021-12-07T00:38:30","modified_gmt":"2021-12-07T00:38:30","slug":"detuvieron-al-presunto-responsable-de-quemar-una-moto","status":"publish","type":"post","link":"https:\/\/elregionalvm.com.ar\/noticias-villa-maria\/detuvieron-al-presunto-responsable-de-quemar-una-moto\/","title":{"rendered":"Detuvieron al presunto responsable de quemar una moto"},"content":{"rendered":"\n<p>Aproximadamente a las 19:40 horas, personal de la patrulla preventiva, en la intersecci\u00f3n de calles La Quiaca y Rawson detuvieron a un hombre de 26 a\u00f1os, por supuesto autor de los delitos de \u201crobo calificado\u201d y \u201cda\u00f1o\u201d.<\/p>\n\n\n\n<p>De acuerdo a lo solicitado por la Fiscal\u00eda de Instrucci\u00f3n de turno la detenci\u00f3n est\u00e1 relacionada con un hecho sucedido el pasado 4 de noviembre, en ocasi\u00f3n de que fuera sustra\u00edda una motocicleta desde la v\u00eda p\u00fablica en el conocido como el sector del Gaucho, y que seguidamente fuera quemada, hecho por el que result\u00f3 damnificada una mujer de 35 a\u00f1os de edad. <\/p>\n\n\n\n<p><strong>Villa Mar\u00eda:  detenci\u00f3n por el delito de \u201camenazas calificadas\u201d<\/strong><\/p>\n\n\n\n<p>Durante la jornada de este lunes, alrededor de las 14:30, personal de la Divisi\u00f3n Investigaciones, materializ\u00f3 la detenci\u00f3n de un hombre de 41 a\u00f1os de edad por supuesto autor del delito de \u201camenazas calificadas\u201d en el marco de violencia familiar, solicitado por la Fiscal\u00eda de Instrucci\u00f3n de tercer turno a cargo del Dr. Ren\u00e9 Bosio. <\/p>\n\n\n\n<p>Lo actuado responde a una denuncia formulada en la misma sede judicial por parte de la ex pareja, una mujer de 34 a\u00f1os de edad.<\/p>\n\n\n\n<figure class=\"wp-block-image size-full\"><img data-recalc-dims=\"1\" fetchpriority=\"high\" decoding=\"async\" width=\"792\" height=\"720\" src=\"https:\/\/i0.wp.com\/elregionalvm.com.ar\/noticias-villa-maria\/wp-content\/uploads\/2021\/12\/WhatsApp-Image-2021-12-06-at-20.00.35.jpeg?resize=792%2C720&#038;ssl=1\" alt=\"\" class=\"wp-image-49260\" srcset=\"https:\/\/i0.wp.com\/elregionalvm.com.ar\/noticias-villa-maria\/wp-content\/uploads\/2021\/12\/WhatsApp-Image-2021-12-06-at-20.00.35.jpeg?w=792&amp;ssl=1 792w, https:\/\/i0.wp.com\/elregionalvm.com.ar\/noticias-villa-maria\/wp-content\/uploads\/2021\/12\/WhatsApp-Image-2021-12-06-at-20.00.35.jpeg?resize=300%2C273&amp;ssl=1 300w, https:\/\/i0.wp.com\/elregionalvm.com.ar\/noticias-villa-maria\/wp-content\/uploads\/2021\/12\/WhatsApp-Image-2021-12-06-at-20.00.35.jpeg?resize=768%2C698&amp;ssl=1 768w\" sizes=\"(max-width: 792px) 100vw, 792px\" \/><\/figure>\n","protected":false},"excerpt":{"rendered":"<p>Aproximadamente a las 19:40 horas, personal de la patrulla preventiva, en la intersecci\u00f3n de calles La Quiaca y Rawson detuvieron a un hombre de 26 a\u00f1os, por supuesto autor de los delitos de \u201crobo calificado\u201d y \u201cda\u00f1o\u201d. De acuerdo a lo solicitado por la Fiscal\u00eda de Instrucci\u00f3n de turno la detenci\u00f3n est\u00e1 relacionada con un [&hellip;]<\/p>\n","protected":false},"author":4,"featured_media":49259,"comment_status":"open","ping_status":"open","sticky":false,"template":"","format":"standard","meta":{"site-sidebar-layout":"default","site-content-layout":"default","ast-site-content-layout":"default","site-content-style":"default","site-sidebar-style":"default","ast-global-header-display":"","ast-banner-title-visibility":"","ast-main-header-display":"","ast-hfb-above-header-display":"","ast-hfb-below-header-display":"","ast-hfb-mobile-header-display":"","site-post-title":"","ast-breadcrumbs-content":"","ast-featured-img":"","footer-sml-layout":"","ast-disable-related-posts":"","theme-transparent-header-meta":"default","adv-header-id-meta":"","stick-header-meta":"","header-above-stick-meta":"","header-main-stick-meta":"","header-below-stick-meta":"","astra-migrate-meta-layouts":"default","ast-page-background-enabled":"default","ast-page-background-meta":{"desktop":{"background-color":"","background-image":"","background-repeat":"repeat","background-position":"center center","background-size":"auto","background-attachment":"scroll","background-type":"","background-media":"","overlay-type":"","overlay-color":"","overlay-opacity":"","overlay-gradient":""},"tablet":{"background-color":"","background-image":"","background-repeat":"repeat","background-position":"center center","background-size":"auto","background-attachment":"scroll","background-type":"","background-media":"","overlay-type":"","overlay-color":"","overlay-opacity":"","overlay-gradient":""},"mobile":{"background-color":"","background-image":"","background-repeat":"repeat","background-position":"center center","background-size":"auto","background-attachment":"scroll","background-type":"","background-media":"","overlay-type":"","overlay-color":"","overlay-opacity":"","overlay-gradient":""}},"ast-content-background-meta":{"desktop":{"background-color":"var(--ast-global-color-5)","background-image":"","background-repeat":"repeat","background-position":"center center","background-size":"auto","background-attachment":"scroll","background-type":"","background-media":"","overlay-type":"","overlay-color":"","overlay-opacity":"","overlay-gradient":""},"tablet":{"background-color":"var(--ast-global-color-5)","background-image":"","background-repeat":"repeat","background-position":"center center","background-size":"auto","background-attachment":"scroll","background-type":"","background-media":"","overlay-type":"","overlay-color":"","overlay-opacity":"","overlay-gradient":""},"mobile":{"background-color":"var(--ast-global-color-5)","background-image":"","background-repeat":"repeat","background-position":"center center","background-size":"auto","background-attachment":"scroll","background-type":"","background-media":"","overlay-type":"","overlay-color":"","overlay-opacity":"","overlay-gradient":""}},"_jetpack_memberships_contains_paid_content":false,"_joinchat":[],"footnotes":""},"categories":[2234],"tags":[3830,12687,741,2248,157,12688],"class_list":["post-49258","post","type-post","status-publish","format-standard","has-post-thumbnail","hentry","category-policiales","tag-hombre-detenido","tag-moto-quemada","tag-policiales","tag-villa-maria-2","tag-violencia-de-genero","tag-zona-del-gaucho"],"yoast_head":"<!-- This site is optimized with the Yoast SEO plugin v26.8 - https:\/\/yoast.com\/product\/yoast-seo-wordpress\/ -->\n<title>Detuvieron al presunto responsable de quemar una moto - El Regional<\/title>\n<meta name=\"robots\" content=\"index, follow, max-snippet:-1, max-image-preview:large, max-video-preview:-1\" \/>\n<link rel=\"canonical\" href=\"http:\/\/elregionalvm.com.ar\/noticias-villa-maria\/detuvieron-al-presunto-responsable-de-quemar-una-moto\/\" \/>\n<meta property=\"og:locale\" content=\"es_ES\" \/>\n<meta property=\"og:type\" content=\"article\" \/>\n<meta property=\"og:title\" content=\"Detuvieron al presunto responsable de quemar una moto - El Regional\" \/>\n<meta property=\"og:description\" content=\"Aproximadamente a las 19:40 horas, personal de la patrulla preventiva, en la intersecci\u00f3n de calles La Quiaca y Rawson detuvieron a un hombre de 26 a\u00f1os, por supuesto autor de los delitos de \u201crobo calificado\u201d y \u201cda\u00f1o\u201d. De acuerdo a lo solicitado por la Fiscal\u00eda de Instrucci\u00f3n de turno la detenci\u00f3n est\u00e1 relacionada con un [&hellip;]\" \/>\n<meta property=\"og:url\" content=\"http:\/\/elregionalvm.com.ar\/noticias-villa-maria\/detuvieron-al-presunto-responsable-de-quemar-una-moto\/\" \/>\n<meta property=\"og:site_name\" content=\"El Regional\" \/>\n<meta property=\"article:publisher\" content=\"https:\/\/www.facebook.com\/elregionalvm\" \/>\n<meta property=\"article:published_time\" content=\"2021-12-07T00:38:29+00:00\" \/>\n<meta property=\"article:modified_time\" content=\"2021-12-07T00:38:30+00:00\" \/>\n<meta property=\"og:image\" content=\"http:\/\/elregionalvm.com.ar\/noticias-villa-maria\/wp-content\/uploads\/2021\/12\/WhatsApp-Image-2021-12-06-at-20.20.09.jpeg\" \/>\n\t<meta property=\"og:image:width\" content=\"933\" \/>\n\t<meta property=\"og:image:height\" content=\"710\" \/>\n\t<meta property=\"og:image:type\" content=\"image\/jpeg\" \/>\n<meta name=\"author\" content=\"Contenidos El Regional\" \/>\n<meta name=\"twitter:card\" content=\"summary_large_image\" \/>\n<meta name=\"twitter:creator\" content=\"@elregionalvm1\" \/>\n<meta name=\"twitter:site\" content=\"@elregionalvm1\" \/>\n<meta name=\"twitter:label1\" content=\"Escrito por\" \/>\n\t<meta name=\"twitter:data1\" content=\"Contenidos El Regional\" \/>\n\t<meta name=\"twitter:label2\" content=\"Tiempo de lectura\" \/>\n\t<meta name=\"twitter:data2\" content=\"2 minutos\" \/>\n<script type=\"application\/ld+json\" class=\"yoast-schema-graph\">{\"@context\":\"https:\/\/schema.org\",\"@graph\":[{\"@type\":\"Article\",\"@id\":\"http:\/\/elregionalvm.com.ar\/noticias-villa-maria\/detuvieron-al-presunto-responsable-de-quemar-una-moto\/#article\",\"isPartOf\":{\"@id\":\"http:\/\/elregionalvm.com.ar\/noticias-villa-maria\/detuvieron-al-presunto-responsable-de-quemar-una-moto\/\"},\"author\":{\"name\":\"Contenidos El Regional\",\"@id\":\"http:\/\/elregionalvm.com.ar\/noticias-villa-maria\/#\/schema\/person\/a0fb9c422317faca23d50163151bc354\"},\"headline\":\"Detuvieron al presunto responsable de quemar una moto\",\"datePublished\":\"2021-12-07T00:38:29+00:00\",\"dateModified\":\"2021-12-07T00:38:30+00:00\",\"mainEntityOfPage\":{\"@id\":\"http:\/\/elregionalvm.com.ar\/noticias-villa-maria\/detuvieron-al-presunto-responsable-de-quemar-una-moto\/\"},\"wordCount\":209,\"commentCount\":0,\"image\":{\"@id\":\"http:\/\/elregionalvm.com.ar\/noticias-villa-maria\/detuvieron-al-presunto-responsable-de-quemar-una-moto\/#primaryimage\"},\"thumbnailUrl\":\"https:\/\/i0.wp.com\/elregionalvm.com.ar\/noticias-villa-maria\/wp-content\/uploads\/2021\/12\/WhatsApp-Image-2021-12-06-at-20.20.09.jpeg?fit=933%2C710&ssl=1\",\"keywords\":[\"hombre detenido\",\"moto quemada\",\"Policiales\",\"Villa Mar\u00eda\",\"violencia de g\u00e9nero\",\"zona del Gaucho\"],\"articleSection\":[\"Policiales\"],\"inLanguage\":\"es\",\"potentialAction\":[{\"@type\":\"CommentAction\",\"name\":\"Comment\",\"target\":[\"http:\/\/elregionalvm.com.ar\/noticias-villa-maria\/detuvieron-al-presunto-responsable-de-quemar-una-moto\/#respond\"]}]},{\"@type\":\"WebPage\",\"@id\":\"http:\/\/elregionalvm.com.ar\/noticias-villa-maria\/detuvieron-al-presunto-responsable-de-quemar-una-moto\/\",\"url\":\"http:\/\/elregionalvm.com.ar\/noticias-villa-maria\/detuvieron-al-presunto-responsable-de-quemar-una-moto\/\",\"name\":\"Detuvieron al presunto responsable de quemar una moto - El Regional\",\"isPartOf\":{\"@id\":\"http:\/\/elregionalvm.com.ar\/noticias-villa-maria\/#website\"},\"primaryImageOfPage\":{\"@id\":\"http:\/\/elregionalvm.com.ar\/noticias-villa-maria\/detuvieron-al-presunto-responsable-de-quemar-una-moto\/#primaryimage\"},\"image\":{\"@id\":\"http:\/\/elregionalvm.com.ar\/noticias-villa-maria\/detuvieron-al-presunto-responsable-de-quemar-una-moto\/#primaryimage\"},\"thumbnailUrl\":\"https:\/\/i0.wp.com\/elregionalvm.com.ar\/noticias-villa-maria\/wp-content\/uploads\/2021\/12\/WhatsApp-Image-2021-12-06-at-20.20.09.jpeg?fit=933%2C710&ssl=1\",\"datePublished\":\"2021-12-07T00:38:29+00:00\",\"dateModified\":\"2021-12-07T00:38:30+00:00\",\"author\":{\"@id\":\"http:\/\/elregionalvm.com.ar\/noticias-villa-maria\/#\/schema\/person\/a0fb9c422317faca23d50163151bc354\"},\"breadcrumb\":{\"@id\":\"http:\/\/elregionalvm.com.ar\/noticias-villa-maria\/detuvieron-al-presunto-responsable-de-quemar-una-moto\/#breadcrumb\"},\"inLanguage\":\"es\",\"potentialAction\":[{\"@type\":\"ReadAction\",\"target\":[\"http:\/\/elregionalvm.com.ar\/noticias-villa-maria\/detuvieron-al-presunto-responsable-de-quemar-una-moto\/\"]}]},{\"@type\":\"ImageObject\",\"inLanguage\":\"es\",\"@id\":\"http:\/\/elregionalvm.com.ar\/noticias-villa-maria\/detuvieron-al-presunto-responsable-de-quemar-una-moto\/#primaryimage\",\"url\":\"https:\/\/i0.wp.com\/elregionalvm.com.ar\/noticias-villa-maria\/wp-content\/uploads\/2021\/12\/WhatsApp-Image-2021-12-06-at-20.20.09.jpeg?fit=933%2C710&ssl=1\",\"contentUrl\":\"https:\/\/i0.wp.com\/elregionalvm.com.ar\/noticias-villa-maria\/wp-content\/uploads\/2021\/12\/WhatsApp-Image-2021-12-06-at-20.20.09.jpeg?fit=933%2C710&ssl=1\",\"width\":933,\"height\":710},{\"@type\":\"BreadcrumbList\",\"@id\":\"http:\/\/elregionalvm.com.ar\/noticias-villa-maria\/detuvieron-al-presunto-responsable-de-quemar-una-moto\/#breadcrumb\",\"itemListElement\":[{\"@type\":\"ListItem\",\"position\":1,\"name\":\"Portada\",\"item\":\"https:\/\/elregionalvm.com.ar\/noticias-villa-maria\/\"},{\"@type\":\"ListItem\",\"position\":2,\"name\":\"Detuvieron al presunto responsable de quemar una moto\"}]},{\"@type\":\"WebSite\",\"@id\":\"http:\/\/elregionalvm.com.ar\/noticias-villa-maria\/#website\",\"url\":\"http:\/\/elregionalvm.com.ar\/noticias-villa-maria\/\",\"name\":\"El Regional\",\"description\":\"Mucho m\u00e1s que informaci\u00f3n\",\"potentialAction\":[{\"@type\":\"SearchAction\",\"target\":{\"@type\":\"EntryPoint\",\"urlTemplate\":\"http:\/\/elregionalvm.com.ar\/noticias-villa-maria\/?s={search_term_string}\"},\"query-input\":{\"@type\":\"PropertyValueSpecification\",\"valueRequired\":true,\"valueName\":\"search_term_string\"}}],\"inLanguage\":\"es\"},{\"@type\":\"Person\",\"@id\":\"http:\/\/elregionalvm.com.ar\/noticias-villa-maria\/#\/schema\/person\/a0fb9c422317faca23d50163151bc354\",\"name\":\"Contenidos El Regional\",\"image\":{\"@type\":\"ImageObject\",\"inLanguage\":\"es\",\"@id\":\"http:\/\/elregionalvm.com.ar\/noticias-villa-maria\/#\/schema\/person\/image\/\",\"url\":\"https:\/\/secure.gravatar.com\/avatar\/265b27cb2209af7bb3a1318f03305787d7981a5cc6e6cd08fe5a4ecdf99d4b48?s=96&d=mm&r=g\",\"contentUrl\":\"https:\/\/secure.gravatar.com\/avatar\/265b27cb2209af7bb3a1318f03305787d7981a5cc6e6cd08fe5a4ecdf99d4b48?s=96&d=mm&r=g\",\"caption\":\"Contenidos El Regional\"},\"url\":\"https:\/\/elregionalvm.com.ar\/noticias-villa-maria\/author\/contenido\/\"}]}<\/script>\n<!-- \/ Yoast SEO plugin. -->","yoast_head_json":{"title":"Detuvieron al presunto responsable de quemar una moto - El Regional","robots":{"index":"index","follow":"follow","max-snippet":"max-snippet:-1","max-image-preview":"max-image-preview:large","max-video-preview":"max-video-preview:-1"},"canonical":"http:\/\/elregionalvm.com.ar\/noticias-villa-maria\/detuvieron-al-presunto-responsable-de-quemar-una-moto\/","og_locale":"es_ES","og_type":"article","og_title":"Detuvieron al presunto responsable de quemar una moto - El Regional","og_description":"Aproximadamente a las 19:40 horas, personal de la patrulla preventiva, en la intersecci\u00f3n de calles La Quiaca y Rawson detuvieron a un hombre de 26 a\u00f1os, por supuesto autor de los delitos de \u201crobo calificado\u201d y \u201cda\u00f1o\u201d. De acuerdo a lo solicitado por la Fiscal\u00eda de Instrucci\u00f3n de turno la detenci\u00f3n est\u00e1 relacionada con un [&hellip;]","og_url":"http:\/\/elregionalvm.com.ar\/noticias-villa-maria\/detuvieron-al-presunto-responsable-de-quemar-una-moto\/","og_site_name":"El Regional","article_publisher":"https:\/\/www.facebook.com\/elregionalvm","article_published_time":"2021-12-07T00:38:29+00:00","article_modified_time":"2021-12-07T00:38:30+00:00","og_image":[{"width":933,"height":710,"url":"http:\/\/elregionalvm.com.ar\/noticias-villa-maria\/wp-content\/uploads\/2021\/12\/WhatsApp-Image-2021-12-06-at-20.20.09.jpeg","type":"image\/jpeg"}],"author":"Contenidos El Regional","twitter_card":"summary_large_image","twitter_creator":"@elregionalvm1","twitter_site":"@elregionalvm1","twitter_misc":{"Escrito por":"Contenidos El Regional","Tiempo de lectura":"2 minutos"},"schema":{"@context":"https:\/\/schema.org","@graph":[{"@type":"Article","@id":"http:\/\/elregionalvm.com.ar\/noticias-villa-maria\/detuvieron-al-presunto-responsable-de-quemar-una-moto\/#article","isPartOf":{"@id":"http:\/\/elregionalvm.com.ar\/noticias-villa-maria\/detuvieron-al-presunto-responsable-de-quemar-una-moto\/"},"author":{"name":"Contenidos El Regional","@id":"http:\/\/elregionalvm.com.ar\/noticias-villa-maria\/#\/schema\/person\/a0fb9c422317faca23d50163151bc354"},"headline":"Detuvieron al presunto responsable de quemar una moto","datePublished":"2021-12-07T00:38:29+00:00","dateModified":"2021-12-07T00:38:30+00:00","mainEntityOfPage":{"@id":"http:\/\/elregionalvm.com.ar\/noticias-villa-maria\/detuvieron-al-presunto-responsable-de-quemar-una-moto\/"},"wordCount":209,"commentCount":0,"image":{"@id":"http:\/\/elregionalvm.com.ar\/noticias-villa-maria\/detuvieron-al-presunto-responsable-de-quemar-una-moto\/#primaryimage"},"thumbnailUrl":"https:\/\/i0.wp.com\/elregionalvm.com.ar\/noticias-villa-maria\/wp-content\/uploads\/2021\/12\/WhatsApp-Image-2021-12-06-at-20.20.09.jpeg?fit=933%2C710&ssl=1","keywords":["hombre detenido","moto quemada","Policiales","Villa Mar\u00eda","violencia de g\u00e9nero","zona del Gaucho"],"articleSection":["Policiales"],"inLanguage":"es","potentialAction":[{"@type":"CommentAction","name":"Comment","target":["http:\/\/elregionalvm.com.ar\/noticias-villa-maria\/detuvieron-al-presunto-responsable-de-quemar-una-moto\/#respond"]}]},{"@type":"WebPage","@id":"http:\/\/elregionalvm.com.ar\/noticias-villa-maria\/detuvieron-al-presunto-responsable-de-quemar-una-moto\/","url":"http:\/\/elregionalvm.com.ar\/noticias-villa-maria\/detuvieron-al-presunto-responsable-de-quemar-una-moto\/","name":"Detuvieron al presunto responsable de quemar una moto - El Regional","isPartOf":{"@id":"http:\/\/elregionalvm.com.ar\/noticias-villa-maria\/#website"},"primaryImageOfPage":{"@id":"http:\/\/elregionalvm.com.ar\/noticias-villa-maria\/detuvieron-al-presunto-responsable-de-quemar-una-moto\/#primaryimage"},"image":{"@id":"http:\/\/elregionalvm.com.ar\/noticias-villa-maria\/detuvieron-al-presunto-responsable-de-quemar-una-moto\/#primaryimage"},"thumbnailUrl":"https:\/\/i0.wp.com\/elregionalvm.com.ar\/noticias-villa-maria\/wp-content\/uploads\/2021\/12\/WhatsApp-Image-2021-12-06-at-20.20.09.jpeg?fit=933%2C710&ssl=1","datePublished":"2021-12-07T00:38:29+00:00","dateModified":"2021-12-07T00:38:30+00:00","author":{"@id":"http:\/\/elregionalvm.com.ar\/noticias-villa-maria\/#\/schema\/person\/a0fb9c422317faca23d50163151bc354"},"breadcrumb":{"@id":"http:\/\/elregionalvm.com.ar\/noticias-villa-maria\/detuvieron-al-presunto-responsable-de-quemar-una-moto\/#breadcrumb"},"inLanguage":"es","potentialAction":[{"@type":"ReadAction","target":["http:\/\/elregionalvm.com.ar\/noticias-villa-maria\/detuvieron-al-presunto-responsable-de-quemar-una-moto\/"]}]},{"@type":"ImageObject","inLanguage":"es","@id":"http:\/\/elregionalvm.com.ar\/noticias-villa-maria\/detuvieron-al-presunto-responsable-de-quemar-una-moto\/#primaryimage","url":"https:\/\/i0.wp.com\/elregionalvm.com.ar\/noticias-villa-maria\/wp-content\/uploads\/2021\/12\/WhatsApp-Image-2021-12-06-at-20.20.09.jpeg?fit=933%2C710&ssl=1","contentUrl":"https:\/\/i0.wp.com\/elregionalvm.com.ar\/noticias-villa-maria\/wp-content\/uploads\/2021\/12\/WhatsApp-Image-2021-12-06-at-20.20.09.jpeg?fit=933%2C710&ssl=1","width":933,"height":710},{"@type":"BreadcrumbList","@id":"http:\/\/elregionalvm.com.ar\/noticias-villa-maria\/detuvieron-al-presunto-responsable-de-quemar-una-moto\/#breadcrumb","itemListElement":[{"@type":"ListItem","position":1,"name":"Portada","item":"https:\/\/elregionalvm.com.ar\/noticias-villa-maria\/"},{"@type":"ListItem","position":2,"name":"Detuvieron al presunto responsable de quemar una moto"}]},{"@type":"WebSite","@id":"http:\/\/elregionalvm.com.ar\/noticias-villa-maria\/#website","url":"http:\/\/elregionalvm.com.ar\/noticias-villa-maria\/","name":"El Regional","description":"Mucho m\u00e1s que informaci\u00f3n","potentialAction":[{"@type":"SearchAction","target":{"@type":"EntryPoint","urlTemplate":"http:\/\/elregionalvm.com.ar\/noticias-villa-maria\/?s={search_term_string}"},"query-input":{"@type":"PropertyValueSpecification","valueRequired":true,"valueName":"search_term_string"}}],"inLanguage":"es"},{"@type":"Person","@id":"http:\/\/elregionalvm.com.ar\/noticias-villa-maria\/#\/schema\/person\/a0fb9c422317faca23d50163151bc354","name":"Contenidos El Regional","image":{"@type":"ImageObject","inLanguage":"es","@id":"http:\/\/elregionalvm.com.ar\/noticias-villa-maria\/#\/schema\/person\/image\/","url":"https:\/\/secure.gravatar.com\/avatar\/265b27cb2209af7bb3a1318f03305787d7981a5cc6e6cd08fe5a4ecdf99d4b48?s=96&d=mm&r=g","contentUrl":"https:\/\/secure.gravatar.com\/avatar\/265b27cb2209af7bb3a1318f03305787d7981a5cc6e6cd08fe5a4ecdf99d4b48?s=96&d=mm&r=g","caption":"Contenidos El Regional"},"url":"https:\/\/elregionalvm.com.ar\/noticias-villa-maria\/author\/contenido\/"}]}},"jetpack_featured_media_url":"https:\/\/i0.wp.com\/elregionalvm.com.ar\/noticias-villa-maria\/wp-content\/uploads\/2021\/12\/WhatsApp-Image-2021-12-06-at-20.20.09.jpeg?fit=933%2C710&ssl=1","jetpack_sharing_enabled":true,"_links":{"self":[{"href":"https:\/\/elregionalvm.com.ar\/noticias-villa-maria\/wp-json\/wp\/v2\/posts\/49258","targetHints":{"allow":["GET"]}}],"collection":[{"href":"https:\/\/elregionalvm.com.ar\/noticias-villa-maria\/wp-json\/wp\/v2\/posts"}],"about":[{"href":"https:\/\/elregionalvm.com.ar\/noticias-villa-maria\/wp-json\/wp\/v2\/types\/post"}],"author":[{"embeddable":true,"href":"https:\/\/elregionalvm.com.ar\/noticias-villa-maria\/wp-json\/wp\/v2\/users\/4"}],"replies":[{"embeddable":true,"href":"https:\/\/elregionalvm.com.ar\/noticias-villa-maria\/wp-json\/wp\/v2\/comments?post=49258"}],"version-history":[{"count":1,"href":"https:\/\/elregionalvm.com.ar\/noticias-villa-maria\/wp-json\/wp\/v2\/posts\/49258\/revisions"}],"predecessor-version":[{"id":49261,"href":"https:\/\/elregionalvm.com.ar\/noticias-villa-maria\/wp-json\/wp\/v2\/posts\/49258\/revisions\/49261"}],"wp:featuredmedia":[{"embeddable":true,"href":"https:\/\/elregionalvm.com.ar\/noticias-villa-maria\/wp-json\/wp\/v2\/media\/49259"}],"wp:attachment":[{"href":"https:\/\/elregionalvm.com.ar\/noticias-villa-maria\/wp-json\/wp\/v2\/media?parent=49258"}],"wp:term":[{"taxonomy":"category","embeddable":true,"href":"https:\/\/elregionalvm.com.ar\/noticias-villa-maria\/wp-json\/wp\/v2\/categories?post=49258"},{"taxonomy":"post_tag","embeddable":true,"href":"https:\/\/elregionalvm.com.ar\/noticias-villa-maria\/wp-json\/wp\/v2\/tags?post=49258"}],"curies":[{"name":"wp","href":"https:\/\/api.w.org\/{rel}","templated":true}]}}