{"id":49273,"date":"2021-12-07T21:45:41","date_gmt":"2021-12-07T21:45:41","guid":{"rendered":"https:\/\/elregionalvm.com.ar\/noticias-villa-maria\/?p=49273"},"modified":"2021-12-07T22:03:37","modified_gmt":"2021-12-07T22:03:37","slug":"gill-lo-hizo-de-nuevo-fue-elegido-diputado-pero-no-asumira","status":"publish","type":"post","link":"https:\/\/elregionalvm.com.ar\/noticias-villa-maria\/gill-lo-hizo-de-nuevo-fue-elegido-diputado-pero-no-asumira\/","title":{"rendered":"Gill lo hizo de nuevo: fue elegido diputado pero no asumir\u00e1"},"content":{"rendered":"\n<p>Este mediod\u00eda, Pablo Carro asumi\u00f3 la banca que obtuvo Mart\u00edn Rodrigo Gill en las \u00faltimas elecciones legislativas y qued\u00f3 confirmada la renuncia del intendente en uso de licencia de Villa Mar\u00eda y actual Secretario de Obras P\u00fablicas de la Naci\u00f3n.<\/p>\n\n\n\n<p>La intenci\u00f3n de Gill es efectivamente seguir al frente de su estrat\u00e9gico puesto a nivel nacional, intentando lograr una nueva licencia como intendente villamariense. Esta \u00faltima cuesti\u00f3n le abre una trabada discusi\u00f3n (\u00bfo no?) en el seno del Concejo Deliberante de Villa Mar\u00eda. Se supone que hay opiniones contrarias dentro del oficialismo villamariense, con el escindido bloque Somos que integran Juan Carlos Cladera y Daniel L\u00f3pez, que responden al accastellismo.<\/p>\n\n\n\n<p>Habr\u00e1 que ver si las negociaciones Gill las elige hacer en la ciudad de Villa Mar\u00eda o si directamente las realiza con Juan Schiaretti, de gran peso en el peronismo cordob\u00e9s. En pol\u00edtica todo es negociable, aparentemente. <\/p>\n\n\n\n<p><strong>La alegr\u00eda del tercero<\/strong><\/p>\n\n\n\n<p>Por el Frente de Todos en C\u00f3rdoba, Pablo Carro, entonces jur\u00f3 este mediod\u00eda la banca obtenida por Gill. Pablo se\u00f1al\u00f3 en redes sociales que tomar\u00e1 la banca \u00abcon honor, compromiso y responsabilidad\u00bb.<\/p>\n\n\n\n<div class=\"wp-block-image\"><figure class=\"aligncenter size-full\"><img data-recalc-dims=\"1\" fetchpriority=\"high\" decoding=\"async\" width=\"474\" height=\"627\" src=\"https:\/\/i0.wp.com\/elregionalvm.com.ar\/noticias-villa-maria\/wp-content\/uploads\/2021\/12\/pablo-carro-jura.png?resize=474%2C627&#038;ssl=1\" alt=\"\" class=\"wp-image-49274\" srcset=\"https:\/\/i0.wp.com\/elregionalvm.com.ar\/noticias-villa-maria\/wp-content\/uploads\/2021\/12\/pablo-carro-jura.png?w=474&amp;ssl=1 474w, https:\/\/i0.wp.com\/elregionalvm.com.ar\/noticias-villa-maria\/wp-content\/uploads\/2021\/12\/pablo-carro-jura.png?resize=227%2C300&amp;ssl=1 227w\" sizes=\"(max-width: 474px) 100vw, 474px\" \/><\/figure><\/div>\n","protected":false},"excerpt":{"rendered":"<p>Este mediod\u00eda, Pablo Carro asumi\u00f3 la banca que obtuvo Mart\u00edn Rodrigo Gill en las \u00faltimas elecciones legislativas y qued\u00f3 confirmada la renuncia del intendente en uso de licencia de Villa Mar\u00eda y actual Secretario de Obras P\u00fablicas de la Naci\u00f3n. La intenci\u00f3n de Gill es efectivamente seguir al frente de su estrat\u00e9gico puesto a nivel [&hellip;]<\/p>\n","protected":false},"author":4,"featured_media":49275,"comment_status":"open","ping_status":"open","sticky":false,"template":"","format":"standard","meta":{"site-sidebar-layout":"default","site-content-layout":"default","ast-site-content-layout":"default","site-content-style":"default","site-sidebar-style":"default","ast-global-header-display":"","ast-banner-title-visibility":"","ast-main-header-display":"","ast-hfb-above-header-display":"","ast-hfb-below-header-display":"","ast-hfb-mobile-header-display":"","site-post-title":"","ast-breadcrumbs-content":"","ast-featured-img":"","footer-sml-layout":"","ast-disable-related-posts":"","theme-transparent-header-meta":"default","adv-header-id-meta":"","stick-header-meta":"","header-above-stick-meta":"","header-main-stick-meta":"","header-below-stick-meta":"","astra-migrate-meta-layouts":"default","ast-page-background-enabled":"default","ast-page-background-meta":{"desktop":{"background-color":"","background-image":"","background-repeat":"repeat","background-position":"center center","background-size":"auto","background-attachment":"scroll","background-type":"","background-media":"","overlay-type":"","overlay-color":"","overlay-opacity":"","overlay-gradient":""},"tablet":{"background-color":"","background-image":"","background-repeat":"repeat","background-position":"center center","background-size":"auto","background-attachment":"scroll","background-type":"","background-media":"","overlay-type":"","overlay-color":"","overlay-opacity":"","overlay-gradient":""},"mobile":{"background-color":"","background-image":"","background-repeat":"repeat","background-position":"center center","background-size":"auto","background-attachment":"scroll","background-type":"","background-media":"","overlay-type":"","overlay-color":"","overlay-opacity":"","overlay-gradient":""}},"ast-content-background-meta":{"desktop":{"background-color":"var(--ast-global-color-5)","background-image":"","background-repeat":"repeat","background-position":"center center","background-size":"auto","background-attachment":"scroll","background-type":"","background-media":"","overlay-type":"","overlay-color":"","overlay-opacity":"","overlay-gradient":""},"tablet":{"background-color":"var(--ast-global-color-5)","background-image":"","background-repeat":"repeat","background-position":"center center","background-size":"auto","background-attachment":"scroll","background-type":"","background-media":"","overlay-type":"","overlay-color":"","overlay-opacity":"","overlay-gradient":""},"mobile":{"background-color":"var(--ast-global-color-5)","background-image":"","background-repeat":"repeat","background-position":"center center","background-size":"auto","background-attachment":"scroll","background-type":"","background-media":"","overlay-type":"","overlay-color":"","overlay-opacity":"","overlay-gradient":""}},"_jetpack_memberships_contains_paid_content":false,"_joinchat":[],"footnotes":""},"categories":[2089],"tags":[1232,1125,12694,12695,12693,12696],"class_list":["post-49273","post","type-post","status-publish","format-standard","has-post-thumbnail","hentry","category-politica","tag-destacado","tag-martin-gill","tag-no-asumira","tag-no-juro","tag-renuncia-banca","tag-secretario-de-obras-publicas-de-la-nacion"],"yoast_head":"<!-- This site is optimized with the Yoast SEO plugin v26.8 - https:\/\/yoast.com\/product\/yoast-seo-wordpress\/ -->\n<title>Gill lo hizo de nuevo: fue elegido diputado pero no asumir\u00e1 - El Regional<\/title>\n<meta name=\"robots\" content=\"index, follow, max-snippet:-1, max-image-preview:large, max-video-preview:-1\" \/>\n<link rel=\"canonical\" href=\"http:\/\/elregionalvm.com.ar\/noticias-villa-maria\/gill-lo-hizo-de-nuevo-fue-elegido-diputado-pero-no-asumira\/\" \/>\n<meta property=\"og:locale\" content=\"es_ES\" \/>\n<meta property=\"og:type\" content=\"article\" \/>\n<meta property=\"og:title\" content=\"Gill lo hizo de nuevo: fue elegido diputado pero no asumir\u00e1 - El Regional\" \/>\n<meta property=\"og:description\" content=\"Este mediod\u00eda, Pablo Carro asumi\u00f3 la banca que obtuvo Mart\u00edn Rodrigo Gill en las \u00faltimas elecciones legislativas y qued\u00f3 confirmada la renuncia del intendente en uso de licencia de Villa Mar\u00eda y actual Secretario de Obras P\u00fablicas de la Naci\u00f3n. La intenci\u00f3n de Gill es efectivamente seguir al frente de su estrat\u00e9gico puesto a nivel [&hellip;]\" \/>\n<meta property=\"og:url\" content=\"http:\/\/elregionalvm.com.ar\/noticias-villa-maria\/gill-lo-hizo-de-nuevo-fue-elegido-diputado-pero-no-asumira\/\" \/>\n<meta property=\"og:site_name\" content=\"El Regional\" \/>\n<meta property=\"article:publisher\" content=\"https:\/\/www.facebook.com\/elregionalvm\" \/>\n<meta property=\"article:published_time\" content=\"2021-12-07T21:45:41+00:00\" \/>\n<meta property=\"article:modified_time\" content=\"2021-12-07T22:03:37+00:00\" \/>\n<meta property=\"og:image\" content=\"http:\/\/elregionalvm.com.ar\/noticias-villa-maria\/wp-content\/uploads\/2021\/12\/gill-renuncio-banca.jpg\" \/>\n\t<meta property=\"og:image:width\" content=\"1072\" \/>\n\t<meta property=\"og:image:height\" content=\"572\" \/>\n\t<meta property=\"og:image:type\" content=\"image\/jpeg\" \/>\n<meta name=\"author\" content=\"Contenidos El Regional\" \/>\n<meta name=\"twitter:card\" content=\"summary_large_image\" \/>\n<meta name=\"twitter:creator\" content=\"@elregionalvm1\" \/>\n<meta name=\"twitter:site\" content=\"@elregionalvm1\" \/>\n<meta name=\"twitter:label1\" content=\"Escrito por\" \/>\n\t<meta name=\"twitter:data1\" content=\"Contenidos El Regional\" \/>\n\t<meta name=\"twitter:label2\" content=\"Tiempo de lectura\" \/>\n\t<meta name=\"twitter:data2\" content=\"2 minutos\" \/>\n<script type=\"application\/ld+json\" class=\"yoast-schema-graph\">{\"@context\":\"https:\/\/schema.org\",\"@graph\":[{\"@type\":\"Article\",\"@id\":\"http:\/\/elregionalvm.com.ar\/noticias-villa-maria\/gill-lo-hizo-de-nuevo-fue-elegido-diputado-pero-no-asumira\/#article\",\"isPartOf\":{\"@id\":\"http:\/\/elregionalvm.com.ar\/noticias-villa-maria\/gill-lo-hizo-de-nuevo-fue-elegido-diputado-pero-no-asumira\/\"},\"author\":{\"name\":\"Contenidos El Regional\",\"@id\":\"http:\/\/elregionalvm.com.ar\/noticias-villa-maria\/#\/schema\/person\/a0fb9c422317faca23d50163151bc354\"},\"headline\":\"Gill lo hizo de nuevo: fue elegido diputado pero no asumir\u00e1\",\"datePublished\":\"2021-12-07T21:45:41+00:00\",\"dateModified\":\"2021-12-07T22:03:37+00:00\",\"mainEntityOfPage\":{\"@id\":\"http:\/\/elregionalvm.com.ar\/noticias-villa-maria\/gill-lo-hizo-de-nuevo-fue-elegido-diputado-pero-no-asumira\/\"},\"wordCount\":212,\"commentCount\":0,\"image\":{\"@id\":\"http:\/\/elregionalvm.com.ar\/noticias-villa-maria\/gill-lo-hizo-de-nuevo-fue-elegido-diputado-pero-no-asumira\/#primaryimage\"},\"thumbnailUrl\":\"https:\/\/i0.wp.com\/elregionalvm.com.ar\/noticias-villa-maria\/wp-content\/uploads\/2021\/12\/gill-renuncio-banca.jpg?fit=1072%2C572&ssl=1\",\"keywords\":[\"destacado\",\"mart\u00edn gill\",\"no asumir\u00e1\",\"no jur\u00f3\",\"renuncia banca\",\"Secretario de Obras P\u00fablicas de la Naci\u00f3n\"],\"articleSection\":[\"Pol\u00edtica\"],\"inLanguage\":\"es\",\"potentialAction\":[{\"@type\":\"CommentAction\",\"name\":\"Comment\",\"target\":[\"http:\/\/elregionalvm.com.ar\/noticias-villa-maria\/gill-lo-hizo-de-nuevo-fue-elegido-diputado-pero-no-asumira\/#respond\"]}]},{\"@type\":\"WebPage\",\"@id\":\"http:\/\/elregionalvm.com.ar\/noticias-villa-maria\/gill-lo-hizo-de-nuevo-fue-elegido-diputado-pero-no-asumira\/\",\"url\":\"http:\/\/elregionalvm.com.ar\/noticias-villa-maria\/gill-lo-hizo-de-nuevo-fue-elegido-diputado-pero-no-asumira\/\",\"name\":\"Gill lo hizo de nuevo: fue elegido diputado pero no asumir\u00e1 - El Regional\",\"isPartOf\":{\"@id\":\"http:\/\/elregionalvm.com.ar\/noticias-villa-maria\/#website\"},\"primaryImageOfPage\":{\"@id\":\"http:\/\/elregionalvm.com.ar\/noticias-villa-maria\/gill-lo-hizo-de-nuevo-fue-elegido-diputado-pero-no-asumira\/#primaryimage\"},\"image\":{\"@id\":\"http:\/\/elregionalvm.com.ar\/noticias-villa-maria\/gill-lo-hizo-de-nuevo-fue-elegido-diputado-pero-no-asumira\/#primaryimage\"},\"thumbnailUrl\":\"https:\/\/i0.wp.com\/elregionalvm.com.ar\/noticias-villa-maria\/wp-content\/uploads\/2021\/12\/gill-renuncio-banca.jpg?fit=1072%2C572&ssl=1\",\"datePublished\":\"2021-12-07T21:45:41+00:00\",\"dateModified\":\"2021-12-07T22:03:37+00:00\",\"author\":{\"@id\":\"http:\/\/elregionalvm.com.ar\/noticias-villa-maria\/#\/schema\/person\/a0fb9c422317faca23d50163151bc354\"},\"breadcrumb\":{\"@id\":\"http:\/\/elregionalvm.com.ar\/noticias-villa-maria\/gill-lo-hizo-de-nuevo-fue-elegido-diputado-pero-no-asumira\/#breadcrumb\"},\"inLanguage\":\"es\",\"potentialAction\":[{\"@type\":\"ReadAction\",\"target\":[\"http:\/\/elregionalvm.com.ar\/noticias-villa-maria\/gill-lo-hizo-de-nuevo-fue-elegido-diputado-pero-no-asumira\/\"]}]},{\"@type\":\"ImageObject\",\"inLanguage\":\"es\",\"@id\":\"http:\/\/elregionalvm.com.ar\/noticias-villa-maria\/gill-lo-hizo-de-nuevo-fue-elegido-diputado-pero-no-asumira\/#primaryimage\",\"url\":\"https:\/\/i0.wp.com\/elregionalvm.com.ar\/noticias-villa-maria\/wp-content\/uploads\/2021\/12\/gill-renuncio-banca.jpg?fit=1072%2C572&ssl=1\",\"contentUrl\":\"https:\/\/i0.wp.com\/elregionalvm.com.ar\/noticias-villa-maria\/wp-content\/uploads\/2021\/12\/gill-renuncio-banca.jpg?fit=1072%2C572&ssl=1\",\"width\":1072,\"height\":572},{\"@type\":\"BreadcrumbList\",\"@id\":\"http:\/\/elregionalvm.com.ar\/noticias-villa-maria\/gill-lo-hizo-de-nuevo-fue-elegido-diputado-pero-no-asumira\/#breadcrumb\",\"itemListElement\":[{\"@type\":\"ListItem\",\"position\":1,\"name\":\"Portada\",\"item\":\"https:\/\/elregionalvm.com.ar\/noticias-villa-maria\/\"},{\"@type\":\"ListItem\",\"position\":2,\"name\":\"Gill lo hizo de nuevo: fue elegido diputado pero no asumir\u00e1\"}]},{\"@type\":\"WebSite\",\"@id\":\"http:\/\/elregionalvm.com.ar\/noticias-villa-maria\/#website\",\"url\":\"http:\/\/elregionalvm.com.ar\/noticias-villa-maria\/\",\"name\":\"El Regional\",\"description\":\"Mucho m\u00e1s que informaci\u00f3n\",\"potentialAction\":[{\"@type\":\"SearchAction\",\"target\":{\"@type\":\"EntryPoint\",\"urlTemplate\":\"http:\/\/elregionalvm.com.ar\/noticias-villa-maria\/?s={search_term_string}\"},\"query-input\":{\"@type\":\"PropertyValueSpecification\",\"valueRequired\":true,\"valueName\":\"search_term_string\"}}],\"inLanguage\":\"es\"},{\"@type\":\"Person\",\"@id\":\"http:\/\/elregionalvm.com.ar\/noticias-villa-maria\/#\/schema\/person\/a0fb9c422317faca23d50163151bc354\",\"name\":\"Contenidos El Regional\",\"image\":{\"@type\":\"ImageObject\",\"inLanguage\":\"es\",\"@id\":\"http:\/\/elregionalvm.com.ar\/noticias-villa-maria\/#\/schema\/person\/image\/\",\"url\":\"https:\/\/secure.gravatar.com\/avatar\/265b27cb2209af7bb3a1318f03305787d7981a5cc6e6cd08fe5a4ecdf99d4b48?s=96&d=mm&r=g\",\"contentUrl\":\"https:\/\/secure.gravatar.com\/avatar\/265b27cb2209af7bb3a1318f03305787d7981a5cc6e6cd08fe5a4ecdf99d4b48?s=96&d=mm&r=g\",\"caption\":\"Contenidos El Regional\"},\"url\":\"https:\/\/elregionalvm.com.ar\/noticias-villa-maria\/author\/contenido\/\"}]}<\/script>\n<!-- \/ Yoast SEO plugin. -->","yoast_head_json":{"title":"Gill lo hizo de nuevo: fue elegido diputado pero no asumir\u00e1 - El Regional","robots":{"index":"index","follow":"follow","max-snippet":"max-snippet:-1","max-image-preview":"max-image-preview:large","max-video-preview":"max-video-preview:-1"},"canonical":"http:\/\/elregionalvm.com.ar\/noticias-villa-maria\/gill-lo-hizo-de-nuevo-fue-elegido-diputado-pero-no-asumira\/","og_locale":"es_ES","og_type":"article","og_title":"Gill lo hizo de nuevo: fue elegido diputado pero no asumir\u00e1 - El Regional","og_description":"Este mediod\u00eda, Pablo Carro asumi\u00f3 la banca que obtuvo Mart\u00edn Rodrigo Gill en las \u00faltimas elecciones legislativas y qued\u00f3 confirmada la renuncia del intendente en uso de licencia de Villa Mar\u00eda y actual Secretario de Obras P\u00fablicas de la Naci\u00f3n. La intenci\u00f3n de Gill es efectivamente seguir al frente de su estrat\u00e9gico puesto a nivel [&hellip;]","og_url":"http:\/\/elregionalvm.com.ar\/noticias-villa-maria\/gill-lo-hizo-de-nuevo-fue-elegido-diputado-pero-no-asumira\/","og_site_name":"El Regional","article_publisher":"https:\/\/www.facebook.com\/elregionalvm","article_published_time":"2021-12-07T21:45:41+00:00","article_modified_time":"2021-12-07T22:03:37+00:00","og_image":[{"width":1072,"height":572,"url":"http:\/\/elregionalvm.com.ar\/noticias-villa-maria\/wp-content\/uploads\/2021\/12\/gill-renuncio-banca.jpg","type":"image\/jpeg"}],"author":"Contenidos El Regional","twitter_card":"summary_large_image","twitter_creator":"@elregionalvm1","twitter_site":"@elregionalvm1","twitter_misc":{"Escrito por":"Contenidos El Regional","Tiempo de lectura":"2 minutos"},"schema":{"@context":"https:\/\/schema.org","@graph":[{"@type":"Article","@id":"http:\/\/elregionalvm.com.ar\/noticias-villa-maria\/gill-lo-hizo-de-nuevo-fue-elegido-diputado-pero-no-asumira\/#article","isPartOf":{"@id":"http:\/\/elregionalvm.com.ar\/noticias-villa-maria\/gill-lo-hizo-de-nuevo-fue-elegido-diputado-pero-no-asumira\/"},"author":{"name":"Contenidos El Regional","@id":"http:\/\/elregionalvm.com.ar\/noticias-villa-maria\/#\/schema\/person\/a0fb9c422317faca23d50163151bc354"},"headline":"Gill lo hizo de nuevo: fue elegido diputado pero no asumir\u00e1","datePublished":"2021-12-07T21:45:41+00:00","dateModified":"2021-12-07T22:03:37+00:00","mainEntityOfPage":{"@id":"http:\/\/elregionalvm.com.ar\/noticias-villa-maria\/gill-lo-hizo-de-nuevo-fue-elegido-diputado-pero-no-asumira\/"},"wordCount":212,"commentCount":0,"image":{"@id":"http:\/\/elregionalvm.com.ar\/noticias-villa-maria\/gill-lo-hizo-de-nuevo-fue-elegido-diputado-pero-no-asumira\/#primaryimage"},"thumbnailUrl":"https:\/\/i0.wp.com\/elregionalvm.com.ar\/noticias-villa-maria\/wp-content\/uploads\/2021\/12\/gill-renuncio-banca.jpg?fit=1072%2C572&ssl=1","keywords":["destacado","mart\u00edn gill","no asumir\u00e1","no jur\u00f3","renuncia banca","Secretario de Obras P\u00fablicas de la Naci\u00f3n"],"articleSection":["Pol\u00edtica"],"inLanguage":"es","potentialAction":[{"@type":"CommentAction","name":"Comment","target":["http:\/\/elregionalvm.com.ar\/noticias-villa-maria\/gill-lo-hizo-de-nuevo-fue-elegido-diputado-pero-no-asumira\/#respond"]}]},{"@type":"WebPage","@id":"http:\/\/elregionalvm.com.ar\/noticias-villa-maria\/gill-lo-hizo-de-nuevo-fue-elegido-diputado-pero-no-asumira\/","url":"http:\/\/elregionalvm.com.ar\/noticias-villa-maria\/gill-lo-hizo-de-nuevo-fue-elegido-diputado-pero-no-asumira\/","name":"Gill lo hizo de nuevo: fue elegido diputado pero no asumir\u00e1 - El Regional","isPartOf":{"@id":"http:\/\/elregionalvm.com.ar\/noticias-villa-maria\/#website"},"primaryImageOfPage":{"@id":"http:\/\/elregionalvm.com.ar\/noticias-villa-maria\/gill-lo-hizo-de-nuevo-fue-elegido-diputado-pero-no-asumira\/#primaryimage"},"image":{"@id":"http:\/\/elregionalvm.com.ar\/noticias-villa-maria\/gill-lo-hizo-de-nuevo-fue-elegido-diputado-pero-no-asumira\/#primaryimage"},"thumbnailUrl":"https:\/\/i0.wp.com\/elregionalvm.com.ar\/noticias-villa-maria\/wp-content\/uploads\/2021\/12\/gill-renuncio-banca.jpg?fit=1072%2C572&ssl=1","datePublished":"2021-12-07T21:45:41+00:00","dateModified":"2021-12-07T22:03:37+00:00","author":{"@id":"http:\/\/elregionalvm.com.ar\/noticias-villa-maria\/#\/schema\/person\/a0fb9c422317faca23d50163151bc354"},"breadcrumb":{"@id":"http:\/\/elregionalvm.com.ar\/noticias-villa-maria\/gill-lo-hizo-de-nuevo-fue-elegido-diputado-pero-no-asumira\/#breadcrumb"},"inLanguage":"es","potentialAction":[{"@type":"ReadAction","target":["http:\/\/elregionalvm.com.ar\/noticias-villa-maria\/gill-lo-hizo-de-nuevo-fue-elegido-diputado-pero-no-asumira\/"]}]},{"@type":"ImageObject","inLanguage":"es","@id":"http:\/\/elregionalvm.com.ar\/noticias-villa-maria\/gill-lo-hizo-de-nuevo-fue-elegido-diputado-pero-no-asumira\/#primaryimage","url":"https:\/\/i0.wp.com\/elregionalvm.com.ar\/noticias-villa-maria\/wp-content\/uploads\/2021\/12\/gill-renuncio-banca.jpg?fit=1072%2C572&ssl=1","contentUrl":"https:\/\/i0.wp.com\/elregionalvm.com.ar\/noticias-villa-maria\/wp-content\/uploads\/2021\/12\/gill-renuncio-banca.jpg?fit=1072%2C572&ssl=1","width":1072,"height":572},{"@type":"BreadcrumbList","@id":"http:\/\/elregionalvm.com.ar\/noticias-villa-maria\/gill-lo-hizo-de-nuevo-fue-elegido-diputado-pero-no-asumira\/#breadcrumb","itemListElement":[{"@type":"ListItem","position":1,"name":"Portada","item":"https:\/\/elregionalvm.com.ar\/noticias-villa-maria\/"},{"@type":"ListItem","position":2,"name":"Gill lo hizo de nuevo: fue elegido diputado pero no asumir\u00e1"}]},{"@type":"WebSite","@id":"http:\/\/elregionalvm.com.ar\/noticias-villa-maria\/#website","url":"http:\/\/elregionalvm.com.ar\/noticias-villa-maria\/","name":"El Regional","description":"Mucho m\u00e1s que informaci\u00f3n","potentialAction":[{"@type":"SearchAction","target":{"@type":"EntryPoint","urlTemplate":"http:\/\/elregionalvm.com.ar\/noticias-villa-maria\/?s={search_term_string}"},"query-input":{"@type":"PropertyValueSpecification","valueRequired":true,"valueName":"search_term_string"}}],"inLanguage":"es"},{"@type":"Person","@id":"http:\/\/elregionalvm.com.ar\/noticias-villa-maria\/#\/schema\/person\/a0fb9c422317faca23d50163151bc354","name":"Contenidos El Regional","image":{"@type":"ImageObject","inLanguage":"es","@id":"http:\/\/elregionalvm.com.ar\/noticias-villa-maria\/#\/schema\/person\/image\/","url":"https:\/\/secure.gravatar.com\/avatar\/265b27cb2209af7bb3a1318f03305787d7981a5cc6e6cd08fe5a4ecdf99d4b48?s=96&d=mm&r=g","contentUrl":"https:\/\/secure.gravatar.com\/avatar\/265b27cb2209af7bb3a1318f03305787d7981a5cc6e6cd08fe5a4ecdf99d4b48?s=96&d=mm&r=g","caption":"Contenidos El Regional"},"url":"https:\/\/elregionalvm.com.ar\/noticias-villa-maria\/author\/contenido\/"}]}},"jetpack_featured_media_url":"https:\/\/i0.wp.com\/elregionalvm.com.ar\/noticias-villa-maria\/wp-content\/uploads\/2021\/12\/gill-renuncio-banca.jpg?fit=1072%2C572&ssl=1","jetpack_sharing_enabled":true,"_links":{"self":[{"href":"https:\/\/elregionalvm.com.ar\/noticias-villa-maria\/wp-json\/wp\/v2\/posts\/49273","targetHints":{"allow":["GET"]}}],"collection":[{"href":"https:\/\/elregionalvm.com.ar\/noticias-villa-maria\/wp-json\/wp\/v2\/posts"}],"about":[{"href":"https:\/\/elregionalvm.com.ar\/noticias-villa-maria\/wp-json\/wp\/v2\/types\/post"}],"author":[{"embeddable":true,"href":"https:\/\/elregionalvm.com.ar\/noticias-villa-maria\/wp-json\/wp\/v2\/users\/4"}],"replies":[{"embeddable":true,"href":"https:\/\/elregionalvm.com.ar\/noticias-villa-maria\/wp-json\/wp\/v2\/comments?post=49273"}],"version-history":[{"count":2,"href":"https:\/\/elregionalvm.com.ar\/noticias-villa-maria\/wp-json\/wp\/v2\/posts\/49273\/revisions"}],"predecessor-version":[{"id":49277,"href":"https:\/\/elregionalvm.com.ar\/noticias-villa-maria\/wp-json\/wp\/v2\/posts\/49273\/revisions\/49277"}],"wp:featuredmedia":[{"embeddable":true,"href":"https:\/\/elregionalvm.com.ar\/noticias-villa-maria\/wp-json\/wp\/v2\/media\/49275"}],"wp:attachment":[{"href":"https:\/\/elregionalvm.com.ar\/noticias-villa-maria\/wp-json\/wp\/v2\/media?parent=49273"}],"wp:term":[{"taxonomy":"category","embeddable":true,"href":"https:\/\/elregionalvm.com.ar\/noticias-villa-maria\/wp-json\/wp\/v2\/categories?post=49273"},{"taxonomy":"post_tag","embeddable":true,"href":"https:\/\/elregionalvm.com.ar\/noticias-villa-maria\/wp-json\/wp\/v2\/tags?post=49273"}],"curies":[{"name":"wp","href":"https:\/\/api.w.org\/{rel}","templated":true}]}}