{"id":49283,"date":"2021-12-07T22:37:04","date_gmt":"2021-12-07T22:37:04","guid":{"rendered":"https:\/\/elregionalvm.com.ar\/noticias-villa-maria\/?p=49283"},"modified":"2021-12-07T22:37:50","modified_gmt":"2021-12-07T22:37:50","slug":"cladera-y-lopez-dicen-que-no-avalaran-una-nueva-licencia-de-gill","status":"publish","type":"post","link":"https:\/\/elregionalvm.com.ar\/noticias-villa-maria\/cladera-y-lopez-dicen-que-no-avalaran-una-nueva-licencia-de-gill\/","title":{"rendered":"Cladera y L\u00f3pez dicen que no avalar\u00e1n una nueva licencia de Gill"},"content":{"rendered":"\n<p>Desde el bloque escindido Somos, integrado por los concejales Juan Carlos Cladera y Daniel L\u00f3pez, se\u00f1alaron a trav\u00e9s de un comunicado que no votar\u00e1n afirmativamente un nuevo pedido de licencia de Mart\u00edn Gill como intendente de Villa Mar\u00eda. <\/p>\n\n\n\n<p>Recordamos que Mart\u00edn Gill renunci\u00f3 a la banca obtenida como diputado y su intenci\u00f3n es seguir como Secretario de Obras P\u00fablicas de la Naci\u00f3n y su licencia vence el pr\u00f3ximo 27 de diciembre. Algunas versiones indican, que de no obtener un nuevo goce de licencia, volver\u00eda al frente del Ejecutivo local, porque no querr\u00eda ir a elecciones. <\/p>\n\n\n\n<p>Aqu\u00ed les dejamos el comunicado de Cladera y L\u00f3pez:<\/p>\n\n\n\n<figure class=\"wp-block-image size-large\"><img data-recalc-dims=\"1\" fetchpriority=\"high\" decoding=\"async\" width=\"768\" height=\"1024\" src=\"https:\/\/i0.wp.com\/elregionalvm.com.ar\/noticias-villa-maria\/wp-content\/uploads\/2021\/12\/WhatsApp-Image-2021-12-07-at-19.16.40.jpeg?resize=768%2C1024&#038;ssl=1\" alt=\"\" class=\"wp-image-49284\" srcset=\"https:\/\/i0.wp.com\/elregionalvm.com.ar\/noticias-villa-maria\/wp-content\/uploads\/2021\/12\/WhatsApp-Image-2021-12-07-at-19.16.40.jpeg?resize=768%2C1024&amp;ssl=1 768w, https:\/\/i0.wp.com\/elregionalvm.com.ar\/noticias-villa-maria\/wp-content\/uploads\/2021\/12\/WhatsApp-Image-2021-12-07-at-19.16.40.jpeg?resize=225%2C300&amp;ssl=1 225w, https:\/\/i0.wp.com\/elregionalvm.com.ar\/noticias-villa-maria\/wp-content\/uploads\/2021\/12\/WhatsApp-Image-2021-12-07-at-19.16.40.jpeg?w=1125&amp;ssl=1 1125w\" sizes=\"(max-width: 768px) 100vw, 768px\" \/><\/figure>\n","protected":false},"excerpt":{"rendered":"<p>Desde el bloque escindido Somos, integrado por los concejales Juan Carlos Cladera y Daniel L\u00f3pez, se\u00f1alaron a trav\u00e9s de un comunicado que no votar\u00e1n afirmativamente un nuevo pedido de licencia de Mart\u00edn Gill como intendente de Villa Mar\u00eda. Recordamos que Mart\u00edn Gill renunci\u00f3 a la banca obtenida como diputado y su intenci\u00f3n es seguir como [&hellip;]<\/p>\n","protected":false},"author":4,"featured_media":49285,"comment_status":"open","ping_status":"open","sticky":false,"template":"","format":"standard","meta":{"site-sidebar-layout":"default","site-content-layout":"default","ast-site-content-layout":"default","site-content-style":"default","site-sidebar-style":"default","ast-global-header-display":"","ast-banner-title-visibility":"","ast-main-header-display":"","ast-hfb-above-header-display":"","ast-hfb-below-header-display":"","ast-hfb-mobile-header-display":"","site-post-title":"","ast-breadcrumbs-content":"","ast-featured-img":"","footer-sml-layout":"","ast-disable-related-posts":"","theme-transparent-header-meta":"default","adv-header-id-meta":"","stick-header-meta":"","header-above-stick-meta":"","header-main-stick-meta":"","header-below-stick-meta":"","astra-migrate-meta-layouts":"default","ast-page-background-enabled":"default","ast-page-background-meta":{"desktop":{"background-color":"","background-image":"","background-repeat":"repeat","background-position":"center center","background-size":"auto","background-attachment":"scroll","background-type":"","background-media":"","overlay-type":"","overlay-color":"","overlay-opacity":"","overlay-gradient":""},"tablet":{"background-color":"","background-image":"","background-repeat":"repeat","background-position":"center center","background-size":"auto","background-attachment":"scroll","background-type":"","background-media":"","overlay-type":"","overlay-color":"","overlay-opacity":"","overlay-gradient":""},"mobile":{"background-color":"","background-image":"","background-repeat":"repeat","background-position":"center center","background-size":"auto","background-attachment":"scroll","background-type":"","background-media":"","overlay-type":"","overlay-color":"","overlay-opacity":"","overlay-gradient":""}},"ast-content-background-meta":{"desktop":{"background-color":"var(--ast-global-color-5)","background-image":"","background-repeat":"repeat","background-position":"center center","background-size":"auto","background-attachment":"scroll","background-type":"","background-media":"","overlay-type":"","overlay-color":"","overlay-opacity":"","overlay-gradient":""},"tablet":{"background-color":"var(--ast-global-color-5)","background-image":"","background-repeat":"repeat","background-position":"center center","background-size":"auto","background-attachment":"scroll","background-type":"","background-media":"","overlay-type":"","overlay-color":"","overlay-opacity":"","overlay-gradient":""},"mobile":{"background-color":"var(--ast-global-color-5)","background-image":"","background-repeat":"repeat","background-position":"center center","background-size":"auto","background-attachment":"scroll","background-type":"","background-media":"","overlay-type":"","overlay-color":"","overlay-opacity":"","overlay-gradient":""}},"_jetpack_memberships_contains_paid_content":false,"_joinchat":[],"footnotes":""},"categories":[2089],"tags":[12699,2524,1232,12702,1125,12701,12700,2248],"class_list":["post-49283","post","type-post","status-publish","format-standard","has-post-thumbnail","hentry","category-politica","tag-cladera-y-lopez-2","tag-comunicado","tag-destacado","tag-destataco","tag-martin-gill","tag-negaran-voto-a-licencia","tag-sin-aval-a-licencia","tag-villa-maria-2"],"yoast_head":"<!-- This site is optimized with the Yoast SEO plugin v26.8 - https:\/\/yoast.com\/product\/yoast-seo-wordpress\/ -->\n<title>Cladera y L\u00f3pez dicen que no avalar\u00e1n una nueva licencia de Gill - El Regional<\/title>\n<meta name=\"robots\" content=\"index, follow, max-snippet:-1, max-image-preview:large, max-video-preview:-1\" \/>\n<link rel=\"canonical\" href=\"http:\/\/elregionalvm.com.ar\/noticias-villa-maria\/cladera-y-lopez-dicen-que-no-avalaran-una-nueva-licencia-de-gill\/\" \/>\n<meta property=\"og:locale\" content=\"es_ES\" \/>\n<meta property=\"og:type\" content=\"article\" \/>\n<meta property=\"og:title\" content=\"Cladera y L\u00f3pez dicen que no avalar\u00e1n una nueva licencia de Gill - El Regional\" \/>\n<meta property=\"og:description\" content=\"Desde el bloque escindido Somos, integrado por los concejales Juan Carlos Cladera y Daniel L\u00f3pez, se\u00f1alaron a trav\u00e9s de un comunicado que no votar\u00e1n afirmativamente un nuevo pedido de licencia de Mart\u00edn Gill como intendente de Villa Mar\u00eda. Recordamos que Mart\u00edn Gill renunci\u00f3 a la banca obtenida como diputado y su intenci\u00f3n es seguir como [&hellip;]\" \/>\n<meta property=\"og:url\" content=\"http:\/\/elregionalvm.com.ar\/noticias-villa-maria\/cladera-y-lopez-dicen-que-no-avalaran-una-nueva-licencia-de-gill\/\" \/>\n<meta property=\"og:site_name\" content=\"El Regional\" \/>\n<meta property=\"article:publisher\" content=\"https:\/\/www.facebook.com\/elregionalvm\" \/>\n<meta property=\"article:published_time\" content=\"2021-12-07T22:37:04+00:00\" \/>\n<meta property=\"article:modified_time\" content=\"2021-12-07T22:37:50+00:00\" \/>\n<meta property=\"og:image\" content=\"http:\/\/elregionalvm.com.ar\/noticias-villa-maria\/wp-content\/uploads\/2021\/12\/cladera-y-lopez-1.jpg\" \/>\n\t<meta property=\"og:image:width\" content=\"800\" \/>\n\t<meta property=\"og:image:height\" content=\"449\" \/>\n\t<meta property=\"og:image:type\" content=\"image\/jpeg\" \/>\n<meta name=\"author\" content=\"Contenidos El Regional\" \/>\n<meta name=\"twitter:card\" content=\"summary_large_image\" \/>\n<meta name=\"twitter:creator\" content=\"@elregionalvm1\" \/>\n<meta name=\"twitter:site\" content=\"@elregionalvm1\" \/>\n<meta name=\"twitter:label1\" content=\"Escrito por\" \/>\n\t<meta name=\"twitter:data1\" content=\"Contenidos El Regional\" \/>\n\t<meta name=\"twitter:label2\" content=\"Tiempo de lectura\" \/>\n\t<meta name=\"twitter:data2\" content=\"1 minuto\" \/>\n<script type=\"application\/ld+json\" class=\"yoast-schema-graph\">{\"@context\":\"https:\/\/schema.org\",\"@graph\":[{\"@type\":\"Article\",\"@id\":\"http:\/\/elregionalvm.com.ar\/noticias-villa-maria\/cladera-y-lopez-dicen-que-no-avalaran-una-nueva-licencia-de-gill\/#article\",\"isPartOf\":{\"@id\":\"http:\/\/elregionalvm.com.ar\/noticias-villa-maria\/cladera-y-lopez-dicen-que-no-avalaran-una-nueva-licencia-de-gill\/\"},\"author\":{\"name\":\"Contenidos El Regional\",\"@id\":\"http:\/\/elregionalvm.com.ar\/noticias-villa-maria\/#\/schema\/person\/a0fb9c422317faca23d50163151bc354\"},\"headline\":\"Cladera y L\u00f3pez dicen que no avalar\u00e1n una nueva licencia de Gill\",\"datePublished\":\"2021-12-07T22:37:04+00:00\",\"dateModified\":\"2021-12-07T22:37:50+00:00\",\"mainEntityOfPage\":{\"@id\":\"http:\/\/elregionalvm.com.ar\/noticias-villa-maria\/cladera-y-lopez-dicen-que-no-avalaran-una-nueva-licencia-de-gill\/\"},\"wordCount\":131,\"commentCount\":0,\"image\":{\"@id\":\"http:\/\/elregionalvm.com.ar\/noticias-villa-maria\/cladera-y-lopez-dicen-que-no-avalaran-una-nueva-licencia-de-gill\/#primaryimage\"},\"thumbnailUrl\":\"https:\/\/i0.wp.com\/elregionalvm.com.ar\/noticias-villa-maria\/wp-content\/uploads\/2021\/12\/cladera-y-lopez-1.jpg?fit=800%2C449&ssl=1\",\"keywords\":[\"Cladera y L\u00f2pez\",\"Comunicado\",\"destacado\",\"destataco\",\"mart\u00edn gill\",\"negar\u00e1n voto a licencia\",\"sin aval a licencia\",\"Villa Mar\u00eda\"],\"articleSection\":[\"Pol\u00edtica\"],\"inLanguage\":\"es\",\"potentialAction\":[{\"@type\":\"CommentAction\",\"name\":\"Comment\",\"target\":[\"http:\/\/elregionalvm.com.ar\/noticias-villa-maria\/cladera-y-lopez-dicen-que-no-avalaran-una-nueva-licencia-de-gill\/#respond\"]}]},{\"@type\":\"WebPage\",\"@id\":\"http:\/\/elregionalvm.com.ar\/noticias-villa-maria\/cladera-y-lopez-dicen-que-no-avalaran-una-nueva-licencia-de-gill\/\",\"url\":\"http:\/\/elregionalvm.com.ar\/noticias-villa-maria\/cladera-y-lopez-dicen-que-no-avalaran-una-nueva-licencia-de-gill\/\",\"name\":\"Cladera y L\u00f3pez dicen que no avalar\u00e1n una nueva licencia de Gill - El Regional\",\"isPartOf\":{\"@id\":\"http:\/\/elregionalvm.com.ar\/noticias-villa-maria\/#website\"},\"primaryImageOfPage\":{\"@id\":\"http:\/\/elregionalvm.com.ar\/noticias-villa-maria\/cladera-y-lopez-dicen-que-no-avalaran-una-nueva-licencia-de-gill\/#primaryimage\"},\"image\":{\"@id\":\"http:\/\/elregionalvm.com.ar\/noticias-villa-maria\/cladera-y-lopez-dicen-que-no-avalaran-una-nueva-licencia-de-gill\/#primaryimage\"},\"thumbnailUrl\":\"https:\/\/i0.wp.com\/elregionalvm.com.ar\/noticias-villa-maria\/wp-content\/uploads\/2021\/12\/cladera-y-lopez-1.jpg?fit=800%2C449&ssl=1\",\"datePublished\":\"2021-12-07T22:37:04+00:00\",\"dateModified\":\"2021-12-07T22:37:50+00:00\",\"author\":{\"@id\":\"http:\/\/elregionalvm.com.ar\/noticias-villa-maria\/#\/schema\/person\/a0fb9c422317faca23d50163151bc354\"},\"breadcrumb\":{\"@id\":\"http:\/\/elregionalvm.com.ar\/noticias-villa-maria\/cladera-y-lopez-dicen-que-no-avalaran-una-nueva-licencia-de-gill\/#breadcrumb\"},\"inLanguage\":\"es\",\"potentialAction\":[{\"@type\":\"ReadAction\",\"target\":[\"http:\/\/elregionalvm.com.ar\/noticias-villa-maria\/cladera-y-lopez-dicen-que-no-avalaran-una-nueva-licencia-de-gill\/\"]}]},{\"@type\":\"ImageObject\",\"inLanguage\":\"es\",\"@id\":\"http:\/\/elregionalvm.com.ar\/noticias-villa-maria\/cladera-y-lopez-dicen-que-no-avalaran-una-nueva-licencia-de-gill\/#primaryimage\",\"url\":\"https:\/\/i0.wp.com\/elregionalvm.com.ar\/noticias-villa-maria\/wp-content\/uploads\/2021\/12\/cladera-y-lopez-1.jpg?fit=800%2C449&ssl=1\",\"contentUrl\":\"https:\/\/i0.wp.com\/elregionalvm.com.ar\/noticias-villa-maria\/wp-content\/uploads\/2021\/12\/cladera-y-lopez-1.jpg?fit=800%2C449&ssl=1\",\"width\":800,\"height\":449},{\"@type\":\"BreadcrumbList\",\"@id\":\"http:\/\/elregionalvm.com.ar\/noticias-villa-maria\/cladera-y-lopez-dicen-que-no-avalaran-una-nueva-licencia-de-gill\/#breadcrumb\",\"itemListElement\":[{\"@type\":\"ListItem\",\"position\":1,\"name\":\"Portada\",\"item\":\"https:\/\/elregionalvm.com.ar\/noticias-villa-maria\/\"},{\"@type\":\"ListItem\",\"position\":2,\"name\":\"Cladera y L\u00f3pez dicen que no avalar\u00e1n una nueva licencia de Gill\"}]},{\"@type\":\"WebSite\",\"@id\":\"http:\/\/elregionalvm.com.ar\/noticias-villa-maria\/#website\",\"url\":\"http:\/\/elregionalvm.com.ar\/noticias-villa-maria\/\",\"name\":\"El Regional\",\"description\":\"Mucho m\u00e1s que informaci\u00f3n\",\"potentialAction\":[{\"@type\":\"SearchAction\",\"target\":{\"@type\":\"EntryPoint\",\"urlTemplate\":\"http:\/\/elregionalvm.com.ar\/noticias-villa-maria\/?s={search_term_string}\"},\"query-input\":{\"@type\":\"PropertyValueSpecification\",\"valueRequired\":true,\"valueName\":\"search_term_string\"}}],\"inLanguage\":\"es\"},{\"@type\":\"Person\",\"@id\":\"http:\/\/elregionalvm.com.ar\/noticias-villa-maria\/#\/schema\/person\/a0fb9c422317faca23d50163151bc354\",\"name\":\"Contenidos El Regional\",\"image\":{\"@type\":\"ImageObject\",\"inLanguage\":\"es\",\"@id\":\"http:\/\/elregionalvm.com.ar\/noticias-villa-maria\/#\/schema\/person\/image\/\",\"url\":\"https:\/\/secure.gravatar.com\/avatar\/265b27cb2209af7bb3a1318f03305787d7981a5cc6e6cd08fe5a4ecdf99d4b48?s=96&d=mm&r=g\",\"contentUrl\":\"https:\/\/secure.gravatar.com\/avatar\/265b27cb2209af7bb3a1318f03305787d7981a5cc6e6cd08fe5a4ecdf99d4b48?s=96&d=mm&r=g\",\"caption\":\"Contenidos El Regional\"},\"url\":\"https:\/\/elregionalvm.com.ar\/noticias-villa-maria\/author\/contenido\/\"}]}<\/script>\n<!-- \/ Yoast SEO plugin. -->","yoast_head_json":{"title":"Cladera y L\u00f3pez dicen que no avalar\u00e1n una nueva licencia de Gill - El Regional","robots":{"index":"index","follow":"follow","max-snippet":"max-snippet:-1","max-image-preview":"max-image-preview:large","max-video-preview":"max-video-preview:-1"},"canonical":"http:\/\/elregionalvm.com.ar\/noticias-villa-maria\/cladera-y-lopez-dicen-que-no-avalaran-una-nueva-licencia-de-gill\/","og_locale":"es_ES","og_type":"article","og_title":"Cladera y L\u00f3pez dicen que no avalar\u00e1n una nueva licencia de Gill - El Regional","og_description":"Desde el bloque escindido Somos, integrado por los concejales Juan Carlos Cladera y Daniel L\u00f3pez, se\u00f1alaron a trav\u00e9s de un comunicado que no votar\u00e1n afirmativamente un nuevo pedido de licencia de Mart\u00edn Gill como intendente de Villa Mar\u00eda. Recordamos que Mart\u00edn Gill renunci\u00f3 a la banca obtenida como diputado y su intenci\u00f3n es seguir como [&hellip;]","og_url":"http:\/\/elregionalvm.com.ar\/noticias-villa-maria\/cladera-y-lopez-dicen-que-no-avalaran-una-nueva-licencia-de-gill\/","og_site_name":"El Regional","article_publisher":"https:\/\/www.facebook.com\/elregionalvm","article_published_time":"2021-12-07T22:37:04+00:00","article_modified_time":"2021-12-07T22:37:50+00:00","og_image":[{"width":800,"height":449,"url":"http:\/\/elregionalvm.com.ar\/noticias-villa-maria\/wp-content\/uploads\/2021\/12\/cladera-y-lopez-1.jpg","type":"image\/jpeg"}],"author":"Contenidos El Regional","twitter_card":"summary_large_image","twitter_creator":"@elregionalvm1","twitter_site":"@elregionalvm1","twitter_misc":{"Escrito por":"Contenidos El Regional","Tiempo de lectura":"1 minuto"},"schema":{"@context":"https:\/\/schema.org","@graph":[{"@type":"Article","@id":"http:\/\/elregionalvm.com.ar\/noticias-villa-maria\/cladera-y-lopez-dicen-que-no-avalaran-una-nueva-licencia-de-gill\/#article","isPartOf":{"@id":"http:\/\/elregionalvm.com.ar\/noticias-villa-maria\/cladera-y-lopez-dicen-que-no-avalaran-una-nueva-licencia-de-gill\/"},"author":{"name":"Contenidos El Regional","@id":"http:\/\/elregionalvm.com.ar\/noticias-villa-maria\/#\/schema\/person\/a0fb9c422317faca23d50163151bc354"},"headline":"Cladera y L\u00f3pez dicen que no avalar\u00e1n una nueva licencia de Gill","datePublished":"2021-12-07T22:37:04+00:00","dateModified":"2021-12-07T22:37:50+00:00","mainEntityOfPage":{"@id":"http:\/\/elregionalvm.com.ar\/noticias-villa-maria\/cladera-y-lopez-dicen-que-no-avalaran-una-nueva-licencia-de-gill\/"},"wordCount":131,"commentCount":0,"image":{"@id":"http:\/\/elregionalvm.com.ar\/noticias-villa-maria\/cladera-y-lopez-dicen-que-no-avalaran-una-nueva-licencia-de-gill\/#primaryimage"},"thumbnailUrl":"https:\/\/i0.wp.com\/elregionalvm.com.ar\/noticias-villa-maria\/wp-content\/uploads\/2021\/12\/cladera-y-lopez-1.jpg?fit=800%2C449&ssl=1","keywords":["Cladera y L\u00f2pez","Comunicado","destacado","destataco","mart\u00edn gill","negar\u00e1n voto a licencia","sin aval a licencia","Villa Mar\u00eda"],"articleSection":["Pol\u00edtica"],"inLanguage":"es","potentialAction":[{"@type":"CommentAction","name":"Comment","target":["http:\/\/elregionalvm.com.ar\/noticias-villa-maria\/cladera-y-lopez-dicen-que-no-avalaran-una-nueva-licencia-de-gill\/#respond"]}]},{"@type":"WebPage","@id":"http:\/\/elregionalvm.com.ar\/noticias-villa-maria\/cladera-y-lopez-dicen-que-no-avalaran-una-nueva-licencia-de-gill\/","url":"http:\/\/elregionalvm.com.ar\/noticias-villa-maria\/cladera-y-lopez-dicen-que-no-avalaran-una-nueva-licencia-de-gill\/","name":"Cladera y L\u00f3pez dicen que no avalar\u00e1n una nueva licencia de Gill - El Regional","isPartOf":{"@id":"http:\/\/elregionalvm.com.ar\/noticias-villa-maria\/#website"},"primaryImageOfPage":{"@id":"http:\/\/elregionalvm.com.ar\/noticias-villa-maria\/cladera-y-lopez-dicen-que-no-avalaran-una-nueva-licencia-de-gill\/#primaryimage"},"image":{"@id":"http:\/\/elregionalvm.com.ar\/noticias-villa-maria\/cladera-y-lopez-dicen-que-no-avalaran-una-nueva-licencia-de-gill\/#primaryimage"},"thumbnailUrl":"https:\/\/i0.wp.com\/elregionalvm.com.ar\/noticias-villa-maria\/wp-content\/uploads\/2021\/12\/cladera-y-lopez-1.jpg?fit=800%2C449&ssl=1","datePublished":"2021-12-07T22:37:04+00:00","dateModified":"2021-12-07T22:37:50+00:00","author":{"@id":"http:\/\/elregionalvm.com.ar\/noticias-villa-maria\/#\/schema\/person\/a0fb9c422317faca23d50163151bc354"},"breadcrumb":{"@id":"http:\/\/elregionalvm.com.ar\/noticias-villa-maria\/cladera-y-lopez-dicen-que-no-avalaran-una-nueva-licencia-de-gill\/#breadcrumb"},"inLanguage":"es","potentialAction":[{"@type":"ReadAction","target":["http:\/\/elregionalvm.com.ar\/noticias-villa-maria\/cladera-y-lopez-dicen-que-no-avalaran-una-nueva-licencia-de-gill\/"]}]},{"@type":"ImageObject","inLanguage":"es","@id":"http:\/\/elregionalvm.com.ar\/noticias-villa-maria\/cladera-y-lopez-dicen-que-no-avalaran-una-nueva-licencia-de-gill\/#primaryimage","url":"https:\/\/i0.wp.com\/elregionalvm.com.ar\/noticias-villa-maria\/wp-content\/uploads\/2021\/12\/cladera-y-lopez-1.jpg?fit=800%2C449&ssl=1","contentUrl":"https:\/\/i0.wp.com\/elregionalvm.com.ar\/noticias-villa-maria\/wp-content\/uploads\/2021\/12\/cladera-y-lopez-1.jpg?fit=800%2C449&ssl=1","width":800,"height":449},{"@type":"BreadcrumbList","@id":"http:\/\/elregionalvm.com.ar\/noticias-villa-maria\/cladera-y-lopez-dicen-que-no-avalaran-una-nueva-licencia-de-gill\/#breadcrumb","itemListElement":[{"@type":"ListItem","position":1,"name":"Portada","item":"https:\/\/elregionalvm.com.ar\/noticias-villa-maria\/"},{"@type":"ListItem","position":2,"name":"Cladera y L\u00f3pez dicen que no avalar\u00e1n una nueva licencia de Gill"}]},{"@type":"WebSite","@id":"http:\/\/elregionalvm.com.ar\/noticias-villa-maria\/#website","url":"http:\/\/elregionalvm.com.ar\/noticias-villa-maria\/","name":"El Regional","description":"Mucho m\u00e1s que informaci\u00f3n","potentialAction":[{"@type":"SearchAction","target":{"@type":"EntryPoint","urlTemplate":"http:\/\/elregionalvm.com.ar\/noticias-villa-maria\/?s={search_term_string}"},"query-input":{"@type":"PropertyValueSpecification","valueRequired":true,"valueName":"search_term_string"}}],"inLanguage":"es"},{"@type":"Person","@id":"http:\/\/elregionalvm.com.ar\/noticias-villa-maria\/#\/schema\/person\/a0fb9c422317faca23d50163151bc354","name":"Contenidos El Regional","image":{"@type":"ImageObject","inLanguage":"es","@id":"http:\/\/elregionalvm.com.ar\/noticias-villa-maria\/#\/schema\/person\/image\/","url":"https:\/\/secure.gravatar.com\/avatar\/265b27cb2209af7bb3a1318f03305787d7981a5cc6e6cd08fe5a4ecdf99d4b48?s=96&d=mm&r=g","contentUrl":"https:\/\/secure.gravatar.com\/avatar\/265b27cb2209af7bb3a1318f03305787d7981a5cc6e6cd08fe5a4ecdf99d4b48?s=96&d=mm&r=g","caption":"Contenidos El Regional"},"url":"https:\/\/elregionalvm.com.ar\/noticias-villa-maria\/author\/contenido\/"}]}},"jetpack_featured_media_url":"https:\/\/i0.wp.com\/elregionalvm.com.ar\/noticias-villa-maria\/wp-content\/uploads\/2021\/12\/cladera-y-lopez-1.jpg?fit=800%2C449&ssl=1","jetpack_sharing_enabled":true,"_links":{"self":[{"href":"https:\/\/elregionalvm.com.ar\/noticias-villa-maria\/wp-json\/wp\/v2\/posts\/49283","targetHints":{"allow":["GET"]}}],"collection":[{"href":"https:\/\/elregionalvm.com.ar\/noticias-villa-maria\/wp-json\/wp\/v2\/posts"}],"about":[{"href":"https:\/\/elregionalvm.com.ar\/noticias-villa-maria\/wp-json\/wp\/v2\/types\/post"}],"author":[{"embeddable":true,"href":"https:\/\/elregionalvm.com.ar\/noticias-villa-maria\/wp-json\/wp\/v2\/users\/4"}],"replies":[{"embeddable":true,"href":"https:\/\/elregionalvm.com.ar\/noticias-villa-maria\/wp-json\/wp\/v2\/comments?post=49283"}],"version-history":[{"count":1,"href":"https:\/\/elregionalvm.com.ar\/noticias-villa-maria\/wp-json\/wp\/v2\/posts\/49283\/revisions"}],"predecessor-version":[{"id":49286,"href":"https:\/\/elregionalvm.com.ar\/noticias-villa-maria\/wp-json\/wp\/v2\/posts\/49283\/revisions\/49286"}],"wp:featuredmedia":[{"embeddable":true,"href":"https:\/\/elregionalvm.com.ar\/noticias-villa-maria\/wp-json\/wp\/v2\/media\/49285"}],"wp:attachment":[{"href":"https:\/\/elregionalvm.com.ar\/noticias-villa-maria\/wp-json\/wp\/v2\/media?parent=49283"}],"wp:term":[{"taxonomy":"category","embeddable":true,"href":"https:\/\/elregionalvm.com.ar\/noticias-villa-maria\/wp-json\/wp\/v2\/categories?post=49283"},{"taxonomy":"post_tag","embeddable":true,"href":"https:\/\/elregionalvm.com.ar\/noticias-villa-maria\/wp-json\/wp\/v2\/tags?post=49283"}],"curies":[{"name":"wp","href":"https:\/\/api.w.org\/{rel}","templated":true}]}}