{"id":49287,"date":"2021-12-07T22:45:36","date_gmt":"2021-12-07T22:45:36","guid":{"rendered":"https:\/\/elregionalvm.com.ar\/noticias-villa-maria\/?p=49287"},"modified":"2021-12-07T22:45:37","modified_gmt":"2021-12-07T22:45:37","slug":"asistencia-y-caps-mayores-de-3-anos-pueden-vacunarse-sin-turno","status":"publish","type":"post","link":"https:\/\/elregionalvm.com.ar\/noticias-villa-maria\/asistencia-y-caps-mayores-de-3-anos-pueden-vacunarse-sin-turno\/","title":{"rendered":"[Asistencia y CAPS] Mayores de 3 a\u00f1os pueden vacunarse sin turno"},"content":{"rendered":"\n<p>Conforme a lo establecido por el Ministerio de Salud de la Provincia, el municipio iniciar\u00e1 el jueves, tras el feriado, con la colocaci\u00f3n de terceras dosis contra el covid a mayores de tres a\u00f1os que hayan recibido el segundo componente hace seis meses o m\u00e1s. El proceso vacunatorio, llevado adelante por la Secretar\u00eda de Salud, tendr\u00e1 lugar en la Asistencia P\u00fablica y en todos los Centros de Atenci\u00f3n Primaria de la Salud (CAPS).<\/p>\n\n\n\n<p>Al respecto, brind\u00f3 detalles la coordinadora de Vacunaci\u00f3n del municipio, Lorena Tottis, quien reforz\u00f3 la importancia de respetar el intervalo necesario entre dosis, ya que s\u00f3lo ser\u00e1n inmunizados quienes cumplan con dicho requisito. Asimismo, indic\u00f3: \u201cAquellas personas pertenecientes a los grupos de inmunocomprometidos deber\u00e1n presentar un certificado m\u00e9dico que avale la necesidad de completar el esquema con tercera dosis por fuera de los tiempos establecidos\u201d.<\/p>\n\n\n\n<p>Al mismo tiempo, Tottis se\u00f1al\u00f3 que \u201clos puntos habilitados para llevar adelante las inmunizaciones cuentan con primeras, segundas y terceras dosis disponibles para cubrir la demanda\u201d. En este sentido, hizo referencia a los altos n\u00fameros de vacunaci\u00f3n alcanzados en la ciudad, con m\u00e1s de 90.000 personas inoculadas con primera dosis y m\u00e1s de 70.000 con el segundo componente.<\/p>\n\n\n\n<p>En cuanto a las terceras aplicaciones concretadas, la responsable del \u00e1rea de Vacunaci\u00f3n detall\u00f3 que los n\u00fameros reflejan un promedio de 2.200 personas, entre las que se destacan vecinos y vecinas de entre 60 y 70 a\u00f1os junto a personal de Salud y docentes. Se trata de grupos prioritarios que contaban al momento de la inmunizaci\u00f3n con el lapso de tiempo requerido desde la colocaci\u00f3n del segundo componente.<\/p>\n\n\n\n<p>Cabe recordar que tras dejar de funcionar el Centro de Vacunaci\u00f3n con sede en la UTN, las personas deben concurrir con el carnet de vacunaci\u00f3n al CAPS m\u00e1s cercano a su domicilio en los horarios de atenci\u00f3n habitual de cada punto. Del mismo modo, en la Asistencia P\u00fablica se efectuar\u00e1n las vacunaciones de lunes a viernes en los horarios de 7:00 a 19:00 horas.<\/p>\n","protected":false},"excerpt":{"rendered":"<p>Conforme a lo establecido por el Ministerio de Salud de la Provincia, el municipio iniciar\u00e1 el jueves, tras el feriado, con la colocaci\u00f3n de terceras dosis contra el covid a mayores de tres a\u00f1os que hayan recibido el segundo componente hace seis meses o m\u00e1s. El proceso vacunatorio, llevado adelante por la Secretar\u00eda de Salud, [&hellip;]<\/p>\n","protected":false},"author":4,"featured_media":49288,"comment_status":"open","ping_status":"open","sticky":false,"template":"","format":"standard","meta":{"site-sidebar-layout":"default","site-content-layout":"default","ast-site-content-layout":"default","site-content-style":"default","site-sidebar-style":"default","ast-global-header-display":"","ast-banner-title-visibility":"","ast-main-header-display":"","ast-hfb-above-header-display":"","ast-hfb-below-header-display":"","ast-hfb-mobile-header-display":"","site-post-title":"","ast-breadcrumbs-content":"","ast-featured-img":"","footer-sml-layout":"","ast-disable-related-posts":"","theme-transparent-header-meta":"default","adv-header-id-meta":"","stick-header-meta":"","header-above-stick-meta":"","header-main-stick-meta":"","header-below-stick-meta":"","astra-migrate-meta-layouts":"default","ast-page-background-enabled":"default","ast-page-background-meta":{"desktop":{"background-color":"","background-image":"","background-repeat":"repeat","background-position":"center center","background-size":"auto","background-attachment":"scroll","background-type":"","background-media":"","overlay-type":"","overlay-color":"","overlay-opacity":"","overlay-gradient":""},"tablet":{"background-color":"","background-image":"","background-repeat":"repeat","background-position":"center center","background-size":"auto","background-attachment":"scroll","background-type":"","background-media":"","overlay-type":"","overlay-color":"","overlay-opacity":"","overlay-gradient":""},"mobile":{"background-color":"","background-image":"","background-repeat":"repeat","background-position":"center center","background-size":"auto","background-attachment":"scroll","background-type":"","background-media":"","overlay-type":"","overlay-color":"","overlay-opacity":"","overlay-gradient":""}},"ast-content-background-meta":{"desktop":{"background-color":"var(--ast-global-color-5)","background-image":"","background-repeat":"repeat","background-position":"center center","background-size":"auto","background-attachment":"scroll","background-type":"","background-media":"","overlay-type":"","overlay-color":"","overlay-opacity":"","overlay-gradient":""},"tablet":{"background-color":"var(--ast-global-color-5)","background-image":"","background-repeat":"repeat","background-position":"center center","background-size":"auto","background-attachment":"scroll","background-type":"","background-media":"","overlay-type":"","overlay-color":"","overlay-opacity":"","overlay-gradient":""},"mobile":{"background-color":"var(--ast-global-color-5)","background-image":"","background-repeat":"repeat","background-position":"center center","background-size":"auto","background-attachment":"scroll","background-type":"","background-media":"","overlay-type":"","overlay-color":"","overlay-opacity":"","overlay-gradient":""}},"_jetpack_memberships_contains_paid_content":false,"_joinchat":[],"footnotes":""},"categories":[2],"tags":[2336,2225,2865,1232,12703,10701,2318],"class_list":["post-49287","post","type-post","status-publish","format-standard","has-post-thumbnail","hentry","category-villa-maria","tag-asistencia","tag-caps","tag-covid-19-2","tag-destacado","tag-mayores-de-3-anos","tag-sin-turno","tag-vacunacion"],"yoast_head":"<!-- This site is optimized with the Yoast SEO plugin v26.8 - https:\/\/yoast.com\/product\/yoast-seo-wordpress\/ -->\n<title>[Asistencia y CAPS] Mayores de 3 a\u00f1os pueden vacunarse sin turno - El Regional<\/title>\n<meta name=\"robots\" content=\"index, follow, max-snippet:-1, max-image-preview:large, max-video-preview:-1\" \/>\n<link rel=\"canonical\" href=\"http:\/\/elregionalvm.com.ar\/noticias-villa-maria\/asistencia-y-caps-mayores-de-3-anos-pueden-vacunarse-sin-turno\/\" \/>\n<meta property=\"og:locale\" content=\"es_ES\" \/>\n<meta property=\"og:type\" content=\"article\" \/>\n<meta property=\"og:title\" content=\"[Asistencia y CAPS] Mayores de 3 a\u00f1os pueden vacunarse sin turno - El Regional\" \/>\n<meta property=\"og:description\" content=\"Conforme a lo establecido por el Ministerio de Salud de la Provincia, el municipio iniciar\u00e1 el jueves, tras el feriado, con la colocaci\u00f3n de terceras dosis contra el covid a mayores de tres a\u00f1os que hayan recibido el segundo componente hace seis meses o m\u00e1s. El proceso vacunatorio, llevado adelante por la Secretar\u00eda de Salud, [&hellip;]\" \/>\n<meta property=\"og:url\" content=\"http:\/\/elregionalvm.com.ar\/noticias-villa-maria\/asistencia-y-caps-mayores-de-3-anos-pueden-vacunarse-sin-turno\/\" \/>\n<meta property=\"og:site_name\" content=\"El Regional\" \/>\n<meta property=\"article:publisher\" content=\"https:\/\/www.facebook.com\/elregionalvm\" \/>\n<meta property=\"article:published_time\" content=\"2021-12-07T22:45:36+00:00\" \/>\n<meta property=\"article:modified_time\" content=\"2021-12-07T22:45:37+00:00\" \/>\n<meta property=\"og:image\" content=\"http:\/\/elregionalvm.com.ar\/noticias-villa-maria\/wp-content\/uploads\/2021\/12\/WhatsApp-Image-2021-12-07-at-14.18.15.jpeg\" \/>\n\t<meta property=\"og:image:width\" content=\"1280\" \/>\n\t<meta property=\"og:image:height\" content=\"853\" \/>\n\t<meta property=\"og:image:type\" content=\"image\/jpeg\" \/>\n<meta name=\"author\" content=\"Contenidos El Regional\" \/>\n<meta name=\"twitter:card\" content=\"summary_large_image\" \/>\n<meta name=\"twitter:creator\" content=\"@elregionalvm1\" \/>\n<meta name=\"twitter:site\" content=\"@elregionalvm1\" \/>\n<meta name=\"twitter:label1\" content=\"Escrito por\" \/>\n\t<meta name=\"twitter:data1\" content=\"Contenidos El Regional\" \/>\n\t<meta name=\"twitter:label2\" content=\"Tiempo de lectura\" \/>\n\t<meta name=\"twitter:data2\" content=\"2 minutos\" \/>\n<script type=\"application\/ld+json\" class=\"yoast-schema-graph\">{\"@context\":\"https:\/\/schema.org\",\"@graph\":[{\"@type\":\"Article\",\"@id\":\"http:\/\/elregionalvm.com.ar\/noticias-villa-maria\/asistencia-y-caps-mayores-de-3-anos-pueden-vacunarse-sin-turno\/#article\",\"isPartOf\":{\"@id\":\"http:\/\/elregionalvm.com.ar\/noticias-villa-maria\/asistencia-y-caps-mayores-de-3-anos-pueden-vacunarse-sin-turno\/\"},\"author\":{\"name\":\"Contenidos El Regional\",\"@id\":\"http:\/\/elregionalvm.com.ar\/noticias-villa-maria\/#\/schema\/person\/a0fb9c422317faca23d50163151bc354\"},\"headline\":\"[Asistencia y CAPS] Mayores de 3 a\u00f1os pueden vacunarse sin turno\",\"datePublished\":\"2021-12-07T22:45:36+00:00\",\"dateModified\":\"2021-12-07T22:45:37+00:00\",\"mainEntityOfPage\":{\"@id\":\"http:\/\/elregionalvm.com.ar\/noticias-villa-maria\/asistencia-y-caps-mayores-de-3-anos-pueden-vacunarse-sin-turno\/\"},\"wordCount\":359,\"commentCount\":0,\"image\":{\"@id\":\"http:\/\/elregionalvm.com.ar\/noticias-villa-maria\/asistencia-y-caps-mayores-de-3-anos-pueden-vacunarse-sin-turno\/#primaryimage\"},\"thumbnailUrl\":\"https:\/\/i0.wp.com\/elregionalvm.com.ar\/noticias-villa-maria\/wp-content\/uploads\/2021\/12\/WhatsApp-Image-2021-12-07-at-14.18.15.jpeg?fit=1280%2C853&ssl=1\",\"keywords\":[\"asistencia\",\"CAPS\",\"Covid 19\",\"destacado\",\"mayores de 3 a\u00f1os\",\"sin turno\",\"Vacunaci\u00f3n\"],\"articleSection\":[\"Villa Mar\u00eda\"],\"inLanguage\":\"es\",\"potentialAction\":[{\"@type\":\"CommentAction\",\"name\":\"Comment\",\"target\":[\"http:\/\/elregionalvm.com.ar\/noticias-villa-maria\/asistencia-y-caps-mayores-de-3-anos-pueden-vacunarse-sin-turno\/#respond\"]}]},{\"@type\":\"WebPage\",\"@id\":\"http:\/\/elregionalvm.com.ar\/noticias-villa-maria\/asistencia-y-caps-mayores-de-3-anos-pueden-vacunarse-sin-turno\/\",\"url\":\"http:\/\/elregionalvm.com.ar\/noticias-villa-maria\/asistencia-y-caps-mayores-de-3-anos-pueden-vacunarse-sin-turno\/\",\"name\":\"[Asistencia y CAPS] Mayores de 3 a\u00f1os pueden vacunarse sin turno - El Regional\",\"isPartOf\":{\"@id\":\"http:\/\/elregionalvm.com.ar\/noticias-villa-maria\/#website\"},\"primaryImageOfPage\":{\"@id\":\"http:\/\/elregionalvm.com.ar\/noticias-villa-maria\/asistencia-y-caps-mayores-de-3-anos-pueden-vacunarse-sin-turno\/#primaryimage\"},\"image\":{\"@id\":\"http:\/\/elregionalvm.com.ar\/noticias-villa-maria\/asistencia-y-caps-mayores-de-3-anos-pueden-vacunarse-sin-turno\/#primaryimage\"},\"thumbnailUrl\":\"https:\/\/i0.wp.com\/elregionalvm.com.ar\/noticias-villa-maria\/wp-content\/uploads\/2021\/12\/WhatsApp-Image-2021-12-07-at-14.18.15.jpeg?fit=1280%2C853&ssl=1\",\"datePublished\":\"2021-12-07T22:45:36+00:00\",\"dateModified\":\"2021-12-07T22:45:37+00:00\",\"author\":{\"@id\":\"http:\/\/elregionalvm.com.ar\/noticias-villa-maria\/#\/schema\/person\/a0fb9c422317faca23d50163151bc354\"},\"breadcrumb\":{\"@id\":\"http:\/\/elregionalvm.com.ar\/noticias-villa-maria\/asistencia-y-caps-mayores-de-3-anos-pueden-vacunarse-sin-turno\/#breadcrumb\"},\"inLanguage\":\"es\",\"potentialAction\":[{\"@type\":\"ReadAction\",\"target\":[\"http:\/\/elregionalvm.com.ar\/noticias-villa-maria\/asistencia-y-caps-mayores-de-3-anos-pueden-vacunarse-sin-turno\/\"]}]},{\"@type\":\"ImageObject\",\"inLanguage\":\"es\",\"@id\":\"http:\/\/elregionalvm.com.ar\/noticias-villa-maria\/asistencia-y-caps-mayores-de-3-anos-pueden-vacunarse-sin-turno\/#primaryimage\",\"url\":\"https:\/\/i0.wp.com\/elregionalvm.com.ar\/noticias-villa-maria\/wp-content\/uploads\/2021\/12\/WhatsApp-Image-2021-12-07-at-14.18.15.jpeg?fit=1280%2C853&ssl=1\",\"contentUrl\":\"https:\/\/i0.wp.com\/elregionalvm.com.ar\/noticias-villa-maria\/wp-content\/uploads\/2021\/12\/WhatsApp-Image-2021-12-07-at-14.18.15.jpeg?fit=1280%2C853&ssl=1\",\"width\":1280,\"height\":853},{\"@type\":\"BreadcrumbList\",\"@id\":\"http:\/\/elregionalvm.com.ar\/noticias-villa-maria\/asistencia-y-caps-mayores-de-3-anos-pueden-vacunarse-sin-turno\/#breadcrumb\",\"itemListElement\":[{\"@type\":\"ListItem\",\"position\":1,\"name\":\"Portada\",\"item\":\"https:\/\/elregionalvm.com.ar\/noticias-villa-maria\/\"},{\"@type\":\"ListItem\",\"position\":2,\"name\":\"[Asistencia y CAPS] Mayores de 3 a\u00f1os pueden vacunarse sin turno\"}]},{\"@type\":\"WebSite\",\"@id\":\"http:\/\/elregionalvm.com.ar\/noticias-villa-maria\/#website\",\"url\":\"http:\/\/elregionalvm.com.ar\/noticias-villa-maria\/\",\"name\":\"El Regional\",\"description\":\"Mucho m\u00e1s que informaci\u00f3n\",\"potentialAction\":[{\"@type\":\"SearchAction\",\"target\":{\"@type\":\"EntryPoint\",\"urlTemplate\":\"http:\/\/elregionalvm.com.ar\/noticias-villa-maria\/?s={search_term_string}\"},\"query-input\":{\"@type\":\"PropertyValueSpecification\",\"valueRequired\":true,\"valueName\":\"search_term_string\"}}],\"inLanguage\":\"es\"},{\"@type\":\"Person\",\"@id\":\"http:\/\/elregionalvm.com.ar\/noticias-villa-maria\/#\/schema\/person\/a0fb9c422317faca23d50163151bc354\",\"name\":\"Contenidos El Regional\",\"image\":{\"@type\":\"ImageObject\",\"inLanguage\":\"es\",\"@id\":\"http:\/\/elregionalvm.com.ar\/noticias-villa-maria\/#\/schema\/person\/image\/\",\"url\":\"https:\/\/secure.gravatar.com\/avatar\/265b27cb2209af7bb3a1318f03305787d7981a5cc6e6cd08fe5a4ecdf99d4b48?s=96&d=mm&r=g\",\"contentUrl\":\"https:\/\/secure.gravatar.com\/avatar\/265b27cb2209af7bb3a1318f03305787d7981a5cc6e6cd08fe5a4ecdf99d4b48?s=96&d=mm&r=g\",\"caption\":\"Contenidos El Regional\"},\"url\":\"https:\/\/elregionalvm.com.ar\/noticias-villa-maria\/author\/contenido\/\"}]}<\/script>\n<!-- \/ Yoast SEO plugin. -->","yoast_head_json":{"title":"[Asistencia y CAPS] Mayores de 3 a\u00f1os pueden vacunarse sin turno - El Regional","robots":{"index":"index","follow":"follow","max-snippet":"max-snippet:-1","max-image-preview":"max-image-preview:large","max-video-preview":"max-video-preview:-1"},"canonical":"http:\/\/elregionalvm.com.ar\/noticias-villa-maria\/asistencia-y-caps-mayores-de-3-anos-pueden-vacunarse-sin-turno\/","og_locale":"es_ES","og_type":"article","og_title":"[Asistencia y CAPS] Mayores de 3 a\u00f1os pueden vacunarse sin turno - El Regional","og_description":"Conforme a lo establecido por el Ministerio de Salud de la Provincia, el municipio iniciar\u00e1 el jueves, tras el feriado, con la colocaci\u00f3n de terceras dosis contra el covid a mayores de tres a\u00f1os que hayan recibido el segundo componente hace seis meses o m\u00e1s. El proceso vacunatorio, llevado adelante por la Secretar\u00eda de Salud, [&hellip;]","og_url":"http:\/\/elregionalvm.com.ar\/noticias-villa-maria\/asistencia-y-caps-mayores-de-3-anos-pueden-vacunarse-sin-turno\/","og_site_name":"El Regional","article_publisher":"https:\/\/www.facebook.com\/elregionalvm","article_published_time":"2021-12-07T22:45:36+00:00","article_modified_time":"2021-12-07T22:45:37+00:00","og_image":[{"width":1280,"height":853,"url":"http:\/\/elregionalvm.com.ar\/noticias-villa-maria\/wp-content\/uploads\/2021\/12\/WhatsApp-Image-2021-12-07-at-14.18.15.jpeg","type":"image\/jpeg"}],"author":"Contenidos El Regional","twitter_card":"summary_large_image","twitter_creator":"@elregionalvm1","twitter_site":"@elregionalvm1","twitter_misc":{"Escrito por":"Contenidos El Regional","Tiempo de lectura":"2 minutos"},"schema":{"@context":"https:\/\/schema.org","@graph":[{"@type":"Article","@id":"http:\/\/elregionalvm.com.ar\/noticias-villa-maria\/asistencia-y-caps-mayores-de-3-anos-pueden-vacunarse-sin-turno\/#article","isPartOf":{"@id":"http:\/\/elregionalvm.com.ar\/noticias-villa-maria\/asistencia-y-caps-mayores-de-3-anos-pueden-vacunarse-sin-turno\/"},"author":{"name":"Contenidos El Regional","@id":"http:\/\/elregionalvm.com.ar\/noticias-villa-maria\/#\/schema\/person\/a0fb9c422317faca23d50163151bc354"},"headline":"[Asistencia y CAPS] Mayores de 3 a\u00f1os pueden vacunarse sin turno","datePublished":"2021-12-07T22:45:36+00:00","dateModified":"2021-12-07T22:45:37+00:00","mainEntityOfPage":{"@id":"http:\/\/elregionalvm.com.ar\/noticias-villa-maria\/asistencia-y-caps-mayores-de-3-anos-pueden-vacunarse-sin-turno\/"},"wordCount":359,"commentCount":0,"image":{"@id":"http:\/\/elregionalvm.com.ar\/noticias-villa-maria\/asistencia-y-caps-mayores-de-3-anos-pueden-vacunarse-sin-turno\/#primaryimage"},"thumbnailUrl":"https:\/\/i0.wp.com\/elregionalvm.com.ar\/noticias-villa-maria\/wp-content\/uploads\/2021\/12\/WhatsApp-Image-2021-12-07-at-14.18.15.jpeg?fit=1280%2C853&ssl=1","keywords":["asistencia","CAPS","Covid 19","destacado","mayores de 3 a\u00f1os","sin turno","Vacunaci\u00f3n"],"articleSection":["Villa Mar\u00eda"],"inLanguage":"es","potentialAction":[{"@type":"CommentAction","name":"Comment","target":["http:\/\/elregionalvm.com.ar\/noticias-villa-maria\/asistencia-y-caps-mayores-de-3-anos-pueden-vacunarse-sin-turno\/#respond"]}]},{"@type":"WebPage","@id":"http:\/\/elregionalvm.com.ar\/noticias-villa-maria\/asistencia-y-caps-mayores-de-3-anos-pueden-vacunarse-sin-turno\/","url":"http:\/\/elregionalvm.com.ar\/noticias-villa-maria\/asistencia-y-caps-mayores-de-3-anos-pueden-vacunarse-sin-turno\/","name":"[Asistencia y CAPS] Mayores de 3 a\u00f1os pueden vacunarse sin turno - El Regional","isPartOf":{"@id":"http:\/\/elregionalvm.com.ar\/noticias-villa-maria\/#website"},"primaryImageOfPage":{"@id":"http:\/\/elregionalvm.com.ar\/noticias-villa-maria\/asistencia-y-caps-mayores-de-3-anos-pueden-vacunarse-sin-turno\/#primaryimage"},"image":{"@id":"http:\/\/elregionalvm.com.ar\/noticias-villa-maria\/asistencia-y-caps-mayores-de-3-anos-pueden-vacunarse-sin-turno\/#primaryimage"},"thumbnailUrl":"https:\/\/i0.wp.com\/elregionalvm.com.ar\/noticias-villa-maria\/wp-content\/uploads\/2021\/12\/WhatsApp-Image-2021-12-07-at-14.18.15.jpeg?fit=1280%2C853&ssl=1","datePublished":"2021-12-07T22:45:36+00:00","dateModified":"2021-12-07T22:45:37+00:00","author":{"@id":"http:\/\/elregionalvm.com.ar\/noticias-villa-maria\/#\/schema\/person\/a0fb9c422317faca23d50163151bc354"},"breadcrumb":{"@id":"http:\/\/elregionalvm.com.ar\/noticias-villa-maria\/asistencia-y-caps-mayores-de-3-anos-pueden-vacunarse-sin-turno\/#breadcrumb"},"inLanguage":"es","potentialAction":[{"@type":"ReadAction","target":["http:\/\/elregionalvm.com.ar\/noticias-villa-maria\/asistencia-y-caps-mayores-de-3-anos-pueden-vacunarse-sin-turno\/"]}]},{"@type":"ImageObject","inLanguage":"es","@id":"http:\/\/elregionalvm.com.ar\/noticias-villa-maria\/asistencia-y-caps-mayores-de-3-anos-pueden-vacunarse-sin-turno\/#primaryimage","url":"https:\/\/i0.wp.com\/elregionalvm.com.ar\/noticias-villa-maria\/wp-content\/uploads\/2021\/12\/WhatsApp-Image-2021-12-07-at-14.18.15.jpeg?fit=1280%2C853&ssl=1","contentUrl":"https:\/\/i0.wp.com\/elregionalvm.com.ar\/noticias-villa-maria\/wp-content\/uploads\/2021\/12\/WhatsApp-Image-2021-12-07-at-14.18.15.jpeg?fit=1280%2C853&ssl=1","width":1280,"height":853},{"@type":"BreadcrumbList","@id":"http:\/\/elregionalvm.com.ar\/noticias-villa-maria\/asistencia-y-caps-mayores-de-3-anos-pueden-vacunarse-sin-turno\/#breadcrumb","itemListElement":[{"@type":"ListItem","position":1,"name":"Portada","item":"https:\/\/elregionalvm.com.ar\/noticias-villa-maria\/"},{"@type":"ListItem","position":2,"name":"[Asistencia y CAPS] Mayores de 3 a\u00f1os pueden vacunarse sin turno"}]},{"@type":"WebSite","@id":"http:\/\/elregionalvm.com.ar\/noticias-villa-maria\/#website","url":"http:\/\/elregionalvm.com.ar\/noticias-villa-maria\/","name":"El Regional","description":"Mucho m\u00e1s que informaci\u00f3n","potentialAction":[{"@type":"SearchAction","target":{"@type":"EntryPoint","urlTemplate":"http:\/\/elregionalvm.com.ar\/noticias-villa-maria\/?s={search_term_string}"},"query-input":{"@type":"PropertyValueSpecification","valueRequired":true,"valueName":"search_term_string"}}],"inLanguage":"es"},{"@type":"Person","@id":"http:\/\/elregionalvm.com.ar\/noticias-villa-maria\/#\/schema\/person\/a0fb9c422317faca23d50163151bc354","name":"Contenidos El Regional","image":{"@type":"ImageObject","inLanguage":"es","@id":"http:\/\/elregionalvm.com.ar\/noticias-villa-maria\/#\/schema\/person\/image\/","url":"https:\/\/secure.gravatar.com\/avatar\/265b27cb2209af7bb3a1318f03305787d7981a5cc6e6cd08fe5a4ecdf99d4b48?s=96&d=mm&r=g","contentUrl":"https:\/\/secure.gravatar.com\/avatar\/265b27cb2209af7bb3a1318f03305787d7981a5cc6e6cd08fe5a4ecdf99d4b48?s=96&d=mm&r=g","caption":"Contenidos El Regional"},"url":"https:\/\/elregionalvm.com.ar\/noticias-villa-maria\/author\/contenido\/"}]}},"jetpack_featured_media_url":"https:\/\/i0.wp.com\/elregionalvm.com.ar\/noticias-villa-maria\/wp-content\/uploads\/2021\/12\/WhatsApp-Image-2021-12-07-at-14.18.15.jpeg?fit=1280%2C853&ssl=1","jetpack_sharing_enabled":true,"_links":{"self":[{"href":"https:\/\/elregionalvm.com.ar\/noticias-villa-maria\/wp-json\/wp\/v2\/posts\/49287","targetHints":{"allow":["GET"]}}],"collection":[{"href":"https:\/\/elregionalvm.com.ar\/noticias-villa-maria\/wp-json\/wp\/v2\/posts"}],"about":[{"href":"https:\/\/elregionalvm.com.ar\/noticias-villa-maria\/wp-json\/wp\/v2\/types\/post"}],"author":[{"embeddable":true,"href":"https:\/\/elregionalvm.com.ar\/noticias-villa-maria\/wp-json\/wp\/v2\/users\/4"}],"replies":[{"embeddable":true,"href":"https:\/\/elregionalvm.com.ar\/noticias-villa-maria\/wp-json\/wp\/v2\/comments?post=49287"}],"version-history":[{"count":1,"href":"https:\/\/elregionalvm.com.ar\/noticias-villa-maria\/wp-json\/wp\/v2\/posts\/49287\/revisions"}],"predecessor-version":[{"id":49289,"href":"https:\/\/elregionalvm.com.ar\/noticias-villa-maria\/wp-json\/wp\/v2\/posts\/49287\/revisions\/49289"}],"wp:featuredmedia":[{"embeddable":true,"href":"https:\/\/elregionalvm.com.ar\/noticias-villa-maria\/wp-json\/wp\/v2\/media\/49288"}],"wp:attachment":[{"href":"https:\/\/elregionalvm.com.ar\/noticias-villa-maria\/wp-json\/wp\/v2\/media?parent=49287"}],"wp:term":[{"taxonomy":"category","embeddable":true,"href":"https:\/\/elregionalvm.com.ar\/noticias-villa-maria\/wp-json\/wp\/v2\/categories?post=49287"},{"taxonomy":"post_tag","embeddable":true,"href":"https:\/\/elregionalvm.com.ar\/noticias-villa-maria\/wp-json\/wp\/v2\/tags?post=49287"}],"curies":[{"name":"wp","href":"https:\/\/api.w.org\/{rel}","templated":true}]}}