{"id":49294,"date":"2021-12-07T23:02:49","date_gmt":"2021-12-07T23:02:49","guid":{"rendered":"https:\/\/elregionalvm.com.ar\/noticias-villa-maria\/?p=49294"},"modified":"2021-12-09T01:47:16","modified_gmt":"2021-12-09T01:47:16","slug":"villa-nueva-enciende-el-arbolito-en-plaza-capitan-de-los-andes","status":"publish","type":"post","link":"https:\/\/elregionalvm.com.ar\/noticias-villa-maria\/villa-nueva-enciende-el-arbolito-en-plaza-capitan-de-los-andes\/","title":{"rendered":"Villa Nueva enciende el arbolito en Plaza Capit\u00e1n de los Andes"},"content":{"rendered":"\n<p>Desde las 20hs habr\u00e1 Feria de Artesanos, y el acto de cierre de los talleres culturales.<br>Luego los n\u00fameros musicales con folclore, de \u00abel chango\u00bb Flores y el cuarteto, a cargo de \u00abCoquito\u00bb Sodero y el \u00faltimo cuarteto\u00bb.<br>El cierre ser\u00e1 a la medianoche, con el encendido del \u00e1rbol de Navidad.<\/p>\n\n\n\n<p><strong>Por el feriado no habr\u00e1 recolecci\u00f3n de residuos en la ciudad<\/strong><br>Desde la Secretar\u00eda de Obras y Servicios P\u00fablicos del municipio se informa a los vecinos que con motivo del Feriado Nacional de ma\u00f1ana mi\u00e9rcoles 8 de diciembre, oportunidad en la que se conmemora el D\u00eda de la Inmaculada Concepci\u00f3n de la Virgen Mar\u00eda, no habr\u00e1 recolecci\u00f3n. Por tal motivo se les solicita a los vecinos no sacar los residuos a las calles para evitar ensuciar la ciudad.<\/p>\n\n\n\n<p><strong>Avanza la obra de pavimento en el barrio Centro Empleados<\/strong> <strong>de Comercio<\/strong><br>Sigue avanzando la obra de pavimentaci\u00f3n en el sector de barrio Centro Empleados de Comercio (CEC) en donde se est\u00e1 avanzando con el hormigonado en el sector de la calle 26 de septiembre.<br>Los trabajos forman parte de la obra que incluye la pavimentaci\u00f3n de la totalidad de barrio Prado Espa\u00f1ol y las principales arterias en el sector del barrio CEC, y se trata de una obra que es financiada por el Gobierno Nacional, a trav\u00e9s de la secretar\u00eda de Obras P\u00fablicas de la Naci\u00f3n.<\/p>\n\n\n\n<p><\/p>\n\n\n\n<p><\/p>\n\n\n\n<p><\/p>\n","protected":false},"excerpt":{"rendered":"<p>Desde las 20hs habr\u00e1 Feria de Artesanos, y el acto de cierre de los talleres culturales.Luego los n\u00fameros musicales con folclore, de \u00abel chango\u00bb Flores y el cuarteto, a cargo de \u00abCoquito\u00bb Sodero y el \u00faltimo cuarteto\u00bb.El cierre ser\u00e1 a la medianoche, con el encendido del \u00e1rbol de Navidad. Por el feriado no habr\u00e1 recolecci\u00f3n [&hellip;]<\/p>\n","protected":false},"author":4,"featured_media":49295,"comment_status":"open","ping_status":"open","sticky":false,"template":"","format":"standard","meta":{"site-sidebar-layout":"default","site-content-layout":"default","ast-site-content-layout":"default","site-content-style":"default","site-sidebar-style":"default","ast-global-header-display":"","ast-banner-title-visibility":"","ast-main-header-display":"","ast-hfb-above-header-display":"","ast-hfb-below-header-display":"","ast-hfb-mobile-header-display":"","site-post-title":"","ast-breadcrumbs-content":"","ast-featured-img":"","footer-sml-layout":"","ast-disable-related-posts":"","theme-transparent-header-meta":"default","adv-header-id-meta":"","stick-header-meta":"","header-above-stick-meta":"","header-main-stick-meta":"","header-below-stick-meta":"","astra-migrate-meta-layouts":"default","ast-page-background-enabled":"default","ast-page-background-meta":{"desktop":{"background-color":"","background-image":"","background-repeat":"repeat","background-position":"center center","background-size":"auto","background-attachment":"scroll","background-type":"","background-media":"","overlay-type":"","overlay-color":"","overlay-opacity":"","overlay-gradient":""},"tablet":{"background-color":"","background-image":"","background-repeat":"repeat","background-position":"center center","background-size":"auto","background-attachment":"scroll","background-type":"","background-media":"","overlay-type":"","overlay-color":"","overlay-opacity":"","overlay-gradient":""},"mobile":{"background-color":"","background-image":"","background-repeat":"repeat","background-position":"center center","background-size":"auto","background-attachment":"scroll","background-type":"","background-media":"","overlay-type":"","overlay-color":"","overlay-opacity":"","overlay-gradient":""}},"ast-content-background-meta":{"desktop":{"background-color":"var(--ast-global-color-5)","background-image":"","background-repeat":"repeat","background-position":"center center","background-size":"auto","background-attachment":"scroll","background-type":"","background-media":"","overlay-type":"","overlay-color":"","overlay-opacity":"","overlay-gradient":""},"tablet":{"background-color":"var(--ast-global-color-5)","background-image":"","background-repeat":"repeat","background-position":"center center","background-size":"auto","background-attachment":"scroll","background-type":"","background-media":"","overlay-type":"","overlay-color":"","overlay-opacity":"","overlay-gradient":""},"mobile":{"background-color":"var(--ast-global-color-5)","background-image":"","background-repeat":"repeat","background-position":"center center","background-size":"auto","background-attachment":"scroll","background-type":"","background-media":"","overlay-type":"","overlay-color":"","overlay-opacity":"","overlay-gradient":""}},"_jetpack_memberships_contains_paid_content":false,"_joinchat":[],"footnotes":""},"categories":[1408],"tags":[12707,12708,5814,8024,232],"class_list":["post-49294","post","type-post","status-publish","format-standard","has-post-thumbnail","hentry","category-villa-nueva","tag-encendido-del-arbol","tag-feriado-del-8-de-diciembre","tag-plaza-capitan-de-los-andes","tag-sin-recoleccion","tag-villa-nueva"],"yoast_head":"<!-- This site is optimized with the Yoast SEO plugin v26.8 - https:\/\/yoast.com\/product\/yoast-seo-wordpress\/ -->\n<title>Villa Nueva enciende el arbolito en Plaza Capit\u00e1n de los Andes - El Regional<\/title>\n<meta name=\"robots\" content=\"index, follow, max-snippet:-1, max-image-preview:large, max-video-preview:-1\" \/>\n<link rel=\"canonical\" href=\"http:\/\/elregionalvm.com.ar\/noticias-villa-maria\/villa-nueva-enciende-el-arbolito-en-plaza-capitan-de-los-andes\/\" \/>\n<meta property=\"og:locale\" content=\"es_ES\" \/>\n<meta property=\"og:type\" content=\"article\" \/>\n<meta property=\"og:title\" content=\"Villa Nueva enciende el arbolito en Plaza Capit\u00e1n de los Andes - El Regional\" \/>\n<meta property=\"og:description\" content=\"Desde las 20hs habr\u00e1 Feria de Artesanos, y el acto de cierre de los talleres culturales.Luego los n\u00fameros musicales con folclore, de \u00abel chango\u00bb Flores y el cuarteto, a cargo de \u00abCoquito\u00bb Sodero y el \u00faltimo cuarteto\u00bb.El cierre ser\u00e1 a la medianoche, con el encendido del \u00e1rbol de Navidad. Por el feriado no habr\u00e1 recolecci\u00f3n [&hellip;]\" \/>\n<meta property=\"og:url\" content=\"http:\/\/elregionalvm.com.ar\/noticias-villa-maria\/villa-nueva-enciende-el-arbolito-en-plaza-capitan-de-los-andes\/\" \/>\n<meta property=\"og:site_name\" content=\"El Regional\" \/>\n<meta property=\"article:publisher\" content=\"https:\/\/www.facebook.com\/elregionalvm\" \/>\n<meta property=\"article:published_time\" content=\"2021-12-07T23:02:49+00:00\" \/>\n<meta property=\"article:modified_time\" content=\"2021-12-09T01:47:16+00:00\" \/>\n<meta property=\"og:image\" content=\"http:\/\/elregionalvm.com.ar\/noticias-villa-maria\/wp-content\/uploads\/2021\/12\/WhatsApp-Image-2021-12-07-at-11.57.05.jpeg\" \/>\n\t<meta property=\"og:image:width\" content=\"720\" \/>\n\t<meta property=\"og:image:height\" content=\"720\" \/>\n\t<meta property=\"og:image:type\" content=\"image\/jpeg\" \/>\n<meta name=\"author\" content=\"Contenidos El Regional\" \/>\n<meta name=\"twitter:card\" content=\"summary_large_image\" \/>\n<meta name=\"twitter:creator\" content=\"@elregionalvm1\" \/>\n<meta name=\"twitter:site\" content=\"@elregionalvm1\" \/>\n<meta name=\"twitter:label1\" content=\"Escrito por\" \/>\n\t<meta name=\"twitter:data1\" content=\"Contenidos El Regional\" \/>\n\t<meta name=\"twitter:label2\" content=\"Tiempo de lectura\" \/>\n\t<meta name=\"twitter:data2\" content=\"1 minuto\" \/>\n<script type=\"application\/ld+json\" class=\"yoast-schema-graph\">{\"@context\":\"https:\/\/schema.org\",\"@graph\":[{\"@type\":\"Article\",\"@id\":\"http:\/\/elregionalvm.com.ar\/noticias-villa-maria\/villa-nueva-enciende-el-arbolito-en-plaza-capitan-de-los-andes\/#article\",\"isPartOf\":{\"@id\":\"http:\/\/elregionalvm.com.ar\/noticias-villa-maria\/villa-nueva-enciende-el-arbolito-en-plaza-capitan-de-los-andes\/\"},\"author\":{\"name\":\"Contenidos El Regional\",\"@id\":\"http:\/\/elregionalvm.com.ar\/noticias-villa-maria\/#\/schema\/person\/a0fb9c422317faca23d50163151bc354\"},\"headline\":\"Villa Nueva enciende el arbolito en Plaza Capit\u00e1n de los Andes\",\"datePublished\":\"2021-12-07T23:02:49+00:00\",\"dateModified\":\"2021-12-09T01:47:16+00:00\",\"mainEntityOfPage\":{\"@id\":\"http:\/\/elregionalvm.com.ar\/noticias-villa-maria\/villa-nueva-enciende-el-arbolito-en-plaza-capitan-de-los-andes\/\"},\"wordCount\":253,\"commentCount\":0,\"image\":{\"@id\":\"http:\/\/elregionalvm.com.ar\/noticias-villa-maria\/villa-nueva-enciende-el-arbolito-en-plaza-capitan-de-los-andes\/#primaryimage\"},\"thumbnailUrl\":\"https:\/\/i0.wp.com\/elregionalvm.com.ar\/noticias-villa-maria\/wp-content\/uploads\/2021\/12\/WhatsApp-Image-2021-12-07-at-11.57.05.jpeg?fit=720%2C720&ssl=1\",\"keywords\":[\"encendido del \u00e1rbol\",\"feriado del 8 de diciembre\",\"Plaza Capit\u00e1n de los Andes\",\"sin recolecci\u00f3n\",\"VILLA NUEVA\"],\"articleSection\":[\"Villa Nueva\"],\"inLanguage\":\"es\",\"potentialAction\":[{\"@type\":\"CommentAction\",\"name\":\"Comment\",\"target\":[\"http:\/\/elregionalvm.com.ar\/noticias-villa-maria\/villa-nueva-enciende-el-arbolito-en-plaza-capitan-de-los-andes\/#respond\"]}]},{\"@type\":\"WebPage\",\"@id\":\"http:\/\/elregionalvm.com.ar\/noticias-villa-maria\/villa-nueva-enciende-el-arbolito-en-plaza-capitan-de-los-andes\/\",\"url\":\"http:\/\/elregionalvm.com.ar\/noticias-villa-maria\/villa-nueva-enciende-el-arbolito-en-plaza-capitan-de-los-andes\/\",\"name\":\"Villa Nueva enciende el arbolito en Plaza Capit\u00e1n de los Andes - El Regional\",\"isPartOf\":{\"@id\":\"http:\/\/elregionalvm.com.ar\/noticias-villa-maria\/#website\"},\"primaryImageOfPage\":{\"@id\":\"http:\/\/elregionalvm.com.ar\/noticias-villa-maria\/villa-nueva-enciende-el-arbolito-en-plaza-capitan-de-los-andes\/#primaryimage\"},\"image\":{\"@id\":\"http:\/\/elregionalvm.com.ar\/noticias-villa-maria\/villa-nueva-enciende-el-arbolito-en-plaza-capitan-de-los-andes\/#primaryimage\"},\"thumbnailUrl\":\"https:\/\/i0.wp.com\/elregionalvm.com.ar\/noticias-villa-maria\/wp-content\/uploads\/2021\/12\/WhatsApp-Image-2021-12-07-at-11.57.05.jpeg?fit=720%2C720&ssl=1\",\"datePublished\":\"2021-12-07T23:02:49+00:00\",\"dateModified\":\"2021-12-09T01:47:16+00:00\",\"author\":{\"@id\":\"http:\/\/elregionalvm.com.ar\/noticias-villa-maria\/#\/schema\/person\/a0fb9c422317faca23d50163151bc354\"},\"breadcrumb\":{\"@id\":\"http:\/\/elregionalvm.com.ar\/noticias-villa-maria\/villa-nueva-enciende-el-arbolito-en-plaza-capitan-de-los-andes\/#breadcrumb\"},\"inLanguage\":\"es\",\"potentialAction\":[{\"@type\":\"ReadAction\",\"target\":[\"http:\/\/elregionalvm.com.ar\/noticias-villa-maria\/villa-nueva-enciende-el-arbolito-en-plaza-capitan-de-los-andes\/\"]}]},{\"@type\":\"ImageObject\",\"inLanguage\":\"es\",\"@id\":\"http:\/\/elregionalvm.com.ar\/noticias-villa-maria\/villa-nueva-enciende-el-arbolito-en-plaza-capitan-de-los-andes\/#primaryimage\",\"url\":\"https:\/\/i0.wp.com\/elregionalvm.com.ar\/noticias-villa-maria\/wp-content\/uploads\/2021\/12\/WhatsApp-Image-2021-12-07-at-11.57.05.jpeg?fit=720%2C720&ssl=1\",\"contentUrl\":\"https:\/\/i0.wp.com\/elregionalvm.com.ar\/noticias-villa-maria\/wp-content\/uploads\/2021\/12\/WhatsApp-Image-2021-12-07-at-11.57.05.jpeg?fit=720%2C720&ssl=1\",\"width\":720,\"height\":720},{\"@type\":\"BreadcrumbList\",\"@id\":\"http:\/\/elregionalvm.com.ar\/noticias-villa-maria\/villa-nueva-enciende-el-arbolito-en-plaza-capitan-de-los-andes\/#breadcrumb\",\"itemListElement\":[{\"@type\":\"ListItem\",\"position\":1,\"name\":\"Portada\",\"item\":\"https:\/\/elregionalvm.com.ar\/noticias-villa-maria\/\"},{\"@type\":\"ListItem\",\"position\":2,\"name\":\"Villa Nueva enciende el arbolito en Plaza Capit\u00e1n de los Andes\"}]},{\"@type\":\"WebSite\",\"@id\":\"http:\/\/elregionalvm.com.ar\/noticias-villa-maria\/#website\",\"url\":\"http:\/\/elregionalvm.com.ar\/noticias-villa-maria\/\",\"name\":\"El Regional\",\"description\":\"Mucho m\u00e1s que informaci\u00f3n\",\"potentialAction\":[{\"@type\":\"SearchAction\",\"target\":{\"@type\":\"EntryPoint\",\"urlTemplate\":\"http:\/\/elregionalvm.com.ar\/noticias-villa-maria\/?s={search_term_string}\"},\"query-input\":{\"@type\":\"PropertyValueSpecification\",\"valueRequired\":true,\"valueName\":\"search_term_string\"}}],\"inLanguage\":\"es\"},{\"@type\":\"Person\",\"@id\":\"http:\/\/elregionalvm.com.ar\/noticias-villa-maria\/#\/schema\/person\/a0fb9c422317faca23d50163151bc354\",\"name\":\"Contenidos El Regional\",\"image\":{\"@type\":\"ImageObject\",\"inLanguage\":\"es\",\"@id\":\"http:\/\/elregionalvm.com.ar\/noticias-villa-maria\/#\/schema\/person\/image\/\",\"url\":\"https:\/\/secure.gravatar.com\/avatar\/265b27cb2209af7bb3a1318f03305787d7981a5cc6e6cd08fe5a4ecdf99d4b48?s=96&d=mm&r=g\",\"contentUrl\":\"https:\/\/secure.gravatar.com\/avatar\/265b27cb2209af7bb3a1318f03305787d7981a5cc6e6cd08fe5a4ecdf99d4b48?s=96&d=mm&r=g\",\"caption\":\"Contenidos El Regional\"},\"url\":\"https:\/\/elregionalvm.com.ar\/noticias-villa-maria\/author\/contenido\/\"}]}<\/script>\n<!-- \/ Yoast SEO plugin. -->","yoast_head_json":{"title":"Villa Nueva enciende el arbolito en Plaza Capit\u00e1n de los Andes - El Regional","robots":{"index":"index","follow":"follow","max-snippet":"max-snippet:-1","max-image-preview":"max-image-preview:large","max-video-preview":"max-video-preview:-1"},"canonical":"http:\/\/elregionalvm.com.ar\/noticias-villa-maria\/villa-nueva-enciende-el-arbolito-en-plaza-capitan-de-los-andes\/","og_locale":"es_ES","og_type":"article","og_title":"Villa Nueva enciende el arbolito en Plaza Capit\u00e1n de los Andes - El Regional","og_description":"Desde las 20hs habr\u00e1 Feria de Artesanos, y el acto de cierre de los talleres culturales.Luego los n\u00fameros musicales con folclore, de \u00abel chango\u00bb Flores y el cuarteto, a cargo de \u00abCoquito\u00bb Sodero y el \u00faltimo cuarteto\u00bb.El cierre ser\u00e1 a la medianoche, con el encendido del \u00e1rbol de Navidad. Por el feriado no habr\u00e1 recolecci\u00f3n [&hellip;]","og_url":"http:\/\/elregionalvm.com.ar\/noticias-villa-maria\/villa-nueva-enciende-el-arbolito-en-plaza-capitan-de-los-andes\/","og_site_name":"El Regional","article_publisher":"https:\/\/www.facebook.com\/elregionalvm","article_published_time":"2021-12-07T23:02:49+00:00","article_modified_time":"2021-12-09T01:47:16+00:00","og_image":[{"width":720,"height":720,"url":"http:\/\/elregionalvm.com.ar\/noticias-villa-maria\/wp-content\/uploads\/2021\/12\/WhatsApp-Image-2021-12-07-at-11.57.05.jpeg","type":"image\/jpeg"}],"author":"Contenidos El Regional","twitter_card":"summary_large_image","twitter_creator":"@elregionalvm1","twitter_site":"@elregionalvm1","twitter_misc":{"Escrito por":"Contenidos El Regional","Tiempo de lectura":"1 minuto"},"schema":{"@context":"https:\/\/schema.org","@graph":[{"@type":"Article","@id":"http:\/\/elregionalvm.com.ar\/noticias-villa-maria\/villa-nueva-enciende-el-arbolito-en-plaza-capitan-de-los-andes\/#article","isPartOf":{"@id":"http:\/\/elregionalvm.com.ar\/noticias-villa-maria\/villa-nueva-enciende-el-arbolito-en-plaza-capitan-de-los-andes\/"},"author":{"name":"Contenidos El Regional","@id":"http:\/\/elregionalvm.com.ar\/noticias-villa-maria\/#\/schema\/person\/a0fb9c422317faca23d50163151bc354"},"headline":"Villa Nueva enciende el arbolito en Plaza Capit\u00e1n de los Andes","datePublished":"2021-12-07T23:02:49+00:00","dateModified":"2021-12-09T01:47:16+00:00","mainEntityOfPage":{"@id":"http:\/\/elregionalvm.com.ar\/noticias-villa-maria\/villa-nueva-enciende-el-arbolito-en-plaza-capitan-de-los-andes\/"},"wordCount":253,"commentCount":0,"image":{"@id":"http:\/\/elregionalvm.com.ar\/noticias-villa-maria\/villa-nueva-enciende-el-arbolito-en-plaza-capitan-de-los-andes\/#primaryimage"},"thumbnailUrl":"https:\/\/i0.wp.com\/elregionalvm.com.ar\/noticias-villa-maria\/wp-content\/uploads\/2021\/12\/WhatsApp-Image-2021-12-07-at-11.57.05.jpeg?fit=720%2C720&ssl=1","keywords":["encendido del \u00e1rbol","feriado del 8 de diciembre","Plaza Capit\u00e1n de los Andes","sin recolecci\u00f3n","VILLA NUEVA"],"articleSection":["Villa Nueva"],"inLanguage":"es","potentialAction":[{"@type":"CommentAction","name":"Comment","target":["http:\/\/elregionalvm.com.ar\/noticias-villa-maria\/villa-nueva-enciende-el-arbolito-en-plaza-capitan-de-los-andes\/#respond"]}]},{"@type":"WebPage","@id":"http:\/\/elregionalvm.com.ar\/noticias-villa-maria\/villa-nueva-enciende-el-arbolito-en-plaza-capitan-de-los-andes\/","url":"http:\/\/elregionalvm.com.ar\/noticias-villa-maria\/villa-nueva-enciende-el-arbolito-en-plaza-capitan-de-los-andes\/","name":"Villa Nueva enciende el arbolito en Plaza Capit\u00e1n de los Andes - El Regional","isPartOf":{"@id":"http:\/\/elregionalvm.com.ar\/noticias-villa-maria\/#website"},"primaryImageOfPage":{"@id":"http:\/\/elregionalvm.com.ar\/noticias-villa-maria\/villa-nueva-enciende-el-arbolito-en-plaza-capitan-de-los-andes\/#primaryimage"},"image":{"@id":"http:\/\/elregionalvm.com.ar\/noticias-villa-maria\/villa-nueva-enciende-el-arbolito-en-plaza-capitan-de-los-andes\/#primaryimage"},"thumbnailUrl":"https:\/\/i0.wp.com\/elregionalvm.com.ar\/noticias-villa-maria\/wp-content\/uploads\/2021\/12\/WhatsApp-Image-2021-12-07-at-11.57.05.jpeg?fit=720%2C720&ssl=1","datePublished":"2021-12-07T23:02:49+00:00","dateModified":"2021-12-09T01:47:16+00:00","author":{"@id":"http:\/\/elregionalvm.com.ar\/noticias-villa-maria\/#\/schema\/person\/a0fb9c422317faca23d50163151bc354"},"breadcrumb":{"@id":"http:\/\/elregionalvm.com.ar\/noticias-villa-maria\/villa-nueva-enciende-el-arbolito-en-plaza-capitan-de-los-andes\/#breadcrumb"},"inLanguage":"es","potentialAction":[{"@type":"ReadAction","target":["http:\/\/elregionalvm.com.ar\/noticias-villa-maria\/villa-nueva-enciende-el-arbolito-en-plaza-capitan-de-los-andes\/"]}]},{"@type":"ImageObject","inLanguage":"es","@id":"http:\/\/elregionalvm.com.ar\/noticias-villa-maria\/villa-nueva-enciende-el-arbolito-en-plaza-capitan-de-los-andes\/#primaryimage","url":"https:\/\/i0.wp.com\/elregionalvm.com.ar\/noticias-villa-maria\/wp-content\/uploads\/2021\/12\/WhatsApp-Image-2021-12-07-at-11.57.05.jpeg?fit=720%2C720&ssl=1","contentUrl":"https:\/\/i0.wp.com\/elregionalvm.com.ar\/noticias-villa-maria\/wp-content\/uploads\/2021\/12\/WhatsApp-Image-2021-12-07-at-11.57.05.jpeg?fit=720%2C720&ssl=1","width":720,"height":720},{"@type":"BreadcrumbList","@id":"http:\/\/elregionalvm.com.ar\/noticias-villa-maria\/villa-nueva-enciende-el-arbolito-en-plaza-capitan-de-los-andes\/#breadcrumb","itemListElement":[{"@type":"ListItem","position":1,"name":"Portada","item":"https:\/\/elregionalvm.com.ar\/noticias-villa-maria\/"},{"@type":"ListItem","position":2,"name":"Villa Nueva enciende el arbolito en Plaza Capit\u00e1n de los Andes"}]},{"@type":"WebSite","@id":"http:\/\/elregionalvm.com.ar\/noticias-villa-maria\/#website","url":"http:\/\/elregionalvm.com.ar\/noticias-villa-maria\/","name":"El Regional","description":"Mucho m\u00e1s que informaci\u00f3n","potentialAction":[{"@type":"SearchAction","target":{"@type":"EntryPoint","urlTemplate":"http:\/\/elregionalvm.com.ar\/noticias-villa-maria\/?s={search_term_string}"},"query-input":{"@type":"PropertyValueSpecification","valueRequired":true,"valueName":"search_term_string"}}],"inLanguage":"es"},{"@type":"Person","@id":"http:\/\/elregionalvm.com.ar\/noticias-villa-maria\/#\/schema\/person\/a0fb9c422317faca23d50163151bc354","name":"Contenidos El Regional","image":{"@type":"ImageObject","inLanguage":"es","@id":"http:\/\/elregionalvm.com.ar\/noticias-villa-maria\/#\/schema\/person\/image\/","url":"https:\/\/secure.gravatar.com\/avatar\/265b27cb2209af7bb3a1318f03305787d7981a5cc6e6cd08fe5a4ecdf99d4b48?s=96&d=mm&r=g","contentUrl":"https:\/\/secure.gravatar.com\/avatar\/265b27cb2209af7bb3a1318f03305787d7981a5cc6e6cd08fe5a4ecdf99d4b48?s=96&d=mm&r=g","caption":"Contenidos El Regional"},"url":"https:\/\/elregionalvm.com.ar\/noticias-villa-maria\/author\/contenido\/"}]}},"jetpack_featured_media_url":"https:\/\/i0.wp.com\/elregionalvm.com.ar\/noticias-villa-maria\/wp-content\/uploads\/2021\/12\/WhatsApp-Image-2021-12-07-at-11.57.05.jpeg?fit=720%2C720&ssl=1","jetpack_sharing_enabled":true,"_links":{"self":[{"href":"https:\/\/elregionalvm.com.ar\/noticias-villa-maria\/wp-json\/wp\/v2\/posts\/49294","targetHints":{"allow":["GET"]}}],"collection":[{"href":"https:\/\/elregionalvm.com.ar\/noticias-villa-maria\/wp-json\/wp\/v2\/posts"}],"about":[{"href":"https:\/\/elregionalvm.com.ar\/noticias-villa-maria\/wp-json\/wp\/v2\/types\/post"}],"author":[{"embeddable":true,"href":"https:\/\/elregionalvm.com.ar\/noticias-villa-maria\/wp-json\/wp\/v2\/users\/4"}],"replies":[{"embeddable":true,"href":"https:\/\/elregionalvm.com.ar\/noticias-villa-maria\/wp-json\/wp\/v2\/comments?post=49294"}],"version-history":[{"count":1,"href":"https:\/\/elregionalvm.com.ar\/noticias-villa-maria\/wp-json\/wp\/v2\/posts\/49294\/revisions"}],"predecessor-version":[{"id":49296,"href":"https:\/\/elregionalvm.com.ar\/noticias-villa-maria\/wp-json\/wp\/v2\/posts\/49294\/revisions\/49296"}],"wp:featuredmedia":[{"embeddable":true,"href":"https:\/\/elregionalvm.com.ar\/noticias-villa-maria\/wp-json\/wp\/v2\/media\/49295"}],"wp:attachment":[{"href":"https:\/\/elregionalvm.com.ar\/noticias-villa-maria\/wp-json\/wp\/v2\/media?parent=49294"}],"wp:term":[{"taxonomy":"category","embeddable":true,"href":"https:\/\/elregionalvm.com.ar\/noticias-villa-maria\/wp-json\/wp\/v2\/categories?post=49294"},{"taxonomy":"post_tag","embeddable":true,"href":"https:\/\/elregionalvm.com.ar\/noticias-villa-maria\/wp-json\/wp\/v2\/tags?post=49294"}],"curies":[{"name":"wp","href":"https:\/\/api.w.org\/{rel}","templated":true}]}}