{"id":49358,"date":"2021-12-09T01:23:29","date_gmt":"2021-12-09T01:23:29","guid":{"rendered":"https:\/\/elregionalvm.com.ar\/noticias-villa-maria\/?p=49358"},"modified":"2021-12-10T12:13:16","modified_gmt":"2021-12-10T12:13:16","slug":"historias-baby-boys-tienda-de-ropa-como-las-de-antes","status":"publish","type":"post","link":"https:\/\/elregionalvm.com.ar\/noticias-villa-maria\/historias-baby-boys-tienda-de-ropa-como-las-de-antes\/","title":{"rendered":"[Historias] \u201cBaby Boys\u201d, tienda de ropa como las de antes"},"content":{"rendered":"\n<p><\/p>\n\n\n\n<p><strong>Cada nota representa un recuerdo, algunos de muchos a\u00f1os atr\u00e1s, otros m\u00e1s cercanos en el tiempo, buscando en nuestros archivos, investigando o armando notas gracias a las colaboraciones que tienen a bien acercarnos Ustedes, estimados lectores.<\/strong><\/p>\n\n\n\n<p><\/p>\n\n\n\n<p><strong>Escribe: Julio A. Ben\u00edtez<\/strong><\/p>\n\n\n\n<p><\/p>\n\n\n\n<p>Hoy nos referiremos al art\u00edculo publicado en la p\u00e1gina 83 del libro \u201c75 Aniversario de AERCA\u201d, escrito por el se\u00f1or Rogelio Bertolino, que dice:<\/p>\n\n\n\n<p>\u201cBaby Boys se inaugura el d\u00eda 14 de octubre de 1957, con domicilio en la calle San Mart\u00edn 215, siendo los integrantes de la firma los se\u00f1ores Juan y Jos\u00e9 Carmona, Ricardo Montero y quien suscribe.<\/p>\n\n\n\n<p>Decidimos iniciarnos en el rubro indumentaria y para ello comenzamos con ropa para ni\u00f1os y j\u00f3venes, atendiendo en el local propio. Con el tiempo incorporamos la venta de trajes para j\u00f3venes de alrededor de 18 a\u00f1os, ya que en esa \u00e9poca los ni\u00f1os y adolescentes usaban pantal\u00f3n corto.<\/p>\n\n\n\n<p>Tambi\u00e9n anexamos uniformes que utilizaban las Escuelas Manuel Belgrano, Normal V\u00edctor Mercante, Superior de Comercio y del Trabajo, entre otras.<\/p>\n\n\n\n<p>La venta de uniformes hizo que tuvi\u00e9ramos una gran demanda, lo que nos oblig\u00f3 a cambiar de local, traslad\u00e1ndonos a la calle Corrientes 1048, donde inauguramos el 26 de setiembre de 1960.<\/p>\n\n\n\n<p>Con el transcurso de los a\u00f1os y despu\u00e9s de sucesivos cambios, asumo como \u00fanico titular de la firma modific\u00e1ndose la raz\u00f3n social que se convierte en \u201cM\u00edster de Baby Boys\u201d y se fusiona a partir del 15 de mayo de 1989 con el actual Status.<\/p>\n\n\n\n<p>Con mis 78 a\u00f1os, ya jubilado, sigo abriendo y cerrando el local, vendiendo y colaborando con el equipo de trabajo de Status, establecimiento en donde soy visitado por amigos de la \u00e9poca.<\/p>\n\n\n\n<p><\/p>\n\n\n\n<figure class=\"wp-block-image size-full\"><img fetchpriority=\"high\" decoding=\"async\" width=\"721\" height=\"540\" src=\"https:\/\/elregionalvm.com.ar\/noticias-villa-maria\/wp-content\/uploads\/2021\/12\/bb-001.bmp\" alt=\"\" class=\"wp-image-49361\" srcset=\"https:\/\/elregionalvm.com.ar\/noticias-villa-maria\/wp-content\/uploads\/2021\/12\/bb-001.bmp 721w, https:\/\/elregionalvm.com.ar\/noticias-villa-maria\/wp-content\/uploads\/2021\/12\/bb-001.bmp 300w\" sizes=\"(max-width: 721px) 100vw, 721px\" \/><\/figure>\n\n\n\n<p><\/p>\n\n\n\n<p><strong>Nombres destacados<\/strong><\/p>\n\n\n\n<p>No quiero dejar de mencionar a las personas que me acompa\u00f1aron y me respetaron tantos a\u00f1os como los empleados se\u00f1ores Antonio N\u00fa\u00f1ez, Marcelo Morelli, la se\u00f1ora Elba Salusso de Echavarr\u00eda y muchos m\u00e1s.<\/p>\n\n\n\n<p>Tampoco puedo dejar de nombrar a nuestros vecinos comerciantes con los cuales compart\u00edamos las mismas vivencias en la calle San Mart\u00edn, tales como Dar\u00edo Ramonda Automotores, Aldo Dono Bicicleter\u00eda, Bar La Primavera (Flia. Ubino), Mariano Mata (reparaci\u00f3n de radios y televisores), Antonio Alonso (cigarrer\u00eda) y Jos\u00e9 Mercadal y Sra. (talabarter\u00eda).<\/p>\n\n\n\n<p>En calle Corrientes nuestros vecinos, Jos\u00e9 Cabez\u00f3n, Alcides Pigni, Arcadio Teper, Familia Gornitz, F\u00e9lix y Juan Arese, Rub\u00e9n y Jorge Vijande, Andr\u00e9s y Carlos Vartalitis, Jos\u00e9 Civarolo, An\u00edbal Casas y Sra., Ra\u00fal Pavone, Gustavo Vallaro y hermanos Rubio.<\/p>\n\n\n\n<p>Por \u00faltimo, quiero agradecer a Villa Mar\u00eda, sus zonas de influencia y a todos los dirigentes de A.E.R.C.A., por el apoyo y respeto recibido\u201d.<\/p>\n\n\n\n<p><em><u>NOTA<\/u>: Las fotos que publicamos pertenecen al libro citado al comienzo de esta nota.<\/em><\/p>\n","protected":false},"excerpt":{"rendered":"<p>Cada nota representa un recuerdo, algunos de muchos a\u00f1os atr\u00e1s, otros m\u00e1s cercanos en el tiempo, buscando en nuestros archivos, investigando o armando notas gracias a las colaboraciones que tienen a bien acercarnos Ustedes, estimados lectores. Escribe: Julio A. Ben\u00edtez Hoy nos referiremos al art\u00edculo publicado en la p\u00e1gina 83 del libro \u201c75 Aniversario de [&hellip;]<\/p>\n","protected":false},"author":4,"featured_media":49360,"comment_status":"open","ping_status":"open","sticky":false,"template":"","format":"standard","meta":{"site-sidebar-layout":"default","site-content-layout":"default","ast-site-content-layout":"default","site-content-style":"default","site-sidebar-style":"default","ast-global-header-display":"","ast-banner-title-visibility":"","ast-main-header-display":"","ast-hfb-above-header-display":"","ast-hfb-below-header-display":"","ast-hfb-mobile-header-display":"","site-post-title":"","ast-breadcrumbs-content":"","ast-featured-img":"","footer-sml-layout":"","ast-disable-related-posts":"","theme-transparent-header-meta":"default","adv-header-id-meta":"","stick-header-meta":"","header-above-stick-meta":"","header-main-stick-meta":"","header-below-stick-meta":"","astra-migrate-meta-layouts":"default","ast-page-background-enabled":"default","ast-page-background-meta":{"desktop":{"background-color":"","background-image":"","background-repeat":"repeat","background-position":"center center","background-size":"auto","background-attachment":"scroll","background-type":"","background-media":"","overlay-type":"","overlay-color":"","overlay-opacity":"","overlay-gradient":""},"tablet":{"background-color":"","background-image":"","background-repeat":"repeat","background-position":"center center","background-size":"auto","background-attachment":"scroll","background-type":"","background-media":"","overlay-type":"","overlay-color":"","overlay-opacity":"","overlay-gradient":""},"mobile":{"background-color":"","background-image":"","background-repeat":"repeat","background-position":"center center","background-size":"auto","background-attachment":"scroll","background-type":"","background-media":"","overlay-type":"","overlay-color":"","overlay-opacity":"","overlay-gradient":""}},"ast-content-background-meta":{"desktop":{"background-color":"var(--ast-global-color-5)","background-image":"","background-repeat":"repeat","background-position":"center center","background-size":"auto","background-attachment":"scroll","background-type":"","background-media":"","overlay-type":"","overlay-color":"","overlay-opacity":"","overlay-gradient":""},"tablet":{"background-color":"var(--ast-global-color-5)","background-image":"","background-repeat":"repeat","background-position":"center center","background-size":"auto","background-attachment":"scroll","background-type":"","background-media":"","overlay-type":"","overlay-color":"","overlay-opacity":"","overlay-gradient":""},"mobile":{"background-color":"var(--ast-global-color-5)","background-image":"","background-repeat":"repeat","background-position":"center center","background-size":"auto","background-attachment":"scroll","background-type":"","background-media":"","overlay-type":"","overlay-color":"","overlay-opacity":"","overlay-gradient":""}},"_jetpack_memberships_contains_paid_content":false,"_joinchat":[],"footnotes":""},"categories":[2098],"tags":[12719,1429,1386,1666,527,12720,2260,12717,534],"class_list":["post-49358","post","type-post","status-publish","format-standard","has-post-thumbnail","hentry","category-historias","tag-baby-boys","tag-comercios","tag-historias","tag-julio-benitez","tag-recuerdos","tag-status","tag-te-acordas-hermano","tag-tienda-de-ropa","tag-villa-maria"],"yoast_head":"<!-- This site is optimized with the Yoast SEO plugin v26.8 - https:\/\/yoast.com\/product\/yoast-seo-wordpress\/ -->\n<title>[Historias] \u201cBaby Boys\u201d, tienda de ropa como las de antes - El Regional<\/title>\n<meta name=\"description\" content=\"Baby Boys se inaugura el 14 de octubre de 1957, con domicilio en la calle San Mart\u00edn. Fue creciendo hasta fusionarse con la actual Status.\" \/>\n<meta name=\"robots\" content=\"index, follow, max-snippet:-1, max-image-preview:large, max-video-preview:-1\" \/>\n<link rel=\"canonical\" href=\"http:\/\/elregionalvm.com.ar\/noticias-villa-maria\/historias-baby-boys-tienda-de-ropa-como-las-de-antes\/\" \/>\n<meta property=\"og:locale\" content=\"es_ES\" \/>\n<meta property=\"og:type\" content=\"article\" \/>\n<meta property=\"og:title\" content=\"[Historias] \u201cBaby Boys\u201d, tienda de ropa como las de antes - El Regional\" \/>\n<meta property=\"og:description\" content=\"Baby Boys se inaugura el 14 de octubre de 1957, con domicilio en la calle San Mart\u00edn. Fue creciendo hasta fusionarse con la actual Status.\" \/>\n<meta property=\"og:url\" content=\"http:\/\/elregionalvm.com.ar\/noticias-villa-maria\/historias-baby-boys-tienda-de-ropa-como-las-de-antes\/\" \/>\n<meta property=\"og:site_name\" content=\"El Regional\" \/>\n<meta property=\"article:publisher\" content=\"https:\/\/www.facebook.com\/elregionalvm\" \/>\n<meta property=\"article:published_time\" content=\"2021-12-09T01:23:29+00:00\" \/>\n<meta property=\"article:modified_time\" content=\"2021-12-10T12:13:16+00:00\" \/>\n<meta name=\"author\" content=\"Contenidos El Regional\" \/>\n<meta name=\"twitter:card\" content=\"summary_large_image\" \/>\n<meta name=\"twitter:creator\" content=\"@elregionalvm1\" \/>\n<meta name=\"twitter:site\" content=\"@elregionalvm1\" \/>\n<meta name=\"twitter:label1\" content=\"Escrito por\" \/>\n\t<meta name=\"twitter:data1\" content=\"Contenidos El Regional\" \/>\n\t<meta name=\"twitter:label2\" content=\"Tiempo de lectura\" \/>\n\t<meta name=\"twitter:data2\" content=\"3 minutos\" \/>\n<script type=\"application\/ld+json\" class=\"yoast-schema-graph\">{\"@context\":\"https:\/\/schema.org\",\"@graph\":[{\"@type\":\"Article\",\"@id\":\"http:\/\/elregionalvm.com.ar\/noticias-villa-maria\/historias-baby-boys-tienda-de-ropa-como-las-de-antes\/#article\",\"isPartOf\":{\"@id\":\"http:\/\/elregionalvm.com.ar\/noticias-villa-maria\/historias-baby-boys-tienda-de-ropa-como-las-de-antes\/\"},\"author\":{\"name\":\"Contenidos El Regional\",\"@id\":\"http:\/\/elregionalvm.com.ar\/noticias-villa-maria\/#\/schema\/person\/a0fb9c422317faca23d50163151bc354\"},\"headline\":\"[Historias] \u201cBaby Boys\u201d, tienda de ropa como las de antes\",\"datePublished\":\"2021-12-09T01:23:29+00:00\",\"dateModified\":\"2021-12-10T12:13:16+00:00\",\"mainEntityOfPage\":{\"@id\":\"http:\/\/elregionalvm.com.ar\/noticias-villa-maria\/historias-baby-boys-tienda-de-ropa-como-las-de-antes\/\"},\"wordCount\":487,\"commentCount\":0,\"image\":{\"@id\":\"http:\/\/elregionalvm.com.ar\/noticias-villa-maria\/historias-baby-boys-tienda-de-ropa-como-las-de-antes\/#primaryimage\"},\"thumbnailUrl\":\"https:\/\/elregionalvm.com.ar\/noticias-villa-maria\/wp-content\/uploads\/2021\/12\/bb-001-1.bmp\",\"keywords\":[\"Baby Boys\",\"Comercios\",\"historias\",\"Julio Ben\u00edtez\",\"Recuerdos\",\"Status\",\"Te acord\u00e1s hermano\",\"tienda de ropa\",\"villa maria\"],\"articleSection\":[\"Historias\"],\"inLanguage\":\"es\",\"potentialAction\":[{\"@type\":\"CommentAction\",\"name\":\"Comment\",\"target\":[\"http:\/\/elregionalvm.com.ar\/noticias-villa-maria\/historias-baby-boys-tienda-de-ropa-como-las-de-antes\/#respond\"]}]},{\"@type\":\"WebPage\",\"@id\":\"http:\/\/elregionalvm.com.ar\/noticias-villa-maria\/historias-baby-boys-tienda-de-ropa-como-las-de-antes\/\",\"url\":\"http:\/\/elregionalvm.com.ar\/noticias-villa-maria\/historias-baby-boys-tienda-de-ropa-como-las-de-antes\/\",\"name\":\"[Historias] \u201cBaby Boys\u201d, tienda de ropa como las de antes - El Regional\",\"isPartOf\":{\"@id\":\"http:\/\/elregionalvm.com.ar\/noticias-villa-maria\/#website\"},\"primaryImageOfPage\":{\"@id\":\"http:\/\/elregionalvm.com.ar\/noticias-villa-maria\/historias-baby-boys-tienda-de-ropa-como-las-de-antes\/#primaryimage\"},\"image\":{\"@id\":\"http:\/\/elregionalvm.com.ar\/noticias-villa-maria\/historias-baby-boys-tienda-de-ropa-como-las-de-antes\/#primaryimage\"},\"thumbnailUrl\":\"https:\/\/elregionalvm.com.ar\/noticias-villa-maria\/wp-content\/uploads\/2021\/12\/bb-001-1.bmp\",\"datePublished\":\"2021-12-09T01:23:29+00:00\",\"dateModified\":\"2021-12-10T12:13:16+00:00\",\"author\":{\"@id\":\"http:\/\/elregionalvm.com.ar\/noticias-villa-maria\/#\/schema\/person\/a0fb9c422317faca23d50163151bc354\"},\"description\":\"Baby Boys se inaugura el 14 de octubre de 1957, con domicilio en la calle San Mart\u00edn. Fue creciendo hasta fusionarse con la actual Status.\",\"breadcrumb\":{\"@id\":\"http:\/\/elregionalvm.com.ar\/noticias-villa-maria\/historias-baby-boys-tienda-de-ropa-como-las-de-antes\/#breadcrumb\"},\"inLanguage\":\"es\",\"potentialAction\":[{\"@type\":\"ReadAction\",\"target\":[\"http:\/\/elregionalvm.com.ar\/noticias-villa-maria\/historias-baby-boys-tienda-de-ropa-como-las-de-antes\/\"]}]},{\"@type\":\"ImageObject\",\"inLanguage\":\"es\",\"@id\":\"http:\/\/elregionalvm.com.ar\/noticias-villa-maria\/historias-baby-boys-tienda-de-ropa-como-las-de-antes\/#primaryimage\",\"url\":\"https:\/\/elregionalvm.com.ar\/noticias-villa-maria\/wp-content\/uploads\/2021\/12\/bb-001-1.bmp\",\"contentUrl\":\"https:\/\/elregionalvm.com.ar\/noticias-villa-maria\/wp-content\/uploads\/2021\/12\/bb-001-1.bmp\",\"width\":721,\"height\":531},{\"@type\":\"BreadcrumbList\",\"@id\":\"http:\/\/elregionalvm.com.ar\/noticias-villa-maria\/historias-baby-boys-tienda-de-ropa-como-las-de-antes\/#breadcrumb\",\"itemListElement\":[{\"@type\":\"ListItem\",\"position\":1,\"name\":\"Portada\",\"item\":\"https:\/\/elregionalvm.com.ar\/noticias-villa-maria\/\"},{\"@type\":\"ListItem\",\"position\":2,\"name\":\"[Historias] \u201cBaby Boys\u201d, tienda de ropa como las de antes\"}]},{\"@type\":\"WebSite\",\"@id\":\"http:\/\/elregionalvm.com.ar\/noticias-villa-maria\/#website\",\"url\":\"http:\/\/elregionalvm.com.ar\/noticias-villa-maria\/\",\"name\":\"El Regional\",\"description\":\"Mucho m\u00e1s que informaci\u00f3n\",\"potentialAction\":[{\"@type\":\"SearchAction\",\"target\":{\"@type\":\"EntryPoint\",\"urlTemplate\":\"http:\/\/elregionalvm.com.ar\/noticias-villa-maria\/?s={search_term_string}\"},\"query-input\":{\"@type\":\"PropertyValueSpecification\",\"valueRequired\":true,\"valueName\":\"search_term_string\"}}],\"inLanguage\":\"es\"},{\"@type\":\"Person\",\"@id\":\"http:\/\/elregionalvm.com.ar\/noticias-villa-maria\/#\/schema\/person\/a0fb9c422317faca23d50163151bc354\",\"name\":\"Contenidos El Regional\",\"image\":{\"@type\":\"ImageObject\",\"inLanguage\":\"es\",\"@id\":\"http:\/\/elregionalvm.com.ar\/noticias-villa-maria\/#\/schema\/person\/image\/\",\"url\":\"https:\/\/secure.gravatar.com\/avatar\/265b27cb2209af7bb3a1318f03305787d7981a5cc6e6cd08fe5a4ecdf99d4b48?s=96&d=mm&r=g\",\"contentUrl\":\"https:\/\/secure.gravatar.com\/avatar\/265b27cb2209af7bb3a1318f03305787d7981a5cc6e6cd08fe5a4ecdf99d4b48?s=96&d=mm&r=g\",\"caption\":\"Contenidos El Regional\"},\"url\":\"https:\/\/elregionalvm.com.ar\/noticias-villa-maria\/author\/contenido\/\"}]}<\/script>\n<!-- \/ Yoast SEO plugin. -->","yoast_head_json":{"title":"[Historias] \u201cBaby Boys\u201d, tienda de ropa como las de antes - El Regional","description":"Baby Boys se inaugura el 14 de octubre de 1957, con domicilio en la calle San Mart\u00edn. Fue creciendo hasta fusionarse con la actual Status.","robots":{"index":"index","follow":"follow","max-snippet":"max-snippet:-1","max-image-preview":"max-image-preview:large","max-video-preview":"max-video-preview:-1"},"canonical":"http:\/\/elregionalvm.com.ar\/noticias-villa-maria\/historias-baby-boys-tienda-de-ropa-como-las-de-antes\/","og_locale":"es_ES","og_type":"article","og_title":"[Historias] \u201cBaby Boys\u201d, tienda de ropa como las de antes - El Regional","og_description":"Baby Boys se inaugura el 14 de octubre de 1957, con domicilio en la calle San Mart\u00edn. Fue creciendo hasta fusionarse con la actual Status.","og_url":"http:\/\/elregionalvm.com.ar\/noticias-villa-maria\/historias-baby-boys-tienda-de-ropa-como-las-de-antes\/","og_site_name":"El Regional","article_publisher":"https:\/\/www.facebook.com\/elregionalvm","article_published_time":"2021-12-09T01:23:29+00:00","article_modified_time":"2021-12-10T12:13:16+00:00","author":"Contenidos El Regional","twitter_card":"summary_large_image","twitter_creator":"@elregionalvm1","twitter_site":"@elregionalvm1","twitter_misc":{"Escrito por":"Contenidos El Regional","Tiempo de lectura":"3 minutos"},"schema":{"@context":"https:\/\/schema.org","@graph":[{"@type":"Article","@id":"http:\/\/elregionalvm.com.ar\/noticias-villa-maria\/historias-baby-boys-tienda-de-ropa-como-las-de-antes\/#article","isPartOf":{"@id":"http:\/\/elregionalvm.com.ar\/noticias-villa-maria\/historias-baby-boys-tienda-de-ropa-como-las-de-antes\/"},"author":{"name":"Contenidos El Regional","@id":"http:\/\/elregionalvm.com.ar\/noticias-villa-maria\/#\/schema\/person\/a0fb9c422317faca23d50163151bc354"},"headline":"[Historias] \u201cBaby Boys\u201d, tienda de ropa como las de antes","datePublished":"2021-12-09T01:23:29+00:00","dateModified":"2021-12-10T12:13:16+00:00","mainEntityOfPage":{"@id":"http:\/\/elregionalvm.com.ar\/noticias-villa-maria\/historias-baby-boys-tienda-de-ropa-como-las-de-antes\/"},"wordCount":487,"commentCount":0,"image":{"@id":"http:\/\/elregionalvm.com.ar\/noticias-villa-maria\/historias-baby-boys-tienda-de-ropa-como-las-de-antes\/#primaryimage"},"thumbnailUrl":"https:\/\/elregionalvm.com.ar\/noticias-villa-maria\/wp-content\/uploads\/2021\/12\/bb-001-1.bmp","keywords":["Baby Boys","Comercios","historias","Julio Ben\u00edtez","Recuerdos","Status","Te acord\u00e1s hermano","tienda de ropa","villa maria"],"articleSection":["Historias"],"inLanguage":"es","potentialAction":[{"@type":"CommentAction","name":"Comment","target":["http:\/\/elregionalvm.com.ar\/noticias-villa-maria\/historias-baby-boys-tienda-de-ropa-como-las-de-antes\/#respond"]}]},{"@type":"WebPage","@id":"http:\/\/elregionalvm.com.ar\/noticias-villa-maria\/historias-baby-boys-tienda-de-ropa-como-las-de-antes\/","url":"http:\/\/elregionalvm.com.ar\/noticias-villa-maria\/historias-baby-boys-tienda-de-ropa-como-las-de-antes\/","name":"[Historias] \u201cBaby Boys\u201d, tienda de ropa como las de antes - El Regional","isPartOf":{"@id":"http:\/\/elregionalvm.com.ar\/noticias-villa-maria\/#website"},"primaryImageOfPage":{"@id":"http:\/\/elregionalvm.com.ar\/noticias-villa-maria\/historias-baby-boys-tienda-de-ropa-como-las-de-antes\/#primaryimage"},"image":{"@id":"http:\/\/elregionalvm.com.ar\/noticias-villa-maria\/historias-baby-boys-tienda-de-ropa-como-las-de-antes\/#primaryimage"},"thumbnailUrl":"https:\/\/elregionalvm.com.ar\/noticias-villa-maria\/wp-content\/uploads\/2021\/12\/bb-001-1.bmp","datePublished":"2021-12-09T01:23:29+00:00","dateModified":"2021-12-10T12:13:16+00:00","author":{"@id":"http:\/\/elregionalvm.com.ar\/noticias-villa-maria\/#\/schema\/person\/a0fb9c422317faca23d50163151bc354"},"description":"Baby Boys se inaugura el 14 de octubre de 1957, con domicilio en la calle San Mart\u00edn. Fue creciendo hasta fusionarse con la actual Status.","breadcrumb":{"@id":"http:\/\/elregionalvm.com.ar\/noticias-villa-maria\/historias-baby-boys-tienda-de-ropa-como-las-de-antes\/#breadcrumb"},"inLanguage":"es","potentialAction":[{"@type":"ReadAction","target":["http:\/\/elregionalvm.com.ar\/noticias-villa-maria\/historias-baby-boys-tienda-de-ropa-como-las-de-antes\/"]}]},{"@type":"ImageObject","inLanguage":"es","@id":"http:\/\/elregionalvm.com.ar\/noticias-villa-maria\/historias-baby-boys-tienda-de-ropa-como-las-de-antes\/#primaryimage","url":"https:\/\/elregionalvm.com.ar\/noticias-villa-maria\/wp-content\/uploads\/2021\/12\/bb-001-1.bmp","contentUrl":"https:\/\/elregionalvm.com.ar\/noticias-villa-maria\/wp-content\/uploads\/2021\/12\/bb-001-1.bmp","width":721,"height":531},{"@type":"BreadcrumbList","@id":"http:\/\/elregionalvm.com.ar\/noticias-villa-maria\/historias-baby-boys-tienda-de-ropa-como-las-de-antes\/#breadcrumb","itemListElement":[{"@type":"ListItem","position":1,"name":"Portada","item":"https:\/\/elregionalvm.com.ar\/noticias-villa-maria\/"},{"@type":"ListItem","position":2,"name":"[Historias] \u201cBaby Boys\u201d, tienda de ropa como las de antes"}]},{"@type":"WebSite","@id":"http:\/\/elregionalvm.com.ar\/noticias-villa-maria\/#website","url":"http:\/\/elregionalvm.com.ar\/noticias-villa-maria\/","name":"El Regional","description":"Mucho m\u00e1s que informaci\u00f3n","potentialAction":[{"@type":"SearchAction","target":{"@type":"EntryPoint","urlTemplate":"http:\/\/elregionalvm.com.ar\/noticias-villa-maria\/?s={search_term_string}"},"query-input":{"@type":"PropertyValueSpecification","valueRequired":true,"valueName":"search_term_string"}}],"inLanguage":"es"},{"@type":"Person","@id":"http:\/\/elregionalvm.com.ar\/noticias-villa-maria\/#\/schema\/person\/a0fb9c422317faca23d50163151bc354","name":"Contenidos El Regional","image":{"@type":"ImageObject","inLanguage":"es","@id":"http:\/\/elregionalvm.com.ar\/noticias-villa-maria\/#\/schema\/person\/image\/","url":"https:\/\/secure.gravatar.com\/avatar\/265b27cb2209af7bb3a1318f03305787d7981a5cc6e6cd08fe5a4ecdf99d4b48?s=96&d=mm&r=g","contentUrl":"https:\/\/secure.gravatar.com\/avatar\/265b27cb2209af7bb3a1318f03305787d7981a5cc6e6cd08fe5a4ecdf99d4b48?s=96&d=mm&r=g","caption":"Contenidos El Regional"},"url":"https:\/\/elregionalvm.com.ar\/noticias-villa-maria\/author\/contenido\/"}]}},"jetpack_featured_media_url":"https:\/\/elregionalvm.com.ar\/noticias-villa-maria\/wp-content\/uploads\/2021\/12\/bb-001-1.bmp","jetpack_sharing_enabled":true,"_links":{"self":[{"href":"https:\/\/elregionalvm.com.ar\/noticias-villa-maria\/wp-json\/wp\/v2\/posts\/49358","targetHints":{"allow":["GET"]}}],"collection":[{"href":"https:\/\/elregionalvm.com.ar\/noticias-villa-maria\/wp-json\/wp\/v2\/posts"}],"about":[{"href":"https:\/\/elregionalvm.com.ar\/noticias-villa-maria\/wp-json\/wp\/v2\/types\/post"}],"author":[{"embeddable":true,"href":"https:\/\/elregionalvm.com.ar\/noticias-villa-maria\/wp-json\/wp\/v2\/users\/4"}],"replies":[{"embeddable":true,"href":"https:\/\/elregionalvm.com.ar\/noticias-villa-maria\/wp-json\/wp\/v2\/comments?post=49358"}],"version-history":[{"count":2,"href":"https:\/\/elregionalvm.com.ar\/noticias-villa-maria\/wp-json\/wp\/v2\/posts\/49358\/revisions"}],"predecessor-version":[{"id":49362,"href":"https:\/\/elregionalvm.com.ar\/noticias-villa-maria\/wp-json\/wp\/v2\/posts\/49358\/revisions\/49362"}],"wp:featuredmedia":[{"embeddable":true,"href":"https:\/\/elregionalvm.com.ar\/noticias-villa-maria\/wp-json\/wp\/v2\/media\/49360"}],"wp:attachment":[{"href":"https:\/\/elregionalvm.com.ar\/noticias-villa-maria\/wp-json\/wp\/v2\/media?parent=49358"}],"wp:term":[{"taxonomy":"category","embeddable":true,"href":"https:\/\/elregionalvm.com.ar\/noticias-villa-maria\/wp-json\/wp\/v2\/categories?post=49358"},{"taxonomy":"post_tag","embeddable":true,"href":"https:\/\/elregionalvm.com.ar\/noticias-villa-maria\/wp-json\/wp\/v2\/tags?post=49358"}],"curies":[{"name":"wp","href":"https:\/\/api.w.org\/{rel}","templated":true}]}}